{"id":84930,"date":"2026-04-04T19:58:49","date_gmt":"2026-04-04T18:58:49","guid":{"rendered":"https:\/\/lasentinelle.dz\/?p=84930"},"modified":"2026-04-04T19:58:50","modified_gmt":"2026-04-04T18:58:50","slug":"elections-legislatives-les-partis-en-precampagne","status":"publish","type":"post","link":"https:\/\/lasentinelle.dz\/index.php\/2026\/04\/04\/elections-legislatives-les-partis-en-precampagne\/","title":{"rendered":"\u00c9lections l\u00e9gislatives\u00a0: Les partis en pr\u00e9campagne"},"content":{"rendered":"\n<p>Le paysage politique alg\u00e9rien s&rsquo;est anim\u00e9 ce week-end sur plusieurs fronts simultan\u00e9ment. Pendant que le Front des forces socialistes (FFS) menait une tourn\u00e9e de conf\u00e9rences en Kabylie pour pr\u00e9parer les prochaines \u00e9ch\u00e9ances \u00e9lectorales, le mouvement El Bina tenait \u00e0 Alger un forum th\u00e9matique sur la coh\u00e9sion nationale. A M&rsquo;Chedallah, dans la wilaya de Bouira, o\u00f9 le Premier secr\u00e9taire national du FFS, Youcef Aouchiche, avait ouvert le bal en animant une premi\u00e8re conf\u00e9rence politique devant militants et sympathisants du parti. Le ton \u00e9tait celui d&rsquo;un parti qui veut reprendre pied sur la sc\u00e8ne \u00e9lectorale : le FFS, a d\u00e9clar\u00e9 Aouchiche, \u00ab\u00a0compte participer aux prochaines \u00e9ch\u00e9ances \u00e9lectorales pour reconqu\u00e9rir les espaces d\u00e9mocratiques et r\u00e9pondre aux aspirations des citoyens\u00a0\u00bb. Une formulation qui sonne \u00e0 la fois comme une promesse faite aux militants et comme un message adress\u00e9 \u00e0 ceux qui avaient pu douter de l&rsquo;engagement du parti dans le jeu institutionnel.<\/p>\n\n\n\n<p>\u00c0 Bouira, Aouchiche a \u00e9galement plaid\u00e9 pour \u00ab\u00a0un engagement collectif\u00a0\u00bb afin de \u00ab\u00a0poursuivre le processus d&rsquo;\u00e9dification du pays\u00a0\u00bb et ouvert la question \u00e9conomique, en appelant \u00e0 une \u00e9conomie diversifi\u00e9e. Il a par ailleurs rappel\u00e9 une vieille fiert\u00e9 du parti : le FFS \u00e9tait, a-t-il affirm\u00e9, \u00ab\u00a0le premier parti \u00e0 revendiquer la reconnaissance de Tamazight comme langue nationale et officielle\u00a0\u00bb, une revendication que le parti \u00ab\u00a0a toujours inscrite dans un cadre national\u00a0\u00bb \u2014 mani\u00e8re de souligner la coh\u00e9rence historique d&rsquo;une formation qui f\u00eatera bient\u00f4t six d\u00e9cennies d&rsquo;existence. Dans l&rsquo;apr\u00e8s-midi, la caravane politique du FFS avait poursuivi sa route vers A\u00efn El-Hammam, dans la wilaya de Tizi-Ouzou, o\u00f9 une seconde conf\u00e9rence a \u00e9t\u00e9 organis\u00e9e selon le m\u00eame format. Aouchiche y a r\u00e9affirm\u00e9 la volont\u00e9 du parti de \u00ab\u00a0tracer de nouveaux horizons\u00a0\u00bb et de participer pleinement aux \u00e9lections \u00e0 venir, appelant \u00e0 \u00ab\u00a0l&rsquo;engagement et \u00e0 la participation de tout un chacun\u00a0\u00bb. Cette double \u00e9tape kabyle \u2014 M&rsquo;Chedallah puis A\u00efn El-Hammam \u2014 s&rsquo;inscrit dans une s\u00e9rie de rencontres que la direction du FFS multiplie en ce moment \u00e0 travers plusieurs wilayas du pays, dans une logique clairement pr\u00e9-\u00e9lectorale.<\/p>\n\n\n\n<p>Pendant ce temps, \u00e0 Alger, le mouvement El Bina choisissait un registre diff\u00e9rent. Son pr\u00e9sident, Abdelkader Bengrina, pr\u00e9sidait une conf\u00e9rence th\u00e9matique consacr\u00e9e \u00e0 \u00ab\u00a0la veille strat\u00e9gique et la coh\u00e9sion nationale\u00a0\u00bb, pr\u00e9sent\u00e9es comme \u00ab\u00a0piliers de la stabilit\u00e9 des \u00c9tats et de la pr\u00e9servation de leur souverainet\u00e9\u00a0\u00bb. Bengrina a insist\u00e9 sur le fait que \u00ab\u00a0la coh\u00e9sion nationale constitue un v\u00e9ritable bouclier pour faire face aux d\u00e9fis actuels\u00a0\u00bb. Il a salu\u00e9 la d\u00e9cision du pr\u00e9sident Tebboune relative \u00e0 la r\u00e9gularisation des Alg\u00e9riens en situation irr\u00e9guli\u00e8re \u00e0 l&rsquo;\u00e9tranger, y voyant un acte de \u00ab\u00a0renforcement de l&rsquo;unit\u00e9 et de l&rsquo;immunit\u00e9 de l&rsquo;\u00c9tat\u00a0\u00bb. Il a \u00e9galement mis en avant \u00ab\u00a0le r\u00f4le de l&rsquo;\u00e9quilibre d\u00e9veloppemental\u00a0\u00bb, citant les grands chantiers en cours, dont le m\u00e9gaprojet de la mine de fer de Gara Djebilet et la nouvelle ligne ferroviaire Gara Djebilet-Tindouf-B\u00e9char.<\/p>\n\n\n\n<p><em>H.F.<\/em><\/p>\n","protected":false},"excerpt":{"rendered":"<p>Le paysage politique alg\u00e9rien s&rsquo;est anim\u00e9 ce week-end sur plusieurs fronts simultan\u00e9ment. Pendant que le Front des forces socialistes (FFS)<\/p>\n","protected":false},"author":6,"featured_media":83028,"comment_status":"open","ping_status":"closed","sticky":false,"template":"","format":"standard","meta":{"colormag_page_container_layout":"default_layout","colormag_page_sidebar_layout":"default_layout","om_disable_all_campaigns":false,"_monsterinsights_skip_tracking":false,"_monsterinsights_sitenote_active":false,"_monsterinsights_sitenote_note":"","_monsterinsights_sitenote_category":0,"footnotes":"","_wpscppro_dont_share_socialmedia":false,"_wpscppro_custom_social_share_image":0,"_facebook_share_type":"default","_twitter_share_type":"default","_linkedin_share_type":"default","_pinterest_share_type":"default","_linkedin_share_type_page":"","_instagram_share_type":"default","_medium_share_type":"default","_threads_share_type":"default","_google_business_share_type":"default","_selected_social_profile":[],"_wpsp_enable_custom_social_template":false,"_wpsp_social_scheduling":{"enabled":false,"datetime":null,"platforms":[],"status":"template_only","dateOption":"today","timeOption":"now","customDays":"","customHours":"","customDate":"","customTime":"","schedulingType":"absolute"},"_wpsp_active_default_template":true},"categories":[28],"tags":[],"class_list":["post-84930","post","type-post","status-publish","format-standard","has-post-thumbnail","hentry","category-politique"],"aioseo_notices":[],"yoast_head":"<!-- This site is optimized with the Yoast SEO plugin v27.5 - https:\/\/yoast.com\/product\/yoast-seo-wordpress\/ -->\n<title>\u00c9lections l\u00e9gislatives\u00a0: Les partis en pr\u00e9campagne - La Sentinelle<\/title>\n<meta name=\"robots\" content=\"index, follow, max-snippet:-1, max-image-preview:large, max-video-preview:-1\" \/>\n<link rel=\"canonical\" href=\"https:\/\/lasentinelle.dz\/index.php\/2026\/04\/04\/elections-legislatives-les-partis-en-precampagne\/\" \/>\n<meta property=\"og:locale\" content=\"fr_FR\" \/>\n<meta property=\"og:type\" content=\"article\" \/>\n<meta property=\"og:title\" content=\"\u00c9lections l\u00e9gislatives\u00a0: Les partis en pr\u00e9campagne - La Sentinelle\" \/>\n<meta property=\"og:description\" content=\"Le paysage politique alg\u00e9rien s&rsquo;est anim\u00e9 ce week-end sur plusieurs fronts simultan\u00e9ment. Pendant que le Front des forces socialistes (FFS)\" \/>\n<meta property=\"og:url\" content=\"https:\/\/lasentinelle.dz\/index.php\/2026\/04\/04\/elections-legislatives-les-partis-en-precampagne\/\" \/>\n<meta property=\"og:site_name\" content=\"La Sentinelle\" \/>\n<meta property=\"article:publisher\" content=\"https:\/\/www.facebook.com\/La-Sentinelle-104059864394773\" \/>\n<meta property=\"article:published_time\" content=\"2026-04-04T18:58:49+00:00\" \/>\n<meta property=\"article:modified_time\" content=\"2026-04-04T18:58:50+00:00\" \/>\n<meta property=\"og:image\" content=\"https:\/\/lasentinelle.dz\/wp-content\/uploads\/2026\/03\/Aouchiche.jpg\" \/>\n\t<meta property=\"og:image:width\" content=\"1280\" \/>\n\t<meta property=\"og:image:height\" content=\"720\" \/>\n\t<meta property=\"og:image:type\" content=\"image\/jpeg\" \/>\n<meta name=\"author\" content=\"admin\" \/>\n<meta name=\"twitter:card\" content=\"summary_large_image\" \/>\n<meta name=\"twitter:label1\" content=\"\u00c9crit par\" \/>\n\t<meta name=\"twitter:data1\" content=\"admin\" \/>\n\t<meta name=\"twitter:label2\" content=\"Dur\u00e9e de lecture estim\u00e9e\" \/>\n\t<meta name=\"twitter:data2\" content=\"3 minutes\" \/>\n<script type=\"application\/ld+json\" class=\"yoast-schema-graph\">{\"@context\":\"https:\\\/\\\/schema.org\",\"@graph\":[{\"@type\":\"Article\",\"@id\":\"https:\\\/\\\/lasentinelle.dz\\\/index.php\\\/2026\\\/04\\\/04\\\/elections-legislatives-les-partis-en-precampagne\\\/#article\",\"isPartOf\":{\"@id\":\"https:\\\/\\\/lasentinelle.dz\\\/index.php\\\/2026\\\/04\\\/04\\\/elections-legislatives-les-partis-en-precampagne\\\/\"},\"author\":{\"name\":\"admin\",\"@id\":\"https:\\\/\\\/lasentinelle.dz\\\/#\\\/schema\\\/person\\\/729ee0024f24e0b8c5ec17232f8e8b41\"},\"headline\":\"\u00c9lections l\u00e9gislatives\u00a0: Les partis en pr\u00e9campagne\",\"datePublished\":\"2026-04-04T18:58:49+00:00\",\"dateModified\":\"2026-04-04T18:58:50+00:00\",\"mainEntityOfPage\":{\"@id\":\"https:\\\/\\\/lasentinelle.dz\\\/index.php\\\/2026\\\/04\\\/04\\\/elections-legislatives-les-partis-en-precampagne\\\/\"},\"wordCount\":528,\"commentCount\":0,\"publisher\":{\"@id\":\"https:\\\/\\\/lasentinelle.dz\\\/#organization\"},\"image\":{\"@id\":\"https:\\\/\\\/lasentinelle.dz\\\/index.php\\\/2026\\\/04\\\/04\\\/elections-legislatives-les-partis-en-precampagne\\\/#primaryimage\"},\"thumbnailUrl\":\"https:\\\/\\\/lasentinelle.dz\\\/wp-content\\\/uploads\\\/2026\\\/03\\\/Aouchiche.jpg\",\"articleSection\":[\"Politique\"],\"inLanguage\":\"fr-FR\",\"potentialAction\":[{\"@type\":\"CommentAction\",\"name\":\"Comment\",\"target\":[\"https:\\\/\\\/lasentinelle.dz\\\/index.php\\\/2026\\\/04\\\/04\\\/elections-legislatives-les-partis-en-precampagne\\\/#respond\"]}]},{\"@type\":\"WebPage\",\"@id\":\"https:\\\/\\\/lasentinelle.dz\\\/index.php\\\/2026\\\/04\\\/04\\\/elections-legislatives-les-partis-en-precampagne\\\/\",\"url\":\"https:\\\/\\\/lasentinelle.dz\\\/index.php\\\/2026\\\/04\\\/04\\\/elections-legislatives-les-partis-en-precampagne\\\/\",\"name\":\"\u00c9lections l\u00e9gislatives\u00a0: Les partis en pr\u00e9campagne - La Sentinelle\",\"isPartOf\":{\"@id\":\"https:\\\/\\\/lasentinelle.dz\\\/#website\"},\"primaryImageOfPage\":{\"@id\":\"https:\\\/\\\/lasentinelle.dz\\\/index.php\\\/2026\\\/04\\\/04\\\/elections-legislatives-les-partis-en-precampagne\\\/#primaryimage\"},\"image\":{\"@id\":\"https:\\\/\\\/lasentinelle.dz\\\/index.php\\\/2026\\\/04\\\/04\\\/elections-legislatives-les-partis-en-precampagne\\\/#primaryimage\"},\"thumbnailUrl\":\"https:\\\/\\\/lasentinelle.dz\\\/wp-content\\\/uploads\\\/2026\\\/03\\\/Aouchiche.jpg\",\"datePublished\":\"2026-04-04T18:58:49+00:00\",\"dateModified\":\"2026-04-04T18:58:50+00:00\",\"breadcrumb\":{\"@id\":\"https:\\\/\\\/lasentinelle.dz\\\/index.php\\\/2026\\\/04\\\/04\\\/elections-legislatives-les-partis-en-precampagne\\\/#breadcrumb\"},\"inLanguage\":\"fr-FR\",\"potentialAction\":[{\"@type\":\"ReadAction\",\"target\":[\"https:\\\/\\\/lasentinelle.dz\\\/index.php\\\/2026\\\/04\\\/04\\\/elections-legislatives-les-partis-en-precampagne\\\/\"]}]},{\"@type\":\"ImageObject\",\"inLanguage\":\"fr-FR\",\"@id\":\"https:\\\/\\\/lasentinelle.dz\\\/index.php\\\/2026\\\/04\\\/04\\\/elections-legislatives-les-partis-en-precampagne\\\/#primaryimage\",\"url\":\"https:\\\/\\\/lasentinelle.dz\\\/wp-content\\\/uploads\\\/2026\\\/03\\\/Aouchiche.jpg\",\"contentUrl\":\"https:\\\/\\\/lasentinelle.dz\\\/wp-content\\\/uploads\\\/2026\\\/03\\\/Aouchiche.jpg\",\"width\":1280,\"height\":720},{\"@type\":\"BreadcrumbList\",\"@id\":\"https:\\\/\\\/lasentinelle.dz\\\/index.php\\\/2026\\\/04\\\/04\\\/elections-legislatives-les-partis-en-precampagne\\\/#breadcrumb\",\"itemListElement\":[{\"@type\":\"ListItem\",\"position\":1,\"name\":\"Accueil\",\"item\":\"https:\\\/\\\/lasentinelle.dz\\\/\"},{\"@type\":\"ListItem\",\"position\":2,\"name\":\"\u00c9lections l\u00e9gislatives\u00a0: Les partis en pr\u00e9campagne\"}]},{\"@type\":\"WebSite\",\"@id\":\"https:\\\/\\\/lasentinelle.dz\\\/#website\",\"url\":\"https:\\\/\\\/lasentinelle.dz\\\/\",\"name\":\"La Sentinelle\",\"description\":\"Quotidien national d&#039;information\",\"publisher\":{\"@id\":\"https:\\\/\\\/lasentinelle.dz\\\/#organization\"},\"potentialAction\":[{\"@type\":\"SearchAction\",\"target\":{\"@type\":\"EntryPoint\",\"urlTemplate\":\"https:\\\/\\\/lasentinelle.dz\\\/?s={search_term_string}\"},\"query-input\":{\"@type\":\"PropertyValueSpecification\",\"valueRequired\":true,\"valueName\":\"search_term_string\"}}],\"inLanguage\":\"fr-FR\"},{\"@type\":\"Organization\",\"@id\":\"https:\\\/\\\/lasentinelle.dz\\\/#organization\",\"name\":\"Quotidien La Sentinelle\",\"url\":\"https:\\\/\\\/lasentinelle.dz\\\/\",\"logo\":{\"@type\":\"ImageObject\",\"inLanguage\":\"fr-FR\",\"@id\":\"https:\\\/\\\/lasentinelle.dz\\\/#\\\/schema\\\/logo\\\/image\\\/\",\"url\":\"https:\\\/\\\/lasentinelle.dz\\\/wp-content\\\/uploads\\\/2021\\\/09\\\/logo-sentinelleSLOGAN-1.png\",\"contentUrl\":\"https:\\\/\\\/lasentinelle.dz\\\/wp-content\\\/uploads\\\/2021\\\/09\\\/logo-sentinelleSLOGAN-1.png\",\"width\":615,\"height\":142,\"caption\":\"Quotidien La Sentinelle\"},\"image\":{\"@id\":\"https:\\\/\\\/lasentinelle.dz\\\/#\\\/schema\\\/logo\\\/image\\\/\"},\"sameAs\":[\"https:\\\/\\\/www.facebook.com\\\/La-Sentinelle-104059864394773\"]},{\"@type\":\"Person\",\"@id\":\"https:\\\/\\\/lasentinelle.dz\\\/#\\\/schema\\\/person\\\/729ee0024f24e0b8c5ec17232f8e8b41\",\"name\":\"admin\",\"image\":{\"@type\":\"ImageObject\",\"inLanguage\":\"fr-FR\",\"@id\":\"https:\\\/\\\/secure.gravatar.com\\\/avatar\\\/4c81fed838786e9b53f540bf46533e750f5d292099ae3b66cfc6fb1982e29df7?s=96&d=mm&r=g\",\"url\":\"https:\\\/\\\/secure.gravatar.com\\\/avatar\\\/4c81fed838786e9b53f540bf46533e750f5d292099ae3b66cfc6fb1982e29df7?s=96&d=mm&r=g\",\"contentUrl\":\"https:\\\/\\\/secure.gravatar.com\\\/avatar\\\/4c81fed838786e9b53f540bf46533e750f5d292099ae3b66cfc6fb1982e29df7?s=96&d=mm&r=g\",\"caption\":\"admin\"},\"description\":\"admin\",\"url\":\"https:\\\/\\\/lasentinelle.dz\\\/author\\\/admin\\\/\"}]}<\/script>\n<!-- \/ Yoast SEO plugin. -->","yoast_head_json":{"title":"\u00c9lections l\u00e9gislatives\u00a0: Les partis en pr\u00e9campagne - La Sentinelle","robots":{"index":"index","follow":"follow","max-snippet":"max-snippet:-1","max-image-preview":"max-image-preview:large","max-video-preview":"max-video-preview:-1"},"canonical":"https:\/\/lasentinelle.dz\/index.php\/2026\/04\/04\/elections-legislatives-les-partis-en-precampagne\/","og_locale":"fr_FR","og_type":"article","og_title":"\u00c9lections l\u00e9gislatives\u00a0: Les partis en pr\u00e9campagne - La Sentinelle","og_description":"Le paysage politique alg\u00e9rien s&rsquo;est anim\u00e9 ce week-end sur plusieurs fronts simultan\u00e9ment. Pendant que le Front des forces socialistes (FFS)","og_url":"https:\/\/lasentinelle.dz\/index.php\/2026\/04\/04\/elections-legislatives-les-partis-en-precampagne\/","og_site_name":"La Sentinelle","article_publisher":"https:\/\/www.facebook.com\/La-Sentinelle-104059864394773","article_published_time":"2026-04-04T18:58:49+00:00","article_modified_time":"2026-04-04T18:58:50+00:00","og_image":[{"width":1280,"height":720,"url":"https:\/\/lasentinelle.dz\/wp-content\/uploads\/2026\/03\/Aouchiche.jpg","type":"image\/jpeg"}],"author":"admin","twitter_card":"summary_large_image","twitter_misc":{"\u00c9crit par":"admin","Dur\u00e9e de lecture estim\u00e9e":"3 minutes"},"schema":{"@context":"https:\/\/schema.org","@graph":[{"@type":"Article","@id":"https:\/\/lasentinelle.dz\/index.php\/2026\/04\/04\/elections-legislatives-les-partis-en-precampagne\/#article","isPartOf":{"@id":"https:\/\/lasentinelle.dz\/index.php\/2026\/04\/04\/elections-legislatives-les-partis-en-precampagne\/"},"author":{"name":"admin","@id":"https:\/\/lasentinelle.dz\/#\/schema\/person\/729ee0024f24e0b8c5ec17232f8e8b41"},"headline":"\u00c9lections l\u00e9gislatives\u00a0: Les partis en pr\u00e9campagne","datePublished":"2026-04-04T18:58:49+00:00","dateModified":"2026-04-04T18:58:50+00:00","mainEntityOfPage":{"@id":"https:\/\/lasentinelle.dz\/index.php\/2026\/04\/04\/elections-legislatives-les-partis-en-precampagne\/"},"wordCount":528,"commentCount":0,"publisher":{"@id":"https:\/\/lasentinelle.dz\/#organization"},"image":{"@id":"https:\/\/lasentinelle.dz\/index.php\/2026\/04\/04\/elections-legislatives-les-partis-en-precampagne\/#primaryimage"},"thumbnailUrl":"https:\/\/lasentinelle.dz\/wp-content\/uploads\/2026\/03\/Aouchiche.jpg","articleSection":["Politique"],"inLanguage":"fr-FR","potentialAction":[{"@type":"CommentAction","name":"Comment","target":["https:\/\/lasentinelle.dz\/index.php\/2026\/04\/04\/elections-legislatives-les-partis-en-precampagne\/#respond"]}]},{"@type":"WebPage","@id":"https:\/\/lasentinelle.dz\/index.php\/2026\/04\/04\/elections-legislatives-les-partis-en-precampagne\/","url":"https:\/\/lasentinelle.dz\/index.php\/2026\/04\/04\/elections-legislatives-les-partis-en-precampagne\/","name":"\u00c9lections l\u00e9gislatives\u00a0: Les partis en pr\u00e9campagne - La Sentinelle","isPartOf":{"@id":"https:\/\/lasentinelle.dz\/#website"},"primaryImageOfPage":{"@id":"https:\/\/lasentinelle.dz\/index.php\/2026\/04\/04\/elections-legislatives-les-partis-en-precampagne\/#primaryimage"},"image":{"@id":"https:\/\/lasentinelle.dz\/index.php\/2026\/04\/04\/elections-legislatives-les-partis-en-precampagne\/#primaryimage"},"thumbnailUrl":"https:\/\/lasentinelle.dz\/wp-content\/uploads\/2026\/03\/Aouchiche.jpg","datePublished":"2026-04-04T18:58:49+00:00","dateModified":"2026-04-04T18:58:50+00:00","breadcrumb":{"@id":"https:\/\/lasentinelle.dz\/index.php\/2026\/04\/04\/elections-legislatives-les-partis-en-precampagne\/#breadcrumb"},"inLanguage":"fr-FR","potentialAction":[{"@type":"ReadAction","target":["https:\/\/lasentinelle.dz\/index.php\/2026\/04\/04\/elections-legislatives-les-partis-en-precampagne\/"]}]},{"@type":"ImageObject","inLanguage":"fr-FR","@id":"https:\/\/lasentinelle.dz\/index.php\/2026\/04\/04\/elections-legislatives-les-partis-en-precampagne\/#primaryimage","url":"https:\/\/lasentinelle.dz\/wp-content\/uploads\/2026\/03\/Aouchiche.jpg","contentUrl":"https:\/\/lasentinelle.dz\/wp-content\/uploads\/2026\/03\/Aouchiche.jpg","width":1280,"height":720},{"@type":"BreadcrumbList","@id":"https:\/\/lasentinelle.dz\/index.php\/2026\/04\/04\/elections-legislatives-les-partis-en-precampagne\/#breadcrumb","itemListElement":[{"@type":"ListItem","position":1,"name":"Accueil","item":"https:\/\/lasentinelle.dz\/"},{"@type":"ListItem","position":2,"name":"\u00c9lections l\u00e9gislatives\u00a0: Les partis en pr\u00e9campagne"}]},{"@type":"WebSite","@id":"https:\/\/lasentinelle.dz\/#website","url":"https:\/\/lasentinelle.dz\/","name":"La Sentinelle","description":"Quotidien national d&#039;information","publisher":{"@id":"https:\/\/lasentinelle.dz\/#organization"},"potentialAction":[{"@type":"SearchAction","target":{"@type":"EntryPoint","urlTemplate":"https:\/\/lasentinelle.dz\/?s={search_term_string}"},"query-input":{"@type":"PropertyValueSpecification","valueRequired":true,"valueName":"search_term_string"}}],"inLanguage":"fr-FR"},{"@type":"Organization","@id":"https:\/\/lasentinelle.dz\/#organization","name":"Quotidien La Sentinelle","url":"https:\/\/lasentinelle.dz\/","logo":{"@type":"ImageObject","inLanguage":"fr-FR","@id":"https:\/\/lasentinelle.dz\/#\/schema\/logo\/image\/","url":"https:\/\/lasentinelle.dz\/wp-content\/uploads\/2021\/09\/logo-sentinelleSLOGAN-1.png","contentUrl":"https:\/\/lasentinelle.dz\/wp-content\/uploads\/2021\/09\/logo-sentinelleSLOGAN-1.png","width":615,"height":142,"caption":"Quotidien La Sentinelle"},"image":{"@id":"https:\/\/lasentinelle.dz\/#\/schema\/logo\/image\/"},"sameAs":["https:\/\/www.facebook.com\/La-Sentinelle-104059864394773"]},{"@type":"Person","@id":"https:\/\/lasentinelle.dz\/#\/schema\/person\/729ee0024f24e0b8c5ec17232f8e8b41","name":"admin","image":{"@type":"ImageObject","inLanguage":"fr-FR","@id":"https:\/\/secure.gravatar.com\/avatar\/4c81fed838786e9b53f540bf46533e750f5d292099ae3b66cfc6fb1982e29df7?s=96&d=mm&r=g","url":"https:\/\/secure.gravatar.com\/avatar\/4c81fed838786e9b53f540bf46533e750f5d292099ae3b66cfc6fb1982e29df7?s=96&d=mm&r=g","contentUrl":"https:\/\/secure.gravatar.com\/avatar\/4c81fed838786e9b53f540bf46533e750f5d292099ae3b66cfc6fb1982e29df7?s=96&d=mm&r=g","caption":"admin"},"description":"admin","url":"https:\/\/lasentinelle.dz\/author\/admin\/"}]}},"_links":{"self":[{"href":"https:\/\/lasentinelle.dz\/index.php\/wp-json\/wp\/v2\/posts\/84930","targetHints":{"allow":["GET"]}}],"collection":[{"href":"https:\/\/lasentinelle.dz\/index.php\/wp-json\/wp\/v2\/posts"}],"about":[{"href":"https:\/\/lasentinelle.dz\/index.php\/wp-json\/wp\/v2\/types\/post"}],"author":[{"embeddable":true,"href":"https:\/\/lasentinelle.dz\/index.php\/wp-json\/wp\/v2\/users\/6"}],"replies":[{"embeddable":true,"href":"https:\/\/lasentinelle.dz\/index.php\/wp-json\/wp\/v2\/comments?post=84930"}],"version-history":[{"count":1,"href":"https:\/\/lasentinelle.dz\/index.php\/wp-json\/wp\/v2\/posts\/84930\/revisions"}],"predecessor-version":[{"id":84931,"href":"https:\/\/lasentinelle.dz\/index.php\/wp-json\/wp\/v2\/posts\/84930\/revisions\/84931"}],"wp:featuredmedia":[{"embeddable":true,"href":"https:\/\/lasentinelle.dz\/index.php\/wp-json\/wp\/v2\/media\/83028"}],"wp:attachment":[{"href":"https:\/\/lasentinelle.dz\/index.php\/wp-json\/wp\/v2\/media?parent=84930"}],"wp:term":[{"taxonomy":"category","embeddable":true,"href":"https:\/\/lasentinelle.dz\/index.php\/wp-json\/wp\/v2\/categories?post=84930"},{"taxonomy":"post_tag","embeddable":true,"href":"https:\/\/lasentinelle.dz\/index.php\/wp-json\/wp\/v2\/tags?post=84930"}],"curies":[{"name":"wp","href":"https:\/\/api.w.org\/{rel}","templated":true}]}}