{"id":84935,"date":"2026-04-04T20:01:11","date_gmt":"2026-04-04T19:01:11","guid":{"rendered":"https:\/\/lasentinelle.dz\/?p=84935"},"modified":"2026-04-04T20:01:12","modified_gmt":"2026-04-04T19:01:12","slug":"ligne-miniere-est-les-chantiers-tournent-a-plein-regime","status":"publish","type":"post","link":"https:\/\/lasentinelle.dz\/index.php\/2026\/04\/04\/ligne-miniere-est-les-chantiers-tournent-a-plein-regime\/","title":{"rendered":"Ligne mini\u00e8re Est\u00a0: Les chantiers tournent \u00e0 plein r\u00e9gime"},"content":{"rendered":"\n<p>Les travaux du projet de ligne mini\u00e8re Est, qui reliera sur 422 kilom\u00e8tres les wilayas d&rsquo;Annaba et de T\u00e9bessa, se poursuivent \u00ab \u00e0 une cadence acc\u00e9l\u00e9r\u00e9e \u00bb, annonce ce samedi le minist\u00e8re des Travaux publics et des Infrastructures de base dans un communiqu\u00e9. Le texte insiste sur \u00ab la mobilisation de toutes les capacit\u00e9s mat\u00e9rielles et humaines, conform\u00e9ment aux instructions du ministre du secteur, Abdelkader Djellaoui, visant \u00e0 acc\u00e9l\u00e9rer la cadence de r\u00e9alisation et \u00e0 renforcer le travail continu sur le terrain, afin de livrer le projet dans les d\u00e9lais impartis \u00bb. Les \u00e9quipes travaillent d\u00e9sormais de nuit. Les entreprises nationales mobilis\u00e9es sont Cosider Travaux Publics, Cosider Ouvrages d&rsquo;Art, l&rsquo;entreprise de r\u00e9alisation des infrastructures ferroviaires Infrafer et l&rsquo;entreprise Sero-Est, \u00ab aux c\u00f4t\u00e9s du partenaire \u00e9tranger \u00bb, pr\u00e9cise le minist\u00e8re sans davantage de d\u00e9tails sur l&rsquo;identit\u00e9 de ce dernier. Sur le terrain, les interventions couvrent plusieurs fronts simultan\u00e9ment. Les travaux de pose de voie ferr\u00e9e progressent sur le tron\u00e7on Dr\u00e9a-Oued Kebrit, long de trente kilom\u00e8tres, avec des chantiers nocturnes au point kilom\u00e9trique 50. \u00c0 la gare d&rsquo;El Hadjar, Cosider Travaux Publics poursuit le soudage des rails et le bourrage des voies au PK 26, pendant qu&rsquo;Infrafer m\u00e8ne en parall\u00e8le des interventions nocturnes au PK 24 ainsi que des op\u00e9rations de soudage \u00e9lectrique des rails et d&rsquo;ach\u00e8vement du drainage transversal dans la m\u00eame gare. Le g\u00e9nie civil avance de son c\u00f4t\u00e9 sur plusieurs ouvrages d&rsquo;art : creusement du tunnel N\u00b02, forage des pieux du pont N\u00b09, coulage de b\u00e9ton pour le pont N\u00b036 et le troisi\u00e8me niveau du pont N\u00b04, pose de supports m\u00e9talliques pour le sout\u00e8nement provisoire \u00e0 la sortie du tunnel N\u00b08. Sero-Est, quant \u00e0 elle, r\u00e9alise les structures m\u00e9talliques des ponts sup\u00e9rieurs aux PK 36 et PK 21. \u00ab Ce qui t\u00e9moigne de l&rsquo;avancement notable des diff\u00e9rentes composantes du projet \u00bb, conclut le communiqu\u00e9.<\/p>\n\n\n\n<p>Cette effervescence sur les chantiers s&rsquo;explique par une \u00e9ch\u00e9ance pr\u00e9sidentielle grav\u00e9e dans le marbre. Le pr\u00e9sident Tebboune a fix\u00e9 un calendrier ferme : la premi\u00e8re cargaison de phosphate transform\u00e9 doit quitter le port d&rsquo;Annaba avant la fin de l&rsquo;ann\u00e9e 2026, au plus tard d\u00e9but 2027. Le lancement officiel du projet de mine de phosphate lui-m\u00eame est attendu d\u00e8s ce mois d&rsquo;avril. Sans cette art\u00e8re ferroviaire, les responsables du secteur ont eux-m\u00eames reconnu que l&rsquo;exploitation \u00e0 grande \u00e9chelle des gisements demeurerait, selon leurs propres termes, \u00ab de l&rsquo;ordre de l&rsquo;impossible \u00bb.<\/p>\n\n\n\n<p>L&rsquo;enjeu d\u00e9passe largement la logistique ferroviaire. Le phosphate alg\u00e9rien, class\u00e9 parmi les plus importants gisements mondiaux, est au c\u0153ur d&rsquo;un m\u00e9ga-projet industriel int\u00e9gr\u00e9 visant une capacit\u00e9 annuelle de six millions de tonnes d&rsquo;engrais et de produits d\u00e9riv\u00e9s. L&rsquo;ambition affich\u00e9e est de faire de l&rsquo;Alg\u00e9rie un acteur de premier plan sur un march\u00e9 mondial sous tension, port\u00e9 par les inqui\u00e9tudes croissantes autour de la s\u00e9curit\u00e9 alimentaire mondiale. La ligne mini\u00e8re Est n&rsquo;est d&rsquo;ailleurs qu&rsquo;un maillon d&rsquo;un dispositif industriel plus large : le gisement de fer de Gara Djebilet \u2014 avec une ambition de dix millions de tonnes de concentr\u00e9 par an \u2014 et le projet zinc-plomb de B\u00e9ja\u00efa compl\u00e8tent un tableau qui vise \u00e0 repositionner le pays sur la carte mini\u00e8re r\u00e9gionale et internationale.<\/p>\n\n\n\n<p>Derri\u00e8re ces projets, c&rsquo;est une ambition macro\u00e9conomique pr\u00e9cise qui se profile : porter le PIB national \u00e0 400 milliards de dollars d&rsquo;ici 2027. Cet objectif impose une acc\u00e9l\u00e9ration sans pr\u00e9c\u00e9dent de la mise en \u0153uvre des grands chantiers miniers, principal levier d&rsquo;une diversification \u00e9conomique que l&rsquo;Alg\u00e9rie appelle de ses v\u0153ux depuis des d\u00e9cennies.<\/p>\n\n\n\n<p>Amar Malki<\/p>\n","protected":false},"excerpt":{"rendered":"<p>Les travaux du projet de ligne mini\u00e8re Est, qui reliera sur 422 kilom\u00e8tres les wilayas d&rsquo;Annaba et de T\u00e9bessa, se<\/p>\n","protected":false},"author":6,"featured_media":79282,"comment_status":"open","ping_status":"closed","sticky":false,"template":"","format":"standard","meta":{"colormag_page_container_layout":"default_layout","colormag_page_sidebar_layout":"default_layout","om_disable_all_campaigns":false,"_monsterinsights_skip_tracking":false,"_monsterinsights_sitenote_active":false,"_monsterinsights_sitenote_note":"","_monsterinsights_sitenote_category":0,"footnotes":"","_wpscppro_dont_share_socialmedia":false,"_wpscppro_custom_social_share_image":0,"_facebook_share_type":"default","_twitter_share_type":"default","_linkedin_share_type":"default","_pinterest_share_type":"default","_linkedin_share_type_page":"","_instagram_share_type":"default","_medium_share_type":"default","_threads_share_type":"default","_google_business_share_type":"default","_selected_social_profile":[],"_wpsp_enable_custom_social_template":false,"_wpsp_social_scheduling":{"enabled":false,"datetime":null,"platforms":[],"status":"template_only","dateOption":"today","timeOption":"now","customDays":"","customHours":"","customDate":"","customTime":"","schedulingType":"absolute"},"_wpsp_active_default_template":true},"categories":[29],"tags":[],"class_list":["post-84935","post","type-post","status-publish","format-standard","has-post-thumbnail","hentry","category-economie"],"aioseo_notices":[],"yoast_head":"<!-- This site is optimized with the Yoast SEO plugin v27.5 - https:\/\/yoast.com\/product\/yoast-seo-wordpress\/ -->\n<title>Ligne mini\u00e8re Est\u00a0: Les chantiers tournent \u00e0 plein r\u00e9gime - La Sentinelle<\/title>\n<meta name=\"robots\" content=\"index, follow, max-snippet:-1, max-image-preview:large, max-video-preview:-1\" \/>\n<link rel=\"canonical\" href=\"https:\/\/lasentinelle.dz\/index.php\/2026\/04\/04\/ligne-miniere-est-les-chantiers-tournent-a-plein-regime\/\" \/>\n<meta property=\"og:locale\" content=\"fr_FR\" \/>\n<meta property=\"og:type\" content=\"article\" \/>\n<meta property=\"og:title\" content=\"Ligne mini\u00e8re Est\u00a0: Les chantiers tournent \u00e0 plein r\u00e9gime - La Sentinelle\" \/>\n<meta property=\"og:description\" content=\"Les travaux du projet de ligne mini\u00e8re Est, qui reliera sur 422 kilom\u00e8tres les wilayas d&rsquo;Annaba et de T\u00e9bessa, se\" \/>\n<meta property=\"og:url\" content=\"https:\/\/lasentinelle.dz\/index.php\/2026\/04\/04\/ligne-miniere-est-les-chantiers-tournent-a-plein-regime\/\" \/>\n<meta property=\"og:site_name\" content=\"La Sentinelle\" \/>\n<meta property=\"article:publisher\" content=\"https:\/\/www.facebook.com\/La-Sentinelle-104059864394773\" \/>\n<meta property=\"article:published_time\" content=\"2026-04-04T19:01:11+00:00\" \/>\n<meta property=\"article:modified_time\" content=\"2026-04-04T19:01:12+00:00\" \/>\n<meta property=\"og:image\" content=\"https:\/\/lasentinelle.dz\/wp-content\/uploads\/2026\/01\/Ligne-ferroviaire.jpg\" \/>\n\t<meta property=\"og:image:width\" content=\"855\" \/>\n\t<meta property=\"og:image:height\" content=\"516\" \/>\n\t<meta property=\"og:image:type\" content=\"image\/jpeg\" \/>\n<meta name=\"author\" content=\"admin\" \/>\n<meta name=\"twitter:card\" content=\"summary_large_image\" \/>\n<meta name=\"twitter:label1\" content=\"\u00c9crit par\" \/>\n\t<meta name=\"twitter:data1\" content=\"admin\" \/>\n\t<meta name=\"twitter:label2\" content=\"Dur\u00e9e de lecture estim\u00e9e\" \/>\n\t<meta name=\"twitter:data2\" content=\"4 minutes\" \/>\n<script type=\"application\/ld+json\" class=\"yoast-schema-graph\">{\"@context\":\"https:\\\/\\\/schema.org\",\"@graph\":[{\"@type\":\"Article\",\"@id\":\"https:\\\/\\\/lasentinelle.dz\\\/index.php\\\/2026\\\/04\\\/04\\\/ligne-miniere-est-les-chantiers-tournent-a-plein-regime\\\/#article\",\"isPartOf\":{\"@id\":\"https:\\\/\\\/lasentinelle.dz\\\/index.php\\\/2026\\\/04\\\/04\\\/ligne-miniere-est-les-chantiers-tournent-a-plein-regime\\\/\"},\"author\":{\"name\":\"admin\",\"@id\":\"https:\\\/\\\/lasentinelle.dz\\\/#\\\/schema\\\/person\\\/729ee0024f24e0b8c5ec17232f8e8b41\"},\"headline\":\"Ligne mini\u00e8re Est\u00a0: Les chantiers tournent \u00e0 plein r\u00e9gime\",\"datePublished\":\"2026-04-04T19:01:11+00:00\",\"dateModified\":\"2026-04-04T19:01:12+00:00\",\"mainEntityOfPage\":{\"@id\":\"https:\\\/\\\/lasentinelle.dz\\\/index.php\\\/2026\\\/04\\\/04\\\/ligne-miniere-est-les-chantiers-tournent-a-plein-regime\\\/\"},\"wordCount\":660,\"commentCount\":0,\"publisher\":{\"@id\":\"https:\\\/\\\/lasentinelle.dz\\\/#organization\"},\"image\":{\"@id\":\"https:\\\/\\\/lasentinelle.dz\\\/index.php\\\/2026\\\/04\\\/04\\\/ligne-miniere-est-les-chantiers-tournent-a-plein-regime\\\/#primaryimage\"},\"thumbnailUrl\":\"https:\\\/\\\/lasentinelle.dz\\\/wp-content\\\/uploads\\\/2026\\\/01\\\/Ligne-ferroviaire.jpg\",\"articleSection\":[\"\u00c9conomie\"],\"inLanguage\":\"fr-FR\",\"potentialAction\":[{\"@type\":\"CommentAction\",\"name\":\"Comment\",\"target\":[\"https:\\\/\\\/lasentinelle.dz\\\/index.php\\\/2026\\\/04\\\/04\\\/ligne-miniere-est-les-chantiers-tournent-a-plein-regime\\\/#respond\"]}]},{\"@type\":\"WebPage\",\"@id\":\"https:\\\/\\\/lasentinelle.dz\\\/index.php\\\/2026\\\/04\\\/04\\\/ligne-miniere-est-les-chantiers-tournent-a-plein-regime\\\/\",\"url\":\"https:\\\/\\\/lasentinelle.dz\\\/index.php\\\/2026\\\/04\\\/04\\\/ligne-miniere-est-les-chantiers-tournent-a-plein-regime\\\/\",\"name\":\"Ligne mini\u00e8re Est\u00a0: Les chantiers tournent \u00e0 plein r\u00e9gime - La Sentinelle\",\"isPartOf\":{\"@id\":\"https:\\\/\\\/lasentinelle.dz\\\/#website\"},\"primaryImageOfPage\":{\"@id\":\"https:\\\/\\\/lasentinelle.dz\\\/index.php\\\/2026\\\/04\\\/04\\\/ligne-miniere-est-les-chantiers-tournent-a-plein-regime\\\/#primaryimage\"},\"image\":{\"@id\":\"https:\\\/\\\/lasentinelle.dz\\\/index.php\\\/2026\\\/04\\\/04\\\/ligne-miniere-est-les-chantiers-tournent-a-plein-regime\\\/#primaryimage\"},\"thumbnailUrl\":\"https:\\\/\\\/lasentinelle.dz\\\/wp-content\\\/uploads\\\/2026\\\/01\\\/Ligne-ferroviaire.jpg\",\"datePublished\":\"2026-04-04T19:01:11+00:00\",\"dateModified\":\"2026-04-04T19:01:12+00:00\",\"breadcrumb\":{\"@id\":\"https:\\\/\\\/lasentinelle.dz\\\/index.php\\\/2026\\\/04\\\/04\\\/ligne-miniere-est-les-chantiers-tournent-a-plein-regime\\\/#breadcrumb\"},\"inLanguage\":\"fr-FR\",\"potentialAction\":[{\"@type\":\"ReadAction\",\"target\":[\"https:\\\/\\\/lasentinelle.dz\\\/index.php\\\/2026\\\/04\\\/04\\\/ligne-miniere-est-les-chantiers-tournent-a-plein-regime\\\/\"]}]},{\"@type\":\"ImageObject\",\"inLanguage\":\"fr-FR\",\"@id\":\"https:\\\/\\\/lasentinelle.dz\\\/index.php\\\/2026\\\/04\\\/04\\\/ligne-miniere-est-les-chantiers-tournent-a-plein-regime\\\/#primaryimage\",\"url\":\"https:\\\/\\\/lasentinelle.dz\\\/wp-content\\\/uploads\\\/2026\\\/01\\\/Ligne-ferroviaire.jpg\",\"contentUrl\":\"https:\\\/\\\/lasentinelle.dz\\\/wp-content\\\/uploads\\\/2026\\\/01\\\/Ligne-ferroviaire.jpg\",\"width\":855,\"height\":516},{\"@type\":\"BreadcrumbList\",\"@id\":\"https:\\\/\\\/lasentinelle.dz\\\/index.php\\\/2026\\\/04\\\/04\\\/ligne-miniere-est-les-chantiers-tournent-a-plein-regime\\\/#breadcrumb\",\"itemListElement\":[{\"@type\":\"ListItem\",\"position\":1,\"name\":\"Accueil\",\"item\":\"https:\\\/\\\/lasentinelle.dz\\\/\"},{\"@type\":\"ListItem\",\"position\":2,\"name\":\"Ligne mini\u00e8re Est\u00a0: Les chantiers tournent \u00e0 plein r\u00e9gime\"}]},{\"@type\":\"WebSite\",\"@id\":\"https:\\\/\\\/lasentinelle.dz\\\/#website\",\"url\":\"https:\\\/\\\/lasentinelle.dz\\\/\",\"name\":\"La Sentinelle\",\"description\":\"Quotidien national d&#039;information\",\"publisher\":{\"@id\":\"https:\\\/\\\/lasentinelle.dz\\\/#organization\"},\"potentialAction\":[{\"@type\":\"SearchAction\",\"target\":{\"@type\":\"EntryPoint\",\"urlTemplate\":\"https:\\\/\\\/lasentinelle.dz\\\/?s={search_term_string}\"},\"query-input\":{\"@type\":\"PropertyValueSpecification\",\"valueRequired\":true,\"valueName\":\"search_term_string\"}}],\"inLanguage\":\"fr-FR\"},{\"@type\":\"Organization\",\"@id\":\"https:\\\/\\\/lasentinelle.dz\\\/#organization\",\"name\":\"Quotidien La Sentinelle\",\"url\":\"https:\\\/\\\/lasentinelle.dz\\\/\",\"logo\":{\"@type\":\"ImageObject\",\"inLanguage\":\"fr-FR\",\"@id\":\"https:\\\/\\\/lasentinelle.dz\\\/#\\\/schema\\\/logo\\\/image\\\/\",\"url\":\"https:\\\/\\\/lasentinelle.dz\\\/wp-content\\\/uploads\\\/2021\\\/09\\\/logo-sentinelleSLOGAN-1.png\",\"contentUrl\":\"https:\\\/\\\/lasentinelle.dz\\\/wp-content\\\/uploads\\\/2021\\\/09\\\/logo-sentinelleSLOGAN-1.png\",\"width\":615,\"height\":142,\"caption\":\"Quotidien La Sentinelle\"},\"image\":{\"@id\":\"https:\\\/\\\/lasentinelle.dz\\\/#\\\/schema\\\/logo\\\/image\\\/\"},\"sameAs\":[\"https:\\\/\\\/www.facebook.com\\\/La-Sentinelle-104059864394773\"]},{\"@type\":\"Person\",\"@id\":\"https:\\\/\\\/lasentinelle.dz\\\/#\\\/schema\\\/person\\\/729ee0024f24e0b8c5ec17232f8e8b41\",\"name\":\"admin\",\"image\":{\"@type\":\"ImageObject\",\"inLanguage\":\"fr-FR\",\"@id\":\"https:\\\/\\\/secure.gravatar.com\\\/avatar\\\/4c81fed838786e9b53f540bf46533e750f5d292099ae3b66cfc6fb1982e29df7?s=96&d=mm&r=g\",\"url\":\"https:\\\/\\\/secure.gravatar.com\\\/avatar\\\/4c81fed838786e9b53f540bf46533e750f5d292099ae3b66cfc6fb1982e29df7?s=96&d=mm&r=g\",\"contentUrl\":\"https:\\\/\\\/secure.gravatar.com\\\/avatar\\\/4c81fed838786e9b53f540bf46533e750f5d292099ae3b66cfc6fb1982e29df7?s=96&d=mm&r=g\",\"caption\":\"admin\"},\"description\":\"admin\",\"url\":\"https:\\\/\\\/lasentinelle.dz\\\/author\\\/admin\\\/\"}]}<\/script>\n<!-- \/ Yoast SEO plugin. -->","yoast_head_json":{"title":"Ligne mini\u00e8re Est\u00a0: Les chantiers tournent \u00e0 plein r\u00e9gime - La Sentinelle","robots":{"index":"index","follow":"follow","max-snippet":"max-snippet:-1","max-image-preview":"max-image-preview:large","max-video-preview":"max-video-preview:-1"},"canonical":"https:\/\/lasentinelle.dz\/index.php\/2026\/04\/04\/ligne-miniere-est-les-chantiers-tournent-a-plein-regime\/","og_locale":"fr_FR","og_type":"article","og_title":"Ligne mini\u00e8re Est\u00a0: Les chantiers tournent \u00e0 plein r\u00e9gime - La Sentinelle","og_description":"Les travaux du projet de ligne mini\u00e8re Est, qui reliera sur 422 kilom\u00e8tres les wilayas d&rsquo;Annaba et de T\u00e9bessa, se","og_url":"https:\/\/lasentinelle.dz\/index.php\/2026\/04\/04\/ligne-miniere-est-les-chantiers-tournent-a-plein-regime\/","og_site_name":"La Sentinelle","article_publisher":"https:\/\/www.facebook.com\/La-Sentinelle-104059864394773","article_published_time":"2026-04-04T19:01:11+00:00","article_modified_time":"2026-04-04T19:01:12+00:00","og_image":[{"width":855,"height":516,"url":"https:\/\/lasentinelle.dz\/wp-content\/uploads\/2026\/01\/Ligne-ferroviaire.jpg","type":"image\/jpeg"}],"author":"admin","twitter_card":"summary_large_image","twitter_misc":{"\u00c9crit par":"admin","Dur\u00e9e de lecture estim\u00e9e":"4 minutes"},"schema":{"@context":"https:\/\/schema.org","@graph":[{"@type":"Article","@id":"https:\/\/lasentinelle.dz\/index.php\/2026\/04\/04\/ligne-miniere-est-les-chantiers-tournent-a-plein-regime\/#article","isPartOf":{"@id":"https:\/\/lasentinelle.dz\/index.php\/2026\/04\/04\/ligne-miniere-est-les-chantiers-tournent-a-plein-regime\/"},"author":{"name":"admin","@id":"https:\/\/lasentinelle.dz\/#\/schema\/person\/729ee0024f24e0b8c5ec17232f8e8b41"},"headline":"Ligne mini\u00e8re Est\u00a0: Les chantiers tournent \u00e0 plein r\u00e9gime","datePublished":"2026-04-04T19:01:11+00:00","dateModified":"2026-04-04T19:01:12+00:00","mainEntityOfPage":{"@id":"https:\/\/lasentinelle.dz\/index.php\/2026\/04\/04\/ligne-miniere-est-les-chantiers-tournent-a-plein-regime\/"},"wordCount":660,"commentCount":0,"publisher":{"@id":"https:\/\/lasentinelle.dz\/#organization"},"image":{"@id":"https:\/\/lasentinelle.dz\/index.php\/2026\/04\/04\/ligne-miniere-est-les-chantiers-tournent-a-plein-regime\/#primaryimage"},"thumbnailUrl":"https:\/\/lasentinelle.dz\/wp-content\/uploads\/2026\/01\/Ligne-ferroviaire.jpg","articleSection":["\u00c9conomie"],"inLanguage":"fr-FR","potentialAction":[{"@type":"CommentAction","name":"Comment","target":["https:\/\/lasentinelle.dz\/index.php\/2026\/04\/04\/ligne-miniere-est-les-chantiers-tournent-a-plein-regime\/#respond"]}]},{"@type":"WebPage","@id":"https:\/\/lasentinelle.dz\/index.php\/2026\/04\/04\/ligne-miniere-est-les-chantiers-tournent-a-plein-regime\/","url":"https:\/\/lasentinelle.dz\/index.php\/2026\/04\/04\/ligne-miniere-est-les-chantiers-tournent-a-plein-regime\/","name":"Ligne mini\u00e8re Est\u00a0: Les chantiers tournent \u00e0 plein r\u00e9gime - La Sentinelle","isPartOf":{"@id":"https:\/\/lasentinelle.dz\/#website"},"primaryImageOfPage":{"@id":"https:\/\/lasentinelle.dz\/index.php\/2026\/04\/04\/ligne-miniere-est-les-chantiers-tournent-a-plein-regime\/#primaryimage"},"image":{"@id":"https:\/\/lasentinelle.dz\/index.php\/2026\/04\/04\/ligne-miniere-est-les-chantiers-tournent-a-plein-regime\/#primaryimage"},"thumbnailUrl":"https:\/\/lasentinelle.dz\/wp-content\/uploads\/2026\/01\/Ligne-ferroviaire.jpg","datePublished":"2026-04-04T19:01:11+00:00","dateModified":"2026-04-04T19:01:12+00:00","breadcrumb":{"@id":"https:\/\/lasentinelle.dz\/index.php\/2026\/04\/04\/ligne-miniere-est-les-chantiers-tournent-a-plein-regime\/#breadcrumb"},"inLanguage":"fr-FR","potentialAction":[{"@type":"ReadAction","target":["https:\/\/lasentinelle.dz\/index.php\/2026\/04\/04\/ligne-miniere-est-les-chantiers-tournent-a-plein-regime\/"]}]},{"@type":"ImageObject","inLanguage":"fr-FR","@id":"https:\/\/lasentinelle.dz\/index.php\/2026\/04\/04\/ligne-miniere-est-les-chantiers-tournent-a-plein-regime\/#primaryimage","url":"https:\/\/lasentinelle.dz\/wp-content\/uploads\/2026\/01\/Ligne-ferroviaire.jpg","contentUrl":"https:\/\/lasentinelle.dz\/wp-content\/uploads\/2026\/01\/Ligne-ferroviaire.jpg","width":855,"height":516},{"@type":"BreadcrumbList","@id":"https:\/\/lasentinelle.dz\/index.php\/2026\/04\/04\/ligne-miniere-est-les-chantiers-tournent-a-plein-regime\/#breadcrumb","itemListElement":[{"@type":"ListItem","position":1,"name":"Accueil","item":"https:\/\/lasentinelle.dz\/"},{"@type":"ListItem","position":2,"name":"Ligne mini\u00e8re Est\u00a0: Les chantiers tournent \u00e0 plein r\u00e9gime"}]},{"@type":"WebSite","@id":"https:\/\/lasentinelle.dz\/#website","url":"https:\/\/lasentinelle.dz\/","name":"La Sentinelle","description":"Quotidien national d&#039;information","publisher":{"@id":"https:\/\/lasentinelle.dz\/#organization"},"potentialAction":[{"@type":"SearchAction","target":{"@type":"EntryPoint","urlTemplate":"https:\/\/lasentinelle.dz\/?s={search_term_string}"},"query-input":{"@type":"PropertyValueSpecification","valueRequired":true,"valueName":"search_term_string"}}],"inLanguage":"fr-FR"},{"@type":"Organization","@id":"https:\/\/lasentinelle.dz\/#organization","name":"Quotidien La Sentinelle","url":"https:\/\/lasentinelle.dz\/","logo":{"@type":"ImageObject","inLanguage":"fr-FR","@id":"https:\/\/lasentinelle.dz\/#\/schema\/logo\/image\/","url":"https:\/\/lasentinelle.dz\/wp-content\/uploads\/2021\/09\/logo-sentinelleSLOGAN-1.png","contentUrl":"https:\/\/lasentinelle.dz\/wp-content\/uploads\/2021\/09\/logo-sentinelleSLOGAN-1.png","width":615,"height":142,"caption":"Quotidien La Sentinelle"},"image":{"@id":"https:\/\/lasentinelle.dz\/#\/schema\/logo\/image\/"},"sameAs":["https:\/\/www.facebook.com\/La-Sentinelle-104059864394773"]},{"@type":"Person","@id":"https:\/\/lasentinelle.dz\/#\/schema\/person\/729ee0024f24e0b8c5ec17232f8e8b41","name":"admin","image":{"@type":"ImageObject","inLanguage":"fr-FR","@id":"https:\/\/secure.gravatar.com\/avatar\/4c81fed838786e9b53f540bf46533e750f5d292099ae3b66cfc6fb1982e29df7?s=96&d=mm&r=g","url":"https:\/\/secure.gravatar.com\/avatar\/4c81fed838786e9b53f540bf46533e750f5d292099ae3b66cfc6fb1982e29df7?s=96&d=mm&r=g","contentUrl":"https:\/\/secure.gravatar.com\/avatar\/4c81fed838786e9b53f540bf46533e750f5d292099ae3b66cfc6fb1982e29df7?s=96&d=mm&r=g","caption":"admin"},"description":"admin","url":"https:\/\/lasentinelle.dz\/author\/admin\/"}]}},"_links":{"self":[{"href":"https:\/\/lasentinelle.dz\/index.php\/wp-json\/wp\/v2\/posts\/84935","targetHints":{"allow":["GET"]}}],"collection":[{"href":"https:\/\/lasentinelle.dz\/index.php\/wp-json\/wp\/v2\/posts"}],"about":[{"href":"https:\/\/lasentinelle.dz\/index.php\/wp-json\/wp\/v2\/types\/post"}],"author":[{"embeddable":true,"href":"https:\/\/lasentinelle.dz\/index.php\/wp-json\/wp\/v2\/users\/6"}],"replies":[{"embeddable":true,"href":"https:\/\/lasentinelle.dz\/index.php\/wp-json\/wp\/v2\/comments?post=84935"}],"version-history":[{"count":1,"href":"https:\/\/lasentinelle.dz\/index.php\/wp-json\/wp\/v2\/posts\/84935\/revisions"}],"predecessor-version":[{"id":84936,"href":"https:\/\/lasentinelle.dz\/index.php\/wp-json\/wp\/v2\/posts\/84935\/revisions\/84936"}],"wp:featuredmedia":[{"embeddable":true,"href":"https:\/\/lasentinelle.dz\/index.php\/wp-json\/wp\/v2\/media\/79282"}],"wp:attachment":[{"href":"https:\/\/lasentinelle.dz\/index.php\/wp-json\/wp\/v2\/media?parent=84935"}],"wp:term":[{"taxonomy":"category","embeddable":true,"href":"https:\/\/lasentinelle.dz\/index.php\/wp-json\/wp\/v2\/categories?post=84935"},{"taxonomy":"post_tag","embeddable":true,"href":"https:\/\/lasentinelle.dz\/index.php\/wp-json\/wp\/v2\/tags?post=84935"}],"curies":[{"name":"wp","href":"https:\/\/api.w.org\/{rel}","templated":true}]}}