{"id":84937,"date":"2026-04-04T20:01:54","date_gmt":"2026-04-04T19:01:54","guid":{"rendered":"https:\/\/lasentinelle.dz\/?p=84937"},"modified":"2026-04-04T20:01:55","modified_gmt":"2026-04-04T19:01:55","slug":"allocation-chomage-un-nouveau-cadre-de-formation-pour-les-beneficiaires","status":"publish","type":"post","link":"https:\/\/lasentinelle.dz\/index.php\/2026\/04\/04\/allocation-chomage-un-nouveau-cadre-de-formation-pour-les-beneficiaires\/","title":{"rendered":"Allocation ch\u00f4mage\u00a0: Un nouveau cadre de formation pour les b\u00e9n\u00e9ficiaires"},"content":{"rendered":"\n<p>Les b\u00e9n\u00e9ficiaires de l&rsquo;allocation ch\u00f4mage disposeront d\u00e9sormais d&rsquo;un acc\u00e8s \u00e9largi \u00e0 la formation professionnelle, ciblant prioritairement les m\u00e9tiers d\u00e9ficitaires sur le march\u00e9 du travail. L&rsquo;arr\u00eat\u00e9 interminist\u00e9riel du 27 Cha\u00e2bane 1447 correspondant au 15 f\u00e9vrier 2026, sign\u00e9 par le ministre du Travail Abdelhak Saihi et la ministre de la Formation professionnelle Nacima Arhab, fixe un nouveau cadre pour am\u00e9liorer l&#8217;employabilit\u00e9 des demandeurs d&#8217;emploi tout en r\u00e9pondant aux besoins des entreprises. Ce texte, qui abroge l&rsquo;arr\u00eat\u00e9 du 24 mars 2022, s&rsquo;inscrit dans l&rsquo;application du d\u00e9cret ex\u00e9cutif n\u00b0 22-70 du 10 f\u00e9vrier 2022 relatif \u00e0 l&rsquo;allocation ch\u00f4mage. Il vise selon son article premier \u00e0 \u00ab\u00a0fixer les conditions et les modalit\u00e9s d&rsquo;organisation de la formation au profit des b\u00e9n\u00e9ficiaires de l&rsquo;allocation ch\u00f4mage\u00a0\u00bb. Deux cat\u00e9gories sont particuli\u00e8rement concern\u00e9es : les primo-demandeurs d&#8217;emploi et les d\u00e9tenus ayant purg\u00e9 leur peine, deux publics pour lesquels l&rsquo;insertion professionnelle constitue un enjeu majeur.<\/p>\n\n\n\n<p>L&rsquo;arr\u00eat\u00e9 introduit une approche pragmatique en orientant les formations vers les besoins r\u00e9els du march\u00e9. Comme le pr\u00e9cise l&rsquo;article 4, \u00ab\u00a0les formations qualifiantes ou dipl\u00f4mantes sont organis\u00e9es, selon le cas, notamment dans les m\u00e9tiers d\u00e9ficitaires sur le march\u00e9 du travail\u00a0\u00bb. Cette orientation strat\u00e9gique doit permettre de r\u00e9duire l&rsquo;inad\u00e9quation entre l&rsquo;offre de comp\u00e9tences et la demande des employeurs, probl\u00e9matique r\u00e9currente dans le syst\u00e8me d&#8217;emploi alg\u00e9rien. Le dispositif repose sur une coordination renforc\u00e9e entre l&rsquo;Agence nationale de l&#8217;emploi et le secteur de la formation professionnelle. L&rsquo;article 5 confie \u00e0 l&rsquo;ANEM la mission \u00ab\u00a0d&rsquo;identifier et de d\u00e9finir la liste des m\u00e9tiers, notamment les m\u00e9tiers d\u00e9ficitaires sur le march\u00e9 du travail, pouvant faire l&rsquo;objet d&rsquo;une formation qualifiante ou dipl\u00f4mante\u00a0\u00bb. Cette liste sera ensuite transmise aux services du minist\u00e8re de la Formation professionnelle, qui organisera les sessions de formation en cons\u00e9quence.<\/p>\n\n\n\n<p>Les b\u00e9n\u00e9ficiaires conserveront leur allocation ch\u00f4mage pendant toute la dur\u00e9e de leur formation. L&rsquo;article 4 garantit que \u00ab\u00a0les concern\u00e9s b\u00e9n\u00e9ficient d&rsquo;une allocation ch\u00f4mage pour une dur\u00e9e d&rsquo;une ann\u00e9e renouvelable, conform\u00e9ment \u00e0 la r\u00e9glementation en vigueur pendant la p\u00e9riode de la formation\u00a0\u00bb. Cette disposition devrait lever un frein financier majeur \u00e0 la reconversion professionnelle.<\/p>\n\n\n\n<p>Le texte ouvre \u00e9galement le choix des \u00e9tablissements de formation. Selon l&rsquo;article 8, \u00ab\u00a0les b\u00e9n\u00e9ficiaires de l&rsquo;allocation ch\u00f4mage peuvent acc\u00e9der \u00e0 une formation qualifiante ou dipl\u00f4mante au niveau des \u00e9tablissements publics ou priv\u00e9s agr\u00e9\u00e9s de formation et d&rsquo;enseignement professionnels\u00a0\u00bb. Cette libert\u00e9 de choix s&rsquo;accompagne toutefois d&rsquo;une obligation d&rsquo;information aupr\u00e8s de l&rsquo;ANEM. La dimension territoriale n&rsquo;est pas n\u00e9glig\u00e9e. L&rsquo;article 9 pr\u00e9voit que le secteur de la formation professionnelle organise les sessions \u00ab\u00a0en tenant compte des besoins du march\u00e9 du travail et des sp\u00e9cificit\u00e9s de chaque wilaya\u00a0\u00bb. Cette approche d\u00e9centralis\u00e9e devrait permettre une meilleure ad\u00e9quation entre les formations propos\u00e9es et les r\u00e9alit\u00e9s \u00e9conomiques locales.<\/p>\n\n\n\n<p>Le dispositif s&rsquo;appuie sur les outils num\u00e9riques. L&rsquo;article 6 mentionne la transmission des listes de candidats \u00ab\u00a0par tout moyen, y compris via la plate-forme num\u00e9rique d\u00e9di\u00e9e\u00a0\u00bb, t\u00e9moignant d&rsquo;une volont\u00e9 de modernisation administrative. De m\u00eame, l&rsquo;article 10 impose \u00e0 l&rsquo;ANEM d&rsquo;informer les b\u00e9n\u00e9ficiaires \u00ab\u00a0par tous les moyens disponibles\u00a0\u00bb du lieu et du calendrier de leur formation. La dur\u00e9e et le contenu des formations restent conformes \u00e0 la r\u00e9glementation sectorielle en vigueur. L&rsquo;article 12 pr\u00e9cise que la formation sera \u00ab\u00a0sanctionn\u00e9e par des certificats d\u00e9livr\u00e9s par les \u00e9tablissements de la formation professionnelle concern\u00e9s\u00a0\u00bb, garantissant ainsi une reconnaissance officielle des comp\u00e9tences acquises. Ce nouveau cadre r\u00e9glementaire traduit une ambition : transformer la p\u00e9riode de ch\u00f4mage en opportunit\u00e9 de mont\u00e9e en comp\u00e9tences, particuli\u00e8rement dans les secteurs o\u00f9 les employeurs peinent \u00e0 recruter.<\/p>\n\n\n\n<p>Lyna Larbi<\/p>\n","protected":false},"excerpt":{"rendered":"<p>Les b\u00e9n\u00e9ficiaires de l&rsquo;allocation ch\u00f4mage disposeront d\u00e9sormais d&rsquo;un acc\u00e8s \u00e9largi \u00e0 la formation professionnelle, ciblant prioritairement les m\u00e9tiers d\u00e9ficitaires sur<\/p>\n","protected":false},"author":6,"featured_media":17819,"comment_status":"open","ping_status":"closed","sticky":false,"template":"","format":"standard","meta":{"colormag_page_container_layout":"default_layout","colormag_page_sidebar_layout":"default_layout","om_disable_all_campaigns":false,"_monsterinsights_skip_tracking":false,"_monsterinsights_sitenote_active":false,"_monsterinsights_sitenote_note":"","_monsterinsights_sitenote_category":0,"footnotes":"","_wpscppro_dont_share_socialmedia":false,"_wpscppro_custom_social_share_image":0,"_facebook_share_type":"default","_twitter_share_type":"default","_linkedin_share_type":"default","_pinterest_share_type":"default","_linkedin_share_type_page":"","_instagram_share_type":"default","_medium_share_type":"default","_threads_share_type":"default","_google_business_share_type":"default","_selected_social_profile":[],"_wpsp_enable_custom_social_template":false,"_wpsp_social_scheduling":{"enabled":false,"datetime":null,"platforms":[],"status":"template_only","dateOption":"today","timeOption":"now","customDays":"","customHours":"","customDate":"","customTime":"","schedulingType":"absolute"},"_wpsp_active_default_template":true},"categories":[27],"tags":[],"class_list":["post-84937","post","type-post","status-publish","format-standard","has-post-thumbnail","hentry","category-actualite"],"aioseo_notices":[],"yoast_head":"<!-- This site is optimized with the Yoast SEO plugin v27.5 - https:\/\/yoast.com\/product\/yoast-seo-wordpress\/ -->\n<title>Allocation ch\u00f4mage\u00a0: Un nouveau cadre de formation pour les b\u00e9n\u00e9ficiaires - La Sentinelle<\/title>\n<meta name=\"robots\" content=\"index, follow, max-snippet:-1, max-image-preview:large, max-video-preview:-1\" \/>\n<link rel=\"canonical\" href=\"https:\/\/lasentinelle.dz\/index.php\/2026\/04\/04\/allocation-chomage-un-nouveau-cadre-de-formation-pour-les-beneficiaires\/\" \/>\n<meta property=\"og:locale\" content=\"fr_FR\" \/>\n<meta property=\"og:type\" content=\"article\" \/>\n<meta property=\"og:title\" content=\"Allocation ch\u00f4mage\u00a0: Un nouveau cadre de formation pour les b\u00e9n\u00e9ficiaires - La Sentinelle\" \/>\n<meta property=\"og:description\" content=\"Les b\u00e9n\u00e9ficiaires de l&rsquo;allocation ch\u00f4mage disposeront d\u00e9sormais d&rsquo;un acc\u00e8s \u00e9largi \u00e0 la formation professionnelle, ciblant prioritairement les m\u00e9tiers d\u00e9ficitaires sur\" \/>\n<meta property=\"og:url\" content=\"https:\/\/lasentinelle.dz\/index.php\/2026\/04\/04\/allocation-chomage-un-nouveau-cadre-de-formation-pour-les-beneficiaires\/\" \/>\n<meta property=\"og:site_name\" content=\"La Sentinelle\" \/>\n<meta property=\"article:publisher\" content=\"https:\/\/www.facebook.com\/La-Sentinelle-104059864394773\" \/>\n<meta property=\"article:published_time\" content=\"2026-04-04T19:01:54+00:00\" \/>\n<meta property=\"article:modified_time\" content=\"2026-04-04T19:01:55+00:00\" \/>\n<meta property=\"og:image\" content=\"https:\/\/lasentinelle.dz\/wp-content\/uploads\/2022\/03\/anem-1.png\" \/>\n\t<meta property=\"og:image:width\" content=\"1445\" \/>\n\t<meta property=\"og:image:height\" content=\"900\" \/>\n\t<meta property=\"og:image:type\" content=\"image\/png\" \/>\n<meta name=\"author\" content=\"admin\" \/>\n<meta name=\"twitter:card\" content=\"summary_large_image\" \/>\n<meta name=\"twitter:label1\" content=\"\u00c9crit par\" \/>\n\t<meta name=\"twitter:data1\" content=\"admin\" \/>\n\t<meta name=\"twitter:label2\" content=\"Dur\u00e9e de lecture estim\u00e9e\" \/>\n\t<meta name=\"twitter:data2\" content=\"4 minutes\" \/>\n<script type=\"application\/ld+json\" class=\"yoast-schema-graph\">{\"@context\":\"https:\\\/\\\/schema.org\",\"@graph\":[{\"@type\":\"Article\",\"@id\":\"https:\\\/\\\/lasentinelle.dz\\\/index.php\\\/2026\\\/04\\\/04\\\/allocation-chomage-un-nouveau-cadre-de-formation-pour-les-beneficiaires\\\/#article\",\"isPartOf\":{\"@id\":\"https:\\\/\\\/lasentinelle.dz\\\/index.php\\\/2026\\\/04\\\/04\\\/allocation-chomage-un-nouveau-cadre-de-formation-pour-les-beneficiaires\\\/\"},\"author\":{\"name\":\"admin\",\"@id\":\"https:\\\/\\\/lasentinelle.dz\\\/#\\\/schema\\\/person\\\/729ee0024f24e0b8c5ec17232f8e8b41\"},\"headline\":\"Allocation ch\u00f4mage\u00a0: Un nouveau cadre de formation pour les b\u00e9n\u00e9ficiaires\",\"datePublished\":\"2026-04-04T19:01:54+00:00\",\"dateModified\":\"2026-04-04T19:01:55+00:00\",\"mainEntityOfPage\":{\"@id\":\"https:\\\/\\\/lasentinelle.dz\\\/index.php\\\/2026\\\/04\\\/04\\\/allocation-chomage-un-nouveau-cadre-de-formation-pour-les-beneficiaires\\\/\"},\"wordCount\":696,\"commentCount\":0,\"publisher\":{\"@id\":\"https:\\\/\\\/lasentinelle.dz\\\/#organization\"},\"image\":{\"@id\":\"https:\\\/\\\/lasentinelle.dz\\\/index.php\\\/2026\\\/04\\\/04\\\/allocation-chomage-un-nouveau-cadre-de-formation-pour-les-beneficiaires\\\/#primaryimage\"},\"thumbnailUrl\":\"https:\\\/\\\/lasentinelle.dz\\\/wp-content\\\/uploads\\\/2022\\\/03\\\/anem-1.png\",\"articleSection\":[\"Actualit\u00e9\"],\"inLanguage\":\"fr-FR\",\"potentialAction\":[{\"@type\":\"CommentAction\",\"name\":\"Comment\",\"target\":[\"https:\\\/\\\/lasentinelle.dz\\\/index.php\\\/2026\\\/04\\\/04\\\/allocation-chomage-un-nouveau-cadre-de-formation-pour-les-beneficiaires\\\/#respond\"]}]},{\"@type\":\"WebPage\",\"@id\":\"https:\\\/\\\/lasentinelle.dz\\\/index.php\\\/2026\\\/04\\\/04\\\/allocation-chomage-un-nouveau-cadre-de-formation-pour-les-beneficiaires\\\/\",\"url\":\"https:\\\/\\\/lasentinelle.dz\\\/index.php\\\/2026\\\/04\\\/04\\\/allocation-chomage-un-nouveau-cadre-de-formation-pour-les-beneficiaires\\\/\",\"name\":\"Allocation ch\u00f4mage\u00a0: Un nouveau cadre de formation pour les b\u00e9n\u00e9ficiaires - La Sentinelle\",\"isPartOf\":{\"@id\":\"https:\\\/\\\/lasentinelle.dz\\\/#website\"},\"primaryImageOfPage\":{\"@id\":\"https:\\\/\\\/lasentinelle.dz\\\/index.php\\\/2026\\\/04\\\/04\\\/allocation-chomage-un-nouveau-cadre-de-formation-pour-les-beneficiaires\\\/#primaryimage\"},\"image\":{\"@id\":\"https:\\\/\\\/lasentinelle.dz\\\/index.php\\\/2026\\\/04\\\/04\\\/allocation-chomage-un-nouveau-cadre-de-formation-pour-les-beneficiaires\\\/#primaryimage\"},\"thumbnailUrl\":\"https:\\\/\\\/lasentinelle.dz\\\/wp-content\\\/uploads\\\/2022\\\/03\\\/anem-1.png\",\"datePublished\":\"2026-04-04T19:01:54+00:00\",\"dateModified\":\"2026-04-04T19:01:55+00:00\",\"breadcrumb\":{\"@id\":\"https:\\\/\\\/lasentinelle.dz\\\/index.php\\\/2026\\\/04\\\/04\\\/allocation-chomage-un-nouveau-cadre-de-formation-pour-les-beneficiaires\\\/#breadcrumb\"},\"inLanguage\":\"fr-FR\",\"potentialAction\":[{\"@type\":\"ReadAction\",\"target\":[\"https:\\\/\\\/lasentinelle.dz\\\/index.php\\\/2026\\\/04\\\/04\\\/allocation-chomage-un-nouveau-cadre-de-formation-pour-les-beneficiaires\\\/\"]}]},{\"@type\":\"ImageObject\",\"inLanguage\":\"fr-FR\",\"@id\":\"https:\\\/\\\/lasentinelle.dz\\\/index.php\\\/2026\\\/04\\\/04\\\/allocation-chomage-un-nouveau-cadre-de-formation-pour-les-beneficiaires\\\/#primaryimage\",\"url\":\"https:\\\/\\\/lasentinelle.dz\\\/wp-content\\\/uploads\\\/2022\\\/03\\\/anem-1.png\",\"contentUrl\":\"https:\\\/\\\/lasentinelle.dz\\\/wp-content\\\/uploads\\\/2022\\\/03\\\/anem-1.png\",\"width\":1445,\"height\":900},{\"@type\":\"BreadcrumbList\",\"@id\":\"https:\\\/\\\/lasentinelle.dz\\\/index.php\\\/2026\\\/04\\\/04\\\/allocation-chomage-un-nouveau-cadre-de-formation-pour-les-beneficiaires\\\/#breadcrumb\",\"itemListElement\":[{\"@type\":\"ListItem\",\"position\":1,\"name\":\"Accueil\",\"item\":\"https:\\\/\\\/lasentinelle.dz\\\/\"},{\"@type\":\"ListItem\",\"position\":2,\"name\":\"Allocation ch\u00f4mage\u00a0: Un nouveau cadre de formation pour les b\u00e9n\u00e9ficiaires\"}]},{\"@type\":\"WebSite\",\"@id\":\"https:\\\/\\\/lasentinelle.dz\\\/#website\",\"url\":\"https:\\\/\\\/lasentinelle.dz\\\/\",\"name\":\"La Sentinelle\",\"description\":\"Quotidien national d&#039;information\",\"publisher\":{\"@id\":\"https:\\\/\\\/lasentinelle.dz\\\/#organization\"},\"potentialAction\":[{\"@type\":\"SearchAction\",\"target\":{\"@type\":\"EntryPoint\",\"urlTemplate\":\"https:\\\/\\\/lasentinelle.dz\\\/?s={search_term_string}\"},\"query-input\":{\"@type\":\"PropertyValueSpecification\",\"valueRequired\":true,\"valueName\":\"search_term_string\"}}],\"inLanguage\":\"fr-FR\"},{\"@type\":\"Organization\",\"@id\":\"https:\\\/\\\/lasentinelle.dz\\\/#organization\",\"name\":\"Quotidien La Sentinelle\",\"url\":\"https:\\\/\\\/lasentinelle.dz\\\/\",\"logo\":{\"@type\":\"ImageObject\",\"inLanguage\":\"fr-FR\",\"@id\":\"https:\\\/\\\/lasentinelle.dz\\\/#\\\/schema\\\/logo\\\/image\\\/\",\"url\":\"https:\\\/\\\/lasentinelle.dz\\\/wp-content\\\/uploads\\\/2021\\\/09\\\/logo-sentinelleSLOGAN-1.png\",\"contentUrl\":\"https:\\\/\\\/lasentinelle.dz\\\/wp-content\\\/uploads\\\/2021\\\/09\\\/logo-sentinelleSLOGAN-1.png\",\"width\":615,\"height\":142,\"caption\":\"Quotidien La Sentinelle\"},\"image\":{\"@id\":\"https:\\\/\\\/lasentinelle.dz\\\/#\\\/schema\\\/logo\\\/image\\\/\"},\"sameAs\":[\"https:\\\/\\\/www.facebook.com\\\/La-Sentinelle-104059864394773\"]},{\"@type\":\"Person\",\"@id\":\"https:\\\/\\\/lasentinelle.dz\\\/#\\\/schema\\\/person\\\/729ee0024f24e0b8c5ec17232f8e8b41\",\"name\":\"admin\",\"image\":{\"@type\":\"ImageObject\",\"inLanguage\":\"fr-FR\",\"@id\":\"https:\\\/\\\/secure.gravatar.com\\\/avatar\\\/4c81fed838786e9b53f540bf46533e750f5d292099ae3b66cfc6fb1982e29df7?s=96&d=mm&r=g\",\"url\":\"https:\\\/\\\/secure.gravatar.com\\\/avatar\\\/4c81fed838786e9b53f540bf46533e750f5d292099ae3b66cfc6fb1982e29df7?s=96&d=mm&r=g\",\"contentUrl\":\"https:\\\/\\\/secure.gravatar.com\\\/avatar\\\/4c81fed838786e9b53f540bf46533e750f5d292099ae3b66cfc6fb1982e29df7?s=96&d=mm&r=g\",\"caption\":\"admin\"},\"description\":\"admin\",\"url\":\"https:\\\/\\\/lasentinelle.dz\\\/author\\\/admin\\\/\"}]}<\/script>\n<!-- \/ Yoast SEO plugin. -->","yoast_head_json":{"title":"Allocation ch\u00f4mage\u00a0: Un nouveau cadre de formation pour les b\u00e9n\u00e9ficiaires - La Sentinelle","robots":{"index":"index","follow":"follow","max-snippet":"max-snippet:-1","max-image-preview":"max-image-preview:large","max-video-preview":"max-video-preview:-1"},"canonical":"https:\/\/lasentinelle.dz\/index.php\/2026\/04\/04\/allocation-chomage-un-nouveau-cadre-de-formation-pour-les-beneficiaires\/","og_locale":"fr_FR","og_type":"article","og_title":"Allocation ch\u00f4mage\u00a0: Un nouveau cadre de formation pour les b\u00e9n\u00e9ficiaires - La Sentinelle","og_description":"Les b\u00e9n\u00e9ficiaires de l&rsquo;allocation ch\u00f4mage disposeront d\u00e9sormais d&rsquo;un acc\u00e8s \u00e9largi \u00e0 la formation professionnelle, ciblant prioritairement les m\u00e9tiers d\u00e9ficitaires sur","og_url":"https:\/\/lasentinelle.dz\/index.php\/2026\/04\/04\/allocation-chomage-un-nouveau-cadre-de-formation-pour-les-beneficiaires\/","og_site_name":"La Sentinelle","article_publisher":"https:\/\/www.facebook.com\/La-Sentinelle-104059864394773","article_published_time":"2026-04-04T19:01:54+00:00","article_modified_time":"2026-04-04T19:01:55+00:00","og_image":[{"width":1445,"height":900,"url":"https:\/\/lasentinelle.dz\/wp-content\/uploads\/2022\/03\/anem-1.png","type":"image\/png"}],"author":"admin","twitter_card":"summary_large_image","twitter_misc":{"\u00c9crit par":"admin","Dur\u00e9e de lecture estim\u00e9e":"4 minutes"},"schema":{"@context":"https:\/\/schema.org","@graph":[{"@type":"Article","@id":"https:\/\/lasentinelle.dz\/index.php\/2026\/04\/04\/allocation-chomage-un-nouveau-cadre-de-formation-pour-les-beneficiaires\/#article","isPartOf":{"@id":"https:\/\/lasentinelle.dz\/index.php\/2026\/04\/04\/allocation-chomage-un-nouveau-cadre-de-formation-pour-les-beneficiaires\/"},"author":{"name":"admin","@id":"https:\/\/lasentinelle.dz\/#\/schema\/person\/729ee0024f24e0b8c5ec17232f8e8b41"},"headline":"Allocation ch\u00f4mage\u00a0: Un nouveau cadre de formation pour les b\u00e9n\u00e9ficiaires","datePublished":"2026-04-04T19:01:54+00:00","dateModified":"2026-04-04T19:01:55+00:00","mainEntityOfPage":{"@id":"https:\/\/lasentinelle.dz\/index.php\/2026\/04\/04\/allocation-chomage-un-nouveau-cadre-de-formation-pour-les-beneficiaires\/"},"wordCount":696,"commentCount":0,"publisher":{"@id":"https:\/\/lasentinelle.dz\/#organization"},"image":{"@id":"https:\/\/lasentinelle.dz\/index.php\/2026\/04\/04\/allocation-chomage-un-nouveau-cadre-de-formation-pour-les-beneficiaires\/#primaryimage"},"thumbnailUrl":"https:\/\/lasentinelle.dz\/wp-content\/uploads\/2022\/03\/anem-1.png","articleSection":["Actualit\u00e9"],"inLanguage":"fr-FR","potentialAction":[{"@type":"CommentAction","name":"Comment","target":["https:\/\/lasentinelle.dz\/index.php\/2026\/04\/04\/allocation-chomage-un-nouveau-cadre-de-formation-pour-les-beneficiaires\/#respond"]}]},{"@type":"WebPage","@id":"https:\/\/lasentinelle.dz\/index.php\/2026\/04\/04\/allocation-chomage-un-nouveau-cadre-de-formation-pour-les-beneficiaires\/","url":"https:\/\/lasentinelle.dz\/index.php\/2026\/04\/04\/allocation-chomage-un-nouveau-cadre-de-formation-pour-les-beneficiaires\/","name":"Allocation ch\u00f4mage\u00a0: Un nouveau cadre de formation pour les b\u00e9n\u00e9ficiaires - La Sentinelle","isPartOf":{"@id":"https:\/\/lasentinelle.dz\/#website"},"primaryImageOfPage":{"@id":"https:\/\/lasentinelle.dz\/index.php\/2026\/04\/04\/allocation-chomage-un-nouveau-cadre-de-formation-pour-les-beneficiaires\/#primaryimage"},"image":{"@id":"https:\/\/lasentinelle.dz\/index.php\/2026\/04\/04\/allocation-chomage-un-nouveau-cadre-de-formation-pour-les-beneficiaires\/#primaryimage"},"thumbnailUrl":"https:\/\/lasentinelle.dz\/wp-content\/uploads\/2022\/03\/anem-1.png","datePublished":"2026-04-04T19:01:54+00:00","dateModified":"2026-04-04T19:01:55+00:00","breadcrumb":{"@id":"https:\/\/lasentinelle.dz\/index.php\/2026\/04\/04\/allocation-chomage-un-nouveau-cadre-de-formation-pour-les-beneficiaires\/#breadcrumb"},"inLanguage":"fr-FR","potentialAction":[{"@type":"ReadAction","target":["https:\/\/lasentinelle.dz\/index.php\/2026\/04\/04\/allocation-chomage-un-nouveau-cadre-de-formation-pour-les-beneficiaires\/"]}]},{"@type":"ImageObject","inLanguage":"fr-FR","@id":"https:\/\/lasentinelle.dz\/index.php\/2026\/04\/04\/allocation-chomage-un-nouveau-cadre-de-formation-pour-les-beneficiaires\/#primaryimage","url":"https:\/\/lasentinelle.dz\/wp-content\/uploads\/2022\/03\/anem-1.png","contentUrl":"https:\/\/lasentinelle.dz\/wp-content\/uploads\/2022\/03\/anem-1.png","width":1445,"height":900},{"@type":"BreadcrumbList","@id":"https:\/\/lasentinelle.dz\/index.php\/2026\/04\/04\/allocation-chomage-un-nouveau-cadre-de-formation-pour-les-beneficiaires\/#breadcrumb","itemListElement":[{"@type":"ListItem","position":1,"name":"Accueil","item":"https:\/\/lasentinelle.dz\/"},{"@type":"ListItem","position":2,"name":"Allocation ch\u00f4mage\u00a0: Un nouveau cadre de formation pour les b\u00e9n\u00e9ficiaires"}]},{"@type":"WebSite","@id":"https:\/\/lasentinelle.dz\/#website","url":"https:\/\/lasentinelle.dz\/","name":"La Sentinelle","description":"Quotidien national d&#039;information","publisher":{"@id":"https:\/\/lasentinelle.dz\/#organization"},"potentialAction":[{"@type":"SearchAction","target":{"@type":"EntryPoint","urlTemplate":"https:\/\/lasentinelle.dz\/?s={search_term_string}"},"query-input":{"@type":"PropertyValueSpecification","valueRequired":true,"valueName":"search_term_string"}}],"inLanguage":"fr-FR"},{"@type":"Organization","@id":"https:\/\/lasentinelle.dz\/#organization","name":"Quotidien La Sentinelle","url":"https:\/\/lasentinelle.dz\/","logo":{"@type":"ImageObject","inLanguage":"fr-FR","@id":"https:\/\/lasentinelle.dz\/#\/schema\/logo\/image\/","url":"https:\/\/lasentinelle.dz\/wp-content\/uploads\/2021\/09\/logo-sentinelleSLOGAN-1.png","contentUrl":"https:\/\/lasentinelle.dz\/wp-content\/uploads\/2021\/09\/logo-sentinelleSLOGAN-1.png","width":615,"height":142,"caption":"Quotidien La Sentinelle"},"image":{"@id":"https:\/\/lasentinelle.dz\/#\/schema\/logo\/image\/"},"sameAs":["https:\/\/www.facebook.com\/La-Sentinelle-104059864394773"]},{"@type":"Person","@id":"https:\/\/lasentinelle.dz\/#\/schema\/person\/729ee0024f24e0b8c5ec17232f8e8b41","name":"admin","image":{"@type":"ImageObject","inLanguage":"fr-FR","@id":"https:\/\/secure.gravatar.com\/avatar\/4c81fed838786e9b53f540bf46533e750f5d292099ae3b66cfc6fb1982e29df7?s=96&d=mm&r=g","url":"https:\/\/secure.gravatar.com\/avatar\/4c81fed838786e9b53f540bf46533e750f5d292099ae3b66cfc6fb1982e29df7?s=96&d=mm&r=g","contentUrl":"https:\/\/secure.gravatar.com\/avatar\/4c81fed838786e9b53f540bf46533e750f5d292099ae3b66cfc6fb1982e29df7?s=96&d=mm&r=g","caption":"admin"},"description":"admin","url":"https:\/\/lasentinelle.dz\/author\/admin\/"}]}},"_links":{"self":[{"href":"https:\/\/lasentinelle.dz\/index.php\/wp-json\/wp\/v2\/posts\/84937","targetHints":{"allow":["GET"]}}],"collection":[{"href":"https:\/\/lasentinelle.dz\/index.php\/wp-json\/wp\/v2\/posts"}],"about":[{"href":"https:\/\/lasentinelle.dz\/index.php\/wp-json\/wp\/v2\/types\/post"}],"author":[{"embeddable":true,"href":"https:\/\/lasentinelle.dz\/index.php\/wp-json\/wp\/v2\/users\/6"}],"replies":[{"embeddable":true,"href":"https:\/\/lasentinelle.dz\/index.php\/wp-json\/wp\/v2\/comments?post=84937"}],"version-history":[{"count":1,"href":"https:\/\/lasentinelle.dz\/index.php\/wp-json\/wp\/v2\/posts\/84937\/revisions"}],"predecessor-version":[{"id":84938,"href":"https:\/\/lasentinelle.dz\/index.php\/wp-json\/wp\/v2\/posts\/84937\/revisions\/84938"}],"wp:featuredmedia":[{"embeddable":true,"href":"https:\/\/lasentinelle.dz\/index.php\/wp-json\/wp\/v2\/media\/17819"}],"wp:attachment":[{"href":"https:\/\/lasentinelle.dz\/index.php\/wp-json\/wp\/v2\/media?parent=84937"}],"wp:term":[{"taxonomy":"category","embeddable":true,"href":"https:\/\/lasentinelle.dz\/index.php\/wp-json\/wp\/v2\/categories?post=84937"},{"taxonomy":"post_tag","embeddable":true,"href":"https:\/\/lasentinelle.dz\/index.php\/wp-json\/wp\/v2\/tags?post=84937"}],"curies":[{"name":"wp","href":"https:\/\/api.w.org\/{rel}","templated":true}]}}