{"id":84939,"date":"2026-04-04T20:02:38","date_gmt":"2026-04-04T19:02:38","guid":{"rendered":"https:\/\/lasentinelle.dz\/?p=84939"},"modified":"2026-04-04T20:02:40","modified_gmt":"2026-04-04T19:02:40","slug":"tensions-sur-le-marche-du-medicament-fabricants-et-importateurs-sous-ultimatum","status":"publish","type":"post","link":"https:\/\/lasentinelle.dz\/index.php\/2026\/04\/04\/tensions-sur-le-marche-du-medicament-fabricants-et-importateurs-sous-ultimatum\/","title":{"rendered":"Tensions sur le march\u00e9 du m\u00e9dicament\u00a0: Fabricants et importateurs sous ultimatum"},"content":{"rendered":"\n<p>Des tensions affectent des derniers jours le march\u00e9 du m\u00e9dicament et pourtant des entrep\u00f4ts de grossistes et de fabricants regorgent de stocks. Dans ce contexte, le ministre de l&rsquo;Industrie pharmaceutique, Ouassim Kouidri, a d\u00e9cid\u00e9 de trancher dans le vif.<\/p>\n\n\n\n<p>Dans une note adress\u00e9e jeudi aux \u00e9tablissements pharmaceutiques, il a d\u00e9sign\u00e9 nomm\u00e9ment les responsables des tensions d&rsquo;approvisionnement et fix\u00e9 un ultimatum sans appel \u2014 lib\u00e9rer les stocks sous 48 heures \u00e0 cinq jours, ou faire face au retrait de l&rsquo;agr\u00e9ment.<\/p>\n\n\n\n<p>Le point de d\u00e9part de cette mise en demeure est une enqu\u00eate conduite par les propres services du minist\u00e8re. Leur verdict est sans \u00e9quivoque. \u00ab Il m&rsquo;a \u00e9t\u00e9 donn\u00e9 de constater que certains produits pharmaceutiques, signal\u00e9s par des membres du dispositif de veille et de surveillance comme \u00e9tant en situation de tension ou de rupture au niveau des officines pharmaceutiques \u00bb, \u00e9crit Kouidri dans la note publi\u00e9 par son d\u00e9partement minist\u00e9riel, \u00ab demeurent disponibles au sein des stocks d\u00e9tenus par des \u00e9tablissements pharmaceutiques d&rsquo;importation, de fabrication ou de distribution en gros. \u00bb La p\u00e9nurie que subissent les patients n&rsquo;est donc pas une p\u00e9nurie r\u00e9elle : c&rsquo;est une p\u00e9nurie de circuit, entretenue par des acteurs qui retiennent leurs marchandises au lieu de les \u00e9couler vers les pharmacies.<\/p>\n\n\n\n<p>L&rsquo;enjeu est consid\u00e9rable. Les tensions r\u00e9currentes sur certains m\u00e9dicaments \u2014 notamment des traitements chroniques et des sp\u00e9cialit\u00e9s \u00e0 faible marge \u2014 figurent parmi les griefs les plus vifs que les citoyens alg\u00e9riens nourrissent \u00e0 l&rsquo;\u00e9gard du syst\u00e8me de sant\u00e9. C&rsquo;est ce court-circuit que le ministre entend interrompre par la contrainte, faute d&rsquo;avoir pu l&rsquo;enrayer par la r\u00e9gulation ordinaire.<\/p>\n\n\n\n<p>La r\u00e9ponse du minist\u00e8re est donc \u00e0 la fois administrative et comminatoire. Kouidri a ordonn\u00e9 aux \u00e9tablissements impliqu\u00e9s de proc\u00e9der imm\u00e9diatement \u00e0 la mise sur le march\u00e9 de leurs \u00ab stocks disponibles, conform\u00e9ment aux dispositions r\u00e9glementaires en vigueur, afin de satisfaire les commandes des officines pharmaceutiques sur l&rsquo;ensemble du territoire national, dans un d\u00e9lai compris entre 48 heures et cinq jours au maximum \u00bb. Ce calendrier serr\u00e9 ne laisse aucune latitude \u00e0 ceux qui seraient tent\u00e9s de jouer la montre.<\/p>\n\n\n\n<p>Pour s&rsquo;assurer de l&rsquo;ex\u00e9cution de ses instructions, le ministre a annonc\u00e9 le d\u00e9ploiement imm\u00e9diat de missions de contr\u00f4le. \u00ab Des missions d&rsquo;inspection seront diligent\u00e9es par les services habilit\u00e9s du minist\u00e8re afin de s&rsquo;assurer de la stricte application des dispositions de la pr\u00e9sente instruction \u00bb, pr\u00e9cise la note. Et le r\u00e9gime de sanctions est explicitement gradu\u00e9 jusqu&rsquo;\u00e0 l&rsquo;irr\u00e9versible : \u00ab tout manquement constat\u00e9 est susceptible d&rsquo;entra\u00eener l&rsquo;application des sanctions pr\u00e9vues par la r\u00e9glementation en vigueur, pouvant aller jusqu&rsquo;au retrait de l&rsquo;agr\u00e9ment. De m\u00eame, toute pratique ill\u00e9gale de sp\u00e9culation, de r\u00e9tention de stocks ou de ventes concomitantes fera l&rsquo;objet de sanctions conform\u00e9ment aux dispositions r\u00e9glementaires applicables. \u00bb par cette note, l\u2019Ex\u00e9cutif envoie un message clair, il n\u2019acceptera aucun disfonctionnement des cha\u00eenes d\u2019approvisionnement et entend frapper d\u2019une main de fer les pratiques frauduleuses et sp\u00e9culatives.<\/p>\n\n\n\n<p>Samir Benisid<\/p>\n","protected":false},"excerpt":{"rendered":"<p>Des tensions affectent des derniers jours le march\u00e9 du m\u00e9dicament et pourtant des entrep\u00f4ts de grossistes et de fabricants regorgent<\/p>\n","protected":false},"author":6,"featured_media":84940,"comment_status":"open","ping_status":"closed","sticky":false,"template":"","format":"standard","meta":{"colormag_page_container_layout":"default_layout","colormag_page_sidebar_layout":"default_layout","om_disable_all_campaigns":false,"_monsterinsights_skip_tracking":false,"_monsterinsights_sitenote_active":false,"_monsterinsights_sitenote_note":"","_monsterinsights_sitenote_category":0,"footnotes":"","_wpscppro_dont_share_socialmedia":false,"_wpscppro_custom_social_share_image":0,"_facebook_share_type":"default","_twitter_share_type":"default","_linkedin_share_type":"default","_pinterest_share_type":"default","_linkedin_share_type_page":"","_instagram_share_type":"default","_medium_share_type":"default","_threads_share_type":"default","_google_business_share_type":"default","_selected_social_profile":[],"_wpsp_enable_custom_social_template":false,"_wpsp_social_scheduling":{"enabled":false,"datetime":null,"platforms":[],"status":"template_only","dateOption":"today","timeOption":"now","customDays":"","customHours":"","customDate":"","customTime":"","schedulingType":"absolute"},"_wpsp_active_default_template":true},"categories":[52,27],"tags":[],"class_list":["post-84939","post","type-post","status-publish","format-standard","has-post-thumbnail","hentry","category-a-la-une","category-actualite"],"aioseo_notices":[],"yoast_head":"<!-- This site is optimized with the Yoast SEO plugin v27.5 - https:\/\/yoast.com\/product\/yoast-seo-wordpress\/ -->\n<title>Tensions sur le march\u00e9 du m\u00e9dicament\u00a0: Fabricants et importateurs sous ultimatum - La Sentinelle<\/title>\n<meta name=\"robots\" content=\"index, follow, max-snippet:-1, max-image-preview:large, max-video-preview:-1\" \/>\n<link rel=\"canonical\" href=\"https:\/\/lasentinelle.dz\/index.php\/2026\/04\/04\/tensions-sur-le-marche-du-medicament-fabricants-et-importateurs-sous-ultimatum\/\" \/>\n<meta property=\"og:locale\" content=\"fr_FR\" \/>\n<meta property=\"og:type\" content=\"article\" \/>\n<meta property=\"og:title\" content=\"Tensions sur le march\u00e9 du m\u00e9dicament\u00a0: Fabricants et importateurs sous ultimatum - La Sentinelle\" \/>\n<meta property=\"og:description\" content=\"Des tensions affectent des derniers jours le march\u00e9 du m\u00e9dicament et pourtant des entrep\u00f4ts de grossistes et de fabricants regorgent\" \/>\n<meta property=\"og:url\" content=\"https:\/\/lasentinelle.dz\/index.php\/2026\/04\/04\/tensions-sur-le-marche-du-medicament-fabricants-et-importateurs-sous-ultimatum\/\" \/>\n<meta property=\"og:site_name\" content=\"La Sentinelle\" \/>\n<meta property=\"article:publisher\" content=\"https:\/\/www.facebook.com\/La-Sentinelle-104059864394773\" \/>\n<meta property=\"article:published_time\" content=\"2026-04-04T19:02:38+00:00\" \/>\n<meta property=\"article:modified_time\" content=\"2026-04-04T19:02:40+00:00\" \/>\n<meta property=\"og:image\" content=\"https:\/\/lasentinelle.dz\/wp-content\/uploads\/2026\/04\/Pharmacie.jpg\" \/>\n\t<meta property=\"og:image:width\" content=\"966\" \/>\n\t<meta property=\"og:image:height\" content=\"545\" \/>\n\t<meta property=\"og:image:type\" content=\"image\/jpeg\" \/>\n<meta name=\"author\" content=\"admin\" \/>\n<meta name=\"twitter:card\" content=\"summary_large_image\" \/>\n<meta name=\"twitter:label1\" content=\"\u00c9crit par\" \/>\n\t<meta name=\"twitter:data1\" content=\"admin\" \/>\n\t<meta name=\"twitter:label2\" content=\"Dur\u00e9e de lecture estim\u00e9e\" \/>\n\t<meta name=\"twitter:data2\" content=\"3 minutes\" \/>\n<script type=\"application\/ld+json\" class=\"yoast-schema-graph\">{\"@context\":\"https:\\\/\\\/schema.org\",\"@graph\":[{\"@type\":\"Article\",\"@id\":\"https:\\\/\\\/lasentinelle.dz\\\/index.php\\\/2026\\\/04\\\/04\\\/tensions-sur-le-marche-du-medicament-fabricants-et-importateurs-sous-ultimatum\\\/#article\",\"isPartOf\":{\"@id\":\"https:\\\/\\\/lasentinelle.dz\\\/index.php\\\/2026\\\/04\\\/04\\\/tensions-sur-le-marche-du-medicament-fabricants-et-importateurs-sous-ultimatum\\\/\"},\"author\":{\"name\":\"admin\",\"@id\":\"https:\\\/\\\/lasentinelle.dz\\\/#\\\/schema\\\/person\\\/729ee0024f24e0b8c5ec17232f8e8b41\"},\"headline\":\"Tensions sur le march\u00e9 du m\u00e9dicament\u00a0: Fabricants et importateurs sous ultimatum\",\"datePublished\":\"2026-04-04T19:02:38+00:00\",\"dateModified\":\"2026-04-04T19:02:40+00:00\",\"mainEntityOfPage\":{\"@id\":\"https:\\\/\\\/lasentinelle.dz\\\/index.php\\\/2026\\\/04\\\/04\\\/tensions-sur-le-marche-du-medicament-fabricants-et-importateurs-sous-ultimatum\\\/\"},\"wordCount\":553,\"commentCount\":0,\"publisher\":{\"@id\":\"https:\\\/\\\/lasentinelle.dz\\\/#organization\"},\"image\":{\"@id\":\"https:\\\/\\\/lasentinelle.dz\\\/index.php\\\/2026\\\/04\\\/04\\\/tensions-sur-le-marche-du-medicament-fabricants-et-importateurs-sous-ultimatum\\\/#primaryimage\"},\"thumbnailUrl\":\"https:\\\/\\\/lasentinelle.dz\\\/wp-content\\\/uploads\\\/2026\\\/04\\\/Pharmacie.jpg\",\"articleSection\":[\"\u00c0 la Une\",\"Actualit\u00e9\"],\"inLanguage\":\"fr-FR\",\"potentialAction\":[{\"@type\":\"CommentAction\",\"name\":\"Comment\",\"target\":[\"https:\\\/\\\/lasentinelle.dz\\\/index.php\\\/2026\\\/04\\\/04\\\/tensions-sur-le-marche-du-medicament-fabricants-et-importateurs-sous-ultimatum\\\/#respond\"]}]},{\"@type\":\"WebPage\",\"@id\":\"https:\\\/\\\/lasentinelle.dz\\\/index.php\\\/2026\\\/04\\\/04\\\/tensions-sur-le-marche-du-medicament-fabricants-et-importateurs-sous-ultimatum\\\/\",\"url\":\"https:\\\/\\\/lasentinelle.dz\\\/index.php\\\/2026\\\/04\\\/04\\\/tensions-sur-le-marche-du-medicament-fabricants-et-importateurs-sous-ultimatum\\\/\",\"name\":\"Tensions sur le march\u00e9 du m\u00e9dicament\u00a0: Fabricants et importateurs sous ultimatum - La Sentinelle\",\"isPartOf\":{\"@id\":\"https:\\\/\\\/lasentinelle.dz\\\/#website\"},\"primaryImageOfPage\":{\"@id\":\"https:\\\/\\\/lasentinelle.dz\\\/index.php\\\/2026\\\/04\\\/04\\\/tensions-sur-le-marche-du-medicament-fabricants-et-importateurs-sous-ultimatum\\\/#primaryimage\"},\"image\":{\"@id\":\"https:\\\/\\\/lasentinelle.dz\\\/index.php\\\/2026\\\/04\\\/04\\\/tensions-sur-le-marche-du-medicament-fabricants-et-importateurs-sous-ultimatum\\\/#primaryimage\"},\"thumbnailUrl\":\"https:\\\/\\\/lasentinelle.dz\\\/wp-content\\\/uploads\\\/2026\\\/04\\\/Pharmacie.jpg\",\"datePublished\":\"2026-04-04T19:02:38+00:00\",\"dateModified\":\"2026-04-04T19:02:40+00:00\",\"breadcrumb\":{\"@id\":\"https:\\\/\\\/lasentinelle.dz\\\/index.php\\\/2026\\\/04\\\/04\\\/tensions-sur-le-marche-du-medicament-fabricants-et-importateurs-sous-ultimatum\\\/#breadcrumb\"},\"inLanguage\":\"fr-FR\",\"potentialAction\":[{\"@type\":\"ReadAction\",\"target\":[\"https:\\\/\\\/lasentinelle.dz\\\/index.php\\\/2026\\\/04\\\/04\\\/tensions-sur-le-marche-du-medicament-fabricants-et-importateurs-sous-ultimatum\\\/\"]}]},{\"@type\":\"ImageObject\",\"inLanguage\":\"fr-FR\",\"@id\":\"https:\\\/\\\/lasentinelle.dz\\\/index.php\\\/2026\\\/04\\\/04\\\/tensions-sur-le-marche-du-medicament-fabricants-et-importateurs-sous-ultimatum\\\/#primaryimage\",\"url\":\"https:\\\/\\\/lasentinelle.dz\\\/wp-content\\\/uploads\\\/2026\\\/04\\\/Pharmacie.jpg\",\"contentUrl\":\"https:\\\/\\\/lasentinelle.dz\\\/wp-content\\\/uploads\\\/2026\\\/04\\\/Pharmacie.jpg\",\"width\":966,\"height\":545},{\"@type\":\"BreadcrumbList\",\"@id\":\"https:\\\/\\\/lasentinelle.dz\\\/index.php\\\/2026\\\/04\\\/04\\\/tensions-sur-le-marche-du-medicament-fabricants-et-importateurs-sous-ultimatum\\\/#breadcrumb\",\"itemListElement\":[{\"@type\":\"ListItem\",\"position\":1,\"name\":\"Accueil\",\"item\":\"https:\\\/\\\/lasentinelle.dz\\\/\"},{\"@type\":\"ListItem\",\"position\":2,\"name\":\"Tensions sur le march\u00e9 du m\u00e9dicament\u00a0: Fabricants et importateurs sous ultimatum\"}]},{\"@type\":\"WebSite\",\"@id\":\"https:\\\/\\\/lasentinelle.dz\\\/#website\",\"url\":\"https:\\\/\\\/lasentinelle.dz\\\/\",\"name\":\"La Sentinelle\",\"description\":\"Quotidien national d&#039;information\",\"publisher\":{\"@id\":\"https:\\\/\\\/lasentinelle.dz\\\/#organization\"},\"potentialAction\":[{\"@type\":\"SearchAction\",\"target\":{\"@type\":\"EntryPoint\",\"urlTemplate\":\"https:\\\/\\\/lasentinelle.dz\\\/?s={search_term_string}\"},\"query-input\":{\"@type\":\"PropertyValueSpecification\",\"valueRequired\":true,\"valueName\":\"search_term_string\"}}],\"inLanguage\":\"fr-FR\"},{\"@type\":\"Organization\",\"@id\":\"https:\\\/\\\/lasentinelle.dz\\\/#organization\",\"name\":\"Quotidien La Sentinelle\",\"url\":\"https:\\\/\\\/lasentinelle.dz\\\/\",\"logo\":{\"@type\":\"ImageObject\",\"inLanguage\":\"fr-FR\",\"@id\":\"https:\\\/\\\/lasentinelle.dz\\\/#\\\/schema\\\/logo\\\/image\\\/\",\"url\":\"https:\\\/\\\/lasentinelle.dz\\\/wp-content\\\/uploads\\\/2021\\\/09\\\/logo-sentinelleSLOGAN-1.png\",\"contentUrl\":\"https:\\\/\\\/lasentinelle.dz\\\/wp-content\\\/uploads\\\/2021\\\/09\\\/logo-sentinelleSLOGAN-1.png\",\"width\":615,\"height\":142,\"caption\":\"Quotidien La Sentinelle\"},\"image\":{\"@id\":\"https:\\\/\\\/lasentinelle.dz\\\/#\\\/schema\\\/logo\\\/image\\\/\"},\"sameAs\":[\"https:\\\/\\\/www.facebook.com\\\/La-Sentinelle-104059864394773\"]},{\"@type\":\"Person\",\"@id\":\"https:\\\/\\\/lasentinelle.dz\\\/#\\\/schema\\\/person\\\/729ee0024f24e0b8c5ec17232f8e8b41\",\"name\":\"admin\",\"image\":{\"@type\":\"ImageObject\",\"inLanguage\":\"fr-FR\",\"@id\":\"https:\\\/\\\/secure.gravatar.com\\\/avatar\\\/4c81fed838786e9b53f540bf46533e750f5d292099ae3b66cfc6fb1982e29df7?s=96&d=mm&r=g\",\"url\":\"https:\\\/\\\/secure.gravatar.com\\\/avatar\\\/4c81fed838786e9b53f540bf46533e750f5d292099ae3b66cfc6fb1982e29df7?s=96&d=mm&r=g\",\"contentUrl\":\"https:\\\/\\\/secure.gravatar.com\\\/avatar\\\/4c81fed838786e9b53f540bf46533e750f5d292099ae3b66cfc6fb1982e29df7?s=96&d=mm&r=g\",\"caption\":\"admin\"},\"description\":\"admin\",\"url\":\"https:\\\/\\\/lasentinelle.dz\\\/author\\\/admin\\\/\"}]}<\/script>\n<!-- \/ Yoast SEO plugin. -->","yoast_head_json":{"title":"Tensions sur le march\u00e9 du m\u00e9dicament\u00a0: Fabricants et importateurs sous ultimatum - La Sentinelle","robots":{"index":"index","follow":"follow","max-snippet":"max-snippet:-1","max-image-preview":"max-image-preview:large","max-video-preview":"max-video-preview:-1"},"canonical":"https:\/\/lasentinelle.dz\/index.php\/2026\/04\/04\/tensions-sur-le-marche-du-medicament-fabricants-et-importateurs-sous-ultimatum\/","og_locale":"fr_FR","og_type":"article","og_title":"Tensions sur le march\u00e9 du m\u00e9dicament\u00a0: Fabricants et importateurs sous ultimatum - La Sentinelle","og_description":"Des tensions affectent des derniers jours le march\u00e9 du m\u00e9dicament et pourtant des entrep\u00f4ts de grossistes et de fabricants regorgent","og_url":"https:\/\/lasentinelle.dz\/index.php\/2026\/04\/04\/tensions-sur-le-marche-du-medicament-fabricants-et-importateurs-sous-ultimatum\/","og_site_name":"La Sentinelle","article_publisher":"https:\/\/www.facebook.com\/La-Sentinelle-104059864394773","article_published_time":"2026-04-04T19:02:38+00:00","article_modified_time":"2026-04-04T19:02:40+00:00","og_image":[{"width":966,"height":545,"url":"https:\/\/lasentinelle.dz\/wp-content\/uploads\/2026\/04\/Pharmacie.jpg","type":"image\/jpeg"}],"author":"admin","twitter_card":"summary_large_image","twitter_misc":{"\u00c9crit par":"admin","Dur\u00e9e de lecture estim\u00e9e":"3 minutes"},"schema":{"@context":"https:\/\/schema.org","@graph":[{"@type":"Article","@id":"https:\/\/lasentinelle.dz\/index.php\/2026\/04\/04\/tensions-sur-le-marche-du-medicament-fabricants-et-importateurs-sous-ultimatum\/#article","isPartOf":{"@id":"https:\/\/lasentinelle.dz\/index.php\/2026\/04\/04\/tensions-sur-le-marche-du-medicament-fabricants-et-importateurs-sous-ultimatum\/"},"author":{"name":"admin","@id":"https:\/\/lasentinelle.dz\/#\/schema\/person\/729ee0024f24e0b8c5ec17232f8e8b41"},"headline":"Tensions sur le march\u00e9 du m\u00e9dicament\u00a0: Fabricants et importateurs sous ultimatum","datePublished":"2026-04-04T19:02:38+00:00","dateModified":"2026-04-04T19:02:40+00:00","mainEntityOfPage":{"@id":"https:\/\/lasentinelle.dz\/index.php\/2026\/04\/04\/tensions-sur-le-marche-du-medicament-fabricants-et-importateurs-sous-ultimatum\/"},"wordCount":553,"commentCount":0,"publisher":{"@id":"https:\/\/lasentinelle.dz\/#organization"},"image":{"@id":"https:\/\/lasentinelle.dz\/index.php\/2026\/04\/04\/tensions-sur-le-marche-du-medicament-fabricants-et-importateurs-sous-ultimatum\/#primaryimage"},"thumbnailUrl":"https:\/\/lasentinelle.dz\/wp-content\/uploads\/2026\/04\/Pharmacie.jpg","articleSection":["\u00c0 la Une","Actualit\u00e9"],"inLanguage":"fr-FR","potentialAction":[{"@type":"CommentAction","name":"Comment","target":["https:\/\/lasentinelle.dz\/index.php\/2026\/04\/04\/tensions-sur-le-marche-du-medicament-fabricants-et-importateurs-sous-ultimatum\/#respond"]}]},{"@type":"WebPage","@id":"https:\/\/lasentinelle.dz\/index.php\/2026\/04\/04\/tensions-sur-le-marche-du-medicament-fabricants-et-importateurs-sous-ultimatum\/","url":"https:\/\/lasentinelle.dz\/index.php\/2026\/04\/04\/tensions-sur-le-marche-du-medicament-fabricants-et-importateurs-sous-ultimatum\/","name":"Tensions sur le march\u00e9 du m\u00e9dicament\u00a0: Fabricants et importateurs sous ultimatum - La Sentinelle","isPartOf":{"@id":"https:\/\/lasentinelle.dz\/#website"},"primaryImageOfPage":{"@id":"https:\/\/lasentinelle.dz\/index.php\/2026\/04\/04\/tensions-sur-le-marche-du-medicament-fabricants-et-importateurs-sous-ultimatum\/#primaryimage"},"image":{"@id":"https:\/\/lasentinelle.dz\/index.php\/2026\/04\/04\/tensions-sur-le-marche-du-medicament-fabricants-et-importateurs-sous-ultimatum\/#primaryimage"},"thumbnailUrl":"https:\/\/lasentinelle.dz\/wp-content\/uploads\/2026\/04\/Pharmacie.jpg","datePublished":"2026-04-04T19:02:38+00:00","dateModified":"2026-04-04T19:02:40+00:00","breadcrumb":{"@id":"https:\/\/lasentinelle.dz\/index.php\/2026\/04\/04\/tensions-sur-le-marche-du-medicament-fabricants-et-importateurs-sous-ultimatum\/#breadcrumb"},"inLanguage":"fr-FR","potentialAction":[{"@type":"ReadAction","target":["https:\/\/lasentinelle.dz\/index.php\/2026\/04\/04\/tensions-sur-le-marche-du-medicament-fabricants-et-importateurs-sous-ultimatum\/"]}]},{"@type":"ImageObject","inLanguage":"fr-FR","@id":"https:\/\/lasentinelle.dz\/index.php\/2026\/04\/04\/tensions-sur-le-marche-du-medicament-fabricants-et-importateurs-sous-ultimatum\/#primaryimage","url":"https:\/\/lasentinelle.dz\/wp-content\/uploads\/2026\/04\/Pharmacie.jpg","contentUrl":"https:\/\/lasentinelle.dz\/wp-content\/uploads\/2026\/04\/Pharmacie.jpg","width":966,"height":545},{"@type":"BreadcrumbList","@id":"https:\/\/lasentinelle.dz\/index.php\/2026\/04\/04\/tensions-sur-le-marche-du-medicament-fabricants-et-importateurs-sous-ultimatum\/#breadcrumb","itemListElement":[{"@type":"ListItem","position":1,"name":"Accueil","item":"https:\/\/lasentinelle.dz\/"},{"@type":"ListItem","position":2,"name":"Tensions sur le march\u00e9 du m\u00e9dicament\u00a0: Fabricants et importateurs sous ultimatum"}]},{"@type":"WebSite","@id":"https:\/\/lasentinelle.dz\/#website","url":"https:\/\/lasentinelle.dz\/","name":"La Sentinelle","description":"Quotidien national d&#039;information","publisher":{"@id":"https:\/\/lasentinelle.dz\/#organization"},"potentialAction":[{"@type":"SearchAction","target":{"@type":"EntryPoint","urlTemplate":"https:\/\/lasentinelle.dz\/?s={search_term_string}"},"query-input":{"@type":"PropertyValueSpecification","valueRequired":true,"valueName":"search_term_string"}}],"inLanguage":"fr-FR"},{"@type":"Organization","@id":"https:\/\/lasentinelle.dz\/#organization","name":"Quotidien La Sentinelle","url":"https:\/\/lasentinelle.dz\/","logo":{"@type":"ImageObject","inLanguage":"fr-FR","@id":"https:\/\/lasentinelle.dz\/#\/schema\/logo\/image\/","url":"https:\/\/lasentinelle.dz\/wp-content\/uploads\/2021\/09\/logo-sentinelleSLOGAN-1.png","contentUrl":"https:\/\/lasentinelle.dz\/wp-content\/uploads\/2021\/09\/logo-sentinelleSLOGAN-1.png","width":615,"height":142,"caption":"Quotidien La Sentinelle"},"image":{"@id":"https:\/\/lasentinelle.dz\/#\/schema\/logo\/image\/"},"sameAs":["https:\/\/www.facebook.com\/La-Sentinelle-104059864394773"]},{"@type":"Person","@id":"https:\/\/lasentinelle.dz\/#\/schema\/person\/729ee0024f24e0b8c5ec17232f8e8b41","name":"admin","image":{"@type":"ImageObject","inLanguage":"fr-FR","@id":"https:\/\/secure.gravatar.com\/avatar\/4c81fed838786e9b53f540bf46533e750f5d292099ae3b66cfc6fb1982e29df7?s=96&d=mm&r=g","url":"https:\/\/secure.gravatar.com\/avatar\/4c81fed838786e9b53f540bf46533e750f5d292099ae3b66cfc6fb1982e29df7?s=96&d=mm&r=g","contentUrl":"https:\/\/secure.gravatar.com\/avatar\/4c81fed838786e9b53f540bf46533e750f5d292099ae3b66cfc6fb1982e29df7?s=96&d=mm&r=g","caption":"admin"},"description":"admin","url":"https:\/\/lasentinelle.dz\/author\/admin\/"}]}},"_links":{"self":[{"href":"https:\/\/lasentinelle.dz\/index.php\/wp-json\/wp\/v2\/posts\/84939","targetHints":{"allow":["GET"]}}],"collection":[{"href":"https:\/\/lasentinelle.dz\/index.php\/wp-json\/wp\/v2\/posts"}],"about":[{"href":"https:\/\/lasentinelle.dz\/index.php\/wp-json\/wp\/v2\/types\/post"}],"author":[{"embeddable":true,"href":"https:\/\/lasentinelle.dz\/index.php\/wp-json\/wp\/v2\/users\/6"}],"replies":[{"embeddable":true,"href":"https:\/\/lasentinelle.dz\/index.php\/wp-json\/wp\/v2\/comments?post=84939"}],"version-history":[{"count":1,"href":"https:\/\/lasentinelle.dz\/index.php\/wp-json\/wp\/v2\/posts\/84939\/revisions"}],"predecessor-version":[{"id":84941,"href":"https:\/\/lasentinelle.dz\/index.php\/wp-json\/wp\/v2\/posts\/84939\/revisions\/84941"}],"wp:featuredmedia":[{"embeddable":true,"href":"https:\/\/lasentinelle.dz\/index.php\/wp-json\/wp\/v2\/media\/84940"}],"wp:attachment":[{"href":"https:\/\/lasentinelle.dz\/index.php\/wp-json\/wp\/v2\/media?parent=84939"}],"wp:term":[{"taxonomy":"category","embeddable":true,"href":"https:\/\/lasentinelle.dz\/index.php\/wp-json\/wp\/v2\/categories?post=84939"},{"taxonomy":"post_tag","embeddable":true,"href":"https:\/\/lasentinelle.dz\/index.php\/wp-json\/wp\/v2\/tags?post=84939"}],"curies":[{"name":"wp","href":"https:\/\/api.w.org\/{rel}","templated":true}]}}