{"id":8544,"date":"2021-09-21T00:01:00","date_gmt":"2021-09-20T23:01:00","guid":{"rendered":"https:\/\/lasentinelle.dz\/?p=8544"},"modified":"2021-09-20T16:10:23","modified_gmt":"2021-09-20T15:10:23","slug":"elimoinatoires-du-mondial-2022-niger-algerie-decale-au-12-octobre","status":"publish","type":"post","link":"https:\/\/lasentinelle.dz\/index.php\/2021\/09\/21\/elimoinatoires-du-mondial-2022-niger-algerie-decale-au-12-octobre\/","title":{"rendered":"Elimoinatoires du Mondial-2022 : Niger &#8211; Alg\u00e9rie d\u00e9cal\u00e9 au 12 octobre"},"content":{"rendered":"\n<p>Ce match aura lieu \u00e0 partir de 14h au stade du G\u00e9n\u00e9ral Seyni Kountch\u00e9 de Niamey, au lieu du lundi 11 octobre \u00e0 17h.<\/p>\n\n\n\n<p>Le match de la 4e journ\u00e9e des \u00e9liminatoires africaines du Mondial-2022 (Gr. A), entre le Niger et l&rsquo;Alg\u00e9rie, initialement pr\u00e9vu le 11 octobre \u00e0 Niamey, a \u00e9t\u00e9 d\u00e9cal\u00e9 de 24 heures, a indiqu\u00e9 hier la F\u00e9d\u00e9ration alg\u00e9rienne de football (FAF). \u00ab La F\u00e9d\u00e9ration internationale (FIFA) a apport\u00e9 un changement dans la programmation du match Niger &#8211; Alg\u00e9rie comptant pour la 4\u00e8me journ\u00e9e des \u00e9liminatoires de la Coupe du Monde de la FIFA &#8211; Qatar 2022 qui aura finalement lieu le mardi 12 octobre 2021 \u00e0 14h00 au stade du G\u00e9n\u00e9ral Seyni Kountch\u00e9 de Niamey, au lieu du lundi 11 \u00bb, a \u00e9crit la FAF sur son site internet. Cette derni\u00e8re a inform\u00e9 qu&rsquo;elle a demand\u00e9, dans le m\u00eame sillage, de d\u00e9caler l\u2019horaire du match de la 3e journ\u00e9e, Alg\u00e9rie &#8211; Niger, pr\u00e9vu le vendredi 8 octobre au stade du Chahid Mustapha-Tchaker de Blida pour 20h00 au lieu de 17h00, comme fix\u00e9 au pr\u00e9alable. A noter que trois plages horaires sont retenues par la FIFA pour la diffusion des rencontres des \u00e9liminatoires du Mondial-2022 \u00e0 savoir : 13h00 GMT, 16h00 GMT et 19h00 GMT, et o\u00f9 chaque F\u00e9d\u00e9ration a la latitude de choisir l\u2019horaire qui lui convient. Il s\u2019agit d\u2019un nouveau chambouleement pour le programme du s\u00e9lectionneur national, Djamel Belmadi. Ce dernier voulait que le match de Blida se joue \u00e0 partir de 17h, afin que ses joueurs puissent s\u2019adapter aux conditions climatiques avant le d\u00e9placement de Niamey. Le match retour devait se d\u00e9rouler aussi \u00e0 17h. Mais voil\u00e0 que la FIFA vient tout revoir, avec ces nouveaux changements d\u2019horaire. Selon des sources, et m\u00eame si le Niger a demand\u00e9 \u00e0 jouer, chez lui, \u00e0 partir de 14h, \u00e9voquant un probl\u00e8me d\u2019\u00e9clairage, il n\u2019en demeure pas moins que cela n\u2019a pas \u00e9t\u00e9 du go\u00fbt des responsables de la FAF. Selon des sources, les membres de l\u2019instance f\u00e9d\u00e9rale \u00e9voquant m\u00eame \u00ab un complot \u00bb mont\u00e9 contre les Verts, allant jusqu\u2019\u00e0 accuser d\u2019anciens responsables de la FAF d\u2019\u00eatre derri\u00e8re tout cela.&nbsp; Mais quoi que l\u2019on dise, les Verts sont devant leurs responsabilit\u00e9s et doivent faire face \u00e0 toutes les situations afin de continuer \u00e0 jouer \u00e0 fond leurs chances poru se qualifier au match-barrage. Apr\u00e8s deux journ\u00e9es jou\u00e9es, l&rsquo;Alg\u00e9rie et le Burkina Faso sont en t\u00eate du groupe A avec quatre points chacun, suivis du Niger (3 pts) et de Djibouti qui ferme la marche avec z\u00e9ro point.&nbsp;<\/p>\n\n\n\n<p>Abderrahim Mahious\/ R. S.<\/p>\n","protected":false},"excerpt":{"rendered":"<p>Ce match aura lieu \u00e0 partir de 14h au stade du G\u00e9n\u00e9ral Seyni Kountch\u00e9 de Niamey, au lieu du lundi<\/p>\n","protected":false},"author":3,"featured_media":8549,"comment_status":"open","ping_status":"closed","sticky":false,"template":"","format":"standard","meta":{"colormag_page_container_layout":"default_layout","colormag_page_sidebar_layout":"default_layout","om_disable_all_campaigns":false,"_monsterinsights_skip_tracking":false,"_monsterinsights_sitenote_active":false,"_monsterinsights_sitenote_note":"","_monsterinsights_sitenote_category":0,"footnotes":"","_wpscppro_dont_share_socialmedia":false,"_wpscppro_custom_social_share_image":0,"_facebook_share_type":"","_twitter_share_type":"","_linkedin_share_type":"","_pinterest_share_type":"","_linkedin_share_type_page":"","_instagram_share_type":"","_medium_share_type":"","_threads_share_type":"","_google_business_share_type":"","_selected_social_profile":[],"_wpsp_enable_custom_social_template":false,"_wpsp_social_scheduling":{"enabled":false,"datetime":null,"platforms":[],"status":"template_only","dateOption":"today","timeOption":"now","customDays":"","customHours":"","customDate":"","customTime":"","schedulingType":"absolute"},"_wpsp_active_default_template":true},"categories":[33],"tags":[],"class_list":["post-8544","post","type-post","status-publish","format-standard","has-post-thumbnail","hentry","category-sports"],"aioseo_notices":[],"yoast_head":"<!-- This site is optimized with the Yoast SEO plugin v27.5 - https:\/\/yoast.com\/product\/yoast-seo-wordpress\/ -->\n<title>Elimoinatoires du Mondial-2022 : Niger - Alg\u00e9rie d\u00e9cal\u00e9 au 12 octobre - La Sentinelle<\/title>\n<meta name=\"robots\" content=\"index, follow, max-snippet:-1, max-image-preview:large, max-video-preview:-1\" \/>\n<link rel=\"canonical\" href=\"https:\/\/lasentinelle.dz\/index.php\/2021\/09\/21\/elimoinatoires-du-mondial-2022-niger-algerie-decale-au-12-octobre\/\" \/>\n<meta property=\"og:locale\" content=\"fr_FR\" \/>\n<meta property=\"og:type\" content=\"article\" \/>\n<meta property=\"og:title\" content=\"Elimoinatoires du Mondial-2022 : Niger - Alg\u00e9rie d\u00e9cal\u00e9 au 12 octobre - La Sentinelle\" \/>\n<meta property=\"og:description\" content=\"Ce match aura lieu \u00e0 partir de 14h au stade du G\u00e9n\u00e9ral Seyni Kountch\u00e9 de Niamey, au lieu du lundi\" \/>\n<meta property=\"og:url\" content=\"https:\/\/lasentinelle.dz\/index.php\/2021\/09\/21\/elimoinatoires-du-mondial-2022-niger-algerie-decale-au-12-octobre\/\" \/>\n<meta property=\"og:site_name\" content=\"La Sentinelle\" \/>\n<meta property=\"article:publisher\" content=\"https:\/\/www.facebook.com\/La-Sentinelle-104059864394773\" \/>\n<meta property=\"article:published_time\" content=\"2021-09-20T23:01:00+00:00\" \/>\n<meta property=\"og:image\" content=\"https:\/\/lasentinelle.dz\/wp-content\/uploads\/2021\/09\/Algerie-1.jpg\" \/>\n\t<meta property=\"og:image:width\" content=\"1875\" \/>\n\t<meta property=\"og:image:height\" content=\"1250\" \/>\n\t<meta property=\"og:image:type\" content=\"image\/jpeg\" \/>\n<meta name=\"author\" content=\"La Sentinelle\" \/>\n<meta name=\"twitter:card\" content=\"summary_large_image\" \/>\n<meta name=\"twitter:label1\" content=\"\u00c9crit par\" \/>\n\t<meta name=\"twitter:data1\" content=\"La Sentinelle\" \/>\n\t<meta name=\"twitter:label2\" content=\"Dur\u00e9e de lecture estim\u00e9e\" \/>\n\t<meta name=\"twitter:data2\" content=\"2 minutes\" \/>\n<script type=\"application\/ld+json\" class=\"yoast-schema-graph\">{\"@context\":\"https:\\\/\\\/schema.org\",\"@graph\":[{\"@type\":\"Article\",\"@id\":\"https:\\\/\\\/lasentinelle.dz\\\/index.php\\\/2021\\\/09\\\/21\\\/elimoinatoires-du-mondial-2022-niger-algerie-decale-au-12-octobre\\\/#article\",\"isPartOf\":{\"@id\":\"https:\\\/\\\/lasentinelle.dz\\\/index.php\\\/2021\\\/09\\\/21\\\/elimoinatoires-du-mondial-2022-niger-algerie-decale-au-12-octobre\\\/\"},\"author\":{\"name\":\"La Sentinelle\",\"@id\":\"https:\\\/\\\/lasentinelle.dz\\\/#\\\/schema\\\/person\\\/d865044e22e70a75174ce8bcad3acfb3\"},\"headline\":\"Elimoinatoires du Mondial-2022 : Niger &#8211; Alg\u00e9rie d\u00e9cal\u00e9 au 12 octobre\",\"datePublished\":\"2021-09-20T23:01:00+00:00\",\"mainEntityOfPage\":{\"@id\":\"https:\\\/\\\/lasentinelle.dz\\\/index.php\\\/2021\\\/09\\\/21\\\/elimoinatoires-du-mondial-2022-niger-algerie-decale-au-12-octobre\\\/\"},\"wordCount\":467,\"commentCount\":0,\"publisher\":{\"@id\":\"https:\\\/\\\/lasentinelle.dz\\\/#organization\"},\"image\":{\"@id\":\"https:\\\/\\\/lasentinelle.dz\\\/index.php\\\/2021\\\/09\\\/21\\\/elimoinatoires-du-mondial-2022-niger-algerie-decale-au-12-octobre\\\/#primaryimage\"},\"thumbnailUrl\":\"https:\\\/\\\/lasentinelle.dz\\\/wp-content\\\/uploads\\\/2021\\\/09\\\/Algerie-1.jpg\",\"articleSection\":[\"Sports\"],\"inLanguage\":\"fr-FR\",\"potentialAction\":[{\"@type\":\"CommentAction\",\"name\":\"Comment\",\"target\":[\"https:\\\/\\\/lasentinelle.dz\\\/index.php\\\/2021\\\/09\\\/21\\\/elimoinatoires-du-mondial-2022-niger-algerie-decale-au-12-octobre\\\/#respond\"]}]},{\"@type\":\"WebPage\",\"@id\":\"https:\\\/\\\/lasentinelle.dz\\\/index.php\\\/2021\\\/09\\\/21\\\/elimoinatoires-du-mondial-2022-niger-algerie-decale-au-12-octobre\\\/\",\"url\":\"https:\\\/\\\/lasentinelle.dz\\\/index.php\\\/2021\\\/09\\\/21\\\/elimoinatoires-du-mondial-2022-niger-algerie-decale-au-12-octobre\\\/\",\"name\":\"Elimoinatoires du Mondial-2022 : Niger - Alg\u00e9rie d\u00e9cal\u00e9 au 12 octobre - La Sentinelle\",\"isPartOf\":{\"@id\":\"https:\\\/\\\/lasentinelle.dz\\\/#website\"},\"primaryImageOfPage\":{\"@id\":\"https:\\\/\\\/lasentinelle.dz\\\/index.php\\\/2021\\\/09\\\/21\\\/elimoinatoires-du-mondial-2022-niger-algerie-decale-au-12-octobre\\\/#primaryimage\"},\"image\":{\"@id\":\"https:\\\/\\\/lasentinelle.dz\\\/index.php\\\/2021\\\/09\\\/21\\\/elimoinatoires-du-mondial-2022-niger-algerie-decale-au-12-octobre\\\/#primaryimage\"},\"thumbnailUrl\":\"https:\\\/\\\/lasentinelle.dz\\\/wp-content\\\/uploads\\\/2021\\\/09\\\/Algerie-1.jpg\",\"datePublished\":\"2021-09-20T23:01:00+00:00\",\"breadcrumb\":{\"@id\":\"https:\\\/\\\/lasentinelle.dz\\\/index.php\\\/2021\\\/09\\\/21\\\/elimoinatoires-du-mondial-2022-niger-algerie-decale-au-12-octobre\\\/#breadcrumb\"},\"inLanguage\":\"fr-FR\",\"potentialAction\":[{\"@type\":\"ReadAction\",\"target\":[\"https:\\\/\\\/lasentinelle.dz\\\/index.php\\\/2021\\\/09\\\/21\\\/elimoinatoires-du-mondial-2022-niger-algerie-decale-au-12-octobre\\\/\"]}]},{\"@type\":\"ImageObject\",\"inLanguage\":\"fr-FR\",\"@id\":\"https:\\\/\\\/lasentinelle.dz\\\/index.php\\\/2021\\\/09\\\/21\\\/elimoinatoires-du-mondial-2022-niger-algerie-decale-au-12-octobre\\\/#primaryimage\",\"url\":\"https:\\\/\\\/lasentinelle.dz\\\/wp-content\\\/uploads\\\/2021\\\/09\\\/Algerie-1.jpg\",\"contentUrl\":\"https:\\\/\\\/lasentinelle.dz\\\/wp-content\\\/uploads\\\/2021\\\/09\\\/Algerie-1.jpg\",\"width\":1875,\"height\":1250},{\"@type\":\"BreadcrumbList\",\"@id\":\"https:\\\/\\\/lasentinelle.dz\\\/index.php\\\/2021\\\/09\\\/21\\\/elimoinatoires-du-mondial-2022-niger-algerie-decale-au-12-octobre\\\/#breadcrumb\",\"itemListElement\":[{\"@type\":\"ListItem\",\"position\":1,\"name\":\"Accueil\",\"item\":\"https:\\\/\\\/lasentinelle.dz\\\/\"},{\"@type\":\"ListItem\",\"position\":2,\"name\":\"Elimoinatoires du Mondial-2022 : Niger &#8211; Alg\u00e9rie d\u00e9cal\u00e9 au 12 octobre\"}]},{\"@type\":\"WebSite\",\"@id\":\"https:\\\/\\\/lasentinelle.dz\\\/#website\",\"url\":\"https:\\\/\\\/lasentinelle.dz\\\/\",\"name\":\"La Sentinelle\",\"description\":\"Quotidien national d&#039;information\",\"publisher\":{\"@id\":\"https:\\\/\\\/lasentinelle.dz\\\/#organization\"},\"potentialAction\":[{\"@type\":\"SearchAction\",\"target\":{\"@type\":\"EntryPoint\",\"urlTemplate\":\"https:\\\/\\\/lasentinelle.dz\\\/?s={search_term_string}\"},\"query-input\":{\"@type\":\"PropertyValueSpecification\",\"valueRequired\":true,\"valueName\":\"search_term_string\"}}],\"inLanguage\":\"fr-FR\"},{\"@type\":\"Organization\",\"@id\":\"https:\\\/\\\/lasentinelle.dz\\\/#organization\",\"name\":\"Quotidien La Sentinelle\",\"url\":\"https:\\\/\\\/lasentinelle.dz\\\/\",\"logo\":{\"@type\":\"ImageObject\",\"inLanguage\":\"fr-FR\",\"@id\":\"https:\\\/\\\/lasentinelle.dz\\\/#\\\/schema\\\/logo\\\/image\\\/\",\"url\":\"https:\\\/\\\/lasentinelle.dz\\\/wp-content\\\/uploads\\\/2021\\\/09\\\/logo-sentinelleSLOGAN-1.png\",\"contentUrl\":\"https:\\\/\\\/lasentinelle.dz\\\/wp-content\\\/uploads\\\/2021\\\/09\\\/logo-sentinelleSLOGAN-1.png\",\"width\":615,\"height\":142,\"caption\":\"Quotidien La Sentinelle\"},\"image\":{\"@id\":\"https:\\\/\\\/lasentinelle.dz\\\/#\\\/schema\\\/logo\\\/image\\\/\"},\"sameAs\":[\"https:\\\/\\\/www.facebook.com\\\/La-Sentinelle-104059864394773\"]},{\"@type\":\"Person\",\"@id\":\"https:\\\/\\\/lasentinelle.dz\\\/#\\\/schema\\\/person\\\/d865044e22e70a75174ce8bcad3acfb3\",\"name\":\"La Sentinelle\",\"image\":{\"@type\":\"ImageObject\",\"inLanguage\":\"fr-FR\",\"@id\":\"https:\\\/\\\/secure.gravatar.com\\\/avatar\\\/57de8e5d4b15d43fb361a71fbb36338450fe67865b528a43dd10ef7c51a20392?s=96&d=mm&r=g\",\"url\":\"https:\\\/\\\/secure.gravatar.com\\\/avatar\\\/57de8e5d4b15d43fb361a71fbb36338450fe67865b528a43dd10ef7c51a20392?s=96&d=mm&r=g\",\"contentUrl\":\"https:\\\/\\\/secure.gravatar.com\\\/avatar\\\/57de8e5d4b15d43fb361a71fbb36338450fe67865b528a43dd10ef7c51a20392?s=96&d=mm&r=g\",\"caption\":\"La Sentinelle\"},\"sameAs\":[\"http:\\\/\\\/www.lasentinelle.dz\"],\"url\":\"https:\\\/\\\/lasentinelle.dz\\\/author\\\/redaction\\\/\"}]}<\/script>\n<!-- \/ Yoast SEO plugin. -->","yoast_head_json":{"title":"Elimoinatoires du Mondial-2022 : Niger - Alg\u00e9rie d\u00e9cal\u00e9 au 12 octobre - La Sentinelle","robots":{"index":"index","follow":"follow","max-snippet":"max-snippet:-1","max-image-preview":"max-image-preview:large","max-video-preview":"max-video-preview:-1"},"canonical":"https:\/\/lasentinelle.dz\/index.php\/2021\/09\/21\/elimoinatoires-du-mondial-2022-niger-algerie-decale-au-12-octobre\/","og_locale":"fr_FR","og_type":"article","og_title":"Elimoinatoires du Mondial-2022 : Niger - Alg\u00e9rie d\u00e9cal\u00e9 au 12 octobre - La Sentinelle","og_description":"Ce match aura lieu \u00e0 partir de 14h au stade du G\u00e9n\u00e9ral Seyni Kountch\u00e9 de Niamey, au lieu du lundi","og_url":"https:\/\/lasentinelle.dz\/index.php\/2021\/09\/21\/elimoinatoires-du-mondial-2022-niger-algerie-decale-au-12-octobre\/","og_site_name":"La Sentinelle","article_publisher":"https:\/\/www.facebook.com\/La-Sentinelle-104059864394773","article_published_time":"2021-09-20T23:01:00+00:00","og_image":[{"width":1875,"height":1250,"url":"https:\/\/lasentinelle.dz\/wp-content\/uploads\/2021\/09\/Algerie-1.jpg","type":"image\/jpeg"}],"author":"La Sentinelle","twitter_card":"summary_large_image","twitter_misc":{"\u00c9crit par":"La Sentinelle","Dur\u00e9e de lecture estim\u00e9e":"2 minutes"},"schema":{"@context":"https:\/\/schema.org","@graph":[{"@type":"Article","@id":"https:\/\/lasentinelle.dz\/index.php\/2021\/09\/21\/elimoinatoires-du-mondial-2022-niger-algerie-decale-au-12-octobre\/#article","isPartOf":{"@id":"https:\/\/lasentinelle.dz\/index.php\/2021\/09\/21\/elimoinatoires-du-mondial-2022-niger-algerie-decale-au-12-octobre\/"},"author":{"name":"La Sentinelle","@id":"https:\/\/lasentinelle.dz\/#\/schema\/person\/d865044e22e70a75174ce8bcad3acfb3"},"headline":"Elimoinatoires du Mondial-2022 : Niger &#8211; Alg\u00e9rie d\u00e9cal\u00e9 au 12 octobre","datePublished":"2021-09-20T23:01:00+00:00","mainEntityOfPage":{"@id":"https:\/\/lasentinelle.dz\/index.php\/2021\/09\/21\/elimoinatoires-du-mondial-2022-niger-algerie-decale-au-12-octobre\/"},"wordCount":467,"commentCount":0,"publisher":{"@id":"https:\/\/lasentinelle.dz\/#organization"},"image":{"@id":"https:\/\/lasentinelle.dz\/index.php\/2021\/09\/21\/elimoinatoires-du-mondial-2022-niger-algerie-decale-au-12-octobre\/#primaryimage"},"thumbnailUrl":"https:\/\/lasentinelle.dz\/wp-content\/uploads\/2021\/09\/Algerie-1.jpg","articleSection":["Sports"],"inLanguage":"fr-FR","potentialAction":[{"@type":"CommentAction","name":"Comment","target":["https:\/\/lasentinelle.dz\/index.php\/2021\/09\/21\/elimoinatoires-du-mondial-2022-niger-algerie-decale-au-12-octobre\/#respond"]}]},{"@type":"WebPage","@id":"https:\/\/lasentinelle.dz\/index.php\/2021\/09\/21\/elimoinatoires-du-mondial-2022-niger-algerie-decale-au-12-octobre\/","url":"https:\/\/lasentinelle.dz\/index.php\/2021\/09\/21\/elimoinatoires-du-mondial-2022-niger-algerie-decale-au-12-octobre\/","name":"Elimoinatoires du Mondial-2022 : Niger - Alg\u00e9rie d\u00e9cal\u00e9 au 12 octobre - La Sentinelle","isPartOf":{"@id":"https:\/\/lasentinelle.dz\/#website"},"primaryImageOfPage":{"@id":"https:\/\/lasentinelle.dz\/index.php\/2021\/09\/21\/elimoinatoires-du-mondial-2022-niger-algerie-decale-au-12-octobre\/#primaryimage"},"image":{"@id":"https:\/\/lasentinelle.dz\/index.php\/2021\/09\/21\/elimoinatoires-du-mondial-2022-niger-algerie-decale-au-12-octobre\/#primaryimage"},"thumbnailUrl":"https:\/\/lasentinelle.dz\/wp-content\/uploads\/2021\/09\/Algerie-1.jpg","datePublished":"2021-09-20T23:01:00+00:00","breadcrumb":{"@id":"https:\/\/lasentinelle.dz\/index.php\/2021\/09\/21\/elimoinatoires-du-mondial-2022-niger-algerie-decale-au-12-octobre\/#breadcrumb"},"inLanguage":"fr-FR","potentialAction":[{"@type":"ReadAction","target":["https:\/\/lasentinelle.dz\/index.php\/2021\/09\/21\/elimoinatoires-du-mondial-2022-niger-algerie-decale-au-12-octobre\/"]}]},{"@type":"ImageObject","inLanguage":"fr-FR","@id":"https:\/\/lasentinelle.dz\/index.php\/2021\/09\/21\/elimoinatoires-du-mondial-2022-niger-algerie-decale-au-12-octobre\/#primaryimage","url":"https:\/\/lasentinelle.dz\/wp-content\/uploads\/2021\/09\/Algerie-1.jpg","contentUrl":"https:\/\/lasentinelle.dz\/wp-content\/uploads\/2021\/09\/Algerie-1.jpg","width":1875,"height":1250},{"@type":"BreadcrumbList","@id":"https:\/\/lasentinelle.dz\/index.php\/2021\/09\/21\/elimoinatoires-du-mondial-2022-niger-algerie-decale-au-12-octobre\/#breadcrumb","itemListElement":[{"@type":"ListItem","position":1,"name":"Accueil","item":"https:\/\/lasentinelle.dz\/"},{"@type":"ListItem","position":2,"name":"Elimoinatoires du Mondial-2022 : Niger &#8211; Alg\u00e9rie d\u00e9cal\u00e9 au 12 octobre"}]},{"@type":"WebSite","@id":"https:\/\/lasentinelle.dz\/#website","url":"https:\/\/lasentinelle.dz\/","name":"La Sentinelle","description":"Quotidien national d&#039;information","publisher":{"@id":"https:\/\/lasentinelle.dz\/#organization"},"potentialAction":[{"@type":"SearchAction","target":{"@type":"EntryPoint","urlTemplate":"https:\/\/lasentinelle.dz\/?s={search_term_string}"},"query-input":{"@type":"PropertyValueSpecification","valueRequired":true,"valueName":"search_term_string"}}],"inLanguage":"fr-FR"},{"@type":"Organization","@id":"https:\/\/lasentinelle.dz\/#organization","name":"Quotidien La Sentinelle","url":"https:\/\/lasentinelle.dz\/","logo":{"@type":"ImageObject","inLanguage":"fr-FR","@id":"https:\/\/lasentinelle.dz\/#\/schema\/logo\/image\/","url":"https:\/\/lasentinelle.dz\/wp-content\/uploads\/2021\/09\/logo-sentinelleSLOGAN-1.png","contentUrl":"https:\/\/lasentinelle.dz\/wp-content\/uploads\/2021\/09\/logo-sentinelleSLOGAN-1.png","width":615,"height":142,"caption":"Quotidien La Sentinelle"},"image":{"@id":"https:\/\/lasentinelle.dz\/#\/schema\/logo\/image\/"},"sameAs":["https:\/\/www.facebook.com\/La-Sentinelle-104059864394773"]},{"@type":"Person","@id":"https:\/\/lasentinelle.dz\/#\/schema\/person\/d865044e22e70a75174ce8bcad3acfb3","name":"La Sentinelle","image":{"@type":"ImageObject","inLanguage":"fr-FR","@id":"https:\/\/secure.gravatar.com\/avatar\/57de8e5d4b15d43fb361a71fbb36338450fe67865b528a43dd10ef7c51a20392?s=96&d=mm&r=g","url":"https:\/\/secure.gravatar.com\/avatar\/57de8e5d4b15d43fb361a71fbb36338450fe67865b528a43dd10ef7c51a20392?s=96&d=mm&r=g","contentUrl":"https:\/\/secure.gravatar.com\/avatar\/57de8e5d4b15d43fb361a71fbb36338450fe67865b528a43dd10ef7c51a20392?s=96&d=mm&r=g","caption":"La Sentinelle"},"sameAs":["http:\/\/www.lasentinelle.dz"],"url":"https:\/\/lasentinelle.dz\/author\/redaction\/"}]}},"_links":{"self":[{"href":"https:\/\/lasentinelle.dz\/index.php\/wp-json\/wp\/v2\/posts\/8544","targetHints":{"allow":["GET"]}}],"collection":[{"href":"https:\/\/lasentinelle.dz\/index.php\/wp-json\/wp\/v2\/posts"}],"about":[{"href":"https:\/\/lasentinelle.dz\/index.php\/wp-json\/wp\/v2\/types\/post"}],"author":[{"embeddable":true,"href":"https:\/\/lasentinelle.dz\/index.php\/wp-json\/wp\/v2\/users\/3"}],"replies":[{"embeddable":true,"href":"https:\/\/lasentinelle.dz\/index.php\/wp-json\/wp\/v2\/comments?post=8544"}],"version-history":[{"count":1,"href":"https:\/\/lasentinelle.dz\/index.php\/wp-json\/wp\/v2\/posts\/8544\/revisions"}],"predecessor-version":[{"id":8550,"href":"https:\/\/lasentinelle.dz\/index.php\/wp-json\/wp\/v2\/posts\/8544\/revisions\/8550"}],"wp:featuredmedia":[{"embeddable":true,"href":"https:\/\/lasentinelle.dz\/index.php\/wp-json\/wp\/v2\/media\/8549"}],"wp:attachment":[{"href":"https:\/\/lasentinelle.dz\/index.php\/wp-json\/wp\/v2\/media?parent=8544"}],"wp:term":[{"taxonomy":"category","embeddable":true,"href":"https:\/\/lasentinelle.dz\/index.php\/wp-json\/wp\/v2\/categories?post=8544"},{"taxonomy":"post_tag","embeddable":true,"href":"https:\/\/lasentinelle.dz\/index.php\/wp-json\/wp\/v2\/tags?post=8544"}],"curies":[{"name":"wp","href":"https:\/\/api.w.org\/{rel}","templated":true}]}}