{"id":85600,"date":"2026-04-13T21:40:53","date_gmt":"2026-04-13T20:40:53","guid":{"rendered":"https:\/\/lasentinelle.dz\/?p=85600"},"modified":"2026-04-13T21:40:54","modified_gmt":"2026-04-13T20:40:54","slug":"le-ministere-des-sports-lance-une-offensive-nationale-pour-qualifier-ses-cadres","status":"publish","type":"post","link":"https:\/\/lasentinelle.dz\/index.php\/2026\/04\/13\/le-ministere-des-sports-lance-une-offensive-nationale-pour-qualifier-ses-cadres\/","title":{"rendered":"Le minist\u00e8re des Sports lance une offensive nationale pour qualifier ses cadres"},"content":{"rendered":"\n<p class=\"wp-block-paragraph\">Athl\u00e9tisme, handball, gymnastique, judo, pr\u00e9paration physique : le minist\u00e8re des Sports a d\u00e9clench\u00e9 en avril 2026 une vague de formations sp\u00e9cialis\u00e9es sur l&rsquo;ensemble du territoire national. De Oran \u00e0 Annaba en passant par S\u00e9tif et Biskra, plusieurs \u00e9tablissements sportifs accueillent simultan\u00e9ment des cycles destin\u00e9s \u00e0 \u00e9lever le niveau de l&rsquo;encadrement alg\u00e9rien. Un signal fort, au moment o\u00f9 les exigences de la comp\u00e9tition internationale n&rsquo;ont jamais \u00e9t\u00e9 aussi \u00e9lev\u00e9es. C&rsquo;est par voie de communiqu\u00e9 publi\u00e9 ce lundi que le minist\u00e8re des Sports a officialis\u00e9 le coup d&rsquo;envoi de cette initiative. Le texte la pr\u00e9sente comme s&rsquo;inscrivant \u00ab dans la strat\u00e9gie nationale visant \u00e0 qualifier davantage les cadres sportifs et \u00e0 renforcer leurs comp\u00e9tences \u00bb, dans le cadre plus large d&rsquo;une \u00ab politique de d\u00e9veloppement des ressources humaines et d&rsquo;am\u00e9lioration de l&rsquo;encadrement sportif \u00bb. En clair : le secteur a d\u00e9cid\u00e9 de s&rsquo;attaquer frontalement \u00e0 l&rsquo;un de ses talons d&rsquo;Achille historiques, la formation des formateurs.<\/p>\n\n\n\n<p class=\"wp-block-paragraph\">Le dispositif a \u00e9t\u00e9 amorc\u00e9 d\u00e8s le 12 avril 2026 avec le lancement de sessions pour l&rsquo;obtention du certificat d&rsquo;\u00e9ducateur sportif, aux premier et deuxi\u00e8me degr\u00e9s, en r\u00e9gime de temps partiel. Quatre disciplines sont concern\u00e9es dans cette premi\u00e8re vague : l&rsquo;athl\u00e9tisme, le handball, la gymnastique et le judo. Les formations se d\u00e9roulent au complexe sportif Miloud-Hadefi d&rsquo;Oran, vitrine sportive de l&rsquo;ouest du pays, ainsi qu&rsquo;\u00e0 l&rsquo;Institut d&rsquo;A\u00efn Benian, en p\u00e9riph\u00e9rie d&rsquo;Alger, pour la sp\u00e9cialit\u00e9 de l&rsquo;athl\u00e9tisme. Ces certificats d&rsquo;\u00e9ducateur sportif constituent le socle de la pyramide de qualification en Alg\u00e9rie. Ils permettent \u00e0 leurs titulaires d&rsquo;encadrer officiellement des pratiquants, de prendre en charge des groupes d&rsquo;entra\u00eenement et de s&rsquo;inscrire dans les structures f\u00e9d\u00e9rales et associatives. Leur d\u00e9livrance en r\u00e9gime de temps partiel est un choix p\u00e9dagogique d\u00e9lib\u00e9r\u00e9 : il permet \u00e0 des encadreurs d\u00e9j\u00e0 en activit\u00e9, souvent b\u00e9n\u00e9voles au sein de clubs, de se former sans interrompre leurs engagements quotidiens.<\/p>\n\n\n\n<p class=\"wp-block-paragraph\">Une semaine plus tard, le dispositif monte d&rsquo;un cran. \u00c0 partir du 20 avril 2026, l&rsquo;\u00c9cole sup\u00e9rieure des sciences et technologies du sport (ESSTS) ouvrira ses portes \u00e0 une promotion d&rsquo;\u00e9ducateurs principaux des activit\u00e9s physiques et sportives, toutes disciplines confondues. Cette formation de troisi\u00e8me degr\u00e9, men\u00e9e en coordination avec l&rsquo;\u00c9cole nationale des sports olympiques de S\u00e9tif, s&rsquo;adresse \u00e0 un public d\u00e9j\u00e0 exp\u00e9riment\u00e9, en qu\u00eate d&rsquo;une qualification sup\u00e9rieure. Elle repr\u00e9sente l&rsquo;\u00e9chelon le plus exigeant du cycle lanc\u00e9 ce mois-ci.<\/p>\n\n\n\n<p class=\"wp-block-paragraph\">Parall\u00e8lement, un volet d\u00e9di\u00e9 \u00e0 la pr\u00e9paration physique viendra compl\u00e9ter l&rsquo;offre de formation. \u00c0 l&rsquo;\u00c9cole r\u00e9gionale des sports olympiques de Biskra, des cycles seront ouverts aux titulaires d&rsquo;une licence en \u00e9ducation physique et sportive ainsi qu&rsquo;aux \u00e9ducateurs principaux souhaitant se sp\u00e9cialiser dans ce domaine. La pr\u00e9paration physique, longtemps parent pauvre de la formation sportive alg\u00e9rienne, fait ainsi l&rsquo;objet d&rsquo;une attention particuli\u00e8re dans ce programme. Le Centre de regroupement et de pr\u00e9paration des \u00e9lites nationales de Sera\u00efdi, nich\u00e9 dans les hauteurs d&rsquo;Annaba, viendra clore le dispositif g\u00e9ographique. Il accueillera des sessions de pr\u00e9paration physique destin\u00e9es aux titulaires d&rsquo;un niveau d&rsquo;enseignement secondaire ou sup\u00e9rieur. Au total, ce sont donc cinq \u00e9tablissements r\u00e9partis sur quatre wilayas \u2014 Oran, Alger, S\u00e9tif, Biskra et Annaba \u2014 qui sont mobilis\u00e9s simultan\u00e9ment en ce mois d&rsquo;avril, couvrant un spectre allant du certificat \u00e9l\u00e9mentaire \u00e0 la formation sup\u00e9rieure.<\/p>\n\n\n\n<p class=\"wp-block-paragraph\">Dans son communiqu\u00e9, le minist\u00e8re ne cache pas les ambitions qui sous-tendent cette mobilisation. Le secteur y \u00ab r\u00e9affirme son engagement \u00e0 b\u00e2tir une base humaine qualifi\u00e9e, capable de r\u00e9pondre aux exigences du d\u00e9veloppement sportif \u00bb, avec pour objectif d\u00e9clar\u00e9 \u00ab d&rsquo;am\u00e9liorer la qualit\u00e9 de l&rsquo;encadrement et des performances, et de contribuer \u00e0 la r\u00e9alisation de r\u00e9sultats honorables aux niveaux national et international \u00bb. Et d&rsquo;insister sur le fait que \u00ab cet effort s&rsquo;inscrit dans une vision strat\u00e9gique fond\u00e9e sur l&rsquo;investissement dans les comp\u00e9tences et la construction de l&rsquo;avenir sportif national \u00bb.<\/p>\n\n\n\n<p class=\"wp-block-paragraph\">M.D.<\/p>\n","protected":false},"excerpt":{"rendered":"<p>Athl\u00e9tisme, handball, gymnastique, judo, pr\u00e9paration physique : le minist\u00e8re des Sports a d\u00e9clench\u00e9 en avril 2026 une vague de formations<\/p>\n","protected":false},"author":6,"featured_media":85601,"comment_status":"open","ping_status":"closed","sticky":false,"template":"","format":"standard","meta":{"colormag_page_container_layout":"default_layout","colormag_page_sidebar_layout":"default_layout","om_disable_all_campaigns":false,"_monsterinsights_skip_tracking":false,"footnotes":"","_wpscppro_dont_share_socialmedia":false,"_wpscppro_custom_social_share_image":0,"_facebook_share_type":"default","_twitter_share_type":"default","_linkedin_share_type":"default","_pinterest_share_type":"default","_linkedin_share_type_page":"","_instagram_share_type":"default","_medium_share_type":"default","_threads_share_type":"default","_google_business_share_type":"default","_bluesky_share_type":"","_mastodon_share_type":"","_selected_social_profile":[],"_wpsp_enable_custom_social_template":false,"_wpsp_social_scheduling":{"enabled":false,"datetime":null,"platforms":[],"status":"template_only","dateOption":"today","timeOption":"now","customDays":"","customHours":"","customDate":"","customTime":"","schedulingType":"absolute"},"_wpsp_active_default_template":true},"categories":[33],"tags":[],"class_list":["post-85600","post","type-post","status-publish","format-standard","has-post-thumbnail","hentry","category-sports"],"aioseo_notices":[],"aioseo_head":"\n\t\t<!-- All in One SEO 5.0.0.1 - aioseo.com -->\n\t<meta name=\"description\" content=\"Athl\u00e9tisme, handball, gymnastique, judo, pr\u00e9paration physique : le minist\u00e8re des Sports a d\u00e9clench\u00e9 en avril 2026 une vague de formations sp\u00e9cialis\u00e9es sur l&#039;ensemble du territoire national. De Oran \u00e0 Annaba en passant par S\u00e9tif et Biskra, plusieurs \u00e9tablissements sportifs accueillent simultan\u00e9ment des cycles destin\u00e9s \u00e0 \u00e9lever le niveau de l&#039;encadrement alg\u00e9rien. Un signal fort, au\" \/>\n\t<meta name=\"robots\" content=\"max-image-preview:large\" \/>\n\t<meta name=\"author\" content=\"admin\"\/>\n\t<link rel=\"canonical\" href=\"https:\/\/lasentinelle.dz\/index.php\/2026\/04\/13\/le-ministere-des-sports-lance-une-offensive-nationale-pour-qualifier-ses-cadres\/\" \/>\n\t<meta name=\"generator\" content=\"All in One SEO (AIOSEO) 5.0.0.1\" \/>\n\t\t<meta property=\"og:locale\" content=\"fr_FR\" \/>\n\t\t<meta property=\"og:site_name\" content=\"La Sentinelle - Quotidien national d&#039;information\" \/>\n\t\t<meta property=\"og:type\" content=\"article\" \/>\n\t\t<meta property=\"og:title\" content=\"Le minist\u00e8re des Sports lance une offensive nationale pour qualifier ses cadres - La Sentinelle\" \/>\n\t\t<meta property=\"og:description\" content=\"Athl\u00e9tisme, handball, gymnastique, judo, pr\u00e9paration physique : le minist\u00e8re des Sports a d\u00e9clench\u00e9 en avril 2026 une vague de formations sp\u00e9cialis\u00e9es sur l&#039;ensemble du territoire national. De Oran \u00e0 Annaba en passant par S\u00e9tif et Biskra, plusieurs \u00e9tablissements sportifs accueillent simultan\u00e9ment des cycles destin\u00e9s \u00e0 \u00e9lever le niveau de l&#039;encadrement alg\u00e9rien. Un signal fort, au\" \/>\n\t\t<meta property=\"og:url\" content=\"https:\/\/lasentinelle.dz\/index.php\/2026\/04\/13\/le-ministere-des-sports-lance-une-offensive-nationale-pour-qualifier-ses-cadres\/\" \/>\n\t\t<meta property=\"og:image\" content=\"https:\/\/lasentinelle.dz\/wp-content\/uploads\/2021\/09\/cropped-la-sentinelle-earth-golden-anima-5.gif\" \/>\n\t\t<meta property=\"og:image:secure_url\" content=\"https:\/\/lasentinelle.dz\/wp-content\/uploads\/2021\/09\/cropped-la-sentinelle-earth-golden-anima-5.gif\" \/>\n\t\t<meta property=\"og:image:width\" content=\"450\" \/>\n\t\t<meta property=\"og:image:height\" content=\"213\" \/>\n\t\t<meta property=\"article:published_time\" content=\"2026-04-13T20:40:53+00:00\" \/>\n\t\t<meta property=\"article:modified_time\" content=\"2026-04-13T20:40:54+00:00\" \/>\n\t\t<meta property=\"article:publisher\" content=\"https:\/\/www.facebook.com\/azzedine.lasentinelle.1\" \/>\n\t\t<meta name=\"twitter:card\" content=\"summary_large_image\" \/>\n\t\t<meta name=\"twitter:title\" content=\"Le minist\u00e8re des Sports lance une offensive nationale pour qualifier ses cadres - La Sentinelle\" \/>\n\t\t<meta name=\"twitter:description\" content=\"Athl\u00e9tisme, handball, gymnastique, judo, pr\u00e9paration physique : le minist\u00e8re des Sports a d\u00e9clench\u00e9 en avril 2026 une vague de formations sp\u00e9cialis\u00e9es sur l&#039;ensemble du territoire national. De Oran \u00e0 Annaba en passant par S\u00e9tif et Biskra, plusieurs \u00e9tablissements sportifs accueillent simultan\u00e9ment des cycles destin\u00e9s \u00e0 \u00e9lever le niveau de l&#039;encadrement alg\u00e9rien. Un signal fort, au\" \/>\n\t\t<meta name=\"twitter:image\" content=\"https:\/\/lasentinelle.dz\/wp-content\/uploads\/2021\/09\/cropped-la-sentinelle-earth-golden-anima-5.gif\" \/>\n\t\t<script type=\"application\/ld+json\" class=\"aioseo-schema\">\n\t\t\t{\"@context\":\"https:\\\/\\\/schema.org\",\"@graph\":[{\"@type\":\"BlogPosting\",\"@id\":\"https:\\\/\\\/lasentinelle.dz\\\/index.php\\\/2026\\\/04\\\/13\\\/le-ministere-des-sports-lance-une-offensive-nationale-pour-qualifier-ses-cadres\\\/#blogposting\",\"name\":\"Le minist\\u00e8re des Sports lance une offensive nationale pour qualifier ses cadres - La Sentinelle\",\"headline\":\"Le minist\\u00e8re des Sports lance une offensive nationale pour qualifier ses cadres\",\"author\":{\"@id\":\"https:\\\/\\\/lasentinelle.dz\\\/author\\\/admin\\\/#author\"},\"publisher\":{\"@id\":\"https:\\\/\\\/lasentinelle.dz\\\/#organization\"},\"image\":{\"@type\":\"ImageObject\",\"url\":\"https:\\\/\\\/lasentinelle.dz\\\/wp-content\\\/uploads\\\/2026\\\/04\\\/669653692_122165213624719963_5368534089011390983_n.jpg\",\"width\":1080,\"height\":1080},\"datePublished\":\"2026-04-13T21:40:53+01:00\",\"dateModified\":\"2026-04-13T21:40:54+01:00\",\"inLanguage\":\"fr-FR\",\"mainEntityOfPage\":{\"@id\":\"https:\\\/\\\/lasentinelle.dz\\\/index.php\\\/2026\\\/04\\\/13\\\/le-ministere-des-sports-lance-une-offensive-nationale-pour-qualifier-ses-cadres\\\/#webpage\"},\"isPartOf\":{\"@id\":\"https:\\\/\\\/lasentinelle.dz\\\/index.php\\\/2026\\\/04\\\/13\\\/le-ministere-des-sports-lance-une-offensive-nationale-pour-qualifier-ses-cadres\\\/#webpage\"},\"articleSection\":\"Sports\"},{\"@type\":\"BreadcrumbList\",\"@id\":\"https:\\\/\\\/lasentinelle.dz\\\/index.php\\\/2026\\\/04\\\/13\\\/le-ministere-des-sports-lance-une-offensive-nationale-pour-qualifier-ses-cadres\\\/#breadcrumblist\",\"itemListElement\":[{\"@type\":\"ListItem\",\"@id\":\"https:\\\/\\\/lasentinelle.dz#listItem\",\"position\":1,\"name\":\"Home\",\"item\":\"https:\\\/\\\/lasentinelle.dz\",\"nextItem\":{\"@type\":\"ListItem\",\"@id\":\"https:\\\/\\\/lasentinelle.dz\\\/index.php\\\/category\\\/sports\\\/#listItem\",\"name\":\"Sports\"}},{\"@type\":\"ListItem\",\"@id\":\"https:\\\/\\\/lasentinelle.dz\\\/index.php\\\/category\\\/sports\\\/#listItem\",\"position\":2,\"name\":\"Sports\",\"item\":\"https:\\\/\\\/lasentinelle.dz\\\/index.php\\\/category\\\/sports\\\/\",\"nextItem\":{\"@type\":\"ListItem\",\"@id\":\"https:\\\/\\\/lasentinelle.dz\\\/index.php\\\/2026\\\/04\\\/13\\\/le-ministere-des-sports-lance-une-offensive-nationale-pour-qualifier-ses-cadres\\\/#listItem\",\"name\":\"Le minist\\u00e8re des Sports lance une offensive nationale pour qualifier ses cadres\"},\"previousItem\":{\"@type\":\"ListItem\",\"@id\":\"https:\\\/\\\/lasentinelle.dz#listItem\",\"name\":\"Home\"}},{\"@type\":\"ListItem\",\"@id\":\"https:\\\/\\\/lasentinelle.dz\\\/index.php\\\/2026\\\/04\\\/13\\\/le-ministere-des-sports-lance-une-offensive-nationale-pour-qualifier-ses-cadres\\\/#listItem\",\"position\":3,\"name\":\"Le minist\\u00e8re des Sports lance une offensive nationale pour qualifier ses cadres\",\"previousItem\":{\"@type\":\"ListItem\",\"@id\":\"https:\\\/\\\/lasentinelle.dz\\\/index.php\\\/category\\\/sports\\\/#listItem\",\"name\":\"Sports\"}}]},{\"@type\":\"Organization\",\"@id\":\"https:\\\/\\\/lasentinelle.dz\\\/#organization\",\"name\":\"La Sentinelle La Sentinelle\",\"description\":\"Quotidien national d'information\",\"url\":\"https:\\\/\\\/lasentinelle.dz\\\/\",\"logo\":{\"@type\":\"ImageObject\",\"url\":\"https:\\\/\\\/lasentinelle.dz\\\/wp-content\\\/uploads\\\/2021\\\/09\\\/cropped-la-sentinelle-earth-golden-anima-5.gif\",\"@id\":\"https:\\\/\\\/lasentinelle.dz\\\/index.php\\\/2026\\\/04\\\/13\\\/le-ministere-des-sports-lance-une-offensive-nationale-pour-qualifier-ses-cadres\\\/#organizationLogo\",\"width\":450,\"height\":213},\"image\":{\"@id\":\"https:\\\/\\\/lasentinelle.dz\\\/index.php\\\/2026\\\/04\\\/13\\\/le-ministere-des-sports-lance-une-offensive-nationale-pour-qualifier-ses-cadres\\\/#organizationLogo\"},\"sameAs\":[\"https:\\\/\\\/www.facebook.com\\\/azzedine.lasentinelle.1\"]},{\"@type\":\"Person\",\"@id\":\"https:\\\/\\\/lasentinelle.dz\\\/author\\\/admin\\\/#author\",\"url\":\"https:\\\/\\\/lasentinelle.dz\\\/author\\\/admin\\\/\",\"name\":\"admin\",\"image\":{\"@type\":\"ImageObject\",\"@id\":\"https:\\\/\\\/lasentinelle.dz\\\/index.php\\\/2026\\\/04\\\/13\\\/le-ministere-des-sports-lance-une-offensive-nationale-pour-qualifier-ses-cadres\\\/#authorImage\",\"url\":\"https:\\\/\\\/secure.gravatar.com\\\/avatar\\\/4c81fed838786e9b53f540bf46533e750f5d292099ae3b66cfc6fb1982e29df7?s=96&d=mm&r=g\",\"width\":96,\"height\":96,\"caption\":\"admin\"}},{\"@type\":\"WebPage\",\"@id\":\"https:\\\/\\\/lasentinelle.dz\\\/index.php\\\/2026\\\/04\\\/13\\\/le-ministere-des-sports-lance-une-offensive-nationale-pour-qualifier-ses-cadres\\\/#webpage\",\"url\":\"https:\\\/\\\/lasentinelle.dz\\\/index.php\\\/2026\\\/04\\\/13\\\/le-ministere-des-sports-lance-une-offensive-nationale-pour-qualifier-ses-cadres\\\/\",\"name\":\"Le minist\\u00e8re des Sports lance une offensive nationale pour qualifier ses cadres - La Sentinelle\",\"description\":\"Athl\\u00e9tisme, handball, gymnastique, judo, pr\\u00e9paration physique : le minist\\u00e8re des Sports a d\\u00e9clench\\u00e9 en avril 2026 une vague de formations sp\\u00e9cialis\\u00e9es sur l'ensemble du territoire national. De Oran \\u00e0 Annaba en passant par S\\u00e9tif et Biskra, plusieurs \\u00e9tablissements sportifs accueillent simultan\\u00e9ment des cycles destin\\u00e9s \\u00e0 \\u00e9lever le niveau de l'encadrement alg\\u00e9rien. Un signal fort, au\",\"inLanguage\":\"fr-FR\",\"isPartOf\":{\"@id\":\"https:\\\/\\\/lasentinelle.dz\\\/#website\"},\"breadcrumb\":{\"@id\":\"https:\\\/\\\/lasentinelle.dz\\\/index.php\\\/2026\\\/04\\\/13\\\/le-ministere-des-sports-lance-une-offensive-nationale-pour-qualifier-ses-cadres\\\/#breadcrumblist\"},\"author\":{\"@id\":\"https:\\\/\\\/lasentinelle.dz\\\/author\\\/admin\\\/#author\"},\"creator\":{\"@id\":\"https:\\\/\\\/lasentinelle.dz\\\/author\\\/admin\\\/#author\"},\"image\":{\"@type\":\"ImageObject\",\"url\":\"https:\\\/\\\/lasentinelle.dz\\\/wp-content\\\/uploads\\\/2026\\\/04\\\/669653692_122165213624719963_5368534089011390983_n.jpg\",\"@id\":\"https:\\\/\\\/lasentinelle.dz\\\/index.php\\\/2026\\\/04\\\/13\\\/le-ministere-des-sports-lance-une-offensive-nationale-pour-qualifier-ses-cadres\\\/#mainImage\",\"width\":1080,\"height\":1080},\"primaryImageOfPage\":{\"@id\":\"https:\\\/\\\/lasentinelle.dz\\\/index.php\\\/2026\\\/04\\\/13\\\/le-ministere-des-sports-lance-une-offensive-nationale-pour-qualifier-ses-cadres\\\/#mainImage\"},\"datePublished\":\"2026-04-13T21:40:53+01:00\",\"dateModified\":\"2026-04-13T21:40:54+01:00\"},{\"@type\":\"WebSite\",\"@id\":\"https:\\\/\\\/lasentinelle.dz\\\/#website\",\"url\":\"https:\\\/\\\/lasentinelle.dz\\\/\",\"name\":\"La Sentinelle\",\"description\":\"Quotidien national d'information\",\"inLanguage\":\"fr-FR\",\"publisher\":{\"@id\":\"https:\\\/\\\/lasentinelle.dz\\\/#organization\"}}]}\n\t\t<\/script>\n\t\t<!-- All in One SEO -->\n\n","aioseo_head_json":{"title":"Le minist\u00e8re des Sports lance une offensive nationale pour qualifier ses cadres - La Sentinelle","description":"Athl\u00e9tisme, handball, gymnastique, judo, pr\u00e9paration physique : le minist\u00e8re des Sports a d\u00e9clench\u00e9 en avril 2026 une vague de formations sp\u00e9cialis\u00e9es sur l'ensemble du territoire national. De Oran \u00e0 Annaba en passant par S\u00e9tif et Biskra, plusieurs \u00e9tablissements sportifs accueillent simultan\u00e9ment des cycles destin\u00e9s \u00e0 \u00e9lever le niveau de l'encadrement alg\u00e9rien. Un signal fort, au","canonical_url":"https:\/\/lasentinelle.dz\/index.php\/2026\/04\/13\/le-ministere-des-sports-lance-une-offensive-nationale-pour-qualifier-ses-cadres\/","robots":"max-image-preview:large","keywords":"","webmasterTools":{"miscellaneous":""},"schema":{"@context":"https:\/\/schema.org","@graph":[{"@type":"BlogPosting","@id":"https:\/\/lasentinelle.dz\/index.php\/2026\/04\/13\/le-ministere-des-sports-lance-une-offensive-nationale-pour-qualifier-ses-cadres\/#blogposting","name":"Le minist\u00e8re des Sports lance une offensive nationale pour qualifier ses cadres - La Sentinelle","headline":"Le minist\u00e8re des Sports lance une offensive nationale pour qualifier ses cadres","author":{"@id":"https:\/\/lasentinelle.dz\/author\/admin\/#author"},"publisher":{"@id":"https:\/\/lasentinelle.dz\/#organization"},"image":{"@type":"ImageObject","url":"https:\/\/lasentinelle.dz\/wp-content\/uploads\/2026\/04\/669653692_122165213624719963_5368534089011390983_n.jpg","width":1080,"height":1080},"datePublished":"2026-04-13T21:40:53+01:00","dateModified":"2026-04-13T21:40:54+01:00","inLanguage":"fr-FR","mainEntityOfPage":{"@id":"https:\/\/lasentinelle.dz\/index.php\/2026\/04\/13\/le-ministere-des-sports-lance-une-offensive-nationale-pour-qualifier-ses-cadres\/#webpage"},"isPartOf":{"@id":"https:\/\/lasentinelle.dz\/index.php\/2026\/04\/13\/le-ministere-des-sports-lance-une-offensive-nationale-pour-qualifier-ses-cadres\/#webpage"},"articleSection":"Sports"},{"@type":"BreadcrumbList","@id":"https:\/\/lasentinelle.dz\/index.php\/2026\/04\/13\/le-ministere-des-sports-lance-une-offensive-nationale-pour-qualifier-ses-cadres\/#breadcrumblist","itemListElement":[{"@type":"ListItem","@id":"https:\/\/lasentinelle.dz#listItem","position":1,"name":"Home","item":"https:\/\/lasentinelle.dz","nextItem":{"@type":"ListItem","@id":"https:\/\/lasentinelle.dz\/index.php\/category\/sports\/#listItem","name":"Sports"}},{"@type":"ListItem","@id":"https:\/\/lasentinelle.dz\/index.php\/category\/sports\/#listItem","position":2,"name":"Sports","item":"https:\/\/lasentinelle.dz\/index.php\/category\/sports\/","nextItem":{"@type":"ListItem","@id":"https:\/\/lasentinelle.dz\/index.php\/2026\/04\/13\/le-ministere-des-sports-lance-une-offensive-nationale-pour-qualifier-ses-cadres\/#listItem","name":"Le minist\u00e8re des Sports lance une offensive nationale pour qualifier ses cadres"},"previousItem":{"@type":"ListItem","@id":"https:\/\/lasentinelle.dz#listItem","name":"Home"}},{"@type":"ListItem","@id":"https:\/\/lasentinelle.dz\/index.php\/2026\/04\/13\/le-ministere-des-sports-lance-une-offensive-nationale-pour-qualifier-ses-cadres\/#listItem","position":3,"name":"Le minist\u00e8re des Sports lance une offensive nationale pour qualifier ses cadres","previousItem":{"@type":"ListItem","@id":"https:\/\/lasentinelle.dz\/index.php\/category\/sports\/#listItem","name":"Sports"}}]},{"@type":"Organization","@id":"https:\/\/lasentinelle.dz\/#organization","name":"La Sentinelle La Sentinelle","description":"Quotidien national d'information","url":"https:\/\/lasentinelle.dz\/","logo":{"@type":"ImageObject","url":"https:\/\/lasentinelle.dz\/wp-content\/uploads\/2021\/09\/cropped-la-sentinelle-earth-golden-anima-5.gif","@id":"https:\/\/lasentinelle.dz\/index.php\/2026\/04\/13\/le-ministere-des-sports-lance-une-offensive-nationale-pour-qualifier-ses-cadres\/#organizationLogo","width":450,"height":213},"image":{"@id":"https:\/\/lasentinelle.dz\/index.php\/2026\/04\/13\/le-ministere-des-sports-lance-une-offensive-nationale-pour-qualifier-ses-cadres\/#organizationLogo"},"sameAs":["https:\/\/www.facebook.com\/azzedine.lasentinelle.1"]},{"@type":"Person","@id":"https:\/\/lasentinelle.dz\/author\/admin\/#author","url":"https:\/\/lasentinelle.dz\/author\/admin\/","name":"admin","image":{"@type":"ImageObject","@id":"https:\/\/lasentinelle.dz\/index.php\/2026\/04\/13\/le-ministere-des-sports-lance-une-offensive-nationale-pour-qualifier-ses-cadres\/#authorImage","url":"https:\/\/secure.gravatar.com\/avatar\/4c81fed838786e9b53f540bf46533e750f5d292099ae3b66cfc6fb1982e29df7?s=96&d=mm&r=g","width":96,"height":96,"caption":"admin"}},{"@type":"WebPage","@id":"https:\/\/lasentinelle.dz\/index.php\/2026\/04\/13\/le-ministere-des-sports-lance-une-offensive-nationale-pour-qualifier-ses-cadres\/#webpage","url":"https:\/\/lasentinelle.dz\/index.php\/2026\/04\/13\/le-ministere-des-sports-lance-une-offensive-nationale-pour-qualifier-ses-cadres\/","name":"Le minist\u00e8re des Sports lance une offensive nationale pour qualifier ses cadres - La Sentinelle","description":"Athl\u00e9tisme, handball, gymnastique, judo, pr\u00e9paration physique : le minist\u00e8re des Sports a d\u00e9clench\u00e9 en avril 2026 une vague de formations sp\u00e9cialis\u00e9es sur l'ensemble du territoire national. De Oran \u00e0 Annaba en passant par S\u00e9tif et Biskra, plusieurs \u00e9tablissements sportifs accueillent simultan\u00e9ment des cycles destin\u00e9s \u00e0 \u00e9lever le niveau de l'encadrement alg\u00e9rien. Un signal fort, au","inLanguage":"fr-FR","isPartOf":{"@id":"https:\/\/lasentinelle.dz\/#website"},"breadcrumb":{"@id":"https:\/\/lasentinelle.dz\/index.php\/2026\/04\/13\/le-ministere-des-sports-lance-une-offensive-nationale-pour-qualifier-ses-cadres\/#breadcrumblist"},"author":{"@id":"https:\/\/lasentinelle.dz\/author\/admin\/#author"},"creator":{"@id":"https:\/\/lasentinelle.dz\/author\/admin\/#author"},"image":{"@type":"ImageObject","url":"https:\/\/lasentinelle.dz\/wp-content\/uploads\/2026\/04\/669653692_122165213624719963_5368534089011390983_n.jpg","@id":"https:\/\/lasentinelle.dz\/index.php\/2026\/04\/13\/le-ministere-des-sports-lance-une-offensive-nationale-pour-qualifier-ses-cadres\/#mainImage","width":1080,"height":1080},"primaryImageOfPage":{"@id":"https:\/\/lasentinelle.dz\/index.php\/2026\/04\/13\/le-ministere-des-sports-lance-une-offensive-nationale-pour-qualifier-ses-cadres\/#mainImage"},"datePublished":"2026-04-13T21:40:53+01:00","dateModified":"2026-04-13T21:40:54+01:00"},{"@type":"WebSite","@id":"https:\/\/lasentinelle.dz\/#website","url":"https:\/\/lasentinelle.dz\/","name":"La Sentinelle","description":"Quotidien national d'information","inLanguage":"fr-FR","publisher":{"@id":"https:\/\/lasentinelle.dz\/#organization"}}]},"og:locale":"fr_FR","og:site_name":"La Sentinelle - Quotidien national d'information","og:type":"article","og:title":"Le minist\u00e8re des Sports lance une offensive nationale pour qualifier ses cadres - La Sentinelle","og:description":"Athl\u00e9tisme, handball, gymnastique, judo, pr\u00e9paration physique : le minist\u00e8re des Sports a d\u00e9clench\u00e9 en avril 2026 une vague de formations sp\u00e9cialis\u00e9es sur l'ensemble du territoire national. De Oran \u00e0 Annaba en passant par S\u00e9tif et Biskra, plusieurs \u00e9tablissements sportifs accueillent simultan\u00e9ment des cycles destin\u00e9s \u00e0 \u00e9lever le niveau de l'encadrement alg\u00e9rien. Un signal fort, au","og:url":"https:\/\/lasentinelle.dz\/index.php\/2026\/04\/13\/le-ministere-des-sports-lance-une-offensive-nationale-pour-qualifier-ses-cadres\/","og:image":"https:\/\/lasentinelle.dz\/wp-content\/uploads\/2021\/09\/cropped-la-sentinelle-earth-golden-anima-5.gif","og:image:secure_url":"https:\/\/lasentinelle.dz\/wp-content\/uploads\/2021\/09\/cropped-la-sentinelle-earth-golden-anima-5.gif","og:image:width":450,"og:image:height":213,"article:published_time":"2026-04-13T20:40:53+00:00","article:modified_time":"2026-04-13T20:40:54+00:00","article:publisher":"https:\/\/www.facebook.com\/azzedine.lasentinelle.1","twitter:card":"summary_large_image","twitter:title":"Le minist\u00e8re des Sports lance une offensive nationale pour qualifier ses cadres - La Sentinelle","twitter:description":"Athl\u00e9tisme, handball, gymnastique, judo, pr\u00e9paration physique : le minist\u00e8re des Sports a d\u00e9clench\u00e9 en avril 2026 une vague de formations sp\u00e9cialis\u00e9es sur l'ensemble du territoire national. De Oran \u00e0 Annaba en passant par S\u00e9tif et Biskra, plusieurs \u00e9tablissements sportifs accueillent simultan\u00e9ment des cycles destin\u00e9s \u00e0 \u00e9lever le niveau de l'encadrement alg\u00e9rien. Un signal fort, au","twitter:image":"https:\/\/lasentinelle.dz\/wp-content\/uploads\/2021\/09\/cropped-la-sentinelle-earth-golden-anima-5.gif"},"aioseo_meta_data":{"post_id":"85600","title":null,"description":null,"keywords":null,"keyphrases":null,"primary_term":null,"canonical_url":null,"og_title":null,"og_description":null,"og_object_type":"default","og_image_type":"default","og_image_url":null,"og_image_width":null,"og_image_height":null,"og_image_custom_url":null,"og_image_custom_fields":null,"og_video":null,"og_custom_url":null,"og_article_section":null,"og_article_tags":null,"twitter_use_og":false,"twitter_card":"default","twitter_image_type":"default","twitter_image_url":null,"twitter_image_custom_url":null,"twitter_image_custom_fields":null,"twitter_title":null,"twitter_description":null,"schema":{"blockGraphs":[],"customGraphs":[],"default":{"data":{"Article":[],"Course":[],"Dataset":[],"FAQPage":[],"Movie":[],"Person":[],"Product":[],"ProductReview":[],"Car":[],"Recipe":[],"Service":[],"SoftwareApplication":[],"WebPage":[]},"graphName":"","isEnabled":true},"graphs":[]},"schema_type":"default","schema_type_options":null,"pillar_content":false,"robots_default":true,"robots_noindex":false,"robots_noarchive":false,"robots_nosnippet":false,"robots_nofollow":false,"robots_noimageindex":false,"robots_noodp":false,"robots_notranslate":false,"robots_max_snippet":null,"robots_max_videopreview":null,"robots_max_imagepreview":"large","priority":null,"frequency":null,"local_seo":null,"breadcrumb_settings":null,"limit_modified_date":false,"ai":null,"created":"2026-05-15 12:48:09","updated":"2026-05-15 12:48:09","focus_keyword":null,"additional_keywords":null,"truseo_locale":null,"seo_analyzer_scan_date":null},"aioseo_breadcrumb":"<div class=\"aioseo-breadcrumbs\"><span class=\"aioseo-breadcrumb\">\n\t\t\t<a href=\"https:\/\/lasentinelle.dz\" title=\"Home\">Home<\/a>\n\t\t<\/span><span class=\"aioseo-breadcrumb-separator\">&raquo;<\/span><span class=\"aioseo-breadcrumb\">\n\t\t\t<a href=\"https:\/\/lasentinelle.dz\/index.php\/category\/sports\/\" title=\"Sports\">Sports<\/a>\n\t\t<\/span><span class=\"aioseo-breadcrumb-separator\">&raquo;<\/span><span class=\"aioseo-breadcrumb\">\n\t\t\tLe minist\u00e8re des Sports lance une offensive nationale pour qualifier ses cadres\n\t\t<\/span><\/div>","aioseo_breadcrumb_json":[{"label":"Home","link":"https:\/\/lasentinelle.dz"},{"label":"Sports","link":"https:\/\/lasentinelle.dz\/index.php\/category\/sports\/"},{"label":"Le minist\u00e8re des Sports lance une offensive nationale pour qualifier ses cadres","link":"https:\/\/lasentinelle.dz\/index.php\/2026\/04\/13\/le-ministere-des-sports-lance-une-offensive-nationale-pour-qualifier-ses-cadres\/"}],"yoast_head":"<!-- This site is optimized with the Yoast SEO plugin v28.3 - https:\/\/yoast.com\/product\/yoast-seo-wordpress\/ -->\n<title>Le minist\u00e8re des Sports lance une offensive nationale pour qualifier ses cadres - La Sentinelle<\/title>\n<meta name=\"robots\" content=\"index, follow, max-snippet:-1, max-image-preview:large, max-video-preview:-1\" \/>\n<link rel=\"canonical\" href=\"https:\/\/lasentinelle.dz\/index.php\/2026\/04\/13\/le-ministere-des-sports-lance-une-offensive-nationale-pour-qualifier-ses-cadres\/\" \/>\n<meta property=\"og:locale\" content=\"fr_FR\" \/>\n<meta property=\"og:type\" content=\"article\" \/>\n<meta property=\"og:title\" content=\"Le minist\u00e8re des Sports lance une offensive nationale pour qualifier ses cadres - La Sentinelle\" \/>\n<meta property=\"og:description\" content=\"Athl\u00e9tisme, handball, gymnastique, judo, pr\u00e9paration physique : le minist\u00e8re des Sports a d\u00e9clench\u00e9 en avril 2026 une vague de formations\" \/>\n<meta property=\"og:url\" content=\"https:\/\/lasentinelle.dz\/index.php\/2026\/04\/13\/le-ministere-des-sports-lance-une-offensive-nationale-pour-qualifier-ses-cadres\/\" \/>\n<meta property=\"og:site_name\" content=\"La Sentinelle\" \/>\n<meta property=\"article:publisher\" content=\"https:\/\/www.facebook.com\/La-Sentinelle-104059864394773\" \/>\n<meta property=\"article:published_time\" content=\"2026-04-13T20:40:53+00:00\" \/>\n<meta property=\"article:modified_time\" content=\"2026-04-13T20:40:54+00:00\" \/>\n<meta property=\"og:image\" content=\"https:\/\/lasentinelle.dz\/wp-content\/uploads\/2026\/04\/669653692_122165213624719963_5368534089011390983_n.jpg\" \/>\n\t<meta property=\"og:image:width\" content=\"1080\" \/>\n\t<meta property=\"og:image:height\" content=\"1080\" \/>\n\t<meta property=\"og:image:type\" content=\"image\/jpeg\" \/>\n<meta name=\"author\" content=\"admin\" \/>\n<meta name=\"twitter:card\" content=\"summary_large_image\" \/>\n<meta name=\"twitter:label1\" content=\"\u00c9crit par\" \/>\n\t<meta name=\"twitter:data1\" content=\"admin\" \/>\n\t<meta name=\"twitter:label2\" content=\"Dur\u00e9e de lecture estim\u00e9e\" \/>\n\t<meta name=\"twitter:data2\" content=\"4 minutes\" \/>\n<script type=\"application\/ld+json\" class=\"yoast-schema-graph\">{\"@context\":\"https:\\\/\\\/schema.org\",\"@graph\":[{\"@type\":\"Article\",\"@id\":\"https:\\\/\\\/lasentinelle.dz\\\/index.php\\\/2026\\\/04\\\/13\\\/le-ministere-des-sports-lance-une-offensive-nationale-pour-qualifier-ses-cadres\\\/#article\",\"isPartOf\":{\"@id\":\"https:\\\/\\\/lasentinelle.dz\\\/index.php\\\/2026\\\/04\\\/13\\\/le-ministere-des-sports-lance-une-offensive-nationale-pour-qualifier-ses-cadres\\\/\"},\"author\":{\"name\":\"admin\",\"@id\":\"https:\\\/\\\/lasentinelle.dz\\\/#\\\/schema\\\/person\\\/729ee0024f24e0b8c5ec17232f8e8b41\"},\"headline\":\"Le minist\u00e8re des Sports lance une offensive nationale pour qualifier ses cadres\",\"datePublished\":\"2026-04-13T20:40:53+00:00\",\"dateModified\":\"2026-04-13T20:40:54+00:00\",\"mainEntityOfPage\":{\"@id\":\"https:\\\/\\\/lasentinelle.dz\\\/index.php\\\/2026\\\/04\\\/13\\\/le-ministere-des-sports-lance-une-offensive-nationale-pour-qualifier-ses-cadres\\\/\"},\"wordCount\":728,\"commentCount\":0,\"publisher\":{\"@id\":\"https:\\\/\\\/lasentinelle.dz\\\/#organization\"},\"image\":{\"@id\":\"https:\\\/\\\/lasentinelle.dz\\\/index.php\\\/2026\\\/04\\\/13\\\/le-ministere-des-sports-lance-une-offensive-nationale-pour-qualifier-ses-cadres\\\/#primaryimage\"},\"thumbnailUrl\":\"https:\\\/\\\/lasentinelle.dz\\\/wp-content\\\/uploads\\\/2026\\\/04\\\/669653692_122165213624719963_5368534089011390983_n.jpg\",\"articleSection\":[\"Sports\"],\"inLanguage\":\"fr-FR\",\"potentialAction\":[{\"@type\":\"CommentAction\",\"name\":\"Comment\",\"target\":[\"https:\\\/\\\/lasentinelle.dz\\\/index.php\\\/2026\\\/04\\\/13\\\/le-ministere-des-sports-lance-une-offensive-nationale-pour-qualifier-ses-cadres\\\/#respond\"]}]},{\"@type\":\"WebPage\",\"@id\":\"https:\\\/\\\/lasentinelle.dz\\\/index.php\\\/2026\\\/04\\\/13\\\/le-ministere-des-sports-lance-une-offensive-nationale-pour-qualifier-ses-cadres\\\/\",\"url\":\"https:\\\/\\\/lasentinelle.dz\\\/index.php\\\/2026\\\/04\\\/13\\\/le-ministere-des-sports-lance-une-offensive-nationale-pour-qualifier-ses-cadres\\\/\",\"name\":\"Le minist\u00e8re des Sports lance une offensive nationale pour qualifier ses cadres - La Sentinelle\",\"isPartOf\":{\"@id\":\"https:\\\/\\\/lasentinelle.dz\\\/#website\"},\"primaryImageOfPage\":{\"@id\":\"https:\\\/\\\/lasentinelle.dz\\\/index.php\\\/2026\\\/04\\\/13\\\/le-ministere-des-sports-lance-une-offensive-nationale-pour-qualifier-ses-cadres\\\/#primaryimage\"},\"image\":{\"@id\":\"https:\\\/\\\/lasentinelle.dz\\\/index.php\\\/2026\\\/04\\\/13\\\/le-ministere-des-sports-lance-une-offensive-nationale-pour-qualifier-ses-cadres\\\/#primaryimage\"},\"thumbnailUrl\":\"https:\\\/\\\/lasentinelle.dz\\\/wp-content\\\/uploads\\\/2026\\\/04\\\/669653692_122165213624719963_5368534089011390983_n.jpg\",\"datePublished\":\"2026-04-13T20:40:53+00:00\",\"dateModified\":\"2026-04-13T20:40:54+00:00\",\"breadcrumb\":{\"@id\":\"https:\\\/\\\/lasentinelle.dz\\\/index.php\\\/2026\\\/04\\\/13\\\/le-ministere-des-sports-lance-une-offensive-nationale-pour-qualifier-ses-cadres\\\/#breadcrumb\"},\"inLanguage\":\"fr-FR\",\"potentialAction\":[{\"@type\":\"ReadAction\",\"target\":[\"https:\\\/\\\/lasentinelle.dz\\\/index.php\\\/2026\\\/04\\\/13\\\/le-ministere-des-sports-lance-une-offensive-nationale-pour-qualifier-ses-cadres\\\/\"]}]},{\"@type\":\"ImageObject\",\"inLanguage\":\"fr-FR\",\"@id\":\"https:\\\/\\\/lasentinelle.dz\\\/index.php\\\/2026\\\/04\\\/13\\\/le-ministere-des-sports-lance-une-offensive-nationale-pour-qualifier-ses-cadres\\\/#primaryimage\",\"url\":\"https:\\\/\\\/lasentinelle.dz\\\/wp-content\\\/uploads\\\/2026\\\/04\\\/669653692_122165213624719963_5368534089011390983_n.jpg\",\"contentUrl\":\"https:\\\/\\\/lasentinelle.dz\\\/wp-content\\\/uploads\\\/2026\\\/04\\\/669653692_122165213624719963_5368534089011390983_n.jpg\",\"width\":1080,\"height\":1080},{\"@type\":\"BreadcrumbList\",\"@id\":\"https:\\\/\\\/lasentinelle.dz\\\/index.php\\\/2026\\\/04\\\/13\\\/le-ministere-des-sports-lance-une-offensive-nationale-pour-qualifier-ses-cadres\\\/#breadcrumb\",\"itemListElement\":[{\"@type\":\"ListItem\",\"position\":1,\"name\":\"Accueil\",\"item\":\"https:\\\/\\\/lasentinelle.dz\\\/\"},{\"@type\":\"ListItem\",\"position\":2,\"name\":\"Le minist\u00e8re des Sports lance une offensive nationale pour qualifier ses cadres\"}]},{\"@type\":\"WebSite\",\"@id\":\"https:\\\/\\\/lasentinelle.dz\\\/#website\",\"url\":\"https:\\\/\\\/lasentinelle.dz\\\/\",\"name\":\"La Sentinelle\",\"description\":\"Quotidien national d&#039;information\",\"publisher\":{\"@id\":\"https:\\\/\\\/lasentinelle.dz\\\/#organization\"},\"potentialAction\":[{\"@type\":\"SearchAction\",\"target\":{\"@type\":\"EntryPoint\",\"urlTemplate\":\"https:\\\/\\\/lasentinelle.dz\\\/?s={search_term_string}\"},\"query-input\":{\"@type\":\"PropertyValueSpecification\",\"valueRequired\":true,\"valueName\":\"search_term_string\"}}],\"inLanguage\":\"fr-FR\"},{\"@type\":\"Organization\",\"@id\":\"https:\\\/\\\/lasentinelle.dz\\\/#organization\",\"name\":\"Quotidien La Sentinelle\",\"url\":\"https:\\\/\\\/lasentinelle.dz\\\/\",\"logo\":{\"@type\":\"ImageObject\",\"inLanguage\":\"fr-FR\",\"@id\":\"https:\\\/\\\/lasentinelle.dz\\\/#\\\/schema\\\/logo\\\/image\\\/\",\"url\":\"https:\\\/\\\/lasentinelle.dz\\\/wp-content\\\/uploads\\\/2021\\\/09\\\/logo-sentinelleSLOGAN-1.png\",\"contentUrl\":\"https:\\\/\\\/lasentinelle.dz\\\/wp-content\\\/uploads\\\/2021\\\/09\\\/logo-sentinelleSLOGAN-1.png\",\"width\":615,\"height\":142,\"caption\":\"Quotidien La Sentinelle\"},\"image\":{\"@id\":\"https:\\\/\\\/lasentinelle.dz\\\/#\\\/schema\\\/logo\\\/image\\\/\"},\"sameAs\":[\"https:\\\/\\\/www.facebook.com\\\/La-Sentinelle-104059864394773\"]},{\"@type\":\"Person\",\"@id\":\"https:\\\/\\\/lasentinelle.dz\\\/#\\\/schema\\\/person\\\/729ee0024f24e0b8c5ec17232f8e8b41\",\"name\":\"admin\",\"image\":{\"@type\":\"ImageObject\",\"inLanguage\":\"fr-FR\",\"@id\":\"https:\\\/\\\/secure.gravatar.com\\\/avatar\\\/4c81fed838786e9b53f540bf46533e750f5d292099ae3b66cfc6fb1982e29df7?s=96&d=mm&r=g\",\"url\":\"https:\\\/\\\/secure.gravatar.com\\\/avatar\\\/4c81fed838786e9b53f540bf46533e750f5d292099ae3b66cfc6fb1982e29df7?s=96&d=mm&r=g\",\"contentUrl\":\"https:\\\/\\\/secure.gravatar.com\\\/avatar\\\/4c81fed838786e9b53f540bf46533e750f5d292099ae3b66cfc6fb1982e29df7?s=96&d=mm&r=g\",\"caption\":\"admin\"},\"description\":\"admin\",\"url\":\"https:\\\/\\\/lasentinelle.dz\\\/author\\\/admin\\\/\"}]}<\/script>\n<!-- \/ Yoast SEO plugin. -->","yoast_head_json":{"title":"Le minist\u00e8re des Sports lance une offensive nationale pour qualifier ses cadres - La Sentinelle","robots":{"index":"index","follow":"follow","max-snippet":"max-snippet:-1","max-image-preview":"max-image-preview:large","max-video-preview":"max-video-preview:-1"},"canonical":"https:\/\/lasentinelle.dz\/index.php\/2026\/04\/13\/le-ministere-des-sports-lance-une-offensive-nationale-pour-qualifier-ses-cadres\/","og_locale":"fr_FR","og_type":"article","og_title":"Le minist\u00e8re des Sports lance une offensive nationale pour qualifier ses cadres - La Sentinelle","og_description":"Athl\u00e9tisme, handball, gymnastique, judo, pr\u00e9paration physique : le minist\u00e8re des Sports a d\u00e9clench\u00e9 en avril 2026 une vague de formations","og_url":"https:\/\/lasentinelle.dz\/index.php\/2026\/04\/13\/le-ministere-des-sports-lance-une-offensive-nationale-pour-qualifier-ses-cadres\/","og_site_name":"La Sentinelle","article_publisher":"https:\/\/www.facebook.com\/La-Sentinelle-104059864394773","article_published_time":"2026-04-13T20:40:53+00:00","article_modified_time":"2026-04-13T20:40:54+00:00","og_image":[{"width":1080,"height":1080,"url":"https:\/\/lasentinelle.dz\/wp-content\/uploads\/2026\/04\/669653692_122165213624719963_5368534089011390983_n.jpg","type":"image\/jpeg"}],"author":"admin","twitter_card":"summary_large_image","twitter_misc":{"\u00c9crit par":"admin","Dur\u00e9e de lecture estim\u00e9e":"4 minutes"},"schema":{"@context":"https:\/\/schema.org","@graph":[{"@type":"Article","@id":"https:\/\/lasentinelle.dz\/index.php\/2026\/04\/13\/le-ministere-des-sports-lance-une-offensive-nationale-pour-qualifier-ses-cadres\/#article","isPartOf":{"@id":"https:\/\/lasentinelle.dz\/index.php\/2026\/04\/13\/le-ministere-des-sports-lance-une-offensive-nationale-pour-qualifier-ses-cadres\/"},"author":{"name":"admin","@id":"https:\/\/lasentinelle.dz\/#\/schema\/person\/729ee0024f24e0b8c5ec17232f8e8b41"},"headline":"Le minist\u00e8re des Sports lance une offensive nationale pour qualifier ses cadres","datePublished":"2026-04-13T20:40:53+00:00","dateModified":"2026-04-13T20:40:54+00:00","mainEntityOfPage":{"@id":"https:\/\/lasentinelle.dz\/index.php\/2026\/04\/13\/le-ministere-des-sports-lance-une-offensive-nationale-pour-qualifier-ses-cadres\/"},"wordCount":728,"commentCount":0,"publisher":{"@id":"https:\/\/lasentinelle.dz\/#organization"},"image":{"@id":"https:\/\/lasentinelle.dz\/index.php\/2026\/04\/13\/le-ministere-des-sports-lance-une-offensive-nationale-pour-qualifier-ses-cadres\/#primaryimage"},"thumbnailUrl":"https:\/\/lasentinelle.dz\/wp-content\/uploads\/2026\/04\/669653692_122165213624719963_5368534089011390983_n.jpg","articleSection":["Sports"],"inLanguage":"fr-FR","potentialAction":[{"@type":"CommentAction","name":"Comment","target":["https:\/\/lasentinelle.dz\/index.php\/2026\/04\/13\/le-ministere-des-sports-lance-une-offensive-nationale-pour-qualifier-ses-cadres\/#respond"]}]},{"@type":"WebPage","@id":"https:\/\/lasentinelle.dz\/index.php\/2026\/04\/13\/le-ministere-des-sports-lance-une-offensive-nationale-pour-qualifier-ses-cadres\/","url":"https:\/\/lasentinelle.dz\/index.php\/2026\/04\/13\/le-ministere-des-sports-lance-une-offensive-nationale-pour-qualifier-ses-cadres\/","name":"Le minist\u00e8re des Sports lance une offensive nationale pour qualifier ses cadres - La Sentinelle","isPartOf":{"@id":"https:\/\/lasentinelle.dz\/#website"},"primaryImageOfPage":{"@id":"https:\/\/lasentinelle.dz\/index.php\/2026\/04\/13\/le-ministere-des-sports-lance-une-offensive-nationale-pour-qualifier-ses-cadres\/#primaryimage"},"image":{"@id":"https:\/\/lasentinelle.dz\/index.php\/2026\/04\/13\/le-ministere-des-sports-lance-une-offensive-nationale-pour-qualifier-ses-cadres\/#primaryimage"},"thumbnailUrl":"https:\/\/lasentinelle.dz\/wp-content\/uploads\/2026\/04\/669653692_122165213624719963_5368534089011390983_n.jpg","datePublished":"2026-04-13T20:40:53+00:00","dateModified":"2026-04-13T20:40:54+00:00","breadcrumb":{"@id":"https:\/\/lasentinelle.dz\/index.php\/2026\/04\/13\/le-ministere-des-sports-lance-une-offensive-nationale-pour-qualifier-ses-cadres\/#breadcrumb"},"inLanguage":"fr-FR","potentialAction":[{"@type":"ReadAction","target":["https:\/\/lasentinelle.dz\/index.php\/2026\/04\/13\/le-ministere-des-sports-lance-une-offensive-nationale-pour-qualifier-ses-cadres\/"]}]},{"@type":"ImageObject","inLanguage":"fr-FR","@id":"https:\/\/lasentinelle.dz\/index.php\/2026\/04\/13\/le-ministere-des-sports-lance-une-offensive-nationale-pour-qualifier-ses-cadres\/#primaryimage","url":"https:\/\/lasentinelle.dz\/wp-content\/uploads\/2026\/04\/669653692_122165213624719963_5368534089011390983_n.jpg","contentUrl":"https:\/\/lasentinelle.dz\/wp-content\/uploads\/2026\/04\/669653692_122165213624719963_5368534089011390983_n.jpg","width":1080,"height":1080},{"@type":"BreadcrumbList","@id":"https:\/\/lasentinelle.dz\/index.php\/2026\/04\/13\/le-ministere-des-sports-lance-une-offensive-nationale-pour-qualifier-ses-cadres\/#breadcrumb","itemListElement":[{"@type":"ListItem","position":1,"name":"Accueil","item":"https:\/\/lasentinelle.dz\/"},{"@type":"ListItem","position":2,"name":"Le minist\u00e8re des Sports lance une offensive nationale pour qualifier ses cadres"}]},{"@type":"WebSite","@id":"https:\/\/lasentinelle.dz\/#website","url":"https:\/\/lasentinelle.dz\/","name":"La Sentinelle","description":"Quotidien national d&#039;information","publisher":{"@id":"https:\/\/lasentinelle.dz\/#organization"},"potentialAction":[{"@type":"SearchAction","target":{"@type":"EntryPoint","urlTemplate":"https:\/\/lasentinelle.dz\/?s={search_term_string}"},"query-input":{"@type":"PropertyValueSpecification","valueRequired":true,"valueName":"search_term_string"}}],"inLanguage":"fr-FR"},{"@type":"Organization","@id":"https:\/\/lasentinelle.dz\/#organization","name":"Quotidien La Sentinelle","url":"https:\/\/lasentinelle.dz\/","logo":{"@type":"ImageObject","inLanguage":"fr-FR","@id":"https:\/\/lasentinelle.dz\/#\/schema\/logo\/image\/","url":"https:\/\/lasentinelle.dz\/wp-content\/uploads\/2021\/09\/logo-sentinelleSLOGAN-1.png","contentUrl":"https:\/\/lasentinelle.dz\/wp-content\/uploads\/2021\/09\/logo-sentinelleSLOGAN-1.png","width":615,"height":142,"caption":"Quotidien La Sentinelle"},"image":{"@id":"https:\/\/lasentinelle.dz\/#\/schema\/logo\/image\/"},"sameAs":["https:\/\/www.facebook.com\/La-Sentinelle-104059864394773"]},{"@type":"Person","@id":"https:\/\/lasentinelle.dz\/#\/schema\/person\/729ee0024f24e0b8c5ec17232f8e8b41","name":"admin","image":{"@type":"ImageObject","inLanguage":"fr-FR","@id":"https:\/\/secure.gravatar.com\/avatar\/4c81fed838786e9b53f540bf46533e750f5d292099ae3b66cfc6fb1982e29df7?s=96&d=mm&r=g","url":"https:\/\/secure.gravatar.com\/avatar\/4c81fed838786e9b53f540bf46533e750f5d292099ae3b66cfc6fb1982e29df7?s=96&d=mm&r=g","contentUrl":"https:\/\/secure.gravatar.com\/avatar\/4c81fed838786e9b53f540bf46533e750f5d292099ae3b66cfc6fb1982e29df7?s=96&d=mm&r=g","caption":"admin"},"description":"admin","url":"https:\/\/lasentinelle.dz\/author\/admin\/"}]}},"_links":{"self":[{"href":"https:\/\/lasentinelle.dz\/index.php\/wp-json\/wp\/v2\/posts\/85600","targetHints":{"allow":["GET"]}}],"collection":[{"href":"https:\/\/lasentinelle.dz\/index.php\/wp-json\/wp\/v2\/posts"}],"about":[{"href":"https:\/\/lasentinelle.dz\/index.php\/wp-json\/wp\/v2\/types\/post"}],"author":[{"embeddable":true,"href":"https:\/\/lasentinelle.dz\/index.php\/wp-json\/wp\/v2\/users\/6"}],"replies":[{"embeddable":true,"href":"https:\/\/lasentinelle.dz\/index.php\/wp-json\/wp\/v2\/comments?post=85600"}],"version-history":[{"count":1,"href":"https:\/\/lasentinelle.dz\/index.php\/wp-json\/wp\/v2\/posts\/85600\/revisions"}],"predecessor-version":[{"id":85602,"href":"https:\/\/lasentinelle.dz\/index.php\/wp-json\/wp\/v2\/posts\/85600\/revisions\/85602"}],"wp:featuredmedia":[{"embeddable":true,"href":"https:\/\/lasentinelle.dz\/index.php\/wp-json\/wp\/v2\/media\/85601"}],"wp:attachment":[{"href":"https:\/\/lasentinelle.dz\/index.php\/wp-json\/wp\/v2\/media?parent=85600"}],"wp:term":[{"taxonomy":"category","embeddable":true,"href":"https:\/\/lasentinelle.dz\/index.php\/wp-json\/wp\/v2\/categories?post=85600"},{"taxonomy":"post_tag","embeddable":true,"href":"https:\/\/lasentinelle.dz\/index.php\/wp-json\/wp\/v2\/tags?post=85600"}],"curies":[{"name":"wp","href":"https:\/\/api.w.org\/{rel}","templated":true}]}}