{"id":8571,"date":"2021-09-21T00:01:00","date_gmt":"2021-09-20T23:01:00","guid":{"rendered":"https:\/\/lasentinelle.dz\/?p=8571"},"modified":"2021-09-20T16:44:21","modified_gmt":"2021-09-20T15:44:21","slug":"universite-de-setif-ii-convention-de-cooperation-avec-luniversite-allemande-jena","status":"publish","type":"post","link":"https:\/\/lasentinelle.dz\/index.php\/2021\/09\/21\/universite-de-setif-ii-convention-de-cooperation-avec-luniversite-allemande-jena\/","title":{"rendered":"Universit\u00e9  de S\u00e9tif II : Convention de coop\u00e9ration avec l\u2019universit\u00e9 allemande Jena"},"content":{"rendered":"\n<p>L\u2019universit\u00e9 Mohamed Lamine Debaghine (S\u00e9tif II) a sign\u00e9, hier, une convention de coop\u00e9ration avec l\u2019universit\u00e9 Jena en Allemagne, a-t-on appris de source relevant de ladite universit\u00e9.<\/p>\n\n\n\n<p>Toutes les sp\u00e9cialit\u00e9s et tous les niveaux scientifiques sont concern\u00e9s par cette convention de trois ans, a-t-on fait savoir. Notre source a pr\u00e9cis\u00e9 que la convention sign\u00e9e entre les deux universit\u00e9s s\u2019inscrit&nbsp; dans le cadre du programme international Erasmus +, pour la concr\u00e9tisation du projet de recherche intitul\u00e9 \u00ab\u00a0l\u2019alliance acad\u00e9mique pour la r\u00e9conciliation et l\u2019\u00e9dification de la paix\u00a0\u00bb par l\u2019universit\u00e9 de S\u00e9tif II et l\u2019universit\u00e9 Jena. Un projet initi\u00e9 en partenariat avec des universit\u00e9s d\u2019Autriche, Jordanie, d\u2019Alg\u00e9rie et de Gaza (Palestine), a pr\u00e9cis\u00e9 notre source qui a soulign\u00e9 que la signature de cette convention va donner lieu \u00e0 un jumelage entre les deux universit\u00e9s. Il sera, nous explique t-on,&nbsp; proc\u00e9d\u00e9 \u00e0 travers ce jumelage au lancement du premier projet Master acad\u00e9mique international en Droit et sciences politiques, sp\u00e9cialit\u00e9 sciences politiques, intitul\u00e9 \u00ab\u00a0les relations internationales, la r\u00e9conciliation et \u00e9tudes de la paix \u00ab\u00a0. Des recherches acad\u00e9miques qui seront encadr\u00e9es par des experts de l\u2019universit\u00e9 allemande et des enseignants de l\u2019universit\u00e9 Mohamed Lamine Debaghine au profit des \u00e9tudiants de Master sp\u00e9cialit\u00e9 relations internationales. Au-del\u00e0,&nbsp; les \u00e9tudiants b\u00e9n\u00e9ficieront d\u2019une formation pr\u00e9sentielle \u00e0 l\u2019universit\u00e9 Jena en deuxi\u00e8me ann\u00e9e de Master en vue de pr\u00e9parer le m\u00e9moire de fin d\u2019\u00e9tudes, financ\u00e9 par l\u2019Union europ\u00e9enne, a indiqu\u00e9 la m\u00eame source. Ce processus de jumelage est une opportunit\u00e9 devant&nbsp; permettre l\u2019\u00e9largissement des diff\u00e9rents domaines de recherche scientifique \u00e0 l\u2019Universit\u00e9 S\u00e9tif II. Il concernera \u00e9galement des offres sp\u00e9cialis\u00e9es en doctorat relatives \u00e0 diff\u00e9rents domaines de l\u2019universit\u00e9 dans les sp\u00e9cialit\u00e9s des sciences humaines et sociales, nous a-t-on soulign\u00e9s. Il s\u2019agit l\u00e0 du plus grand projet international entretenu par l\u2019universit\u00e9 S\u00e9tif II dans le domaine des sciences humaines et sociales.&nbsp; Il est utile de rappeler qu\u2019Erasmus+ est un programme agr\u00e9\u00e9 par la Commission europ\u00e9enne dans le domaine de l&rsquo;\u00e9ducation, la formation, la jeunesse et les sports. Dans ce sens, il a \u00e9t\u00e9 r\u00e9cemment proc\u00e9d\u00e9 \u00e0 l\u2019adoption d\u2019un partenariat entre les pays de l\u2019Union europ\u00e9enne et les diff\u00e9rents pays du monde dans le cadre de ce programme. Ce dernier&nbsp; a pour objectif, la consolidation de la solidarit\u00e9 et de l\u2019entraide dans les diff\u00e9rents domaines d\u2019\u00e9ducation, d&rsquo;entra\u00eenement et de jeunes et l\u2019\u00e9limination des fronti\u00e8res artificielles entre les diff\u00e9rentes formes de travaux et projets, ainsi que l\u2019encouragement des nouvelles id\u00e9es pour capter de nouveaux \u00e9l\u00e9ments efficaces du monde du travail et de la soci\u00e9t\u00e9 civile, en plus de l\u2019encouragement des nouvelles formes de coop\u00e9ration.<\/p>\n\n\n\n<p><strong>Sofia Chahine<\/strong><\/p>\n","protected":false},"excerpt":{"rendered":"<p>L\u2019universit\u00e9 Mohamed Lamine Debaghine (S\u00e9tif II) a sign\u00e9, hier, une convention de coop\u00e9ration avec l\u2019universit\u00e9 Jena en Allemagne, a-t-on appris<\/p>\n","protected":false},"author":3,"featured_media":8587,"comment_status":"open","ping_status":"closed","sticky":false,"template":"","format":"standard","meta":{"colormag_page_container_layout":"default_layout","colormag_page_sidebar_layout":"default_layout","om_disable_all_campaigns":false,"_monsterinsights_skip_tracking":false,"_monsterinsights_sitenote_active":false,"_monsterinsights_sitenote_note":"","_monsterinsights_sitenote_category":0,"footnotes":"","_wpscppro_dont_share_socialmedia":false,"_wpscppro_custom_social_share_image":0,"_facebook_share_type":"","_twitter_share_type":"","_linkedin_share_type":"","_pinterest_share_type":"","_linkedin_share_type_page":"","_instagram_share_type":"","_medium_share_type":"","_threads_share_type":"","_google_business_share_type":"","_selected_social_profile":[],"_wpsp_enable_custom_social_template":false,"_wpsp_social_scheduling":{"enabled":false,"datetime":null,"platforms":[],"status":"template_only","dateOption":"today","timeOption":"now","customDays":"","customHours":"","customDate":"","customTime":"","schedulingType":"absolute"},"_wpsp_active_default_template":true},"categories":[31],"tags":[],"class_list":["post-8571","post","type-post","status-publish","format-standard","has-post-thumbnail","hentry","category-regions"],"aioseo_notices":[],"yoast_head":"<!-- This site is optimized with the Yoast SEO plugin v27.5 - https:\/\/yoast.com\/product\/yoast-seo-wordpress\/ -->\n<title>Universit\u00e9 de S\u00e9tif II : Convention de coop\u00e9ration avec l\u2019universit\u00e9 allemande Jena - La Sentinelle<\/title>\n<meta name=\"robots\" content=\"index, follow, max-snippet:-1, max-image-preview:large, max-video-preview:-1\" \/>\n<link rel=\"canonical\" href=\"https:\/\/lasentinelle.dz\/index.php\/2021\/09\/21\/universite-de-setif-ii-convention-de-cooperation-avec-luniversite-allemande-jena\/\" \/>\n<meta property=\"og:locale\" content=\"fr_FR\" \/>\n<meta property=\"og:type\" content=\"article\" \/>\n<meta property=\"og:title\" content=\"Universit\u00e9 de S\u00e9tif II : Convention de coop\u00e9ration avec l\u2019universit\u00e9 allemande Jena - La Sentinelle\" \/>\n<meta property=\"og:description\" content=\"L\u2019universit\u00e9 Mohamed Lamine Debaghine (S\u00e9tif II) a sign\u00e9, hier, une convention de coop\u00e9ration avec l\u2019universit\u00e9 Jena en Allemagne, a-t-on appris\" \/>\n<meta property=\"og:url\" content=\"https:\/\/lasentinelle.dz\/index.php\/2021\/09\/21\/universite-de-setif-ii-convention-de-cooperation-avec-luniversite-allemande-jena\/\" \/>\n<meta property=\"og:site_name\" content=\"La Sentinelle\" \/>\n<meta property=\"article:publisher\" content=\"https:\/\/www.facebook.com\/La-Sentinelle-104059864394773\" \/>\n<meta property=\"article:published_time\" content=\"2021-09-20T23:01:00+00:00\" \/>\n<meta property=\"og:image\" content=\"https:\/\/lasentinelle.dz\/wp-content\/uploads\/2021\/09\/image_2021-09-20_164350.png\" \/>\n\t<meta property=\"og:image:width\" content=\"580\" \/>\n\t<meta property=\"og:image:height\" content=\"350\" \/>\n\t<meta property=\"og:image:type\" content=\"image\/png\" \/>\n<meta name=\"author\" content=\"La Sentinelle\" \/>\n<meta name=\"twitter:card\" content=\"summary_large_image\" \/>\n<meta name=\"twitter:label1\" content=\"\u00c9crit par\" \/>\n\t<meta name=\"twitter:data1\" content=\"La Sentinelle\" \/>\n\t<meta name=\"twitter:label2\" content=\"Dur\u00e9e de lecture estim\u00e9e\" \/>\n\t<meta name=\"twitter:data2\" content=\"2 minutes\" \/>\n<script type=\"application\/ld+json\" class=\"yoast-schema-graph\">{\"@context\":\"https:\\\/\\\/schema.org\",\"@graph\":[{\"@type\":\"Article\",\"@id\":\"https:\\\/\\\/lasentinelle.dz\\\/index.php\\\/2021\\\/09\\\/21\\\/universite-de-setif-ii-convention-de-cooperation-avec-luniversite-allemande-jena\\\/#article\",\"isPartOf\":{\"@id\":\"https:\\\/\\\/lasentinelle.dz\\\/index.php\\\/2021\\\/09\\\/21\\\/universite-de-setif-ii-convention-de-cooperation-avec-luniversite-allemande-jena\\\/\"},\"author\":{\"name\":\"La Sentinelle\",\"@id\":\"https:\\\/\\\/lasentinelle.dz\\\/#\\\/schema\\\/person\\\/d865044e22e70a75174ce8bcad3acfb3\"},\"headline\":\"Universit\u00e9 de S\u00e9tif II : Convention de coop\u00e9ration avec l\u2019universit\u00e9 allemande Jena\",\"datePublished\":\"2021-09-20T23:01:00+00:00\",\"mainEntityOfPage\":{\"@id\":\"https:\\\/\\\/lasentinelle.dz\\\/index.php\\\/2021\\\/09\\\/21\\\/universite-de-setif-ii-convention-de-cooperation-avec-luniversite-allemande-jena\\\/\"},\"wordCount\":516,\"commentCount\":0,\"publisher\":{\"@id\":\"https:\\\/\\\/lasentinelle.dz\\\/#organization\"},\"image\":{\"@id\":\"https:\\\/\\\/lasentinelle.dz\\\/index.php\\\/2021\\\/09\\\/21\\\/universite-de-setif-ii-convention-de-cooperation-avec-luniversite-allemande-jena\\\/#primaryimage\"},\"thumbnailUrl\":\"https:\\\/\\\/lasentinelle.dz\\\/wp-content\\\/uploads\\\/2021\\\/09\\\/image_2021-09-20_164350.png\",\"articleSection\":[\"R\u00e9gions\"],\"inLanguage\":\"fr-FR\",\"potentialAction\":[{\"@type\":\"CommentAction\",\"name\":\"Comment\",\"target\":[\"https:\\\/\\\/lasentinelle.dz\\\/index.php\\\/2021\\\/09\\\/21\\\/universite-de-setif-ii-convention-de-cooperation-avec-luniversite-allemande-jena\\\/#respond\"]}]},{\"@type\":\"WebPage\",\"@id\":\"https:\\\/\\\/lasentinelle.dz\\\/index.php\\\/2021\\\/09\\\/21\\\/universite-de-setif-ii-convention-de-cooperation-avec-luniversite-allemande-jena\\\/\",\"url\":\"https:\\\/\\\/lasentinelle.dz\\\/index.php\\\/2021\\\/09\\\/21\\\/universite-de-setif-ii-convention-de-cooperation-avec-luniversite-allemande-jena\\\/\",\"name\":\"Universit\u00e9 de S\u00e9tif II : Convention de coop\u00e9ration avec l\u2019universit\u00e9 allemande Jena - La Sentinelle\",\"isPartOf\":{\"@id\":\"https:\\\/\\\/lasentinelle.dz\\\/#website\"},\"primaryImageOfPage\":{\"@id\":\"https:\\\/\\\/lasentinelle.dz\\\/index.php\\\/2021\\\/09\\\/21\\\/universite-de-setif-ii-convention-de-cooperation-avec-luniversite-allemande-jena\\\/#primaryimage\"},\"image\":{\"@id\":\"https:\\\/\\\/lasentinelle.dz\\\/index.php\\\/2021\\\/09\\\/21\\\/universite-de-setif-ii-convention-de-cooperation-avec-luniversite-allemande-jena\\\/#primaryimage\"},\"thumbnailUrl\":\"https:\\\/\\\/lasentinelle.dz\\\/wp-content\\\/uploads\\\/2021\\\/09\\\/image_2021-09-20_164350.png\",\"datePublished\":\"2021-09-20T23:01:00+00:00\",\"breadcrumb\":{\"@id\":\"https:\\\/\\\/lasentinelle.dz\\\/index.php\\\/2021\\\/09\\\/21\\\/universite-de-setif-ii-convention-de-cooperation-avec-luniversite-allemande-jena\\\/#breadcrumb\"},\"inLanguage\":\"fr-FR\",\"potentialAction\":[{\"@type\":\"ReadAction\",\"target\":[\"https:\\\/\\\/lasentinelle.dz\\\/index.php\\\/2021\\\/09\\\/21\\\/universite-de-setif-ii-convention-de-cooperation-avec-luniversite-allemande-jena\\\/\"]}]},{\"@type\":\"ImageObject\",\"inLanguage\":\"fr-FR\",\"@id\":\"https:\\\/\\\/lasentinelle.dz\\\/index.php\\\/2021\\\/09\\\/21\\\/universite-de-setif-ii-convention-de-cooperation-avec-luniversite-allemande-jena\\\/#primaryimage\",\"url\":\"https:\\\/\\\/lasentinelle.dz\\\/wp-content\\\/uploads\\\/2021\\\/09\\\/image_2021-09-20_164350.png\",\"contentUrl\":\"https:\\\/\\\/lasentinelle.dz\\\/wp-content\\\/uploads\\\/2021\\\/09\\\/image_2021-09-20_164350.png\",\"width\":580,\"height\":350},{\"@type\":\"BreadcrumbList\",\"@id\":\"https:\\\/\\\/lasentinelle.dz\\\/index.php\\\/2021\\\/09\\\/21\\\/universite-de-setif-ii-convention-de-cooperation-avec-luniversite-allemande-jena\\\/#breadcrumb\",\"itemListElement\":[{\"@type\":\"ListItem\",\"position\":1,\"name\":\"Accueil\",\"item\":\"https:\\\/\\\/lasentinelle.dz\\\/\"},{\"@type\":\"ListItem\",\"position\":2,\"name\":\"Universit\u00e9 de S\u00e9tif II : Convention de coop\u00e9ration avec l\u2019universit\u00e9 allemande Jena\"}]},{\"@type\":\"WebSite\",\"@id\":\"https:\\\/\\\/lasentinelle.dz\\\/#website\",\"url\":\"https:\\\/\\\/lasentinelle.dz\\\/\",\"name\":\"La Sentinelle\",\"description\":\"Quotidien national d&#039;information\",\"publisher\":{\"@id\":\"https:\\\/\\\/lasentinelle.dz\\\/#organization\"},\"potentialAction\":[{\"@type\":\"SearchAction\",\"target\":{\"@type\":\"EntryPoint\",\"urlTemplate\":\"https:\\\/\\\/lasentinelle.dz\\\/?s={search_term_string}\"},\"query-input\":{\"@type\":\"PropertyValueSpecification\",\"valueRequired\":true,\"valueName\":\"search_term_string\"}}],\"inLanguage\":\"fr-FR\"},{\"@type\":\"Organization\",\"@id\":\"https:\\\/\\\/lasentinelle.dz\\\/#organization\",\"name\":\"Quotidien La Sentinelle\",\"url\":\"https:\\\/\\\/lasentinelle.dz\\\/\",\"logo\":{\"@type\":\"ImageObject\",\"inLanguage\":\"fr-FR\",\"@id\":\"https:\\\/\\\/lasentinelle.dz\\\/#\\\/schema\\\/logo\\\/image\\\/\",\"url\":\"https:\\\/\\\/lasentinelle.dz\\\/wp-content\\\/uploads\\\/2021\\\/09\\\/logo-sentinelleSLOGAN-1.png\",\"contentUrl\":\"https:\\\/\\\/lasentinelle.dz\\\/wp-content\\\/uploads\\\/2021\\\/09\\\/logo-sentinelleSLOGAN-1.png\",\"width\":615,\"height\":142,\"caption\":\"Quotidien La Sentinelle\"},\"image\":{\"@id\":\"https:\\\/\\\/lasentinelle.dz\\\/#\\\/schema\\\/logo\\\/image\\\/\"},\"sameAs\":[\"https:\\\/\\\/www.facebook.com\\\/La-Sentinelle-104059864394773\"]},{\"@type\":\"Person\",\"@id\":\"https:\\\/\\\/lasentinelle.dz\\\/#\\\/schema\\\/person\\\/d865044e22e70a75174ce8bcad3acfb3\",\"name\":\"La Sentinelle\",\"image\":{\"@type\":\"ImageObject\",\"inLanguage\":\"fr-FR\",\"@id\":\"https:\\\/\\\/secure.gravatar.com\\\/avatar\\\/57de8e5d4b15d43fb361a71fbb36338450fe67865b528a43dd10ef7c51a20392?s=96&d=mm&r=g\",\"url\":\"https:\\\/\\\/secure.gravatar.com\\\/avatar\\\/57de8e5d4b15d43fb361a71fbb36338450fe67865b528a43dd10ef7c51a20392?s=96&d=mm&r=g\",\"contentUrl\":\"https:\\\/\\\/secure.gravatar.com\\\/avatar\\\/57de8e5d4b15d43fb361a71fbb36338450fe67865b528a43dd10ef7c51a20392?s=96&d=mm&r=g\",\"caption\":\"La Sentinelle\"},\"sameAs\":[\"http:\\\/\\\/www.lasentinelle.dz\"],\"url\":\"https:\\\/\\\/lasentinelle.dz\\\/author\\\/redaction\\\/\"}]}<\/script>\n<!-- \/ Yoast SEO plugin. -->","yoast_head_json":{"title":"Universit\u00e9 de S\u00e9tif II : Convention de coop\u00e9ration avec l\u2019universit\u00e9 allemande Jena - La Sentinelle","robots":{"index":"index","follow":"follow","max-snippet":"max-snippet:-1","max-image-preview":"max-image-preview:large","max-video-preview":"max-video-preview:-1"},"canonical":"https:\/\/lasentinelle.dz\/index.php\/2021\/09\/21\/universite-de-setif-ii-convention-de-cooperation-avec-luniversite-allemande-jena\/","og_locale":"fr_FR","og_type":"article","og_title":"Universit\u00e9 de S\u00e9tif II : Convention de coop\u00e9ration avec l\u2019universit\u00e9 allemande Jena - La Sentinelle","og_description":"L\u2019universit\u00e9 Mohamed Lamine Debaghine (S\u00e9tif II) a sign\u00e9, hier, une convention de coop\u00e9ration avec l\u2019universit\u00e9 Jena en Allemagne, a-t-on appris","og_url":"https:\/\/lasentinelle.dz\/index.php\/2021\/09\/21\/universite-de-setif-ii-convention-de-cooperation-avec-luniversite-allemande-jena\/","og_site_name":"La Sentinelle","article_publisher":"https:\/\/www.facebook.com\/La-Sentinelle-104059864394773","article_published_time":"2021-09-20T23:01:00+00:00","og_image":[{"width":580,"height":350,"url":"https:\/\/lasentinelle.dz\/wp-content\/uploads\/2021\/09\/image_2021-09-20_164350.png","type":"image\/png"}],"author":"La Sentinelle","twitter_card":"summary_large_image","twitter_misc":{"\u00c9crit par":"La Sentinelle","Dur\u00e9e de lecture estim\u00e9e":"2 minutes"},"schema":{"@context":"https:\/\/schema.org","@graph":[{"@type":"Article","@id":"https:\/\/lasentinelle.dz\/index.php\/2021\/09\/21\/universite-de-setif-ii-convention-de-cooperation-avec-luniversite-allemande-jena\/#article","isPartOf":{"@id":"https:\/\/lasentinelle.dz\/index.php\/2021\/09\/21\/universite-de-setif-ii-convention-de-cooperation-avec-luniversite-allemande-jena\/"},"author":{"name":"La Sentinelle","@id":"https:\/\/lasentinelle.dz\/#\/schema\/person\/d865044e22e70a75174ce8bcad3acfb3"},"headline":"Universit\u00e9 de S\u00e9tif II : Convention de coop\u00e9ration avec l\u2019universit\u00e9 allemande Jena","datePublished":"2021-09-20T23:01:00+00:00","mainEntityOfPage":{"@id":"https:\/\/lasentinelle.dz\/index.php\/2021\/09\/21\/universite-de-setif-ii-convention-de-cooperation-avec-luniversite-allemande-jena\/"},"wordCount":516,"commentCount":0,"publisher":{"@id":"https:\/\/lasentinelle.dz\/#organization"},"image":{"@id":"https:\/\/lasentinelle.dz\/index.php\/2021\/09\/21\/universite-de-setif-ii-convention-de-cooperation-avec-luniversite-allemande-jena\/#primaryimage"},"thumbnailUrl":"https:\/\/lasentinelle.dz\/wp-content\/uploads\/2021\/09\/image_2021-09-20_164350.png","articleSection":["R\u00e9gions"],"inLanguage":"fr-FR","potentialAction":[{"@type":"CommentAction","name":"Comment","target":["https:\/\/lasentinelle.dz\/index.php\/2021\/09\/21\/universite-de-setif-ii-convention-de-cooperation-avec-luniversite-allemande-jena\/#respond"]}]},{"@type":"WebPage","@id":"https:\/\/lasentinelle.dz\/index.php\/2021\/09\/21\/universite-de-setif-ii-convention-de-cooperation-avec-luniversite-allemande-jena\/","url":"https:\/\/lasentinelle.dz\/index.php\/2021\/09\/21\/universite-de-setif-ii-convention-de-cooperation-avec-luniversite-allemande-jena\/","name":"Universit\u00e9 de S\u00e9tif II : Convention de coop\u00e9ration avec l\u2019universit\u00e9 allemande Jena - La Sentinelle","isPartOf":{"@id":"https:\/\/lasentinelle.dz\/#website"},"primaryImageOfPage":{"@id":"https:\/\/lasentinelle.dz\/index.php\/2021\/09\/21\/universite-de-setif-ii-convention-de-cooperation-avec-luniversite-allemande-jena\/#primaryimage"},"image":{"@id":"https:\/\/lasentinelle.dz\/index.php\/2021\/09\/21\/universite-de-setif-ii-convention-de-cooperation-avec-luniversite-allemande-jena\/#primaryimage"},"thumbnailUrl":"https:\/\/lasentinelle.dz\/wp-content\/uploads\/2021\/09\/image_2021-09-20_164350.png","datePublished":"2021-09-20T23:01:00+00:00","breadcrumb":{"@id":"https:\/\/lasentinelle.dz\/index.php\/2021\/09\/21\/universite-de-setif-ii-convention-de-cooperation-avec-luniversite-allemande-jena\/#breadcrumb"},"inLanguage":"fr-FR","potentialAction":[{"@type":"ReadAction","target":["https:\/\/lasentinelle.dz\/index.php\/2021\/09\/21\/universite-de-setif-ii-convention-de-cooperation-avec-luniversite-allemande-jena\/"]}]},{"@type":"ImageObject","inLanguage":"fr-FR","@id":"https:\/\/lasentinelle.dz\/index.php\/2021\/09\/21\/universite-de-setif-ii-convention-de-cooperation-avec-luniversite-allemande-jena\/#primaryimage","url":"https:\/\/lasentinelle.dz\/wp-content\/uploads\/2021\/09\/image_2021-09-20_164350.png","contentUrl":"https:\/\/lasentinelle.dz\/wp-content\/uploads\/2021\/09\/image_2021-09-20_164350.png","width":580,"height":350},{"@type":"BreadcrumbList","@id":"https:\/\/lasentinelle.dz\/index.php\/2021\/09\/21\/universite-de-setif-ii-convention-de-cooperation-avec-luniversite-allemande-jena\/#breadcrumb","itemListElement":[{"@type":"ListItem","position":1,"name":"Accueil","item":"https:\/\/lasentinelle.dz\/"},{"@type":"ListItem","position":2,"name":"Universit\u00e9 de S\u00e9tif II : Convention de coop\u00e9ration avec l\u2019universit\u00e9 allemande Jena"}]},{"@type":"WebSite","@id":"https:\/\/lasentinelle.dz\/#website","url":"https:\/\/lasentinelle.dz\/","name":"La Sentinelle","description":"Quotidien national d&#039;information","publisher":{"@id":"https:\/\/lasentinelle.dz\/#organization"},"potentialAction":[{"@type":"SearchAction","target":{"@type":"EntryPoint","urlTemplate":"https:\/\/lasentinelle.dz\/?s={search_term_string}"},"query-input":{"@type":"PropertyValueSpecification","valueRequired":true,"valueName":"search_term_string"}}],"inLanguage":"fr-FR"},{"@type":"Organization","@id":"https:\/\/lasentinelle.dz\/#organization","name":"Quotidien La Sentinelle","url":"https:\/\/lasentinelle.dz\/","logo":{"@type":"ImageObject","inLanguage":"fr-FR","@id":"https:\/\/lasentinelle.dz\/#\/schema\/logo\/image\/","url":"https:\/\/lasentinelle.dz\/wp-content\/uploads\/2021\/09\/logo-sentinelleSLOGAN-1.png","contentUrl":"https:\/\/lasentinelle.dz\/wp-content\/uploads\/2021\/09\/logo-sentinelleSLOGAN-1.png","width":615,"height":142,"caption":"Quotidien La Sentinelle"},"image":{"@id":"https:\/\/lasentinelle.dz\/#\/schema\/logo\/image\/"},"sameAs":["https:\/\/www.facebook.com\/La-Sentinelle-104059864394773"]},{"@type":"Person","@id":"https:\/\/lasentinelle.dz\/#\/schema\/person\/d865044e22e70a75174ce8bcad3acfb3","name":"La Sentinelle","image":{"@type":"ImageObject","inLanguage":"fr-FR","@id":"https:\/\/secure.gravatar.com\/avatar\/57de8e5d4b15d43fb361a71fbb36338450fe67865b528a43dd10ef7c51a20392?s=96&d=mm&r=g","url":"https:\/\/secure.gravatar.com\/avatar\/57de8e5d4b15d43fb361a71fbb36338450fe67865b528a43dd10ef7c51a20392?s=96&d=mm&r=g","contentUrl":"https:\/\/secure.gravatar.com\/avatar\/57de8e5d4b15d43fb361a71fbb36338450fe67865b528a43dd10ef7c51a20392?s=96&d=mm&r=g","caption":"La Sentinelle"},"sameAs":["http:\/\/www.lasentinelle.dz"],"url":"https:\/\/lasentinelle.dz\/author\/redaction\/"}]}},"_links":{"self":[{"href":"https:\/\/lasentinelle.dz\/index.php\/wp-json\/wp\/v2\/posts\/8571","targetHints":{"allow":["GET"]}}],"collection":[{"href":"https:\/\/lasentinelle.dz\/index.php\/wp-json\/wp\/v2\/posts"}],"about":[{"href":"https:\/\/lasentinelle.dz\/index.php\/wp-json\/wp\/v2\/types\/post"}],"author":[{"embeddable":true,"href":"https:\/\/lasentinelle.dz\/index.php\/wp-json\/wp\/v2\/users\/3"}],"replies":[{"embeddable":true,"href":"https:\/\/lasentinelle.dz\/index.php\/wp-json\/wp\/v2\/comments?post=8571"}],"version-history":[{"count":1,"href":"https:\/\/lasentinelle.dz\/index.php\/wp-json\/wp\/v2\/posts\/8571\/revisions"}],"predecessor-version":[{"id":8588,"href":"https:\/\/lasentinelle.dz\/index.php\/wp-json\/wp\/v2\/posts\/8571\/revisions\/8588"}],"wp:featuredmedia":[{"embeddable":true,"href":"https:\/\/lasentinelle.dz\/index.php\/wp-json\/wp\/v2\/media\/8587"}],"wp:attachment":[{"href":"https:\/\/lasentinelle.dz\/index.php\/wp-json\/wp\/v2\/media?parent=8571"}],"wp:term":[{"taxonomy":"category","embeddable":true,"href":"https:\/\/lasentinelle.dz\/index.php\/wp-json\/wp\/v2\/categories?post=8571"},{"taxonomy":"post_tag","embeddable":true,"href":"https:\/\/lasentinelle.dz\/index.php\/wp-json\/wp\/v2\/tags?post=8571"}],"curies":[{"name":"wp","href":"https:\/\/api.w.org\/{rel}","templated":true}]}}