{"id":85760,"date":"2026-04-15T19:48:14","date_gmt":"2026-04-15T18:48:14","guid":{"rendered":"https:\/\/lasentinelle.dz\/?p=85760"},"modified":"2026-04-15T19:48:14","modified_gmt":"2026-04-15T18:48:14","slug":"equipe-nationale-mandrea-se-demet-lepaule-le-mondial-en-suspens","status":"publish","type":"post","link":"https:\/\/lasentinelle.dz\/index.php\/2026\/04\/15\/equipe-nationale-mandrea-se-demet-lepaule-le-mondial-en-suspens\/","title":{"rendered":"\u00c9quipe nationale\u00a0: Mandrea se d\u00e9met l&rsquo;\u00e9paule, le Mondial en suspens"},"content":{"rendered":"\n<p class=\"wp-block-paragraph\">Le gardien international alg\u00e9rien Anthony Mandrea s&rsquo;est lux\u00e9 l&rsquo;\u00e9paule \u00e0 l&rsquo;entra\u00eenement lundi. \u00c0 29 ans, le portier caennais voit sa participation \u00e0 la Coupe du monde 2026 s\u00e9rieusement compromise.<\/p>\n\n\n\n<p class=\"wp-block-paragraph\">Un geste anodin, une mauvaise r\u00e9ception, et c&rsquo;est une participation au Mondial qui vacille. Anthony Mandrea, gardien de but du SM Caen et international alg\u00e9rien, a quitt\u00e9 pr\u00e9matur\u00e9ment la s\u00e9ance d&rsquo;entra\u00eenement de lundi apr\u00e8s s&rsquo;\u00eatre lux\u00e9 l&rsquo;\u00e9paule lors de la phase d&rsquo;\u00e9chauffement. Le diagnostic est sans \u00e9quivoque : une grosse luxation, sans fracture associ\u00e9e. \u00ab Il s&rsquo;est compl\u00e8tement d\u00e9mis l&rsquo;\u00e9paule \u00bb, a confirm\u00e9 un membre du staff technique normand. Le joueur a d\u00fb \u00eatre escort\u00e9 hors de la pelouse par un kin\u00e9sith\u00e9rapeute avant d&rsquo;\u00eatre pris en charge par les secours et transport\u00e9 \u00e0 l&rsquo;h\u00f4pital, selon Actu Normandie.<\/p>\n\n\n\n<p class=\"wp-block-paragraph\">L&rsquo;ancien gardien d&rsquo;Angers, d\u00e9sormais pensionnaire de la troisi\u00e8me division fran\u00e7aise avec Caen, se retrouve face \u00e0 une d\u00e9cision m\u00e9dicale cruciale. D&rsquo;apr\u00e8s Ouest France, Mandrea r\u00e9fl\u00e9chit actuellement \u00e0 l&rsquo;opportunit\u00e9 d&rsquo;une intervention chirurgicale, avec un seul objectif en t\u00eate : \u00eatre r\u00e9tabli avant le coup d&rsquo;envoi du Mondial, pr\u00e9vu le 11 juin prochain aux \u00c9tats-Unis, au Canada et au Mexique.<\/p>\n\n\n\n<p class=\"wp-block-paragraph\">Le timing est particuli\u00e8rement cruel pour le portier de 29 ans, qui s&rsquo;\u00e9tait impos\u00e9 comme le deuxi\u00e8me gardien de la s\u00e9lection alg\u00e9rienne derri\u00e8re Luca Zidane, soci\u00e9taire du FC Grenade en Liga espagnole. Mandrea avait pris part \u00e0 la CAN-2025, d\u00e9crochant m\u00eame une titularisation lors du troisi\u00e8me match de poule face \u00e0 la Guin\u00e9e-\u00c9quatoriale, sold\u00e9 par une large victoire alg\u00e9rienne (3-1). Convoqu\u00e9 \u00e9galement lors du rassemblement de mars en Italie, il \u00e9tait rest\u00e9 sur le banc, Melvin Mastil ayant \u00e9t\u00e9 pr\u00e9f\u00e9r\u00e9 contre le Guatemala (7-0) avant que Zidane ne retrouve sa place face \u00e0 l&rsquo;Uruguay (0-0).<\/p>\n\n\n\n<p class=\"wp-block-paragraph\">La blessure intervient \u00e0 moins de deux mois d&rsquo;une \u00e9ch\u00e9ance majeure pour le football alg\u00e9rien, qui disputera son premier Mondial depuis 2014. Le s\u00e9lectionneur Vladimir Petkovic devra d\u00e9sormais surveiller de pr\u00e8s l&rsquo;\u00e9volution de l&rsquo;\u00e9tat de sant\u00e9 de son gardien rempla\u00e7ant, dont la pr\u00e9sence au tournoi reste, \u00e0 ce stade, plus qu&rsquo;incertaine.<\/p>\n\n\n\n<p class=\"wp-block-paragraph\">Moncef D.<\/p>\n","protected":false},"excerpt":{"rendered":"<p>Le gardien international alg\u00e9rien Anthony Mandrea s&rsquo;est lux\u00e9 l&rsquo;\u00e9paule \u00e0 l&rsquo;entra\u00eenement lundi. \u00c0 29 ans, le portier caennais voit sa<\/p>\n","protected":false},"author":6,"featured_media":85761,"comment_status":"open","ping_status":"closed","sticky":false,"template":"","format":"standard","meta":{"colormag_page_container_layout":"default_layout","colormag_page_sidebar_layout":"default_layout","om_disable_all_campaigns":false,"_monsterinsights_skip_tracking":false,"footnotes":"","_wpscppro_dont_share_socialmedia":false,"_wpscppro_custom_social_share_image":0,"_facebook_share_type":"default","_twitter_share_type":"default","_linkedin_share_type":"default","_pinterest_share_type":"default","_linkedin_share_type_page":"","_instagram_share_type":"default","_medium_share_type":"default","_threads_share_type":"default","_google_business_share_type":"default","_bluesky_share_type":"","_mastodon_share_type":"","_selected_social_profile":[],"_wpsp_enable_custom_social_template":false,"_wpsp_social_scheduling":{"enabled":false,"datetime":null,"platforms":[],"status":"template_only","dateOption":"today","timeOption":"now","customDays":"","customHours":"","customDate":"","customTime":"","schedulingType":"absolute"},"_wpsp_active_default_template":true},"categories":[33],"tags":[],"class_list":["post-85760","post","type-post","status-publish","format-standard","has-post-thumbnail","hentry","category-sports"],"aioseo_notices":[],"aioseo_head":"\n\t\t<!-- All in One SEO 5.0.0.1 - aioseo.com -->\n\t<meta name=\"description\" content=\"Le gardien international alg\u00e9rien Anthony Mandrea s&#039;est lux\u00e9 l&#039;\u00e9paule \u00e0 l&#039;entra\u00eenement lundi. \u00c0 29 ans, le portier caennais voit sa participation \u00e0 la Coupe du monde 2026 s\u00e9rieusement compromise. Un geste anodin, une mauvaise r\u00e9ception, et c&#039;est une participation au Mondial qui vacille. Anthony Mandrea, gardien de but du SM Caen et international alg\u00e9rien, a\" \/>\n\t<meta name=\"robots\" content=\"max-image-preview:large\" \/>\n\t<meta name=\"author\" content=\"admin\"\/>\n\t<link rel=\"canonical\" href=\"https:\/\/lasentinelle.dz\/index.php\/2026\/04\/15\/equipe-nationale-mandrea-se-demet-lepaule-le-mondial-en-suspens\/\" \/>\n\t<meta name=\"generator\" content=\"All in One SEO (AIOSEO) 5.0.0.1\" \/>\n\t\t<meta property=\"og:locale\" content=\"fr_FR\" \/>\n\t\t<meta property=\"og:site_name\" content=\"La Sentinelle - Quotidien national d&#039;information\" \/>\n\t\t<meta property=\"og:type\" content=\"article\" \/>\n\t\t<meta property=\"og:title\" content=\"\u00c9quipe nationale : Mandrea se d\u00e9met l\u2019\u00e9paule, le Mondial en suspens - La Sentinelle\" \/>\n\t\t<meta property=\"og:description\" content=\"Le gardien international alg\u00e9rien Anthony Mandrea s&#039;est lux\u00e9 l&#039;\u00e9paule \u00e0 l&#039;entra\u00eenement lundi. \u00c0 29 ans, le portier caennais voit sa participation \u00e0 la Coupe du monde 2026 s\u00e9rieusement compromise. Un geste anodin, une mauvaise r\u00e9ception, et c&#039;est une participation au Mondial qui vacille. Anthony Mandrea, gardien de but du SM Caen et international alg\u00e9rien, a\" \/>\n\t\t<meta property=\"og:url\" content=\"https:\/\/lasentinelle.dz\/index.php\/2026\/04\/15\/equipe-nationale-mandrea-se-demet-lepaule-le-mondial-en-suspens\/\" \/>\n\t\t<meta property=\"og:image\" content=\"https:\/\/lasentinelle.dz\/wp-content\/uploads\/2021\/09\/cropped-la-sentinelle-earth-golden-anima-5.gif\" \/>\n\t\t<meta property=\"og:image:secure_url\" content=\"https:\/\/lasentinelle.dz\/wp-content\/uploads\/2021\/09\/cropped-la-sentinelle-earth-golden-anima-5.gif\" \/>\n\t\t<meta property=\"og:image:width\" content=\"450\" \/>\n\t\t<meta property=\"og:image:height\" content=\"213\" \/>\n\t\t<meta property=\"article:published_time\" content=\"2026-04-15T18:48:14+00:00\" \/>\n\t\t<meta property=\"article:modified_time\" content=\"2026-04-15T18:48:14+00:00\" \/>\n\t\t<meta property=\"article:publisher\" content=\"https:\/\/www.facebook.com\/azzedine.lasentinelle.1\" \/>\n\t\t<meta name=\"twitter:card\" content=\"summary_large_image\" \/>\n\t\t<meta name=\"twitter:title\" content=\"\u00c9quipe nationale : Mandrea se d\u00e9met l\u2019\u00e9paule, le Mondial en suspens - La Sentinelle\" \/>\n\t\t<meta name=\"twitter:description\" content=\"Le gardien international alg\u00e9rien Anthony Mandrea s&#039;est lux\u00e9 l&#039;\u00e9paule \u00e0 l&#039;entra\u00eenement lundi. \u00c0 29 ans, le portier caennais voit sa participation \u00e0 la Coupe du monde 2026 s\u00e9rieusement compromise. Un geste anodin, une mauvaise r\u00e9ception, et c&#039;est une participation au Mondial qui vacille. Anthony Mandrea, gardien de but du SM Caen et international alg\u00e9rien, a\" \/>\n\t\t<meta name=\"twitter:image\" content=\"https:\/\/lasentinelle.dz\/wp-content\/uploads\/2021\/09\/cropped-la-sentinelle-earth-golden-anima-5.gif\" \/>\n\t\t<script type=\"application\/ld+json\" class=\"aioseo-schema\">\n\t\t\t{\"@context\":\"https:\\\/\\\/schema.org\",\"@graph\":[{\"@type\":\"BlogPosting\",\"@id\":\"https:\\\/\\\/lasentinelle.dz\\\/index.php\\\/2026\\\/04\\\/15\\\/equipe-nationale-mandrea-se-demet-lepaule-le-mondial-en-suspens\\\/#blogposting\",\"name\":\"\\u00c9quipe nationale : Mandrea se d\\u00e9met l\\u2019\\u00e9paule, le Mondial en suspens - La Sentinelle\",\"headline\":\"\\u00c9quipe nationale\\u00a0: Mandrea se d\\u00e9met l&rsquo;\\u00e9paule, le Mondial en suspens\",\"author\":{\"@id\":\"https:\\\/\\\/lasentinelle.dz\\\/author\\\/admin\\\/#author\"},\"publisher\":{\"@id\":\"https:\\\/\\\/lasentinelle.dz\\\/#organization\"},\"image\":{\"@type\":\"ImageObject\",\"url\":\"https:\\\/\\\/lasentinelle.dz\\\/wp-content\\\/uploads\\\/2026\\\/04\\\/Mandrea.webp\",\"width\":1200,\"height\":675},\"datePublished\":\"2026-04-15T19:48:14+01:00\",\"dateModified\":\"2026-04-15T19:48:14+01:00\",\"inLanguage\":\"fr-FR\",\"mainEntityOfPage\":{\"@id\":\"https:\\\/\\\/lasentinelle.dz\\\/index.php\\\/2026\\\/04\\\/15\\\/equipe-nationale-mandrea-se-demet-lepaule-le-mondial-en-suspens\\\/#webpage\"},\"isPartOf\":{\"@id\":\"https:\\\/\\\/lasentinelle.dz\\\/index.php\\\/2026\\\/04\\\/15\\\/equipe-nationale-mandrea-se-demet-lepaule-le-mondial-en-suspens\\\/#webpage\"},\"articleSection\":\"Sports\"},{\"@type\":\"BreadcrumbList\",\"@id\":\"https:\\\/\\\/lasentinelle.dz\\\/index.php\\\/2026\\\/04\\\/15\\\/equipe-nationale-mandrea-se-demet-lepaule-le-mondial-en-suspens\\\/#breadcrumblist\",\"itemListElement\":[{\"@type\":\"ListItem\",\"@id\":\"https:\\\/\\\/lasentinelle.dz#listItem\",\"position\":1,\"name\":\"Home\",\"item\":\"https:\\\/\\\/lasentinelle.dz\",\"nextItem\":{\"@type\":\"ListItem\",\"@id\":\"https:\\\/\\\/lasentinelle.dz\\\/index.php\\\/category\\\/sports\\\/#listItem\",\"name\":\"Sports\"}},{\"@type\":\"ListItem\",\"@id\":\"https:\\\/\\\/lasentinelle.dz\\\/index.php\\\/category\\\/sports\\\/#listItem\",\"position\":2,\"name\":\"Sports\",\"item\":\"https:\\\/\\\/lasentinelle.dz\\\/index.php\\\/category\\\/sports\\\/\",\"nextItem\":{\"@type\":\"ListItem\",\"@id\":\"https:\\\/\\\/lasentinelle.dz\\\/index.php\\\/2026\\\/04\\\/15\\\/equipe-nationale-mandrea-se-demet-lepaule-le-mondial-en-suspens\\\/#listItem\",\"name\":\"\\u00c9quipe nationale\\u00a0: Mandrea se d\\u00e9met l&rsquo;\\u00e9paule, le Mondial en suspens\"},\"previousItem\":{\"@type\":\"ListItem\",\"@id\":\"https:\\\/\\\/lasentinelle.dz#listItem\",\"name\":\"Home\"}},{\"@type\":\"ListItem\",\"@id\":\"https:\\\/\\\/lasentinelle.dz\\\/index.php\\\/2026\\\/04\\\/15\\\/equipe-nationale-mandrea-se-demet-lepaule-le-mondial-en-suspens\\\/#listItem\",\"position\":3,\"name\":\"\\u00c9quipe nationale\\u00a0: Mandrea se d\\u00e9met l&rsquo;\\u00e9paule, le Mondial en suspens\",\"previousItem\":{\"@type\":\"ListItem\",\"@id\":\"https:\\\/\\\/lasentinelle.dz\\\/index.php\\\/category\\\/sports\\\/#listItem\",\"name\":\"Sports\"}}]},{\"@type\":\"Organization\",\"@id\":\"https:\\\/\\\/lasentinelle.dz\\\/#organization\",\"name\":\"La Sentinelle La Sentinelle\",\"description\":\"Quotidien national d'information\",\"url\":\"https:\\\/\\\/lasentinelle.dz\\\/\",\"logo\":{\"@type\":\"ImageObject\",\"url\":\"https:\\\/\\\/lasentinelle.dz\\\/wp-content\\\/uploads\\\/2021\\\/09\\\/cropped-la-sentinelle-earth-golden-anima-5.gif\",\"@id\":\"https:\\\/\\\/lasentinelle.dz\\\/index.php\\\/2026\\\/04\\\/15\\\/equipe-nationale-mandrea-se-demet-lepaule-le-mondial-en-suspens\\\/#organizationLogo\",\"width\":450,\"height\":213},\"image\":{\"@id\":\"https:\\\/\\\/lasentinelle.dz\\\/index.php\\\/2026\\\/04\\\/15\\\/equipe-nationale-mandrea-se-demet-lepaule-le-mondial-en-suspens\\\/#organizationLogo\"},\"sameAs\":[\"https:\\\/\\\/www.facebook.com\\\/azzedine.lasentinelle.1\"]},{\"@type\":\"Person\",\"@id\":\"https:\\\/\\\/lasentinelle.dz\\\/author\\\/admin\\\/#author\",\"url\":\"https:\\\/\\\/lasentinelle.dz\\\/author\\\/admin\\\/\",\"name\":\"admin\",\"image\":{\"@type\":\"ImageObject\",\"@id\":\"https:\\\/\\\/lasentinelle.dz\\\/index.php\\\/2026\\\/04\\\/15\\\/equipe-nationale-mandrea-se-demet-lepaule-le-mondial-en-suspens\\\/#authorImage\",\"url\":\"https:\\\/\\\/secure.gravatar.com\\\/avatar\\\/4c81fed838786e9b53f540bf46533e750f5d292099ae3b66cfc6fb1982e29df7?s=96&d=mm&r=g\",\"width\":96,\"height\":96,\"caption\":\"admin\"}},{\"@type\":\"WebPage\",\"@id\":\"https:\\\/\\\/lasentinelle.dz\\\/index.php\\\/2026\\\/04\\\/15\\\/equipe-nationale-mandrea-se-demet-lepaule-le-mondial-en-suspens\\\/#webpage\",\"url\":\"https:\\\/\\\/lasentinelle.dz\\\/index.php\\\/2026\\\/04\\\/15\\\/equipe-nationale-mandrea-se-demet-lepaule-le-mondial-en-suspens\\\/\",\"name\":\"\\u00c9quipe nationale : Mandrea se d\\u00e9met l\\u2019\\u00e9paule, le Mondial en suspens - La Sentinelle\",\"description\":\"Le gardien international alg\\u00e9rien Anthony Mandrea s'est lux\\u00e9 l'\\u00e9paule \\u00e0 l'entra\\u00eenement lundi. \\u00c0 29 ans, le portier caennais voit sa participation \\u00e0 la Coupe du monde 2026 s\\u00e9rieusement compromise. Un geste anodin, une mauvaise r\\u00e9ception, et c'est une participation au Mondial qui vacille. Anthony Mandrea, gardien de but du SM Caen et international alg\\u00e9rien, a\",\"inLanguage\":\"fr-FR\",\"isPartOf\":{\"@id\":\"https:\\\/\\\/lasentinelle.dz\\\/#website\"},\"breadcrumb\":{\"@id\":\"https:\\\/\\\/lasentinelle.dz\\\/index.php\\\/2026\\\/04\\\/15\\\/equipe-nationale-mandrea-se-demet-lepaule-le-mondial-en-suspens\\\/#breadcrumblist\"},\"author\":{\"@id\":\"https:\\\/\\\/lasentinelle.dz\\\/author\\\/admin\\\/#author\"},\"creator\":{\"@id\":\"https:\\\/\\\/lasentinelle.dz\\\/author\\\/admin\\\/#author\"},\"image\":{\"@type\":\"ImageObject\",\"url\":\"https:\\\/\\\/lasentinelle.dz\\\/wp-content\\\/uploads\\\/2026\\\/04\\\/Mandrea.webp\",\"@id\":\"https:\\\/\\\/lasentinelle.dz\\\/index.php\\\/2026\\\/04\\\/15\\\/equipe-nationale-mandrea-se-demet-lepaule-le-mondial-en-suspens\\\/#mainImage\",\"width\":1200,\"height\":675},\"primaryImageOfPage\":{\"@id\":\"https:\\\/\\\/lasentinelle.dz\\\/index.php\\\/2026\\\/04\\\/15\\\/equipe-nationale-mandrea-se-demet-lepaule-le-mondial-en-suspens\\\/#mainImage\"},\"datePublished\":\"2026-04-15T19:48:14+01:00\",\"dateModified\":\"2026-04-15T19:48:14+01:00\"},{\"@type\":\"WebSite\",\"@id\":\"https:\\\/\\\/lasentinelle.dz\\\/#website\",\"url\":\"https:\\\/\\\/lasentinelle.dz\\\/\",\"name\":\"La Sentinelle\",\"description\":\"Quotidien national d'information\",\"inLanguage\":\"fr-FR\",\"publisher\":{\"@id\":\"https:\\\/\\\/lasentinelle.dz\\\/#organization\"}}]}\n\t\t<\/script>\n\t\t<!-- All in One SEO -->\n\n","aioseo_head_json":{"title":"\u00c9quipe nationale : Mandrea se d\u00e9met l\u2019\u00e9paule, le Mondial en suspens - La Sentinelle","description":"Le gardien international alg\u00e9rien Anthony Mandrea s'est lux\u00e9 l'\u00e9paule \u00e0 l'entra\u00eenement lundi. \u00c0 29 ans, le portier caennais voit sa participation \u00e0 la Coupe du monde 2026 s\u00e9rieusement compromise. Un geste anodin, une mauvaise r\u00e9ception, et c'est une participation au Mondial qui vacille. Anthony Mandrea, gardien de but du SM Caen et international alg\u00e9rien, a","canonical_url":"https:\/\/lasentinelle.dz\/index.php\/2026\/04\/15\/equipe-nationale-mandrea-se-demet-lepaule-le-mondial-en-suspens\/","robots":"max-image-preview:large","keywords":"","webmasterTools":{"miscellaneous":""},"schema":{"@context":"https:\/\/schema.org","@graph":[{"@type":"BlogPosting","@id":"https:\/\/lasentinelle.dz\/index.php\/2026\/04\/15\/equipe-nationale-mandrea-se-demet-lepaule-le-mondial-en-suspens\/#blogposting","name":"\u00c9quipe nationale : Mandrea se d\u00e9met l\u2019\u00e9paule, le Mondial en suspens - La Sentinelle","headline":"\u00c9quipe nationale\u00a0: Mandrea se d\u00e9met l&rsquo;\u00e9paule, le Mondial en suspens","author":{"@id":"https:\/\/lasentinelle.dz\/author\/admin\/#author"},"publisher":{"@id":"https:\/\/lasentinelle.dz\/#organization"},"image":{"@type":"ImageObject","url":"https:\/\/lasentinelle.dz\/wp-content\/uploads\/2026\/04\/Mandrea.webp","width":1200,"height":675},"datePublished":"2026-04-15T19:48:14+01:00","dateModified":"2026-04-15T19:48:14+01:00","inLanguage":"fr-FR","mainEntityOfPage":{"@id":"https:\/\/lasentinelle.dz\/index.php\/2026\/04\/15\/equipe-nationale-mandrea-se-demet-lepaule-le-mondial-en-suspens\/#webpage"},"isPartOf":{"@id":"https:\/\/lasentinelle.dz\/index.php\/2026\/04\/15\/equipe-nationale-mandrea-se-demet-lepaule-le-mondial-en-suspens\/#webpage"},"articleSection":"Sports"},{"@type":"BreadcrumbList","@id":"https:\/\/lasentinelle.dz\/index.php\/2026\/04\/15\/equipe-nationale-mandrea-se-demet-lepaule-le-mondial-en-suspens\/#breadcrumblist","itemListElement":[{"@type":"ListItem","@id":"https:\/\/lasentinelle.dz#listItem","position":1,"name":"Home","item":"https:\/\/lasentinelle.dz","nextItem":{"@type":"ListItem","@id":"https:\/\/lasentinelle.dz\/index.php\/category\/sports\/#listItem","name":"Sports"}},{"@type":"ListItem","@id":"https:\/\/lasentinelle.dz\/index.php\/category\/sports\/#listItem","position":2,"name":"Sports","item":"https:\/\/lasentinelle.dz\/index.php\/category\/sports\/","nextItem":{"@type":"ListItem","@id":"https:\/\/lasentinelle.dz\/index.php\/2026\/04\/15\/equipe-nationale-mandrea-se-demet-lepaule-le-mondial-en-suspens\/#listItem","name":"\u00c9quipe nationale\u00a0: Mandrea se d\u00e9met l&rsquo;\u00e9paule, le Mondial en suspens"},"previousItem":{"@type":"ListItem","@id":"https:\/\/lasentinelle.dz#listItem","name":"Home"}},{"@type":"ListItem","@id":"https:\/\/lasentinelle.dz\/index.php\/2026\/04\/15\/equipe-nationale-mandrea-se-demet-lepaule-le-mondial-en-suspens\/#listItem","position":3,"name":"\u00c9quipe nationale\u00a0: Mandrea se d\u00e9met l&rsquo;\u00e9paule, le Mondial en suspens","previousItem":{"@type":"ListItem","@id":"https:\/\/lasentinelle.dz\/index.php\/category\/sports\/#listItem","name":"Sports"}}]},{"@type":"Organization","@id":"https:\/\/lasentinelle.dz\/#organization","name":"La Sentinelle La Sentinelle","description":"Quotidien national d'information","url":"https:\/\/lasentinelle.dz\/","logo":{"@type":"ImageObject","url":"https:\/\/lasentinelle.dz\/wp-content\/uploads\/2021\/09\/cropped-la-sentinelle-earth-golden-anima-5.gif","@id":"https:\/\/lasentinelle.dz\/index.php\/2026\/04\/15\/equipe-nationale-mandrea-se-demet-lepaule-le-mondial-en-suspens\/#organizationLogo","width":450,"height":213},"image":{"@id":"https:\/\/lasentinelle.dz\/index.php\/2026\/04\/15\/equipe-nationale-mandrea-se-demet-lepaule-le-mondial-en-suspens\/#organizationLogo"},"sameAs":["https:\/\/www.facebook.com\/azzedine.lasentinelle.1"]},{"@type":"Person","@id":"https:\/\/lasentinelle.dz\/author\/admin\/#author","url":"https:\/\/lasentinelle.dz\/author\/admin\/","name":"admin","image":{"@type":"ImageObject","@id":"https:\/\/lasentinelle.dz\/index.php\/2026\/04\/15\/equipe-nationale-mandrea-se-demet-lepaule-le-mondial-en-suspens\/#authorImage","url":"https:\/\/secure.gravatar.com\/avatar\/4c81fed838786e9b53f540bf46533e750f5d292099ae3b66cfc6fb1982e29df7?s=96&d=mm&r=g","width":96,"height":96,"caption":"admin"}},{"@type":"WebPage","@id":"https:\/\/lasentinelle.dz\/index.php\/2026\/04\/15\/equipe-nationale-mandrea-se-demet-lepaule-le-mondial-en-suspens\/#webpage","url":"https:\/\/lasentinelle.dz\/index.php\/2026\/04\/15\/equipe-nationale-mandrea-se-demet-lepaule-le-mondial-en-suspens\/","name":"\u00c9quipe nationale : Mandrea se d\u00e9met l\u2019\u00e9paule, le Mondial en suspens - La Sentinelle","description":"Le gardien international alg\u00e9rien Anthony Mandrea s'est lux\u00e9 l'\u00e9paule \u00e0 l'entra\u00eenement lundi. \u00c0 29 ans, le portier caennais voit sa participation \u00e0 la Coupe du monde 2026 s\u00e9rieusement compromise. Un geste anodin, une mauvaise r\u00e9ception, et c'est une participation au Mondial qui vacille. Anthony Mandrea, gardien de but du SM Caen et international alg\u00e9rien, a","inLanguage":"fr-FR","isPartOf":{"@id":"https:\/\/lasentinelle.dz\/#website"},"breadcrumb":{"@id":"https:\/\/lasentinelle.dz\/index.php\/2026\/04\/15\/equipe-nationale-mandrea-se-demet-lepaule-le-mondial-en-suspens\/#breadcrumblist"},"author":{"@id":"https:\/\/lasentinelle.dz\/author\/admin\/#author"},"creator":{"@id":"https:\/\/lasentinelle.dz\/author\/admin\/#author"},"image":{"@type":"ImageObject","url":"https:\/\/lasentinelle.dz\/wp-content\/uploads\/2026\/04\/Mandrea.webp","@id":"https:\/\/lasentinelle.dz\/index.php\/2026\/04\/15\/equipe-nationale-mandrea-se-demet-lepaule-le-mondial-en-suspens\/#mainImage","width":1200,"height":675},"primaryImageOfPage":{"@id":"https:\/\/lasentinelle.dz\/index.php\/2026\/04\/15\/equipe-nationale-mandrea-se-demet-lepaule-le-mondial-en-suspens\/#mainImage"},"datePublished":"2026-04-15T19:48:14+01:00","dateModified":"2026-04-15T19:48:14+01:00"},{"@type":"WebSite","@id":"https:\/\/lasentinelle.dz\/#website","url":"https:\/\/lasentinelle.dz\/","name":"La Sentinelle","description":"Quotidien national d'information","inLanguage":"fr-FR","publisher":{"@id":"https:\/\/lasentinelle.dz\/#organization"}}]},"og:locale":"fr_FR","og:site_name":"La Sentinelle - Quotidien national d'information","og:type":"article","og:title":"\u00c9quipe nationale : Mandrea se d\u00e9met l\u2019\u00e9paule, le Mondial en suspens - La Sentinelle","og:description":"Le gardien international alg\u00e9rien Anthony Mandrea s'est lux\u00e9 l'\u00e9paule \u00e0 l'entra\u00eenement lundi. \u00c0 29 ans, le portier caennais voit sa participation \u00e0 la Coupe du monde 2026 s\u00e9rieusement compromise. Un geste anodin, une mauvaise r\u00e9ception, et c'est une participation au Mondial qui vacille. Anthony Mandrea, gardien de but du SM Caen et international alg\u00e9rien, a","og:url":"https:\/\/lasentinelle.dz\/index.php\/2026\/04\/15\/equipe-nationale-mandrea-se-demet-lepaule-le-mondial-en-suspens\/","og:image":"https:\/\/lasentinelle.dz\/wp-content\/uploads\/2021\/09\/cropped-la-sentinelle-earth-golden-anima-5.gif","og:image:secure_url":"https:\/\/lasentinelle.dz\/wp-content\/uploads\/2021\/09\/cropped-la-sentinelle-earth-golden-anima-5.gif","og:image:width":450,"og:image:height":213,"article:published_time":"2026-04-15T18:48:14+00:00","article:modified_time":"2026-04-15T18:48:14+00:00","article:publisher":"https:\/\/www.facebook.com\/azzedine.lasentinelle.1","twitter:card":"summary_large_image","twitter:title":"\u00c9quipe nationale : Mandrea se d\u00e9met l\u2019\u00e9paule, le Mondial en suspens - La Sentinelle","twitter:description":"Le gardien international alg\u00e9rien Anthony Mandrea s'est lux\u00e9 l'\u00e9paule \u00e0 l'entra\u00eenement lundi. \u00c0 29 ans, le portier caennais voit sa participation \u00e0 la Coupe du monde 2026 s\u00e9rieusement compromise. Un geste anodin, une mauvaise r\u00e9ception, et c'est une participation au Mondial qui vacille. Anthony Mandrea, gardien de but du SM Caen et international alg\u00e9rien, a","twitter:image":"https:\/\/lasentinelle.dz\/wp-content\/uploads\/2021\/09\/cropped-la-sentinelle-earth-golden-anima-5.gif"},"aioseo_meta_data":{"post_id":"85760","title":null,"description":null,"keywords":null,"keyphrases":null,"primary_term":null,"canonical_url":null,"og_title":null,"og_description":null,"og_object_type":"default","og_image_type":"default","og_image_url":null,"og_image_width":null,"og_image_height":null,"og_image_custom_url":null,"og_image_custom_fields":null,"og_video":null,"og_custom_url":null,"og_article_section":null,"og_article_tags":null,"twitter_use_og":false,"twitter_card":"default","twitter_image_type":"default","twitter_image_url":null,"twitter_image_custom_url":null,"twitter_image_custom_fields":null,"twitter_title":null,"twitter_description":null,"schema":{"blockGraphs":[],"customGraphs":[],"default":{"data":{"Article":[],"Course":[],"Dataset":[],"FAQPage":[],"Movie":[],"Person":[],"Product":[],"ProductReview":[],"Car":[],"Recipe":[],"Service":[],"SoftwareApplication":[],"WebPage":[]},"graphName":"","isEnabled":true},"graphs":[]},"schema_type":"default","schema_type_options":null,"pillar_content":false,"robots_default":true,"robots_noindex":false,"robots_noarchive":false,"robots_nosnippet":false,"robots_nofollow":false,"robots_noimageindex":false,"robots_noodp":false,"robots_notranslate":false,"robots_max_snippet":null,"robots_max_videopreview":null,"robots_max_imagepreview":"large","priority":null,"frequency":null,"local_seo":null,"breadcrumb_settings":null,"limit_modified_date":false,"ai":null,"created":"2026-05-15 13:40:06","updated":"2026-05-15 13:40:06","focus_keyword":null,"additional_keywords":null,"truseo_locale":null,"seo_analyzer_scan_date":null},"aioseo_breadcrumb":"<div class=\"aioseo-breadcrumbs\"><span class=\"aioseo-breadcrumb\">\n\t\t\t<a href=\"https:\/\/lasentinelle.dz\" title=\"Home\">Home<\/a>\n\t\t<\/span><span class=\"aioseo-breadcrumb-separator\">&raquo;<\/span><span class=\"aioseo-breadcrumb\">\n\t\t\t<a href=\"https:\/\/lasentinelle.dz\/index.php\/category\/sports\/\" title=\"Sports\">Sports<\/a>\n\t\t<\/span><span class=\"aioseo-breadcrumb-separator\">&raquo;<\/span><span class=\"aioseo-breadcrumb\">\n\t\t\t\u00c9quipe nationale : Mandrea se d\u00e9met l\u2019\u00e9paule, le Mondial en suspens\n\t\t<\/span><\/div>","aioseo_breadcrumb_json":[{"label":"Home","link":"https:\/\/lasentinelle.dz"},{"label":"Sports","link":"https:\/\/lasentinelle.dz\/index.php\/category\/sports\/"},{"label":"\u00c9quipe nationale\u00a0: Mandrea se d\u00e9met l&rsquo;\u00e9paule, le Mondial en suspens","link":"https:\/\/lasentinelle.dz\/index.php\/2026\/04\/15\/equipe-nationale-mandrea-se-demet-lepaule-le-mondial-en-suspens\/"}],"yoast_head":"<!-- This site is optimized with the Yoast SEO plugin v28.3 - https:\/\/yoast.com\/product\/yoast-seo-wordpress\/ -->\n<title>\u00c9quipe nationale\u00a0: Mandrea se d\u00e9met l&rsquo;\u00e9paule, le Mondial en suspens - La Sentinelle<\/title>\n<meta name=\"robots\" content=\"index, follow, max-snippet:-1, max-image-preview:large, max-video-preview:-1\" \/>\n<link rel=\"canonical\" href=\"https:\/\/lasentinelle.dz\/index.php\/2026\/04\/15\/equipe-nationale-mandrea-se-demet-lepaule-le-mondial-en-suspens\/\" \/>\n<meta property=\"og:locale\" content=\"fr_FR\" \/>\n<meta property=\"og:type\" content=\"article\" \/>\n<meta property=\"og:title\" content=\"\u00c9quipe nationale\u00a0: Mandrea se d\u00e9met l&rsquo;\u00e9paule, le Mondial en suspens - La Sentinelle\" \/>\n<meta property=\"og:description\" content=\"Le gardien international alg\u00e9rien Anthony Mandrea s&rsquo;est lux\u00e9 l&rsquo;\u00e9paule \u00e0 l&rsquo;entra\u00eenement lundi. \u00c0 29 ans, le portier caennais voit sa\" \/>\n<meta property=\"og:url\" content=\"https:\/\/lasentinelle.dz\/index.php\/2026\/04\/15\/equipe-nationale-mandrea-se-demet-lepaule-le-mondial-en-suspens\/\" \/>\n<meta property=\"og:site_name\" content=\"La Sentinelle\" \/>\n<meta property=\"article:publisher\" content=\"https:\/\/www.facebook.com\/La-Sentinelle-104059864394773\" \/>\n<meta property=\"article:published_time\" content=\"2026-04-15T18:48:14+00:00\" \/>\n<meta property=\"og:image\" content=\"https:\/\/lasentinelle.dz\/wp-content\/uploads\/2026\/04\/Mandrea.webp\" \/>\n\t<meta property=\"og:image:width\" content=\"1200\" \/>\n\t<meta property=\"og:image:height\" content=\"675\" \/>\n\t<meta property=\"og:image:type\" content=\"image\/webp\" \/>\n<meta name=\"author\" content=\"admin\" \/>\n<meta name=\"twitter:card\" content=\"summary_large_image\" \/>\n<meta name=\"twitter:label1\" content=\"\u00c9crit par\" \/>\n\t<meta name=\"twitter:data1\" content=\"admin\" \/>\n\t<meta name=\"twitter:label2\" content=\"Dur\u00e9e de lecture estim\u00e9e\" \/>\n\t<meta name=\"twitter:data2\" content=\"2 minutes\" \/>\n<script type=\"application\/ld+json\" class=\"yoast-schema-graph\">{\"@context\":\"https:\\\/\\\/schema.org\",\"@graph\":[{\"@type\":\"Article\",\"@id\":\"https:\\\/\\\/lasentinelle.dz\\\/index.php\\\/2026\\\/04\\\/15\\\/equipe-nationale-mandrea-se-demet-lepaule-le-mondial-en-suspens\\\/#article\",\"isPartOf\":{\"@id\":\"https:\\\/\\\/lasentinelle.dz\\\/index.php\\\/2026\\\/04\\\/15\\\/equipe-nationale-mandrea-se-demet-lepaule-le-mondial-en-suspens\\\/\"},\"author\":{\"name\":\"admin\",\"@id\":\"https:\\\/\\\/lasentinelle.dz\\\/#\\\/schema\\\/person\\\/729ee0024f24e0b8c5ec17232f8e8b41\"},\"headline\":\"\u00c9quipe nationale\u00a0: Mandrea se d\u00e9met l&rsquo;\u00e9paule, le Mondial en suspens\",\"datePublished\":\"2026-04-15T18:48:14+00:00\",\"mainEntityOfPage\":{\"@id\":\"https:\\\/\\\/lasentinelle.dz\\\/index.php\\\/2026\\\/04\\\/15\\\/equipe-nationale-mandrea-se-demet-lepaule-le-mondial-en-suspens\\\/\"},\"wordCount\":397,\"commentCount\":0,\"publisher\":{\"@id\":\"https:\\\/\\\/lasentinelle.dz\\\/#organization\"},\"image\":{\"@id\":\"https:\\\/\\\/lasentinelle.dz\\\/index.php\\\/2026\\\/04\\\/15\\\/equipe-nationale-mandrea-se-demet-lepaule-le-mondial-en-suspens\\\/#primaryimage\"},\"thumbnailUrl\":\"https:\\\/\\\/lasentinelle.dz\\\/wp-content\\\/uploads\\\/2026\\\/04\\\/Mandrea.webp\",\"articleSection\":[\"Sports\"],\"inLanguage\":\"fr-FR\",\"potentialAction\":[{\"@type\":\"CommentAction\",\"name\":\"Comment\",\"target\":[\"https:\\\/\\\/lasentinelle.dz\\\/index.php\\\/2026\\\/04\\\/15\\\/equipe-nationale-mandrea-se-demet-lepaule-le-mondial-en-suspens\\\/#respond\"]}]},{\"@type\":\"WebPage\",\"@id\":\"https:\\\/\\\/lasentinelle.dz\\\/index.php\\\/2026\\\/04\\\/15\\\/equipe-nationale-mandrea-se-demet-lepaule-le-mondial-en-suspens\\\/\",\"url\":\"https:\\\/\\\/lasentinelle.dz\\\/index.php\\\/2026\\\/04\\\/15\\\/equipe-nationale-mandrea-se-demet-lepaule-le-mondial-en-suspens\\\/\",\"name\":\"\u00c9quipe nationale\u00a0: Mandrea se d\u00e9met l&rsquo;\u00e9paule, le Mondial en suspens - La Sentinelle\",\"isPartOf\":{\"@id\":\"https:\\\/\\\/lasentinelle.dz\\\/#website\"},\"primaryImageOfPage\":{\"@id\":\"https:\\\/\\\/lasentinelle.dz\\\/index.php\\\/2026\\\/04\\\/15\\\/equipe-nationale-mandrea-se-demet-lepaule-le-mondial-en-suspens\\\/#primaryimage\"},\"image\":{\"@id\":\"https:\\\/\\\/lasentinelle.dz\\\/index.php\\\/2026\\\/04\\\/15\\\/equipe-nationale-mandrea-se-demet-lepaule-le-mondial-en-suspens\\\/#primaryimage\"},\"thumbnailUrl\":\"https:\\\/\\\/lasentinelle.dz\\\/wp-content\\\/uploads\\\/2026\\\/04\\\/Mandrea.webp\",\"datePublished\":\"2026-04-15T18:48:14+00:00\",\"breadcrumb\":{\"@id\":\"https:\\\/\\\/lasentinelle.dz\\\/index.php\\\/2026\\\/04\\\/15\\\/equipe-nationale-mandrea-se-demet-lepaule-le-mondial-en-suspens\\\/#breadcrumb\"},\"inLanguage\":\"fr-FR\",\"potentialAction\":[{\"@type\":\"ReadAction\",\"target\":[\"https:\\\/\\\/lasentinelle.dz\\\/index.php\\\/2026\\\/04\\\/15\\\/equipe-nationale-mandrea-se-demet-lepaule-le-mondial-en-suspens\\\/\"]}]},{\"@type\":\"ImageObject\",\"inLanguage\":\"fr-FR\",\"@id\":\"https:\\\/\\\/lasentinelle.dz\\\/index.php\\\/2026\\\/04\\\/15\\\/equipe-nationale-mandrea-se-demet-lepaule-le-mondial-en-suspens\\\/#primaryimage\",\"url\":\"https:\\\/\\\/lasentinelle.dz\\\/wp-content\\\/uploads\\\/2026\\\/04\\\/Mandrea.webp\",\"contentUrl\":\"https:\\\/\\\/lasentinelle.dz\\\/wp-content\\\/uploads\\\/2026\\\/04\\\/Mandrea.webp\",\"width\":1200,\"height\":675},{\"@type\":\"BreadcrumbList\",\"@id\":\"https:\\\/\\\/lasentinelle.dz\\\/index.php\\\/2026\\\/04\\\/15\\\/equipe-nationale-mandrea-se-demet-lepaule-le-mondial-en-suspens\\\/#breadcrumb\",\"itemListElement\":[{\"@type\":\"ListItem\",\"position\":1,\"name\":\"Accueil\",\"item\":\"https:\\\/\\\/lasentinelle.dz\\\/\"},{\"@type\":\"ListItem\",\"position\":2,\"name\":\"\u00c9quipe nationale\u00a0: Mandrea se d\u00e9met l&rsquo;\u00e9paule, le Mondial en suspens\"}]},{\"@type\":\"WebSite\",\"@id\":\"https:\\\/\\\/lasentinelle.dz\\\/#website\",\"url\":\"https:\\\/\\\/lasentinelle.dz\\\/\",\"name\":\"La Sentinelle\",\"description\":\"Quotidien national d&#039;information\",\"publisher\":{\"@id\":\"https:\\\/\\\/lasentinelle.dz\\\/#organization\"},\"potentialAction\":[{\"@type\":\"SearchAction\",\"target\":{\"@type\":\"EntryPoint\",\"urlTemplate\":\"https:\\\/\\\/lasentinelle.dz\\\/?s={search_term_string}\"},\"query-input\":{\"@type\":\"PropertyValueSpecification\",\"valueRequired\":true,\"valueName\":\"search_term_string\"}}],\"inLanguage\":\"fr-FR\"},{\"@type\":\"Organization\",\"@id\":\"https:\\\/\\\/lasentinelle.dz\\\/#organization\",\"name\":\"Quotidien La Sentinelle\",\"url\":\"https:\\\/\\\/lasentinelle.dz\\\/\",\"logo\":{\"@type\":\"ImageObject\",\"inLanguage\":\"fr-FR\",\"@id\":\"https:\\\/\\\/lasentinelle.dz\\\/#\\\/schema\\\/logo\\\/image\\\/\",\"url\":\"https:\\\/\\\/lasentinelle.dz\\\/wp-content\\\/uploads\\\/2021\\\/09\\\/logo-sentinelleSLOGAN-1.png\",\"contentUrl\":\"https:\\\/\\\/lasentinelle.dz\\\/wp-content\\\/uploads\\\/2021\\\/09\\\/logo-sentinelleSLOGAN-1.png\",\"width\":615,\"height\":142,\"caption\":\"Quotidien La Sentinelle\"},\"image\":{\"@id\":\"https:\\\/\\\/lasentinelle.dz\\\/#\\\/schema\\\/logo\\\/image\\\/\"},\"sameAs\":[\"https:\\\/\\\/www.facebook.com\\\/La-Sentinelle-104059864394773\"]},{\"@type\":\"Person\",\"@id\":\"https:\\\/\\\/lasentinelle.dz\\\/#\\\/schema\\\/person\\\/729ee0024f24e0b8c5ec17232f8e8b41\",\"name\":\"admin\",\"image\":{\"@type\":\"ImageObject\",\"inLanguage\":\"fr-FR\",\"@id\":\"https:\\\/\\\/secure.gravatar.com\\\/avatar\\\/4c81fed838786e9b53f540bf46533e750f5d292099ae3b66cfc6fb1982e29df7?s=96&d=mm&r=g\",\"url\":\"https:\\\/\\\/secure.gravatar.com\\\/avatar\\\/4c81fed838786e9b53f540bf46533e750f5d292099ae3b66cfc6fb1982e29df7?s=96&d=mm&r=g\",\"contentUrl\":\"https:\\\/\\\/secure.gravatar.com\\\/avatar\\\/4c81fed838786e9b53f540bf46533e750f5d292099ae3b66cfc6fb1982e29df7?s=96&d=mm&r=g\",\"caption\":\"admin\"},\"description\":\"admin\",\"url\":\"https:\\\/\\\/lasentinelle.dz\\\/author\\\/admin\\\/\"}]}<\/script>\n<!-- \/ Yoast SEO plugin. -->","yoast_head_json":{"title":"\u00c9quipe nationale\u00a0: Mandrea se d\u00e9met l&rsquo;\u00e9paule, le Mondial en suspens - La Sentinelle","robots":{"index":"index","follow":"follow","max-snippet":"max-snippet:-1","max-image-preview":"max-image-preview:large","max-video-preview":"max-video-preview:-1"},"canonical":"https:\/\/lasentinelle.dz\/index.php\/2026\/04\/15\/equipe-nationale-mandrea-se-demet-lepaule-le-mondial-en-suspens\/","og_locale":"fr_FR","og_type":"article","og_title":"\u00c9quipe nationale\u00a0: Mandrea se d\u00e9met l&rsquo;\u00e9paule, le Mondial en suspens - La Sentinelle","og_description":"Le gardien international alg\u00e9rien Anthony Mandrea s&rsquo;est lux\u00e9 l&rsquo;\u00e9paule \u00e0 l&rsquo;entra\u00eenement lundi. \u00c0 29 ans, le portier caennais voit sa","og_url":"https:\/\/lasentinelle.dz\/index.php\/2026\/04\/15\/equipe-nationale-mandrea-se-demet-lepaule-le-mondial-en-suspens\/","og_site_name":"La Sentinelle","article_publisher":"https:\/\/www.facebook.com\/La-Sentinelle-104059864394773","article_published_time":"2026-04-15T18:48:14+00:00","og_image":[{"width":1200,"height":675,"url":"https:\/\/lasentinelle.dz\/wp-content\/uploads\/2026\/04\/Mandrea.webp","type":"image\/webp"}],"author":"admin","twitter_card":"summary_large_image","twitter_misc":{"\u00c9crit par":"admin","Dur\u00e9e de lecture estim\u00e9e":"2 minutes"},"schema":{"@context":"https:\/\/schema.org","@graph":[{"@type":"Article","@id":"https:\/\/lasentinelle.dz\/index.php\/2026\/04\/15\/equipe-nationale-mandrea-se-demet-lepaule-le-mondial-en-suspens\/#article","isPartOf":{"@id":"https:\/\/lasentinelle.dz\/index.php\/2026\/04\/15\/equipe-nationale-mandrea-se-demet-lepaule-le-mondial-en-suspens\/"},"author":{"name":"admin","@id":"https:\/\/lasentinelle.dz\/#\/schema\/person\/729ee0024f24e0b8c5ec17232f8e8b41"},"headline":"\u00c9quipe nationale\u00a0: Mandrea se d\u00e9met l&rsquo;\u00e9paule, le Mondial en suspens","datePublished":"2026-04-15T18:48:14+00:00","mainEntityOfPage":{"@id":"https:\/\/lasentinelle.dz\/index.php\/2026\/04\/15\/equipe-nationale-mandrea-se-demet-lepaule-le-mondial-en-suspens\/"},"wordCount":397,"commentCount":0,"publisher":{"@id":"https:\/\/lasentinelle.dz\/#organization"},"image":{"@id":"https:\/\/lasentinelle.dz\/index.php\/2026\/04\/15\/equipe-nationale-mandrea-se-demet-lepaule-le-mondial-en-suspens\/#primaryimage"},"thumbnailUrl":"https:\/\/lasentinelle.dz\/wp-content\/uploads\/2026\/04\/Mandrea.webp","articleSection":["Sports"],"inLanguage":"fr-FR","potentialAction":[{"@type":"CommentAction","name":"Comment","target":["https:\/\/lasentinelle.dz\/index.php\/2026\/04\/15\/equipe-nationale-mandrea-se-demet-lepaule-le-mondial-en-suspens\/#respond"]}]},{"@type":"WebPage","@id":"https:\/\/lasentinelle.dz\/index.php\/2026\/04\/15\/equipe-nationale-mandrea-se-demet-lepaule-le-mondial-en-suspens\/","url":"https:\/\/lasentinelle.dz\/index.php\/2026\/04\/15\/equipe-nationale-mandrea-se-demet-lepaule-le-mondial-en-suspens\/","name":"\u00c9quipe nationale\u00a0: Mandrea se d\u00e9met l&rsquo;\u00e9paule, le Mondial en suspens - La Sentinelle","isPartOf":{"@id":"https:\/\/lasentinelle.dz\/#website"},"primaryImageOfPage":{"@id":"https:\/\/lasentinelle.dz\/index.php\/2026\/04\/15\/equipe-nationale-mandrea-se-demet-lepaule-le-mondial-en-suspens\/#primaryimage"},"image":{"@id":"https:\/\/lasentinelle.dz\/index.php\/2026\/04\/15\/equipe-nationale-mandrea-se-demet-lepaule-le-mondial-en-suspens\/#primaryimage"},"thumbnailUrl":"https:\/\/lasentinelle.dz\/wp-content\/uploads\/2026\/04\/Mandrea.webp","datePublished":"2026-04-15T18:48:14+00:00","breadcrumb":{"@id":"https:\/\/lasentinelle.dz\/index.php\/2026\/04\/15\/equipe-nationale-mandrea-se-demet-lepaule-le-mondial-en-suspens\/#breadcrumb"},"inLanguage":"fr-FR","potentialAction":[{"@type":"ReadAction","target":["https:\/\/lasentinelle.dz\/index.php\/2026\/04\/15\/equipe-nationale-mandrea-se-demet-lepaule-le-mondial-en-suspens\/"]}]},{"@type":"ImageObject","inLanguage":"fr-FR","@id":"https:\/\/lasentinelle.dz\/index.php\/2026\/04\/15\/equipe-nationale-mandrea-se-demet-lepaule-le-mondial-en-suspens\/#primaryimage","url":"https:\/\/lasentinelle.dz\/wp-content\/uploads\/2026\/04\/Mandrea.webp","contentUrl":"https:\/\/lasentinelle.dz\/wp-content\/uploads\/2026\/04\/Mandrea.webp","width":1200,"height":675},{"@type":"BreadcrumbList","@id":"https:\/\/lasentinelle.dz\/index.php\/2026\/04\/15\/equipe-nationale-mandrea-se-demet-lepaule-le-mondial-en-suspens\/#breadcrumb","itemListElement":[{"@type":"ListItem","position":1,"name":"Accueil","item":"https:\/\/lasentinelle.dz\/"},{"@type":"ListItem","position":2,"name":"\u00c9quipe nationale\u00a0: Mandrea se d\u00e9met l&rsquo;\u00e9paule, le Mondial en suspens"}]},{"@type":"WebSite","@id":"https:\/\/lasentinelle.dz\/#website","url":"https:\/\/lasentinelle.dz\/","name":"La Sentinelle","description":"Quotidien national d&#039;information","publisher":{"@id":"https:\/\/lasentinelle.dz\/#organization"},"potentialAction":[{"@type":"SearchAction","target":{"@type":"EntryPoint","urlTemplate":"https:\/\/lasentinelle.dz\/?s={search_term_string}"},"query-input":{"@type":"PropertyValueSpecification","valueRequired":true,"valueName":"search_term_string"}}],"inLanguage":"fr-FR"},{"@type":"Organization","@id":"https:\/\/lasentinelle.dz\/#organization","name":"Quotidien La Sentinelle","url":"https:\/\/lasentinelle.dz\/","logo":{"@type":"ImageObject","inLanguage":"fr-FR","@id":"https:\/\/lasentinelle.dz\/#\/schema\/logo\/image\/","url":"https:\/\/lasentinelle.dz\/wp-content\/uploads\/2021\/09\/logo-sentinelleSLOGAN-1.png","contentUrl":"https:\/\/lasentinelle.dz\/wp-content\/uploads\/2021\/09\/logo-sentinelleSLOGAN-1.png","width":615,"height":142,"caption":"Quotidien La Sentinelle"},"image":{"@id":"https:\/\/lasentinelle.dz\/#\/schema\/logo\/image\/"},"sameAs":["https:\/\/www.facebook.com\/La-Sentinelle-104059864394773"]},{"@type":"Person","@id":"https:\/\/lasentinelle.dz\/#\/schema\/person\/729ee0024f24e0b8c5ec17232f8e8b41","name":"admin","image":{"@type":"ImageObject","inLanguage":"fr-FR","@id":"https:\/\/secure.gravatar.com\/avatar\/4c81fed838786e9b53f540bf46533e750f5d292099ae3b66cfc6fb1982e29df7?s=96&d=mm&r=g","url":"https:\/\/secure.gravatar.com\/avatar\/4c81fed838786e9b53f540bf46533e750f5d292099ae3b66cfc6fb1982e29df7?s=96&d=mm&r=g","contentUrl":"https:\/\/secure.gravatar.com\/avatar\/4c81fed838786e9b53f540bf46533e750f5d292099ae3b66cfc6fb1982e29df7?s=96&d=mm&r=g","caption":"admin"},"description":"admin","url":"https:\/\/lasentinelle.dz\/author\/admin\/"}]}},"_links":{"self":[{"href":"https:\/\/lasentinelle.dz\/index.php\/wp-json\/wp\/v2\/posts\/85760","targetHints":{"allow":["GET"]}}],"collection":[{"href":"https:\/\/lasentinelle.dz\/index.php\/wp-json\/wp\/v2\/posts"}],"about":[{"href":"https:\/\/lasentinelle.dz\/index.php\/wp-json\/wp\/v2\/types\/post"}],"author":[{"embeddable":true,"href":"https:\/\/lasentinelle.dz\/index.php\/wp-json\/wp\/v2\/users\/6"}],"replies":[{"embeddable":true,"href":"https:\/\/lasentinelle.dz\/index.php\/wp-json\/wp\/v2\/comments?post=85760"}],"version-history":[{"count":2,"href":"https:\/\/lasentinelle.dz\/index.php\/wp-json\/wp\/v2\/posts\/85760\/revisions"}],"predecessor-version":[{"id":85763,"href":"https:\/\/lasentinelle.dz\/index.php\/wp-json\/wp\/v2\/posts\/85760\/revisions\/85763"}],"wp:featuredmedia":[{"embeddable":true,"href":"https:\/\/lasentinelle.dz\/index.php\/wp-json\/wp\/v2\/media\/85761"}],"wp:attachment":[{"href":"https:\/\/lasentinelle.dz\/index.php\/wp-json\/wp\/v2\/media?parent=85760"}],"wp:term":[{"taxonomy":"category","embeddable":true,"href":"https:\/\/lasentinelle.dz\/index.php\/wp-json\/wp\/v2\/categories?post=85760"},{"taxonomy":"post_tag","embeddable":true,"href":"https:\/\/lasentinelle.dz\/index.php\/wp-json\/wp\/v2\/tags?post=85760"}],"curies":[{"name":"wp","href":"https:\/\/api.w.org\/{rel}","templated":true}]}}