{"id":8585,"date":"2021-09-21T00:01:00","date_gmt":"2021-09-20T23:01:00","guid":{"rendered":"https:\/\/lasentinelle.dz\/?p=8585"},"modified":"2021-09-20T16:46:27","modified_gmt":"2021-09-20T15:46:27","slug":"oum-el-bouaghi-des-mesures-en-faveur-des-cerealiculteurs","status":"publish","type":"post","link":"https:\/\/lasentinelle.dz\/index.php\/2021\/09\/21\/oum-el-bouaghi-des-mesures-en-faveur-des-cerealiculteurs\/","title":{"rendered":"Oum El Bouaghi : Des mesures en faveur des c\u00e9r\u00e9aliculteurs"},"content":{"rendered":"\n<p>Pour le bon d\u00e9roulement de la saison agricole, un comit\u00e9 de wilaya charg\u00e9 de l&rsquo;encadrement de l\u2019activit\u00e9 de c\u00e9r\u00e9aliculture a \u00e9t\u00e9 mis en place.<\/p>\n\n\n\n<p>\u00c9tant l\u2019activit\u00e9 dominante dans la wilaya d\u2019Oum El Bouaghi, la fili\u00e8re de la c\u00e9r\u00e9aliculture a fait l&rsquo;objet de pr\u00e9paratifs intenses par les services de l&rsquo;agriculture et leurs partenaires. Une s\u00e9ance de travail a \u00e9t\u00e9 tenue au mois d&rsquo;ao\u00fbt dernier, regroupant outre, le Directeur des Services Agricoles (DSA), les gestionnaires des deux Coop\u00e9ratives de C\u00e9r\u00e9ales et L\u00e9gumes Secs (CCLS), le pr\u00e9sident de la chambre d&rsquo;agriculture, les repr\u00e9sentants du groupe r\u00e9gional d&rsquo;exploitation \u00ab\u00a0BADR\u00a0\u00bb Oum El Bouaghi-Khenchela, le directeur de la Caisse R\u00e9gionale de Mutualit\u00e9 Agricole (CRMA) et les cadres de la DSA, apprend-on aupr\u00e8s d\u2019une source interne \u00e0 cet organe. Selon les informations apport\u00e9es par la m\u00eame source,&nbsp; la r\u00e9union a \u00e9t\u00e9 une occasion propice pour d\u00e9battre des moyens et dispositions organisationnels, techniques et financi\u00e8res pour la r\u00e9ussite de la campagne de labours semailles de la saison 2021\/2022. La rencontre s\u2019est \u00e9galement ax\u00e9e sur l&rsquo;appui des efforts destin\u00e9s \u00e0 l&rsquo;am\u00e9lioration des m\u00e9thodes culturales, l&rsquo;encouragement de l&rsquo;utilisation des semences certifi\u00e9es et des engrais, l&rsquo;acquisition d&rsquo;\u00e9quipements d&rsquo;irrigation et mat\u00e9riels agricoles et leur utilisation rationnelle, a pr\u00e9cis\u00e9 notre source. Ainsi,&nbsp; afin de bien&nbsp; mener ces actions, les services agricoles ont mis en place un comit\u00e9 de wilaya charg\u00e9 de l&rsquo;encadrement, appuy\u00e9 par un comit\u00e9 de veille au niveau de la DSA et un guichet unique abrit\u00e9 par les deux CCLS, a fait savoir notre source, en expliquant que l\u2019organe regroupe l&rsquo;ensemble des services (CCLS, BADR et CRMA) et ayant pour objectif primordial de faciliter l&rsquo;approvisionnement des c\u00e9r\u00e9aliculteurs en intrants agricoles, notamment en semences et en engrais, ainsi que leur accompagnement dans toutes les proc\u00e9dures&nbsp; administratives li\u00e9es aux cr\u00e9dit \u00ab\u00a0RFIG\u00a0\u00bb et aux assurances. Dans le m\u00eame cadre et dans la m\u00eame optique, d\u2019autres actions de proximit\u00e9 ont \u00e9t\u00e9 men\u00e9es par la chambre d&rsquo;agriculture, l&rsquo;institut technique sp\u00e9cialis\u00e9 dans les grandes cultures et d\u2019autres organismes au profit des c\u00e9r\u00e9aliculteurs, ajoute-on encore. En outre, il a \u00e9t\u00e9 constat\u00e9 une nette am\u00e9lioration du dispositif relatif \u00e0 l&rsquo;attribution du cr\u00e9dit \u00ab\u00a0RFIG\u00a0\u00bb par rapport aux ann\u00e9es pr\u00e9c\u00e9dentes, selon la m\u00eame source, notamment en mati\u00e8re de facilit\u00e9s accord\u00e9es pour le d\u00e9p\u00f4t du dossier, son traitement sur place, la r\u00e9solution de la contrainte des 74 ans d\u2019\u00e2ge, la lev\u00e9e des contraintes li\u00e9es aux assurances \u00ab\u00a0SAA\u00a0\u00bb et la r\u00e9duction de la p\u00e9riode de traitement du dossier au niveau de la \u00ab\u00a0BADR\u00a0\u00bb. Il est \u00e0 souligner que la fili\u00e8re c\u00e9r\u00e9ali\u00e8re jouit d\u2019un int\u00e9r\u00eat particulier dans la r\u00e9gion des hauts plateaux, dont Oum El Bouaghi et Khenchela en l\u2019occurrence, connues pour la fertilit\u00e9 de leurs terres agricoles. Pour rappel, la fili\u00e8re c\u00e9r\u00e9ali\u00e8re se place en t\u00eate&nbsp; des activit\u00e9s agricoles, en&nbsp; couvrant pr\u00e8s de 60% de la Superficie Agricole Utile (SAU). Les pronostics des professionnels, tablent sur un objectif de 221.000 ha pour la campagne 2021\/2022.<\/p>\n\n\n\n<p>Sofia Chahine<\/p>\n","protected":false},"excerpt":{"rendered":"<p>Pour le bon d\u00e9roulement de la saison agricole, un comit\u00e9 de wilaya charg\u00e9 de l&rsquo;encadrement de l\u2019activit\u00e9 de c\u00e9r\u00e9aliculture a<\/p>\n","protected":false},"author":3,"featured_media":8589,"comment_status":"open","ping_status":"closed","sticky":false,"template":"","format":"standard","meta":{"colormag_page_container_layout":"default_layout","colormag_page_sidebar_layout":"default_layout","om_disable_all_campaigns":false,"_monsterinsights_skip_tracking":false,"_monsterinsights_sitenote_active":false,"_monsterinsights_sitenote_note":"","_monsterinsights_sitenote_category":0,"footnotes":"","_wpscppro_dont_share_socialmedia":false,"_wpscppro_custom_social_share_image":0,"_facebook_share_type":"","_twitter_share_type":"","_linkedin_share_type":"","_pinterest_share_type":"","_linkedin_share_type_page":"","_instagram_share_type":"","_medium_share_type":"","_threads_share_type":"","_google_business_share_type":"","_selected_social_profile":[],"_wpsp_enable_custom_social_template":false,"_wpsp_social_scheduling":{"enabled":false,"datetime":null,"platforms":[],"status":"template_only","dateOption":"today","timeOption":"now","customDays":"","customHours":"","customDate":"","customTime":"","schedulingType":"absolute"},"_wpsp_active_default_template":true},"categories":[31],"tags":[],"class_list":["post-8585","post","type-post","status-publish","format-standard","has-post-thumbnail","hentry","category-regions"],"aioseo_notices":[],"yoast_head":"<!-- This site is optimized with the Yoast SEO plugin v27.5 - https:\/\/yoast.com\/product\/yoast-seo-wordpress\/ -->\n<title>Oum El Bouaghi : Des mesures en faveur des c\u00e9r\u00e9aliculteurs - La Sentinelle<\/title>\n<meta name=\"robots\" content=\"index, follow, max-snippet:-1, max-image-preview:large, max-video-preview:-1\" \/>\n<link rel=\"canonical\" href=\"https:\/\/lasentinelle.dz\/index.php\/2021\/09\/21\/oum-el-bouaghi-des-mesures-en-faveur-des-cerealiculteurs\/\" \/>\n<meta property=\"og:locale\" content=\"fr_FR\" \/>\n<meta property=\"og:type\" content=\"article\" \/>\n<meta property=\"og:title\" content=\"Oum El Bouaghi : Des mesures en faveur des c\u00e9r\u00e9aliculteurs - La Sentinelle\" \/>\n<meta property=\"og:description\" content=\"Pour le bon d\u00e9roulement de la saison agricole, un comit\u00e9 de wilaya charg\u00e9 de l&rsquo;encadrement de l\u2019activit\u00e9 de c\u00e9r\u00e9aliculture a\" \/>\n<meta property=\"og:url\" content=\"https:\/\/lasentinelle.dz\/index.php\/2021\/09\/21\/oum-el-bouaghi-des-mesures-en-faveur-des-cerealiculteurs\/\" \/>\n<meta property=\"og:site_name\" content=\"La Sentinelle\" \/>\n<meta property=\"article:publisher\" content=\"https:\/\/www.facebook.com\/La-Sentinelle-104059864394773\" \/>\n<meta property=\"article:published_time\" content=\"2021-09-20T23:01:00+00:00\" \/>\n<meta property=\"og:image\" content=\"https:\/\/lasentinelle.dz\/wp-content\/uploads\/2021\/09\/image_2021-09-20_164618.png\" \/>\n\t<meta property=\"og:image:width\" content=\"855\" \/>\n\t<meta property=\"og:image:height\" content=\"516\" \/>\n\t<meta property=\"og:image:type\" content=\"image\/png\" \/>\n<meta name=\"author\" content=\"La Sentinelle\" \/>\n<meta name=\"twitter:card\" content=\"summary_large_image\" \/>\n<meta name=\"twitter:label1\" content=\"\u00c9crit par\" \/>\n\t<meta name=\"twitter:data1\" content=\"La Sentinelle\" \/>\n\t<meta name=\"twitter:label2\" content=\"Dur\u00e9e de lecture estim\u00e9e\" \/>\n\t<meta name=\"twitter:data2\" content=\"3 minutes\" \/>\n<script type=\"application\/ld+json\" class=\"yoast-schema-graph\">{\"@context\":\"https:\\\/\\\/schema.org\",\"@graph\":[{\"@type\":\"Article\",\"@id\":\"https:\\\/\\\/lasentinelle.dz\\\/index.php\\\/2021\\\/09\\\/21\\\/oum-el-bouaghi-des-mesures-en-faveur-des-cerealiculteurs\\\/#article\",\"isPartOf\":{\"@id\":\"https:\\\/\\\/lasentinelle.dz\\\/index.php\\\/2021\\\/09\\\/21\\\/oum-el-bouaghi-des-mesures-en-faveur-des-cerealiculteurs\\\/\"},\"author\":{\"name\":\"La Sentinelle\",\"@id\":\"https:\\\/\\\/lasentinelle.dz\\\/#\\\/schema\\\/person\\\/d865044e22e70a75174ce8bcad3acfb3\"},\"headline\":\"Oum El Bouaghi : Des mesures en faveur des c\u00e9r\u00e9aliculteurs\",\"datePublished\":\"2021-09-20T23:01:00+00:00\",\"mainEntityOfPage\":{\"@id\":\"https:\\\/\\\/lasentinelle.dz\\\/index.php\\\/2021\\\/09\\\/21\\\/oum-el-bouaghi-des-mesures-en-faveur-des-cerealiculteurs\\\/\"},\"wordCount\":584,\"commentCount\":0,\"publisher\":{\"@id\":\"https:\\\/\\\/lasentinelle.dz\\\/#organization\"},\"image\":{\"@id\":\"https:\\\/\\\/lasentinelle.dz\\\/index.php\\\/2021\\\/09\\\/21\\\/oum-el-bouaghi-des-mesures-en-faveur-des-cerealiculteurs\\\/#primaryimage\"},\"thumbnailUrl\":\"https:\\\/\\\/lasentinelle.dz\\\/wp-content\\\/uploads\\\/2021\\\/09\\\/image_2021-09-20_164618.png\",\"articleSection\":[\"R\u00e9gions\"],\"inLanguage\":\"fr-FR\",\"potentialAction\":[{\"@type\":\"CommentAction\",\"name\":\"Comment\",\"target\":[\"https:\\\/\\\/lasentinelle.dz\\\/index.php\\\/2021\\\/09\\\/21\\\/oum-el-bouaghi-des-mesures-en-faveur-des-cerealiculteurs\\\/#respond\"]}]},{\"@type\":\"WebPage\",\"@id\":\"https:\\\/\\\/lasentinelle.dz\\\/index.php\\\/2021\\\/09\\\/21\\\/oum-el-bouaghi-des-mesures-en-faveur-des-cerealiculteurs\\\/\",\"url\":\"https:\\\/\\\/lasentinelle.dz\\\/index.php\\\/2021\\\/09\\\/21\\\/oum-el-bouaghi-des-mesures-en-faveur-des-cerealiculteurs\\\/\",\"name\":\"Oum El Bouaghi : Des mesures en faveur des c\u00e9r\u00e9aliculteurs - La Sentinelle\",\"isPartOf\":{\"@id\":\"https:\\\/\\\/lasentinelle.dz\\\/#website\"},\"primaryImageOfPage\":{\"@id\":\"https:\\\/\\\/lasentinelle.dz\\\/index.php\\\/2021\\\/09\\\/21\\\/oum-el-bouaghi-des-mesures-en-faveur-des-cerealiculteurs\\\/#primaryimage\"},\"image\":{\"@id\":\"https:\\\/\\\/lasentinelle.dz\\\/index.php\\\/2021\\\/09\\\/21\\\/oum-el-bouaghi-des-mesures-en-faveur-des-cerealiculteurs\\\/#primaryimage\"},\"thumbnailUrl\":\"https:\\\/\\\/lasentinelle.dz\\\/wp-content\\\/uploads\\\/2021\\\/09\\\/image_2021-09-20_164618.png\",\"datePublished\":\"2021-09-20T23:01:00+00:00\",\"breadcrumb\":{\"@id\":\"https:\\\/\\\/lasentinelle.dz\\\/index.php\\\/2021\\\/09\\\/21\\\/oum-el-bouaghi-des-mesures-en-faveur-des-cerealiculteurs\\\/#breadcrumb\"},\"inLanguage\":\"fr-FR\",\"potentialAction\":[{\"@type\":\"ReadAction\",\"target\":[\"https:\\\/\\\/lasentinelle.dz\\\/index.php\\\/2021\\\/09\\\/21\\\/oum-el-bouaghi-des-mesures-en-faveur-des-cerealiculteurs\\\/\"]}]},{\"@type\":\"ImageObject\",\"inLanguage\":\"fr-FR\",\"@id\":\"https:\\\/\\\/lasentinelle.dz\\\/index.php\\\/2021\\\/09\\\/21\\\/oum-el-bouaghi-des-mesures-en-faveur-des-cerealiculteurs\\\/#primaryimage\",\"url\":\"https:\\\/\\\/lasentinelle.dz\\\/wp-content\\\/uploads\\\/2021\\\/09\\\/image_2021-09-20_164618.png\",\"contentUrl\":\"https:\\\/\\\/lasentinelle.dz\\\/wp-content\\\/uploads\\\/2021\\\/09\\\/image_2021-09-20_164618.png\",\"width\":855,\"height\":516},{\"@type\":\"BreadcrumbList\",\"@id\":\"https:\\\/\\\/lasentinelle.dz\\\/index.php\\\/2021\\\/09\\\/21\\\/oum-el-bouaghi-des-mesures-en-faveur-des-cerealiculteurs\\\/#breadcrumb\",\"itemListElement\":[{\"@type\":\"ListItem\",\"position\":1,\"name\":\"Accueil\",\"item\":\"https:\\\/\\\/lasentinelle.dz\\\/\"},{\"@type\":\"ListItem\",\"position\":2,\"name\":\"Oum El Bouaghi : Des mesures en faveur des c\u00e9r\u00e9aliculteurs\"}]},{\"@type\":\"WebSite\",\"@id\":\"https:\\\/\\\/lasentinelle.dz\\\/#website\",\"url\":\"https:\\\/\\\/lasentinelle.dz\\\/\",\"name\":\"La Sentinelle\",\"description\":\"Quotidien national d&#039;information\",\"publisher\":{\"@id\":\"https:\\\/\\\/lasentinelle.dz\\\/#organization\"},\"potentialAction\":[{\"@type\":\"SearchAction\",\"target\":{\"@type\":\"EntryPoint\",\"urlTemplate\":\"https:\\\/\\\/lasentinelle.dz\\\/?s={search_term_string}\"},\"query-input\":{\"@type\":\"PropertyValueSpecification\",\"valueRequired\":true,\"valueName\":\"search_term_string\"}}],\"inLanguage\":\"fr-FR\"},{\"@type\":\"Organization\",\"@id\":\"https:\\\/\\\/lasentinelle.dz\\\/#organization\",\"name\":\"Quotidien La Sentinelle\",\"url\":\"https:\\\/\\\/lasentinelle.dz\\\/\",\"logo\":{\"@type\":\"ImageObject\",\"inLanguage\":\"fr-FR\",\"@id\":\"https:\\\/\\\/lasentinelle.dz\\\/#\\\/schema\\\/logo\\\/image\\\/\",\"url\":\"https:\\\/\\\/lasentinelle.dz\\\/wp-content\\\/uploads\\\/2021\\\/09\\\/logo-sentinelleSLOGAN-1.png\",\"contentUrl\":\"https:\\\/\\\/lasentinelle.dz\\\/wp-content\\\/uploads\\\/2021\\\/09\\\/logo-sentinelleSLOGAN-1.png\",\"width\":615,\"height\":142,\"caption\":\"Quotidien La Sentinelle\"},\"image\":{\"@id\":\"https:\\\/\\\/lasentinelle.dz\\\/#\\\/schema\\\/logo\\\/image\\\/\"},\"sameAs\":[\"https:\\\/\\\/www.facebook.com\\\/La-Sentinelle-104059864394773\"]},{\"@type\":\"Person\",\"@id\":\"https:\\\/\\\/lasentinelle.dz\\\/#\\\/schema\\\/person\\\/d865044e22e70a75174ce8bcad3acfb3\",\"name\":\"La Sentinelle\",\"image\":{\"@type\":\"ImageObject\",\"inLanguage\":\"fr-FR\",\"@id\":\"https:\\\/\\\/secure.gravatar.com\\\/avatar\\\/57de8e5d4b15d43fb361a71fbb36338450fe67865b528a43dd10ef7c51a20392?s=96&d=mm&r=g\",\"url\":\"https:\\\/\\\/secure.gravatar.com\\\/avatar\\\/57de8e5d4b15d43fb361a71fbb36338450fe67865b528a43dd10ef7c51a20392?s=96&d=mm&r=g\",\"contentUrl\":\"https:\\\/\\\/secure.gravatar.com\\\/avatar\\\/57de8e5d4b15d43fb361a71fbb36338450fe67865b528a43dd10ef7c51a20392?s=96&d=mm&r=g\",\"caption\":\"La Sentinelle\"},\"sameAs\":[\"http:\\\/\\\/www.lasentinelle.dz\"],\"url\":\"https:\\\/\\\/lasentinelle.dz\\\/author\\\/redaction\\\/\"}]}<\/script>\n<!-- \/ Yoast SEO plugin. -->","yoast_head_json":{"title":"Oum El Bouaghi : Des mesures en faveur des c\u00e9r\u00e9aliculteurs - La Sentinelle","robots":{"index":"index","follow":"follow","max-snippet":"max-snippet:-1","max-image-preview":"max-image-preview:large","max-video-preview":"max-video-preview:-1"},"canonical":"https:\/\/lasentinelle.dz\/index.php\/2021\/09\/21\/oum-el-bouaghi-des-mesures-en-faveur-des-cerealiculteurs\/","og_locale":"fr_FR","og_type":"article","og_title":"Oum El Bouaghi : Des mesures en faveur des c\u00e9r\u00e9aliculteurs - La Sentinelle","og_description":"Pour le bon d\u00e9roulement de la saison agricole, un comit\u00e9 de wilaya charg\u00e9 de l&rsquo;encadrement de l\u2019activit\u00e9 de c\u00e9r\u00e9aliculture a","og_url":"https:\/\/lasentinelle.dz\/index.php\/2021\/09\/21\/oum-el-bouaghi-des-mesures-en-faveur-des-cerealiculteurs\/","og_site_name":"La Sentinelle","article_publisher":"https:\/\/www.facebook.com\/La-Sentinelle-104059864394773","article_published_time":"2021-09-20T23:01:00+00:00","og_image":[{"width":855,"height":516,"url":"https:\/\/lasentinelle.dz\/wp-content\/uploads\/2021\/09\/image_2021-09-20_164618.png","type":"image\/png"}],"author":"La Sentinelle","twitter_card":"summary_large_image","twitter_misc":{"\u00c9crit par":"La Sentinelle","Dur\u00e9e de lecture estim\u00e9e":"3 minutes"},"schema":{"@context":"https:\/\/schema.org","@graph":[{"@type":"Article","@id":"https:\/\/lasentinelle.dz\/index.php\/2021\/09\/21\/oum-el-bouaghi-des-mesures-en-faveur-des-cerealiculteurs\/#article","isPartOf":{"@id":"https:\/\/lasentinelle.dz\/index.php\/2021\/09\/21\/oum-el-bouaghi-des-mesures-en-faveur-des-cerealiculteurs\/"},"author":{"name":"La Sentinelle","@id":"https:\/\/lasentinelle.dz\/#\/schema\/person\/d865044e22e70a75174ce8bcad3acfb3"},"headline":"Oum El Bouaghi : Des mesures en faveur des c\u00e9r\u00e9aliculteurs","datePublished":"2021-09-20T23:01:00+00:00","mainEntityOfPage":{"@id":"https:\/\/lasentinelle.dz\/index.php\/2021\/09\/21\/oum-el-bouaghi-des-mesures-en-faveur-des-cerealiculteurs\/"},"wordCount":584,"commentCount":0,"publisher":{"@id":"https:\/\/lasentinelle.dz\/#organization"},"image":{"@id":"https:\/\/lasentinelle.dz\/index.php\/2021\/09\/21\/oum-el-bouaghi-des-mesures-en-faveur-des-cerealiculteurs\/#primaryimage"},"thumbnailUrl":"https:\/\/lasentinelle.dz\/wp-content\/uploads\/2021\/09\/image_2021-09-20_164618.png","articleSection":["R\u00e9gions"],"inLanguage":"fr-FR","potentialAction":[{"@type":"CommentAction","name":"Comment","target":["https:\/\/lasentinelle.dz\/index.php\/2021\/09\/21\/oum-el-bouaghi-des-mesures-en-faveur-des-cerealiculteurs\/#respond"]}]},{"@type":"WebPage","@id":"https:\/\/lasentinelle.dz\/index.php\/2021\/09\/21\/oum-el-bouaghi-des-mesures-en-faveur-des-cerealiculteurs\/","url":"https:\/\/lasentinelle.dz\/index.php\/2021\/09\/21\/oum-el-bouaghi-des-mesures-en-faveur-des-cerealiculteurs\/","name":"Oum El Bouaghi : Des mesures en faveur des c\u00e9r\u00e9aliculteurs - La Sentinelle","isPartOf":{"@id":"https:\/\/lasentinelle.dz\/#website"},"primaryImageOfPage":{"@id":"https:\/\/lasentinelle.dz\/index.php\/2021\/09\/21\/oum-el-bouaghi-des-mesures-en-faveur-des-cerealiculteurs\/#primaryimage"},"image":{"@id":"https:\/\/lasentinelle.dz\/index.php\/2021\/09\/21\/oum-el-bouaghi-des-mesures-en-faveur-des-cerealiculteurs\/#primaryimage"},"thumbnailUrl":"https:\/\/lasentinelle.dz\/wp-content\/uploads\/2021\/09\/image_2021-09-20_164618.png","datePublished":"2021-09-20T23:01:00+00:00","breadcrumb":{"@id":"https:\/\/lasentinelle.dz\/index.php\/2021\/09\/21\/oum-el-bouaghi-des-mesures-en-faveur-des-cerealiculteurs\/#breadcrumb"},"inLanguage":"fr-FR","potentialAction":[{"@type":"ReadAction","target":["https:\/\/lasentinelle.dz\/index.php\/2021\/09\/21\/oum-el-bouaghi-des-mesures-en-faveur-des-cerealiculteurs\/"]}]},{"@type":"ImageObject","inLanguage":"fr-FR","@id":"https:\/\/lasentinelle.dz\/index.php\/2021\/09\/21\/oum-el-bouaghi-des-mesures-en-faveur-des-cerealiculteurs\/#primaryimage","url":"https:\/\/lasentinelle.dz\/wp-content\/uploads\/2021\/09\/image_2021-09-20_164618.png","contentUrl":"https:\/\/lasentinelle.dz\/wp-content\/uploads\/2021\/09\/image_2021-09-20_164618.png","width":855,"height":516},{"@type":"BreadcrumbList","@id":"https:\/\/lasentinelle.dz\/index.php\/2021\/09\/21\/oum-el-bouaghi-des-mesures-en-faveur-des-cerealiculteurs\/#breadcrumb","itemListElement":[{"@type":"ListItem","position":1,"name":"Accueil","item":"https:\/\/lasentinelle.dz\/"},{"@type":"ListItem","position":2,"name":"Oum El Bouaghi : Des mesures en faveur des c\u00e9r\u00e9aliculteurs"}]},{"@type":"WebSite","@id":"https:\/\/lasentinelle.dz\/#website","url":"https:\/\/lasentinelle.dz\/","name":"La Sentinelle","description":"Quotidien national d&#039;information","publisher":{"@id":"https:\/\/lasentinelle.dz\/#organization"},"potentialAction":[{"@type":"SearchAction","target":{"@type":"EntryPoint","urlTemplate":"https:\/\/lasentinelle.dz\/?s={search_term_string}"},"query-input":{"@type":"PropertyValueSpecification","valueRequired":true,"valueName":"search_term_string"}}],"inLanguage":"fr-FR"},{"@type":"Organization","@id":"https:\/\/lasentinelle.dz\/#organization","name":"Quotidien La Sentinelle","url":"https:\/\/lasentinelle.dz\/","logo":{"@type":"ImageObject","inLanguage":"fr-FR","@id":"https:\/\/lasentinelle.dz\/#\/schema\/logo\/image\/","url":"https:\/\/lasentinelle.dz\/wp-content\/uploads\/2021\/09\/logo-sentinelleSLOGAN-1.png","contentUrl":"https:\/\/lasentinelle.dz\/wp-content\/uploads\/2021\/09\/logo-sentinelleSLOGAN-1.png","width":615,"height":142,"caption":"Quotidien La Sentinelle"},"image":{"@id":"https:\/\/lasentinelle.dz\/#\/schema\/logo\/image\/"},"sameAs":["https:\/\/www.facebook.com\/La-Sentinelle-104059864394773"]},{"@type":"Person","@id":"https:\/\/lasentinelle.dz\/#\/schema\/person\/d865044e22e70a75174ce8bcad3acfb3","name":"La Sentinelle","image":{"@type":"ImageObject","inLanguage":"fr-FR","@id":"https:\/\/secure.gravatar.com\/avatar\/57de8e5d4b15d43fb361a71fbb36338450fe67865b528a43dd10ef7c51a20392?s=96&d=mm&r=g","url":"https:\/\/secure.gravatar.com\/avatar\/57de8e5d4b15d43fb361a71fbb36338450fe67865b528a43dd10ef7c51a20392?s=96&d=mm&r=g","contentUrl":"https:\/\/secure.gravatar.com\/avatar\/57de8e5d4b15d43fb361a71fbb36338450fe67865b528a43dd10ef7c51a20392?s=96&d=mm&r=g","caption":"La Sentinelle"},"sameAs":["http:\/\/www.lasentinelle.dz"],"url":"https:\/\/lasentinelle.dz\/author\/redaction\/"}]}},"_links":{"self":[{"href":"https:\/\/lasentinelle.dz\/index.php\/wp-json\/wp\/v2\/posts\/8585","targetHints":{"allow":["GET"]}}],"collection":[{"href":"https:\/\/lasentinelle.dz\/index.php\/wp-json\/wp\/v2\/posts"}],"about":[{"href":"https:\/\/lasentinelle.dz\/index.php\/wp-json\/wp\/v2\/types\/post"}],"author":[{"embeddable":true,"href":"https:\/\/lasentinelle.dz\/index.php\/wp-json\/wp\/v2\/users\/3"}],"replies":[{"embeddable":true,"href":"https:\/\/lasentinelle.dz\/index.php\/wp-json\/wp\/v2\/comments?post=8585"}],"version-history":[{"count":1,"href":"https:\/\/lasentinelle.dz\/index.php\/wp-json\/wp\/v2\/posts\/8585\/revisions"}],"predecessor-version":[{"id":8590,"href":"https:\/\/lasentinelle.dz\/index.php\/wp-json\/wp\/v2\/posts\/8585\/revisions\/8590"}],"wp:featuredmedia":[{"embeddable":true,"href":"https:\/\/lasentinelle.dz\/index.php\/wp-json\/wp\/v2\/media\/8589"}],"wp:attachment":[{"href":"https:\/\/lasentinelle.dz\/index.php\/wp-json\/wp\/v2\/media?parent=8585"}],"wp:term":[{"taxonomy":"category","embeddable":true,"href":"https:\/\/lasentinelle.dz\/index.php\/wp-json\/wp\/v2\/categories?post=8585"},{"taxonomy":"post_tag","embeddable":true,"href":"https:\/\/lasentinelle.dz\/index.php\/wp-json\/wp\/v2\/tags?post=8585"}],"curies":[{"name":"wp","href":"https:\/\/api.w.org\/{rel}","templated":true}]}}