{"id":85874,"date":"2026-04-18T20:41:30","date_gmt":"2026-04-18T19:41:30","guid":{"rendered":"https:\/\/lasentinelle.dz\/?p=85874"},"modified":"2026-04-18T20:41:31","modified_gmt":"2026-04-18T19:41:31","slug":"bac-et-bem-le-ministere-de-leducation-ouvre-le-telechargement-des-convocations","status":"publish","type":"post","link":"https:\/\/lasentinelle.dz\/index.php\/2026\/04\/18\/bac-et-bem-le-ministere-de-leducation-ouvre-le-telechargement-des-convocations\/","title":{"rendered":"Bac et BEM\u00a0: Le minist\u00e8re de l&rsquo;\u00c9ducation ouvre le t\u00e9l\u00e9chargement des convocations"},"content":{"rendered":"\n<p class=\"wp-block-paragraph\">Le minist\u00e8re de l&rsquo;\u00c9ducation nationale a annonc\u00e9 ce samedi les dates de mise \u00e0 disposition des convocations pour les candidats aux examens du Brevet d&rsquo;enseignement moyen (BEM) et du Baccalaur\u00e9at, session 2026. Pour le BEM, le t\u00e9l\u00e9chargement est ouvert d\u00e8s ce dimanche 19 avril jusqu&rsquo;au jeudi 21 mai. Pour le Bac, la p\u00e9riode s&rsquo;\u00e9tend du jeudi 7 mai au jeudi 11 juin 2026. Les convocations sont accessibles en ligne via les plateformes de l&rsquo;Office national des examens et concours : bem.onec.dz pour le BEM et bac.onec.dz pour le Baccalaur\u00e9at. Les candidats scolaris\u00e9s peuvent \u00e9galement les r\u00e9cup\u00e9rer depuis l&rsquo;espace parents du portail num\u00e9rique du minist\u00e8re \u00e0 l&rsquo;adresse awlyaa.education.dz, ou les retirer directement aupr\u00e8s du directeur de leur \u00e9tablissement. Le dispositif concerne l&rsquo;ensemble des candidats, qu&rsquo;ils soient scolaris\u00e9s ou libres.<\/p>\n\n\n\n<p class=\"wp-block-paragraph\">R.N.<\/p>\n","protected":false},"excerpt":{"rendered":"<p>Le minist\u00e8re de l&rsquo;\u00c9ducation nationale a annonc\u00e9 ce samedi les dates de mise \u00e0 disposition des convocations pour les candidats<\/p>\n","protected":false},"author":6,"featured_media":19316,"comment_status":"open","ping_status":"closed","sticky":false,"template":"","format":"standard","meta":{"colormag_page_container_layout":"default_layout","colormag_page_sidebar_layout":"default_layout","om_disable_all_campaigns":false,"_monsterinsights_skip_tracking":false,"footnotes":"","_wpscppro_dont_share_socialmedia":false,"_wpscppro_custom_social_share_image":0,"_facebook_share_type":"default","_twitter_share_type":"default","_linkedin_share_type":"default","_pinterest_share_type":"default","_linkedin_share_type_page":"","_instagram_share_type":"default","_medium_share_type":"default","_threads_share_type":"default","_google_business_share_type":"default","_bluesky_share_type":"","_mastodon_share_type":"","_selected_social_profile":[],"_wpsp_enable_custom_social_template":false,"_wpsp_social_scheduling":{"enabled":false,"datetime":null,"platforms":[],"status":"template_only","dateOption":"today","timeOption":"now","customDays":"","customHours":"","customDate":"","customTime":"","schedulingType":"absolute"},"_wpsp_active_default_template":true},"categories":[27],"tags":[],"class_list":["post-85874","post","type-post","status-publish","format-standard","has-post-thumbnail","hentry","category-actualite"],"aioseo_notices":[],"aioseo_head":"\n\t\t<!-- All in One SEO 5.0.0.1 - aioseo.com -->\n\t<meta name=\"description\" content=\"Le minist\u00e8re de l&#039;\u00c9ducation nationale a annonc\u00e9 ce samedi les dates de mise \u00e0 disposition des convocations pour les candidats aux examens du Brevet d&#039;enseignement moyen (BEM) et du Baccalaur\u00e9at, session 2026. Pour le BEM, le t\u00e9l\u00e9chargement est ouvert d\u00e8s ce dimanche 19 avril jusqu&#039;au jeudi 21 mai. Pour le Bac, la p\u00e9riode s&#039;\u00e9tend du\" \/>\n\t<meta name=\"robots\" content=\"max-image-preview:large\" \/>\n\t<meta name=\"author\" content=\"admin\"\/>\n\t<link rel=\"canonical\" href=\"https:\/\/lasentinelle.dz\/index.php\/2026\/04\/18\/bac-et-bem-le-ministere-de-leducation-ouvre-le-telechargement-des-convocations\/\" \/>\n\t<meta name=\"generator\" content=\"All in One SEO (AIOSEO) 5.0.0.1\" \/>\n\t\t<meta property=\"og:locale\" content=\"fr_FR\" \/>\n\t\t<meta property=\"og:site_name\" content=\"La Sentinelle - Quotidien national d&#039;information\" \/>\n\t\t<meta property=\"og:type\" content=\"article\" \/>\n\t\t<meta property=\"og:title\" content=\"Bac et BEM : Le minist\u00e8re de l\u2019\u00c9ducation ouvre le t\u00e9l\u00e9chargement des convocations - La Sentinelle\" \/>\n\t\t<meta property=\"og:description\" content=\"Le minist\u00e8re de l&#039;\u00c9ducation nationale a annonc\u00e9 ce samedi les dates de mise \u00e0 disposition des convocations pour les candidats aux examens du Brevet d&#039;enseignement moyen (BEM) et du Baccalaur\u00e9at, session 2026. Pour le BEM, le t\u00e9l\u00e9chargement est ouvert d\u00e8s ce dimanche 19 avril jusqu&#039;au jeudi 21 mai. Pour le Bac, la p\u00e9riode s&#039;\u00e9tend du\" \/>\n\t\t<meta property=\"og:url\" content=\"https:\/\/lasentinelle.dz\/index.php\/2026\/04\/18\/bac-et-bem-le-ministere-de-leducation-ouvre-le-telechargement-des-convocations\/\" \/>\n\t\t<meta property=\"og:image\" content=\"https:\/\/lasentinelle.dz\/wp-content\/uploads\/2021\/09\/cropped-la-sentinelle-earth-golden-anima-5.gif\" \/>\n\t\t<meta property=\"og:image:secure_url\" content=\"https:\/\/lasentinelle.dz\/wp-content\/uploads\/2021\/09\/cropped-la-sentinelle-earth-golden-anima-5.gif\" \/>\n\t\t<meta property=\"og:image:width\" content=\"450\" \/>\n\t\t<meta property=\"og:image:height\" content=\"213\" \/>\n\t\t<meta property=\"article:published_time\" content=\"2026-04-18T19:41:30+00:00\" \/>\n\t\t<meta property=\"article:modified_time\" content=\"2026-04-18T19:41:31+00:00\" \/>\n\t\t<meta property=\"article:publisher\" content=\"https:\/\/www.facebook.com\/azzedine.lasentinelle.1\" \/>\n\t\t<meta name=\"twitter:card\" content=\"summary_large_image\" \/>\n\t\t<meta name=\"twitter:title\" content=\"Bac et BEM : Le minist\u00e8re de l\u2019\u00c9ducation ouvre le t\u00e9l\u00e9chargement des convocations - La Sentinelle\" \/>\n\t\t<meta name=\"twitter:description\" content=\"Le minist\u00e8re de l&#039;\u00c9ducation nationale a annonc\u00e9 ce samedi les dates de mise \u00e0 disposition des convocations pour les candidats aux examens du Brevet d&#039;enseignement moyen (BEM) et du Baccalaur\u00e9at, session 2026. Pour le BEM, le t\u00e9l\u00e9chargement est ouvert d\u00e8s ce dimanche 19 avril jusqu&#039;au jeudi 21 mai. Pour le Bac, la p\u00e9riode s&#039;\u00e9tend du\" \/>\n\t\t<meta name=\"twitter:image\" content=\"https:\/\/lasentinelle.dz\/wp-content\/uploads\/2021\/09\/cropped-la-sentinelle-earth-golden-anima-5.gif\" \/>\n\t\t<script type=\"application\/ld+json\" class=\"aioseo-schema\">\n\t\t\t{\"@context\":\"https:\\\/\\\/schema.org\",\"@graph\":[{\"@type\":\"BlogPosting\",\"@id\":\"https:\\\/\\\/lasentinelle.dz\\\/index.php\\\/2026\\\/04\\\/18\\\/bac-et-bem-le-ministere-de-leducation-ouvre-le-telechargement-des-convocations\\\/#blogposting\",\"name\":\"Bac et BEM : Le minist\\u00e8re de l\\u2019\\u00c9ducation ouvre le t\\u00e9l\\u00e9chargement des convocations - La Sentinelle\",\"headline\":\"Bac et BEM\\u00a0: Le minist\\u00e8re de l&rsquo;\\u00c9ducation ouvre le t\\u00e9l\\u00e9chargement des convocations\",\"author\":{\"@id\":\"https:\\\/\\\/lasentinelle.dz\\\/author\\\/admin\\\/#author\"},\"publisher\":{\"@id\":\"https:\\\/\\\/lasentinelle.dz\\\/#organization\"},\"image\":{\"@type\":\"ImageObject\",\"url\":\"https:\\\/\\\/lasentinelle.dz\\\/wp-content\\\/uploads\\\/2022\\\/04\\\/Ministere-education.png\",\"width\":1491,\"height\":900},\"datePublished\":\"2026-04-18T20:41:30+01:00\",\"dateModified\":\"2026-04-18T20:41:31+01:00\",\"inLanguage\":\"fr-FR\",\"mainEntityOfPage\":{\"@id\":\"https:\\\/\\\/lasentinelle.dz\\\/index.php\\\/2026\\\/04\\\/18\\\/bac-et-bem-le-ministere-de-leducation-ouvre-le-telechargement-des-convocations\\\/#webpage\"},\"isPartOf\":{\"@id\":\"https:\\\/\\\/lasentinelle.dz\\\/index.php\\\/2026\\\/04\\\/18\\\/bac-et-bem-le-ministere-de-leducation-ouvre-le-telechargement-des-convocations\\\/#webpage\"},\"articleSection\":\"Actualit\\u00e9\"},{\"@type\":\"BreadcrumbList\",\"@id\":\"https:\\\/\\\/lasentinelle.dz\\\/index.php\\\/2026\\\/04\\\/18\\\/bac-et-bem-le-ministere-de-leducation-ouvre-le-telechargement-des-convocations\\\/#breadcrumblist\",\"itemListElement\":[{\"@type\":\"ListItem\",\"@id\":\"https:\\\/\\\/lasentinelle.dz#listItem\",\"position\":1,\"name\":\"Home\",\"item\":\"https:\\\/\\\/lasentinelle.dz\",\"nextItem\":{\"@type\":\"ListItem\",\"@id\":\"https:\\\/\\\/lasentinelle.dz\\\/index.php\\\/category\\\/actualite\\\/#listItem\",\"name\":\"Actualit\\u00e9\"}},{\"@type\":\"ListItem\",\"@id\":\"https:\\\/\\\/lasentinelle.dz\\\/index.php\\\/category\\\/actualite\\\/#listItem\",\"position\":2,\"name\":\"Actualit\\u00e9\",\"item\":\"https:\\\/\\\/lasentinelle.dz\\\/index.php\\\/category\\\/actualite\\\/\",\"nextItem\":{\"@type\":\"ListItem\",\"@id\":\"https:\\\/\\\/lasentinelle.dz\\\/index.php\\\/2026\\\/04\\\/18\\\/bac-et-bem-le-ministere-de-leducation-ouvre-le-telechargement-des-convocations\\\/#listItem\",\"name\":\"Bac et BEM\\u00a0: Le minist\\u00e8re de l&rsquo;\\u00c9ducation ouvre le t\\u00e9l\\u00e9chargement des convocations\"},\"previousItem\":{\"@type\":\"ListItem\",\"@id\":\"https:\\\/\\\/lasentinelle.dz#listItem\",\"name\":\"Home\"}},{\"@type\":\"ListItem\",\"@id\":\"https:\\\/\\\/lasentinelle.dz\\\/index.php\\\/2026\\\/04\\\/18\\\/bac-et-bem-le-ministere-de-leducation-ouvre-le-telechargement-des-convocations\\\/#listItem\",\"position\":3,\"name\":\"Bac et BEM\\u00a0: Le minist\\u00e8re de l&rsquo;\\u00c9ducation ouvre le t\\u00e9l\\u00e9chargement des convocations\",\"previousItem\":{\"@type\":\"ListItem\",\"@id\":\"https:\\\/\\\/lasentinelle.dz\\\/index.php\\\/category\\\/actualite\\\/#listItem\",\"name\":\"Actualit\\u00e9\"}}]},{\"@type\":\"Organization\",\"@id\":\"https:\\\/\\\/lasentinelle.dz\\\/#organization\",\"name\":\"La Sentinelle La Sentinelle\",\"description\":\"Quotidien national d'information\",\"url\":\"https:\\\/\\\/lasentinelle.dz\\\/\",\"logo\":{\"@type\":\"ImageObject\",\"url\":\"https:\\\/\\\/lasentinelle.dz\\\/wp-content\\\/uploads\\\/2021\\\/09\\\/cropped-la-sentinelle-earth-golden-anima-5.gif\",\"@id\":\"https:\\\/\\\/lasentinelle.dz\\\/index.php\\\/2026\\\/04\\\/18\\\/bac-et-bem-le-ministere-de-leducation-ouvre-le-telechargement-des-convocations\\\/#organizationLogo\",\"width\":450,\"height\":213},\"image\":{\"@id\":\"https:\\\/\\\/lasentinelle.dz\\\/index.php\\\/2026\\\/04\\\/18\\\/bac-et-bem-le-ministere-de-leducation-ouvre-le-telechargement-des-convocations\\\/#organizationLogo\"},\"sameAs\":[\"https:\\\/\\\/www.facebook.com\\\/azzedine.lasentinelle.1\"]},{\"@type\":\"Person\",\"@id\":\"https:\\\/\\\/lasentinelle.dz\\\/author\\\/admin\\\/#author\",\"url\":\"https:\\\/\\\/lasentinelle.dz\\\/author\\\/admin\\\/\",\"name\":\"admin\",\"image\":{\"@type\":\"ImageObject\",\"@id\":\"https:\\\/\\\/lasentinelle.dz\\\/index.php\\\/2026\\\/04\\\/18\\\/bac-et-bem-le-ministere-de-leducation-ouvre-le-telechargement-des-convocations\\\/#authorImage\",\"url\":\"https:\\\/\\\/secure.gravatar.com\\\/avatar\\\/4c81fed838786e9b53f540bf46533e750f5d292099ae3b66cfc6fb1982e29df7?s=96&d=mm&r=g\",\"width\":96,\"height\":96,\"caption\":\"admin\"}},{\"@type\":\"WebPage\",\"@id\":\"https:\\\/\\\/lasentinelle.dz\\\/index.php\\\/2026\\\/04\\\/18\\\/bac-et-bem-le-ministere-de-leducation-ouvre-le-telechargement-des-convocations\\\/#webpage\",\"url\":\"https:\\\/\\\/lasentinelle.dz\\\/index.php\\\/2026\\\/04\\\/18\\\/bac-et-bem-le-ministere-de-leducation-ouvre-le-telechargement-des-convocations\\\/\",\"name\":\"Bac et BEM : Le minist\\u00e8re de l\\u2019\\u00c9ducation ouvre le t\\u00e9l\\u00e9chargement des convocations - La Sentinelle\",\"description\":\"Le minist\\u00e8re de l'\\u00c9ducation nationale a annonc\\u00e9 ce samedi les dates de mise \\u00e0 disposition des convocations pour les candidats aux examens du Brevet d'enseignement moyen (BEM) et du Baccalaur\\u00e9at, session 2026. Pour le BEM, le t\\u00e9l\\u00e9chargement est ouvert d\\u00e8s ce dimanche 19 avril jusqu'au jeudi 21 mai. Pour le Bac, la p\\u00e9riode s'\\u00e9tend du\",\"inLanguage\":\"fr-FR\",\"isPartOf\":{\"@id\":\"https:\\\/\\\/lasentinelle.dz\\\/#website\"},\"breadcrumb\":{\"@id\":\"https:\\\/\\\/lasentinelle.dz\\\/index.php\\\/2026\\\/04\\\/18\\\/bac-et-bem-le-ministere-de-leducation-ouvre-le-telechargement-des-convocations\\\/#breadcrumblist\"},\"author\":{\"@id\":\"https:\\\/\\\/lasentinelle.dz\\\/author\\\/admin\\\/#author\"},\"creator\":{\"@id\":\"https:\\\/\\\/lasentinelle.dz\\\/author\\\/admin\\\/#author\"},\"image\":{\"@type\":\"ImageObject\",\"url\":\"https:\\\/\\\/lasentinelle.dz\\\/wp-content\\\/uploads\\\/2022\\\/04\\\/Ministere-education.png\",\"@id\":\"https:\\\/\\\/lasentinelle.dz\\\/index.php\\\/2026\\\/04\\\/18\\\/bac-et-bem-le-ministere-de-leducation-ouvre-le-telechargement-des-convocations\\\/#mainImage\",\"width\":1491,\"height\":900},\"primaryImageOfPage\":{\"@id\":\"https:\\\/\\\/lasentinelle.dz\\\/index.php\\\/2026\\\/04\\\/18\\\/bac-et-bem-le-ministere-de-leducation-ouvre-le-telechargement-des-convocations\\\/#mainImage\"},\"datePublished\":\"2026-04-18T20:41:30+01:00\",\"dateModified\":\"2026-04-18T20:41:31+01:00\"},{\"@type\":\"WebSite\",\"@id\":\"https:\\\/\\\/lasentinelle.dz\\\/#website\",\"url\":\"https:\\\/\\\/lasentinelle.dz\\\/\",\"name\":\"La Sentinelle\",\"description\":\"Quotidien national d'information\",\"inLanguage\":\"fr-FR\",\"publisher\":{\"@id\":\"https:\\\/\\\/lasentinelle.dz\\\/#organization\"}}]}\n\t\t<\/script>\n\t\t<!-- All in One SEO -->\n\n","aioseo_head_json":{"title":"Bac et BEM : Le minist\u00e8re de l\u2019\u00c9ducation ouvre le t\u00e9l\u00e9chargement des convocations - La Sentinelle","description":"Le minist\u00e8re de l'\u00c9ducation nationale a annonc\u00e9 ce samedi les dates de mise \u00e0 disposition des convocations pour les candidats aux examens du Brevet d'enseignement moyen (BEM) et du Baccalaur\u00e9at, session 2026. Pour le BEM, le t\u00e9l\u00e9chargement est ouvert d\u00e8s ce dimanche 19 avril jusqu'au jeudi 21 mai. Pour le Bac, la p\u00e9riode s'\u00e9tend du","canonical_url":"https:\/\/lasentinelle.dz\/index.php\/2026\/04\/18\/bac-et-bem-le-ministere-de-leducation-ouvre-le-telechargement-des-convocations\/","robots":"max-image-preview:large","keywords":"","webmasterTools":{"miscellaneous":""},"schema":{"@context":"https:\/\/schema.org","@graph":[{"@type":"BlogPosting","@id":"https:\/\/lasentinelle.dz\/index.php\/2026\/04\/18\/bac-et-bem-le-ministere-de-leducation-ouvre-le-telechargement-des-convocations\/#blogposting","name":"Bac et BEM : Le minist\u00e8re de l\u2019\u00c9ducation ouvre le t\u00e9l\u00e9chargement des convocations - La Sentinelle","headline":"Bac et BEM\u00a0: Le minist\u00e8re de l&rsquo;\u00c9ducation ouvre le t\u00e9l\u00e9chargement des convocations","author":{"@id":"https:\/\/lasentinelle.dz\/author\/admin\/#author"},"publisher":{"@id":"https:\/\/lasentinelle.dz\/#organization"},"image":{"@type":"ImageObject","url":"https:\/\/lasentinelle.dz\/wp-content\/uploads\/2022\/04\/Ministere-education.png","width":1491,"height":900},"datePublished":"2026-04-18T20:41:30+01:00","dateModified":"2026-04-18T20:41:31+01:00","inLanguage":"fr-FR","mainEntityOfPage":{"@id":"https:\/\/lasentinelle.dz\/index.php\/2026\/04\/18\/bac-et-bem-le-ministere-de-leducation-ouvre-le-telechargement-des-convocations\/#webpage"},"isPartOf":{"@id":"https:\/\/lasentinelle.dz\/index.php\/2026\/04\/18\/bac-et-bem-le-ministere-de-leducation-ouvre-le-telechargement-des-convocations\/#webpage"},"articleSection":"Actualit\u00e9"},{"@type":"BreadcrumbList","@id":"https:\/\/lasentinelle.dz\/index.php\/2026\/04\/18\/bac-et-bem-le-ministere-de-leducation-ouvre-le-telechargement-des-convocations\/#breadcrumblist","itemListElement":[{"@type":"ListItem","@id":"https:\/\/lasentinelle.dz#listItem","position":1,"name":"Home","item":"https:\/\/lasentinelle.dz","nextItem":{"@type":"ListItem","@id":"https:\/\/lasentinelle.dz\/index.php\/category\/actualite\/#listItem","name":"Actualit\u00e9"}},{"@type":"ListItem","@id":"https:\/\/lasentinelle.dz\/index.php\/category\/actualite\/#listItem","position":2,"name":"Actualit\u00e9","item":"https:\/\/lasentinelle.dz\/index.php\/category\/actualite\/","nextItem":{"@type":"ListItem","@id":"https:\/\/lasentinelle.dz\/index.php\/2026\/04\/18\/bac-et-bem-le-ministere-de-leducation-ouvre-le-telechargement-des-convocations\/#listItem","name":"Bac et BEM\u00a0: Le minist\u00e8re de l&rsquo;\u00c9ducation ouvre le t\u00e9l\u00e9chargement des convocations"},"previousItem":{"@type":"ListItem","@id":"https:\/\/lasentinelle.dz#listItem","name":"Home"}},{"@type":"ListItem","@id":"https:\/\/lasentinelle.dz\/index.php\/2026\/04\/18\/bac-et-bem-le-ministere-de-leducation-ouvre-le-telechargement-des-convocations\/#listItem","position":3,"name":"Bac et BEM\u00a0: Le minist\u00e8re de l&rsquo;\u00c9ducation ouvre le t\u00e9l\u00e9chargement des convocations","previousItem":{"@type":"ListItem","@id":"https:\/\/lasentinelle.dz\/index.php\/category\/actualite\/#listItem","name":"Actualit\u00e9"}}]},{"@type":"Organization","@id":"https:\/\/lasentinelle.dz\/#organization","name":"La Sentinelle La Sentinelle","description":"Quotidien national d'information","url":"https:\/\/lasentinelle.dz\/","logo":{"@type":"ImageObject","url":"https:\/\/lasentinelle.dz\/wp-content\/uploads\/2021\/09\/cropped-la-sentinelle-earth-golden-anima-5.gif","@id":"https:\/\/lasentinelle.dz\/index.php\/2026\/04\/18\/bac-et-bem-le-ministere-de-leducation-ouvre-le-telechargement-des-convocations\/#organizationLogo","width":450,"height":213},"image":{"@id":"https:\/\/lasentinelle.dz\/index.php\/2026\/04\/18\/bac-et-bem-le-ministere-de-leducation-ouvre-le-telechargement-des-convocations\/#organizationLogo"},"sameAs":["https:\/\/www.facebook.com\/azzedine.lasentinelle.1"]},{"@type":"Person","@id":"https:\/\/lasentinelle.dz\/author\/admin\/#author","url":"https:\/\/lasentinelle.dz\/author\/admin\/","name":"admin","image":{"@type":"ImageObject","@id":"https:\/\/lasentinelle.dz\/index.php\/2026\/04\/18\/bac-et-bem-le-ministere-de-leducation-ouvre-le-telechargement-des-convocations\/#authorImage","url":"https:\/\/secure.gravatar.com\/avatar\/4c81fed838786e9b53f540bf46533e750f5d292099ae3b66cfc6fb1982e29df7?s=96&d=mm&r=g","width":96,"height":96,"caption":"admin"}},{"@type":"WebPage","@id":"https:\/\/lasentinelle.dz\/index.php\/2026\/04\/18\/bac-et-bem-le-ministere-de-leducation-ouvre-le-telechargement-des-convocations\/#webpage","url":"https:\/\/lasentinelle.dz\/index.php\/2026\/04\/18\/bac-et-bem-le-ministere-de-leducation-ouvre-le-telechargement-des-convocations\/","name":"Bac et BEM : Le minist\u00e8re de l\u2019\u00c9ducation ouvre le t\u00e9l\u00e9chargement des convocations - La Sentinelle","description":"Le minist\u00e8re de l'\u00c9ducation nationale a annonc\u00e9 ce samedi les dates de mise \u00e0 disposition des convocations pour les candidats aux examens du Brevet d'enseignement moyen (BEM) et du Baccalaur\u00e9at, session 2026. Pour le BEM, le t\u00e9l\u00e9chargement est ouvert d\u00e8s ce dimanche 19 avril jusqu'au jeudi 21 mai. Pour le Bac, la p\u00e9riode s'\u00e9tend du","inLanguage":"fr-FR","isPartOf":{"@id":"https:\/\/lasentinelle.dz\/#website"},"breadcrumb":{"@id":"https:\/\/lasentinelle.dz\/index.php\/2026\/04\/18\/bac-et-bem-le-ministere-de-leducation-ouvre-le-telechargement-des-convocations\/#breadcrumblist"},"author":{"@id":"https:\/\/lasentinelle.dz\/author\/admin\/#author"},"creator":{"@id":"https:\/\/lasentinelle.dz\/author\/admin\/#author"},"image":{"@type":"ImageObject","url":"https:\/\/lasentinelle.dz\/wp-content\/uploads\/2022\/04\/Ministere-education.png","@id":"https:\/\/lasentinelle.dz\/index.php\/2026\/04\/18\/bac-et-bem-le-ministere-de-leducation-ouvre-le-telechargement-des-convocations\/#mainImage","width":1491,"height":900},"primaryImageOfPage":{"@id":"https:\/\/lasentinelle.dz\/index.php\/2026\/04\/18\/bac-et-bem-le-ministere-de-leducation-ouvre-le-telechargement-des-convocations\/#mainImage"},"datePublished":"2026-04-18T20:41:30+01:00","dateModified":"2026-04-18T20:41:31+01:00"},{"@type":"WebSite","@id":"https:\/\/lasentinelle.dz\/#website","url":"https:\/\/lasentinelle.dz\/","name":"La Sentinelle","description":"Quotidien national d'information","inLanguage":"fr-FR","publisher":{"@id":"https:\/\/lasentinelle.dz\/#organization"}}]},"og:locale":"fr_FR","og:site_name":"La Sentinelle - Quotidien national d'information","og:type":"article","og:title":"Bac et BEM : Le minist\u00e8re de l\u2019\u00c9ducation ouvre le t\u00e9l\u00e9chargement des convocations - La Sentinelle","og:description":"Le minist\u00e8re de l'\u00c9ducation nationale a annonc\u00e9 ce samedi les dates de mise \u00e0 disposition des convocations pour les candidats aux examens du Brevet d'enseignement moyen (BEM) et du Baccalaur\u00e9at, session 2026. Pour le BEM, le t\u00e9l\u00e9chargement est ouvert d\u00e8s ce dimanche 19 avril jusqu'au jeudi 21 mai. Pour le Bac, la p\u00e9riode s'\u00e9tend du","og:url":"https:\/\/lasentinelle.dz\/index.php\/2026\/04\/18\/bac-et-bem-le-ministere-de-leducation-ouvre-le-telechargement-des-convocations\/","og:image":"https:\/\/lasentinelle.dz\/wp-content\/uploads\/2021\/09\/cropped-la-sentinelle-earth-golden-anima-5.gif","og:image:secure_url":"https:\/\/lasentinelle.dz\/wp-content\/uploads\/2021\/09\/cropped-la-sentinelle-earth-golden-anima-5.gif","og:image:width":450,"og:image:height":213,"article:published_time":"2026-04-18T19:41:30+00:00","article:modified_time":"2026-04-18T19:41:31+00:00","article:publisher":"https:\/\/www.facebook.com\/azzedine.lasentinelle.1","twitter:card":"summary_large_image","twitter:title":"Bac et BEM : Le minist\u00e8re de l\u2019\u00c9ducation ouvre le t\u00e9l\u00e9chargement des convocations - La Sentinelle","twitter:description":"Le minist\u00e8re de l'\u00c9ducation nationale a annonc\u00e9 ce samedi les dates de mise \u00e0 disposition des convocations pour les candidats aux examens du Brevet d'enseignement moyen (BEM) et du Baccalaur\u00e9at, session 2026. Pour le BEM, le t\u00e9l\u00e9chargement est ouvert d\u00e8s ce dimanche 19 avril jusqu'au jeudi 21 mai. Pour le Bac, la p\u00e9riode s'\u00e9tend du","twitter:image":"https:\/\/lasentinelle.dz\/wp-content\/uploads\/2021\/09\/cropped-la-sentinelle-earth-golden-anima-5.gif"},"aioseo_meta_data":{"post_id":"85874","title":null,"description":null,"keywords":null,"keyphrases":null,"primary_term":null,"canonical_url":null,"og_title":null,"og_description":null,"og_object_type":"default","og_image_type":"default","og_image_url":null,"og_image_width":null,"og_image_height":null,"og_image_custom_url":null,"og_image_custom_fields":null,"og_video":null,"og_custom_url":null,"og_article_section":null,"og_article_tags":null,"twitter_use_og":false,"twitter_card":"default","twitter_image_type":"default","twitter_image_url":null,"twitter_image_custom_url":null,"twitter_image_custom_fields":null,"twitter_title":null,"twitter_description":null,"schema":{"blockGraphs":[],"customGraphs":[],"default":{"data":{"Article":[],"Course":[],"Dataset":[],"FAQPage":[],"Movie":[],"Person":[],"Product":[],"ProductReview":[],"Car":[],"Recipe":[],"Service":[],"SoftwareApplication":[],"WebPage":[]},"graphName":"","isEnabled":true},"graphs":[]},"schema_type":"default","schema_type_options":null,"pillar_content":false,"robots_default":true,"robots_noindex":false,"robots_noarchive":false,"robots_nosnippet":false,"robots_nofollow":false,"robots_noimageindex":false,"robots_noodp":false,"robots_notranslate":false,"robots_max_snippet":null,"robots_max_videopreview":null,"robots_max_imagepreview":"large","priority":null,"frequency":null,"local_seo":null,"breadcrumb_settings":null,"limit_modified_date":false,"ai":null,"created":"2026-05-15 14:18:21","updated":"2026-05-15 14:18:21","focus_keyword":null,"additional_keywords":null,"truseo_locale":null,"seo_analyzer_scan_date":null},"aioseo_breadcrumb":"<div class=\"aioseo-breadcrumbs\"><span class=\"aioseo-breadcrumb\">\n\t\t\t<a href=\"https:\/\/lasentinelle.dz\" title=\"Home\">Home<\/a>\n\t\t<\/span><span class=\"aioseo-breadcrumb-separator\">&raquo;<\/span><span class=\"aioseo-breadcrumb\">\n\t\t\t<a href=\"https:\/\/lasentinelle.dz\/index.php\/category\/actualite\/\" title=\"Actualit\u00e9\">Actualit\u00e9<\/a>\n\t\t<\/span><span class=\"aioseo-breadcrumb-separator\">&raquo;<\/span><span class=\"aioseo-breadcrumb\">\n\t\t\tBac et BEM : Le minist\u00e8re de l\u2019\u00c9ducation ouvre le t\u00e9l\u00e9chargement des convocations\n\t\t<\/span><\/div>","aioseo_breadcrumb_json":[{"label":"Home","link":"https:\/\/lasentinelle.dz"},{"label":"Actualit\u00e9","link":"https:\/\/lasentinelle.dz\/index.php\/category\/actualite\/"},{"label":"Bac et BEM\u00a0: Le minist\u00e8re de l&rsquo;\u00c9ducation ouvre le t\u00e9l\u00e9chargement des convocations","link":"https:\/\/lasentinelle.dz\/index.php\/2026\/04\/18\/bac-et-bem-le-ministere-de-leducation-ouvre-le-telechargement-des-convocations\/"}],"yoast_head":"<!-- This site is optimized with the Yoast SEO plugin v28.4 - https:\/\/yoast.com\/product\/yoast-seo-wordpress\/ -->\n<title>Bac et BEM\u00a0: Le minist\u00e8re de l&rsquo;\u00c9ducation ouvre le t\u00e9l\u00e9chargement des convocations - La Sentinelle<\/title>\n<meta name=\"robots\" content=\"index, follow, max-snippet:-1, max-image-preview:large, max-video-preview:-1\" \/>\n<link rel=\"canonical\" href=\"https:\/\/lasentinelle.dz\/index.php\/2026\/04\/18\/bac-et-bem-le-ministere-de-leducation-ouvre-le-telechargement-des-convocations\/\" \/>\n<meta property=\"og:locale\" content=\"fr_FR\" \/>\n<meta property=\"og:type\" content=\"article\" \/>\n<meta property=\"og:title\" content=\"Bac et BEM\u00a0: Le minist\u00e8re de l&rsquo;\u00c9ducation ouvre le t\u00e9l\u00e9chargement des convocations - La Sentinelle\" \/>\n<meta property=\"og:description\" content=\"Le minist\u00e8re de l&rsquo;\u00c9ducation nationale a annonc\u00e9 ce samedi les dates de mise \u00e0 disposition des convocations pour les candidats\" \/>\n<meta property=\"og:url\" content=\"https:\/\/lasentinelle.dz\/index.php\/2026\/04\/18\/bac-et-bem-le-ministere-de-leducation-ouvre-le-telechargement-des-convocations\/\" \/>\n<meta property=\"og:site_name\" content=\"La Sentinelle\" \/>\n<meta property=\"article:publisher\" content=\"https:\/\/www.facebook.com\/La-Sentinelle-104059864394773\" \/>\n<meta property=\"article:published_time\" content=\"2026-04-18T19:41:30+00:00\" \/>\n<meta property=\"article:modified_time\" content=\"2026-04-18T19:41:31+00:00\" \/>\n<meta property=\"og:image\" content=\"https:\/\/lasentinelle.dz\/wp-content\/uploads\/2022\/04\/Ministere-education.png\" \/>\n\t<meta property=\"og:image:width\" content=\"1491\" \/>\n\t<meta property=\"og:image:height\" content=\"900\" \/>\n\t<meta property=\"og:image:type\" content=\"image\/png\" \/>\n<meta name=\"author\" content=\"admin\" \/>\n<meta name=\"twitter:card\" content=\"summary_large_image\" \/>\n<meta name=\"twitter:label1\" content=\"\u00c9crit par\" \/>\n\t<meta name=\"twitter:data1\" content=\"admin\" \/>\n\t<meta name=\"twitter:label2\" content=\"Dur\u00e9e de lecture estim\u00e9e\" \/>\n\t<meta name=\"twitter:data2\" content=\"1 minute\" \/>\n<script type=\"application\/ld+json\" class=\"yoast-schema-graph\">{\"@context\":\"https:\\\/\\\/schema.org\",\"@graph\":[{\"@type\":\"Article\",\"@id\":\"https:\\\/\\\/lasentinelle.dz\\\/index.php\\\/2026\\\/04\\\/18\\\/bac-et-bem-le-ministere-de-leducation-ouvre-le-telechargement-des-convocations\\\/#article\",\"isPartOf\":{\"@id\":\"https:\\\/\\\/lasentinelle.dz\\\/index.php\\\/2026\\\/04\\\/18\\\/bac-et-bem-le-ministere-de-leducation-ouvre-le-telechargement-des-convocations\\\/\"},\"author\":{\"name\":\"admin\",\"@id\":\"https:\\\/\\\/lasentinelle.dz\\\/#\\\/schema\\\/person\\\/729ee0024f24e0b8c5ec17232f8e8b41\"},\"headline\":\"Bac et BEM\u00a0: Le minist\u00e8re de l&rsquo;\u00c9ducation ouvre le t\u00e9l\u00e9chargement des convocations\",\"datePublished\":\"2026-04-18T19:41:30+00:00\",\"dateModified\":\"2026-04-18T19:41:31+00:00\",\"mainEntityOfPage\":{\"@id\":\"https:\\\/\\\/lasentinelle.dz\\\/index.php\\\/2026\\\/04\\\/18\\\/bac-et-bem-le-ministere-de-leducation-ouvre-le-telechargement-des-convocations\\\/\"},\"wordCount\":167,\"commentCount\":0,\"publisher\":{\"@id\":\"https:\\\/\\\/lasentinelle.dz\\\/#organization\"},\"image\":{\"@id\":\"https:\\\/\\\/lasentinelle.dz\\\/index.php\\\/2026\\\/04\\\/18\\\/bac-et-bem-le-ministere-de-leducation-ouvre-le-telechargement-des-convocations\\\/#primaryimage\"},\"thumbnailUrl\":\"https:\\\/\\\/lasentinelle.dz\\\/wp-content\\\/uploads\\\/2022\\\/04\\\/Ministere-education.png\",\"articleSection\":[\"Actualit\u00e9\"],\"inLanguage\":\"fr-FR\",\"potentialAction\":[{\"@type\":\"CommentAction\",\"name\":\"Comment\",\"target\":[\"https:\\\/\\\/lasentinelle.dz\\\/index.php\\\/2026\\\/04\\\/18\\\/bac-et-bem-le-ministere-de-leducation-ouvre-le-telechargement-des-convocations\\\/#respond\"]}]},{\"@type\":\"WebPage\",\"@id\":\"https:\\\/\\\/lasentinelle.dz\\\/index.php\\\/2026\\\/04\\\/18\\\/bac-et-bem-le-ministere-de-leducation-ouvre-le-telechargement-des-convocations\\\/\",\"url\":\"https:\\\/\\\/lasentinelle.dz\\\/index.php\\\/2026\\\/04\\\/18\\\/bac-et-bem-le-ministere-de-leducation-ouvre-le-telechargement-des-convocations\\\/\",\"name\":\"Bac et BEM\u00a0: Le minist\u00e8re de l&rsquo;\u00c9ducation ouvre le t\u00e9l\u00e9chargement des convocations - La Sentinelle\",\"isPartOf\":{\"@id\":\"https:\\\/\\\/lasentinelle.dz\\\/#website\"},\"primaryImageOfPage\":{\"@id\":\"https:\\\/\\\/lasentinelle.dz\\\/index.php\\\/2026\\\/04\\\/18\\\/bac-et-bem-le-ministere-de-leducation-ouvre-le-telechargement-des-convocations\\\/#primaryimage\"},\"image\":{\"@id\":\"https:\\\/\\\/lasentinelle.dz\\\/index.php\\\/2026\\\/04\\\/18\\\/bac-et-bem-le-ministere-de-leducation-ouvre-le-telechargement-des-convocations\\\/#primaryimage\"},\"thumbnailUrl\":\"https:\\\/\\\/lasentinelle.dz\\\/wp-content\\\/uploads\\\/2022\\\/04\\\/Ministere-education.png\",\"datePublished\":\"2026-04-18T19:41:30+00:00\",\"dateModified\":\"2026-04-18T19:41:31+00:00\",\"breadcrumb\":{\"@id\":\"https:\\\/\\\/lasentinelle.dz\\\/index.php\\\/2026\\\/04\\\/18\\\/bac-et-bem-le-ministere-de-leducation-ouvre-le-telechargement-des-convocations\\\/#breadcrumb\"},\"inLanguage\":\"fr-FR\",\"potentialAction\":[{\"@type\":\"ReadAction\",\"target\":[\"https:\\\/\\\/lasentinelle.dz\\\/index.php\\\/2026\\\/04\\\/18\\\/bac-et-bem-le-ministere-de-leducation-ouvre-le-telechargement-des-convocations\\\/\"]}]},{\"@type\":\"ImageObject\",\"inLanguage\":\"fr-FR\",\"@id\":\"https:\\\/\\\/lasentinelle.dz\\\/index.php\\\/2026\\\/04\\\/18\\\/bac-et-bem-le-ministere-de-leducation-ouvre-le-telechargement-des-convocations\\\/#primaryimage\",\"url\":\"https:\\\/\\\/lasentinelle.dz\\\/wp-content\\\/uploads\\\/2022\\\/04\\\/Ministere-education.png\",\"contentUrl\":\"https:\\\/\\\/lasentinelle.dz\\\/wp-content\\\/uploads\\\/2022\\\/04\\\/Ministere-education.png\",\"width\":1491,\"height\":900},{\"@type\":\"BreadcrumbList\",\"@id\":\"https:\\\/\\\/lasentinelle.dz\\\/index.php\\\/2026\\\/04\\\/18\\\/bac-et-bem-le-ministere-de-leducation-ouvre-le-telechargement-des-convocations\\\/#breadcrumb\",\"itemListElement\":[{\"@type\":\"ListItem\",\"position\":1,\"name\":\"Accueil\",\"item\":\"https:\\\/\\\/lasentinelle.dz\\\/\"},{\"@type\":\"ListItem\",\"position\":2,\"name\":\"Bac et BEM\u00a0: Le minist\u00e8re de l&rsquo;\u00c9ducation ouvre le t\u00e9l\u00e9chargement des convocations\"}]},{\"@type\":\"WebSite\",\"@id\":\"https:\\\/\\\/lasentinelle.dz\\\/#website\",\"url\":\"https:\\\/\\\/lasentinelle.dz\\\/\",\"name\":\"La Sentinelle\",\"description\":\"Quotidien national d&#039;information\",\"publisher\":{\"@id\":\"https:\\\/\\\/lasentinelle.dz\\\/#organization\"},\"potentialAction\":[{\"@type\":\"SearchAction\",\"target\":{\"@type\":\"EntryPoint\",\"urlTemplate\":\"https:\\\/\\\/lasentinelle.dz\\\/?s={search_term_string}\"},\"query-input\":{\"@type\":\"PropertyValueSpecification\",\"valueRequired\":true,\"valueName\":\"search_term_string\"}}],\"inLanguage\":\"fr-FR\"},{\"@type\":\"Organization\",\"@id\":\"https:\\\/\\\/lasentinelle.dz\\\/#organization\",\"name\":\"Quotidien La Sentinelle\",\"url\":\"https:\\\/\\\/lasentinelle.dz\\\/\",\"logo\":{\"@type\":\"ImageObject\",\"inLanguage\":\"fr-FR\",\"@id\":\"https:\\\/\\\/lasentinelle.dz\\\/#\\\/schema\\\/logo\\\/image\\\/\",\"url\":\"https:\\\/\\\/lasentinelle.dz\\\/wp-content\\\/uploads\\\/2021\\\/09\\\/logo-sentinelleSLOGAN-1.png\",\"contentUrl\":\"https:\\\/\\\/lasentinelle.dz\\\/wp-content\\\/uploads\\\/2021\\\/09\\\/logo-sentinelleSLOGAN-1.png\",\"width\":615,\"height\":142,\"caption\":\"Quotidien La Sentinelle\"},\"image\":{\"@id\":\"https:\\\/\\\/lasentinelle.dz\\\/#\\\/schema\\\/logo\\\/image\\\/\"},\"sameAs\":[\"https:\\\/\\\/www.facebook.com\\\/La-Sentinelle-104059864394773\"]},{\"@type\":\"Person\",\"@id\":\"https:\\\/\\\/lasentinelle.dz\\\/#\\\/schema\\\/person\\\/729ee0024f24e0b8c5ec17232f8e8b41\",\"name\":\"admin\",\"image\":{\"@type\":\"ImageObject\",\"inLanguage\":\"fr-FR\",\"@id\":\"https:\\\/\\\/secure.gravatar.com\\\/avatar\\\/4c81fed838786e9b53f540bf46533e750f5d292099ae3b66cfc6fb1982e29df7?s=96&d=mm&r=g\",\"url\":\"https:\\\/\\\/secure.gravatar.com\\\/avatar\\\/4c81fed838786e9b53f540bf46533e750f5d292099ae3b66cfc6fb1982e29df7?s=96&d=mm&r=g\",\"contentUrl\":\"https:\\\/\\\/secure.gravatar.com\\\/avatar\\\/4c81fed838786e9b53f540bf46533e750f5d292099ae3b66cfc6fb1982e29df7?s=96&d=mm&r=g\",\"caption\":\"admin\"},\"description\":\"admin\",\"url\":\"https:\\\/\\\/lasentinelle.dz\\\/author\\\/admin\\\/\"}]}<\/script>\n<!-- \/ Yoast SEO plugin. -->","yoast_head_json":{"title":"Bac et BEM\u00a0: Le minist\u00e8re de l&rsquo;\u00c9ducation ouvre le t\u00e9l\u00e9chargement des convocations - La Sentinelle","robots":{"index":"index","follow":"follow","max-snippet":"max-snippet:-1","max-image-preview":"max-image-preview:large","max-video-preview":"max-video-preview:-1"},"canonical":"https:\/\/lasentinelle.dz\/index.php\/2026\/04\/18\/bac-et-bem-le-ministere-de-leducation-ouvre-le-telechargement-des-convocations\/","og_locale":"fr_FR","og_type":"article","og_title":"Bac et BEM\u00a0: Le minist\u00e8re de l&rsquo;\u00c9ducation ouvre le t\u00e9l\u00e9chargement des convocations - La Sentinelle","og_description":"Le minist\u00e8re de l&rsquo;\u00c9ducation nationale a annonc\u00e9 ce samedi les dates de mise \u00e0 disposition des convocations pour les candidats","og_url":"https:\/\/lasentinelle.dz\/index.php\/2026\/04\/18\/bac-et-bem-le-ministere-de-leducation-ouvre-le-telechargement-des-convocations\/","og_site_name":"La Sentinelle","article_publisher":"https:\/\/www.facebook.com\/La-Sentinelle-104059864394773","article_published_time":"2026-04-18T19:41:30+00:00","article_modified_time":"2026-04-18T19:41:31+00:00","og_image":[{"width":1491,"height":900,"url":"https:\/\/lasentinelle.dz\/wp-content\/uploads\/2022\/04\/Ministere-education.png","type":"image\/png"}],"author":"admin","twitter_card":"summary_large_image","twitter_misc":{"\u00c9crit par":"admin","Dur\u00e9e de lecture estim\u00e9e":"1 minute"},"schema":{"@context":"https:\/\/schema.org","@graph":[{"@type":"Article","@id":"https:\/\/lasentinelle.dz\/index.php\/2026\/04\/18\/bac-et-bem-le-ministere-de-leducation-ouvre-le-telechargement-des-convocations\/#article","isPartOf":{"@id":"https:\/\/lasentinelle.dz\/index.php\/2026\/04\/18\/bac-et-bem-le-ministere-de-leducation-ouvre-le-telechargement-des-convocations\/"},"author":{"name":"admin","@id":"https:\/\/lasentinelle.dz\/#\/schema\/person\/729ee0024f24e0b8c5ec17232f8e8b41"},"headline":"Bac et BEM\u00a0: Le minist\u00e8re de l&rsquo;\u00c9ducation ouvre le t\u00e9l\u00e9chargement des convocations","datePublished":"2026-04-18T19:41:30+00:00","dateModified":"2026-04-18T19:41:31+00:00","mainEntityOfPage":{"@id":"https:\/\/lasentinelle.dz\/index.php\/2026\/04\/18\/bac-et-bem-le-ministere-de-leducation-ouvre-le-telechargement-des-convocations\/"},"wordCount":167,"commentCount":0,"publisher":{"@id":"https:\/\/lasentinelle.dz\/#organization"},"image":{"@id":"https:\/\/lasentinelle.dz\/index.php\/2026\/04\/18\/bac-et-bem-le-ministere-de-leducation-ouvre-le-telechargement-des-convocations\/#primaryimage"},"thumbnailUrl":"https:\/\/lasentinelle.dz\/wp-content\/uploads\/2022\/04\/Ministere-education.png","articleSection":["Actualit\u00e9"],"inLanguage":"fr-FR","potentialAction":[{"@type":"CommentAction","name":"Comment","target":["https:\/\/lasentinelle.dz\/index.php\/2026\/04\/18\/bac-et-bem-le-ministere-de-leducation-ouvre-le-telechargement-des-convocations\/#respond"]}]},{"@type":"WebPage","@id":"https:\/\/lasentinelle.dz\/index.php\/2026\/04\/18\/bac-et-bem-le-ministere-de-leducation-ouvre-le-telechargement-des-convocations\/","url":"https:\/\/lasentinelle.dz\/index.php\/2026\/04\/18\/bac-et-bem-le-ministere-de-leducation-ouvre-le-telechargement-des-convocations\/","name":"Bac et BEM\u00a0: Le minist\u00e8re de l&rsquo;\u00c9ducation ouvre le t\u00e9l\u00e9chargement des convocations - La Sentinelle","isPartOf":{"@id":"https:\/\/lasentinelle.dz\/#website"},"primaryImageOfPage":{"@id":"https:\/\/lasentinelle.dz\/index.php\/2026\/04\/18\/bac-et-bem-le-ministere-de-leducation-ouvre-le-telechargement-des-convocations\/#primaryimage"},"image":{"@id":"https:\/\/lasentinelle.dz\/index.php\/2026\/04\/18\/bac-et-bem-le-ministere-de-leducation-ouvre-le-telechargement-des-convocations\/#primaryimage"},"thumbnailUrl":"https:\/\/lasentinelle.dz\/wp-content\/uploads\/2022\/04\/Ministere-education.png","datePublished":"2026-04-18T19:41:30+00:00","dateModified":"2026-04-18T19:41:31+00:00","breadcrumb":{"@id":"https:\/\/lasentinelle.dz\/index.php\/2026\/04\/18\/bac-et-bem-le-ministere-de-leducation-ouvre-le-telechargement-des-convocations\/#breadcrumb"},"inLanguage":"fr-FR","potentialAction":[{"@type":"ReadAction","target":["https:\/\/lasentinelle.dz\/index.php\/2026\/04\/18\/bac-et-bem-le-ministere-de-leducation-ouvre-le-telechargement-des-convocations\/"]}]},{"@type":"ImageObject","inLanguage":"fr-FR","@id":"https:\/\/lasentinelle.dz\/index.php\/2026\/04\/18\/bac-et-bem-le-ministere-de-leducation-ouvre-le-telechargement-des-convocations\/#primaryimage","url":"https:\/\/lasentinelle.dz\/wp-content\/uploads\/2022\/04\/Ministere-education.png","contentUrl":"https:\/\/lasentinelle.dz\/wp-content\/uploads\/2022\/04\/Ministere-education.png","width":1491,"height":900},{"@type":"BreadcrumbList","@id":"https:\/\/lasentinelle.dz\/index.php\/2026\/04\/18\/bac-et-bem-le-ministere-de-leducation-ouvre-le-telechargement-des-convocations\/#breadcrumb","itemListElement":[{"@type":"ListItem","position":1,"name":"Accueil","item":"https:\/\/lasentinelle.dz\/"},{"@type":"ListItem","position":2,"name":"Bac et BEM\u00a0: Le minist\u00e8re de l&rsquo;\u00c9ducation ouvre le t\u00e9l\u00e9chargement des convocations"}]},{"@type":"WebSite","@id":"https:\/\/lasentinelle.dz\/#website","url":"https:\/\/lasentinelle.dz\/","name":"La Sentinelle","description":"Quotidien national d&#039;information","publisher":{"@id":"https:\/\/lasentinelle.dz\/#organization"},"potentialAction":[{"@type":"SearchAction","target":{"@type":"EntryPoint","urlTemplate":"https:\/\/lasentinelle.dz\/?s={search_term_string}"},"query-input":{"@type":"PropertyValueSpecification","valueRequired":true,"valueName":"search_term_string"}}],"inLanguage":"fr-FR"},{"@type":"Organization","@id":"https:\/\/lasentinelle.dz\/#organization","name":"Quotidien La Sentinelle","url":"https:\/\/lasentinelle.dz\/","logo":{"@type":"ImageObject","inLanguage":"fr-FR","@id":"https:\/\/lasentinelle.dz\/#\/schema\/logo\/image\/","url":"https:\/\/lasentinelle.dz\/wp-content\/uploads\/2021\/09\/logo-sentinelleSLOGAN-1.png","contentUrl":"https:\/\/lasentinelle.dz\/wp-content\/uploads\/2021\/09\/logo-sentinelleSLOGAN-1.png","width":615,"height":142,"caption":"Quotidien La Sentinelle"},"image":{"@id":"https:\/\/lasentinelle.dz\/#\/schema\/logo\/image\/"},"sameAs":["https:\/\/www.facebook.com\/La-Sentinelle-104059864394773"]},{"@type":"Person","@id":"https:\/\/lasentinelle.dz\/#\/schema\/person\/729ee0024f24e0b8c5ec17232f8e8b41","name":"admin","image":{"@type":"ImageObject","inLanguage":"fr-FR","@id":"https:\/\/secure.gravatar.com\/avatar\/4c81fed838786e9b53f540bf46533e750f5d292099ae3b66cfc6fb1982e29df7?s=96&d=mm&r=g","url":"https:\/\/secure.gravatar.com\/avatar\/4c81fed838786e9b53f540bf46533e750f5d292099ae3b66cfc6fb1982e29df7?s=96&d=mm&r=g","contentUrl":"https:\/\/secure.gravatar.com\/avatar\/4c81fed838786e9b53f540bf46533e750f5d292099ae3b66cfc6fb1982e29df7?s=96&d=mm&r=g","caption":"admin"},"description":"admin","url":"https:\/\/lasentinelle.dz\/author\/admin\/"}]}},"_links":{"self":[{"href":"https:\/\/lasentinelle.dz\/index.php\/wp-json\/wp\/v2\/posts\/85874","targetHints":{"allow":["GET"]}}],"collection":[{"href":"https:\/\/lasentinelle.dz\/index.php\/wp-json\/wp\/v2\/posts"}],"about":[{"href":"https:\/\/lasentinelle.dz\/index.php\/wp-json\/wp\/v2\/types\/post"}],"author":[{"embeddable":true,"href":"https:\/\/lasentinelle.dz\/index.php\/wp-json\/wp\/v2\/users\/6"}],"replies":[{"embeddable":true,"href":"https:\/\/lasentinelle.dz\/index.php\/wp-json\/wp\/v2\/comments?post=85874"}],"version-history":[{"count":2,"href":"https:\/\/lasentinelle.dz\/index.php\/wp-json\/wp\/v2\/posts\/85874\/revisions"}],"predecessor-version":[{"id":85876,"href":"https:\/\/lasentinelle.dz\/index.php\/wp-json\/wp\/v2\/posts\/85874\/revisions\/85876"}],"wp:featuredmedia":[{"embeddable":true,"href":"https:\/\/lasentinelle.dz\/index.php\/wp-json\/wp\/v2\/media\/19316"}],"wp:attachment":[{"href":"https:\/\/lasentinelle.dz\/index.php\/wp-json\/wp\/v2\/media?parent=85874"}],"wp:term":[{"taxonomy":"category","embeddable":true,"href":"https:\/\/lasentinelle.dz\/index.php\/wp-json\/wp\/v2\/categories?post=85874"},{"taxonomy":"post_tag","embeddable":true,"href":"https:\/\/lasentinelle.dz\/index.php\/wp-json\/wp\/v2\/tags?post=85874"}],"curies":[{"name":"wp","href":"https:\/\/api.w.org\/{rel}","templated":true}]}}