{"id":86071,"date":"2026-04-20T20:09:41","date_gmt":"2026-04-20T19:09:41","guid":{"rendered":"https:\/\/lasentinelle.dz\/?p=86071"},"modified":"2026-04-20T20:09:43","modified_gmt":"2026-04-20T19:09:43","slug":"justice-constitutionnelle-une-session-de-formation-a-luniversite-dannaba","status":"publish","type":"post","link":"https:\/\/lasentinelle.dz\/index.php\/2026\/04\/20\/justice-constitutionnelle-une-session-de-formation-a-luniversite-dannaba\/","title":{"rendered":"Justice constitutionnelle\u00a0: Une session de formation \u00e0 l\u2019universit\u00e9 d\u2019Annaba"},"content":{"rendered":"\n<p class=\"wp-block-paragraph\">La troisi\u00e8me session nationale de formation \u00e0 la justice constitutionnelle s&rsquo;est ouverte dimanche \u00e0 l&rsquo;Universit\u00e9 Badji Mokhtar d&rsquo;Annaba, sous le patronage de la Cour constitutionnelle. Pendant trois jours, jusqu&rsquo;au 21 avril 2026, universitaires, magistrats et institutions d\u00e9battent des fondements de l&rsquo;\u00c9tat de droit dans un pays engag\u00e9 dans de profondes r\u00e9formes institutionnelles. Annaba confirme sa vocation de carrefour du savoir juridique en accueillant cette rencontre scientifique d&rsquo;envergure, organis\u00e9e au sein de la Facult\u00e9 de droit et des sciences politiques d&rsquo;El Bouni. Destin\u00e9e aux \u00e9tudiants en master et en doctorat sp\u00e9cialis\u00e9s en droit constitutionnel, la session s&rsquo;inscrit dans une d\u00e9marche de renforcement des comp\u00e9tences acad\u00e9miques et de consolidation des connaissances dans un domaine au c\u0153ur des mutations institutionnelles que conna\u00eet l&rsquo;Alg\u00e9rie. Durant trois jours, participants et encadreurs \u00e9changent autour des fondements, des m\u00e9canismes et des \u00e9volutions de la justice constitutionnelle. La c\u00e9r\u00e9monie d&rsquo;ouverture, pr\u00e9sid\u00e9e par le wali, s&rsquo;est d\u00e9roul\u00e9e en pr\u00e9sence d&rsquo;un large \u00e9ventail de responsables et d&rsquo;acteurs du champ juridique et institutionnel. Des repr\u00e9sentants de la Cour constitutionnelle, des autorit\u00e9s judiciaires locales, des parlementaires ainsi que des cadres universitaires ont pris part \u00e0 l&rsquo;\u00e9v\u00e9nement, t\u00e9moignant de l&rsquo;int\u00e9r\u00eat que suscite cette th\u00e9matique. Dans son intervention, le wali d&rsquo;Annaba a soulign\u00e9 la port\u00e9e de l&rsquo;initiative, qu&rsquo;il a qualifi\u00e9e de levier essentiel pour diffuser la culture constitutionnelle et ancrer les principes de l&rsquo;\u00c9tat de droit. Il a \u00e9galement salu\u00e9 le r\u00f4le structurant de l&rsquo;universit\u00e9, espace privil\u00e9gi\u00e9 de production du savoir et de dialogue entre les diff\u00e9rentes composantes du monde juridique. Au-del\u00e0 de sa dimension acad\u00e9mique, cette session se distingue par son rayonnement national, avec la participation d&rsquo;enseignants et d&rsquo;\u00e9tudiants issus de plusieurs \u00e9tablissements universitaires de l&rsquo;Est du pays, traduisant une dynamique de coop\u00e9ration interuniversitaire et un engagement collectif en faveur d&rsquo;une formation de qualit\u00e9.<\/p>\n\n\n\n<p class=\"wp-block-paragraph\"><em>S.C.<\/em><\/p>\n","protected":false},"excerpt":{"rendered":"<p>La troisi\u00e8me session nationale de formation \u00e0 la justice constitutionnelle s&rsquo;est ouverte dimanche \u00e0 l&rsquo;Universit\u00e9 Badji Mokhtar d&rsquo;Annaba, sous le<\/p>\n","protected":false},"author":6,"featured_media":68839,"comment_status":"open","ping_status":"closed","sticky":false,"template":"","format":"standard","meta":{"colormag_page_container_layout":"default_layout","colormag_page_sidebar_layout":"default_layout","om_disable_all_campaigns":false,"_monsterinsights_skip_tracking":false,"footnotes":"","_wpscppro_dont_share_socialmedia":false,"_wpscppro_custom_social_share_image":0,"_facebook_share_type":"default","_twitter_share_type":"default","_linkedin_share_type":"default","_pinterest_share_type":"default","_linkedin_share_type_page":"","_instagram_share_type":"default","_medium_share_type":"default","_threads_share_type":"default","_google_business_share_type":"default","_bluesky_share_type":"","_mastodon_share_type":"","_selected_social_profile":[],"_wpsp_enable_custom_social_template":false,"_wpsp_social_scheduling":{"enabled":false,"datetime":null,"platforms":[],"status":"template_only","dateOption":"today","timeOption":"now","customDays":"","customHours":"","customDate":"","customTime":"","schedulingType":"absolute"},"_wpsp_active_default_template":true},"categories":[31],"tags":[],"class_list":["post-86071","post","type-post","status-publish","format-standard","has-post-thumbnail","hentry","category-regions"],"aioseo_notices":[],"aioseo_head":"\n\t\t<!-- All in One SEO 5.0.0.1 - aioseo.com -->\n\t<meta name=\"description\" content=\"La troisi\u00e8me session nationale de formation \u00e0 la justice constitutionnelle s&#039;est ouverte dimanche \u00e0 l&#039;Universit\u00e9 Badji Mokhtar d&#039;Annaba, sous le patronage de la Cour constitutionnelle. Pendant trois jours, jusqu&#039;au 21 avril 2026, universitaires, magistrats et institutions d\u00e9battent des fondements de l&#039;\u00c9tat de droit dans un pays engag\u00e9 dans de profondes r\u00e9formes institutionnelles. Annaba confirme sa\" \/>\n\t<meta name=\"robots\" content=\"max-image-preview:large\" \/>\n\t<meta name=\"author\" content=\"admin\"\/>\n\t<link rel=\"canonical\" href=\"https:\/\/lasentinelle.dz\/index.php\/2026\/04\/20\/justice-constitutionnelle-une-session-de-formation-a-luniversite-dannaba\/\" \/>\n\t<meta name=\"generator\" content=\"All in One SEO (AIOSEO) 5.0.0.1\" \/>\n\t\t<meta property=\"og:locale\" content=\"fr_FR\" \/>\n\t\t<meta property=\"og:site_name\" content=\"La Sentinelle - Quotidien national d&#039;information\" \/>\n\t\t<meta property=\"og:type\" content=\"article\" \/>\n\t\t<meta property=\"og:title\" content=\"Justice constitutionnelle : Une session de formation \u00e0 l\u2019universit\u00e9 d\u2019Annaba - La Sentinelle\" \/>\n\t\t<meta property=\"og:description\" content=\"La troisi\u00e8me session nationale de formation \u00e0 la justice constitutionnelle s&#039;est ouverte dimanche \u00e0 l&#039;Universit\u00e9 Badji Mokhtar d&#039;Annaba, sous le patronage de la Cour constitutionnelle. Pendant trois jours, jusqu&#039;au 21 avril 2026, universitaires, magistrats et institutions d\u00e9battent des fondements de l&#039;\u00c9tat de droit dans un pays engag\u00e9 dans de profondes r\u00e9formes institutionnelles. Annaba confirme sa\" \/>\n\t\t<meta property=\"og:url\" content=\"https:\/\/lasentinelle.dz\/index.php\/2026\/04\/20\/justice-constitutionnelle-une-session-de-formation-a-luniversite-dannaba\/\" \/>\n\t\t<meta property=\"og:image\" content=\"https:\/\/lasentinelle.dz\/wp-content\/uploads\/2021\/09\/cropped-la-sentinelle-earth-golden-anima-5.gif\" \/>\n\t\t<meta property=\"og:image:secure_url\" content=\"https:\/\/lasentinelle.dz\/wp-content\/uploads\/2021\/09\/cropped-la-sentinelle-earth-golden-anima-5.gif\" \/>\n\t\t<meta property=\"og:image:width\" content=\"450\" \/>\n\t\t<meta property=\"og:image:height\" content=\"213\" \/>\n\t\t<meta property=\"article:published_time\" content=\"2026-04-20T19:09:41+00:00\" \/>\n\t\t<meta property=\"article:modified_time\" content=\"2026-04-20T19:09:43+00:00\" \/>\n\t\t<meta property=\"article:publisher\" content=\"https:\/\/www.facebook.com\/azzedine.lasentinelle.1\" \/>\n\t\t<meta name=\"twitter:card\" content=\"summary_large_image\" \/>\n\t\t<meta name=\"twitter:title\" content=\"Justice constitutionnelle : Une session de formation \u00e0 l\u2019universit\u00e9 d\u2019Annaba - La Sentinelle\" \/>\n\t\t<meta name=\"twitter:description\" content=\"La troisi\u00e8me session nationale de formation \u00e0 la justice constitutionnelle s&#039;est ouverte dimanche \u00e0 l&#039;Universit\u00e9 Badji Mokhtar d&#039;Annaba, sous le patronage de la Cour constitutionnelle. Pendant trois jours, jusqu&#039;au 21 avril 2026, universitaires, magistrats et institutions d\u00e9battent des fondements de l&#039;\u00c9tat de droit dans un pays engag\u00e9 dans de profondes r\u00e9formes institutionnelles. Annaba confirme sa\" \/>\n\t\t<meta name=\"twitter:image\" content=\"https:\/\/lasentinelle.dz\/wp-content\/uploads\/2021\/09\/cropped-la-sentinelle-earth-golden-anima-5.gif\" \/>\n\t\t<script type=\"application\/ld+json\" class=\"aioseo-schema\">\n\t\t\t{\"@context\":\"https:\\\/\\\/schema.org\",\"@graph\":[{\"@type\":\"BlogPosting\",\"@id\":\"https:\\\/\\\/lasentinelle.dz\\\/index.php\\\/2026\\\/04\\\/20\\\/justice-constitutionnelle-une-session-de-formation-a-luniversite-dannaba\\\/#blogposting\",\"name\":\"Justice constitutionnelle : Une session de formation \\u00e0 l\\u2019universit\\u00e9 d\\u2019Annaba - La Sentinelle\",\"headline\":\"Justice constitutionnelle\\u00a0: Une session de formation \\u00e0 l\\u2019universit\\u00e9 d\\u2019Annaba\",\"author\":{\"@id\":\"https:\\\/\\\/lasentinelle.dz\\\/author\\\/admin\\\/#author\"},\"publisher\":{\"@id\":\"https:\\\/\\\/lasentinelle.dz\\\/#organization\"},\"image\":{\"@type\":\"ImageObject\",\"url\":\"https:\\\/\\\/lasentinelle.dz\\\/wp-content\\\/uploads\\\/2025\\\/06\\\/UMBA.jpeg\",\"width\":1280,\"height\":720},\"datePublished\":\"2026-04-20T20:09:41+01:00\",\"dateModified\":\"2026-04-20T20:09:43+01:00\",\"inLanguage\":\"fr-FR\",\"mainEntityOfPage\":{\"@id\":\"https:\\\/\\\/lasentinelle.dz\\\/index.php\\\/2026\\\/04\\\/20\\\/justice-constitutionnelle-une-session-de-formation-a-luniversite-dannaba\\\/#webpage\"},\"isPartOf\":{\"@id\":\"https:\\\/\\\/lasentinelle.dz\\\/index.php\\\/2026\\\/04\\\/20\\\/justice-constitutionnelle-une-session-de-formation-a-luniversite-dannaba\\\/#webpage\"},\"articleSection\":\"R\\u00e9gions\"},{\"@type\":\"BreadcrumbList\",\"@id\":\"https:\\\/\\\/lasentinelle.dz\\\/index.php\\\/2026\\\/04\\\/20\\\/justice-constitutionnelle-une-session-de-formation-a-luniversite-dannaba\\\/#breadcrumblist\",\"itemListElement\":[{\"@type\":\"ListItem\",\"@id\":\"https:\\\/\\\/lasentinelle.dz#listItem\",\"position\":1,\"name\":\"Home\",\"item\":\"https:\\\/\\\/lasentinelle.dz\",\"nextItem\":{\"@type\":\"ListItem\",\"@id\":\"https:\\\/\\\/lasentinelle.dz\\\/index.php\\\/category\\\/regions\\\/#listItem\",\"name\":\"R\\u00e9gions\"}},{\"@type\":\"ListItem\",\"@id\":\"https:\\\/\\\/lasentinelle.dz\\\/index.php\\\/category\\\/regions\\\/#listItem\",\"position\":2,\"name\":\"R\\u00e9gions\",\"item\":\"https:\\\/\\\/lasentinelle.dz\\\/index.php\\\/category\\\/regions\\\/\",\"nextItem\":{\"@type\":\"ListItem\",\"@id\":\"https:\\\/\\\/lasentinelle.dz\\\/index.php\\\/2026\\\/04\\\/20\\\/justice-constitutionnelle-une-session-de-formation-a-luniversite-dannaba\\\/#listItem\",\"name\":\"Justice constitutionnelle\\u00a0: Une session de formation \\u00e0 l\\u2019universit\\u00e9 d\\u2019Annaba\"},\"previousItem\":{\"@type\":\"ListItem\",\"@id\":\"https:\\\/\\\/lasentinelle.dz#listItem\",\"name\":\"Home\"}},{\"@type\":\"ListItem\",\"@id\":\"https:\\\/\\\/lasentinelle.dz\\\/index.php\\\/2026\\\/04\\\/20\\\/justice-constitutionnelle-une-session-de-formation-a-luniversite-dannaba\\\/#listItem\",\"position\":3,\"name\":\"Justice constitutionnelle\\u00a0: Une session de formation \\u00e0 l\\u2019universit\\u00e9 d\\u2019Annaba\",\"previousItem\":{\"@type\":\"ListItem\",\"@id\":\"https:\\\/\\\/lasentinelle.dz\\\/index.php\\\/category\\\/regions\\\/#listItem\",\"name\":\"R\\u00e9gions\"}}]},{\"@type\":\"Organization\",\"@id\":\"https:\\\/\\\/lasentinelle.dz\\\/#organization\",\"name\":\"La Sentinelle La Sentinelle\",\"description\":\"Quotidien national d'information\",\"url\":\"https:\\\/\\\/lasentinelle.dz\\\/\",\"logo\":{\"@type\":\"ImageObject\",\"url\":\"https:\\\/\\\/lasentinelle.dz\\\/wp-content\\\/uploads\\\/2021\\\/09\\\/cropped-la-sentinelle-earth-golden-anima-5.gif\",\"@id\":\"https:\\\/\\\/lasentinelle.dz\\\/index.php\\\/2026\\\/04\\\/20\\\/justice-constitutionnelle-une-session-de-formation-a-luniversite-dannaba\\\/#organizationLogo\",\"width\":450,\"height\":213},\"image\":{\"@id\":\"https:\\\/\\\/lasentinelle.dz\\\/index.php\\\/2026\\\/04\\\/20\\\/justice-constitutionnelle-une-session-de-formation-a-luniversite-dannaba\\\/#organizationLogo\"},\"sameAs\":[\"https:\\\/\\\/www.facebook.com\\\/azzedine.lasentinelle.1\"]},{\"@type\":\"Person\",\"@id\":\"https:\\\/\\\/lasentinelle.dz\\\/author\\\/admin\\\/#author\",\"url\":\"https:\\\/\\\/lasentinelle.dz\\\/author\\\/admin\\\/\",\"name\":\"admin\",\"image\":{\"@type\":\"ImageObject\",\"@id\":\"https:\\\/\\\/lasentinelle.dz\\\/index.php\\\/2026\\\/04\\\/20\\\/justice-constitutionnelle-une-session-de-formation-a-luniversite-dannaba\\\/#authorImage\",\"url\":\"https:\\\/\\\/secure.gravatar.com\\\/avatar\\\/4c81fed838786e9b53f540bf46533e750f5d292099ae3b66cfc6fb1982e29df7?s=96&d=mm&r=g\",\"width\":96,\"height\":96,\"caption\":\"admin\"}},{\"@type\":\"WebPage\",\"@id\":\"https:\\\/\\\/lasentinelle.dz\\\/index.php\\\/2026\\\/04\\\/20\\\/justice-constitutionnelle-une-session-de-formation-a-luniversite-dannaba\\\/#webpage\",\"url\":\"https:\\\/\\\/lasentinelle.dz\\\/index.php\\\/2026\\\/04\\\/20\\\/justice-constitutionnelle-une-session-de-formation-a-luniversite-dannaba\\\/\",\"name\":\"Justice constitutionnelle : Une session de formation \\u00e0 l\\u2019universit\\u00e9 d\\u2019Annaba - La Sentinelle\",\"description\":\"La troisi\\u00e8me session nationale de formation \\u00e0 la justice constitutionnelle s'est ouverte dimanche \\u00e0 l'Universit\\u00e9 Badji Mokhtar d'Annaba, sous le patronage de la Cour constitutionnelle. Pendant trois jours, jusqu'au 21 avril 2026, universitaires, magistrats et institutions d\\u00e9battent des fondements de l'\\u00c9tat de droit dans un pays engag\\u00e9 dans de profondes r\\u00e9formes institutionnelles. Annaba confirme sa\",\"inLanguage\":\"fr-FR\",\"isPartOf\":{\"@id\":\"https:\\\/\\\/lasentinelle.dz\\\/#website\"},\"breadcrumb\":{\"@id\":\"https:\\\/\\\/lasentinelle.dz\\\/index.php\\\/2026\\\/04\\\/20\\\/justice-constitutionnelle-une-session-de-formation-a-luniversite-dannaba\\\/#breadcrumblist\"},\"author\":{\"@id\":\"https:\\\/\\\/lasentinelle.dz\\\/author\\\/admin\\\/#author\"},\"creator\":{\"@id\":\"https:\\\/\\\/lasentinelle.dz\\\/author\\\/admin\\\/#author\"},\"image\":{\"@type\":\"ImageObject\",\"url\":\"https:\\\/\\\/lasentinelle.dz\\\/wp-content\\\/uploads\\\/2025\\\/06\\\/UMBA.jpeg\",\"@id\":\"https:\\\/\\\/lasentinelle.dz\\\/index.php\\\/2026\\\/04\\\/20\\\/justice-constitutionnelle-une-session-de-formation-a-luniversite-dannaba\\\/#mainImage\",\"width\":1280,\"height\":720},\"primaryImageOfPage\":{\"@id\":\"https:\\\/\\\/lasentinelle.dz\\\/index.php\\\/2026\\\/04\\\/20\\\/justice-constitutionnelle-une-session-de-formation-a-luniversite-dannaba\\\/#mainImage\"},\"datePublished\":\"2026-04-20T20:09:41+01:00\",\"dateModified\":\"2026-04-20T20:09:43+01:00\"},{\"@type\":\"WebSite\",\"@id\":\"https:\\\/\\\/lasentinelle.dz\\\/#website\",\"url\":\"https:\\\/\\\/lasentinelle.dz\\\/\",\"name\":\"La Sentinelle\",\"description\":\"Quotidien national d'information\",\"inLanguage\":\"fr-FR\",\"publisher\":{\"@id\":\"https:\\\/\\\/lasentinelle.dz\\\/#organization\"}}]}\n\t\t<\/script>\n\t\t<!-- All in One SEO -->\n\n","aioseo_head_json":{"title":"Justice constitutionnelle : Une session de formation \u00e0 l\u2019universit\u00e9 d\u2019Annaba - La Sentinelle","description":"La troisi\u00e8me session nationale de formation \u00e0 la justice constitutionnelle s'est ouverte dimanche \u00e0 l'Universit\u00e9 Badji Mokhtar d'Annaba, sous le patronage de la Cour constitutionnelle. Pendant trois jours, jusqu'au 21 avril 2026, universitaires, magistrats et institutions d\u00e9battent des fondements de l'\u00c9tat de droit dans un pays engag\u00e9 dans de profondes r\u00e9formes institutionnelles. Annaba confirme sa","canonical_url":"https:\/\/lasentinelle.dz\/index.php\/2026\/04\/20\/justice-constitutionnelle-une-session-de-formation-a-luniversite-dannaba\/","robots":"max-image-preview:large","keywords":"","webmasterTools":{"miscellaneous":""},"schema":{"@context":"https:\/\/schema.org","@graph":[{"@type":"BlogPosting","@id":"https:\/\/lasentinelle.dz\/index.php\/2026\/04\/20\/justice-constitutionnelle-une-session-de-formation-a-luniversite-dannaba\/#blogposting","name":"Justice constitutionnelle : Une session de formation \u00e0 l\u2019universit\u00e9 d\u2019Annaba - La Sentinelle","headline":"Justice constitutionnelle\u00a0: Une session de formation \u00e0 l\u2019universit\u00e9 d\u2019Annaba","author":{"@id":"https:\/\/lasentinelle.dz\/author\/admin\/#author"},"publisher":{"@id":"https:\/\/lasentinelle.dz\/#organization"},"image":{"@type":"ImageObject","url":"https:\/\/lasentinelle.dz\/wp-content\/uploads\/2025\/06\/UMBA.jpeg","width":1280,"height":720},"datePublished":"2026-04-20T20:09:41+01:00","dateModified":"2026-04-20T20:09:43+01:00","inLanguage":"fr-FR","mainEntityOfPage":{"@id":"https:\/\/lasentinelle.dz\/index.php\/2026\/04\/20\/justice-constitutionnelle-une-session-de-formation-a-luniversite-dannaba\/#webpage"},"isPartOf":{"@id":"https:\/\/lasentinelle.dz\/index.php\/2026\/04\/20\/justice-constitutionnelle-une-session-de-formation-a-luniversite-dannaba\/#webpage"},"articleSection":"R\u00e9gions"},{"@type":"BreadcrumbList","@id":"https:\/\/lasentinelle.dz\/index.php\/2026\/04\/20\/justice-constitutionnelle-une-session-de-formation-a-luniversite-dannaba\/#breadcrumblist","itemListElement":[{"@type":"ListItem","@id":"https:\/\/lasentinelle.dz#listItem","position":1,"name":"Home","item":"https:\/\/lasentinelle.dz","nextItem":{"@type":"ListItem","@id":"https:\/\/lasentinelle.dz\/index.php\/category\/regions\/#listItem","name":"R\u00e9gions"}},{"@type":"ListItem","@id":"https:\/\/lasentinelle.dz\/index.php\/category\/regions\/#listItem","position":2,"name":"R\u00e9gions","item":"https:\/\/lasentinelle.dz\/index.php\/category\/regions\/","nextItem":{"@type":"ListItem","@id":"https:\/\/lasentinelle.dz\/index.php\/2026\/04\/20\/justice-constitutionnelle-une-session-de-formation-a-luniversite-dannaba\/#listItem","name":"Justice constitutionnelle\u00a0: Une session de formation \u00e0 l\u2019universit\u00e9 d\u2019Annaba"},"previousItem":{"@type":"ListItem","@id":"https:\/\/lasentinelle.dz#listItem","name":"Home"}},{"@type":"ListItem","@id":"https:\/\/lasentinelle.dz\/index.php\/2026\/04\/20\/justice-constitutionnelle-une-session-de-formation-a-luniversite-dannaba\/#listItem","position":3,"name":"Justice constitutionnelle\u00a0: Une session de formation \u00e0 l\u2019universit\u00e9 d\u2019Annaba","previousItem":{"@type":"ListItem","@id":"https:\/\/lasentinelle.dz\/index.php\/category\/regions\/#listItem","name":"R\u00e9gions"}}]},{"@type":"Organization","@id":"https:\/\/lasentinelle.dz\/#organization","name":"La Sentinelle La Sentinelle","description":"Quotidien national d'information","url":"https:\/\/lasentinelle.dz\/","logo":{"@type":"ImageObject","url":"https:\/\/lasentinelle.dz\/wp-content\/uploads\/2021\/09\/cropped-la-sentinelle-earth-golden-anima-5.gif","@id":"https:\/\/lasentinelle.dz\/index.php\/2026\/04\/20\/justice-constitutionnelle-une-session-de-formation-a-luniversite-dannaba\/#organizationLogo","width":450,"height":213},"image":{"@id":"https:\/\/lasentinelle.dz\/index.php\/2026\/04\/20\/justice-constitutionnelle-une-session-de-formation-a-luniversite-dannaba\/#organizationLogo"},"sameAs":["https:\/\/www.facebook.com\/azzedine.lasentinelle.1"]},{"@type":"Person","@id":"https:\/\/lasentinelle.dz\/author\/admin\/#author","url":"https:\/\/lasentinelle.dz\/author\/admin\/","name":"admin","image":{"@type":"ImageObject","@id":"https:\/\/lasentinelle.dz\/index.php\/2026\/04\/20\/justice-constitutionnelle-une-session-de-formation-a-luniversite-dannaba\/#authorImage","url":"https:\/\/secure.gravatar.com\/avatar\/4c81fed838786e9b53f540bf46533e750f5d292099ae3b66cfc6fb1982e29df7?s=96&d=mm&r=g","width":96,"height":96,"caption":"admin"}},{"@type":"WebPage","@id":"https:\/\/lasentinelle.dz\/index.php\/2026\/04\/20\/justice-constitutionnelle-une-session-de-formation-a-luniversite-dannaba\/#webpage","url":"https:\/\/lasentinelle.dz\/index.php\/2026\/04\/20\/justice-constitutionnelle-une-session-de-formation-a-luniversite-dannaba\/","name":"Justice constitutionnelle : Une session de formation \u00e0 l\u2019universit\u00e9 d\u2019Annaba - La Sentinelle","description":"La troisi\u00e8me session nationale de formation \u00e0 la justice constitutionnelle s'est ouverte dimanche \u00e0 l'Universit\u00e9 Badji Mokhtar d'Annaba, sous le patronage de la Cour constitutionnelle. Pendant trois jours, jusqu'au 21 avril 2026, universitaires, magistrats et institutions d\u00e9battent des fondements de l'\u00c9tat de droit dans un pays engag\u00e9 dans de profondes r\u00e9formes institutionnelles. Annaba confirme sa","inLanguage":"fr-FR","isPartOf":{"@id":"https:\/\/lasentinelle.dz\/#website"},"breadcrumb":{"@id":"https:\/\/lasentinelle.dz\/index.php\/2026\/04\/20\/justice-constitutionnelle-une-session-de-formation-a-luniversite-dannaba\/#breadcrumblist"},"author":{"@id":"https:\/\/lasentinelle.dz\/author\/admin\/#author"},"creator":{"@id":"https:\/\/lasentinelle.dz\/author\/admin\/#author"},"image":{"@type":"ImageObject","url":"https:\/\/lasentinelle.dz\/wp-content\/uploads\/2025\/06\/UMBA.jpeg","@id":"https:\/\/lasentinelle.dz\/index.php\/2026\/04\/20\/justice-constitutionnelle-une-session-de-formation-a-luniversite-dannaba\/#mainImage","width":1280,"height":720},"primaryImageOfPage":{"@id":"https:\/\/lasentinelle.dz\/index.php\/2026\/04\/20\/justice-constitutionnelle-une-session-de-formation-a-luniversite-dannaba\/#mainImage"},"datePublished":"2026-04-20T20:09:41+01:00","dateModified":"2026-04-20T20:09:43+01:00"},{"@type":"WebSite","@id":"https:\/\/lasentinelle.dz\/#website","url":"https:\/\/lasentinelle.dz\/","name":"La Sentinelle","description":"Quotidien national d'information","inLanguage":"fr-FR","publisher":{"@id":"https:\/\/lasentinelle.dz\/#organization"}}]},"og:locale":"fr_FR","og:site_name":"La Sentinelle - Quotidien national d'information","og:type":"article","og:title":"Justice constitutionnelle : Une session de formation \u00e0 l\u2019universit\u00e9 d\u2019Annaba - La Sentinelle","og:description":"La troisi\u00e8me session nationale de formation \u00e0 la justice constitutionnelle s'est ouverte dimanche \u00e0 l'Universit\u00e9 Badji Mokhtar d'Annaba, sous le patronage de la Cour constitutionnelle. Pendant trois jours, jusqu'au 21 avril 2026, universitaires, magistrats et institutions d\u00e9battent des fondements de l'\u00c9tat de droit dans un pays engag\u00e9 dans de profondes r\u00e9formes institutionnelles. Annaba confirme sa","og:url":"https:\/\/lasentinelle.dz\/index.php\/2026\/04\/20\/justice-constitutionnelle-une-session-de-formation-a-luniversite-dannaba\/","og:image":"https:\/\/lasentinelle.dz\/wp-content\/uploads\/2021\/09\/cropped-la-sentinelle-earth-golden-anima-5.gif","og:image:secure_url":"https:\/\/lasentinelle.dz\/wp-content\/uploads\/2021\/09\/cropped-la-sentinelle-earth-golden-anima-5.gif","og:image:width":450,"og:image:height":213,"article:published_time":"2026-04-20T19:09:41+00:00","article:modified_time":"2026-04-20T19:09:43+00:00","article:publisher":"https:\/\/www.facebook.com\/azzedine.lasentinelle.1","twitter:card":"summary_large_image","twitter:title":"Justice constitutionnelle : Une session de formation \u00e0 l\u2019universit\u00e9 d\u2019Annaba - La Sentinelle","twitter:description":"La troisi\u00e8me session nationale de formation \u00e0 la justice constitutionnelle s'est ouverte dimanche \u00e0 l'Universit\u00e9 Badji Mokhtar d'Annaba, sous le patronage de la Cour constitutionnelle. Pendant trois jours, jusqu'au 21 avril 2026, universitaires, magistrats et institutions d\u00e9battent des fondements de l'\u00c9tat de droit dans un pays engag\u00e9 dans de profondes r\u00e9formes institutionnelles. Annaba confirme sa","twitter:image":"https:\/\/lasentinelle.dz\/wp-content\/uploads\/2021\/09\/cropped-la-sentinelle-earth-golden-anima-5.gif"},"aioseo_meta_data":{"post_id":"86071","title":null,"description":null,"keywords":null,"keyphrases":{"focus":{"keyphrase":"","score":0,"analysis":{"keyphraseInTitle":{"score":0,"maxScore":9,"error":1}}},"additional":[]},"primary_term":null,"canonical_url":null,"og_title":null,"og_description":null,"og_object_type":"default","og_image_type":"default","og_image_url":null,"og_image_width":null,"og_image_height":null,"og_image_custom_url":null,"og_image_custom_fields":null,"og_video":"","og_custom_url":null,"og_article_section":null,"og_article_tags":null,"twitter_use_og":false,"twitter_card":"default","twitter_image_type":"default","twitter_image_url":null,"twitter_image_custom_url":null,"twitter_image_custom_fields":null,"twitter_title":null,"twitter_description":null,"schema":{"blockGraphs":[],"customGraphs":[],"default":{"data":{"Article":[],"Course":[],"Dataset":[],"FAQPage":[],"Movie":[],"Person":[],"Product":[],"ProductReview":[],"Car":[],"Recipe":[],"Service":[],"SoftwareApplication":[],"WebPage":[]},"graphName":"BlogPosting","isEnabled":true},"graphs":[]},"schema_type":"default","schema_type_options":null,"pillar_content":false,"robots_default":true,"robots_noindex":false,"robots_noarchive":false,"robots_nosnippet":false,"robots_nofollow":false,"robots_noimageindex":false,"robots_noodp":false,"robots_notranslate":false,"robots_max_snippet":"-1","robots_max_videopreview":"-1","robots_max_imagepreview":"large","priority":null,"frequency":"default","local_seo":null,"breadcrumb_settings":null,"limit_modified_date":false,"ai":{"faqs":[],"keyPoints":[],"schemas":[],"titles":[],"descriptions":[],"socialPosts":{"email":[],"linkedin":[],"twitter":[],"facebook":[],"instagram":[]}},"created":"2026-04-20 19:09:43","updated":"2026-05-15 15:25:54","focus_keyword":null,"additional_keywords":null,"truseo_locale":null,"seo_analyzer_scan_date":null},"aioseo_breadcrumb":"<div class=\"aioseo-breadcrumbs\"><span class=\"aioseo-breadcrumb\">\n\t\t\t<a href=\"https:\/\/lasentinelle.dz\" title=\"Home\">Home<\/a>\n\t\t<\/span><span class=\"aioseo-breadcrumb-separator\">&raquo;<\/span><span class=\"aioseo-breadcrumb\">\n\t\t\t<a href=\"https:\/\/lasentinelle.dz\/index.php\/category\/regions\/\" title=\"R\u00e9gions\">R\u00e9gions<\/a>\n\t\t<\/span><span class=\"aioseo-breadcrumb-separator\">&raquo;<\/span><span class=\"aioseo-breadcrumb\">\n\t\t\tJustice constitutionnelle : Une session de formation \u00e0 l\u2019universit\u00e9 d\u2019Annaba\n\t\t<\/span><\/div>","aioseo_breadcrumb_json":[{"label":"Home","link":"https:\/\/lasentinelle.dz"},{"label":"R\u00e9gions","link":"https:\/\/lasentinelle.dz\/index.php\/category\/regions\/"},{"label":"Justice constitutionnelle\u00a0: Une session de formation \u00e0 l\u2019universit\u00e9 d\u2019Annaba","link":"https:\/\/lasentinelle.dz\/index.php\/2026\/04\/20\/justice-constitutionnelle-une-session-de-formation-a-luniversite-dannaba\/"}],"yoast_head":"<!-- This site is optimized with the Yoast SEO plugin v28.4 - https:\/\/yoast.com\/product\/yoast-seo-wordpress\/ -->\n<title>Justice constitutionnelle\u00a0: Une session de formation \u00e0 l\u2019universit\u00e9 d\u2019Annaba - La Sentinelle<\/title>\n<meta name=\"robots\" content=\"index, follow, max-snippet:-1, max-image-preview:large, max-video-preview:-1\" \/>\n<link rel=\"canonical\" href=\"https:\/\/lasentinelle.dz\/index.php\/2026\/04\/20\/justice-constitutionnelle-une-session-de-formation-a-luniversite-dannaba\/\" \/>\n<meta property=\"og:locale\" content=\"fr_FR\" \/>\n<meta property=\"og:type\" content=\"article\" \/>\n<meta property=\"og:title\" content=\"Justice constitutionnelle\u00a0: Une session de formation \u00e0 l\u2019universit\u00e9 d\u2019Annaba - La Sentinelle\" \/>\n<meta property=\"og:description\" content=\"La troisi\u00e8me session nationale de formation \u00e0 la justice constitutionnelle s&rsquo;est ouverte dimanche \u00e0 l&rsquo;Universit\u00e9 Badji Mokhtar d&rsquo;Annaba, sous le\" \/>\n<meta property=\"og:url\" content=\"https:\/\/lasentinelle.dz\/index.php\/2026\/04\/20\/justice-constitutionnelle-une-session-de-formation-a-luniversite-dannaba\/\" \/>\n<meta property=\"og:site_name\" content=\"La Sentinelle\" \/>\n<meta property=\"article:publisher\" content=\"https:\/\/www.facebook.com\/La-Sentinelle-104059864394773\" \/>\n<meta property=\"article:published_time\" content=\"2026-04-20T19:09:41+00:00\" \/>\n<meta property=\"article:modified_time\" content=\"2026-04-20T19:09:43+00:00\" \/>\n<meta property=\"og:image\" content=\"https:\/\/lasentinelle.dz\/wp-content\/uploads\/2025\/06\/UMBA.jpeg\" \/>\n\t<meta property=\"og:image:width\" content=\"1280\" \/>\n\t<meta property=\"og:image:height\" content=\"720\" \/>\n\t<meta property=\"og:image:type\" content=\"image\/jpeg\" \/>\n<meta name=\"author\" content=\"admin\" \/>\n<meta name=\"twitter:card\" content=\"summary_large_image\" \/>\n<meta name=\"twitter:label1\" content=\"\u00c9crit par\" \/>\n\t<meta name=\"twitter:data1\" content=\"admin\" \/>\n\t<meta name=\"twitter:label2\" content=\"Dur\u00e9e de lecture estim\u00e9e\" \/>\n\t<meta name=\"twitter:data2\" content=\"2 minutes\" \/>\n<script type=\"application\/ld+json\" class=\"yoast-schema-graph\">{\"@context\":\"https:\\\/\\\/schema.org\",\"@graph\":[{\"@type\":\"Article\",\"@id\":\"https:\\\/\\\/lasentinelle.dz\\\/index.php\\\/2026\\\/04\\\/20\\\/justice-constitutionnelle-une-session-de-formation-a-luniversite-dannaba\\\/#article\",\"isPartOf\":{\"@id\":\"https:\\\/\\\/lasentinelle.dz\\\/index.php\\\/2026\\\/04\\\/20\\\/justice-constitutionnelle-une-session-de-formation-a-luniversite-dannaba\\\/\"},\"author\":{\"name\":\"admin\",\"@id\":\"https:\\\/\\\/lasentinelle.dz\\\/#\\\/schema\\\/person\\\/729ee0024f24e0b8c5ec17232f8e8b41\"},\"headline\":\"Justice constitutionnelle\u00a0: Une session de formation \u00e0 l\u2019universit\u00e9 d\u2019Annaba\",\"datePublished\":\"2026-04-20T19:09:41+00:00\",\"dateModified\":\"2026-04-20T19:09:43+00:00\",\"mainEntityOfPage\":{\"@id\":\"https:\\\/\\\/lasentinelle.dz\\\/index.php\\\/2026\\\/04\\\/20\\\/justice-constitutionnelle-une-session-de-formation-a-luniversite-dannaba\\\/\"},\"wordCount\":357,\"commentCount\":0,\"publisher\":{\"@id\":\"https:\\\/\\\/lasentinelle.dz\\\/#organization\"},\"image\":{\"@id\":\"https:\\\/\\\/lasentinelle.dz\\\/index.php\\\/2026\\\/04\\\/20\\\/justice-constitutionnelle-une-session-de-formation-a-luniversite-dannaba\\\/#primaryimage\"},\"thumbnailUrl\":\"https:\\\/\\\/lasentinelle.dz\\\/wp-content\\\/uploads\\\/2025\\\/06\\\/UMBA.jpeg\",\"articleSection\":[\"R\u00e9gions\"],\"inLanguage\":\"fr-FR\",\"potentialAction\":[{\"@type\":\"CommentAction\",\"name\":\"Comment\",\"target\":[\"https:\\\/\\\/lasentinelle.dz\\\/index.php\\\/2026\\\/04\\\/20\\\/justice-constitutionnelle-une-session-de-formation-a-luniversite-dannaba\\\/#respond\"]}]},{\"@type\":\"WebPage\",\"@id\":\"https:\\\/\\\/lasentinelle.dz\\\/index.php\\\/2026\\\/04\\\/20\\\/justice-constitutionnelle-une-session-de-formation-a-luniversite-dannaba\\\/\",\"url\":\"https:\\\/\\\/lasentinelle.dz\\\/index.php\\\/2026\\\/04\\\/20\\\/justice-constitutionnelle-une-session-de-formation-a-luniversite-dannaba\\\/\",\"name\":\"Justice constitutionnelle\u00a0: Une session de formation \u00e0 l\u2019universit\u00e9 d\u2019Annaba - La Sentinelle\",\"isPartOf\":{\"@id\":\"https:\\\/\\\/lasentinelle.dz\\\/#website\"},\"primaryImageOfPage\":{\"@id\":\"https:\\\/\\\/lasentinelle.dz\\\/index.php\\\/2026\\\/04\\\/20\\\/justice-constitutionnelle-une-session-de-formation-a-luniversite-dannaba\\\/#primaryimage\"},\"image\":{\"@id\":\"https:\\\/\\\/lasentinelle.dz\\\/index.php\\\/2026\\\/04\\\/20\\\/justice-constitutionnelle-une-session-de-formation-a-luniversite-dannaba\\\/#primaryimage\"},\"thumbnailUrl\":\"https:\\\/\\\/lasentinelle.dz\\\/wp-content\\\/uploads\\\/2025\\\/06\\\/UMBA.jpeg\",\"datePublished\":\"2026-04-20T19:09:41+00:00\",\"dateModified\":\"2026-04-20T19:09:43+00:00\",\"breadcrumb\":{\"@id\":\"https:\\\/\\\/lasentinelle.dz\\\/index.php\\\/2026\\\/04\\\/20\\\/justice-constitutionnelle-une-session-de-formation-a-luniversite-dannaba\\\/#breadcrumb\"},\"inLanguage\":\"fr-FR\",\"potentialAction\":[{\"@type\":\"ReadAction\",\"target\":[\"https:\\\/\\\/lasentinelle.dz\\\/index.php\\\/2026\\\/04\\\/20\\\/justice-constitutionnelle-une-session-de-formation-a-luniversite-dannaba\\\/\"]}]},{\"@type\":\"ImageObject\",\"inLanguage\":\"fr-FR\",\"@id\":\"https:\\\/\\\/lasentinelle.dz\\\/index.php\\\/2026\\\/04\\\/20\\\/justice-constitutionnelle-une-session-de-formation-a-luniversite-dannaba\\\/#primaryimage\",\"url\":\"https:\\\/\\\/lasentinelle.dz\\\/wp-content\\\/uploads\\\/2025\\\/06\\\/UMBA.jpeg\",\"contentUrl\":\"https:\\\/\\\/lasentinelle.dz\\\/wp-content\\\/uploads\\\/2025\\\/06\\\/UMBA.jpeg\",\"width\":1280,\"height\":720},{\"@type\":\"BreadcrumbList\",\"@id\":\"https:\\\/\\\/lasentinelle.dz\\\/index.php\\\/2026\\\/04\\\/20\\\/justice-constitutionnelle-une-session-de-formation-a-luniversite-dannaba\\\/#breadcrumb\",\"itemListElement\":[{\"@type\":\"ListItem\",\"position\":1,\"name\":\"Accueil\",\"item\":\"https:\\\/\\\/lasentinelle.dz\\\/\"},{\"@type\":\"ListItem\",\"position\":2,\"name\":\"Justice constitutionnelle\u00a0: Une session de formation \u00e0 l\u2019universit\u00e9 d\u2019Annaba\"}]},{\"@type\":\"WebSite\",\"@id\":\"https:\\\/\\\/lasentinelle.dz\\\/#website\",\"url\":\"https:\\\/\\\/lasentinelle.dz\\\/\",\"name\":\"La Sentinelle\",\"description\":\"Quotidien national d&#039;information\",\"publisher\":{\"@id\":\"https:\\\/\\\/lasentinelle.dz\\\/#organization\"},\"potentialAction\":[{\"@type\":\"SearchAction\",\"target\":{\"@type\":\"EntryPoint\",\"urlTemplate\":\"https:\\\/\\\/lasentinelle.dz\\\/?s={search_term_string}\"},\"query-input\":{\"@type\":\"PropertyValueSpecification\",\"valueRequired\":true,\"valueName\":\"search_term_string\"}}],\"inLanguage\":\"fr-FR\"},{\"@type\":\"Organization\",\"@id\":\"https:\\\/\\\/lasentinelle.dz\\\/#organization\",\"name\":\"Quotidien La Sentinelle\",\"url\":\"https:\\\/\\\/lasentinelle.dz\\\/\",\"logo\":{\"@type\":\"ImageObject\",\"inLanguage\":\"fr-FR\",\"@id\":\"https:\\\/\\\/lasentinelle.dz\\\/#\\\/schema\\\/logo\\\/image\\\/\",\"url\":\"https:\\\/\\\/lasentinelle.dz\\\/wp-content\\\/uploads\\\/2021\\\/09\\\/logo-sentinelleSLOGAN-1.png\",\"contentUrl\":\"https:\\\/\\\/lasentinelle.dz\\\/wp-content\\\/uploads\\\/2021\\\/09\\\/logo-sentinelleSLOGAN-1.png\",\"width\":615,\"height\":142,\"caption\":\"Quotidien La Sentinelle\"},\"image\":{\"@id\":\"https:\\\/\\\/lasentinelle.dz\\\/#\\\/schema\\\/logo\\\/image\\\/\"},\"sameAs\":[\"https:\\\/\\\/www.facebook.com\\\/La-Sentinelle-104059864394773\"]},{\"@type\":\"Person\",\"@id\":\"https:\\\/\\\/lasentinelle.dz\\\/#\\\/schema\\\/person\\\/729ee0024f24e0b8c5ec17232f8e8b41\",\"name\":\"admin\",\"image\":{\"@type\":\"ImageObject\",\"inLanguage\":\"fr-FR\",\"@id\":\"https:\\\/\\\/secure.gravatar.com\\\/avatar\\\/4c81fed838786e9b53f540bf46533e750f5d292099ae3b66cfc6fb1982e29df7?s=96&d=mm&r=g\",\"url\":\"https:\\\/\\\/secure.gravatar.com\\\/avatar\\\/4c81fed838786e9b53f540bf46533e750f5d292099ae3b66cfc6fb1982e29df7?s=96&d=mm&r=g\",\"contentUrl\":\"https:\\\/\\\/secure.gravatar.com\\\/avatar\\\/4c81fed838786e9b53f540bf46533e750f5d292099ae3b66cfc6fb1982e29df7?s=96&d=mm&r=g\",\"caption\":\"admin\"},\"description\":\"admin\",\"url\":\"https:\\\/\\\/lasentinelle.dz\\\/author\\\/admin\\\/\"}]}<\/script>\n<!-- \/ Yoast SEO plugin. -->","yoast_head_json":{"title":"Justice constitutionnelle\u00a0: Une session de formation \u00e0 l\u2019universit\u00e9 d\u2019Annaba - La Sentinelle","robots":{"index":"index","follow":"follow","max-snippet":"max-snippet:-1","max-image-preview":"max-image-preview:large","max-video-preview":"max-video-preview:-1"},"canonical":"https:\/\/lasentinelle.dz\/index.php\/2026\/04\/20\/justice-constitutionnelle-une-session-de-formation-a-luniversite-dannaba\/","og_locale":"fr_FR","og_type":"article","og_title":"Justice constitutionnelle\u00a0: Une session de formation \u00e0 l\u2019universit\u00e9 d\u2019Annaba - La Sentinelle","og_description":"La troisi\u00e8me session nationale de formation \u00e0 la justice constitutionnelle s&rsquo;est ouverte dimanche \u00e0 l&rsquo;Universit\u00e9 Badji Mokhtar d&rsquo;Annaba, sous le","og_url":"https:\/\/lasentinelle.dz\/index.php\/2026\/04\/20\/justice-constitutionnelle-une-session-de-formation-a-luniversite-dannaba\/","og_site_name":"La Sentinelle","article_publisher":"https:\/\/www.facebook.com\/La-Sentinelle-104059864394773","article_published_time":"2026-04-20T19:09:41+00:00","article_modified_time":"2026-04-20T19:09:43+00:00","og_image":[{"width":1280,"height":720,"url":"https:\/\/lasentinelle.dz\/wp-content\/uploads\/2025\/06\/UMBA.jpeg","type":"image\/jpeg"}],"author":"admin","twitter_card":"summary_large_image","twitter_misc":{"\u00c9crit par":"admin","Dur\u00e9e de lecture estim\u00e9e":"2 minutes"},"schema":{"@context":"https:\/\/schema.org","@graph":[{"@type":"Article","@id":"https:\/\/lasentinelle.dz\/index.php\/2026\/04\/20\/justice-constitutionnelle-une-session-de-formation-a-luniversite-dannaba\/#article","isPartOf":{"@id":"https:\/\/lasentinelle.dz\/index.php\/2026\/04\/20\/justice-constitutionnelle-une-session-de-formation-a-luniversite-dannaba\/"},"author":{"name":"admin","@id":"https:\/\/lasentinelle.dz\/#\/schema\/person\/729ee0024f24e0b8c5ec17232f8e8b41"},"headline":"Justice constitutionnelle\u00a0: Une session de formation \u00e0 l\u2019universit\u00e9 d\u2019Annaba","datePublished":"2026-04-20T19:09:41+00:00","dateModified":"2026-04-20T19:09:43+00:00","mainEntityOfPage":{"@id":"https:\/\/lasentinelle.dz\/index.php\/2026\/04\/20\/justice-constitutionnelle-une-session-de-formation-a-luniversite-dannaba\/"},"wordCount":357,"commentCount":0,"publisher":{"@id":"https:\/\/lasentinelle.dz\/#organization"},"image":{"@id":"https:\/\/lasentinelle.dz\/index.php\/2026\/04\/20\/justice-constitutionnelle-une-session-de-formation-a-luniversite-dannaba\/#primaryimage"},"thumbnailUrl":"https:\/\/lasentinelle.dz\/wp-content\/uploads\/2025\/06\/UMBA.jpeg","articleSection":["R\u00e9gions"],"inLanguage":"fr-FR","potentialAction":[{"@type":"CommentAction","name":"Comment","target":["https:\/\/lasentinelle.dz\/index.php\/2026\/04\/20\/justice-constitutionnelle-une-session-de-formation-a-luniversite-dannaba\/#respond"]}]},{"@type":"WebPage","@id":"https:\/\/lasentinelle.dz\/index.php\/2026\/04\/20\/justice-constitutionnelle-une-session-de-formation-a-luniversite-dannaba\/","url":"https:\/\/lasentinelle.dz\/index.php\/2026\/04\/20\/justice-constitutionnelle-une-session-de-formation-a-luniversite-dannaba\/","name":"Justice constitutionnelle\u00a0: Une session de formation \u00e0 l\u2019universit\u00e9 d\u2019Annaba - La Sentinelle","isPartOf":{"@id":"https:\/\/lasentinelle.dz\/#website"},"primaryImageOfPage":{"@id":"https:\/\/lasentinelle.dz\/index.php\/2026\/04\/20\/justice-constitutionnelle-une-session-de-formation-a-luniversite-dannaba\/#primaryimage"},"image":{"@id":"https:\/\/lasentinelle.dz\/index.php\/2026\/04\/20\/justice-constitutionnelle-une-session-de-formation-a-luniversite-dannaba\/#primaryimage"},"thumbnailUrl":"https:\/\/lasentinelle.dz\/wp-content\/uploads\/2025\/06\/UMBA.jpeg","datePublished":"2026-04-20T19:09:41+00:00","dateModified":"2026-04-20T19:09:43+00:00","breadcrumb":{"@id":"https:\/\/lasentinelle.dz\/index.php\/2026\/04\/20\/justice-constitutionnelle-une-session-de-formation-a-luniversite-dannaba\/#breadcrumb"},"inLanguage":"fr-FR","potentialAction":[{"@type":"ReadAction","target":["https:\/\/lasentinelle.dz\/index.php\/2026\/04\/20\/justice-constitutionnelle-une-session-de-formation-a-luniversite-dannaba\/"]}]},{"@type":"ImageObject","inLanguage":"fr-FR","@id":"https:\/\/lasentinelle.dz\/index.php\/2026\/04\/20\/justice-constitutionnelle-une-session-de-formation-a-luniversite-dannaba\/#primaryimage","url":"https:\/\/lasentinelle.dz\/wp-content\/uploads\/2025\/06\/UMBA.jpeg","contentUrl":"https:\/\/lasentinelle.dz\/wp-content\/uploads\/2025\/06\/UMBA.jpeg","width":1280,"height":720},{"@type":"BreadcrumbList","@id":"https:\/\/lasentinelle.dz\/index.php\/2026\/04\/20\/justice-constitutionnelle-une-session-de-formation-a-luniversite-dannaba\/#breadcrumb","itemListElement":[{"@type":"ListItem","position":1,"name":"Accueil","item":"https:\/\/lasentinelle.dz\/"},{"@type":"ListItem","position":2,"name":"Justice constitutionnelle\u00a0: Une session de formation \u00e0 l\u2019universit\u00e9 d\u2019Annaba"}]},{"@type":"WebSite","@id":"https:\/\/lasentinelle.dz\/#website","url":"https:\/\/lasentinelle.dz\/","name":"La Sentinelle","description":"Quotidien national d&#039;information","publisher":{"@id":"https:\/\/lasentinelle.dz\/#organization"},"potentialAction":[{"@type":"SearchAction","target":{"@type":"EntryPoint","urlTemplate":"https:\/\/lasentinelle.dz\/?s={search_term_string}"},"query-input":{"@type":"PropertyValueSpecification","valueRequired":true,"valueName":"search_term_string"}}],"inLanguage":"fr-FR"},{"@type":"Organization","@id":"https:\/\/lasentinelle.dz\/#organization","name":"Quotidien La Sentinelle","url":"https:\/\/lasentinelle.dz\/","logo":{"@type":"ImageObject","inLanguage":"fr-FR","@id":"https:\/\/lasentinelle.dz\/#\/schema\/logo\/image\/","url":"https:\/\/lasentinelle.dz\/wp-content\/uploads\/2021\/09\/logo-sentinelleSLOGAN-1.png","contentUrl":"https:\/\/lasentinelle.dz\/wp-content\/uploads\/2021\/09\/logo-sentinelleSLOGAN-1.png","width":615,"height":142,"caption":"Quotidien La Sentinelle"},"image":{"@id":"https:\/\/lasentinelle.dz\/#\/schema\/logo\/image\/"},"sameAs":["https:\/\/www.facebook.com\/La-Sentinelle-104059864394773"]},{"@type":"Person","@id":"https:\/\/lasentinelle.dz\/#\/schema\/person\/729ee0024f24e0b8c5ec17232f8e8b41","name":"admin","image":{"@type":"ImageObject","inLanguage":"fr-FR","@id":"https:\/\/secure.gravatar.com\/avatar\/4c81fed838786e9b53f540bf46533e750f5d292099ae3b66cfc6fb1982e29df7?s=96&d=mm&r=g","url":"https:\/\/secure.gravatar.com\/avatar\/4c81fed838786e9b53f540bf46533e750f5d292099ae3b66cfc6fb1982e29df7?s=96&d=mm&r=g","contentUrl":"https:\/\/secure.gravatar.com\/avatar\/4c81fed838786e9b53f540bf46533e750f5d292099ae3b66cfc6fb1982e29df7?s=96&d=mm&r=g","caption":"admin"},"description":"admin","url":"https:\/\/lasentinelle.dz\/author\/admin\/"}]}},"_links":{"self":[{"href":"https:\/\/lasentinelle.dz\/index.php\/wp-json\/wp\/v2\/posts\/86071","targetHints":{"allow":["GET"]}}],"collection":[{"href":"https:\/\/lasentinelle.dz\/index.php\/wp-json\/wp\/v2\/posts"}],"about":[{"href":"https:\/\/lasentinelle.dz\/index.php\/wp-json\/wp\/v2\/types\/post"}],"author":[{"embeddable":true,"href":"https:\/\/lasentinelle.dz\/index.php\/wp-json\/wp\/v2\/users\/6"}],"replies":[{"embeddable":true,"href":"https:\/\/lasentinelle.dz\/index.php\/wp-json\/wp\/v2\/comments?post=86071"}],"version-history":[{"count":1,"href":"https:\/\/lasentinelle.dz\/index.php\/wp-json\/wp\/v2\/posts\/86071\/revisions"}],"predecessor-version":[{"id":86072,"href":"https:\/\/lasentinelle.dz\/index.php\/wp-json\/wp\/v2\/posts\/86071\/revisions\/86072"}],"wp:featuredmedia":[{"embeddable":true,"href":"https:\/\/lasentinelle.dz\/index.php\/wp-json\/wp\/v2\/media\/68839"}],"wp:attachment":[{"href":"https:\/\/lasentinelle.dz\/index.php\/wp-json\/wp\/v2\/media?parent=86071"}],"wp:term":[{"taxonomy":"category","embeddable":true,"href":"https:\/\/lasentinelle.dz\/index.php\/wp-json\/wp\/v2\/categories?post=86071"},{"taxonomy":"post_tag","embeddable":true,"href":"https:\/\/lasentinelle.dz\/index.php\/wp-json\/wp\/v2\/tags?post=86071"}],"curies":[{"name":"wp","href":"https:\/\/api.w.org\/{rel}","templated":true}]}}