{"id":8621,"date":"2021-09-21T00:01:00","date_gmt":"2021-09-20T23:01:00","guid":{"rendered":"https:\/\/lasentinelle.dz\/?p=8621"},"modified":"2021-09-20T19:54:58","modified_gmt":"2021-09-20T18:54:58","slug":"suppression-du-minaret-de-la-grande-mosquee-dalger-de-la-une-del-watan-le-ministere-de-la-communication-avertit-le-quotidien-sexcuse","status":"publish","type":"post","link":"https:\/\/lasentinelle.dz\/index.php\/2021\/09\/21\/suppression-du-minaret-de-la-grande-mosquee-dalger-de-la-une-del-watan-le-ministere-de-la-communication-avertit-le-quotidien-sexcuse\/","title":{"rendered":"Suppression du minaret de la Grande Mosqu\u00e9e d\u2019Alger de la Une d\u2019El-Watan: Le minist\u00e8re de la Communication avertit, le quotidien s\u2019excuse"},"content":{"rendered":"\n<p>Le minist\u00e8re de la Communication a r\u00e9agi \u00e0 la publication \u00e0 la Une de l\u2019\u00e9dition d\u2019hier d\u2019une photo des obs\u00e8ques de l\u2019ex-pr\u00e9sident Bouteflika et sur laquelle le minaret de la Grande Mosqu\u00e9e d\u2019Alger a \u00e9t\u00e9 effac\u00e9. Dans un communiqu\u00e9 rendu public \u00ab&nbsp;d\u00e9rive grave&nbsp;\u00bb, en l\u2019abstraction de &nbsp;\u00ab l\u2019un des symboles de l\u2019Alg\u00e9rie ind\u00e9pendante et un patrimoine marquant de la nouvelle Alg\u00e9rie \u00bb. Il a \u00e9galement rappel\u00e9 les dispositions de &nbsp;l\u2019Ordonnance n 03-05 du 9 juillet 2093 sur les droits d\u2019auteurs et les droits connexes, ainsi que celle du d\u00e9cret ex\u00e9cutif n21-75 du 17 f\u00e9vrier 2021 portant cr\u00e9ation du p\u00e9rim\u00e8tre prot\u00e9g\u00e9 de Djamaa El Djazair, en vertu duquel, il est strictement interdit \u00ab de proc\u00e9der \u00e0 l\u2019int\u00e9rieur du p\u00e9rim\u00e8tre de protection, \u00e0 toute r\u00e9alisation ou construction ou installation permanentes, pouvant l\u2019occulter partiellement ou totalement, ou d\u00e9naturer et\/ou diminuer de son \u00e9clat \u00bb. Le communiqu\u00e9 pr\u00e9cis\u00e9 que la photo publi\u00e9e constitue une violation flagrante des dispositions des textes r\u00e8glementaires.&nbsp; Il a d\u00e9nonc\u00e9 \u00ab&nbsp;un \u00e9cart \u00e0 la d\u00e9ontologie professionnelle, visant \u00e0 d\u00e9naturer un symbole de l\u2019Etat&nbsp;\u00bb. Il a appel\u00e9 \u00ab&nbsp;les journalistes d\u2019El-Watan et l\u2019ensemble de leurs confr\u00e8res et cons\u0153urs \u00e0 \u00e9viter les manquements au professionnalisme et s\u2019est r\u00e9serv\u00e9 le droit d\u2019ester le quotidien en justice&nbsp;\u00bb. Rappelons que la Une d\u2019El Watan avait suscit\u00e9 de nombreuses r\u00e9actions d\u2019internautes sur les r\u00e9seaux sociaux. La Direction du quotidien avait d\u2019ailleurs publi\u00e9 en ligne un erratum, en demandant des excuses \u00e0 ses lecteurs et en expliquant que la suppression du minaret de la photo de Une rel\u00e8ve d\u2019un \u00ab malheureux traitement technique au niveau du service PAO du journal \u00bb. Et d\u2019ajouter que \u00ab l\u2019incident, purement technique, n\u2019a rien \u00e0 voir avec un quelconque calcul id\u00e9ologique \u00bb.<\/p>\n\n\n\n<p>R.&nbsp;N.<\/p>\n","protected":false},"excerpt":{"rendered":"<p>Le minist\u00e8re de la Communication a r\u00e9agi \u00e0 la publication \u00e0 la Une de l\u2019\u00e9dition d\u2019hier d\u2019une photo des obs\u00e8ques<\/p>\n","protected":false},"author":3,"featured_media":8626,"comment_status":"open","ping_status":"closed","sticky":false,"template":"","format":"standard","meta":{"colormag_page_container_layout":"default_layout","colormag_page_sidebar_layout":"default_layout","om_disable_all_campaigns":false,"_monsterinsights_skip_tracking":false,"_monsterinsights_sitenote_active":false,"_monsterinsights_sitenote_note":"","_monsterinsights_sitenote_category":0,"footnotes":"","_wpscppro_dont_share_socialmedia":false,"_wpscppro_custom_social_share_image":0,"_facebook_share_type":"","_twitter_share_type":"","_linkedin_share_type":"","_pinterest_share_type":"","_linkedin_share_type_page":"","_instagram_share_type":"","_medium_share_type":"","_threads_share_type":"","_google_business_share_type":"","_selected_social_profile":[],"_wpsp_enable_custom_social_template":false,"_wpsp_social_scheduling":{"enabled":false,"datetime":null,"platforms":[],"status":"template_only","dateOption":"today","timeOption":"now","customDays":"","customHours":"","customDate":"","customTime":"","schedulingType":"absolute"},"_wpsp_active_default_template":true},"categories":[27],"tags":[],"class_list":["post-8621","post","type-post","status-publish","format-standard","has-post-thumbnail","hentry","category-actualite"],"aioseo_notices":[],"yoast_head":"<!-- This site is optimized with the Yoast SEO plugin v27.5 - https:\/\/yoast.com\/product\/yoast-seo-wordpress\/ -->\n<title>Suppression du minaret de la Grande Mosqu\u00e9e d\u2019Alger de la Une d\u2019El-Watan: Le minist\u00e8re de la Communication avertit, le quotidien s\u2019excuse - La Sentinelle<\/title>\n<meta name=\"robots\" content=\"index, follow, max-snippet:-1, max-image-preview:large, max-video-preview:-1\" \/>\n<link rel=\"canonical\" href=\"https:\/\/lasentinelle.dz\/index.php\/2021\/09\/21\/suppression-du-minaret-de-la-grande-mosquee-dalger-de-la-une-del-watan-le-ministere-de-la-communication-avertit-le-quotidien-sexcuse\/\" \/>\n<meta property=\"og:locale\" content=\"fr_FR\" \/>\n<meta property=\"og:type\" content=\"article\" \/>\n<meta property=\"og:title\" content=\"Suppression du minaret de la Grande Mosqu\u00e9e d\u2019Alger de la Une d\u2019El-Watan: Le minist\u00e8re de la Communication avertit, le quotidien s\u2019excuse - La Sentinelle\" \/>\n<meta property=\"og:description\" content=\"Le minist\u00e8re de la Communication a r\u00e9agi \u00e0 la publication \u00e0 la Une de l\u2019\u00e9dition d\u2019hier d\u2019une photo des obs\u00e8ques\" \/>\n<meta property=\"og:url\" content=\"https:\/\/lasentinelle.dz\/index.php\/2021\/09\/21\/suppression-du-minaret-de-la-grande-mosquee-dalger-de-la-une-del-watan-le-ministere-de-la-communication-avertit-le-quotidien-sexcuse\/\" \/>\n<meta property=\"og:site_name\" content=\"La Sentinelle\" \/>\n<meta property=\"article:publisher\" content=\"https:\/\/www.facebook.com\/La-Sentinelle-104059864394773\" \/>\n<meta property=\"article:published_time\" content=\"2021-09-20T23:01:00+00:00\" \/>\n<meta property=\"og:image\" content=\"https:\/\/lasentinelle.dz\/wp-content\/uploads\/2021\/09\/image_2021-09-20_195444.png\" \/>\n\t<meta property=\"og:image:width\" content=\"620\" \/>\n\t<meta property=\"og:image:height\" content=\"413\" \/>\n\t<meta property=\"og:image:type\" content=\"image\/png\" \/>\n<meta name=\"author\" content=\"La Sentinelle\" \/>\n<meta name=\"twitter:card\" content=\"summary_large_image\" \/>\n<meta name=\"twitter:label1\" content=\"\u00c9crit par\" \/>\n\t<meta name=\"twitter:data1\" content=\"La Sentinelle\" \/>\n\t<meta name=\"twitter:label2\" content=\"Dur\u00e9e de lecture estim\u00e9e\" \/>\n\t<meta name=\"twitter:data2\" content=\"2 minutes\" \/>\n<script type=\"application\/ld+json\" class=\"yoast-schema-graph\">{\"@context\":\"https:\\\/\\\/schema.org\",\"@graph\":[{\"@type\":\"Article\",\"@id\":\"https:\\\/\\\/lasentinelle.dz\\\/index.php\\\/2021\\\/09\\\/21\\\/suppression-du-minaret-de-la-grande-mosquee-dalger-de-la-une-del-watan-le-ministere-de-la-communication-avertit-le-quotidien-sexcuse\\\/#article\",\"isPartOf\":{\"@id\":\"https:\\\/\\\/lasentinelle.dz\\\/index.php\\\/2021\\\/09\\\/21\\\/suppression-du-minaret-de-la-grande-mosquee-dalger-de-la-une-del-watan-le-ministere-de-la-communication-avertit-le-quotidien-sexcuse\\\/\"},\"author\":{\"name\":\"La Sentinelle\",\"@id\":\"https:\\\/\\\/lasentinelle.dz\\\/#\\\/schema\\\/person\\\/d865044e22e70a75174ce8bcad3acfb3\"},\"headline\":\"Suppression du minaret de la Grande Mosqu\u00e9e d\u2019Alger de la Une d\u2019El-Watan: Le minist\u00e8re de la Communication avertit, le quotidien s\u2019excuse\",\"datePublished\":\"2021-09-20T23:01:00+00:00\",\"mainEntityOfPage\":{\"@id\":\"https:\\\/\\\/lasentinelle.dz\\\/index.php\\\/2021\\\/09\\\/21\\\/suppression-du-minaret-de-la-grande-mosquee-dalger-de-la-une-del-watan-le-ministere-de-la-communication-avertit-le-quotidien-sexcuse\\\/\"},\"wordCount\":358,\"commentCount\":0,\"publisher\":{\"@id\":\"https:\\\/\\\/lasentinelle.dz\\\/#organization\"},\"image\":{\"@id\":\"https:\\\/\\\/lasentinelle.dz\\\/index.php\\\/2021\\\/09\\\/21\\\/suppression-du-minaret-de-la-grande-mosquee-dalger-de-la-une-del-watan-le-ministere-de-la-communication-avertit-le-quotidien-sexcuse\\\/#primaryimage\"},\"thumbnailUrl\":\"https:\\\/\\\/lasentinelle.dz\\\/wp-content\\\/uploads\\\/2021\\\/09\\\/image_2021-09-20_195444.png\",\"articleSection\":[\"Actualit\u00e9\"],\"inLanguage\":\"fr-FR\",\"potentialAction\":[{\"@type\":\"CommentAction\",\"name\":\"Comment\",\"target\":[\"https:\\\/\\\/lasentinelle.dz\\\/index.php\\\/2021\\\/09\\\/21\\\/suppression-du-minaret-de-la-grande-mosquee-dalger-de-la-une-del-watan-le-ministere-de-la-communication-avertit-le-quotidien-sexcuse\\\/#respond\"]}]},{\"@type\":\"WebPage\",\"@id\":\"https:\\\/\\\/lasentinelle.dz\\\/index.php\\\/2021\\\/09\\\/21\\\/suppression-du-minaret-de-la-grande-mosquee-dalger-de-la-une-del-watan-le-ministere-de-la-communication-avertit-le-quotidien-sexcuse\\\/\",\"url\":\"https:\\\/\\\/lasentinelle.dz\\\/index.php\\\/2021\\\/09\\\/21\\\/suppression-du-minaret-de-la-grande-mosquee-dalger-de-la-une-del-watan-le-ministere-de-la-communication-avertit-le-quotidien-sexcuse\\\/\",\"name\":\"Suppression du minaret de la Grande Mosqu\u00e9e d\u2019Alger de la Une d\u2019El-Watan: Le minist\u00e8re de la Communication avertit, le quotidien s\u2019excuse - La Sentinelle\",\"isPartOf\":{\"@id\":\"https:\\\/\\\/lasentinelle.dz\\\/#website\"},\"primaryImageOfPage\":{\"@id\":\"https:\\\/\\\/lasentinelle.dz\\\/index.php\\\/2021\\\/09\\\/21\\\/suppression-du-minaret-de-la-grande-mosquee-dalger-de-la-une-del-watan-le-ministere-de-la-communication-avertit-le-quotidien-sexcuse\\\/#primaryimage\"},\"image\":{\"@id\":\"https:\\\/\\\/lasentinelle.dz\\\/index.php\\\/2021\\\/09\\\/21\\\/suppression-du-minaret-de-la-grande-mosquee-dalger-de-la-une-del-watan-le-ministere-de-la-communication-avertit-le-quotidien-sexcuse\\\/#primaryimage\"},\"thumbnailUrl\":\"https:\\\/\\\/lasentinelle.dz\\\/wp-content\\\/uploads\\\/2021\\\/09\\\/image_2021-09-20_195444.png\",\"datePublished\":\"2021-09-20T23:01:00+00:00\",\"breadcrumb\":{\"@id\":\"https:\\\/\\\/lasentinelle.dz\\\/index.php\\\/2021\\\/09\\\/21\\\/suppression-du-minaret-de-la-grande-mosquee-dalger-de-la-une-del-watan-le-ministere-de-la-communication-avertit-le-quotidien-sexcuse\\\/#breadcrumb\"},\"inLanguage\":\"fr-FR\",\"potentialAction\":[{\"@type\":\"ReadAction\",\"target\":[\"https:\\\/\\\/lasentinelle.dz\\\/index.php\\\/2021\\\/09\\\/21\\\/suppression-du-minaret-de-la-grande-mosquee-dalger-de-la-une-del-watan-le-ministere-de-la-communication-avertit-le-quotidien-sexcuse\\\/\"]}]},{\"@type\":\"ImageObject\",\"inLanguage\":\"fr-FR\",\"@id\":\"https:\\\/\\\/lasentinelle.dz\\\/index.php\\\/2021\\\/09\\\/21\\\/suppression-du-minaret-de-la-grande-mosquee-dalger-de-la-une-del-watan-le-ministere-de-la-communication-avertit-le-quotidien-sexcuse\\\/#primaryimage\",\"url\":\"https:\\\/\\\/lasentinelle.dz\\\/wp-content\\\/uploads\\\/2021\\\/09\\\/image_2021-09-20_195444.png\",\"contentUrl\":\"https:\\\/\\\/lasentinelle.dz\\\/wp-content\\\/uploads\\\/2021\\\/09\\\/image_2021-09-20_195444.png\",\"width\":620,\"height\":413},{\"@type\":\"BreadcrumbList\",\"@id\":\"https:\\\/\\\/lasentinelle.dz\\\/index.php\\\/2021\\\/09\\\/21\\\/suppression-du-minaret-de-la-grande-mosquee-dalger-de-la-une-del-watan-le-ministere-de-la-communication-avertit-le-quotidien-sexcuse\\\/#breadcrumb\",\"itemListElement\":[{\"@type\":\"ListItem\",\"position\":1,\"name\":\"Accueil\",\"item\":\"https:\\\/\\\/lasentinelle.dz\\\/\"},{\"@type\":\"ListItem\",\"position\":2,\"name\":\"Suppression du minaret de la Grande Mosqu\u00e9e d\u2019Alger de la Une d\u2019El-Watan: Le minist\u00e8re de la Communication avertit, le quotidien s\u2019excuse\"}]},{\"@type\":\"WebSite\",\"@id\":\"https:\\\/\\\/lasentinelle.dz\\\/#website\",\"url\":\"https:\\\/\\\/lasentinelle.dz\\\/\",\"name\":\"La Sentinelle\",\"description\":\"Quotidien national d&#039;information\",\"publisher\":{\"@id\":\"https:\\\/\\\/lasentinelle.dz\\\/#organization\"},\"potentialAction\":[{\"@type\":\"SearchAction\",\"target\":{\"@type\":\"EntryPoint\",\"urlTemplate\":\"https:\\\/\\\/lasentinelle.dz\\\/?s={search_term_string}\"},\"query-input\":{\"@type\":\"PropertyValueSpecification\",\"valueRequired\":true,\"valueName\":\"search_term_string\"}}],\"inLanguage\":\"fr-FR\"},{\"@type\":\"Organization\",\"@id\":\"https:\\\/\\\/lasentinelle.dz\\\/#organization\",\"name\":\"Quotidien La Sentinelle\",\"url\":\"https:\\\/\\\/lasentinelle.dz\\\/\",\"logo\":{\"@type\":\"ImageObject\",\"inLanguage\":\"fr-FR\",\"@id\":\"https:\\\/\\\/lasentinelle.dz\\\/#\\\/schema\\\/logo\\\/image\\\/\",\"url\":\"https:\\\/\\\/lasentinelle.dz\\\/wp-content\\\/uploads\\\/2021\\\/09\\\/logo-sentinelleSLOGAN-1.png\",\"contentUrl\":\"https:\\\/\\\/lasentinelle.dz\\\/wp-content\\\/uploads\\\/2021\\\/09\\\/logo-sentinelleSLOGAN-1.png\",\"width\":615,\"height\":142,\"caption\":\"Quotidien La Sentinelle\"},\"image\":{\"@id\":\"https:\\\/\\\/lasentinelle.dz\\\/#\\\/schema\\\/logo\\\/image\\\/\"},\"sameAs\":[\"https:\\\/\\\/www.facebook.com\\\/La-Sentinelle-104059864394773\"]},{\"@type\":\"Person\",\"@id\":\"https:\\\/\\\/lasentinelle.dz\\\/#\\\/schema\\\/person\\\/d865044e22e70a75174ce8bcad3acfb3\",\"name\":\"La Sentinelle\",\"image\":{\"@type\":\"ImageObject\",\"inLanguage\":\"fr-FR\",\"@id\":\"https:\\\/\\\/secure.gravatar.com\\\/avatar\\\/57de8e5d4b15d43fb361a71fbb36338450fe67865b528a43dd10ef7c51a20392?s=96&d=mm&r=g\",\"url\":\"https:\\\/\\\/secure.gravatar.com\\\/avatar\\\/57de8e5d4b15d43fb361a71fbb36338450fe67865b528a43dd10ef7c51a20392?s=96&d=mm&r=g\",\"contentUrl\":\"https:\\\/\\\/secure.gravatar.com\\\/avatar\\\/57de8e5d4b15d43fb361a71fbb36338450fe67865b528a43dd10ef7c51a20392?s=96&d=mm&r=g\",\"caption\":\"La Sentinelle\"},\"sameAs\":[\"http:\\\/\\\/www.lasentinelle.dz\"],\"url\":\"https:\\\/\\\/lasentinelle.dz\\\/author\\\/redaction\\\/\"}]}<\/script>\n<!-- \/ Yoast SEO plugin. -->","yoast_head_json":{"title":"Suppression du minaret de la Grande Mosqu\u00e9e d\u2019Alger de la Une d\u2019El-Watan: Le minist\u00e8re de la Communication avertit, le quotidien s\u2019excuse - La Sentinelle","robots":{"index":"index","follow":"follow","max-snippet":"max-snippet:-1","max-image-preview":"max-image-preview:large","max-video-preview":"max-video-preview:-1"},"canonical":"https:\/\/lasentinelle.dz\/index.php\/2021\/09\/21\/suppression-du-minaret-de-la-grande-mosquee-dalger-de-la-une-del-watan-le-ministere-de-la-communication-avertit-le-quotidien-sexcuse\/","og_locale":"fr_FR","og_type":"article","og_title":"Suppression du minaret de la Grande Mosqu\u00e9e d\u2019Alger de la Une d\u2019El-Watan: Le minist\u00e8re de la Communication avertit, le quotidien s\u2019excuse - La Sentinelle","og_description":"Le minist\u00e8re de la Communication a r\u00e9agi \u00e0 la publication \u00e0 la Une de l\u2019\u00e9dition d\u2019hier d\u2019une photo des obs\u00e8ques","og_url":"https:\/\/lasentinelle.dz\/index.php\/2021\/09\/21\/suppression-du-minaret-de-la-grande-mosquee-dalger-de-la-une-del-watan-le-ministere-de-la-communication-avertit-le-quotidien-sexcuse\/","og_site_name":"La Sentinelle","article_publisher":"https:\/\/www.facebook.com\/La-Sentinelle-104059864394773","article_published_time":"2021-09-20T23:01:00+00:00","og_image":[{"width":620,"height":413,"url":"https:\/\/lasentinelle.dz\/wp-content\/uploads\/2021\/09\/image_2021-09-20_195444.png","type":"image\/png"}],"author":"La Sentinelle","twitter_card":"summary_large_image","twitter_misc":{"\u00c9crit par":"La Sentinelle","Dur\u00e9e de lecture estim\u00e9e":"2 minutes"},"schema":{"@context":"https:\/\/schema.org","@graph":[{"@type":"Article","@id":"https:\/\/lasentinelle.dz\/index.php\/2021\/09\/21\/suppression-du-minaret-de-la-grande-mosquee-dalger-de-la-une-del-watan-le-ministere-de-la-communication-avertit-le-quotidien-sexcuse\/#article","isPartOf":{"@id":"https:\/\/lasentinelle.dz\/index.php\/2021\/09\/21\/suppression-du-minaret-de-la-grande-mosquee-dalger-de-la-une-del-watan-le-ministere-de-la-communication-avertit-le-quotidien-sexcuse\/"},"author":{"name":"La Sentinelle","@id":"https:\/\/lasentinelle.dz\/#\/schema\/person\/d865044e22e70a75174ce8bcad3acfb3"},"headline":"Suppression du minaret de la Grande Mosqu\u00e9e d\u2019Alger de la Une d\u2019El-Watan: Le minist\u00e8re de la Communication avertit, le quotidien s\u2019excuse","datePublished":"2021-09-20T23:01:00+00:00","mainEntityOfPage":{"@id":"https:\/\/lasentinelle.dz\/index.php\/2021\/09\/21\/suppression-du-minaret-de-la-grande-mosquee-dalger-de-la-une-del-watan-le-ministere-de-la-communication-avertit-le-quotidien-sexcuse\/"},"wordCount":358,"commentCount":0,"publisher":{"@id":"https:\/\/lasentinelle.dz\/#organization"},"image":{"@id":"https:\/\/lasentinelle.dz\/index.php\/2021\/09\/21\/suppression-du-minaret-de-la-grande-mosquee-dalger-de-la-une-del-watan-le-ministere-de-la-communication-avertit-le-quotidien-sexcuse\/#primaryimage"},"thumbnailUrl":"https:\/\/lasentinelle.dz\/wp-content\/uploads\/2021\/09\/image_2021-09-20_195444.png","articleSection":["Actualit\u00e9"],"inLanguage":"fr-FR","potentialAction":[{"@type":"CommentAction","name":"Comment","target":["https:\/\/lasentinelle.dz\/index.php\/2021\/09\/21\/suppression-du-minaret-de-la-grande-mosquee-dalger-de-la-une-del-watan-le-ministere-de-la-communication-avertit-le-quotidien-sexcuse\/#respond"]}]},{"@type":"WebPage","@id":"https:\/\/lasentinelle.dz\/index.php\/2021\/09\/21\/suppression-du-minaret-de-la-grande-mosquee-dalger-de-la-une-del-watan-le-ministere-de-la-communication-avertit-le-quotidien-sexcuse\/","url":"https:\/\/lasentinelle.dz\/index.php\/2021\/09\/21\/suppression-du-minaret-de-la-grande-mosquee-dalger-de-la-une-del-watan-le-ministere-de-la-communication-avertit-le-quotidien-sexcuse\/","name":"Suppression du minaret de la Grande Mosqu\u00e9e d\u2019Alger de la Une d\u2019El-Watan: Le minist\u00e8re de la Communication avertit, le quotidien s\u2019excuse - La Sentinelle","isPartOf":{"@id":"https:\/\/lasentinelle.dz\/#website"},"primaryImageOfPage":{"@id":"https:\/\/lasentinelle.dz\/index.php\/2021\/09\/21\/suppression-du-minaret-de-la-grande-mosquee-dalger-de-la-une-del-watan-le-ministere-de-la-communication-avertit-le-quotidien-sexcuse\/#primaryimage"},"image":{"@id":"https:\/\/lasentinelle.dz\/index.php\/2021\/09\/21\/suppression-du-minaret-de-la-grande-mosquee-dalger-de-la-une-del-watan-le-ministere-de-la-communication-avertit-le-quotidien-sexcuse\/#primaryimage"},"thumbnailUrl":"https:\/\/lasentinelle.dz\/wp-content\/uploads\/2021\/09\/image_2021-09-20_195444.png","datePublished":"2021-09-20T23:01:00+00:00","breadcrumb":{"@id":"https:\/\/lasentinelle.dz\/index.php\/2021\/09\/21\/suppression-du-minaret-de-la-grande-mosquee-dalger-de-la-une-del-watan-le-ministere-de-la-communication-avertit-le-quotidien-sexcuse\/#breadcrumb"},"inLanguage":"fr-FR","potentialAction":[{"@type":"ReadAction","target":["https:\/\/lasentinelle.dz\/index.php\/2021\/09\/21\/suppression-du-minaret-de-la-grande-mosquee-dalger-de-la-une-del-watan-le-ministere-de-la-communication-avertit-le-quotidien-sexcuse\/"]}]},{"@type":"ImageObject","inLanguage":"fr-FR","@id":"https:\/\/lasentinelle.dz\/index.php\/2021\/09\/21\/suppression-du-minaret-de-la-grande-mosquee-dalger-de-la-une-del-watan-le-ministere-de-la-communication-avertit-le-quotidien-sexcuse\/#primaryimage","url":"https:\/\/lasentinelle.dz\/wp-content\/uploads\/2021\/09\/image_2021-09-20_195444.png","contentUrl":"https:\/\/lasentinelle.dz\/wp-content\/uploads\/2021\/09\/image_2021-09-20_195444.png","width":620,"height":413},{"@type":"BreadcrumbList","@id":"https:\/\/lasentinelle.dz\/index.php\/2021\/09\/21\/suppression-du-minaret-de-la-grande-mosquee-dalger-de-la-une-del-watan-le-ministere-de-la-communication-avertit-le-quotidien-sexcuse\/#breadcrumb","itemListElement":[{"@type":"ListItem","position":1,"name":"Accueil","item":"https:\/\/lasentinelle.dz\/"},{"@type":"ListItem","position":2,"name":"Suppression du minaret de la Grande Mosqu\u00e9e d\u2019Alger de la Une d\u2019El-Watan: Le minist\u00e8re de la Communication avertit, le quotidien s\u2019excuse"}]},{"@type":"WebSite","@id":"https:\/\/lasentinelle.dz\/#website","url":"https:\/\/lasentinelle.dz\/","name":"La Sentinelle","description":"Quotidien national d&#039;information","publisher":{"@id":"https:\/\/lasentinelle.dz\/#organization"},"potentialAction":[{"@type":"SearchAction","target":{"@type":"EntryPoint","urlTemplate":"https:\/\/lasentinelle.dz\/?s={search_term_string}"},"query-input":{"@type":"PropertyValueSpecification","valueRequired":true,"valueName":"search_term_string"}}],"inLanguage":"fr-FR"},{"@type":"Organization","@id":"https:\/\/lasentinelle.dz\/#organization","name":"Quotidien La Sentinelle","url":"https:\/\/lasentinelle.dz\/","logo":{"@type":"ImageObject","inLanguage":"fr-FR","@id":"https:\/\/lasentinelle.dz\/#\/schema\/logo\/image\/","url":"https:\/\/lasentinelle.dz\/wp-content\/uploads\/2021\/09\/logo-sentinelleSLOGAN-1.png","contentUrl":"https:\/\/lasentinelle.dz\/wp-content\/uploads\/2021\/09\/logo-sentinelleSLOGAN-1.png","width":615,"height":142,"caption":"Quotidien La Sentinelle"},"image":{"@id":"https:\/\/lasentinelle.dz\/#\/schema\/logo\/image\/"},"sameAs":["https:\/\/www.facebook.com\/La-Sentinelle-104059864394773"]},{"@type":"Person","@id":"https:\/\/lasentinelle.dz\/#\/schema\/person\/d865044e22e70a75174ce8bcad3acfb3","name":"La Sentinelle","image":{"@type":"ImageObject","inLanguage":"fr-FR","@id":"https:\/\/secure.gravatar.com\/avatar\/57de8e5d4b15d43fb361a71fbb36338450fe67865b528a43dd10ef7c51a20392?s=96&d=mm&r=g","url":"https:\/\/secure.gravatar.com\/avatar\/57de8e5d4b15d43fb361a71fbb36338450fe67865b528a43dd10ef7c51a20392?s=96&d=mm&r=g","contentUrl":"https:\/\/secure.gravatar.com\/avatar\/57de8e5d4b15d43fb361a71fbb36338450fe67865b528a43dd10ef7c51a20392?s=96&d=mm&r=g","caption":"La Sentinelle"},"sameAs":["http:\/\/www.lasentinelle.dz"],"url":"https:\/\/lasentinelle.dz\/author\/redaction\/"}]}},"_links":{"self":[{"href":"https:\/\/lasentinelle.dz\/index.php\/wp-json\/wp\/v2\/posts\/8621","targetHints":{"allow":["GET"]}}],"collection":[{"href":"https:\/\/lasentinelle.dz\/index.php\/wp-json\/wp\/v2\/posts"}],"about":[{"href":"https:\/\/lasentinelle.dz\/index.php\/wp-json\/wp\/v2\/types\/post"}],"author":[{"embeddable":true,"href":"https:\/\/lasentinelle.dz\/index.php\/wp-json\/wp\/v2\/users\/3"}],"replies":[{"embeddable":true,"href":"https:\/\/lasentinelle.dz\/index.php\/wp-json\/wp\/v2\/comments?post=8621"}],"version-history":[{"count":1,"href":"https:\/\/lasentinelle.dz\/index.php\/wp-json\/wp\/v2\/posts\/8621\/revisions"}],"predecessor-version":[{"id":8627,"href":"https:\/\/lasentinelle.dz\/index.php\/wp-json\/wp\/v2\/posts\/8621\/revisions\/8627"}],"wp:featuredmedia":[{"embeddable":true,"href":"https:\/\/lasentinelle.dz\/index.php\/wp-json\/wp\/v2\/media\/8626"}],"wp:attachment":[{"href":"https:\/\/lasentinelle.dz\/index.php\/wp-json\/wp\/v2\/media?parent=8621"}],"wp:term":[{"taxonomy":"category","embeddable":true,"href":"https:\/\/lasentinelle.dz\/index.php\/wp-json\/wp\/v2\/categories?post=8621"},{"taxonomy":"post_tag","embeddable":true,"href":"https:\/\/lasentinelle.dz\/index.php\/wp-json\/wp\/v2\/tags?post=8621"}],"curies":[{"name":"wp","href":"https:\/\/api.w.org\/{rel}","templated":true}]}}