{"id":86233,"date":"2026-04-23T10:17:00","date_gmt":"2026-04-23T09:17:00","guid":{"rendered":"https:\/\/lasentinelle.dz\/?p=86233"},"modified":"2026-04-24T15:18:11","modified_gmt":"2026-04-24T14:18:11","slug":"ain-temouchent-accueille-la-2e-edition-des-journees-syphax-hommage-a-kelthoum","status":"publish","type":"post","link":"https:\/\/lasentinelle.dz\/index.php\/2026\/04\/23\/ain-temouchent-accueille-la-2e-edition-des-journees-syphax-hommage-a-kelthoum\/","title":{"rendered":"A\u00efn T\u00e9mouchent accueille la 2e \u00e9dition des Journ\u00e9es Syphax\u00a0: Hommage \u00e0 Kelthoum"},"content":{"rendered":"\n<p>Seize films, trois jours de comp\u00e9tition, cinquante jeunes cin\u00e9astes en formation et un hommage \u00e0 l&rsquo;une des plus grandes actrices de l&rsquo;histoire du cin\u00e9ma alg\u00e9rien : la ville d&rsquo;A\u00efn T\u00e9mouchent s&rsquo;appr\u00eate \u00e0 vivre, \u00e0 partir de jeudi 24 avril, une \u00e9dition des Journ\u00e9es Syphax du film documentaire qui d\u00e9passe largement le cadre d&rsquo;un \u00e9v\u00e9nement r\u00e9gional. La manifestation, qui en est \u00e0 sa deuxi\u00e8me \u00e9dition, est organis\u00e9e par l&rsquo;association culturelle Adab wa Fan dans le cadre des projets soutenus par le minist\u00e8re de la Culture et des Arts. Abdelali Goudid, directeur de la Culture et des Arts de la wilaya, a pr\u00e9cis\u00e9 que les seize films en comp\u00e9tition sont tous l&rsquo;\u0153uvre de cin\u00e9astes alg\u00e9riens, qui concourront pendant trois jours pour d\u00e9crocher le titre de cette \u00e9dition. Une s\u00e9lection qui dit quelque chose de l&rsquo;\u00e9tat du documentaire national : nombreux, divers, et visiblement d\u00e9cid\u00e9s \u00e0 exister sur une sc\u00e8ne qui leur est enfin d\u00e9di\u00e9e. Mais ce qui distingue cette \u00e9dition de bien des festivals r\u00e9gionaux, c&rsquo;est la fen\u00eatre ouverte sur les nouvelles technologies. Quatre films suppl\u00e9mentaires, r\u00e9alis\u00e9s \u00e0 l&rsquo;aide de l&rsquo;intelligence artificielle, seront projet\u00e9s hors comp\u00e9tition. Une programmation qui ne rel\u00e8ve pas du gadget : elle acte, en plein c\u0153ur de l&rsquo;Oranie, que la question des outils de cr\u00e9ation est d\u00e9sormais incontournable dans le d\u00e9bat cin\u00e9matographique alg\u00e9rien.<\/p>\n\n\n\n<p>La dimension p\u00e9dagogique n&rsquo;est pas en reste. Cinquante jeunes venus de diff\u00e9rentes wilayas du pays b\u00e9n\u00e9ficieront d&rsquo;un master class encadr\u00e9 par le r\u00e9alisateur Djilali Biskri, accompagn\u00e9 d&rsquo;enseignants et de techniciens sp\u00e9cialis\u00e9s. \u00ab Cette \u00e9dition constituera une opportunit\u00e9 de formation pour 50 jeunes \u00bb, a soulign\u00e9 Goudid, insistant sur la vocation structurante de l&rsquo;\u00e9v\u00e9nement au-del\u00e0 de la seule programmation. Former les regards autant que les projeter : c&rsquo;est peut-\u00eatre l\u00e0 le pari le plus ambitieux des Journ\u00e9es Syphax.<\/p>\n\n\n\n<p>L&rsquo;\u00e9dition 2026 portera le nom de A\u00efcha Adjouri, connue sous son nom de sc\u00e8ne Kelthoum, disparue il y a quelques ann\u00e9es et rest\u00e9e dans les m\u00e9moires comme l&rsquo;une des figures tut\u00e9laires du septi\u00e8me art alg\u00e9rien. Le coordinateur de la manifestation, le r\u00e9alisateur Salah Boufalah, a tenu \u00e0 expliquer ce choix : cette \u00e9dition sera plac\u00e9e \u00ab sous le nom de la d\u00e9funte actrice A\u00efcha Adjouri, connue artistiquement sous le nom de Kelthoum, en hommage \u00e0 sa riche carri\u00e8re cin\u00e9matographique marqu\u00e9e par sa participation \u00e0 plus de 70 films, o\u00f9 elle s&rsquo;est impos\u00e9e comme une figure majeure du cin\u00e9ma alg\u00e9rien. \u00bb Un hommage qui n&rsquo;est pas seulement m\u00e9moriel : il rappelle \u00e0 une jeune g\u00e9n\u00e9ration de cin\u00e9astes que le cin\u00e9ma alg\u00e9rien a une histoire, une profondeur, des visages qui m\u00e9ritent d&rsquo;\u00eatre transmis.<\/p>\n\n\n\n<p>En toile de fond de cet \u00e9v\u00e9nement, une dynamique de fond dans la wilaya. Goudid a \u00e9voqu\u00e9 la strat\u00e9gie sectorielle en cours : une \u00e9tude a \u00e9t\u00e9 lanc\u00e9e cette ann\u00e9e pour la r\u00e9habilitation de la salle de cin\u00e9ma de la commune d&rsquo;El Malah, qui deviendra la troisi\u00e8me salle de la wilaya, apr\u00e8s les ouvertures r\u00e9centes des salles Soummam et Fellaoucene \u00e0 A\u00efn T\u00e9mouchent m\u00eame. Trois salles en activit\u00e9 ou en chantier dans une wilaya de taille moyenne \u2014 le signal est clair : le retour du cin\u00e9ma dans les villes alg\u00e9riennes n&rsquo;est plus un v\u0153u pieux, c&rsquo;est un chantier concret, pierre apr\u00e8s pierre. Les Journ\u00e9es Syphax \u2014 dont le nom \u00e9voque Syphax, roi berb\u00e8re de Numidie dont le territoire englobait cette r\u00e9gion de l&rsquo;Oranie antique \u2014 ancrent ainsi leur ambition dans une double fid\u00e9lit\u00e9 : \u00e0 la m\u00e9moire d&rsquo;un territoire et \u00e0 l&rsquo;avenir d&rsquo;un cin\u00e9ma qui cherche, manifestement, \u00e0 reprendre toute sa place.<\/p>\n\n\n\n<p>M.S.<\/p>\n","protected":false},"excerpt":{"rendered":"<p>Seize films, trois jours de comp\u00e9tition, cinquante jeunes cin\u00e9astes en formation et un hommage \u00e0 l&rsquo;une des plus grandes actrices<\/p>\n","protected":false},"author":6,"featured_media":65125,"comment_status":"open","ping_status":"closed","sticky":false,"template":"","format":"standard","meta":{"colormag_page_container_layout":"default_layout","colormag_page_sidebar_layout":"default_layout","om_disable_all_campaigns":false,"_monsterinsights_skip_tracking":false,"_monsterinsights_sitenote_active":false,"_monsterinsights_sitenote_note":"","_monsterinsights_sitenote_category":0,"footnotes":"","_wpscppro_dont_share_socialmedia":false,"_wpscppro_custom_social_share_image":0,"_facebook_share_type":"default","_twitter_share_type":"default","_linkedin_share_type":"default","_pinterest_share_type":"default","_linkedin_share_type_page":"","_instagram_share_type":"default","_medium_share_type":"default","_threads_share_type":"default","_google_business_share_type":"default","_selected_social_profile":[],"_wpsp_enable_custom_social_template":false,"_wpsp_social_scheduling":{"enabled":false,"datetime":null,"platforms":[],"status":"template_only","dateOption":"today","timeOption":"now","customDays":"","customHours":"","customDate":"","customTime":"","schedulingType":"absolute"},"_wpsp_active_default_template":true},"categories":[36],"tags":[],"class_list":["post-86233","post","type-post","status-publish","format-standard","has-post-thumbnail","hentry","category-culture"],"aioseo_notices":[],"yoast_head":"<!-- This site is optimized with the Yoast SEO plugin v27.4 - https:\/\/yoast.com\/product\/yoast-seo-wordpress\/ -->\n<title>A\u00efn T\u00e9mouchent accueille la 2e \u00e9dition des Journ\u00e9es Syphax\u00a0: Hommage \u00e0 Kelthoum - La Sentinelle<\/title>\n<meta name=\"robots\" content=\"index, follow, max-snippet:-1, max-image-preview:large, max-video-preview:-1\" \/>\n<link rel=\"canonical\" href=\"https:\/\/lasentinelle.dz\/index.php\/2026\/04\/23\/ain-temouchent-accueille-la-2e-edition-des-journees-syphax-hommage-a-kelthoum\/\" \/>\n<meta property=\"og:locale\" content=\"fr_FR\" \/>\n<meta property=\"og:type\" content=\"article\" \/>\n<meta property=\"og:title\" content=\"A\u00efn T\u00e9mouchent accueille la 2e \u00e9dition des Journ\u00e9es Syphax\u00a0: Hommage \u00e0 Kelthoum - La Sentinelle\" \/>\n<meta property=\"og:description\" content=\"Seize films, trois jours de comp\u00e9tition, cinquante jeunes cin\u00e9astes en formation et un hommage \u00e0 l&rsquo;une des plus grandes actrices\" \/>\n<meta property=\"og:url\" content=\"https:\/\/lasentinelle.dz\/index.php\/2026\/04\/23\/ain-temouchent-accueille-la-2e-edition-des-journees-syphax-hommage-a-kelthoum\/\" \/>\n<meta property=\"og:site_name\" content=\"La Sentinelle\" \/>\n<meta property=\"article:publisher\" content=\"https:\/\/www.facebook.com\/La-Sentinelle-104059864394773\" \/>\n<meta property=\"article:published_time\" content=\"2026-04-23T09:17:00+00:00\" \/>\n<meta property=\"article:modified_time\" content=\"2026-04-24T14:18:11+00:00\" \/>\n<meta property=\"og:image\" content=\"https:\/\/lasentinelle.dz\/wp-content\/uploads\/2025\/04\/Keltoum-.jpg\" \/>\n\t<meta property=\"og:image:width\" content=\"580\" \/>\n\t<meta property=\"og:image:height\" content=\"350\" \/>\n\t<meta property=\"og:image:type\" content=\"image\/jpeg\" \/>\n<meta name=\"author\" content=\"admin\" \/>\n<meta name=\"twitter:card\" content=\"summary_large_image\" \/>\n<meta name=\"twitter:label1\" content=\"\u00c9crit par\" \/>\n\t<meta name=\"twitter:data1\" content=\"admin\" \/>\n\t<meta name=\"twitter:label2\" content=\"Dur\u00e9e de lecture estim\u00e9e\" \/>\n\t<meta name=\"twitter:data2\" content=\"4 minutes\" \/>\n<script type=\"application\/ld+json\" class=\"yoast-schema-graph\">{\"@context\":\"https:\\\/\\\/schema.org\",\"@graph\":[{\"@type\":\"Article\",\"@id\":\"https:\\\/\\\/lasentinelle.dz\\\/index.php\\\/2026\\\/04\\\/23\\\/ain-temouchent-accueille-la-2e-edition-des-journees-syphax-hommage-a-kelthoum\\\/#article\",\"isPartOf\":{\"@id\":\"https:\\\/\\\/lasentinelle.dz\\\/index.php\\\/2026\\\/04\\\/23\\\/ain-temouchent-accueille-la-2e-edition-des-journees-syphax-hommage-a-kelthoum\\\/\"},\"author\":{\"name\":\"admin\",\"@id\":\"https:\\\/\\\/lasentinelle.dz\\\/#\\\/schema\\\/person\\\/729ee0024f24e0b8c5ec17232f8e8b41\"},\"headline\":\"A\u00efn T\u00e9mouchent accueille la 2e \u00e9dition des Journ\u00e9es Syphax\u00a0: Hommage \u00e0 Kelthoum\",\"datePublished\":\"2026-04-23T09:17:00+00:00\",\"dateModified\":\"2026-04-24T14:18:11+00:00\",\"mainEntityOfPage\":{\"@id\":\"https:\\\/\\\/lasentinelle.dz\\\/index.php\\\/2026\\\/04\\\/23\\\/ain-temouchent-accueille-la-2e-edition-des-journees-syphax-hommage-a-kelthoum\\\/\"},\"wordCount\":683,\"commentCount\":0,\"publisher\":{\"@id\":\"https:\\\/\\\/lasentinelle.dz\\\/#organization\"},\"image\":{\"@id\":\"https:\\\/\\\/lasentinelle.dz\\\/index.php\\\/2026\\\/04\\\/23\\\/ain-temouchent-accueille-la-2e-edition-des-journees-syphax-hommage-a-kelthoum\\\/#primaryimage\"},\"thumbnailUrl\":\"https:\\\/\\\/lasentinelle.dz\\\/wp-content\\\/uploads\\\/2025\\\/04\\\/Keltoum-.jpg\",\"articleSection\":[\"Culture\"],\"inLanguage\":\"fr-FR\",\"potentialAction\":[{\"@type\":\"CommentAction\",\"name\":\"Comment\",\"target\":[\"https:\\\/\\\/lasentinelle.dz\\\/index.php\\\/2026\\\/04\\\/23\\\/ain-temouchent-accueille-la-2e-edition-des-journees-syphax-hommage-a-kelthoum\\\/#respond\"]}]},{\"@type\":\"WebPage\",\"@id\":\"https:\\\/\\\/lasentinelle.dz\\\/index.php\\\/2026\\\/04\\\/23\\\/ain-temouchent-accueille-la-2e-edition-des-journees-syphax-hommage-a-kelthoum\\\/\",\"url\":\"https:\\\/\\\/lasentinelle.dz\\\/index.php\\\/2026\\\/04\\\/23\\\/ain-temouchent-accueille-la-2e-edition-des-journees-syphax-hommage-a-kelthoum\\\/\",\"name\":\"A\u00efn T\u00e9mouchent accueille la 2e \u00e9dition des Journ\u00e9es Syphax\u00a0: Hommage \u00e0 Kelthoum - La Sentinelle\",\"isPartOf\":{\"@id\":\"https:\\\/\\\/lasentinelle.dz\\\/#website\"},\"primaryImageOfPage\":{\"@id\":\"https:\\\/\\\/lasentinelle.dz\\\/index.php\\\/2026\\\/04\\\/23\\\/ain-temouchent-accueille-la-2e-edition-des-journees-syphax-hommage-a-kelthoum\\\/#primaryimage\"},\"image\":{\"@id\":\"https:\\\/\\\/lasentinelle.dz\\\/index.php\\\/2026\\\/04\\\/23\\\/ain-temouchent-accueille-la-2e-edition-des-journees-syphax-hommage-a-kelthoum\\\/#primaryimage\"},\"thumbnailUrl\":\"https:\\\/\\\/lasentinelle.dz\\\/wp-content\\\/uploads\\\/2025\\\/04\\\/Keltoum-.jpg\",\"datePublished\":\"2026-04-23T09:17:00+00:00\",\"dateModified\":\"2026-04-24T14:18:11+00:00\",\"breadcrumb\":{\"@id\":\"https:\\\/\\\/lasentinelle.dz\\\/index.php\\\/2026\\\/04\\\/23\\\/ain-temouchent-accueille-la-2e-edition-des-journees-syphax-hommage-a-kelthoum\\\/#breadcrumb\"},\"inLanguage\":\"fr-FR\",\"potentialAction\":[{\"@type\":\"ReadAction\",\"target\":[\"https:\\\/\\\/lasentinelle.dz\\\/index.php\\\/2026\\\/04\\\/23\\\/ain-temouchent-accueille-la-2e-edition-des-journees-syphax-hommage-a-kelthoum\\\/\"]}]},{\"@type\":\"ImageObject\",\"inLanguage\":\"fr-FR\",\"@id\":\"https:\\\/\\\/lasentinelle.dz\\\/index.php\\\/2026\\\/04\\\/23\\\/ain-temouchent-accueille-la-2e-edition-des-journees-syphax-hommage-a-kelthoum\\\/#primaryimage\",\"url\":\"https:\\\/\\\/lasentinelle.dz\\\/wp-content\\\/uploads\\\/2025\\\/04\\\/Keltoum-.jpg\",\"contentUrl\":\"https:\\\/\\\/lasentinelle.dz\\\/wp-content\\\/uploads\\\/2025\\\/04\\\/Keltoum-.jpg\",\"width\":580,\"height\":350},{\"@type\":\"BreadcrumbList\",\"@id\":\"https:\\\/\\\/lasentinelle.dz\\\/index.php\\\/2026\\\/04\\\/23\\\/ain-temouchent-accueille-la-2e-edition-des-journees-syphax-hommage-a-kelthoum\\\/#breadcrumb\",\"itemListElement\":[{\"@type\":\"ListItem\",\"position\":1,\"name\":\"Accueil\",\"item\":\"https:\\\/\\\/lasentinelle.dz\\\/\"},{\"@type\":\"ListItem\",\"position\":2,\"name\":\"A\u00efn T\u00e9mouchent accueille la 2e \u00e9dition des Journ\u00e9es Syphax\u00a0: Hommage \u00e0 Kelthoum\"}]},{\"@type\":\"WebSite\",\"@id\":\"https:\\\/\\\/lasentinelle.dz\\\/#website\",\"url\":\"https:\\\/\\\/lasentinelle.dz\\\/\",\"name\":\"La Sentinelle\",\"description\":\"Quotidien national d&#039;information\",\"publisher\":{\"@id\":\"https:\\\/\\\/lasentinelle.dz\\\/#organization\"},\"potentialAction\":[{\"@type\":\"SearchAction\",\"target\":{\"@type\":\"EntryPoint\",\"urlTemplate\":\"https:\\\/\\\/lasentinelle.dz\\\/?s={search_term_string}\"},\"query-input\":{\"@type\":\"PropertyValueSpecification\",\"valueRequired\":true,\"valueName\":\"search_term_string\"}}],\"inLanguage\":\"fr-FR\"},{\"@type\":\"Organization\",\"@id\":\"https:\\\/\\\/lasentinelle.dz\\\/#organization\",\"name\":\"Quotidien La Sentinelle\",\"url\":\"https:\\\/\\\/lasentinelle.dz\\\/\",\"logo\":{\"@type\":\"ImageObject\",\"inLanguage\":\"fr-FR\",\"@id\":\"https:\\\/\\\/lasentinelle.dz\\\/#\\\/schema\\\/logo\\\/image\\\/\",\"url\":\"https:\\\/\\\/lasentinelle.dz\\\/wp-content\\\/uploads\\\/2021\\\/09\\\/logo-sentinelleSLOGAN-1.png\",\"contentUrl\":\"https:\\\/\\\/lasentinelle.dz\\\/wp-content\\\/uploads\\\/2021\\\/09\\\/logo-sentinelleSLOGAN-1.png\",\"width\":615,\"height\":142,\"caption\":\"Quotidien La Sentinelle\"},\"image\":{\"@id\":\"https:\\\/\\\/lasentinelle.dz\\\/#\\\/schema\\\/logo\\\/image\\\/\"},\"sameAs\":[\"https:\\\/\\\/www.facebook.com\\\/La-Sentinelle-104059864394773\"]},{\"@type\":\"Person\",\"@id\":\"https:\\\/\\\/lasentinelle.dz\\\/#\\\/schema\\\/person\\\/729ee0024f24e0b8c5ec17232f8e8b41\",\"name\":\"admin\",\"image\":{\"@type\":\"ImageObject\",\"inLanguage\":\"fr-FR\",\"@id\":\"https:\\\/\\\/secure.gravatar.com\\\/avatar\\\/4c81fed838786e9b53f540bf46533e750f5d292099ae3b66cfc6fb1982e29df7?s=96&d=mm&r=g\",\"url\":\"https:\\\/\\\/secure.gravatar.com\\\/avatar\\\/4c81fed838786e9b53f540bf46533e750f5d292099ae3b66cfc6fb1982e29df7?s=96&d=mm&r=g\",\"contentUrl\":\"https:\\\/\\\/secure.gravatar.com\\\/avatar\\\/4c81fed838786e9b53f540bf46533e750f5d292099ae3b66cfc6fb1982e29df7?s=96&d=mm&r=g\",\"caption\":\"admin\"},\"description\":\"admin\",\"url\":\"https:\\\/\\\/lasentinelle.dz\\\/author\\\/admin\\\/\"}]}<\/script>\n<!-- \/ Yoast SEO plugin. -->","yoast_head_json":{"title":"A\u00efn T\u00e9mouchent accueille la 2e \u00e9dition des Journ\u00e9es Syphax\u00a0: Hommage \u00e0 Kelthoum - La Sentinelle","robots":{"index":"index","follow":"follow","max-snippet":"max-snippet:-1","max-image-preview":"max-image-preview:large","max-video-preview":"max-video-preview:-1"},"canonical":"https:\/\/lasentinelle.dz\/index.php\/2026\/04\/23\/ain-temouchent-accueille-la-2e-edition-des-journees-syphax-hommage-a-kelthoum\/","og_locale":"fr_FR","og_type":"article","og_title":"A\u00efn T\u00e9mouchent accueille la 2e \u00e9dition des Journ\u00e9es Syphax\u00a0: Hommage \u00e0 Kelthoum - La Sentinelle","og_description":"Seize films, trois jours de comp\u00e9tition, cinquante jeunes cin\u00e9astes en formation et un hommage \u00e0 l&rsquo;une des plus grandes actrices","og_url":"https:\/\/lasentinelle.dz\/index.php\/2026\/04\/23\/ain-temouchent-accueille-la-2e-edition-des-journees-syphax-hommage-a-kelthoum\/","og_site_name":"La Sentinelle","article_publisher":"https:\/\/www.facebook.com\/La-Sentinelle-104059864394773","article_published_time":"2026-04-23T09:17:00+00:00","article_modified_time":"2026-04-24T14:18:11+00:00","og_image":[{"width":580,"height":350,"url":"https:\/\/lasentinelle.dz\/wp-content\/uploads\/2025\/04\/Keltoum-.jpg","type":"image\/jpeg"}],"author":"admin","twitter_card":"summary_large_image","twitter_misc":{"\u00c9crit par":"admin","Dur\u00e9e de lecture estim\u00e9e":"4 minutes"},"schema":{"@context":"https:\/\/schema.org","@graph":[{"@type":"Article","@id":"https:\/\/lasentinelle.dz\/index.php\/2026\/04\/23\/ain-temouchent-accueille-la-2e-edition-des-journees-syphax-hommage-a-kelthoum\/#article","isPartOf":{"@id":"https:\/\/lasentinelle.dz\/index.php\/2026\/04\/23\/ain-temouchent-accueille-la-2e-edition-des-journees-syphax-hommage-a-kelthoum\/"},"author":{"name":"admin","@id":"https:\/\/lasentinelle.dz\/#\/schema\/person\/729ee0024f24e0b8c5ec17232f8e8b41"},"headline":"A\u00efn T\u00e9mouchent accueille la 2e \u00e9dition des Journ\u00e9es Syphax\u00a0: Hommage \u00e0 Kelthoum","datePublished":"2026-04-23T09:17:00+00:00","dateModified":"2026-04-24T14:18:11+00:00","mainEntityOfPage":{"@id":"https:\/\/lasentinelle.dz\/index.php\/2026\/04\/23\/ain-temouchent-accueille-la-2e-edition-des-journees-syphax-hommage-a-kelthoum\/"},"wordCount":683,"commentCount":0,"publisher":{"@id":"https:\/\/lasentinelle.dz\/#organization"},"image":{"@id":"https:\/\/lasentinelle.dz\/index.php\/2026\/04\/23\/ain-temouchent-accueille-la-2e-edition-des-journees-syphax-hommage-a-kelthoum\/#primaryimage"},"thumbnailUrl":"https:\/\/lasentinelle.dz\/wp-content\/uploads\/2025\/04\/Keltoum-.jpg","articleSection":["Culture"],"inLanguage":"fr-FR","potentialAction":[{"@type":"CommentAction","name":"Comment","target":["https:\/\/lasentinelle.dz\/index.php\/2026\/04\/23\/ain-temouchent-accueille-la-2e-edition-des-journees-syphax-hommage-a-kelthoum\/#respond"]}]},{"@type":"WebPage","@id":"https:\/\/lasentinelle.dz\/index.php\/2026\/04\/23\/ain-temouchent-accueille-la-2e-edition-des-journees-syphax-hommage-a-kelthoum\/","url":"https:\/\/lasentinelle.dz\/index.php\/2026\/04\/23\/ain-temouchent-accueille-la-2e-edition-des-journees-syphax-hommage-a-kelthoum\/","name":"A\u00efn T\u00e9mouchent accueille la 2e \u00e9dition des Journ\u00e9es Syphax\u00a0: Hommage \u00e0 Kelthoum - La Sentinelle","isPartOf":{"@id":"https:\/\/lasentinelle.dz\/#website"},"primaryImageOfPage":{"@id":"https:\/\/lasentinelle.dz\/index.php\/2026\/04\/23\/ain-temouchent-accueille-la-2e-edition-des-journees-syphax-hommage-a-kelthoum\/#primaryimage"},"image":{"@id":"https:\/\/lasentinelle.dz\/index.php\/2026\/04\/23\/ain-temouchent-accueille-la-2e-edition-des-journees-syphax-hommage-a-kelthoum\/#primaryimage"},"thumbnailUrl":"https:\/\/lasentinelle.dz\/wp-content\/uploads\/2025\/04\/Keltoum-.jpg","datePublished":"2026-04-23T09:17:00+00:00","dateModified":"2026-04-24T14:18:11+00:00","breadcrumb":{"@id":"https:\/\/lasentinelle.dz\/index.php\/2026\/04\/23\/ain-temouchent-accueille-la-2e-edition-des-journees-syphax-hommage-a-kelthoum\/#breadcrumb"},"inLanguage":"fr-FR","potentialAction":[{"@type":"ReadAction","target":["https:\/\/lasentinelle.dz\/index.php\/2026\/04\/23\/ain-temouchent-accueille-la-2e-edition-des-journees-syphax-hommage-a-kelthoum\/"]}]},{"@type":"ImageObject","inLanguage":"fr-FR","@id":"https:\/\/lasentinelle.dz\/index.php\/2026\/04\/23\/ain-temouchent-accueille-la-2e-edition-des-journees-syphax-hommage-a-kelthoum\/#primaryimage","url":"https:\/\/lasentinelle.dz\/wp-content\/uploads\/2025\/04\/Keltoum-.jpg","contentUrl":"https:\/\/lasentinelle.dz\/wp-content\/uploads\/2025\/04\/Keltoum-.jpg","width":580,"height":350},{"@type":"BreadcrumbList","@id":"https:\/\/lasentinelle.dz\/index.php\/2026\/04\/23\/ain-temouchent-accueille-la-2e-edition-des-journees-syphax-hommage-a-kelthoum\/#breadcrumb","itemListElement":[{"@type":"ListItem","position":1,"name":"Accueil","item":"https:\/\/lasentinelle.dz\/"},{"@type":"ListItem","position":2,"name":"A\u00efn T\u00e9mouchent accueille la 2e \u00e9dition des Journ\u00e9es Syphax\u00a0: Hommage \u00e0 Kelthoum"}]},{"@type":"WebSite","@id":"https:\/\/lasentinelle.dz\/#website","url":"https:\/\/lasentinelle.dz\/","name":"La Sentinelle","description":"Quotidien national d&#039;information","publisher":{"@id":"https:\/\/lasentinelle.dz\/#organization"},"potentialAction":[{"@type":"SearchAction","target":{"@type":"EntryPoint","urlTemplate":"https:\/\/lasentinelle.dz\/?s={search_term_string}"},"query-input":{"@type":"PropertyValueSpecification","valueRequired":true,"valueName":"search_term_string"}}],"inLanguage":"fr-FR"},{"@type":"Organization","@id":"https:\/\/lasentinelle.dz\/#organization","name":"Quotidien La Sentinelle","url":"https:\/\/lasentinelle.dz\/","logo":{"@type":"ImageObject","inLanguage":"fr-FR","@id":"https:\/\/lasentinelle.dz\/#\/schema\/logo\/image\/","url":"https:\/\/lasentinelle.dz\/wp-content\/uploads\/2021\/09\/logo-sentinelleSLOGAN-1.png","contentUrl":"https:\/\/lasentinelle.dz\/wp-content\/uploads\/2021\/09\/logo-sentinelleSLOGAN-1.png","width":615,"height":142,"caption":"Quotidien La Sentinelle"},"image":{"@id":"https:\/\/lasentinelle.dz\/#\/schema\/logo\/image\/"},"sameAs":["https:\/\/www.facebook.com\/La-Sentinelle-104059864394773"]},{"@type":"Person","@id":"https:\/\/lasentinelle.dz\/#\/schema\/person\/729ee0024f24e0b8c5ec17232f8e8b41","name":"admin","image":{"@type":"ImageObject","inLanguage":"fr-FR","@id":"https:\/\/secure.gravatar.com\/avatar\/4c81fed838786e9b53f540bf46533e750f5d292099ae3b66cfc6fb1982e29df7?s=96&d=mm&r=g","url":"https:\/\/secure.gravatar.com\/avatar\/4c81fed838786e9b53f540bf46533e750f5d292099ae3b66cfc6fb1982e29df7?s=96&d=mm&r=g","contentUrl":"https:\/\/secure.gravatar.com\/avatar\/4c81fed838786e9b53f540bf46533e750f5d292099ae3b66cfc6fb1982e29df7?s=96&d=mm&r=g","caption":"admin"},"description":"admin","url":"https:\/\/lasentinelle.dz\/author\/admin\/"}]}},"_links":{"self":[{"href":"https:\/\/lasentinelle.dz\/index.php\/wp-json\/wp\/v2\/posts\/86233","targetHints":{"allow":["GET"]}}],"collection":[{"href":"https:\/\/lasentinelle.dz\/index.php\/wp-json\/wp\/v2\/posts"}],"about":[{"href":"https:\/\/lasentinelle.dz\/index.php\/wp-json\/wp\/v2\/types\/post"}],"author":[{"embeddable":true,"href":"https:\/\/lasentinelle.dz\/index.php\/wp-json\/wp\/v2\/users\/6"}],"replies":[{"embeddable":true,"href":"https:\/\/lasentinelle.dz\/index.php\/wp-json\/wp\/v2\/comments?post=86233"}],"version-history":[{"count":1,"href":"https:\/\/lasentinelle.dz\/index.php\/wp-json\/wp\/v2\/posts\/86233\/revisions"}],"predecessor-version":[{"id":86234,"href":"https:\/\/lasentinelle.dz\/index.php\/wp-json\/wp\/v2\/posts\/86233\/revisions\/86234"}],"wp:featuredmedia":[{"embeddable":true,"href":"https:\/\/lasentinelle.dz\/index.php\/wp-json\/wp\/v2\/media\/65125"}],"wp:attachment":[{"href":"https:\/\/lasentinelle.dz\/index.php\/wp-json\/wp\/v2\/media?parent=86233"}],"wp:term":[{"taxonomy":"category","embeddable":true,"href":"https:\/\/lasentinelle.dz\/index.php\/wp-json\/wp\/v2\/categories?post=86233"},{"taxonomy":"post_tag","embeddable":true,"href":"https:\/\/lasentinelle.dz\/index.php\/wp-json\/wp\/v2\/tags?post=86233"}],"curies":[{"name":"wp","href":"https:\/\/api.w.org\/{rel}","templated":true}]}}