{"id":86235,"date":"2026-04-23T10:21:00","date_gmt":"2026-04-23T09:21:00","guid":{"rendered":"https:\/\/lasentinelle.dz\/?p=86235"},"modified":"2026-04-24T15:30:08","modified_gmt":"2026-04-24T14:30:08","slug":"exposition-sur-la-blousa-de-mostaganem-au-bastion-23-un-habit-ancestral-raconte-louest-algerien","status":"publish","type":"post","link":"https:\/\/lasentinelle.dz\/index.php\/2026\/04\/23\/exposition-sur-la-blousa-de-mostaganem-au-bastion-23-un-habit-ancestral-raconte-louest-algerien\/","title":{"rendered":"Exposition sur la blousa de Mostaganem au Bastion 23\u00a0: Un habit ancestral raconte l&rsquo;Ouest alg\u00e9rien"},"content":{"rendered":"\n<p>Elle a travers\u00e9 plus d&rsquo;un si\u00e8cle sans perdre une once de son \u00e9clat. La blousa de Mostaganem, joyau du costume traditionnel f\u00e9minin de l&rsquo;Ouest alg\u00e9rien, est \u00e0 l&rsquo;honneur jusqu&rsquo;au 18 mai au Centre des arts et de la culture du Palais des Ra\u00efs \u2014 le Bastion 23 d&rsquo;Alger \u2014 dans le cadre du Mois du patrimoine, c\u00e9l\u00e9br\u00e9 chaque ann\u00e9e du 18 avril au 18 mai. Une cinquantaine de mod\u00e8les, des pi\u00e8ces rares datant de la fin du XIXe si\u00e8cle et des t\u00e9moignages de chercheurs : l&rsquo;exposition s&rsquo;impose d&#8217;embl\u00e9e comme l&rsquo;un des \u00e9v\u00e9nements culturels les plus soign\u00e9s de cette \u00e9dition. Le Mois du patrimoine est une occasion annuelle qui mobilise mus\u00e9es, centres culturels et associations \u00e0 travers tout le pays. Cette ann\u00e9e, le Bastion 23 a choisi de braquer les projecteurs sur un v\u00eatement trop souvent confin\u00e9 aux cercles des initi\u00e9s, alors qu&rsquo;il incarne l&rsquo;une des expressions les plus abouties du savoir-faire artisanal alg\u00e9rien. Car la blousa de Mostaganem n&rsquo;est pas une simple robe. C&rsquo;est un syst\u00e8me vestimentaire complet, un langage de couleurs, de broderies et de symboles que les femmes de la r\u00e9gion ont transmis de g\u00e9n\u00e9ration en g\u00e9n\u00e9ration avec une fid\u00e9lit\u00e9 remarquable.<\/p>\n\n\n\n<p>L&rsquo;exposition en donne la mesure d\u00e8s l&rsquo;entr\u00e9e. Les visiteurs d\u00e9couvrent d&rsquo;anciens mod\u00e8les issus de familles mostagan\u00e9moises et d&rsquo;associations engag\u00e9es dans la pr\u00e9servation du patrimoine vestimentaire. La chercheuse A\u00efcha Hanefi, qui a contribu\u00e9 \u00e0 la constitution de ce fonds, pr\u00e9cise \u00e0 l\u2019APS &nbsp;que l&rsquo;exposition \u00ab permet au public de d\u00e9couvrir pr\u00e8s de 50 mod\u00e8les de la blousa de Mostaganem appartenant \u00e0 des familles anciennes et \u00e0 des associations engag\u00e9es dans la pr\u00e9servation du patrimoine vestimentaire alg\u00e9rien \u00e0 Mostaganem \u00bb. Elle souligne par ailleurs que \u00ab l&rsquo;un des \u00e9l\u00e9ments les plus embl\u00e9matiques de cette blousa est la Tegr\u00eefa de Mostaganem, port\u00e9e sur la t\u00eate \u00bb \u2014 coiffe somptueuse orn\u00e9e de pi\u00e8ces dor\u00e9es aux symboliques vari\u00e9es, v\u00e9ritable couronne dont la composition t\u00e9moigne d&rsquo;un raffinement h\u00e9rit\u00e9 des cours andalouses.<\/p>\n\n\n\n<p>La Tegr\u00eefa justifie \u00e0 elle seule le d\u00e9placement. Elle se compose de plusieurs \u00e9l\u00e9ments superpos\u00e9s : la chachia sultani, la lawacha, l&rsquo;\u00e2ssaba, le zr\u00eer \u2014 ou kheit errouh, \u00ab fil de l&rsquo;\u00e2me \u00bb \u2014 , le tout agr\u00e9ment\u00e9 du zaouch, ce petit oiseau en fil dor\u00e9, des ra\u00e2ach, rosaces d\u00e9licatement ouvrag\u00e9es, et de deux fleurs rouge et jaune dont les significations varient selon les familles et les \u00e9poques. Les bijoux qui l&rsquo;accompagnent \u2014 meskia, krafach boulahiya, chentouf louiz \u2014 compl\u00e8tent une parure dont l&rsquo;assemblage exigeait autrefois des heures de pr\u00e9paration et une connaissance transmise entre femmes.<\/p>\n\n\n\n<p>La blousa elle-m\u00eame se d\u00e9cline en plusieurs vari\u00e9t\u00e9s. La blousa El Za\u00efm et la blousa El Mensoudj \u2014 dont le nom renvoie \u00e0 la qualit\u00e9 de l&rsquo;\u00e9toffe \u2014 se portent avec la frimla, une veste brod\u00e9e au fil fetla port\u00e9e par-dessus, et l&rsquo;ensemble s&rsquo;harmonise dans un accord de soieries, de velours et de broderies au fil d&rsquo;or et d&rsquo;argent. Le chercheur Nadir Chellali, autre voix de l&rsquo;exposition, insiste sur la dimension identitaire de ce v\u00eatement : la blousa de Mostaganem repr\u00e9sente selon lui \u00ab un symbole culturel et civilisationnel alg\u00e9rien authentique \u00bb, et l&rsquo;Alg\u00e9rie, dit-il, \u00ab \u0153uvre \u00e0 prot\u00e9ger et \u00e0 valoriser ce patrimoine en tant que composante de l&rsquo;identit\u00e9 nationale \u00bb. Il note \u00e9galement que le v\u00eatement a su \u00e9voluer avec son temps, int\u00e9grant \u00ab certaines adaptations, notamment l&rsquo;usage du fil \u00e9lastique \u00e0 la taille et aux manches \u00bb, sans rien c\u00e9der \u00e0 son caract\u00e8re.<\/p>\n\n\n\n<p>Cette capacit\u00e9 d&rsquo;adaptation est pr\u00e9cis\u00e9ment ce qui rend la blousa vivante plut\u00f4t que mus\u00e9ifi\u00e9e. Elle n&rsquo;est pas une pi\u00e8ce de vitrine fig\u00e9e dans l&rsquo;ambre : elle continue d&rsquo;\u00eatre confectionn\u00e9e, port\u00e9e lors des grandes occasions, command\u00e9e par des familles soucieuses de perp\u00e9tuer une tradition. L&rsquo;exposition pr\u00e9sente d&rsquo;ailleurs une collection de mod\u00e8les contemporains, r\u00e9alis\u00e9s dans des tissus nobles \u2014 velours, soie, \u00e9toffes broch\u00e9es \u2014 et brod\u00e9s de motifs aux couleurs harmonieuses qui t\u00e9moignent de la vitalit\u00e9 de l&rsquo;artisanat mostagan\u00e9mois aujourd&rsquo;hui.<\/p>\n\n\n\n<p>Le Bastion 23 a \u00e9largi l&rsquo;exposition \u00e0 un panorama plus vaste du costume alg\u00e9rien, avec une galerie photographique consacr\u00e9e aux tenues traditionnelles masculines et f\u00e9minines d&rsquo;autres r\u00e9gions du pays : karakou, caftan, burnous, kachabia, blousa oranaise, robe kabyle, melhfas du Sud. Un parcours qui rappelle que l&rsquo;identit\u00e9 vestimentaire alg\u00e9rienne est plurielle, faite de strates et de nuances, et que chaque r\u00e9gion a tiss\u00e9 sa propre m\u00e9moire dans ses habits.<\/p>\n\n\n\n<p>L&rsquo;exposition est organis\u00e9e par le Centre des arts et de la culture du Palais des Ra\u00efs en collaboration avec plusieurs associations et acteurs de la protection du patrimoine de la wilaya de Mostaganem. Elle reste accessible jusqu&rsquo;au 18 mai, dernier jour du Mois du patrimoine.<\/p>\n\n\n\n<p>Mohand S.<\/p>\n","protected":false},"excerpt":{"rendered":"<p>Elle a travers\u00e9 plus d&rsquo;un si\u00e8cle sans perdre une once de son \u00e9clat. La blousa de Mostaganem, joyau du costume<\/p>\n","protected":false},"author":6,"featured_media":84705,"comment_status":"open","ping_status":"closed","sticky":false,"template":"","format":"standard","meta":{"colormag_page_container_layout":"default_layout","colormag_page_sidebar_layout":"default_layout","om_disable_all_campaigns":false,"_monsterinsights_skip_tracking":false,"_monsterinsights_sitenote_active":false,"_monsterinsights_sitenote_note":"","_monsterinsights_sitenote_category":0,"footnotes":"","_wpscppro_dont_share_socialmedia":false,"_wpscppro_custom_social_share_image":0,"_facebook_share_type":"default","_twitter_share_type":"default","_linkedin_share_type":"default","_pinterest_share_type":"default","_linkedin_share_type_page":"","_instagram_share_type":"default","_medium_share_type":"default","_threads_share_type":"default","_google_business_share_type":"default","_selected_social_profile":[],"_wpsp_enable_custom_social_template":false,"_wpsp_social_scheduling":{"enabled":true,"datetime":"2026-05-23 09:21:00","platforms":[],"status":"pending_publication","dateOption":"today","timeOption":"now","customDays":"","customHours":"","customDate":"","customTime":"","schedulingType":"absolute"},"_wpsp_active_default_template":true},"categories":[36],"tags":[],"class_list":["post-86235","post","type-post","status-publish","format-standard","has-post-thumbnail","hentry","category-culture"],"aioseo_notices":[],"yoast_head":"<!-- This site is optimized with the Yoast SEO plugin v27.4 - https:\/\/yoast.com\/product\/yoast-seo-wordpress\/ -->\n<title>Exposition sur la blousa de Mostaganem au Bastion 23\u00a0: Un habit ancestral raconte l&rsquo;Ouest alg\u00e9rien - La Sentinelle<\/title>\n<meta name=\"robots\" content=\"index, follow, max-snippet:-1, max-image-preview:large, max-video-preview:-1\" \/>\n<link rel=\"canonical\" href=\"https:\/\/lasentinelle.dz\/index.php\/2026\/04\/23\/exposition-sur-la-blousa-de-mostaganem-au-bastion-23-un-habit-ancestral-raconte-louest-algerien\/\" \/>\n<meta property=\"og:locale\" content=\"fr_FR\" \/>\n<meta property=\"og:type\" content=\"article\" \/>\n<meta property=\"og:title\" content=\"Exposition sur la blousa de Mostaganem au Bastion 23\u00a0: Un habit ancestral raconte l&rsquo;Ouest alg\u00e9rien - La Sentinelle\" \/>\n<meta property=\"og:description\" content=\"Elle a travers\u00e9 plus d&rsquo;un si\u00e8cle sans perdre une once de son \u00e9clat. La blousa de Mostaganem, joyau du costume\" \/>\n<meta property=\"og:url\" content=\"https:\/\/lasentinelle.dz\/index.php\/2026\/04\/23\/exposition-sur-la-blousa-de-mostaganem-au-bastion-23-un-habit-ancestral-raconte-louest-algerien\/\" \/>\n<meta property=\"og:site_name\" content=\"La Sentinelle\" \/>\n<meta property=\"article:publisher\" content=\"https:\/\/www.facebook.com\/La-Sentinelle-104059864394773\" \/>\n<meta property=\"article:published_time\" content=\"2026-04-23T09:21:00+00:00\" \/>\n<meta property=\"article:modified_time\" content=\"2026-04-24T14:30:08+00:00\" \/>\n<meta property=\"og:image\" content=\"https:\/\/lasentinelle.dz\/wp-content\/uploads\/2026\/04\/blouza.webp\" \/>\n\t<meta property=\"og:image:width\" content=\"720\" \/>\n\t<meta property=\"og:image:height\" content=\"900\" \/>\n\t<meta property=\"og:image:type\" content=\"image\/webp\" \/>\n<meta name=\"author\" content=\"admin\" \/>\n<meta name=\"twitter:card\" content=\"summary_large_image\" \/>\n<meta name=\"twitter:label1\" content=\"\u00c9crit par\" \/>\n\t<meta name=\"twitter:data1\" content=\"admin\" \/>\n\t<meta name=\"twitter:label2\" content=\"Dur\u00e9e de lecture estim\u00e9e\" \/>\n\t<meta name=\"twitter:data2\" content=\"4 minutes\" \/>\n<script type=\"application\/ld+json\" class=\"yoast-schema-graph\">{\"@context\":\"https:\\\/\\\/schema.org\",\"@graph\":[{\"@type\":\"Article\",\"@id\":\"https:\\\/\\\/lasentinelle.dz\\\/index.php\\\/2026\\\/04\\\/23\\\/exposition-sur-la-blousa-de-mostaganem-au-bastion-23-un-habit-ancestral-raconte-louest-algerien\\\/#article\",\"isPartOf\":{\"@id\":\"https:\\\/\\\/lasentinelle.dz\\\/index.php\\\/2026\\\/04\\\/23\\\/exposition-sur-la-blousa-de-mostaganem-au-bastion-23-un-habit-ancestral-raconte-louest-algerien\\\/\"},\"author\":{\"name\":\"admin\",\"@id\":\"https:\\\/\\\/lasentinelle.dz\\\/#\\\/schema\\\/person\\\/729ee0024f24e0b8c5ec17232f8e8b41\"},\"headline\":\"Exposition sur la blousa de Mostaganem au Bastion 23\u00a0: Un habit ancestral raconte l&rsquo;Ouest alg\u00e9rien\",\"datePublished\":\"2026-04-23T09:21:00+00:00\",\"dateModified\":\"2026-04-24T14:30:08+00:00\",\"mainEntityOfPage\":{\"@id\":\"https:\\\/\\\/lasentinelle.dz\\\/index.php\\\/2026\\\/04\\\/23\\\/exposition-sur-la-blousa-de-mostaganem-au-bastion-23-un-habit-ancestral-raconte-louest-algerien\\\/\"},\"wordCount\":876,\"commentCount\":0,\"publisher\":{\"@id\":\"https:\\\/\\\/lasentinelle.dz\\\/#organization\"},\"image\":{\"@id\":\"https:\\\/\\\/lasentinelle.dz\\\/index.php\\\/2026\\\/04\\\/23\\\/exposition-sur-la-blousa-de-mostaganem-au-bastion-23-un-habit-ancestral-raconte-louest-algerien\\\/#primaryimage\"},\"thumbnailUrl\":\"https:\\\/\\\/lasentinelle.dz\\\/wp-content\\\/uploads\\\/2026\\\/04\\\/blouza.webp\",\"articleSection\":[\"Culture\"],\"inLanguage\":\"fr-FR\",\"potentialAction\":[{\"@type\":\"CommentAction\",\"name\":\"Comment\",\"target\":[\"https:\\\/\\\/lasentinelle.dz\\\/index.php\\\/2026\\\/04\\\/23\\\/exposition-sur-la-blousa-de-mostaganem-au-bastion-23-un-habit-ancestral-raconte-louest-algerien\\\/#respond\"]}]},{\"@type\":\"WebPage\",\"@id\":\"https:\\\/\\\/lasentinelle.dz\\\/index.php\\\/2026\\\/04\\\/23\\\/exposition-sur-la-blousa-de-mostaganem-au-bastion-23-un-habit-ancestral-raconte-louest-algerien\\\/\",\"url\":\"https:\\\/\\\/lasentinelle.dz\\\/index.php\\\/2026\\\/04\\\/23\\\/exposition-sur-la-blousa-de-mostaganem-au-bastion-23-un-habit-ancestral-raconte-louest-algerien\\\/\",\"name\":\"Exposition sur la blousa de Mostaganem au Bastion 23\u00a0: Un habit ancestral raconte l&rsquo;Ouest alg\u00e9rien - La Sentinelle\",\"isPartOf\":{\"@id\":\"https:\\\/\\\/lasentinelle.dz\\\/#website\"},\"primaryImageOfPage\":{\"@id\":\"https:\\\/\\\/lasentinelle.dz\\\/index.php\\\/2026\\\/04\\\/23\\\/exposition-sur-la-blousa-de-mostaganem-au-bastion-23-un-habit-ancestral-raconte-louest-algerien\\\/#primaryimage\"},\"image\":{\"@id\":\"https:\\\/\\\/lasentinelle.dz\\\/index.php\\\/2026\\\/04\\\/23\\\/exposition-sur-la-blousa-de-mostaganem-au-bastion-23-un-habit-ancestral-raconte-louest-algerien\\\/#primaryimage\"},\"thumbnailUrl\":\"https:\\\/\\\/lasentinelle.dz\\\/wp-content\\\/uploads\\\/2026\\\/04\\\/blouza.webp\",\"datePublished\":\"2026-04-23T09:21:00+00:00\",\"dateModified\":\"2026-04-24T14:30:08+00:00\",\"breadcrumb\":{\"@id\":\"https:\\\/\\\/lasentinelle.dz\\\/index.php\\\/2026\\\/04\\\/23\\\/exposition-sur-la-blousa-de-mostaganem-au-bastion-23-un-habit-ancestral-raconte-louest-algerien\\\/#breadcrumb\"},\"inLanguage\":\"fr-FR\",\"potentialAction\":[{\"@type\":\"ReadAction\",\"target\":[\"https:\\\/\\\/lasentinelle.dz\\\/index.php\\\/2026\\\/04\\\/23\\\/exposition-sur-la-blousa-de-mostaganem-au-bastion-23-un-habit-ancestral-raconte-louest-algerien\\\/\"]}]},{\"@type\":\"ImageObject\",\"inLanguage\":\"fr-FR\",\"@id\":\"https:\\\/\\\/lasentinelle.dz\\\/index.php\\\/2026\\\/04\\\/23\\\/exposition-sur-la-blousa-de-mostaganem-au-bastion-23-un-habit-ancestral-raconte-louest-algerien\\\/#primaryimage\",\"url\":\"https:\\\/\\\/lasentinelle.dz\\\/wp-content\\\/uploads\\\/2026\\\/04\\\/blouza.webp\",\"contentUrl\":\"https:\\\/\\\/lasentinelle.dz\\\/wp-content\\\/uploads\\\/2026\\\/04\\\/blouza.webp\",\"width\":720,\"height\":900},{\"@type\":\"BreadcrumbList\",\"@id\":\"https:\\\/\\\/lasentinelle.dz\\\/index.php\\\/2026\\\/04\\\/23\\\/exposition-sur-la-blousa-de-mostaganem-au-bastion-23-un-habit-ancestral-raconte-louest-algerien\\\/#breadcrumb\",\"itemListElement\":[{\"@type\":\"ListItem\",\"position\":1,\"name\":\"Accueil\",\"item\":\"https:\\\/\\\/lasentinelle.dz\\\/\"},{\"@type\":\"ListItem\",\"position\":2,\"name\":\"Exposition sur la blousa de Mostaganem au Bastion 23\u00a0: Un habit ancestral raconte l&rsquo;Ouest alg\u00e9rien\"}]},{\"@type\":\"WebSite\",\"@id\":\"https:\\\/\\\/lasentinelle.dz\\\/#website\",\"url\":\"https:\\\/\\\/lasentinelle.dz\\\/\",\"name\":\"La Sentinelle\",\"description\":\"Quotidien national d&#039;information\",\"publisher\":{\"@id\":\"https:\\\/\\\/lasentinelle.dz\\\/#organization\"},\"potentialAction\":[{\"@type\":\"SearchAction\",\"target\":{\"@type\":\"EntryPoint\",\"urlTemplate\":\"https:\\\/\\\/lasentinelle.dz\\\/?s={search_term_string}\"},\"query-input\":{\"@type\":\"PropertyValueSpecification\",\"valueRequired\":true,\"valueName\":\"search_term_string\"}}],\"inLanguage\":\"fr-FR\"},{\"@type\":\"Organization\",\"@id\":\"https:\\\/\\\/lasentinelle.dz\\\/#organization\",\"name\":\"Quotidien La Sentinelle\",\"url\":\"https:\\\/\\\/lasentinelle.dz\\\/\",\"logo\":{\"@type\":\"ImageObject\",\"inLanguage\":\"fr-FR\",\"@id\":\"https:\\\/\\\/lasentinelle.dz\\\/#\\\/schema\\\/logo\\\/image\\\/\",\"url\":\"https:\\\/\\\/lasentinelle.dz\\\/wp-content\\\/uploads\\\/2021\\\/09\\\/logo-sentinelleSLOGAN-1.png\",\"contentUrl\":\"https:\\\/\\\/lasentinelle.dz\\\/wp-content\\\/uploads\\\/2021\\\/09\\\/logo-sentinelleSLOGAN-1.png\",\"width\":615,\"height\":142,\"caption\":\"Quotidien La Sentinelle\"},\"image\":{\"@id\":\"https:\\\/\\\/lasentinelle.dz\\\/#\\\/schema\\\/logo\\\/image\\\/\"},\"sameAs\":[\"https:\\\/\\\/www.facebook.com\\\/La-Sentinelle-104059864394773\"]},{\"@type\":\"Person\",\"@id\":\"https:\\\/\\\/lasentinelle.dz\\\/#\\\/schema\\\/person\\\/729ee0024f24e0b8c5ec17232f8e8b41\",\"name\":\"admin\",\"image\":{\"@type\":\"ImageObject\",\"inLanguage\":\"fr-FR\",\"@id\":\"https:\\\/\\\/secure.gravatar.com\\\/avatar\\\/4c81fed838786e9b53f540bf46533e750f5d292099ae3b66cfc6fb1982e29df7?s=96&d=mm&r=g\",\"url\":\"https:\\\/\\\/secure.gravatar.com\\\/avatar\\\/4c81fed838786e9b53f540bf46533e750f5d292099ae3b66cfc6fb1982e29df7?s=96&d=mm&r=g\",\"contentUrl\":\"https:\\\/\\\/secure.gravatar.com\\\/avatar\\\/4c81fed838786e9b53f540bf46533e750f5d292099ae3b66cfc6fb1982e29df7?s=96&d=mm&r=g\",\"caption\":\"admin\"},\"description\":\"admin\",\"url\":\"https:\\\/\\\/lasentinelle.dz\\\/author\\\/admin\\\/\"}]}<\/script>\n<!-- \/ Yoast SEO plugin. -->","yoast_head_json":{"title":"Exposition sur la blousa de Mostaganem au Bastion 23\u00a0: Un habit ancestral raconte l&rsquo;Ouest alg\u00e9rien - La Sentinelle","robots":{"index":"index","follow":"follow","max-snippet":"max-snippet:-1","max-image-preview":"max-image-preview:large","max-video-preview":"max-video-preview:-1"},"canonical":"https:\/\/lasentinelle.dz\/index.php\/2026\/04\/23\/exposition-sur-la-blousa-de-mostaganem-au-bastion-23-un-habit-ancestral-raconte-louest-algerien\/","og_locale":"fr_FR","og_type":"article","og_title":"Exposition sur la blousa de Mostaganem au Bastion 23\u00a0: Un habit ancestral raconte l&rsquo;Ouest alg\u00e9rien - La Sentinelle","og_description":"Elle a travers\u00e9 plus d&rsquo;un si\u00e8cle sans perdre une once de son \u00e9clat. La blousa de Mostaganem, joyau du costume","og_url":"https:\/\/lasentinelle.dz\/index.php\/2026\/04\/23\/exposition-sur-la-blousa-de-mostaganem-au-bastion-23-un-habit-ancestral-raconte-louest-algerien\/","og_site_name":"La Sentinelle","article_publisher":"https:\/\/www.facebook.com\/La-Sentinelle-104059864394773","article_published_time":"2026-04-23T09:21:00+00:00","article_modified_time":"2026-04-24T14:30:08+00:00","og_image":[{"width":720,"height":900,"url":"https:\/\/lasentinelle.dz\/wp-content\/uploads\/2026\/04\/blouza.webp","type":"image\/webp"}],"author":"admin","twitter_card":"summary_large_image","twitter_misc":{"\u00c9crit par":"admin","Dur\u00e9e de lecture estim\u00e9e":"4 minutes"},"schema":{"@context":"https:\/\/schema.org","@graph":[{"@type":"Article","@id":"https:\/\/lasentinelle.dz\/index.php\/2026\/04\/23\/exposition-sur-la-blousa-de-mostaganem-au-bastion-23-un-habit-ancestral-raconte-louest-algerien\/#article","isPartOf":{"@id":"https:\/\/lasentinelle.dz\/index.php\/2026\/04\/23\/exposition-sur-la-blousa-de-mostaganem-au-bastion-23-un-habit-ancestral-raconte-louest-algerien\/"},"author":{"name":"admin","@id":"https:\/\/lasentinelle.dz\/#\/schema\/person\/729ee0024f24e0b8c5ec17232f8e8b41"},"headline":"Exposition sur la blousa de Mostaganem au Bastion 23\u00a0: Un habit ancestral raconte l&rsquo;Ouest alg\u00e9rien","datePublished":"2026-04-23T09:21:00+00:00","dateModified":"2026-04-24T14:30:08+00:00","mainEntityOfPage":{"@id":"https:\/\/lasentinelle.dz\/index.php\/2026\/04\/23\/exposition-sur-la-blousa-de-mostaganem-au-bastion-23-un-habit-ancestral-raconte-louest-algerien\/"},"wordCount":876,"commentCount":0,"publisher":{"@id":"https:\/\/lasentinelle.dz\/#organization"},"image":{"@id":"https:\/\/lasentinelle.dz\/index.php\/2026\/04\/23\/exposition-sur-la-blousa-de-mostaganem-au-bastion-23-un-habit-ancestral-raconte-louest-algerien\/#primaryimage"},"thumbnailUrl":"https:\/\/lasentinelle.dz\/wp-content\/uploads\/2026\/04\/blouza.webp","articleSection":["Culture"],"inLanguage":"fr-FR","potentialAction":[{"@type":"CommentAction","name":"Comment","target":["https:\/\/lasentinelle.dz\/index.php\/2026\/04\/23\/exposition-sur-la-blousa-de-mostaganem-au-bastion-23-un-habit-ancestral-raconte-louest-algerien\/#respond"]}]},{"@type":"WebPage","@id":"https:\/\/lasentinelle.dz\/index.php\/2026\/04\/23\/exposition-sur-la-blousa-de-mostaganem-au-bastion-23-un-habit-ancestral-raconte-louest-algerien\/","url":"https:\/\/lasentinelle.dz\/index.php\/2026\/04\/23\/exposition-sur-la-blousa-de-mostaganem-au-bastion-23-un-habit-ancestral-raconte-louest-algerien\/","name":"Exposition sur la blousa de Mostaganem au Bastion 23\u00a0: Un habit ancestral raconte l&rsquo;Ouest alg\u00e9rien - La Sentinelle","isPartOf":{"@id":"https:\/\/lasentinelle.dz\/#website"},"primaryImageOfPage":{"@id":"https:\/\/lasentinelle.dz\/index.php\/2026\/04\/23\/exposition-sur-la-blousa-de-mostaganem-au-bastion-23-un-habit-ancestral-raconte-louest-algerien\/#primaryimage"},"image":{"@id":"https:\/\/lasentinelle.dz\/index.php\/2026\/04\/23\/exposition-sur-la-blousa-de-mostaganem-au-bastion-23-un-habit-ancestral-raconte-louest-algerien\/#primaryimage"},"thumbnailUrl":"https:\/\/lasentinelle.dz\/wp-content\/uploads\/2026\/04\/blouza.webp","datePublished":"2026-04-23T09:21:00+00:00","dateModified":"2026-04-24T14:30:08+00:00","breadcrumb":{"@id":"https:\/\/lasentinelle.dz\/index.php\/2026\/04\/23\/exposition-sur-la-blousa-de-mostaganem-au-bastion-23-un-habit-ancestral-raconte-louest-algerien\/#breadcrumb"},"inLanguage":"fr-FR","potentialAction":[{"@type":"ReadAction","target":["https:\/\/lasentinelle.dz\/index.php\/2026\/04\/23\/exposition-sur-la-blousa-de-mostaganem-au-bastion-23-un-habit-ancestral-raconte-louest-algerien\/"]}]},{"@type":"ImageObject","inLanguage":"fr-FR","@id":"https:\/\/lasentinelle.dz\/index.php\/2026\/04\/23\/exposition-sur-la-blousa-de-mostaganem-au-bastion-23-un-habit-ancestral-raconte-louest-algerien\/#primaryimage","url":"https:\/\/lasentinelle.dz\/wp-content\/uploads\/2026\/04\/blouza.webp","contentUrl":"https:\/\/lasentinelle.dz\/wp-content\/uploads\/2026\/04\/blouza.webp","width":720,"height":900},{"@type":"BreadcrumbList","@id":"https:\/\/lasentinelle.dz\/index.php\/2026\/04\/23\/exposition-sur-la-blousa-de-mostaganem-au-bastion-23-un-habit-ancestral-raconte-louest-algerien\/#breadcrumb","itemListElement":[{"@type":"ListItem","position":1,"name":"Accueil","item":"https:\/\/lasentinelle.dz\/"},{"@type":"ListItem","position":2,"name":"Exposition sur la blousa de Mostaganem au Bastion 23\u00a0: Un habit ancestral raconte l&rsquo;Ouest alg\u00e9rien"}]},{"@type":"WebSite","@id":"https:\/\/lasentinelle.dz\/#website","url":"https:\/\/lasentinelle.dz\/","name":"La Sentinelle","description":"Quotidien national d&#039;information","publisher":{"@id":"https:\/\/lasentinelle.dz\/#organization"},"potentialAction":[{"@type":"SearchAction","target":{"@type":"EntryPoint","urlTemplate":"https:\/\/lasentinelle.dz\/?s={search_term_string}"},"query-input":{"@type":"PropertyValueSpecification","valueRequired":true,"valueName":"search_term_string"}}],"inLanguage":"fr-FR"},{"@type":"Organization","@id":"https:\/\/lasentinelle.dz\/#organization","name":"Quotidien La Sentinelle","url":"https:\/\/lasentinelle.dz\/","logo":{"@type":"ImageObject","inLanguage":"fr-FR","@id":"https:\/\/lasentinelle.dz\/#\/schema\/logo\/image\/","url":"https:\/\/lasentinelle.dz\/wp-content\/uploads\/2021\/09\/logo-sentinelleSLOGAN-1.png","contentUrl":"https:\/\/lasentinelle.dz\/wp-content\/uploads\/2021\/09\/logo-sentinelleSLOGAN-1.png","width":615,"height":142,"caption":"Quotidien La Sentinelle"},"image":{"@id":"https:\/\/lasentinelle.dz\/#\/schema\/logo\/image\/"},"sameAs":["https:\/\/www.facebook.com\/La-Sentinelle-104059864394773"]},{"@type":"Person","@id":"https:\/\/lasentinelle.dz\/#\/schema\/person\/729ee0024f24e0b8c5ec17232f8e8b41","name":"admin","image":{"@type":"ImageObject","inLanguage":"fr-FR","@id":"https:\/\/secure.gravatar.com\/avatar\/4c81fed838786e9b53f540bf46533e750f5d292099ae3b66cfc6fb1982e29df7?s=96&d=mm&r=g","url":"https:\/\/secure.gravatar.com\/avatar\/4c81fed838786e9b53f540bf46533e750f5d292099ae3b66cfc6fb1982e29df7?s=96&d=mm&r=g","contentUrl":"https:\/\/secure.gravatar.com\/avatar\/4c81fed838786e9b53f540bf46533e750f5d292099ae3b66cfc6fb1982e29df7?s=96&d=mm&r=g","caption":"admin"},"description":"admin","url":"https:\/\/lasentinelle.dz\/author\/admin\/"}]}},"_links":{"self":[{"href":"https:\/\/lasentinelle.dz\/index.php\/wp-json\/wp\/v2\/posts\/86235","targetHints":{"allow":["GET"]}}],"collection":[{"href":"https:\/\/lasentinelle.dz\/index.php\/wp-json\/wp\/v2\/posts"}],"about":[{"href":"https:\/\/lasentinelle.dz\/index.php\/wp-json\/wp\/v2\/types\/post"}],"author":[{"embeddable":true,"href":"https:\/\/lasentinelle.dz\/index.php\/wp-json\/wp\/v2\/users\/6"}],"replies":[{"embeddable":true,"href":"https:\/\/lasentinelle.dz\/index.php\/wp-json\/wp\/v2\/comments?post=86235"}],"version-history":[{"count":2,"href":"https:\/\/lasentinelle.dz\/index.php\/wp-json\/wp\/v2\/posts\/86235\/revisions"}],"predecessor-version":[{"id":86237,"href":"https:\/\/lasentinelle.dz\/index.php\/wp-json\/wp\/v2\/posts\/86235\/revisions\/86237"}],"wp:featuredmedia":[{"embeddable":true,"href":"https:\/\/lasentinelle.dz\/index.php\/wp-json\/wp\/v2\/media\/84705"}],"wp:attachment":[{"href":"https:\/\/lasentinelle.dz\/index.php\/wp-json\/wp\/v2\/media?parent=86235"}],"wp:term":[{"taxonomy":"category","embeddable":true,"href":"https:\/\/lasentinelle.dz\/index.php\/wp-json\/wp\/v2\/categories?post=86235"},{"taxonomy":"post_tag","embeddable":true,"href":"https:\/\/lasentinelle.dz\/index.php\/wp-json\/wp\/v2\/tags?post=86235"}],"curies":[{"name":"wp","href":"https:\/\/api.w.org\/{rel}","templated":true}]}}