{"id":86278,"date":"2026-04-23T10:39:00","date_gmt":"2026-04-23T09:39:00","guid":{"rendered":"https:\/\/lasentinelle.dz\/?p=86278"},"modified":"2026-04-24T15:42:27","modified_gmt":"2026-04-24T14:42:27","slug":"onu-lalgerie-plaide-pour-un-reequilibrage-du-systeme-financier-mondial","status":"publish","type":"post","link":"https:\/\/lasentinelle.dz\/index.php\/2026\/04\/23\/onu-lalgerie-plaide-pour-un-reequilibrage-du-systeme-financier-mondial\/","title":{"rendered":"ONU\u00a0: L&rsquo;Alg\u00e9rie plaide pour un r\u00e9\u00e9quilibrage du syst\u00e8me financier mondial"},"content":{"rendered":"\n<p>Le ministre des Finances a pris la parole devant le forum onusien sur le financement du d\u00e9veloppement, r\u00e9clamant une r\u00e9forme profonde des institutions financi\u00e8res internationales et un partage \u00e9quitable des responsabilit\u00e9s. Depuis New York, o\u00f9 se tient jusqu&rsquo;au 24 avril le forum onusien sur le financement du d\u00e9veloppement, le ministre des Finances Abdelkrim Bouzred a port\u00e9 un message sans ambigu\u00eft\u00e9 : le syst\u00e8me financier international, tel qu&rsquo;il fonctionne aujourd&rsquo;hui, est \u00ab injuste et in\u00e9quitable \u00bb. Intervenant dans le d\u00e9bat g\u00e9n\u00e9ral consacr\u00e9 aux d\u00e9fis du financement mondial, le responsable alg\u00e9rien a d\u00e9nonc\u00e9 une architecture o\u00f9 les pays emprunteurs assument l&rsquo;essentiel des risques, y compris lorsque les r\u00e9sultats escompt\u00e9s ne sont pas au rendez-vous, tandis que les institutions financi\u00e8res internationales demeurent \u00e0 l&rsquo;abri des cons\u00e9quences. Le diagnostic pos\u00e9 par M. Bouzred tranche avec les discours convenus qui peuplent habituellement ce type d&rsquo;enceinte. Pour lui, \u00ab le d\u00e9fi ne r\u00e9side plus dans le volume du financement, mais dans son efficacit\u00e9 \u00bb. Une formule qui r\u00e9sume \u00e0 elle seule la frustration d&rsquo;un continent africain et d&rsquo;un Sud global qui, malgr\u00e9 la multiplication des m\u00e9canismes, des fonds sp\u00e9ciaux et des fen\u00eatres de financement, continuent de se heurter aux m\u00eames obstacles structurels. Les pays en d\u00e9veloppement, a-t-il relev\u00e9, \u00ab font face toujours aux m\u00eames difficult\u00e9s, en d\u00e9pit des multiples m\u00e9canismes de financement \u00bb, ce qui appelle, selon lui, \u00ab une r\u00e9vision des m\u00e9canismes d&rsquo;action du syst\u00e8me financier international \u00bb.<\/p>\n\n\n\n<p>Au-del\u00e0 du diagnostic, le ministre a formul\u00e9 des exigences concr\u00e8tes. Il a notamment insist\u00e9 sur \u00ab la n\u00e9cessit\u00e9 que toute r\u00e9forme garantisse une participation plus forte des pays en d\u00e9veloppement \u00e0 la prise de d\u00e9cision, afin de refl\u00e9ter \u00e9quitablement les \u00e9quilibres internationaux \u00bb. Une revendication ancienne, port\u00e9e depuis des d\u00e9cennies par le groupe des 77, mais qui retrouve aujourd&rsquo;hui une acuit\u00e9 particuli\u00e8re dans un contexte de multiplication des crises \u2014 climatique, alimentaire, mon\u00e9taire \u2014 qui frappent en premier lieu les \u00e9conomies les plus fragiles.<\/p>\n\n\n\n<p>L&rsquo;Alg\u00e9rie, pour sa part, a tenu \u00e0 illustrer son propos par des actes. M. Bouzred a rappel\u00e9 les efforts consentis par Alger en mati\u00e8re de solidarit\u00e9 internationale : annulation de la dette de plusieurs pays, octroi d&rsquo;aides financi\u00e8res aux nations les plus vuln\u00e9rables, et surtout la cr\u00e9ation d&rsquo;une agence alg\u00e9rienne de coop\u00e9ration internationale pour le d\u00e9veloppement, dot\u00e9e d&rsquo;un budget initial d&rsquo;un milliard de dollars, destin\u00e9e \u00e0 soutenir les projets de d\u00e9veloppement, en priorit\u00e9 sur le continent africain. Un engagement financier substantiel qui conf\u00e8re \u00e0 la parole alg\u00e9rienne une cr\u00e9dibilit\u00e9 que d&rsquo;autres discours diplomatiques peinent parfois \u00e0 revendiquer.<\/p>\n\n\n\n<p>En cl\u00f4turant son allocution, le ministre a condens\u00e9 sa vision en une formule qui se veut programmatique : il faut passer \u00ab d&rsquo;une logique de financement \u00e0 une logique de r\u00e9sultats, et d&rsquo;une responsabilit\u00e9 unilat\u00e9rale \u00e0 une responsabilit\u00e9 partag\u00e9e, afin de renforcer l&rsquo;efficacit\u00e9 et l&rsquo;\u00e9quit\u00e9 du syst\u00e8me financier international \u00bb. Un appel au r\u00e9alisme autant qu&rsquo;\u00e0 la justice, adress\u00e9 \u00e0 des institutions dont la r\u00e9forme s&rsquo;annonce aussi n\u00e9cessaire qu&rsquo;ardue.<\/p>\n\n\n\n<p>Amar Malki<\/p>\n","protected":false},"excerpt":{"rendered":"<p>Le ministre des Finances a pris la parole devant le forum onusien sur le financement du d\u00e9veloppement, r\u00e9clamant une r\u00e9forme<\/p>\n","protected":false},"author":6,"featured_media":86280,"comment_status":"open","ping_status":"closed","sticky":false,"template":"","format":"standard","meta":{"colormag_page_container_layout":"default_layout","colormag_page_sidebar_layout":"default_layout","om_disable_all_campaigns":false,"_monsterinsights_skip_tracking":false,"_monsterinsights_sitenote_active":false,"_monsterinsights_sitenote_note":"","_monsterinsights_sitenote_category":0,"footnotes":"","_wpscppro_dont_share_socialmedia":false,"_wpscppro_custom_social_share_image":0,"_facebook_share_type":"default","_twitter_share_type":"default","_linkedin_share_type":"default","_pinterest_share_type":"default","_linkedin_share_type_page":"","_instagram_share_type":"default","_medium_share_type":"default","_threads_share_type":"default","_google_business_share_type":"default","_selected_social_profile":[],"_wpsp_enable_custom_social_template":false,"_wpsp_social_scheduling":{"enabled":false,"datetime":null,"platforms":[],"status":"template_only","dateOption":"today","timeOption":"now","customDays":"","customHours":"","customDate":"","customTime":"","schedulingType":"absolute"},"_wpsp_active_default_template":true},"categories":[29],"tags":[],"class_list":["post-86278","post","type-post","status-publish","format-standard","has-post-thumbnail","hentry","category-economie"],"aioseo_notices":[],"yoast_head":"<!-- This site is optimized with the Yoast SEO plugin v27.4 - https:\/\/yoast.com\/product\/yoast-seo-wordpress\/ -->\n<title>ONU\u00a0: L&rsquo;Alg\u00e9rie plaide pour un r\u00e9\u00e9quilibrage du syst\u00e8me financier mondial - La Sentinelle<\/title>\n<meta name=\"robots\" content=\"index, follow, max-snippet:-1, max-image-preview:large, max-video-preview:-1\" \/>\n<link rel=\"canonical\" href=\"https:\/\/lasentinelle.dz\/index.php\/2026\/04\/23\/onu-lalgerie-plaide-pour-un-reequilibrage-du-systeme-financier-mondial\/\" \/>\n<meta property=\"og:locale\" content=\"fr_FR\" \/>\n<meta property=\"og:type\" content=\"article\" \/>\n<meta property=\"og:title\" content=\"ONU\u00a0: L&rsquo;Alg\u00e9rie plaide pour un r\u00e9\u00e9quilibrage du syst\u00e8me financier mondial - La Sentinelle\" \/>\n<meta property=\"og:description\" content=\"Le ministre des Finances a pris la parole devant le forum onusien sur le financement du d\u00e9veloppement, r\u00e9clamant une r\u00e9forme\" \/>\n<meta property=\"og:url\" content=\"https:\/\/lasentinelle.dz\/index.php\/2026\/04\/23\/onu-lalgerie-plaide-pour-un-reequilibrage-du-systeme-financier-mondial\/\" \/>\n<meta property=\"og:site_name\" content=\"La Sentinelle\" \/>\n<meta property=\"article:publisher\" content=\"https:\/\/www.facebook.com\/La-Sentinelle-104059864394773\" \/>\n<meta property=\"article:published_time\" content=\"2026-04-23T09:39:00+00:00\" \/>\n<meta property=\"article:modified_time\" content=\"2026-04-24T14:42:27+00:00\" \/>\n<meta property=\"og:image\" content=\"https:\/\/lasentinelle.dz\/wp-content\/uploads\/2026\/04\/bouzerd.jpg\" \/>\n\t<meta property=\"og:image:width\" content=\"860\" \/>\n\t<meta property=\"og:image:height\" content=\"652\" \/>\n\t<meta property=\"og:image:type\" content=\"image\/jpeg\" \/>\n<meta name=\"author\" content=\"admin\" \/>\n<meta name=\"twitter:card\" content=\"summary_large_image\" \/>\n<meta name=\"twitter:label1\" content=\"\u00c9crit par\" \/>\n\t<meta name=\"twitter:data1\" content=\"admin\" \/>\n\t<meta name=\"twitter:label2\" content=\"Dur\u00e9e de lecture estim\u00e9e\" \/>\n\t<meta name=\"twitter:data2\" content=\"3 minutes\" \/>\n<script type=\"application\/ld+json\" class=\"yoast-schema-graph\">{\"@context\":\"https:\\\/\\\/schema.org\",\"@graph\":[{\"@type\":\"Article\",\"@id\":\"https:\\\/\\\/lasentinelle.dz\\\/index.php\\\/2026\\\/04\\\/23\\\/onu-lalgerie-plaide-pour-un-reequilibrage-du-systeme-financier-mondial\\\/#article\",\"isPartOf\":{\"@id\":\"https:\\\/\\\/lasentinelle.dz\\\/index.php\\\/2026\\\/04\\\/23\\\/onu-lalgerie-plaide-pour-un-reequilibrage-du-systeme-financier-mondial\\\/\"},\"author\":{\"name\":\"admin\",\"@id\":\"https:\\\/\\\/lasentinelle.dz\\\/#\\\/schema\\\/person\\\/729ee0024f24e0b8c5ec17232f8e8b41\"},\"headline\":\"ONU\u00a0: L&rsquo;Alg\u00e9rie plaide pour un r\u00e9\u00e9quilibrage du syst\u00e8me financier mondial\",\"datePublished\":\"2026-04-23T09:39:00+00:00\",\"dateModified\":\"2026-04-24T14:42:27+00:00\",\"mainEntityOfPage\":{\"@id\":\"https:\\\/\\\/lasentinelle.dz\\\/index.php\\\/2026\\\/04\\\/23\\\/onu-lalgerie-plaide-pour-un-reequilibrage-du-systeme-financier-mondial\\\/\"},\"wordCount\":559,\"commentCount\":0,\"publisher\":{\"@id\":\"https:\\\/\\\/lasentinelle.dz\\\/#organization\"},\"image\":{\"@id\":\"https:\\\/\\\/lasentinelle.dz\\\/index.php\\\/2026\\\/04\\\/23\\\/onu-lalgerie-plaide-pour-un-reequilibrage-du-systeme-financier-mondial\\\/#primaryimage\"},\"thumbnailUrl\":\"https:\\\/\\\/lasentinelle.dz\\\/wp-content\\\/uploads\\\/2026\\\/04\\\/bouzerd.jpg\",\"articleSection\":[\"\u00c9conomie\"],\"inLanguage\":\"fr-FR\",\"potentialAction\":[{\"@type\":\"CommentAction\",\"name\":\"Comment\",\"target\":[\"https:\\\/\\\/lasentinelle.dz\\\/index.php\\\/2026\\\/04\\\/23\\\/onu-lalgerie-plaide-pour-un-reequilibrage-du-systeme-financier-mondial\\\/#respond\"]}]},{\"@type\":\"WebPage\",\"@id\":\"https:\\\/\\\/lasentinelle.dz\\\/index.php\\\/2026\\\/04\\\/23\\\/onu-lalgerie-plaide-pour-un-reequilibrage-du-systeme-financier-mondial\\\/\",\"url\":\"https:\\\/\\\/lasentinelle.dz\\\/index.php\\\/2026\\\/04\\\/23\\\/onu-lalgerie-plaide-pour-un-reequilibrage-du-systeme-financier-mondial\\\/\",\"name\":\"ONU\u00a0: L&rsquo;Alg\u00e9rie plaide pour un r\u00e9\u00e9quilibrage du syst\u00e8me financier mondial - La Sentinelle\",\"isPartOf\":{\"@id\":\"https:\\\/\\\/lasentinelle.dz\\\/#website\"},\"primaryImageOfPage\":{\"@id\":\"https:\\\/\\\/lasentinelle.dz\\\/index.php\\\/2026\\\/04\\\/23\\\/onu-lalgerie-plaide-pour-un-reequilibrage-du-systeme-financier-mondial\\\/#primaryimage\"},\"image\":{\"@id\":\"https:\\\/\\\/lasentinelle.dz\\\/index.php\\\/2026\\\/04\\\/23\\\/onu-lalgerie-plaide-pour-un-reequilibrage-du-systeme-financier-mondial\\\/#primaryimage\"},\"thumbnailUrl\":\"https:\\\/\\\/lasentinelle.dz\\\/wp-content\\\/uploads\\\/2026\\\/04\\\/bouzerd.jpg\",\"datePublished\":\"2026-04-23T09:39:00+00:00\",\"dateModified\":\"2026-04-24T14:42:27+00:00\",\"breadcrumb\":{\"@id\":\"https:\\\/\\\/lasentinelle.dz\\\/index.php\\\/2026\\\/04\\\/23\\\/onu-lalgerie-plaide-pour-un-reequilibrage-du-systeme-financier-mondial\\\/#breadcrumb\"},\"inLanguage\":\"fr-FR\",\"potentialAction\":[{\"@type\":\"ReadAction\",\"target\":[\"https:\\\/\\\/lasentinelle.dz\\\/index.php\\\/2026\\\/04\\\/23\\\/onu-lalgerie-plaide-pour-un-reequilibrage-du-systeme-financier-mondial\\\/\"]}]},{\"@type\":\"ImageObject\",\"inLanguage\":\"fr-FR\",\"@id\":\"https:\\\/\\\/lasentinelle.dz\\\/index.php\\\/2026\\\/04\\\/23\\\/onu-lalgerie-plaide-pour-un-reequilibrage-du-systeme-financier-mondial\\\/#primaryimage\",\"url\":\"https:\\\/\\\/lasentinelle.dz\\\/wp-content\\\/uploads\\\/2026\\\/04\\\/bouzerd.jpg\",\"contentUrl\":\"https:\\\/\\\/lasentinelle.dz\\\/wp-content\\\/uploads\\\/2026\\\/04\\\/bouzerd.jpg\",\"width\":860,\"height\":652},{\"@type\":\"BreadcrumbList\",\"@id\":\"https:\\\/\\\/lasentinelle.dz\\\/index.php\\\/2026\\\/04\\\/23\\\/onu-lalgerie-plaide-pour-un-reequilibrage-du-systeme-financier-mondial\\\/#breadcrumb\",\"itemListElement\":[{\"@type\":\"ListItem\",\"position\":1,\"name\":\"Accueil\",\"item\":\"https:\\\/\\\/lasentinelle.dz\\\/\"},{\"@type\":\"ListItem\",\"position\":2,\"name\":\"ONU\u00a0: L&rsquo;Alg\u00e9rie plaide pour un r\u00e9\u00e9quilibrage du syst\u00e8me financier mondial\"}]},{\"@type\":\"WebSite\",\"@id\":\"https:\\\/\\\/lasentinelle.dz\\\/#website\",\"url\":\"https:\\\/\\\/lasentinelle.dz\\\/\",\"name\":\"La Sentinelle\",\"description\":\"Quotidien national d&#039;information\",\"publisher\":{\"@id\":\"https:\\\/\\\/lasentinelle.dz\\\/#organization\"},\"potentialAction\":[{\"@type\":\"SearchAction\",\"target\":{\"@type\":\"EntryPoint\",\"urlTemplate\":\"https:\\\/\\\/lasentinelle.dz\\\/?s={search_term_string}\"},\"query-input\":{\"@type\":\"PropertyValueSpecification\",\"valueRequired\":true,\"valueName\":\"search_term_string\"}}],\"inLanguage\":\"fr-FR\"},{\"@type\":\"Organization\",\"@id\":\"https:\\\/\\\/lasentinelle.dz\\\/#organization\",\"name\":\"Quotidien La Sentinelle\",\"url\":\"https:\\\/\\\/lasentinelle.dz\\\/\",\"logo\":{\"@type\":\"ImageObject\",\"inLanguage\":\"fr-FR\",\"@id\":\"https:\\\/\\\/lasentinelle.dz\\\/#\\\/schema\\\/logo\\\/image\\\/\",\"url\":\"https:\\\/\\\/lasentinelle.dz\\\/wp-content\\\/uploads\\\/2021\\\/09\\\/logo-sentinelleSLOGAN-1.png\",\"contentUrl\":\"https:\\\/\\\/lasentinelle.dz\\\/wp-content\\\/uploads\\\/2021\\\/09\\\/logo-sentinelleSLOGAN-1.png\",\"width\":615,\"height\":142,\"caption\":\"Quotidien La Sentinelle\"},\"image\":{\"@id\":\"https:\\\/\\\/lasentinelle.dz\\\/#\\\/schema\\\/logo\\\/image\\\/\"},\"sameAs\":[\"https:\\\/\\\/www.facebook.com\\\/La-Sentinelle-104059864394773\"]},{\"@type\":\"Person\",\"@id\":\"https:\\\/\\\/lasentinelle.dz\\\/#\\\/schema\\\/person\\\/729ee0024f24e0b8c5ec17232f8e8b41\",\"name\":\"admin\",\"image\":{\"@type\":\"ImageObject\",\"inLanguage\":\"fr-FR\",\"@id\":\"https:\\\/\\\/secure.gravatar.com\\\/avatar\\\/4c81fed838786e9b53f540bf46533e750f5d292099ae3b66cfc6fb1982e29df7?s=96&d=mm&r=g\",\"url\":\"https:\\\/\\\/secure.gravatar.com\\\/avatar\\\/4c81fed838786e9b53f540bf46533e750f5d292099ae3b66cfc6fb1982e29df7?s=96&d=mm&r=g\",\"contentUrl\":\"https:\\\/\\\/secure.gravatar.com\\\/avatar\\\/4c81fed838786e9b53f540bf46533e750f5d292099ae3b66cfc6fb1982e29df7?s=96&d=mm&r=g\",\"caption\":\"admin\"},\"description\":\"admin\",\"url\":\"https:\\\/\\\/lasentinelle.dz\\\/author\\\/admin\\\/\"}]}<\/script>\n<!-- \/ Yoast SEO plugin. -->","yoast_head_json":{"title":"ONU\u00a0: L&rsquo;Alg\u00e9rie plaide pour un r\u00e9\u00e9quilibrage du syst\u00e8me financier mondial - La Sentinelle","robots":{"index":"index","follow":"follow","max-snippet":"max-snippet:-1","max-image-preview":"max-image-preview:large","max-video-preview":"max-video-preview:-1"},"canonical":"https:\/\/lasentinelle.dz\/index.php\/2026\/04\/23\/onu-lalgerie-plaide-pour-un-reequilibrage-du-systeme-financier-mondial\/","og_locale":"fr_FR","og_type":"article","og_title":"ONU\u00a0: L&rsquo;Alg\u00e9rie plaide pour un r\u00e9\u00e9quilibrage du syst\u00e8me financier mondial - La Sentinelle","og_description":"Le ministre des Finances a pris la parole devant le forum onusien sur le financement du d\u00e9veloppement, r\u00e9clamant une r\u00e9forme","og_url":"https:\/\/lasentinelle.dz\/index.php\/2026\/04\/23\/onu-lalgerie-plaide-pour-un-reequilibrage-du-systeme-financier-mondial\/","og_site_name":"La Sentinelle","article_publisher":"https:\/\/www.facebook.com\/La-Sentinelle-104059864394773","article_published_time":"2026-04-23T09:39:00+00:00","article_modified_time":"2026-04-24T14:42:27+00:00","og_image":[{"width":860,"height":652,"url":"https:\/\/lasentinelle.dz\/wp-content\/uploads\/2026\/04\/bouzerd.jpg","type":"image\/jpeg"}],"author":"admin","twitter_card":"summary_large_image","twitter_misc":{"\u00c9crit par":"admin","Dur\u00e9e de lecture estim\u00e9e":"3 minutes"},"schema":{"@context":"https:\/\/schema.org","@graph":[{"@type":"Article","@id":"https:\/\/lasentinelle.dz\/index.php\/2026\/04\/23\/onu-lalgerie-plaide-pour-un-reequilibrage-du-systeme-financier-mondial\/#article","isPartOf":{"@id":"https:\/\/lasentinelle.dz\/index.php\/2026\/04\/23\/onu-lalgerie-plaide-pour-un-reequilibrage-du-systeme-financier-mondial\/"},"author":{"name":"admin","@id":"https:\/\/lasentinelle.dz\/#\/schema\/person\/729ee0024f24e0b8c5ec17232f8e8b41"},"headline":"ONU\u00a0: L&rsquo;Alg\u00e9rie plaide pour un r\u00e9\u00e9quilibrage du syst\u00e8me financier mondial","datePublished":"2026-04-23T09:39:00+00:00","dateModified":"2026-04-24T14:42:27+00:00","mainEntityOfPage":{"@id":"https:\/\/lasentinelle.dz\/index.php\/2026\/04\/23\/onu-lalgerie-plaide-pour-un-reequilibrage-du-systeme-financier-mondial\/"},"wordCount":559,"commentCount":0,"publisher":{"@id":"https:\/\/lasentinelle.dz\/#organization"},"image":{"@id":"https:\/\/lasentinelle.dz\/index.php\/2026\/04\/23\/onu-lalgerie-plaide-pour-un-reequilibrage-du-systeme-financier-mondial\/#primaryimage"},"thumbnailUrl":"https:\/\/lasentinelle.dz\/wp-content\/uploads\/2026\/04\/bouzerd.jpg","articleSection":["\u00c9conomie"],"inLanguage":"fr-FR","potentialAction":[{"@type":"CommentAction","name":"Comment","target":["https:\/\/lasentinelle.dz\/index.php\/2026\/04\/23\/onu-lalgerie-plaide-pour-un-reequilibrage-du-systeme-financier-mondial\/#respond"]}]},{"@type":"WebPage","@id":"https:\/\/lasentinelle.dz\/index.php\/2026\/04\/23\/onu-lalgerie-plaide-pour-un-reequilibrage-du-systeme-financier-mondial\/","url":"https:\/\/lasentinelle.dz\/index.php\/2026\/04\/23\/onu-lalgerie-plaide-pour-un-reequilibrage-du-systeme-financier-mondial\/","name":"ONU\u00a0: L&rsquo;Alg\u00e9rie plaide pour un r\u00e9\u00e9quilibrage du syst\u00e8me financier mondial - La Sentinelle","isPartOf":{"@id":"https:\/\/lasentinelle.dz\/#website"},"primaryImageOfPage":{"@id":"https:\/\/lasentinelle.dz\/index.php\/2026\/04\/23\/onu-lalgerie-plaide-pour-un-reequilibrage-du-systeme-financier-mondial\/#primaryimage"},"image":{"@id":"https:\/\/lasentinelle.dz\/index.php\/2026\/04\/23\/onu-lalgerie-plaide-pour-un-reequilibrage-du-systeme-financier-mondial\/#primaryimage"},"thumbnailUrl":"https:\/\/lasentinelle.dz\/wp-content\/uploads\/2026\/04\/bouzerd.jpg","datePublished":"2026-04-23T09:39:00+00:00","dateModified":"2026-04-24T14:42:27+00:00","breadcrumb":{"@id":"https:\/\/lasentinelle.dz\/index.php\/2026\/04\/23\/onu-lalgerie-plaide-pour-un-reequilibrage-du-systeme-financier-mondial\/#breadcrumb"},"inLanguage":"fr-FR","potentialAction":[{"@type":"ReadAction","target":["https:\/\/lasentinelle.dz\/index.php\/2026\/04\/23\/onu-lalgerie-plaide-pour-un-reequilibrage-du-systeme-financier-mondial\/"]}]},{"@type":"ImageObject","inLanguage":"fr-FR","@id":"https:\/\/lasentinelle.dz\/index.php\/2026\/04\/23\/onu-lalgerie-plaide-pour-un-reequilibrage-du-systeme-financier-mondial\/#primaryimage","url":"https:\/\/lasentinelle.dz\/wp-content\/uploads\/2026\/04\/bouzerd.jpg","contentUrl":"https:\/\/lasentinelle.dz\/wp-content\/uploads\/2026\/04\/bouzerd.jpg","width":860,"height":652},{"@type":"BreadcrumbList","@id":"https:\/\/lasentinelle.dz\/index.php\/2026\/04\/23\/onu-lalgerie-plaide-pour-un-reequilibrage-du-systeme-financier-mondial\/#breadcrumb","itemListElement":[{"@type":"ListItem","position":1,"name":"Accueil","item":"https:\/\/lasentinelle.dz\/"},{"@type":"ListItem","position":2,"name":"ONU\u00a0: L&rsquo;Alg\u00e9rie plaide pour un r\u00e9\u00e9quilibrage du syst\u00e8me financier mondial"}]},{"@type":"WebSite","@id":"https:\/\/lasentinelle.dz\/#website","url":"https:\/\/lasentinelle.dz\/","name":"La Sentinelle","description":"Quotidien national d&#039;information","publisher":{"@id":"https:\/\/lasentinelle.dz\/#organization"},"potentialAction":[{"@type":"SearchAction","target":{"@type":"EntryPoint","urlTemplate":"https:\/\/lasentinelle.dz\/?s={search_term_string}"},"query-input":{"@type":"PropertyValueSpecification","valueRequired":true,"valueName":"search_term_string"}}],"inLanguage":"fr-FR"},{"@type":"Organization","@id":"https:\/\/lasentinelle.dz\/#organization","name":"Quotidien La Sentinelle","url":"https:\/\/lasentinelle.dz\/","logo":{"@type":"ImageObject","inLanguage":"fr-FR","@id":"https:\/\/lasentinelle.dz\/#\/schema\/logo\/image\/","url":"https:\/\/lasentinelle.dz\/wp-content\/uploads\/2021\/09\/logo-sentinelleSLOGAN-1.png","contentUrl":"https:\/\/lasentinelle.dz\/wp-content\/uploads\/2021\/09\/logo-sentinelleSLOGAN-1.png","width":615,"height":142,"caption":"Quotidien La Sentinelle"},"image":{"@id":"https:\/\/lasentinelle.dz\/#\/schema\/logo\/image\/"},"sameAs":["https:\/\/www.facebook.com\/La-Sentinelle-104059864394773"]},{"@type":"Person","@id":"https:\/\/lasentinelle.dz\/#\/schema\/person\/729ee0024f24e0b8c5ec17232f8e8b41","name":"admin","image":{"@type":"ImageObject","inLanguage":"fr-FR","@id":"https:\/\/secure.gravatar.com\/avatar\/4c81fed838786e9b53f540bf46533e750f5d292099ae3b66cfc6fb1982e29df7?s=96&d=mm&r=g","url":"https:\/\/secure.gravatar.com\/avatar\/4c81fed838786e9b53f540bf46533e750f5d292099ae3b66cfc6fb1982e29df7?s=96&d=mm&r=g","contentUrl":"https:\/\/secure.gravatar.com\/avatar\/4c81fed838786e9b53f540bf46533e750f5d292099ae3b66cfc6fb1982e29df7?s=96&d=mm&r=g","caption":"admin"},"description":"admin","url":"https:\/\/lasentinelle.dz\/author\/admin\/"}]}},"_links":{"self":[{"href":"https:\/\/lasentinelle.dz\/index.php\/wp-json\/wp\/v2\/posts\/86278","targetHints":{"allow":["GET"]}}],"collection":[{"href":"https:\/\/lasentinelle.dz\/index.php\/wp-json\/wp\/v2\/posts"}],"about":[{"href":"https:\/\/lasentinelle.dz\/index.php\/wp-json\/wp\/v2\/types\/post"}],"author":[{"embeddable":true,"href":"https:\/\/lasentinelle.dz\/index.php\/wp-json\/wp\/v2\/users\/6"}],"replies":[{"embeddable":true,"href":"https:\/\/lasentinelle.dz\/index.php\/wp-json\/wp\/v2\/comments?post=86278"}],"version-history":[{"count":2,"href":"https:\/\/lasentinelle.dz\/index.php\/wp-json\/wp\/v2\/posts\/86278\/revisions"}],"predecessor-version":[{"id":86282,"href":"https:\/\/lasentinelle.dz\/index.php\/wp-json\/wp\/v2\/posts\/86278\/revisions\/86282"}],"wp:featuredmedia":[{"embeddable":true,"href":"https:\/\/lasentinelle.dz\/index.php\/wp-json\/wp\/v2\/media\/86280"}],"wp:attachment":[{"href":"https:\/\/lasentinelle.dz\/index.php\/wp-json\/wp\/v2\/media?parent=86278"}],"wp:term":[{"taxonomy":"category","embeddable":true,"href":"https:\/\/lasentinelle.dz\/index.php\/wp-json\/wp\/v2\/categories?post=86278"},{"taxonomy":"post_tag","embeddable":true,"href":"https:\/\/lasentinelle.dz\/index.php\/wp-json\/wp\/v2\/tags?post=86278"}],"curies":[{"name":"wp","href":"https:\/\/api.w.org\/{rel}","templated":true}]}}