{"id":86292,"date":"2026-04-23T10:46:00","date_gmt":"2026-04-23T09:46:00","guid":{"rendered":"https:\/\/lasentinelle.dz\/?p=86292"},"modified":"2026-04-24T15:47:32","modified_gmt":"2026-04-24T14:47:32","slug":"registre-de-commerce-les-mailles-du-filet-anti-blanchiment-resserrees","status":"publish","type":"post","link":"https:\/\/lasentinelle.dz\/index.php\/2026\/04\/23\/registre-de-commerce-les-mailles-du-filet-anti-blanchiment-resserrees\/","title":{"rendered":"Registre de commerce\u00a0: Les mailles du filet anti-blanchiment resserr\u00e9es"},"content":{"rendered":"\n<p>La commission des affaires \u00e9conomiques de l&rsquo;APN a examin\u00e9 mercredi un projet de loi qui refond les r\u00e8gles d&rsquo;immatriculation commerciale et \u00e9largit les obligations de transparence aux b\u00e9n\u00e9ficiaires effectifs des entreprises. Derri\u00e8re la r\u00e9forme technique, un enjeu de fond : assainir la sph\u00e8re \u00e9conomique et commerciale, longtemps fragilis\u00e9e par l&rsquo;opacit\u00e9 des structures de propri\u00e9t\u00e9 et l&rsquo;usage d\u00e9tourn\u00e9 des personnes morales \u2014 un chantier qui conditionne aussi la sortie de l&rsquo;Alg\u00e9rie de la liste grise du GAFI, o\u00f9 elle figure depuis octobre 2024.<\/p>\n\n\n\n<p>Le texte en discussion modifie la loi 04-08 relative aux conditions d&rsquo;exercice des activit\u00e9s commerciales. Son examen, conduit sous la pr\u00e9sidence de Samira Berhoum, a donn\u00e9 lieu \u00e0 un expos\u00e9 d\u00e9taill\u00e9 d&rsquo;Hocine Zaoui, charg\u00e9 de gestion du Centre national du registre de commerce (CNRC). Le cadre pos\u00e9 d&#8217;embl\u00e9e est celui d&rsquo;une r\u00e9forme de gouvernance : le projet constitue, selon lui, \u00ab un \u00e9l\u00e9ment essentiel dans le processus de transition vers la modernisation de la gouvernance \u00e9conomique, fond\u00e9e sur la transparence, la num\u00e9risation et la gestion des risques. \u00bb Une formule qui r\u00e9sume une ambition que les pouvoirs publics portent depuis plusieurs ann\u00e9es sans toujours lui donner les instruments juridiques ad\u00e9quats. Ce texte entend combler ce vide. Le projet s&rsquo;attaque \u00e0 un point pr\u00e9cis et longtemps n\u00e9glig\u00e9 : l&rsquo;identification des v\u00e9ritables propri\u00e9taires des soci\u00e9t\u00e9s immatricul\u00e9es. Il impose aux op\u00e9rateurs \u00e9conomiques de fournir des donn\u00e9es actualis\u00e9es sur leurs structures de propri\u00e9t\u00e9 et de gestion, et d&rsquo;identifier ce que le droit alg\u00e9rien appelle le \u00ab b\u00e9n\u00e9ficiaire effectif \u00bb \u2014 la personne physique qui, en dernier ressort, contr\u00f4le une entreprise, directement ou \u00e0 travers une cha\u00eene de participations. Plus question, donc, de dissimuler un actionnaire r\u00e9el derri\u00e8re une cascade de personnes morales. Toute soci\u00e9t\u00e9 soumise au droit alg\u00e9rien sera tenue de d\u00e9clarer ce d\u00e9tenteur de fait, avec une obligation de mise \u00e0 jour dans des d\u00e9lais fix\u00e9s par la loi.<\/p>\n\n\n\n<p>Amel Trikat, cadre au CNRC, a qualifi\u00e9 ce volet de \u00ab pilier essentiel garantissant l&rsquo;int\u00e9grit\u00e9 et la disponibilit\u00e9 d&rsquo;informations actualis\u00e9es, au service de la transparence \u00e9conomique et de la s\u00e9curit\u00e9 financi\u00e8re. \u00bb Ce registre des b\u00e9n\u00e9ficiaires effectifs existe d\u00e9j\u00e0 dans ses grandes lignes \u2014 le CNRC a lanc\u00e9 la plateforme num\u00e9rique Sijilcom pour en assurer le fonctionnement \u2014 mais le projet de loi lui donne une assise juridique plus robuste et des instruments r\u00e9pressifs concrets.<\/p>\n\n\n\n<p>Car le texte ne se contente pas de red\u00e9finir les obligations d\u00e9claratives. Il \u00e9largit le p\u00e9rim\u00e8tre des infractions li\u00e9es \u00e0 l&rsquo;activit\u00e9 commerciale pour y inclure explicitement le blanchiment d&rsquo;argent, le financement du terrorisme et la fraude fiscale. C&rsquo;est l\u00e0 sa dimension la plus structurante : le CNRC cesse d&rsquo;\u00eatre un simple greffe pour devenir un rouage actif du dispositif de lutte contre les crimes financiers, avec des pr\u00e9rogatives \u00e9largies en mati\u00e8re de collecte, d&rsquo;analyse et d&rsquo;\u00e9change de donn\u00e9es. L&rsquo;approche retenue est celle du contr\u00f4le par les risques \u2014 d\u00e9tecter en amont les situations anormales plut\u00f4t que constater les infractions apr\u00e8s coup. Une logique conforme aux standards du GAFI, dont l&rsquo;Alg\u00e9rie a \u00ab substantiellement achev\u00e9 \u00bb le plan d&rsquo;action correctif selon la derni\u00e8re \u00e9valuation de f\u00e9vrier 2026, une visite sur site restant \u00e0 effectuer avant toute d\u00e9cision de sortie de liste.<\/p>\n\n\n\n<p>Les sanctions sont revues en cons\u00e9quence. Le projet instaure un syst\u00e8me d&rsquo;amendes gradu\u00e9es, proportionnelles \u00e0 la nature et \u00e0 la gravit\u00e9 des manquements. C&rsquo;est une rupture avec un travers r\u00e9current : des obligations l\u00e9gales pos\u00e9es sans m\u00e9canisme d&rsquo;application cr\u00e9dible. Zaoui a pr\u00e9sent\u00e9 ce volet r\u00e9pressif comme une condition de l&rsquo;efficacit\u00e9 d&rsquo;ensemble du texte, indispensable pour \u00ab renforcer la discipline au sein du march\u00e9. \u00bb<\/p>\n\n\n\n<p>La r\u00e9forme s&rsquo;inscrit dans un mouvement plus large de moralisation de la vie \u00e9conomique que l&rsquo;Alg\u00e9rie conduit depuis 2020 \u2014 assainissement du commerce informel, encadrement des flux financiers, num\u00e9risation des registres, lutte contre la fraude fiscale. Elle en constitue une pi\u00e8ce ma\u00eetresse, en donnant au registre du commerce un r\u00f4le qu&rsquo;il n&rsquo;avait pas jusqu&rsquo;ici : celui d&rsquo;un instrument de s\u00e9curit\u00e9 \u00e9conomique. Le CNRC a d&rsquo;ailleurs pr\u00e9sent\u00e9 ses avanc\u00e9es r\u00e9centes en mati\u00e8re de num\u00e9risation comme un socle sur lequel ce nouveau dispositif peut prendre appui, faisant du registre \u00ab la pierre angulaire de la construction d&rsquo;un climat d&rsquo;investissement s\u00fbr et techniquement ma\u00eetris\u00e9. \u00bb<\/p>\n\n\n\n<p>Le projet pr\u00e9voit \u00e9galement des mesures de simplification administrative : renforcement du r\u00f4le des guichets uniques pour accompagner les investisseurs, adaptation de certaines dispositions aux entreprises \u00e0 caract\u00e8re strat\u00e9gique, avec un r\u00e9gime sp\u00e9cifique conciliant transparence et confidentialit\u00e9. Ce dernier point \u2014 diff\u00e9rencier le traitement des soci\u00e9t\u00e9s sensibles sans vider l&rsquo;obligation de transparence de sa substance \u2014 sera l&rsquo;un des points de d\u00e9bat lors des prochaines s\u00e9ances de la commission.<\/p>\n\n\n\n<p>Hocine Fadheli<\/p>\n","protected":false},"excerpt":{"rendered":"<p>La commission des affaires \u00e9conomiques de l&rsquo;APN a examin\u00e9 mercredi un projet de loi qui refond les r\u00e8gles d&rsquo;immatriculation commerciale<\/p>\n","protected":false},"author":6,"featured_media":86293,"comment_status":"open","ping_status":"closed","sticky":false,"template":"","format":"standard","meta":{"colormag_page_container_layout":"default_layout","colormag_page_sidebar_layout":"default_layout","om_disable_all_campaigns":false,"_monsterinsights_skip_tracking":false,"_monsterinsights_sitenote_active":false,"_monsterinsights_sitenote_note":"","_monsterinsights_sitenote_category":0,"footnotes":"","_wpscppro_dont_share_socialmedia":false,"_wpscppro_custom_social_share_image":0,"_facebook_share_type":"default","_twitter_share_type":"default","_linkedin_share_type":"default","_pinterest_share_type":"default","_linkedin_share_type_page":"","_instagram_share_type":"default","_medium_share_type":"default","_threads_share_type":"default","_google_business_share_type":"default","_selected_social_profile":[],"_wpsp_enable_custom_social_template":false,"_wpsp_social_scheduling":{"enabled":false,"datetime":null,"platforms":[],"status":"template_only","dateOption":"today","timeOption":"now","customDays":"","customHours":"","customDate":"","customTime":"","schedulingType":"absolute"},"_wpsp_active_default_template":true},"categories":[52,27],"tags":[],"class_list":["post-86292","post","type-post","status-publish","format-standard","has-post-thumbnail","hentry","category-a-la-une","category-actualite"],"aioseo_notices":[],"yoast_head":"<!-- This site is optimized with the Yoast SEO plugin v27.4 - https:\/\/yoast.com\/product\/yoast-seo-wordpress\/ -->\n<title>Registre de commerce\u00a0: Les mailles du filet anti-blanchiment resserr\u00e9es - La Sentinelle<\/title>\n<meta name=\"robots\" content=\"index, follow, max-snippet:-1, max-image-preview:large, max-video-preview:-1\" \/>\n<link rel=\"canonical\" href=\"https:\/\/lasentinelle.dz\/index.php\/2026\/04\/23\/registre-de-commerce-les-mailles-du-filet-anti-blanchiment-resserrees\/\" \/>\n<meta property=\"og:locale\" content=\"fr_FR\" \/>\n<meta property=\"og:type\" content=\"article\" \/>\n<meta property=\"og:title\" content=\"Registre de commerce\u00a0: Les mailles du filet anti-blanchiment resserr\u00e9es - La Sentinelle\" \/>\n<meta property=\"og:description\" content=\"La commission des affaires \u00e9conomiques de l&rsquo;APN a examin\u00e9 mercredi un projet de loi qui refond les r\u00e8gles d&rsquo;immatriculation commerciale\" \/>\n<meta property=\"og:url\" content=\"https:\/\/lasentinelle.dz\/index.php\/2026\/04\/23\/registre-de-commerce-les-mailles-du-filet-anti-blanchiment-resserrees\/\" \/>\n<meta property=\"og:site_name\" content=\"La Sentinelle\" \/>\n<meta property=\"article:publisher\" content=\"https:\/\/www.facebook.com\/La-Sentinelle-104059864394773\" \/>\n<meta property=\"article:published_time\" content=\"2026-04-23T09:46:00+00:00\" \/>\n<meta property=\"article:modified_time\" content=\"2026-04-24T14:47:32+00:00\" \/>\n<meta property=\"og:image\" content=\"https:\/\/lasentinelle.dz\/wp-content\/uploads\/2026\/04\/CNRC.jpg\" \/>\n\t<meta property=\"og:image:width\" content=\"679\" \/>\n\t<meta property=\"og:image:height\" content=\"417\" \/>\n\t<meta property=\"og:image:type\" content=\"image\/jpeg\" \/>\n<meta name=\"author\" content=\"admin\" \/>\n<meta name=\"twitter:card\" content=\"summary_large_image\" \/>\n<meta name=\"twitter:label1\" content=\"\u00c9crit par\" \/>\n\t<meta name=\"twitter:data1\" content=\"admin\" \/>\n\t<meta name=\"twitter:label2\" content=\"Dur\u00e9e de lecture estim\u00e9e\" \/>\n\t<meta name=\"twitter:data2\" content=\"4 minutes\" \/>\n<script type=\"application\/ld+json\" class=\"yoast-schema-graph\">{\"@context\":\"https:\\\/\\\/schema.org\",\"@graph\":[{\"@type\":\"Article\",\"@id\":\"https:\\\/\\\/lasentinelle.dz\\\/index.php\\\/2026\\\/04\\\/23\\\/registre-de-commerce-les-mailles-du-filet-anti-blanchiment-resserrees\\\/#article\",\"isPartOf\":{\"@id\":\"https:\\\/\\\/lasentinelle.dz\\\/index.php\\\/2026\\\/04\\\/23\\\/registre-de-commerce-les-mailles-du-filet-anti-blanchiment-resserrees\\\/\"},\"author\":{\"name\":\"admin\",\"@id\":\"https:\\\/\\\/lasentinelle.dz\\\/#\\\/schema\\\/person\\\/729ee0024f24e0b8c5ec17232f8e8b41\"},\"headline\":\"Registre de commerce\u00a0: Les mailles du filet anti-blanchiment resserr\u00e9es\",\"datePublished\":\"2026-04-23T09:46:00+00:00\",\"dateModified\":\"2026-04-24T14:47:32+00:00\",\"mainEntityOfPage\":{\"@id\":\"https:\\\/\\\/lasentinelle.dz\\\/index.php\\\/2026\\\/04\\\/23\\\/registre-de-commerce-les-mailles-du-filet-anti-blanchiment-resserrees\\\/\"},\"wordCount\":875,\"commentCount\":0,\"publisher\":{\"@id\":\"https:\\\/\\\/lasentinelle.dz\\\/#organization\"},\"image\":{\"@id\":\"https:\\\/\\\/lasentinelle.dz\\\/index.php\\\/2026\\\/04\\\/23\\\/registre-de-commerce-les-mailles-du-filet-anti-blanchiment-resserrees\\\/#primaryimage\"},\"thumbnailUrl\":\"https:\\\/\\\/lasentinelle.dz\\\/wp-content\\\/uploads\\\/2026\\\/04\\\/CNRC.jpg\",\"articleSection\":[\"\u00c0 la Une\",\"Actualit\u00e9\"],\"inLanguage\":\"fr-FR\",\"potentialAction\":[{\"@type\":\"CommentAction\",\"name\":\"Comment\",\"target\":[\"https:\\\/\\\/lasentinelle.dz\\\/index.php\\\/2026\\\/04\\\/23\\\/registre-de-commerce-les-mailles-du-filet-anti-blanchiment-resserrees\\\/#respond\"]}]},{\"@type\":\"WebPage\",\"@id\":\"https:\\\/\\\/lasentinelle.dz\\\/index.php\\\/2026\\\/04\\\/23\\\/registre-de-commerce-les-mailles-du-filet-anti-blanchiment-resserrees\\\/\",\"url\":\"https:\\\/\\\/lasentinelle.dz\\\/index.php\\\/2026\\\/04\\\/23\\\/registre-de-commerce-les-mailles-du-filet-anti-blanchiment-resserrees\\\/\",\"name\":\"Registre de commerce\u00a0: Les mailles du filet anti-blanchiment resserr\u00e9es - La Sentinelle\",\"isPartOf\":{\"@id\":\"https:\\\/\\\/lasentinelle.dz\\\/#website\"},\"primaryImageOfPage\":{\"@id\":\"https:\\\/\\\/lasentinelle.dz\\\/index.php\\\/2026\\\/04\\\/23\\\/registre-de-commerce-les-mailles-du-filet-anti-blanchiment-resserrees\\\/#primaryimage\"},\"image\":{\"@id\":\"https:\\\/\\\/lasentinelle.dz\\\/index.php\\\/2026\\\/04\\\/23\\\/registre-de-commerce-les-mailles-du-filet-anti-blanchiment-resserrees\\\/#primaryimage\"},\"thumbnailUrl\":\"https:\\\/\\\/lasentinelle.dz\\\/wp-content\\\/uploads\\\/2026\\\/04\\\/CNRC.jpg\",\"datePublished\":\"2026-04-23T09:46:00+00:00\",\"dateModified\":\"2026-04-24T14:47:32+00:00\",\"breadcrumb\":{\"@id\":\"https:\\\/\\\/lasentinelle.dz\\\/index.php\\\/2026\\\/04\\\/23\\\/registre-de-commerce-les-mailles-du-filet-anti-blanchiment-resserrees\\\/#breadcrumb\"},\"inLanguage\":\"fr-FR\",\"potentialAction\":[{\"@type\":\"ReadAction\",\"target\":[\"https:\\\/\\\/lasentinelle.dz\\\/index.php\\\/2026\\\/04\\\/23\\\/registre-de-commerce-les-mailles-du-filet-anti-blanchiment-resserrees\\\/\"]}]},{\"@type\":\"ImageObject\",\"inLanguage\":\"fr-FR\",\"@id\":\"https:\\\/\\\/lasentinelle.dz\\\/index.php\\\/2026\\\/04\\\/23\\\/registre-de-commerce-les-mailles-du-filet-anti-blanchiment-resserrees\\\/#primaryimage\",\"url\":\"https:\\\/\\\/lasentinelle.dz\\\/wp-content\\\/uploads\\\/2026\\\/04\\\/CNRC.jpg\",\"contentUrl\":\"https:\\\/\\\/lasentinelle.dz\\\/wp-content\\\/uploads\\\/2026\\\/04\\\/CNRC.jpg\",\"width\":679,\"height\":417},{\"@type\":\"BreadcrumbList\",\"@id\":\"https:\\\/\\\/lasentinelle.dz\\\/index.php\\\/2026\\\/04\\\/23\\\/registre-de-commerce-les-mailles-du-filet-anti-blanchiment-resserrees\\\/#breadcrumb\",\"itemListElement\":[{\"@type\":\"ListItem\",\"position\":1,\"name\":\"Accueil\",\"item\":\"https:\\\/\\\/lasentinelle.dz\\\/\"},{\"@type\":\"ListItem\",\"position\":2,\"name\":\"Registre de commerce\u00a0: Les mailles du filet anti-blanchiment resserr\u00e9es\"}]},{\"@type\":\"WebSite\",\"@id\":\"https:\\\/\\\/lasentinelle.dz\\\/#website\",\"url\":\"https:\\\/\\\/lasentinelle.dz\\\/\",\"name\":\"La Sentinelle\",\"description\":\"Quotidien national d&#039;information\",\"publisher\":{\"@id\":\"https:\\\/\\\/lasentinelle.dz\\\/#organization\"},\"potentialAction\":[{\"@type\":\"SearchAction\",\"target\":{\"@type\":\"EntryPoint\",\"urlTemplate\":\"https:\\\/\\\/lasentinelle.dz\\\/?s={search_term_string}\"},\"query-input\":{\"@type\":\"PropertyValueSpecification\",\"valueRequired\":true,\"valueName\":\"search_term_string\"}}],\"inLanguage\":\"fr-FR\"},{\"@type\":\"Organization\",\"@id\":\"https:\\\/\\\/lasentinelle.dz\\\/#organization\",\"name\":\"Quotidien La Sentinelle\",\"url\":\"https:\\\/\\\/lasentinelle.dz\\\/\",\"logo\":{\"@type\":\"ImageObject\",\"inLanguage\":\"fr-FR\",\"@id\":\"https:\\\/\\\/lasentinelle.dz\\\/#\\\/schema\\\/logo\\\/image\\\/\",\"url\":\"https:\\\/\\\/lasentinelle.dz\\\/wp-content\\\/uploads\\\/2021\\\/09\\\/logo-sentinelleSLOGAN-1.png\",\"contentUrl\":\"https:\\\/\\\/lasentinelle.dz\\\/wp-content\\\/uploads\\\/2021\\\/09\\\/logo-sentinelleSLOGAN-1.png\",\"width\":615,\"height\":142,\"caption\":\"Quotidien La Sentinelle\"},\"image\":{\"@id\":\"https:\\\/\\\/lasentinelle.dz\\\/#\\\/schema\\\/logo\\\/image\\\/\"},\"sameAs\":[\"https:\\\/\\\/www.facebook.com\\\/La-Sentinelle-104059864394773\"]},{\"@type\":\"Person\",\"@id\":\"https:\\\/\\\/lasentinelle.dz\\\/#\\\/schema\\\/person\\\/729ee0024f24e0b8c5ec17232f8e8b41\",\"name\":\"admin\",\"image\":{\"@type\":\"ImageObject\",\"inLanguage\":\"fr-FR\",\"@id\":\"https:\\\/\\\/secure.gravatar.com\\\/avatar\\\/4c81fed838786e9b53f540bf46533e750f5d292099ae3b66cfc6fb1982e29df7?s=96&d=mm&r=g\",\"url\":\"https:\\\/\\\/secure.gravatar.com\\\/avatar\\\/4c81fed838786e9b53f540bf46533e750f5d292099ae3b66cfc6fb1982e29df7?s=96&d=mm&r=g\",\"contentUrl\":\"https:\\\/\\\/secure.gravatar.com\\\/avatar\\\/4c81fed838786e9b53f540bf46533e750f5d292099ae3b66cfc6fb1982e29df7?s=96&d=mm&r=g\",\"caption\":\"admin\"},\"description\":\"admin\",\"url\":\"https:\\\/\\\/lasentinelle.dz\\\/author\\\/admin\\\/\"}]}<\/script>\n<!-- \/ Yoast SEO plugin. -->","yoast_head_json":{"title":"Registre de commerce\u00a0: Les mailles du filet anti-blanchiment resserr\u00e9es - La Sentinelle","robots":{"index":"index","follow":"follow","max-snippet":"max-snippet:-1","max-image-preview":"max-image-preview:large","max-video-preview":"max-video-preview:-1"},"canonical":"https:\/\/lasentinelle.dz\/index.php\/2026\/04\/23\/registre-de-commerce-les-mailles-du-filet-anti-blanchiment-resserrees\/","og_locale":"fr_FR","og_type":"article","og_title":"Registre de commerce\u00a0: Les mailles du filet anti-blanchiment resserr\u00e9es - La Sentinelle","og_description":"La commission des affaires \u00e9conomiques de l&rsquo;APN a examin\u00e9 mercredi un projet de loi qui refond les r\u00e8gles d&rsquo;immatriculation commerciale","og_url":"https:\/\/lasentinelle.dz\/index.php\/2026\/04\/23\/registre-de-commerce-les-mailles-du-filet-anti-blanchiment-resserrees\/","og_site_name":"La Sentinelle","article_publisher":"https:\/\/www.facebook.com\/La-Sentinelle-104059864394773","article_published_time":"2026-04-23T09:46:00+00:00","article_modified_time":"2026-04-24T14:47:32+00:00","og_image":[{"width":679,"height":417,"url":"https:\/\/lasentinelle.dz\/wp-content\/uploads\/2026\/04\/CNRC.jpg","type":"image\/jpeg"}],"author":"admin","twitter_card":"summary_large_image","twitter_misc":{"\u00c9crit par":"admin","Dur\u00e9e de lecture estim\u00e9e":"4 minutes"},"schema":{"@context":"https:\/\/schema.org","@graph":[{"@type":"Article","@id":"https:\/\/lasentinelle.dz\/index.php\/2026\/04\/23\/registre-de-commerce-les-mailles-du-filet-anti-blanchiment-resserrees\/#article","isPartOf":{"@id":"https:\/\/lasentinelle.dz\/index.php\/2026\/04\/23\/registre-de-commerce-les-mailles-du-filet-anti-blanchiment-resserrees\/"},"author":{"name":"admin","@id":"https:\/\/lasentinelle.dz\/#\/schema\/person\/729ee0024f24e0b8c5ec17232f8e8b41"},"headline":"Registre de commerce\u00a0: Les mailles du filet anti-blanchiment resserr\u00e9es","datePublished":"2026-04-23T09:46:00+00:00","dateModified":"2026-04-24T14:47:32+00:00","mainEntityOfPage":{"@id":"https:\/\/lasentinelle.dz\/index.php\/2026\/04\/23\/registre-de-commerce-les-mailles-du-filet-anti-blanchiment-resserrees\/"},"wordCount":875,"commentCount":0,"publisher":{"@id":"https:\/\/lasentinelle.dz\/#organization"},"image":{"@id":"https:\/\/lasentinelle.dz\/index.php\/2026\/04\/23\/registre-de-commerce-les-mailles-du-filet-anti-blanchiment-resserrees\/#primaryimage"},"thumbnailUrl":"https:\/\/lasentinelle.dz\/wp-content\/uploads\/2026\/04\/CNRC.jpg","articleSection":["\u00c0 la Une","Actualit\u00e9"],"inLanguage":"fr-FR","potentialAction":[{"@type":"CommentAction","name":"Comment","target":["https:\/\/lasentinelle.dz\/index.php\/2026\/04\/23\/registre-de-commerce-les-mailles-du-filet-anti-blanchiment-resserrees\/#respond"]}]},{"@type":"WebPage","@id":"https:\/\/lasentinelle.dz\/index.php\/2026\/04\/23\/registre-de-commerce-les-mailles-du-filet-anti-blanchiment-resserrees\/","url":"https:\/\/lasentinelle.dz\/index.php\/2026\/04\/23\/registre-de-commerce-les-mailles-du-filet-anti-blanchiment-resserrees\/","name":"Registre de commerce\u00a0: Les mailles du filet anti-blanchiment resserr\u00e9es - La Sentinelle","isPartOf":{"@id":"https:\/\/lasentinelle.dz\/#website"},"primaryImageOfPage":{"@id":"https:\/\/lasentinelle.dz\/index.php\/2026\/04\/23\/registre-de-commerce-les-mailles-du-filet-anti-blanchiment-resserrees\/#primaryimage"},"image":{"@id":"https:\/\/lasentinelle.dz\/index.php\/2026\/04\/23\/registre-de-commerce-les-mailles-du-filet-anti-blanchiment-resserrees\/#primaryimage"},"thumbnailUrl":"https:\/\/lasentinelle.dz\/wp-content\/uploads\/2026\/04\/CNRC.jpg","datePublished":"2026-04-23T09:46:00+00:00","dateModified":"2026-04-24T14:47:32+00:00","breadcrumb":{"@id":"https:\/\/lasentinelle.dz\/index.php\/2026\/04\/23\/registre-de-commerce-les-mailles-du-filet-anti-blanchiment-resserrees\/#breadcrumb"},"inLanguage":"fr-FR","potentialAction":[{"@type":"ReadAction","target":["https:\/\/lasentinelle.dz\/index.php\/2026\/04\/23\/registre-de-commerce-les-mailles-du-filet-anti-blanchiment-resserrees\/"]}]},{"@type":"ImageObject","inLanguage":"fr-FR","@id":"https:\/\/lasentinelle.dz\/index.php\/2026\/04\/23\/registre-de-commerce-les-mailles-du-filet-anti-blanchiment-resserrees\/#primaryimage","url":"https:\/\/lasentinelle.dz\/wp-content\/uploads\/2026\/04\/CNRC.jpg","contentUrl":"https:\/\/lasentinelle.dz\/wp-content\/uploads\/2026\/04\/CNRC.jpg","width":679,"height":417},{"@type":"BreadcrumbList","@id":"https:\/\/lasentinelle.dz\/index.php\/2026\/04\/23\/registre-de-commerce-les-mailles-du-filet-anti-blanchiment-resserrees\/#breadcrumb","itemListElement":[{"@type":"ListItem","position":1,"name":"Accueil","item":"https:\/\/lasentinelle.dz\/"},{"@type":"ListItem","position":2,"name":"Registre de commerce\u00a0: Les mailles du filet anti-blanchiment resserr\u00e9es"}]},{"@type":"WebSite","@id":"https:\/\/lasentinelle.dz\/#website","url":"https:\/\/lasentinelle.dz\/","name":"La Sentinelle","description":"Quotidien national d&#039;information","publisher":{"@id":"https:\/\/lasentinelle.dz\/#organization"},"potentialAction":[{"@type":"SearchAction","target":{"@type":"EntryPoint","urlTemplate":"https:\/\/lasentinelle.dz\/?s={search_term_string}"},"query-input":{"@type":"PropertyValueSpecification","valueRequired":true,"valueName":"search_term_string"}}],"inLanguage":"fr-FR"},{"@type":"Organization","@id":"https:\/\/lasentinelle.dz\/#organization","name":"Quotidien La Sentinelle","url":"https:\/\/lasentinelle.dz\/","logo":{"@type":"ImageObject","inLanguage":"fr-FR","@id":"https:\/\/lasentinelle.dz\/#\/schema\/logo\/image\/","url":"https:\/\/lasentinelle.dz\/wp-content\/uploads\/2021\/09\/logo-sentinelleSLOGAN-1.png","contentUrl":"https:\/\/lasentinelle.dz\/wp-content\/uploads\/2021\/09\/logo-sentinelleSLOGAN-1.png","width":615,"height":142,"caption":"Quotidien La Sentinelle"},"image":{"@id":"https:\/\/lasentinelle.dz\/#\/schema\/logo\/image\/"},"sameAs":["https:\/\/www.facebook.com\/La-Sentinelle-104059864394773"]},{"@type":"Person","@id":"https:\/\/lasentinelle.dz\/#\/schema\/person\/729ee0024f24e0b8c5ec17232f8e8b41","name":"admin","image":{"@type":"ImageObject","inLanguage":"fr-FR","@id":"https:\/\/secure.gravatar.com\/avatar\/4c81fed838786e9b53f540bf46533e750f5d292099ae3b66cfc6fb1982e29df7?s=96&d=mm&r=g","url":"https:\/\/secure.gravatar.com\/avatar\/4c81fed838786e9b53f540bf46533e750f5d292099ae3b66cfc6fb1982e29df7?s=96&d=mm&r=g","contentUrl":"https:\/\/secure.gravatar.com\/avatar\/4c81fed838786e9b53f540bf46533e750f5d292099ae3b66cfc6fb1982e29df7?s=96&d=mm&r=g","caption":"admin"},"description":"admin","url":"https:\/\/lasentinelle.dz\/author\/admin\/"}]}},"_links":{"self":[{"href":"https:\/\/lasentinelle.dz\/index.php\/wp-json\/wp\/v2\/posts\/86292","targetHints":{"allow":["GET"]}}],"collection":[{"href":"https:\/\/lasentinelle.dz\/index.php\/wp-json\/wp\/v2\/posts"}],"about":[{"href":"https:\/\/lasentinelle.dz\/index.php\/wp-json\/wp\/v2\/types\/post"}],"author":[{"embeddable":true,"href":"https:\/\/lasentinelle.dz\/index.php\/wp-json\/wp\/v2\/users\/6"}],"replies":[{"embeddable":true,"href":"https:\/\/lasentinelle.dz\/index.php\/wp-json\/wp\/v2\/comments?post=86292"}],"version-history":[{"count":1,"href":"https:\/\/lasentinelle.dz\/index.php\/wp-json\/wp\/v2\/posts\/86292\/revisions"}],"predecessor-version":[{"id":86294,"href":"https:\/\/lasentinelle.dz\/index.php\/wp-json\/wp\/v2\/posts\/86292\/revisions\/86294"}],"wp:featuredmedia":[{"embeddable":true,"href":"https:\/\/lasentinelle.dz\/index.php\/wp-json\/wp\/v2\/media\/86293"}],"wp:attachment":[{"href":"https:\/\/lasentinelle.dz\/index.php\/wp-json\/wp\/v2\/media?parent=86292"}],"wp:term":[{"taxonomy":"category","embeddable":true,"href":"https:\/\/lasentinelle.dz\/index.php\/wp-json\/wp\/v2\/categories?post=86292"},{"taxonomy":"post_tag","embeddable":true,"href":"https:\/\/lasentinelle.dz\/index.php\/wp-json\/wp\/v2\/tags?post=86292"}],"curies":[{"name":"wp","href":"https:\/\/api.w.org\/{rel}","templated":true}]}}