{"id":8636,"date":"2021-09-21T00:01:00","date_gmt":"2021-09-20T23:01:00","guid":{"rendered":"https:\/\/lasentinelle.dz\/?p=8636"},"modified":"2021-09-20T20:07:57","modified_gmt":"2021-09-20T19:07:57","slug":"prix-exorbitants-des-articles-scolaires-un-autre-fardeau-pour-les-menages","status":"publish","type":"post","link":"https:\/\/lasentinelle.dz\/index.php\/2021\/09\/21\/prix-exorbitants-des-articles-scolaires-un-autre-fardeau-pour-les-menages\/","title":{"rendered":"Prix exorbitants des articles scolaires : Un autre fardeau pour les m\u00e9nages"},"content":{"rendered":"\n<p>La rentr\u00e9e scolaire s\u2019annonce chaude cette ann\u00e9e. Les prix des articles scolaires ont pris contre toute attente une courbe ascendante au point que les parents s\u2019inqui\u00e8tent au plus haut degr\u00e9. Les m\u00e9nages qui s\u2019appr\u00eatent d\u00e9j\u00e0 \u00e0 entamer une rentr\u00e9e difficile au vu de la chert\u00e9 de la vie&nbsp; vont h\u00e9las devoir faire face \u00e0 une autre augmentation inattendue, celle des articles scolaires. Les parents d\u2019\u00e9l\u00e8ves constatent avec d\u00e9pit les prix tr\u00e8s chers des cahiers, des cartables et de tous les articles connexes. Une hausse que les vendeurs refusent de commenter \u00e9tant donn\u00e9 que&nbsp; son origine d\u00e9coule clairement de r\u00e8gles commerciales \u00ab tordues \u00bb. La sp\u00e9culation semble clairement \u00eatre l\u2019\u00e9l\u00e9ment d\u00e9clencheur \u00e9tant donn\u00e9 que les prix \u00e0 l\u2019importation sont rest\u00e9s sur la m\u00eame courbe horizontale que l\u2019ann\u00e9e pass\u00e9e.&nbsp; D\u2019ailleurs, les parents s\u2019interrogeaient hier sur cette pratique qui commence \u00e0 s\u2019installer consistant \u00e0 vendre les articles scolaires \u00e0 m\u00eame le trottoir. \u00ab D\u2019o\u00f9 viennent&nbsp; ces jeunes vendeurs et d\u2019o\u00f9 leur vient toute cette marchandise expos\u00e9e\u00bb, s\u2019interroge un p\u00e8re de famille accost\u00e9 en compagnie de ses trois enfants. \u00ab Pour le cartable et la blouse, j&rsquo;ai d\u00e9pens\u00e9 2.800 DA. Les autres articles comme les livres, cahiers et leurs prot\u00e8ges, stylos, ardoise, n\u00e9cessitent un budget de pas moins de 3.000 DA, selon la qualit\u00e9\u00a0\u00bb, affirme, pour sa part, une dame. Rue, Laarbi Ben M&rsquo;hidi, \u00e0 Alger-centre, un vendeur sp\u00e9cialis\u00e9 dans les manuels et fournitures scolaires, affirme que le budget moyen des articles pour un \u00e9colier du primaire s&rsquo;\u00e9l\u00e8ve \u00e0 4.500 dinars, le cartable compris. \u00ab\u00a0Les parents aux moyens revenus, notamment ceux ayant en charge plus d&rsquo;un enfant scolaris\u00e9, ne sont pas en mesure d&rsquo;assurer les d\u00e9penses li\u00e9es \u00e0 la scolarisation\u00a0\u00bb,.<\/p>\n\n\n\n<p>Devant cette situation, le pr\u00e9sident de l&rsquo;Organisation alg\u00e9rienne de protection et d&rsquo;orientation du consommateur et son environnement (Apoce), Mustapha Zebdi, reconna\u00eet que cette rentr\u00e9e s&rsquo;annonce \u00ab\u00a0difficile\u00a0\u00bb pour les parents d&rsquo;\u00e9l\u00e8ves en raison de la chert\u00e9 des articles scolaires. M. Zebdi explique par ailleurs cette hausse par le co\u00fbt du transport maritime qui a \u00ab\u00a0explos\u00e9\u00a0\u00bb avec la conjoncture sanitaire li\u00e9e \u00e0 la Covid-19, les pratiques sp\u00e9culatives de certains commer\u00e7ants et la d\u00e9valuation du dinar \u00bb d\u00e9plorant ainsi la d\u00e9pendance totale de l&rsquo;Alg\u00e9rie des march\u00e9s ext\u00e9rieurs en mati\u00e8re d&rsquo;articles scolaires \u00e0 cause notamment du d\u00e9clin de l&rsquo;industrie locale dans ce domaine vers les ann\u00e9es 90.Par contre, pour le pr\u00e9sident de l&rsquo;Association nationale de parents d&rsquo;\u00e9l\u00e8ves (ANPE), Khaled Ahmed, les pouvoirs publics doivent imm\u00e9diatement intervenir sur le march\u00e9. \u00ab\u00a0L&rsquo;Etat doit absolument agir afin de garantir aux consommateurs des produits de qualit\u00e9 conformes aux normes et \u00e0 des prix abordables\u00a0\u00bb, a-t-il plaid\u00e9, pr\u00e9cisant que les prix ont augment\u00e9 \u00ab\u00a0de plus de 30 %\u00a0\u00bb par rapport \u00e0 l&rsquo;ann\u00e9e pr\u00e9c\u00e9dente. Le m\u00eame responsable a \u00e9galement plaid\u00e9 pour un travail de partenariat entre les pouvoirs publics et les communes et les da\u00efras pour la vente des trousseaux scolaires au sein m\u00eame des \u00e9coles primaires, coll\u00e8ges et lyc\u00e9es au m\u00eame titre que les manuels scolaires.<\/p>\n\n\n\n<p>Enfin, devant cette situation, le pr\u00e9sident de l&rsquo;association El Aman a appel\u00e9 les enseignants \u00e0 ne pas demander aux \u00e9l\u00e8ves de ne pr\u00e9senter que les articles scolaires indispensables et de ne pas exiger l&rsquo;utilisation d&rsquo;articles neufs.<br>Akli Amor<\/p>\n","protected":false},"excerpt":{"rendered":"<p>La rentr\u00e9e scolaire s\u2019annonce chaude cette ann\u00e9e. Les prix des articles scolaires ont pris contre toute attente une courbe ascendante<\/p>\n","protected":false},"author":3,"featured_media":8639,"comment_status":"open","ping_status":"closed","sticky":false,"template":"","format":"standard","meta":{"colormag_page_container_layout":"default_layout","colormag_page_sidebar_layout":"default_layout","om_disable_all_campaigns":false,"_monsterinsights_skip_tracking":false,"_monsterinsights_sitenote_active":false,"_monsterinsights_sitenote_note":"","_monsterinsights_sitenote_category":0,"footnotes":"","_wpscppro_dont_share_socialmedia":false,"_wpscppro_custom_social_share_image":0,"_facebook_share_type":"","_twitter_share_type":"","_linkedin_share_type":"","_pinterest_share_type":"","_linkedin_share_type_page":"","_instagram_share_type":"","_medium_share_type":"","_threads_share_type":"","_google_business_share_type":"","_selected_social_profile":[],"_wpsp_enable_custom_social_template":false,"_wpsp_social_scheduling":{"enabled":false,"datetime":null,"platforms":[],"status":"template_only","dateOption":"today","timeOption":"now","customDays":"","customHours":"","customDate":"","customTime":"","schedulingType":"absolute"},"_wpsp_active_default_template":true},"categories":[27],"tags":[],"class_list":["post-8636","post","type-post","status-publish","format-standard","has-post-thumbnail","hentry","category-actualite"],"aioseo_notices":[],"yoast_head":"<!-- This site is optimized with the Yoast SEO plugin v27.5 - https:\/\/yoast.com\/product\/yoast-seo-wordpress\/ -->\n<title>Prix exorbitants des articles scolaires : Un autre fardeau pour les m\u00e9nages - La Sentinelle<\/title>\n<meta name=\"robots\" content=\"index, follow, max-snippet:-1, max-image-preview:large, max-video-preview:-1\" \/>\n<link rel=\"canonical\" href=\"https:\/\/lasentinelle.dz\/index.php\/2021\/09\/21\/prix-exorbitants-des-articles-scolaires-un-autre-fardeau-pour-les-menages\/\" \/>\n<meta property=\"og:locale\" content=\"fr_FR\" \/>\n<meta property=\"og:type\" content=\"article\" \/>\n<meta property=\"og:title\" content=\"Prix exorbitants des articles scolaires : Un autre fardeau pour les m\u00e9nages - La Sentinelle\" \/>\n<meta property=\"og:description\" content=\"La rentr\u00e9e scolaire s\u2019annonce chaude cette ann\u00e9e. Les prix des articles scolaires ont pris contre toute attente une courbe ascendante\" \/>\n<meta property=\"og:url\" content=\"https:\/\/lasentinelle.dz\/index.php\/2021\/09\/21\/prix-exorbitants-des-articles-scolaires-un-autre-fardeau-pour-les-menages\/\" \/>\n<meta property=\"og:site_name\" content=\"La Sentinelle\" \/>\n<meta property=\"article:publisher\" content=\"https:\/\/www.facebook.com\/La-Sentinelle-104059864394773\" \/>\n<meta property=\"article:published_time\" content=\"2021-09-20T23:01:00+00:00\" \/>\n<meta property=\"og:image\" content=\"https:\/\/lasentinelle.dz\/wp-content\/uploads\/2021\/09\/image_2021-09-20_200749.png\" \/>\n\t<meta property=\"og:image:width\" content=\"620\" \/>\n\t<meta property=\"og:image:height\" content=\"413\" \/>\n\t<meta property=\"og:image:type\" content=\"image\/png\" \/>\n<meta name=\"author\" content=\"La Sentinelle\" \/>\n<meta name=\"twitter:card\" content=\"summary_large_image\" \/>\n<meta name=\"twitter:label1\" content=\"\u00c9crit par\" \/>\n\t<meta name=\"twitter:data1\" content=\"La Sentinelle\" \/>\n\t<meta name=\"twitter:label2\" content=\"Dur\u00e9e de lecture estim\u00e9e\" \/>\n\t<meta name=\"twitter:data2\" content=\"3 minutes\" \/>\n<script type=\"application\/ld+json\" class=\"yoast-schema-graph\">{\"@context\":\"https:\\\/\\\/schema.org\",\"@graph\":[{\"@type\":\"Article\",\"@id\":\"https:\\\/\\\/lasentinelle.dz\\\/index.php\\\/2021\\\/09\\\/21\\\/prix-exorbitants-des-articles-scolaires-un-autre-fardeau-pour-les-menages\\\/#article\",\"isPartOf\":{\"@id\":\"https:\\\/\\\/lasentinelle.dz\\\/index.php\\\/2021\\\/09\\\/21\\\/prix-exorbitants-des-articles-scolaires-un-autre-fardeau-pour-les-menages\\\/\"},\"author\":{\"name\":\"La Sentinelle\",\"@id\":\"https:\\\/\\\/lasentinelle.dz\\\/#\\\/schema\\\/person\\\/d865044e22e70a75174ce8bcad3acfb3\"},\"headline\":\"Prix exorbitants des articles scolaires : Un autre fardeau pour les m\u00e9nages\",\"datePublished\":\"2021-09-20T23:01:00+00:00\",\"mainEntityOfPage\":{\"@id\":\"https:\\\/\\\/lasentinelle.dz\\\/index.php\\\/2021\\\/09\\\/21\\\/prix-exorbitants-des-articles-scolaires-un-autre-fardeau-pour-les-menages\\\/\"},\"wordCount\":609,\"commentCount\":0,\"publisher\":{\"@id\":\"https:\\\/\\\/lasentinelle.dz\\\/#organization\"},\"image\":{\"@id\":\"https:\\\/\\\/lasentinelle.dz\\\/index.php\\\/2021\\\/09\\\/21\\\/prix-exorbitants-des-articles-scolaires-un-autre-fardeau-pour-les-menages\\\/#primaryimage\"},\"thumbnailUrl\":\"https:\\\/\\\/lasentinelle.dz\\\/wp-content\\\/uploads\\\/2021\\\/09\\\/image_2021-09-20_200749.png\",\"articleSection\":[\"Actualit\u00e9\"],\"inLanguage\":\"fr-FR\",\"potentialAction\":[{\"@type\":\"CommentAction\",\"name\":\"Comment\",\"target\":[\"https:\\\/\\\/lasentinelle.dz\\\/index.php\\\/2021\\\/09\\\/21\\\/prix-exorbitants-des-articles-scolaires-un-autre-fardeau-pour-les-menages\\\/#respond\"]}]},{\"@type\":\"WebPage\",\"@id\":\"https:\\\/\\\/lasentinelle.dz\\\/index.php\\\/2021\\\/09\\\/21\\\/prix-exorbitants-des-articles-scolaires-un-autre-fardeau-pour-les-menages\\\/\",\"url\":\"https:\\\/\\\/lasentinelle.dz\\\/index.php\\\/2021\\\/09\\\/21\\\/prix-exorbitants-des-articles-scolaires-un-autre-fardeau-pour-les-menages\\\/\",\"name\":\"Prix exorbitants des articles scolaires : Un autre fardeau pour les m\u00e9nages - La Sentinelle\",\"isPartOf\":{\"@id\":\"https:\\\/\\\/lasentinelle.dz\\\/#website\"},\"primaryImageOfPage\":{\"@id\":\"https:\\\/\\\/lasentinelle.dz\\\/index.php\\\/2021\\\/09\\\/21\\\/prix-exorbitants-des-articles-scolaires-un-autre-fardeau-pour-les-menages\\\/#primaryimage\"},\"image\":{\"@id\":\"https:\\\/\\\/lasentinelle.dz\\\/index.php\\\/2021\\\/09\\\/21\\\/prix-exorbitants-des-articles-scolaires-un-autre-fardeau-pour-les-menages\\\/#primaryimage\"},\"thumbnailUrl\":\"https:\\\/\\\/lasentinelle.dz\\\/wp-content\\\/uploads\\\/2021\\\/09\\\/image_2021-09-20_200749.png\",\"datePublished\":\"2021-09-20T23:01:00+00:00\",\"breadcrumb\":{\"@id\":\"https:\\\/\\\/lasentinelle.dz\\\/index.php\\\/2021\\\/09\\\/21\\\/prix-exorbitants-des-articles-scolaires-un-autre-fardeau-pour-les-menages\\\/#breadcrumb\"},\"inLanguage\":\"fr-FR\",\"potentialAction\":[{\"@type\":\"ReadAction\",\"target\":[\"https:\\\/\\\/lasentinelle.dz\\\/index.php\\\/2021\\\/09\\\/21\\\/prix-exorbitants-des-articles-scolaires-un-autre-fardeau-pour-les-menages\\\/\"]}]},{\"@type\":\"ImageObject\",\"inLanguage\":\"fr-FR\",\"@id\":\"https:\\\/\\\/lasentinelle.dz\\\/index.php\\\/2021\\\/09\\\/21\\\/prix-exorbitants-des-articles-scolaires-un-autre-fardeau-pour-les-menages\\\/#primaryimage\",\"url\":\"https:\\\/\\\/lasentinelle.dz\\\/wp-content\\\/uploads\\\/2021\\\/09\\\/image_2021-09-20_200749.png\",\"contentUrl\":\"https:\\\/\\\/lasentinelle.dz\\\/wp-content\\\/uploads\\\/2021\\\/09\\\/image_2021-09-20_200749.png\",\"width\":620,\"height\":413},{\"@type\":\"BreadcrumbList\",\"@id\":\"https:\\\/\\\/lasentinelle.dz\\\/index.php\\\/2021\\\/09\\\/21\\\/prix-exorbitants-des-articles-scolaires-un-autre-fardeau-pour-les-menages\\\/#breadcrumb\",\"itemListElement\":[{\"@type\":\"ListItem\",\"position\":1,\"name\":\"Accueil\",\"item\":\"https:\\\/\\\/lasentinelle.dz\\\/\"},{\"@type\":\"ListItem\",\"position\":2,\"name\":\"Prix exorbitants des articles scolaires : Un autre fardeau pour les m\u00e9nages\"}]},{\"@type\":\"WebSite\",\"@id\":\"https:\\\/\\\/lasentinelle.dz\\\/#website\",\"url\":\"https:\\\/\\\/lasentinelle.dz\\\/\",\"name\":\"La Sentinelle\",\"description\":\"Quotidien national d&#039;information\",\"publisher\":{\"@id\":\"https:\\\/\\\/lasentinelle.dz\\\/#organization\"},\"potentialAction\":[{\"@type\":\"SearchAction\",\"target\":{\"@type\":\"EntryPoint\",\"urlTemplate\":\"https:\\\/\\\/lasentinelle.dz\\\/?s={search_term_string}\"},\"query-input\":{\"@type\":\"PropertyValueSpecification\",\"valueRequired\":true,\"valueName\":\"search_term_string\"}}],\"inLanguage\":\"fr-FR\"},{\"@type\":\"Organization\",\"@id\":\"https:\\\/\\\/lasentinelle.dz\\\/#organization\",\"name\":\"Quotidien La Sentinelle\",\"url\":\"https:\\\/\\\/lasentinelle.dz\\\/\",\"logo\":{\"@type\":\"ImageObject\",\"inLanguage\":\"fr-FR\",\"@id\":\"https:\\\/\\\/lasentinelle.dz\\\/#\\\/schema\\\/logo\\\/image\\\/\",\"url\":\"https:\\\/\\\/lasentinelle.dz\\\/wp-content\\\/uploads\\\/2021\\\/09\\\/logo-sentinelleSLOGAN-1.png\",\"contentUrl\":\"https:\\\/\\\/lasentinelle.dz\\\/wp-content\\\/uploads\\\/2021\\\/09\\\/logo-sentinelleSLOGAN-1.png\",\"width\":615,\"height\":142,\"caption\":\"Quotidien La Sentinelle\"},\"image\":{\"@id\":\"https:\\\/\\\/lasentinelle.dz\\\/#\\\/schema\\\/logo\\\/image\\\/\"},\"sameAs\":[\"https:\\\/\\\/www.facebook.com\\\/La-Sentinelle-104059864394773\"]},{\"@type\":\"Person\",\"@id\":\"https:\\\/\\\/lasentinelle.dz\\\/#\\\/schema\\\/person\\\/d865044e22e70a75174ce8bcad3acfb3\",\"name\":\"La Sentinelle\",\"image\":{\"@type\":\"ImageObject\",\"inLanguage\":\"fr-FR\",\"@id\":\"https:\\\/\\\/secure.gravatar.com\\\/avatar\\\/57de8e5d4b15d43fb361a71fbb36338450fe67865b528a43dd10ef7c51a20392?s=96&d=mm&r=g\",\"url\":\"https:\\\/\\\/secure.gravatar.com\\\/avatar\\\/57de8e5d4b15d43fb361a71fbb36338450fe67865b528a43dd10ef7c51a20392?s=96&d=mm&r=g\",\"contentUrl\":\"https:\\\/\\\/secure.gravatar.com\\\/avatar\\\/57de8e5d4b15d43fb361a71fbb36338450fe67865b528a43dd10ef7c51a20392?s=96&d=mm&r=g\",\"caption\":\"La Sentinelle\"},\"sameAs\":[\"http:\\\/\\\/www.lasentinelle.dz\"],\"url\":\"https:\\\/\\\/lasentinelle.dz\\\/author\\\/redaction\\\/\"}]}<\/script>\n<!-- \/ Yoast SEO plugin. -->","yoast_head_json":{"title":"Prix exorbitants des articles scolaires : Un autre fardeau pour les m\u00e9nages - La Sentinelle","robots":{"index":"index","follow":"follow","max-snippet":"max-snippet:-1","max-image-preview":"max-image-preview:large","max-video-preview":"max-video-preview:-1"},"canonical":"https:\/\/lasentinelle.dz\/index.php\/2021\/09\/21\/prix-exorbitants-des-articles-scolaires-un-autre-fardeau-pour-les-menages\/","og_locale":"fr_FR","og_type":"article","og_title":"Prix exorbitants des articles scolaires : Un autre fardeau pour les m\u00e9nages - La Sentinelle","og_description":"La rentr\u00e9e scolaire s\u2019annonce chaude cette ann\u00e9e. Les prix des articles scolaires ont pris contre toute attente une courbe ascendante","og_url":"https:\/\/lasentinelle.dz\/index.php\/2021\/09\/21\/prix-exorbitants-des-articles-scolaires-un-autre-fardeau-pour-les-menages\/","og_site_name":"La Sentinelle","article_publisher":"https:\/\/www.facebook.com\/La-Sentinelle-104059864394773","article_published_time":"2021-09-20T23:01:00+00:00","og_image":[{"width":620,"height":413,"url":"https:\/\/lasentinelle.dz\/wp-content\/uploads\/2021\/09\/image_2021-09-20_200749.png","type":"image\/png"}],"author":"La Sentinelle","twitter_card":"summary_large_image","twitter_misc":{"\u00c9crit par":"La Sentinelle","Dur\u00e9e de lecture estim\u00e9e":"3 minutes"},"schema":{"@context":"https:\/\/schema.org","@graph":[{"@type":"Article","@id":"https:\/\/lasentinelle.dz\/index.php\/2021\/09\/21\/prix-exorbitants-des-articles-scolaires-un-autre-fardeau-pour-les-menages\/#article","isPartOf":{"@id":"https:\/\/lasentinelle.dz\/index.php\/2021\/09\/21\/prix-exorbitants-des-articles-scolaires-un-autre-fardeau-pour-les-menages\/"},"author":{"name":"La Sentinelle","@id":"https:\/\/lasentinelle.dz\/#\/schema\/person\/d865044e22e70a75174ce8bcad3acfb3"},"headline":"Prix exorbitants des articles scolaires : Un autre fardeau pour les m\u00e9nages","datePublished":"2021-09-20T23:01:00+00:00","mainEntityOfPage":{"@id":"https:\/\/lasentinelle.dz\/index.php\/2021\/09\/21\/prix-exorbitants-des-articles-scolaires-un-autre-fardeau-pour-les-menages\/"},"wordCount":609,"commentCount":0,"publisher":{"@id":"https:\/\/lasentinelle.dz\/#organization"},"image":{"@id":"https:\/\/lasentinelle.dz\/index.php\/2021\/09\/21\/prix-exorbitants-des-articles-scolaires-un-autre-fardeau-pour-les-menages\/#primaryimage"},"thumbnailUrl":"https:\/\/lasentinelle.dz\/wp-content\/uploads\/2021\/09\/image_2021-09-20_200749.png","articleSection":["Actualit\u00e9"],"inLanguage":"fr-FR","potentialAction":[{"@type":"CommentAction","name":"Comment","target":["https:\/\/lasentinelle.dz\/index.php\/2021\/09\/21\/prix-exorbitants-des-articles-scolaires-un-autre-fardeau-pour-les-menages\/#respond"]}]},{"@type":"WebPage","@id":"https:\/\/lasentinelle.dz\/index.php\/2021\/09\/21\/prix-exorbitants-des-articles-scolaires-un-autre-fardeau-pour-les-menages\/","url":"https:\/\/lasentinelle.dz\/index.php\/2021\/09\/21\/prix-exorbitants-des-articles-scolaires-un-autre-fardeau-pour-les-menages\/","name":"Prix exorbitants des articles scolaires : Un autre fardeau pour les m\u00e9nages - La Sentinelle","isPartOf":{"@id":"https:\/\/lasentinelle.dz\/#website"},"primaryImageOfPage":{"@id":"https:\/\/lasentinelle.dz\/index.php\/2021\/09\/21\/prix-exorbitants-des-articles-scolaires-un-autre-fardeau-pour-les-menages\/#primaryimage"},"image":{"@id":"https:\/\/lasentinelle.dz\/index.php\/2021\/09\/21\/prix-exorbitants-des-articles-scolaires-un-autre-fardeau-pour-les-menages\/#primaryimage"},"thumbnailUrl":"https:\/\/lasentinelle.dz\/wp-content\/uploads\/2021\/09\/image_2021-09-20_200749.png","datePublished":"2021-09-20T23:01:00+00:00","breadcrumb":{"@id":"https:\/\/lasentinelle.dz\/index.php\/2021\/09\/21\/prix-exorbitants-des-articles-scolaires-un-autre-fardeau-pour-les-menages\/#breadcrumb"},"inLanguage":"fr-FR","potentialAction":[{"@type":"ReadAction","target":["https:\/\/lasentinelle.dz\/index.php\/2021\/09\/21\/prix-exorbitants-des-articles-scolaires-un-autre-fardeau-pour-les-menages\/"]}]},{"@type":"ImageObject","inLanguage":"fr-FR","@id":"https:\/\/lasentinelle.dz\/index.php\/2021\/09\/21\/prix-exorbitants-des-articles-scolaires-un-autre-fardeau-pour-les-menages\/#primaryimage","url":"https:\/\/lasentinelle.dz\/wp-content\/uploads\/2021\/09\/image_2021-09-20_200749.png","contentUrl":"https:\/\/lasentinelle.dz\/wp-content\/uploads\/2021\/09\/image_2021-09-20_200749.png","width":620,"height":413},{"@type":"BreadcrumbList","@id":"https:\/\/lasentinelle.dz\/index.php\/2021\/09\/21\/prix-exorbitants-des-articles-scolaires-un-autre-fardeau-pour-les-menages\/#breadcrumb","itemListElement":[{"@type":"ListItem","position":1,"name":"Accueil","item":"https:\/\/lasentinelle.dz\/"},{"@type":"ListItem","position":2,"name":"Prix exorbitants des articles scolaires : Un autre fardeau pour les m\u00e9nages"}]},{"@type":"WebSite","@id":"https:\/\/lasentinelle.dz\/#website","url":"https:\/\/lasentinelle.dz\/","name":"La Sentinelle","description":"Quotidien national d&#039;information","publisher":{"@id":"https:\/\/lasentinelle.dz\/#organization"},"potentialAction":[{"@type":"SearchAction","target":{"@type":"EntryPoint","urlTemplate":"https:\/\/lasentinelle.dz\/?s={search_term_string}"},"query-input":{"@type":"PropertyValueSpecification","valueRequired":true,"valueName":"search_term_string"}}],"inLanguage":"fr-FR"},{"@type":"Organization","@id":"https:\/\/lasentinelle.dz\/#organization","name":"Quotidien La Sentinelle","url":"https:\/\/lasentinelle.dz\/","logo":{"@type":"ImageObject","inLanguage":"fr-FR","@id":"https:\/\/lasentinelle.dz\/#\/schema\/logo\/image\/","url":"https:\/\/lasentinelle.dz\/wp-content\/uploads\/2021\/09\/logo-sentinelleSLOGAN-1.png","contentUrl":"https:\/\/lasentinelle.dz\/wp-content\/uploads\/2021\/09\/logo-sentinelleSLOGAN-1.png","width":615,"height":142,"caption":"Quotidien La Sentinelle"},"image":{"@id":"https:\/\/lasentinelle.dz\/#\/schema\/logo\/image\/"},"sameAs":["https:\/\/www.facebook.com\/La-Sentinelle-104059864394773"]},{"@type":"Person","@id":"https:\/\/lasentinelle.dz\/#\/schema\/person\/d865044e22e70a75174ce8bcad3acfb3","name":"La Sentinelle","image":{"@type":"ImageObject","inLanguage":"fr-FR","@id":"https:\/\/secure.gravatar.com\/avatar\/57de8e5d4b15d43fb361a71fbb36338450fe67865b528a43dd10ef7c51a20392?s=96&d=mm&r=g","url":"https:\/\/secure.gravatar.com\/avatar\/57de8e5d4b15d43fb361a71fbb36338450fe67865b528a43dd10ef7c51a20392?s=96&d=mm&r=g","contentUrl":"https:\/\/secure.gravatar.com\/avatar\/57de8e5d4b15d43fb361a71fbb36338450fe67865b528a43dd10ef7c51a20392?s=96&d=mm&r=g","caption":"La Sentinelle"},"sameAs":["http:\/\/www.lasentinelle.dz"],"url":"https:\/\/lasentinelle.dz\/author\/redaction\/"}]}},"_links":{"self":[{"href":"https:\/\/lasentinelle.dz\/index.php\/wp-json\/wp\/v2\/posts\/8636","targetHints":{"allow":["GET"]}}],"collection":[{"href":"https:\/\/lasentinelle.dz\/index.php\/wp-json\/wp\/v2\/posts"}],"about":[{"href":"https:\/\/lasentinelle.dz\/index.php\/wp-json\/wp\/v2\/types\/post"}],"author":[{"embeddable":true,"href":"https:\/\/lasentinelle.dz\/index.php\/wp-json\/wp\/v2\/users\/3"}],"replies":[{"embeddable":true,"href":"https:\/\/lasentinelle.dz\/index.php\/wp-json\/wp\/v2\/comments?post=8636"}],"version-history":[{"count":1,"href":"https:\/\/lasentinelle.dz\/index.php\/wp-json\/wp\/v2\/posts\/8636\/revisions"}],"predecessor-version":[{"id":8640,"href":"https:\/\/lasentinelle.dz\/index.php\/wp-json\/wp\/v2\/posts\/8636\/revisions\/8640"}],"wp:featuredmedia":[{"embeddable":true,"href":"https:\/\/lasentinelle.dz\/index.php\/wp-json\/wp\/v2\/media\/8639"}],"wp:attachment":[{"href":"https:\/\/lasentinelle.dz\/index.php\/wp-json\/wp\/v2\/media?parent=8636"}],"wp:term":[{"taxonomy":"category","embeddable":true,"href":"https:\/\/lasentinelle.dz\/index.php\/wp-json\/wp\/v2\/categories?post=8636"},{"taxonomy":"post_tag","embeddable":true,"href":"https:\/\/lasentinelle.dz\/index.php\/wp-json\/wp\/v2\/tags?post=8636"}],"curies":[{"name":"wp","href":"https:\/\/api.w.org\/{rel}","templated":true}]}}