{"id":86415,"date":"2026-04-27T13:04:37","date_gmt":"2026-04-27T12:04:37","guid":{"rendered":"https:\/\/lasentinelle.dz\/?p=86415"},"modified":"2026-04-27T13:04:40","modified_gmt":"2026-04-27T12:04:40","slug":"hadj-1447-les-walis-mobilises-pour-un-depart-sans-accroc","status":"publish","type":"post","link":"https:\/\/lasentinelle.dz\/index.php\/2026\/04\/27\/hadj-1447-les-walis-mobilises-pour-un-depart-sans-accroc\/","title":{"rendered":"Hadj 1447 : les walis mobilis\u00e9s pour un d\u00e9part sans accroc"},"content":{"rendered":"\n<p>Les pr\u00e9paratifs pour la saison du hadj 1447 H\/2026 s&rsquo;acc\u00e9l\u00e8rent \u00e0 travers les wilayas du pays. Sur instruction du ministre de l&rsquo;Int\u00e9rieur, des Collectivit\u00e9s locales et des Transports, Sa\u00efd Sayoud, les walis ont entam\u00e9 des sorties de terrain pour s&rsquo;assurer de l&rsquo;\u00e9tat de pr\u00e9paration des infrastructures concern\u00e9es, en particulier les a\u00e9roports. Selon un communiqu\u00e9 du minist\u00e8re, l&rsquo;objectif affich\u00e9 est d&rsquo;assurer aux p\u00e8lerins des conditions de d\u00e9part dignes : espaces d&rsquo;accueil am\u00e9nag\u00e9s et \u00e9quip\u00e9s, installations op\u00e9rationnelles avant le premier vol, coordination renforc\u00e9e entre les diff\u00e9rents services intervenants. Les responsables locaux ont re\u00e7u des instructions fermes pour acc\u00e9l\u00e9rer les travaux de r\u00e9am\u00e9nagement encore en cours, tout en respectant les crit\u00e8res de qualit\u00e9 fix\u00e9s.<\/p>\n\n\n\n<p>Sur le plan organisationnel, l&rsquo;accent est mis sur la ponctualit\u00e9 des vols, la fluidit\u00e9 des proc\u00e9dures a\u00e9roportuaires et la coh\u00e9rence entre les acteurs charg\u00e9s de la logistique. En parall\u00e8le, des s\u00e9ances de formation et de sensibilisation sont organis\u00e9es \u00e0 l&rsquo;intention des futurs p\u00e8lerins, avec des explications d\u00e9taill\u00e9es sur les diff\u00e9rentes \u00e9tapes du p\u00e8lerinage, les formalit\u00e9s de voyage, les conditions d&rsquo;h\u00e9bergement et les d\u00e9placements sur les lieux saints. Des conseils d&rsquo;ordre religieux, sanitaire et pratique compl\u00e8tent ces sessions, pour que les p\u00e8lerins arrivent en Arabie saoudite pr\u00e9par\u00e9s et inform\u00e9s.<\/p>\n\n\n\n<p>R.N.<\/p>\n","protected":false},"excerpt":{"rendered":"<p>Les pr\u00e9paratifs pour la saison du hadj 1447 H\/2026 s&rsquo;acc\u00e9l\u00e8rent \u00e0 travers les wilayas du pays. Sur instruction du ministre<\/p>\n","protected":false},"author":6,"featured_media":49955,"comment_status":"open","ping_status":"closed","sticky":false,"template":"","format":"standard","meta":{"colormag_page_container_layout":"default_layout","colormag_page_sidebar_layout":"default_layout","om_disable_all_campaigns":false,"_monsterinsights_skip_tracking":false,"_monsterinsights_sitenote_active":false,"_monsterinsights_sitenote_note":"","_monsterinsights_sitenote_category":0,"footnotes":"","_wpscppro_dont_share_socialmedia":false,"_wpscppro_custom_social_share_image":0,"_facebook_share_type":"default","_twitter_share_type":"default","_linkedin_share_type":"default","_pinterest_share_type":"default","_linkedin_share_type_page":"","_instagram_share_type":"default","_medium_share_type":"default","_threads_share_type":"default","_google_business_share_type":"default","_selected_social_profile":[],"_wpsp_enable_custom_social_template":false,"_wpsp_social_scheduling":{"enabled":false,"datetime":null,"platforms":[],"status":"template_only","dateOption":"today","timeOption":"now","customDays":"","customHours":"","customDate":"","customTime":"","schedulingType":"absolute"},"_wpsp_active_default_template":true},"categories":[27],"tags":[],"class_list":["post-86415","post","type-post","status-publish","format-standard","has-post-thumbnail","hentry","category-actualite"],"aioseo_notices":[],"yoast_head":"<!-- This site is optimized with the Yoast SEO plugin v27.4 - https:\/\/yoast.com\/product\/yoast-seo-wordpress\/ -->\n<title>Hadj 1447 : les walis mobilis\u00e9s pour un d\u00e9part sans accroc - La Sentinelle<\/title>\n<meta name=\"robots\" content=\"index, follow, max-snippet:-1, max-image-preview:large, max-video-preview:-1\" \/>\n<link rel=\"canonical\" href=\"https:\/\/lasentinelle.dz\/index.php\/2026\/04\/27\/hadj-1447-les-walis-mobilises-pour-un-depart-sans-accroc\/\" \/>\n<meta property=\"og:locale\" content=\"fr_FR\" \/>\n<meta property=\"og:type\" content=\"article\" \/>\n<meta property=\"og:title\" content=\"Hadj 1447 : les walis mobilis\u00e9s pour un d\u00e9part sans accroc - La Sentinelle\" \/>\n<meta property=\"og:description\" content=\"Les pr\u00e9paratifs pour la saison du hadj 1447 H\/2026 s&rsquo;acc\u00e9l\u00e8rent \u00e0 travers les wilayas du pays. Sur instruction du ministre\" \/>\n<meta property=\"og:url\" content=\"https:\/\/lasentinelle.dz\/index.php\/2026\/04\/27\/hadj-1447-les-walis-mobilises-pour-un-depart-sans-accroc\/\" \/>\n<meta property=\"og:site_name\" content=\"La Sentinelle\" \/>\n<meta property=\"article:publisher\" content=\"https:\/\/www.facebook.com\/La-Sentinelle-104059864394773\" \/>\n<meta property=\"article:published_time\" content=\"2026-04-27T12:04:37+00:00\" \/>\n<meta property=\"article:modified_time\" content=\"2026-04-27T12:04:40+00:00\" \/>\n<meta property=\"og:image\" content=\"https:\/\/lasentinelle.dz\/wp-content\/uploads\/2024\/03\/hadj.webp\" \/>\n\t<meta property=\"og:image:width\" content=\"800\" \/>\n\t<meta property=\"og:image:height\" content=\"600\" \/>\n\t<meta property=\"og:image:type\" content=\"image\/webp\" \/>\n<meta name=\"author\" content=\"admin\" \/>\n<meta name=\"twitter:card\" content=\"summary_large_image\" \/>\n<meta name=\"twitter:label1\" content=\"\u00c9crit par\" \/>\n\t<meta name=\"twitter:data1\" content=\"admin\" \/>\n\t<meta name=\"twitter:label2\" content=\"Dur\u00e9e de lecture estim\u00e9e\" \/>\n\t<meta name=\"twitter:data2\" content=\"2 minutes\" \/>\n<script type=\"application\/ld+json\" class=\"yoast-schema-graph\">{\"@context\":\"https:\\\/\\\/schema.org\",\"@graph\":[{\"@type\":\"Article\",\"@id\":\"https:\\\/\\\/lasentinelle.dz\\\/index.php\\\/2026\\\/04\\\/27\\\/hadj-1447-les-walis-mobilises-pour-un-depart-sans-accroc\\\/#article\",\"isPartOf\":{\"@id\":\"https:\\\/\\\/lasentinelle.dz\\\/index.php\\\/2026\\\/04\\\/27\\\/hadj-1447-les-walis-mobilises-pour-un-depart-sans-accroc\\\/\"},\"author\":{\"name\":\"admin\",\"@id\":\"https:\\\/\\\/lasentinelle.dz\\\/#\\\/schema\\\/person\\\/729ee0024f24e0b8c5ec17232f8e8b41\"},\"headline\":\"Hadj 1447 : les walis mobilis\u00e9s pour un d\u00e9part sans accroc\",\"datePublished\":\"2026-04-27T12:04:37+00:00\",\"dateModified\":\"2026-04-27T12:04:40+00:00\",\"mainEntityOfPage\":{\"@id\":\"https:\\\/\\\/lasentinelle.dz\\\/index.php\\\/2026\\\/04\\\/27\\\/hadj-1447-les-walis-mobilises-pour-un-depart-sans-accroc\\\/\"},\"wordCount\":264,\"commentCount\":0,\"publisher\":{\"@id\":\"https:\\\/\\\/lasentinelle.dz\\\/#organization\"},\"image\":{\"@id\":\"https:\\\/\\\/lasentinelle.dz\\\/index.php\\\/2026\\\/04\\\/27\\\/hadj-1447-les-walis-mobilises-pour-un-depart-sans-accroc\\\/#primaryimage\"},\"thumbnailUrl\":\"https:\\\/\\\/lasentinelle.dz\\\/wp-content\\\/uploads\\\/2024\\\/03\\\/hadj.webp\",\"articleSection\":[\"Actualit\u00e9\"],\"inLanguage\":\"fr-FR\",\"potentialAction\":[{\"@type\":\"CommentAction\",\"name\":\"Comment\",\"target\":[\"https:\\\/\\\/lasentinelle.dz\\\/index.php\\\/2026\\\/04\\\/27\\\/hadj-1447-les-walis-mobilises-pour-un-depart-sans-accroc\\\/#respond\"]}]},{\"@type\":\"WebPage\",\"@id\":\"https:\\\/\\\/lasentinelle.dz\\\/index.php\\\/2026\\\/04\\\/27\\\/hadj-1447-les-walis-mobilises-pour-un-depart-sans-accroc\\\/\",\"url\":\"https:\\\/\\\/lasentinelle.dz\\\/index.php\\\/2026\\\/04\\\/27\\\/hadj-1447-les-walis-mobilises-pour-un-depart-sans-accroc\\\/\",\"name\":\"Hadj 1447 : les walis mobilis\u00e9s pour un d\u00e9part sans accroc - La Sentinelle\",\"isPartOf\":{\"@id\":\"https:\\\/\\\/lasentinelle.dz\\\/#website\"},\"primaryImageOfPage\":{\"@id\":\"https:\\\/\\\/lasentinelle.dz\\\/index.php\\\/2026\\\/04\\\/27\\\/hadj-1447-les-walis-mobilises-pour-un-depart-sans-accroc\\\/#primaryimage\"},\"image\":{\"@id\":\"https:\\\/\\\/lasentinelle.dz\\\/index.php\\\/2026\\\/04\\\/27\\\/hadj-1447-les-walis-mobilises-pour-un-depart-sans-accroc\\\/#primaryimage\"},\"thumbnailUrl\":\"https:\\\/\\\/lasentinelle.dz\\\/wp-content\\\/uploads\\\/2024\\\/03\\\/hadj.webp\",\"datePublished\":\"2026-04-27T12:04:37+00:00\",\"dateModified\":\"2026-04-27T12:04:40+00:00\",\"breadcrumb\":{\"@id\":\"https:\\\/\\\/lasentinelle.dz\\\/index.php\\\/2026\\\/04\\\/27\\\/hadj-1447-les-walis-mobilises-pour-un-depart-sans-accroc\\\/#breadcrumb\"},\"inLanguage\":\"fr-FR\",\"potentialAction\":[{\"@type\":\"ReadAction\",\"target\":[\"https:\\\/\\\/lasentinelle.dz\\\/index.php\\\/2026\\\/04\\\/27\\\/hadj-1447-les-walis-mobilises-pour-un-depart-sans-accroc\\\/\"]}]},{\"@type\":\"ImageObject\",\"inLanguage\":\"fr-FR\",\"@id\":\"https:\\\/\\\/lasentinelle.dz\\\/index.php\\\/2026\\\/04\\\/27\\\/hadj-1447-les-walis-mobilises-pour-un-depart-sans-accroc\\\/#primaryimage\",\"url\":\"https:\\\/\\\/lasentinelle.dz\\\/wp-content\\\/uploads\\\/2024\\\/03\\\/hadj.webp\",\"contentUrl\":\"https:\\\/\\\/lasentinelle.dz\\\/wp-content\\\/uploads\\\/2024\\\/03\\\/hadj.webp\",\"width\":800,\"height\":600},{\"@type\":\"BreadcrumbList\",\"@id\":\"https:\\\/\\\/lasentinelle.dz\\\/index.php\\\/2026\\\/04\\\/27\\\/hadj-1447-les-walis-mobilises-pour-un-depart-sans-accroc\\\/#breadcrumb\",\"itemListElement\":[{\"@type\":\"ListItem\",\"position\":1,\"name\":\"Accueil\",\"item\":\"https:\\\/\\\/lasentinelle.dz\\\/\"},{\"@type\":\"ListItem\",\"position\":2,\"name\":\"Hadj 1447 : les walis mobilis\u00e9s pour un d\u00e9part sans accroc\"}]},{\"@type\":\"WebSite\",\"@id\":\"https:\\\/\\\/lasentinelle.dz\\\/#website\",\"url\":\"https:\\\/\\\/lasentinelle.dz\\\/\",\"name\":\"La Sentinelle\",\"description\":\"Quotidien national d&#039;information\",\"publisher\":{\"@id\":\"https:\\\/\\\/lasentinelle.dz\\\/#organization\"},\"potentialAction\":[{\"@type\":\"SearchAction\",\"target\":{\"@type\":\"EntryPoint\",\"urlTemplate\":\"https:\\\/\\\/lasentinelle.dz\\\/?s={search_term_string}\"},\"query-input\":{\"@type\":\"PropertyValueSpecification\",\"valueRequired\":true,\"valueName\":\"search_term_string\"}}],\"inLanguage\":\"fr-FR\"},{\"@type\":\"Organization\",\"@id\":\"https:\\\/\\\/lasentinelle.dz\\\/#organization\",\"name\":\"Quotidien La Sentinelle\",\"url\":\"https:\\\/\\\/lasentinelle.dz\\\/\",\"logo\":{\"@type\":\"ImageObject\",\"inLanguage\":\"fr-FR\",\"@id\":\"https:\\\/\\\/lasentinelle.dz\\\/#\\\/schema\\\/logo\\\/image\\\/\",\"url\":\"https:\\\/\\\/lasentinelle.dz\\\/wp-content\\\/uploads\\\/2021\\\/09\\\/logo-sentinelleSLOGAN-1.png\",\"contentUrl\":\"https:\\\/\\\/lasentinelle.dz\\\/wp-content\\\/uploads\\\/2021\\\/09\\\/logo-sentinelleSLOGAN-1.png\",\"width\":615,\"height\":142,\"caption\":\"Quotidien La Sentinelle\"},\"image\":{\"@id\":\"https:\\\/\\\/lasentinelle.dz\\\/#\\\/schema\\\/logo\\\/image\\\/\"},\"sameAs\":[\"https:\\\/\\\/www.facebook.com\\\/La-Sentinelle-104059864394773\"]},{\"@type\":\"Person\",\"@id\":\"https:\\\/\\\/lasentinelle.dz\\\/#\\\/schema\\\/person\\\/729ee0024f24e0b8c5ec17232f8e8b41\",\"name\":\"admin\",\"image\":{\"@type\":\"ImageObject\",\"inLanguage\":\"fr-FR\",\"@id\":\"https:\\\/\\\/secure.gravatar.com\\\/avatar\\\/4c81fed838786e9b53f540bf46533e750f5d292099ae3b66cfc6fb1982e29df7?s=96&d=mm&r=g\",\"url\":\"https:\\\/\\\/secure.gravatar.com\\\/avatar\\\/4c81fed838786e9b53f540bf46533e750f5d292099ae3b66cfc6fb1982e29df7?s=96&d=mm&r=g\",\"contentUrl\":\"https:\\\/\\\/secure.gravatar.com\\\/avatar\\\/4c81fed838786e9b53f540bf46533e750f5d292099ae3b66cfc6fb1982e29df7?s=96&d=mm&r=g\",\"caption\":\"admin\"},\"description\":\"admin\",\"url\":\"https:\\\/\\\/lasentinelle.dz\\\/author\\\/admin\\\/\"}]}<\/script>\n<!-- \/ Yoast SEO plugin. -->","yoast_head_json":{"title":"Hadj 1447 : les walis mobilis\u00e9s pour un d\u00e9part sans accroc - La Sentinelle","robots":{"index":"index","follow":"follow","max-snippet":"max-snippet:-1","max-image-preview":"max-image-preview:large","max-video-preview":"max-video-preview:-1"},"canonical":"https:\/\/lasentinelle.dz\/index.php\/2026\/04\/27\/hadj-1447-les-walis-mobilises-pour-un-depart-sans-accroc\/","og_locale":"fr_FR","og_type":"article","og_title":"Hadj 1447 : les walis mobilis\u00e9s pour un d\u00e9part sans accroc - La Sentinelle","og_description":"Les pr\u00e9paratifs pour la saison du hadj 1447 H\/2026 s&rsquo;acc\u00e9l\u00e8rent \u00e0 travers les wilayas du pays. Sur instruction du ministre","og_url":"https:\/\/lasentinelle.dz\/index.php\/2026\/04\/27\/hadj-1447-les-walis-mobilises-pour-un-depart-sans-accroc\/","og_site_name":"La Sentinelle","article_publisher":"https:\/\/www.facebook.com\/La-Sentinelle-104059864394773","article_published_time":"2026-04-27T12:04:37+00:00","article_modified_time":"2026-04-27T12:04:40+00:00","og_image":[{"width":800,"height":600,"url":"https:\/\/lasentinelle.dz\/wp-content\/uploads\/2024\/03\/hadj.webp","type":"image\/webp"}],"author":"admin","twitter_card":"summary_large_image","twitter_misc":{"\u00c9crit par":"admin","Dur\u00e9e de lecture estim\u00e9e":"2 minutes"},"schema":{"@context":"https:\/\/schema.org","@graph":[{"@type":"Article","@id":"https:\/\/lasentinelle.dz\/index.php\/2026\/04\/27\/hadj-1447-les-walis-mobilises-pour-un-depart-sans-accroc\/#article","isPartOf":{"@id":"https:\/\/lasentinelle.dz\/index.php\/2026\/04\/27\/hadj-1447-les-walis-mobilises-pour-un-depart-sans-accroc\/"},"author":{"name":"admin","@id":"https:\/\/lasentinelle.dz\/#\/schema\/person\/729ee0024f24e0b8c5ec17232f8e8b41"},"headline":"Hadj 1447 : les walis mobilis\u00e9s pour un d\u00e9part sans accroc","datePublished":"2026-04-27T12:04:37+00:00","dateModified":"2026-04-27T12:04:40+00:00","mainEntityOfPage":{"@id":"https:\/\/lasentinelle.dz\/index.php\/2026\/04\/27\/hadj-1447-les-walis-mobilises-pour-un-depart-sans-accroc\/"},"wordCount":264,"commentCount":0,"publisher":{"@id":"https:\/\/lasentinelle.dz\/#organization"},"image":{"@id":"https:\/\/lasentinelle.dz\/index.php\/2026\/04\/27\/hadj-1447-les-walis-mobilises-pour-un-depart-sans-accroc\/#primaryimage"},"thumbnailUrl":"https:\/\/lasentinelle.dz\/wp-content\/uploads\/2024\/03\/hadj.webp","articleSection":["Actualit\u00e9"],"inLanguage":"fr-FR","potentialAction":[{"@type":"CommentAction","name":"Comment","target":["https:\/\/lasentinelle.dz\/index.php\/2026\/04\/27\/hadj-1447-les-walis-mobilises-pour-un-depart-sans-accroc\/#respond"]}]},{"@type":"WebPage","@id":"https:\/\/lasentinelle.dz\/index.php\/2026\/04\/27\/hadj-1447-les-walis-mobilises-pour-un-depart-sans-accroc\/","url":"https:\/\/lasentinelle.dz\/index.php\/2026\/04\/27\/hadj-1447-les-walis-mobilises-pour-un-depart-sans-accroc\/","name":"Hadj 1447 : les walis mobilis\u00e9s pour un d\u00e9part sans accroc - La Sentinelle","isPartOf":{"@id":"https:\/\/lasentinelle.dz\/#website"},"primaryImageOfPage":{"@id":"https:\/\/lasentinelle.dz\/index.php\/2026\/04\/27\/hadj-1447-les-walis-mobilises-pour-un-depart-sans-accroc\/#primaryimage"},"image":{"@id":"https:\/\/lasentinelle.dz\/index.php\/2026\/04\/27\/hadj-1447-les-walis-mobilises-pour-un-depart-sans-accroc\/#primaryimage"},"thumbnailUrl":"https:\/\/lasentinelle.dz\/wp-content\/uploads\/2024\/03\/hadj.webp","datePublished":"2026-04-27T12:04:37+00:00","dateModified":"2026-04-27T12:04:40+00:00","breadcrumb":{"@id":"https:\/\/lasentinelle.dz\/index.php\/2026\/04\/27\/hadj-1447-les-walis-mobilises-pour-un-depart-sans-accroc\/#breadcrumb"},"inLanguage":"fr-FR","potentialAction":[{"@type":"ReadAction","target":["https:\/\/lasentinelle.dz\/index.php\/2026\/04\/27\/hadj-1447-les-walis-mobilises-pour-un-depart-sans-accroc\/"]}]},{"@type":"ImageObject","inLanguage":"fr-FR","@id":"https:\/\/lasentinelle.dz\/index.php\/2026\/04\/27\/hadj-1447-les-walis-mobilises-pour-un-depart-sans-accroc\/#primaryimage","url":"https:\/\/lasentinelle.dz\/wp-content\/uploads\/2024\/03\/hadj.webp","contentUrl":"https:\/\/lasentinelle.dz\/wp-content\/uploads\/2024\/03\/hadj.webp","width":800,"height":600},{"@type":"BreadcrumbList","@id":"https:\/\/lasentinelle.dz\/index.php\/2026\/04\/27\/hadj-1447-les-walis-mobilises-pour-un-depart-sans-accroc\/#breadcrumb","itemListElement":[{"@type":"ListItem","position":1,"name":"Accueil","item":"https:\/\/lasentinelle.dz\/"},{"@type":"ListItem","position":2,"name":"Hadj 1447 : les walis mobilis\u00e9s pour un d\u00e9part sans accroc"}]},{"@type":"WebSite","@id":"https:\/\/lasentinelle.dz\/#website","url":"https:\/\/lasentinelle.dz\/","name":"La Sentinelle","description":"Quotidien national d&#039;information","publisher":{"@id":"https:\/\/lasentinelle.dz\/#organization"},"potentialAction":[{"@type":"SearchAction","target":{"@type":"EntryPoint","urlTemplate":"https:\/\/lasentinelle.dz\/?s={search_term_string}"},"query-input":{"@type":"PropertyValueSpecification","valueRequired":true,"valueName":"search_term_string"}}],"inLanguage":"fr-FR"},{"@type":"Organization","@id":"https:\/\/lasentinelle.dz\/#organization","name":"Quotidien La Sentinelle","url":"https:\/\/lasentinelle.dz\/","logo":{"@type":"ImageObject","inLanguage":"fr-FR","@id":"https:\/\/lasentinelle.dz\/#\/schema\/logo\/image\/","url":"https:\/\/lasentinelle.dz\/wp-content\/uploads\/2021\/09\/logo-sentinelleSLOGAN-1.png","contentUrl":"https:\/\/lasentinelle.dz\/wp-content\/uploads\/2021\/09\/logo-sentinelleSLOGAN-1.png","width":615,"height":142,"caption":"Quotidien La Sentinelle"},"image":{"@id":"https:\/\/lasentinelle.dz\/#\/schema\/logo\/image\/"},"sameAs":["https:\/\/www.facebook.com\/La-Sentinelle-104059864394773"]},{"@type":"Person","@id":"https:\/\/lasentinelle.dz\/#\/schema\/person\/729ee0024f24e0b8c5ec17232f8e8b41","name":"admin","image":{"@type":"ImageObject","inLanguage":"fr-FR","@id":"https:\/\/secure.gravatar.com\/avatar\/4c81fed838786e9b53f540bf46533e750f5d292099ae3b66cfc6fb1982e29df7?s=96&d=mm&r=g","url":"https:\/\/secure.gravatar.com\/avatar\/4c81fed838786e9b53f540bf46533e750f5d292099ae3b66cfc6fb1982e29df7?s=96&d=mm&r=g","contentUrl":"https:\/\/secure.gravatar.com\/avatar\/4c81fed838786e9b53f540bf46533e750f5d292099ae3b66cfc6fb1982e29df7?s=96&d=mm&r=g","caption":"admin"},"description":"admin","url":"https:\/\/lasentinelle.dz\/author\/admin\/"}]}},"_links":{"self":[{"href":"https:\/\/lasentinelle.dz\/index.php\/wp-json\/wp\/v2\/posts\/86415","targetHints":{"allow":["GET"]}}],"collection":[{"href":"https:\/\/lasentinelle.dz\/index.php\/wp-json\/wp\/v2\/posts"}],"about":[{"href":"https:\/\/lasentinelle.dz\/index.php\/wp-json\/wp\/v2\/types\/post"}],"author":[{"embeddable":true,"href":"https:\/\/lasentinelle.dz\/index.php\/wp-json\/wp\/v2\/users\/6"}],"replies":[{"embeddable":true,"href":"https:\/\/lasentinelle.dz\/index.php\/wp-json\/wp\/v2\/comments?post=86415"}],"version-history":[{"count":1,"href":"https:\/\/lasentinelle.dz\/index.php\/wp-json\/wp\/v2\/posts\/86415\/revisions"}],"predecessor-version":[{"id":86416,"href":"https:\/\/lasentinelle.dz\/index.php\/wp-json\/wp\/v2\/posts\/86415\/revisions\/86416"}],"wp:featuredmedia":[{"embeddable":true,"href":"https:\/\/lasentinelle.dz\/index.php\/wp-json\/wp\/v2\/media\/49955"}],"wp:attachment":[{"href":"https:\/\/lasentinelle.dz\/index.php\/wp-json\/wp\/v2\/media?parent=86415"}],"wp:term":[{"taxonomy":"category","embeddable":true,"href":"https:\/\/lasentinelle.dz\/index.php\/wp-json\/wp\/v2\/categories?post=86415"},{"taxonomy":"post_tag","embeddable":true,"href":"https:\/\/lasentinelle.dz\/index.php\/wp-json\/wp\/v2\/tags?post=86415"}],"curies":[{"name":"wp","href":"https:\/\/api.w.org\/{rel}","templated":true}]}}