{"id":86431,"date":"2026-04-27T13:18:59","date_gmt":"2026-04-27T12:18:59","guid":{"rendered":"https:\/\/lasentinelle.dz\/?p=86431"},"modified":"2026-04-27T13:19:03","modified_gmt":"2026-04-27T12:19:03","slug":"trafic-de-visas-schengen-le-vice-consul-despagne-a-alger-dans-le-viseur","status":"publish","type":"post","link":"https:\/\/lasentinelle.dz\/index.php\/2026\/04\/27\/trafic-de-visas-schengen-le-vice-consul-despagne-a-alger-dans-le-viseur\/","title":{"rendered":"Trafic de visas Schengen\u00a0: Le vice-consul d&rsquo;Espagne \u00e0 Alger dans le viseur"},"content":{"rendered":"\n<p>Une enqu\u00eate a \u00e9t\u00e9 ouverte par la justice espagnole sur un trafic pr\u00e9sum\u00e9 de visas au consulat d\u2019Espagne \u00e0 Alger, et sur de graves irr\u00e9gularit\u00e9s administratives. Le vice-consul d&rsquo;Espagne \u00e0 Alger, Vicente Moreno, a \u00e9t\u00e9 arr\u00eat\u00e9 vendredi, en m\u00eame temps qu&rsquo;un employ\u00e9 alg\u00e9rien du consulat, dans le cadre d&rsquo;une enqu\u00eate sur un r\u00e9seau pr\u00e9sum\u00e9 de trafic de visas Schengen. L&rsquo;affaire, instruite par la Cour nationale espagnole, est pilot\u00e9e par l&rsquo;Unit\u00e9 de d\u00e9linquance \u00e9conomique et fiscale (UDEF) de la police nationale. Selon le quotidien espagnol <em>The Objective<\/em>, qui a r\u00e9v\u00e9l\u00e9 l&rsquo;affaire, les deux suspects auraient facilit\u00e9 l&rsquo;obtention de visas Schengen en \u00e9change d&rsquo;argent. Les gains auraient ensuite \u00e9t\u00e9 blanchis en Espagne, notamment par l&rsquo;achat de v\u00e9hicules. Lors de perquisitions men\u00e9es \u00e0 Sagunto, pr\u00e8s de Valence, et \u00e0 Torrevieja, dans la province d&rsquo;Alicante, les enqu\u00eateurs ont saisi 10 890 euros en esp\u00e8ces, quatre t\u00e9l\u00e9phones, deux ordinateurs portables et 17 cl\u00e9s USB. Un bien immobilier \u00e0 Madrid et plusieurs produits financiers ont \u00e9galement \u00e9t\u00e9 bloqu\u00e9s.<\/p>\n\n\n\n<p>Les deux interpell\u00e9s ont depuis \u00e9t\u00e9 remis en libert\u00e9 sous contr\u00f4le judiciaire, dans l&rsquo;attente de la suite de l&rsquo;instruction. Une troisi\u00e8me personne li\u00e9e au consulat est mise en cause sans avoir \u00e9t\u00e9 arr\u00eat\u00e9e. L&rsquo;affaire ne se limite pas aux seules transactions financi\u00e8res. <em>The Objective<\/em> a eu acc\u00e8s \u00e0 des courriels internes montrant que Vicente Moreno aurait continu\u00e9 \u00e0 utiliser le cachet de la consule Miriam de Andr\u00e9s apr\u00e8s son d\u00e9part en septembre dernier, signant \u00e0 sa place des rejets de demandes de visa. Une irr\u00e9gularit\u00e9 qui aurait alert\u00e9 le minist\u00e8re des Affaires \u00e9trang\u00e8res espagnol d\u00e8s mars, lequel a ouvert en parall\u00e8le une enqu\u00eate administrative interne.<\/p>\n\n\n\n<p>Ce n&rsquo;est pas la premi\u00e8re fois que le nom de Moreno appara\u00eet dans ce contexte. En novembre dernier, <em>The Objective<\/em> avait d\u00e9j\u00e0 \u00e9voqu\u00e9 une enqu\u00eate sur des visas d\u00e9livr\u00e9s irr\u00e9guli\u00e8rement. Le consulat d&rsquo;Espagne \u00e0 Oran est lui aussi dans le viseur des autorit\u00e9s espagnoles, qui ont d\u00e9mis une responsable des visas de ses fonctions.<\/p>\n\n\n\n<p>L&rsquo;op\u00e9ration, baptis\u00e9e Jazira-Cova, associe l&rsquo;UDEF, l&rsquo;unit\u00e9 sp\u00e9cialis\u00e9e dans les r\u00e9seaux d&rsquo;immigration ill\u00e9gale (UCRIF) et la direction adjointe de surveillance douani\u00e8re (DAVA). Elle intervient dans un contexte tendu : plusieurs entrepreneurs espagnols avaient adress\u00e9 des lettres de protestation \u00e0 Madrid, accusant la mission diplomatique de bloquer syst\u00e9matiquement les visas de travail pour des ressortissants alg\u00e9riens. Aucune d\u00e9cision judiciaire d\u00e9finitive n&rsquo;a \u00e9t\u00e9 rendue \u00e0 ce stade.<\/p>\n\n\n\n<p>Malik Meziane<\/p>\n","protected":false},"excerpt":{"rendered":"<p>Une enqu\u00eate a \u00e9t\u00e9 ouverte par la justice espagnole sur un trafic pr\u00e9sum\u00e9 de visas au consulat d\u2019Espagne \u00e0 Alger,<\/p>\n","protected":false},"author":6,"featured_media":33065,"comment_status":"open","ping_status":"closed","sticky":false,"template":"","format":"standard","meta":{"colormag_page_container_layout":"default_layout","colormag_page_sidebar_layout":"default_layout","om_disable_all_campaigns":false,"_monsterinsights_skip_tracking":false,"_monsterinsights_sitenote_active":false,"_monsterinsights_sitenote_note":"","_monsterinsights_sitenote_category":0,"footnotes":"","_wpscppro_dont_share_socialmedia":false,"_wpscppro_custom_social_share_image":0,"_facebook_share_type":"default","_twitter_share_type":"default","_linkedin_share_type":"default","_pinterest_share_type":"default","_linkedin_share_type_page":"","_instagram_share_type":"default","_medium_share_type":"default","_threads_share_type":"default","_google_business_share_type":"default","_selected_social_profile":[],"_wpsp_enable_custom_social_template":false,"_wpsp_social_scheduling":{"enabled":false,"datetime":null,"platforms":[],"status":"template_only","dateOption":"today","timeOption":"now","customDays":"","customHours":"","customDate":"","customTime":"","schedulingType":"absolute"},"_wpsp_active_default_template":true},"categories":[27],"tags":[],"class_list":["post-86431","post","type-post","status-publish","format-standard","has-post-thumbnail","hentry","category-actualite"],"aioseo_notices":[],"yoast_head":"<!-- This site is optimized with the Yoast SEO plugin v27.4 - https:\/\/yoast.com\/product\/yoast-seo-wordpress\/ -->\n<title>Trafic de visas Schengen\u00a0: Le vice-consul d&rsquo;Espagne \u00e0 Alger dans le viseur - La Sentinelle<\/title>\n<meta name=\"robots\" content=\"index, follow, max-snippet:-1, max-image-preview:large, max-video-preview:-1\" \/>\n<link rel=\"canonical\" href=\"https:\/\/lasentinelle.dz\/index.php\/2026\/04\/27\/trafic-de-visas-schengen-le-vice-consul-despagne-a-alger-dans-le-viseur\/\" \/>\n<meta property=\"og:locale\" content=\"fr_FR\" \/>\n<meta property=\"og:type\" content=\"article\" \/>\n<meta property=\"og:title\" content=\"Trafic de visas Schengen\u00a0: Le vice-consul d&rsquo;Espagne \u00e0 Alger dans le viseur - La Sentinelle\" \/>\n<meta property=\"og:description\" content=\"Une enqu\u00eate a \u00e9t\u00e9 ouverte par la justice espagnole sur un trafic pr\u00e9sum\u00e9 de visas au consulat d\u2019Espagne \u00e0 Alger,\" \/>\n<meta property=\"og:url\" content=\"https:\/\/lasentinelle.dz\/index.php\/2026\/04\/27\/trafic-de-visas-schengen-le-vice-consul-despagne-a-alger-dans-le-viseur\/\" \/>\n<meta property=\"og:site_name\" content=\"La Sentinelle\" \/>\n<meta property=\"article:publisher\" content=\"https:\/\/www.facebook.com\/La-Sentinelle-104059864394773\" \/>\n<meta property=\"article:published_time\" content=\"2026-04-27T12:18:59+00:00\" \/>\n<meta property=\"article:modified_time\" content=\"2026-04-27T12:19:03+00:00\" \/>\n<meta property=\"og:image\" content=\"https:\/\/lasentinelle.dz\/wp-content\/uploads\/2022\/12\/faux-visas.png\" \/>\n\t<meta property=\"og:image:width\" content=\"1200\" \/>\n\t<meta property=\"og:image:height\" content=\"747\" \/>\n\t<meta property=\"og:image:type\" content=\"image\/png\" \/>\n<meta name=\"author\" content=\"admin\" \/>\n<meta name=\"twitter:card\" content=\"summary_large_image\" \/>\n<meta name=\"twitter:label1\" content=\"\u00c9crit par\" \/>\n\t<meta name=\"twitter:data1\" content=\"admin\" \/>\n\t<meta name=\"twitter:label2\" content=\"Dur\u00e9e de lecture estim\u00e9e\" \/>\n\t<meta name=\"twitter:data2\" content=\"3 minutes\" \/>\n<script type=\"application\/ld+json\" class=\"yoast-schema-graph\">{\"@context\":\"https:\\\/\\\/schema.org\",\"@graph\":[{\"@type\":\"Article\",\"@id\":\"https:\\\/\\\/lasentinelle.dz\\\/index.php\\\/2026\\\/04\\\/27\\\/trafic-de-visas-schengen-le-vice-consul-despagne-a-alger-dans-le-viseur\\\/#article\",\"isPartOf\":{\"@id\":\"https:\\\/\\\/lasentinelle.dz\\\/index.php\\\/2026\\\/04\\\/27\\\/trafic-de-visas-schengen-le-vice-consul-despagne-a-alger-dans-le-viseur\\\/\"},\"author\":{\"name\":\"admin\",\"@id\":\"https:\\\/\\\/lasentinelle.dz\\\/#\\\/schema\\\/person\\\/729ee0024f24e0b8c5ec17232f8e8b41\"},\"headline\":\"Trafic de visas Schengen\u00a0: Le vice-consul d&rsquo;Espagne \u00e0 Alger dans le viseur\",\"datePublished\":\"2026-04-27T12:18:59+00:00\",\"dateModified\":\"2026-04-27T12:19:03+00:00\",\"mainEntityOfPage\":{\"@id\":\"https:\\\/\\\/lasentinelle.dz\\\/index.php\\\/2026\\\/04\\\/27\\\/trafic-de-visas-schengen-le-vice-consul-despagne-a-alger-dans-le-viseur\\\/\"},\"wordCount\":467,\"commentCount\":0,\"publisher\":{\"@id\":\"https:\\\/\\\/lasentinelle.dz\\\/#organization\"},\"image\":{\"@id\":\"https:\\\/\\\/lasentinelle.dz\\\/index.php\\\/2026\\\/04\\\/27\\\/trafic-de-visas-schengen-le-vice-consul-despagne-a-alger-dans-le-viseur\\\/#primaryimage\"},\"thumbnailUrl\":\"https:\\\/\\\/lasentinelle.dz\\\/wp-content\\\/uploads\\\/2022\\\/12\\\/faux-visas.png\",\"articleSection\":[\"Actualit\u00e9\"],\"inLanguage\":\"fr-FR\",\"potentialAction\":[{\"@type\":\"CommentAction\",\"name\":\"Comment\",\"target\":[\"https:\\\/\\\/lasentinelle.dz\\\/index.php\\\/2026\\\/04\\\/27\\\/trafic-de-visas-schengen-le-vice-consul-despagne-a-alger-dans-le-viseur\\\/#respond\"]}]},{\"@type\":\"WebPage\",\"@id\":\"https:\\\/\\\/lasentinelle.dz\\\/index.php\\\/2026\\\/04\\\/27\\\/trafic-de-visas-schengen-le-vice-consul-despagne-a-alger-dans-le-viseur\\\/\",\"url\":\"https:\\\/\\\/lasentinelle.dz\\\/index.php\\\/2026\\\/04\\\/27\\\/trafic-de-visas-schengen-le-vice-consul-despagne-a-alger-dans-le-viseur\\\/\",\"name\":\"Trafic de visas Schengen\u00a0: Le vice-consul d&rsquo;Espagne \u00e0 Alger dans le viseur - La Sentinelle\",\"isPartOf\":{\"@id\":\"https:\\\/\\\/lasentinelle.dz\\\/#website\"},\"primaryImageOfPage\":{\"@id\":\"https:\\\/\\\/lasentinelle.dz\\\/index.php\\\/2026\\\/04\\\/27\\\/trafic-de-visas-schengen-le-vice-consul-despagne-a-alger-dans-le-viseur\\\/#primaryimage\"},\"image\":{\"@id\":\"https:\\\/\\\/lasentinelle.dz\\\/index.php\\\/2026\\\/04\\\/27\\\/trafic-de-visas-schengen-le-vice-consul-despagne-a-alger-dans-le-viseur\\\/#primaryimage\"},\"thumbnailUrl\":\"https:\\\/\\\/lasentinelle.dz\\\/wp-content\\\/uploads\\\/2022\\\/12\\\/faux-visas.png\",\"datePublished\":\"2026-04-27T12:18:59+00:00\",\"dateModified\":\"2026-04-27T12:19:03+00:00\",\"breadcrumb\":{\"@id\":\"https:\\\/\\\/lasentinelle.dz\\\/index.php\\\/2026\\\/04\\\/27\\\/trafic-de-visas-schengen-le-vice-consul-despagne-a-alger-dans-le-viseur\\\/#breadcrumb\"},\"inLanguage\":\"fr-FR\",\"potentialAction\":[{\"@type\":\"ReadAction\",\"target\":[\"https:\\\/\\\/lasentinelle.dz\\\/index.php\\\/2026\\\/04\\\/27\\\/trafic-de-visas-schengen-le-vice-consul-despagne-a-alger-dans-le-viseur\\\/\"]}]},{\"@type\":\"ImageObject\",\"inLanguage\":\"fr-FR\",\"@id\":\"https:\\\/\\\/lasentinelle.dz\\\/index.php\\\/2026\\\/04\\\/27\\\/trafic-de-visas-schengen-le-vice-consul-despagne-a-alger-dans-le-viseur\\\/#primaryimage\",\"url\":\"https:\\\/\\\/lasentinelle.dz\\\/wp-content\\\/uploads\\\/2022\\\/12\\\/faux-visas.png\",\"contentUrl\":\"https:\\\/\\\/lasentinelle.dz\\\/wp-content\\\/uploads\\\/2022\\\/12\\\/faux-visas.png\",\"width\":1200,\"height\":747},{\"@type\":\"BreadcrumbList\",\"@id\":\"https:\\\/\\\/lasentinelle.dz\\\/index.php\\\/2026\\\/04\\\/27\\\/trafic-de-visas-schengen-le-vice-consul-despagne-a-alger-dans-le-viseur\\\/#breadcrumb\",\"itemListElement\":[{\"@type\":\"ListItem\",\"position\":1,\"name\":\"Accueil\",\"item\":\"https:\\\/\\\/lasentinelle.dz\\\/\"},{\"@type\":\"ListItem\",\"position\":2,\"name\":\"Trafic de visas Schengen\u00a0: Le vice-consul d&rsquo;Espagne \u00e0 Alger dans le viseur\"}]},{\"@type\":\"WebSite\",\"@id\":\"https:\\\/\\\/lasentinelle.dz\\\/#website\",\"url\":\"https:\\\/\\\/lasentinelle.dz\\\/\",\"name\":\"La Sentinelle\",\"description\":\"Quotidien national d&#039;information\",\"publisher\":{\"@id\":\"https:\\\/\\\/lasentinelle.dz\\\/#organization\"},\"potentialAction\":[{\"@type\":\"SearchAction\",\"target\":{\"@type\":\"EntryPoint\",\"urlTemplate\":\"https:\\\/\\\/lasentinelle.dz\\\/?s={search_term_string}\"},\"query-input\":{\"@type\":\"PropertyValueSpecification\",\"valueRequired\":true,\"valueName\":\"search_term_string\"}}],\"inLanguage\":\"fr-FR\"},{\"@type\":\"Organization\",\"@id\":\"https:\\\/\\\/lasentinelle.dz\\\/#organization\",\"name\":\"Quotidien La Sentinelle\",\"url\":\"https:\\\/\\\/lasentinelle.dz\\\/\",\"logo\":{\"@type\":\"ImageObject\",\"inLanguage\":\"fr-FR\",\"@id\":\"https:\\\/\\\/lasentinelle.dz\\\/#\\\/schema\\\/logo\\\/image\\\/\",\"url\":\"https:\\\/\\\/lasentinelle.dz\\\/wp-content\\\/uploads\\\/2021\\\/09\\\/logo-sentinelleSLOGAN-1.png\",\"contentUrl\":\"https:\\\/\\\/lasentinelle.dz\\\/wp-content\\\/uploads\\\/2021\\\/09\\\/logo-sentinelleSLOGAN-1.png\",\"width\":615,\"height\":142,\"caption\":\"Quotidien La Sentinelle\"},\"image\":{\"@id\":\"https:\\\/\\\/lasentinelle.dz\\\/#\\\/schema\\\/logo\\\/image\\\/\"},\"sameAs\":[\"https:\\\/\\\/www.facebook.com\\\/La-Sentinelle-104059864394773\"]},{\"@type\":\"Person\",\"@id\":\"https:\\\/\\\/lasentinelle.dz\\\/#\\\/schema\\\/person\\\/729ee0024f24e0b8c5ec17232f8e8b41\",\"name\":\"admin\",\"image\":{\"@type\":\"ImageObject\",\"inLanguage\":\"fr-FR\",\"@id\":\"https:\\\/\\\/secure.gravatar.com\\\/avatar\\\/4c81fed838786e9b53f540bf46533e750f5d292099ae3b66cfc6fb1982e29df7?s=96&d=mm&r=g\",\"url\":\"https:\\\/\\\/secure.gravatar.com\\\/avatar\\\/4c81fed838786e9b53f540bf46533e750f5d292099ae3b66cfc6fb1982e29df7?s=96&d=mm&r=g\",\"contentUrl\":\"https:\\\/\\\/secure.gravatar.com\\\/avatar\\\/4c81fed838786e9b53f540bf46533e750f5d292099ae3b66cfc6fb1982e29df7?s=96&d=mm&r=g\",\"caption\":\"admin\"},\"description\":\"admin\",\"url\":\"https:\\\/\\\/lasentinelle.dz\\\/author\\\/admin\\\/\"}]}<\/script>\n<!-- \/ Yoast SEO plugin. -->","yoast_head_json":{"title":"Trafic de visas Schengen\u00a0: Le vice-consul d&rsquo;Espagne \u00e0 Alger dans le viseur - La Sentinelle","robots":{"index":"index","follow":"follow","max-snippet":"max-snippet:-1","max-image-preview":"max-image-preview:large","max-video-preview":"max-video-preview:-1"},"canonical":"https:\/\/lasentinelle.dz\/index.php\/2026\/04\/27\/trafic-de-visas-schengen-le-vice-consul-despagne-a-alger-dans-le-viseur\/","og_locale":"fr_FR","og_type":"article","og_title":"Trafic de visas Schengen\u00a0: Le vice-consul d&rsquo;Espagne \u00e0 Alger dans le viseur - La Sentinelle","og_description":"Une enqu\u00eate a \u00e9t\u00e9 ouverte par la justice espagnole sur un trafic pr\u00e9sum\u00e9 de visas au consulat d\u2019Espagne \u00e0 Alger,","og_url":"https:\/\/lasentinelle.dz\/index.php\/2026\/04\/27\/trafic-de-visas-schengen-le-vice-consul-despagne-a-alger-dans-le-viseur\/","og_site_name":"La Sentinelle","article_publisher":"https:\/\/www.facebook.com\/La-Sentinelle-104059864394773","article_published_time":"2026-04-27T12:18:59+00:00","article_modified_time":"2026-04-27T12:19:03+00:00","og_image":[{"width":1200,"height":747,"url":"https:\/\/lasentinelle.dz\/wp-content\/uploads\/2022\/12\/faux-visas.png","type":"image\/png"}],"author":"admin","twitter_card":"summary_large_image","twitter_misc":{"\u00c9crit par":"admin","Dur\u00e9e de lecture estim\u00e9e":"3 minutes"},"schema":{"@context":"https:\/\/schema.org","@graph":[{"@type":"Article","@id":"https:\/\/lasentinelle.dz\/index.php\/2026\/04\/27\/trafic-de-visas-schengen-le-vice-consul-despagne-a-alger-dans-le-viseur\/#article","isPartOf":{"@id":"https:\/\/lasentinelle.dz\/index.php\/2026\/04\/27\/trafic-de-visas-schengen-le-vice-consul-despagne-a-alger-dans-le-viseur\/"},"author":{"name":"admin","@id":"https:\/\/lasentinelle.dz\/#\/schema\/person\/729ee0024f24e0b8c5ec17232f8e8b41"},"headline":"Trafic de visas Schengen\u00a0: Le vice-consul d&rsquo;Espagne \u00e0 Alger dans le viseur","datePublished":"2026-04-27T12:18:59+00:00","dateModified":"2026-04-27T12:19:03+00:00","mainEntityOfPage":{"@id":"https:\/\/lasentinelle.dz\/index.php\/2026\/04\/27\/trafic-de-visas-schengen-le-vice-consul-despagne-a-alger-dans-le-viseur\/"},"wordCount":467,"commentCount":0,"publisher":{"@id":"https:\/\/lasentinelle.dz\/#organization"},"image":{"@id":"https:\/\/lasentinelle.dz\/index.php\/2026\/04\/27\/trafic-de-visas-schengen-le-vice-consul-despagne-a-alger-dans-le-viseur\/#primaryimage"},"thumbnailUrl":"https:\/\/lasentinelle.dz\/wp-content\/uploads\/2022\/12\/faux-visas.png","articleSection":["Actualit\u00e9"],"inLanguage":"fr-FR","potentialAction":[{"@type":"CommentAction","name":"Comment","target":["https:\/\/lasentinelle.dz\/index.php\/2026\/04\/27\/trafic-de-visas-schengen-le-vice-consul-despagne-a-alger-dans-le-viseur\/#respond"]}]},{"@type":"WebPage","@id":"https:\/\/lasentinelle.dz\/index.php\/2026\/04\/27\/trafic-de-visas-schengen-le-vice-consul-despagne-a-alger-dans-le-viseur\/","url":"https:\/\/lasentinelle.dz\/index.php\/2026\/04\/27\/trafic-de-visas-schengen-le-vice-consul-despagne-a-alger-dans-le-viseur\/","name":"Trafic de visas Schengen\u00a0: Le vice-consul d&rsquo;Espagne \u00e0 Alger dans le viseur - La Sentinelle","isPartOf":{"@id":"https:\/\/lasentinelle.dz\/#website"},"primaryImageOfPage":{"@id":"https:\/\/lasentinelle.dz\/index.php\/2026\/04\/27\/trafic-de-visas-schengen-le-vice-consul-despagne-a-alger-dans-le-viseur\/#primaryimage"},"image":{"@id":"https:\/\/lasentinelle.dz\/index.php\/2026\/04\/27\/trafic-de-visas-schengen-le-vice-consul-despagne-a-alger-dans-le-viseur\/#primaryimage"},"thumbnailUrl":"https:\/\/lasentinelle.dz\/wp-content\/uploads\/2022\/12\/faux-visas.png","datePublished":"2026-04-27T12:18:59+00:00","dateModified":"2026-04-27T12:19:03+00:00","breadcrumb":{"@id":"https:\/\/lasentinelle.dz\/index.php\/2026\/04\/27\/trafic-de-visas-schengen-le-vice-consul-despagne-a-alger-dans-le-viseur\/#breadcrumb"},"inLanguage":"fr-FR","potentialAction":[{"@type":"ReadAction","target":["https:\/\/lasentinelle.dz\/index.php\/2026\/04\/27\/trafic-de-visas-schengen-le-vice-consul-despagne-a-alger-dans-le-viseur\/"]}]},{"@type":"ImageObject","inLanguage":"fr-FR","@id":"https:\/\/lasentinelle.dz\/index.php\/2026\/04\/27\/trafic-de-visas-schengen-le-vice-consul-despagne-a-alger-dans-le-viseur\/#primaryimage","url":"https:\/\/lasentinelle.dz\/wp-content\/uploads\/2022\/12\/faux-visas.png","contentUrl":"https:\/\/lasentinelle.dz\/wp-content\/uploads\/2022\/12\/faux-visas.png","width":1200,"height":747},{"@type":"BreadcrumbList","@id":"https:\/\/lasentinelle.dz\/index.php\/2026\/04\/27\/trafic-de-visas-schengen-le-vice-consul-despagne-a-alger-dans-le-viseur\/#breadcrumb","itemListElement":[{"@type":"ListItem","position":1,"name":"Accueil","item":"https:\/\/lasentinelle.dz\/"},{"@type":"ListItem","position":2,"name":"Trafic de visas Schengen\u00a0: Le vice-consul d&rsquo;Espagne \u00e0 Alger dans le viseur"}]},{"@type":"WebSite","@id":"https:\/\/lasentinelle.dz\/#website","url":"https:\/\/lasentinelle.dz\/","name":"La Sentinelle","description":"Quotidien national d&#039;information","publisher":{"@id":"https:\/\/lasentinelle.dz\/#organization"},"potentialAction":[{"@type":"SearchAction","target":{"@type":"EntryPoint","urlTemplate":"https:\/\/lasentinelle.dz\/?s={search_term_string}"},"query-input":{"@type":"PropertyValueSpecification","valueRequired":true,"valueName":"search_term_string"}}],"inLanguage":"fr-FR"},{"@type":"Organization","@id":"https:\/\/lasentinelle.dz\/#organization","name":"Quotidien La Sentinelle","url":"https:\/\/lasentinelle.dz\/","logo":{"@type":"ImageObject","inLanguage":"fr-FR","@id":"https:\/\/lasentinelle.dz\/#\/schema\/logo\/image\/","url":"https:\/\/lasentinelle.dz\/wp-content\/uploads\/2021\/09\/logo-sentinelleSLOGAN-1.png","contentUrl":"https:\/\/lasentinelle.dz\/wp-content\/uploads\/2021\/09\/logo-sentinelleSLOGAN-1.png","width":615,"height":142,"caption":"Quotidien La Sentinelle"},"image":{"@id":"https:\/\/lasentinelle.dz\/#\/schema\/logo\/image\/"},"sameAs":["https:\/\/www.facebook.com\/La-Sentinelle-104059864394773"]},{"@type":"Person","@id":"https:\/\/lasentinelle.dz\/#\/schema\/person\/729ee0024f24e0b8c5ec17232f8e8b41","name":"admin","image":{"@type":"ImageObject","inLanguage":"fr-FR","@id":"https:\/\/secure.gravatar.com\/avatar\/4c81fed838786e9b53f540bf46533e750f5d292099ae3b66cfc6fb1982e29df7?s=96&d=mm&r=g","url":"https:\/\/secure.gravatar.com\/avatar\/4c81fed838786e9b53f540bf46533e750f5d292099ae3b66cfc6fb1982e29df7?s=96&d=mm&r=g","contentUrl":"https:\/\/secure.gravatar.com\/avatar\/4c81fed838786e9b53f540bf46533e750f5d292099ae3b66cfc6fb1982e29df7?s=96&d=mm&r=g","caption":"admin"},"description":"admin","url":"https:\/\/lasentinelle.dz\/author\/admin\/"}]}},"_links":{"self":[{"href":"https:\/\/lasentinelle.dz\/index.php\/wp-json\/wp\/v2\/posts\/86431","targetHints":{"allow":["GET"]}}],"collection":[{"href":"https:\/\/lasentinelle.dz\/index.php\/wp-json\/wp\/v2\/posts"}],"about":[{"href":"https:\/\/lasentinelle.dz\/index.php\/wp-json\/wp\/v2\/types\/post"}],"author":[{"embeddable":true,"href":"https:\/\/lasentinelle.dz\/index.php\/wp-json\/wp\/v2\/users\/6"}],"replies":[{"embeddable":true,"href":"https:\/\/lasentinelle.dz\/index.php\/wp-json\/wp\/v2\/comments?post=86431"}],"version-history":[{"count":2,"href":"https:\/\/lasentinelle.dz\/index.php\/wp-json\/wp\/v2\/posts\/86431\/revisions"}],"predecessor-version":[{"id":86433,"href":"https:\/\/lasentinelle.dz\/index.php\/wp-json\/wp\/v2\/posts\/86431\/revisions\/86433"}],"wp:featuredmedia":[{"embeddable":true,"href":"https:\/\/lasentinelle.dz\/index.php\/wp-json\/wp\/v2\/media\/33065"}],"wp:attachment":[{"href":"https:\/\/lasentinelle.dz\/index.php\/wp-json\/wp\/v2\/media?parent=86431"}],"wp:term":[{"taxonomy":"category","embeddable":true,"href":"https:\/\/lasentinelle.dz\/index.php\/wp-json\/wp\/v2\/categories?post=86431"},{"taxonomy":"post_tag","embeddable":true,"href":"https:\/\/lasentinelle.dz\/index.php\/wp-json\/wp\/v2\/tags?post=86431"}],"curies":[{"name":"wp","href":"https:\/\/api.w.org\/{rel}","templated":true}]}}