{"id":86437,"date":"2026-04-27T13:23:54","date_gmt":"2026-04-27T12:23:54","guid":{"rendered":"https:\/\/lasentinelle.dz\/?p=86437"},"modified":"2026-04-27T13:23:57","modified_gmt":"2026-04-27T12:23:57","slug":"sahara-occidental-quand-rabat-hallucine","status":"publish","type":"post","link":"https:\/\/lasentinelle.dz\/index.php\/2026\/04\/27\/sahara-occidental-quand-rabat-hallucine\/","title":{"rendered":"Sahara occidental\u00a0: Quand Rabat hallucine\u00a0!"},"content":{"rendered":"\n<p>Il suffit qu&rsquo;un ministre \u00e9tranger prononce le mot \u00ab autonomie \u00bb pour que la machine du Makhzen s&#8217;emballe. La rencontre entre le chef de la diplomatie suisse Ignazio Cassis et son homologue marocain n&rsquo;a pas \u00e9chapp\u00e9 \u00e0 la r\u00e8gle. Avant m\u00eame que l&rsquo;encre des communiqu\u00e9s ne s\u00e8che, Rabat avait d\u00e9j\u00e0 r\u00e9\u00e9crit l&rsquo;histoire. Cassis avait pourtant \u00e9t\u00e9 clair : la Suisse soutient le cadre onusien, et le plan d&rsquo;autonomie marocain constitue l&rsquo;une des pistes envisageables pour aboutir \u00e0 une solution mutuellement acceptable. Une formulation prudente, \u00e9quilibr\u00e9e, qui ne tranche rien. Les organes de propagande du palais royal en ont fait une adh\u00e9sion sans r\u00e9serve \u00e0 la th\u00e8se marocaine. Le territoire non autonome est devenu \u00ab Sahara marocain \u00bb. L&rsquo;option parmi d&rsquo;autres est devenue la seule solution. Et le droit \u00e0 l&rsquo;autod\u00e9termination a tout simplement disparu du texte. Ce n&rsquo;est pas un d\u00e9rapage. C&rsquo;est une m\u00e9thode.<\/p>\n\n\n\n<p>Depuis des ann\u00e9es, Rabat pratique le m\u00eame exercice avec une r\u00e9gularit\u00e9 d\u00e9concertante : saisir la moindre d\u00e9claration \u00e9trang\u00e8re, l&rsquo;amputer de son contexte, la gonfler jusqu&rsquo;\u00e0 en faire une victoire diplomatique, puis la diffuser \u00e0 grand renfort de m\u00e9dias aux ordres. L&rsquo;objectif n&rsquo;est pas de convaincre la communaut\u00e9 internationale \u2014 personne n&rsquo;est dupe \u2014 mais d&rsquo;endormir une opinion int\u00e9rieure \u00e0 qui on promet depuis un demi-si\u00e8cle que le dossier sahraoui est \u00ab sur le point d&rsquo;\u00eatre d\u00e9finitivement r\u00e9gl\u00e9 \u00bb. Le fait est que le dossier du Sahara occidental est devenu la seule raison d\u2019exister d\u2019un r\u00e9gime en mal de l\u00e9gitimit\u00e9.<\/p>\n\n\n\n<p>Le probl\u00e8me, c&rsquo;est que la r\u00e9alit\u00e9 finit toujours par rattraper le mensonge. La r\u00e9solution 2797 du Conseil de s\u00e9curit\u00e9, adopt\u00e9e l&rsquo;automne dernier, en est l&rsquo;exemple le plus frappant. Rabat l&rsquo;avait c\u00e9l\u00e9br\u00e9e comme un tournant historique, une cons\u00e9cration internationale de son plan d&rsquo;autonomie. La lecture du texte dit autre chose : le r\u00e9f\u00e9rendum d&rsquo;autod\u00e9termination n&rsquo;est pas exclu, et le mandat de la Minurso \u2014 dont la vocation premi\u00e8re est pr\u00e9cis\u00e9ment d&rsquo;organiser ce scrutin \u2014 a \u00e9t\u00e9 reconduit. Aucun de ces d\u00e9tails n&rsquo;a filtr\u00e9 dans les m\u00e9dias marocains.<\/p>\n\n\n\n<p>Plus r\u00e9cemment, l&rsquo;annonce de la visite \u00e0 Alger du num\u00e9ro deux du d\u00e9partement d&rsquo;\u00c9tat am\u00e9ricain a d\u00e9clench\u00e9 le m\u00eame r\u00e9flexe pavlovien. En quelques heures, les titres marocains lui pr\u00eataient une mission que Washington n&rsquo;avait jamais \u00e9voqu\u00e9e. La r\u00e9alit\u00e9 est plus banale et plus solide : les \u00c9tats-Unis et l&rsquo;Alg\u00e9rie entretiennent une relation strat\u00e9gique qui repose sur l&rsquo;\u00e9nergie, le commerce et la s\u00e9curit\u00e9 r\u00e9gionale. Une relation d&rsquo;\u00e9gal \u00e0 \u00e9gal, qui n&rsquo;a pas \u00e0 se justifier devant Rabat et que les besoins du Makhzen n&rsquo;ont aucune prise dessus.<\/p>\n\n\n\n<p>Ce tropisme \u2014 r\u00e9duire toute la politique \u00e9trang\u00e8re am\u00e9ricaine au prisme sahraoui \u2014 dit beaucoup sur l&rsquo;\u00e9tat mental d&rsquo;une diplomatie qui a perdu le sens des proportions. Depuis la normalisation avec l\u2019entit\u00e9 sioniste en 2020 et la reconnaissance am\u00e9ricaine de la pr\u00e9tendue souverainet\u00e9 marocaine sur le Sahara, Rabat s&rsquo;est convaincu de tenir un levier universel. Il n&rsquo;en est rien. Un accord bilat\u00e9ral, aussi symbolique soit-il, ne fait pas d&rsquo;une grande puissance l&rsquo;instrument d&rsquo;un royaume. Pendant ce temps, le Front Polisario ne bouge pas d&rsquo;un millim\u00e8tre sur l&rsquo;essentiel : la solution passe par le peuple sahraoui lui-m\u00eame, par un r\u00e9f\u00e9rendum libre et r\u00e9gulier, conform\u00e9ment au droit international. Pas par un plan unilat\u00e9ral que personne n&rsquo;a demand\u00e9. Le Sahara occidental reste inscrit sur la liste des territoires non autonomes de l&rsquo;ONU. Aucun tour de bonneteau diplomatique n&rsquo;y a rien chang\u00e9. Et les d\u00e9clarations tronqu\u00e9es n&rsquo;y changeront rien.<\/p>\n\n\n\n<p>Lyes Sa\u00efdi<\/p>\n","protected":false},"excerpt":{"rendered":"<p>Il suffit qu&rsquo;un ministre \u00e9tranger prononce le mot \u00ab autonomie \u00bb pour que la machine du Makhzen s&#8217;emballe. La rencontre<\/p>\n","protected":false},"author":6,"featured_media":55054,"comment_status":"open","ping_status":"closed","sticky":false,"template":"","format":"standard","meta":{"colormag_page_container_layout":"default_layout","colormag_page_sidebar_layout":"default_layout","om_disable_all_campaigns":false,"_monsterinsights_skip_tracking":false,"_monsterinsights_sitenote_active":false,"_monsterinsights_sitenote_note":"","_monsterinsights_sitenote_category":0,"footnotes":"","_wpscppro_dont_share_socialmedia":false,"_wpscppro_custom_social_share_image":0,"_facebook_share_type":"default","_twitter_share_type":"default","_linkedin_share_type":"default","_pinterest_share_type":"default","_linkedin_share_type_page":"","_instagram_share_type":"default","_medium_share_type":"default","_threads_share_type":"default","_google_business_share_type":"default","_selected_social_profile":[],"_wpsp_enable_custom_social_template":false,"_wpsp_social_scheduling":{"enabled":false,"datetime":null,"platforms":[],"status":"template_only","dateOption":"today","timeOption":"now","customDays":"","customHours":"","customDate":"","customTime":"","schedulingType":"absolute"},"_wpsp_active_default_template":true},"categories":[37],"tags":[],"class_list":["post-86437","post","type-post","status-publish","format-standard","has-post-thumbnail","hentry","category-monde"],"aioseo_notices":[],"yoast_head":"<!-- This site is optimized with the Yoast SEO plugin v27.4 - https:\/\/yoast.com\/product\/yoast-seo-wordpress\/ -->\n<title>Sahara occidental\u00a0: Quand Rabat hallucine\u00a0! - La Sentinelle<\/title>\n<meta name=\"robots\" content=\"index, follow, max-snippet:-1, max-image-preview:large, max-video-preview:-1\" \/>\n<link rel=\"canonical\" href=\"https:\/\/lasentinelle.dz\/index.php\/2026\/04\/27\/sahara-occidental-quand-rabat-hallucine\/\" \/>\n<meta property=\"og:locale\" content=\"fr_FR\" \/>\n<meta property=\"og:type\" content=\"article\" \/>\n<meta property=\"og:title\" content=\"Sahara occidental\u00a0: Quand Rabat hallucine\u00a0! - La Sentinelle\" \/>\n<meta property=\"og:description\" content=\"Il suffit qu&rsquo;un ministre \u00e9tranger prononce le mot \u00ab autonomie \u00bb pour que la machine du Makhzen s&#8217;emballe. La rencontre\" \/>\n<meta property=\"og:url\" content=\"https:\/\/lasentinelle.dz\/index.php\/2026\/04\/27\/sahara-occidental-quand-rabat-hallucine\/\" \/>\n<meta property=\"og:site_name\" content=\"La Sentinelle\" \/>\n<meta property=\"article:publisher\" content=\"https:\/\/www.facebook.com\/La-Sentinelle-104059864394773\" \/>\n<meta property=\"article:published_time\" content=\"2026-04-27T12:23:54+00:00\" \/>\n<meta property=\"article:modified_time\" content=\"2026-04-27T12:23:57+00:00\" \/>\n<meta property=\"og:image\" content=\"https:\/\/lasentinelle.dz\/wp-content\/uploads\/2024\/07\/M6.jpg\" \/>\n\t<meta property=\"og:image:width\" content=\"1200\" \/>\n\t<meta property=\"og:image:height\" content=\"600\" \/>\n\t<meta property=\"og:image:type\" content=\"image\/jpeg\" \/>\n<meta name=\"author\" content=\"admin\" \/>\n<meta name=\"twitter:card\" content=\"summary_large_image\" \/>\n<meta name=\"twitter:label1\" content=\"\u00c9crit par\" \/>\n\t<meta name=\"twitter:data1\" content=\"admin\" \/>\n\t<meta name=\"twitter:label2\" content=\"Dur\u00e9e de lecture estim\u00e9e\" \/>\n\t<meta name=\"twitter:data2\" content=\"3 minutes\" \/>\n<script type=\"application\/ld+json\" class=\"yoast-schema-graph\">{\"@context\":\"https:\\\/\\\/schema.org\",\"@graph\":[{\"@type\":\"Article\",\"@id\":\"https:\\\/\\\/lasentinelle.dz\\\/index.php\\\/2026\\\/04\\\/27\\\/sahara-occidental-quand-rabat-hallucine\\\/#article\",\"isPartOf\":{\"@id\":\"https:\\\/\\\/lasentinelle.dz\\\/index.php\\\/2026\\\/04\\\/27\\\/sahara-occidental-quand-rabat-hallucine\\\/\"},\"author\":{\"name\":\"admin\",\"@id\":\"https:\\\/\\\/lasentinelle.dz\\\/#\\\/schema\\\/person\\\/729ee0024f24e0b8c5ec17232f8e8b41\"},\"headline\":\"Sahara occidental\u00a0: Quand Rabat hallucine\u00a0!\",\"datePublished\":\"2026-04-27T12:23:54+00:00\",\"dateModified\":\"2026-04-27T12:23:57+00:00\",\"mainEntityOfPage\":{\"@id\":\"https:\\\/\\\/lasentinelle.dz\\\/index.php\\\/2026\\\/04\\\/27\\\/sahara-occidental-quand-rabat-hallucine\\\/\"},\"wordCount\":663,\"commentCount\":0,\"publisher\":{\"@id\":\"https:\\\/\\\/lasentinelle.dz\\\/#organization\"},\"image\":{\"@id\":\"https:\\\/\\\/lasentinelle.dz\\\/index.php\\\/2026\\\/04\\\/27\\\/sahara-occidental-quand-rabat-hallucine\\\/#primaryimage\"},\"thumbnailUrl\":\"https:\\\/\\\/lasentinelle.dz\\\/wp-content\\\/uploads\\\/2024\\\/07\\\/M6.jpg\",\"articleSection\":[\"Monde\"],\"inLanguage\":\"fr-FR\",\"potentialAction\":[{\"@type\":\"CommentAction\",\"name\":\"Comment\",\"target\":[\"https:\\\/\\\/lasentinelle.dz\\\/index.php\\\/2026\\\/04\\\/27\\\/sahara-occidental-quand-rabat-hallucine\\\/#respond\"]}]},{\"@type\":\"WebPage\",\"@id\":\"https:\\\/\\\/lasentinelle.dz\\\/index.php\\\/2026\\\/04\\\/27\\\/sahara-occidental-quand-rabat-hallucine\\\/\",\"url\":\"https:\\\/\\\/lasentinelle.dz\\\/index.php\\\/2026\\\/04\\\/27\\\/sahara-occidental-quand-rabat-hallucine\\\/\",\"name\":\"Sahara occidental\u00a0: Quand Rabat hallucine\u00a0! - La Sentinelle\",\"isPartOf\":{\"@id\":\"https:\\\/\\\/lasentinelle.dz\\\/#website\"},\"primaryImageOfPage\":{\"@id\":\"https:\\\/\\\/lasentinelle.dz\\\/index.php\\\/2026\\\/04\\\/27\\\/sahara-occidental-quand-rabat-hallucine\\\/#primaryimage\"},\"image\":{\"@id\":\"https:\\\/\\\/lasentinelle.dz\\\/index.php\\\/2026\\\/04\\\/27\\\/sahara-occidental-quand-rabat-hallucine\\\/#primaryimage\"},\"thumbnailUrl\":\"https:\\\/\\\/lasentinelle.dz\\\/wp-content\\\/uploads\\\/2024\\\/07\\\/M6.jpg\",\"datePublished\":\"2026-04-27T12:23:54+00:00\",\"dateModified\":\"2026-04-27T12:23:57+00:00\",\"breadcrumb\":{\"@id\":\"https:\\\/\\\/lasentinelle.dz\\\/index.php\\\/2026\\\/04\\\/27\\\/sahara-occidental-quand-rabat-hallucine\\\/#breadcrumb\"},\"inLanguage\":\"fr-FR\",\"potentialAction\":[{\"@type\":\"ReadAction\",\"target\":[\"https:\\\/\\\/lasentinelle.dz\\\/index.php\\\/2026\\\/04\\\/27\\\/sahara-occidental-quand-rabat-hallucine\\\/\"]}]},{\"@type\":\"ImageObject\",\"inLanguage\":\"fr-FR\",\"@id\":\"https:\\\/\\\/lasentinelle.dz\\\/index.php\\\/2026\\\/04\\\/27\\\/sahara-occidental-quand-rabat-hallucine\\\/#primaryimage\",\"url\":\"https:\\\/\\\/lasentinelle.dz\\\/wp-content\\\/uploads\\\/2024\\\/07\\\/M6.jpg\",\"contentUrl\":\"https:\\\/\\\/lasentinelle.dz\\\/wp-content\\\/uploads\\\/2024\\\/07\\\/M6.jpg\",\"width\":1200,\"height\":600,\"caption\":\"This handout picture provided by the Moroccan agency press (MAP) on September 20, 2023, shows Morocco's King Mohammed VI chairing a working session devoted to the reconstruction and general upgrading program of the regions affected by the Al Haouz earthquake, on September in the Royal Palace in the capital Rabat. Nearly 3,000 people were killed and thousands more injured when a 6.8-magnitude earthquake tit Morocco's Al-Haouz province on September 8. In its aftermath, many worry that the dire living conditions and poor hygiene spell new threats for the survivors. (Photo by MAP \\\/ AFP) \\\/ RESTRICTED TO EDITORIAL USE - MANDATORY CREDIT AFP PHOTO \\\/ MOROCCAN AGENCY PRESS - NO MARKETING - NO ADVERTISING CAMPAIGNS - DISTRIBUTED AS A SERVICE TO CLIENTS\"},{\"@type\":\"BreadcrumbList\",\"@id\":\"https:\\\/\\\/lasentinelle.dz\\\/index.php\\\/2026\\\/04\\\/27\\\/sahara-occidental-quand-rabat-hallucine\\\/#breadcrumb\",\"itemListElement\":[{\"@type\":\"ListItem\",\"position\":1,\"name\":\"Accueil\",\"item\":\"https:\\\/\\\/lasentinelle.dz\\\/\"},{\"@type\":\"ListItem\",\"position\":2,\"name\":\"Sahara occidental\u00a0: Quand Rabat hallucine\u00a0!\"}]},{\"@type\":\"WebSite\",\"@id\":\"https:\\\/\\\/lasentinelle.dz\\\/#website\",\"url\":\"https:\\\/\\\/lasentinelle.dz\\\/\",\"name\":\"La Sentinelle\",\"description\":\"Quotidien national d&#039;information\",\"publisher\":{\"@id\":\"https:\\\/\\\/lasentinelle.dz\\\/#organization\"},\"potentialAction\":[{\"@type\":\"SearchAction\",\"target\":{\"@type\":\"EntryPoint\",\"urlTemplate\":\"https:\\\/\\\/lasentinelle.dz\\\/?s={search_term_string}\"},\"query-input\":{\"@type\":\"PropertyValueSpecification\",\"valueRequired\":true,\"valueName\":\"search_term_string\"}}],\"inLanguage\":\"fr-FR\"},{\"@type\":\"Organization\",\"@id\":\"https:\\\/\\\/lasentinelle.dz\\\/#organization\",\"name\":\"Quotidien La Sentinelle\",\"url\":\"https:\\\/\\\/lasentinelle.dz\\\/\",\"logo\":{\"@type\":\"ImageObject\",\"inLanguage\":\"fr-FR\",\"@id\":\"https:\\\/\\\/lasentinelle.dz\\\/#\\\/schema\\\/logo\\\/image\\\/\",\"url\":\"https:\\\/\\\/lasentinelle.dz\\\/wp-content\\\/uploads\\\/2021\\\/09\\\/logo-sentinelleSLOGAN-1.png\",\"contentUrl\":\"https:\\\/\\\/lasentinelle.dz\\\/wp-content\\\/uploads\\\/2021\\\/09\\\/logo-sentinelleSLOGAN-1.png\",\"width\":615,\"height\":142,\"caption\":\"Quotidien La Sentinelle\"},\"image\":{\"@id\":\"https:\\\/\\\/lasentinelle.dz\\\/#\\\/schema\\\/logo\\\/image\\\/\"},\"sameAs\":[\"https:\\\/\\\/www.facebook.com\\\/La-Sentinelle-104059864394773\"]},{\"@type\":\"Person\",\"@id\":\"https:\\\/\\\/lasentinelle.dz\\\/#\\\/schema\\\/person\\\/729ee0024f24e0b8c5ec17232f8e8b41\",\"name\":\"admin\",\"image\":{\"@type\":\"ImageObject\",\"inLanguage\":\"fr-FR\",\"@id\":\"https:\\\/\\\/secure.gravatar.com\\\/avatar\\\/4c81fed838786e9b53f540bf46533e750f5d292099ae3b66cfc6fb1982e29df7?s=96&d=mm&r=g\",\"url\":\"https:\\\/\\\/secure.gravatar.com\\\/avatar\\\/4c81fed838786e9b53f540bf46533e750f5d292099ae3b66cfc6fb1982e29df7?s=96&d=mm&r=g\",\"contentUrl\":\"https:\\\/\\\/secure.gravatar.com\\\/avatar\\\/4c81fed838786e9b53f540bf46533e750f5d292099ae3b66cfc6fb1982e29df7?s=96&d=mm&r=g\",\"caption\":\"admin\"},\"description\":\"admin\",\"url\":\"https:\\\/\\\/lasentinelle.dz\\\/author\\\/admin\\\/\"}]}<\/script>\n<!-- \/ Yoast SEO plugin. -->","yoast_head_json":{"title":"Sahara occidental\u00a0: Quand Rabat hallucine\u00a0! - La Sentinelle","robots":{"index":"index","follow":"follow","max-snippet":"max-snippet:-1","max-image-preview":"max-image-preview:large","max-video-preview":"max-video-preview:-1"},"canonical":"https:\/\/lasentinelle.dz\/index.php\/2026\/04\/27\/sahara-occidental-quand-rabat-hallucine\/","og_locale":"fr_FR","og_type":"article","og_title":"Sahara occidental\u00a0: Quand Rabat hallucine\u00a0! - La Sentinelle","og_description":"Il suffit qu&rsquo;un ministre \u00e9tranger prononce le mot \u00ab autonomie \u00bb pour que la machine du Makhzen s&#8217;emballe. La rencontre","og_url":"https:\/\/lasentinelle.dz\/index.php\/2026\/04\/27\/sahara-occidental-quand-rabat-hallucine\/","og_site_name":"La Sentinelle","article_publisher":"https:\/\/www.facebook.com\/La-Sentinelle-104059864394773","article_published_time":"2026-04-27T12:23:54+00:00","article_modified_time":"2026-04-27T12:23:57+00:00","og_image":[{"width":1200,"height":600,"url":"https:\/\/lasentinelle.dz\/wp-content\/uploads\/2024\/07\/M6.jpg","type":"image\/jpeg"}],"author":"admin","twitter_card":"summary_large_image","twitter_misc":{"\u00c9crit par":"admin","Dur\u00e9e de lecture estim\u00e9e":"3 minutes"},"schema":{"@context":"https:\/\/schema.org","@graph":[{"@type":"Article","@id":"https:\/\/lasentinelle.dz\/index.php\/2026\/04\/27\/sahara-occidental-quand-rabat-hallucine\/#article","isPartOf":{"@id":"https:\/\/lasentinelle.dz\/index.php\/2026\/04\/27\/sahara-occidental-quand-rabat-hallucine\/"},"author":{"name":"admin","@id":"https:\/\/lasentinelle.dz\/#\/schema\/person\/729ee0024f24e0b8c5ec17232f8e8b41"},"headline":"Sahara occidental\u00a0: Quand Rabat hallucine\u00a0!","datePublished":"2026-04-27T12:23:54+00:00","dateModified":"2026-04-27T12:23:57+00:00","mainEntityOfPage":{"@id":"https:\/\/lasentinelle.dz\/index.php\/2026\/04\/27\/sahara-occidental-quand-rabat-hallucine\/"},"wordCount":663,"commentCount":0,"publisher":{"@id":"https:\/\/lasentinelle.dz\/#organization"},"image":{"@id":"https:\/\/lasentinelle.dz\/index.php\/2026\/04\/27\/sahara-occidental-quand-rabat-hallucine\/#primaryimage"},"thumbnailUrl":"https:\/\/lasentinelle.dz\/wp-content\/uploads\/2024\/07\/M6.jpg","articleSection":["Monde"],"inLanguage":"fr-FR","potentialAction":[{"@type":"CommentAction","name":"Comment","target":["https:\/\/lasentinelle.dz\/index.php\/2026\/04\/27\/sahara-occidental-quand-rabat-hallucine\/#respond"]}]},{"@type":"WebPage","@id":"https:\/\/lasentinelle.dz\/index.php\/2026\/04\/27\/sahara-occidental-quand-rabat-hallucine\/","url":"https:\/\/lasentinelle.dz\/index.php\/2026\/04\/27\/sahara-occidental-quand-rabat-hallucine\/","name":"Sahara occidental\u00a0: Quand Rabat hallucine\u00a0! - La Sentinelle","isPartOf":{"@id":"https:\/\/lasentinelle.dz\/#website"},"primaryImageOfPage":{"@id":"https:\/\/lasentinelle.dz\/index.php\/2026\/04\/27\/sahara-occidental-quand-rabat-hallucine\/#primaryimage"},"image":{"@id":"https:\/\/lasentinelle.dz\/index.php\/2026\/04\/27\/sahara-occidental-quand-rabat-hallucine\/#primaryimage"},"thumbnailUrl":"https:\/\/lasentinelle.dz\/wp-content\/uploads\/2024\/07\/M6.jpg","datePublished":"2026-04-27T12:23:54+00:00","dateModified":"2026-04-27T12:23:57+00:00","breadcrumb":{"@id":"https:\/\/lasentinelle.dz\/index.php\/2026\/04\/27\/sahara-occidental-quand-rabat-hallucine\/#breadcrumb"},"inLanguage":"fr-FR","potentialAction":[{"@type":"ReadAction","target":["https:\/\/lasentinelle.dz\/index.php\/2026\/04\/27\/sahara-occidental-quand-rabat-hallucine\/"]}]},{"@type":"ImageObject","inLanguage":"fr-FR","@id":"https:\/\/lasentinelle.dz\/index.php\/2026\/04\/27\/sahara-occidental-quand-rabat-hallucine\/#primaryimage","url":"https:\/\/lasentinelle.dz\/wp-content\/uploads\/2024\/07\/M6.jpg","contentUrl":"https:\/\/lasentinelle.dz\/wp-content\/uploads\/2024\/07\/M6.jpg","width":1200,"height":600,"caption":"This handout picture provided by the Moroccan agency press (MAP) on September 20, 2023, shows Morocco's King Mohammed VI chairing a working session devoted to the reconstruction and general upgrading program of the regions affected by the Al Haouz earthquake, on September in the Royal Palace in the capital Rabat. Nearly 3,000 people were killed and thousands more injured when a 6.8-magnitude earthquake tit Morocco's Al-Haouz province on September 8. In its aftermath, many worry that the dire living conditions and poor hygiene spell new threats for the survivors. (Photo by MAP \/ AFP) \/ RESTRICTED TO EDITORIAL USE - MANDATORY CREDIT AFP PHOTO \/ MOROCCAN AGENCY PRESS - NO MARKETING - NO ADVERTISING CAMPAIGNS - DISTRIBUTED AS A SERVICE TO CLIENTS"},{"@type":"BreadcrumbList","@id":"https:\/\/lasentinelle.dz\/index.php\/2026\/04\/27\/sahara-occidental-quand-rabat-hallucine\/#breadcrumb","itemListElement":[{"@type":"ListItem","position":1,"name":"Accueil","item":"https:\/\/lasentinelle.dz\/"},{"@type":"ListItem","position":2,"name":"Sahara occidental\u00a0: Quand Rabat hallucine\u00a0!"}]},{"@type":"WebSite","@id":"https:\/\/lasentinelle.dz\/#website","url":"https:\/\/lasentinelle.dz\/","name":"La Sentinelle","description":"Quotidien national d&#039;information","publisher":{"@id":"https:\/\/lasentinelle.dz\/#organization"},"potentialAction":[{"@type":"SearchAction","target":{"@type":"EntryPoint","urlTemplate":"https:\/\/lasentinelle.dz\/?s={search_term_string}"},"query-input":{"@type":"PropertyValueSpecification","valueRequired":true,"valueName":"search_term_string"}}],"inLanguage":"fr-FR"},{"@type":"Organization","@id":"https:\/\/lasentinelle.dz\/#organization","name":"Quotidien La Sentinelle","url":"https:\/\/lasentinelle.dz\/","logo":{"@type":"ImageObject","inLanguage":"fr-FR","@id":"https:\/\/lasentinelle.dz\/#\/schema\/logo\/image\/","url":"https:\/\/lasentinelle.dz\/wp-content\/uploads\/2021\/09\/logo-sentinelleSLOGAN-1.png","contentUrl":"https:\/\/lasentinelle.dz\/wp-content\/uploads\/2021\/09\/logo-sentinelleSLOGAN-1.png","width":615,"height":142,"caption":"Quotidien La Sentinelle"},"image":{"@id":"https:\/\/lasentinelle.dz\/#\/schema\/logo\/image\/"},"sameAs":["https:\/\/www.facebook.com\/La-Sentinelle-104059864394773"]},{"@type":"Person","@id":"https:\/\/lasentinelle.dz\/#\/schema\/person\/729ee0024f24e0b8c5ec17232f8e8b41","name":"admin","image":{"@type":"ImageObject","inLanguage":"fr-FR","@id":"https:\/\/secure.gravatar.com\/avatar\/4c81fed838786e9b53f540bf46533e750f5d292099ae3b66cfc6fb1982e29df7?s=96&d=mm&r=g","url":"https:\/\/secure.gravatar.com\/avatar\/4c81fed838786e9b53f540bf46533e750f5d292099ae3b66cfc6fb1982e29df7?s=96&d=mm&r=g","contentUrl":"https:\/\/secure.gravatar.com\/avatar\/4c81fed838786e9b53f540bf46533e750f5d292099ae3b66cfc6fb1982e29df7?s=96&d=mm&r=g","caption":"admin"},"description":"admin","url":"https:\/\/lasentinelle.dz\/author\/admin\/"}]}},"_links":{"self":[{"href":"https:\/\/lasentinelle.dz\/index.php\/wp-json\/wp\/v2\/posts\/86437","targetHints":{"allow":["GET"]}}],"collection":[{"href":"https:\/\/lasentinelle.dz\/index.php\/wp-json\/wp\/v2\/posts"}],"about":[{"href":"https:\/\/lasentinelle.dz\/index.php\/wp-json\/wp\/v2\/types\/post"}],"author":[{"embeddable":true,"href":"https:\/\/lasentinelle.dz\/index.php\/wp-json\/wp\/v2\/users\/6"}],"replies":[{"embeddable":true,"href":"https:\/\/lasentinelle.dz\/index.php\/wp-json\/wp\/v2\/comments?post=86437"}],"version-history":[{"count":1,"href":"https:\/\/lasentinelle.dz\/index.php\/wp-json\/wp\/v2\/posts\/86437\/revisions"}],"predecessor-version":[{"id":86438,"href":"https:\/\/lasentinelle.dz\/index.php\/wp-json\/wp\/v2\/posts\/86437\/revisions\/86438"}],"wp:featuredmedia":[{"embeddable":true,"href":"https:\/\/lasentinelle.dz\/index.php\/wp-json\/wp\/v2\/media\/55054"}],"wp:attachment":[{"href":"https:\/\/lasentinelle.dz\/index.php\/wp-json\/wp\/v2\/media?parent=86437"}],"wp:term":[{"taxonomy":"category","embeddable":true,"href":"https:\/\/lasentinelle.dz\/index.php\/wp-json\/wp\/v2\/categories?post=86437"},{"taxonomy":"post_tag","embeddable":true,"href":"https:\/\/lasentinelle.dz\/index.php\/wp-json\/wp\/v2\/tags?post=86437"}],"curies":[{"name":"wp","href":"https:\/\/api.w.org\/{rel}","templated":true}]}}