{"id":86443,"date":"2026-04-27T13:30:07","date_gmt":"2026-04-27T12:30:07","guid":{"rendered":"https:\/\/lasentinelle.dz\/?p=86443"},"modified":"2026-04-27T13:30:11","modified_gmt":"2026-04-27T12:30:11","slug":"journees-nationales-de-la-photographie-patrimoniale-oran-celebre-le-costume-traditionnel-algerien-a-travers-lobjectif","status":"publish","type":"post","link":"https:\/\/lasentinelle.dz\/index.php\/2026\/04\/27\/journees-nationales-de-la-photographie-patrimoniale-oran-celebre-le-costume-traditionnel-algerien-a-travers-lobjectif\/","title":{"rendered":"Journ\u00e9es nationales de la photographie patrimoniale\u00a0: Oran c\u00e9l\u00e8bre le costume traditionnel alg\u00e9rien \u00e0 travers l&rsquo;objectif"},"content":{"rendered":"\n<p>Il y a quelque chose de particulier \u00e0 voir une chedda tlemc\u00e9nienne ou un burnous du Sud encadr\u00e9s et accroch\u00e9s aux murs d&rsquo;une galerie, trait\u00e9s avec le m\u00eame soin qu&rsquo;une peinture. C&rsquo;est pourtant le pari des premi\u00e8res Journ\u00e9es nationales de la photographie patrimoniale du costume traditionnel alg\u00e9rien, inaugur\u00e9es samedi soir \u00e0 la galerie Mekki Abderrahmane, dans la Maison de la culture Zeddour Brahim Elkacem d&rsquo;Oran. Trois jours d&rsquo;exposition, 31 photographies, et un inventaire du patrimoine vestimentaire qui traverse le pays du Nord au Sahara. L&rsquo;\u00e9v\u00e9nement s&rsquo;inscrit dans le cadre du Mois du patrimoine. Il r\u00e9unit autour d&rsquo;un m\u00eame projet la Maison de la culture d&rsquo;Oran, le Centre d&rsquo;interpr\u00e9tation \u00e0 caract\u00e8re mus\u00e9al du costume traditionnel de Tlemcen, le groupe photographique Passion Photo et l&rsquo;association Miftah El Kheir. Le r\u00e9sultat est une exposition qui donne \u00e0 voir, c\u00f4te \u00e0 c\u00f4te, des tenues f\u00e9minines et masculines issues de wilayas tr\u00e8s diff\u00e9rentes : blouse oranaise, blouse du Bey, ha\u00efk, melhfa na\u00eflie, habits de Kabylie, d&rsquo;Alger, du Sahara. Du c\u00f4t\u00e9 masculin, burnous, sarouel, chemlal, kachabia, abaya, djellaba et deraa saharien composent un panorama vestimentaire rarement r\u00e9uni en un seul espace. Le Dr Bentoumi Redouane, cadre au Centre de Tlemcen, d\u00e9crit ces photographies comme une \u00ab mallette mus\u00e9ale \u00bb \u2014 une formule qui dit bien l&rsquo;ambition du projet : non pas une simple exposition esth\u00e9tique, mais un outil de documentation et de transmission. Les clich\u00e9s sont accompagn\u00e9s d&rsquo;une brochure intitul\u00e9e <em>Le premier \u00e9clat<\/em>, r\u00e9alis\u00e9e par le centre, qui d\u00e9taille l&rsquo;histoire et les sp\u00e9cificit\u00e9s de chaque tenue. \u00ab L&rsquo;organisation de cet \u00e9v\u00e9nement vise \u00e0 valoriser et promouvoir le costume traditionnel alg\u00e9rien au niveau local, \u00e0 travers divers supports d&rsquo;exposition \u00bb, a-t-il pr\u00e9cis\u00e9. Une conf\u00e9rence qu&rsquo;il animera en marge de la manifestation prolongera cette r\u00e9flexion, portant sur \u00ab le r\u00f4le du centre d&rsquo;interpr\u00e9tation dans la pr\u00e9servation et la valorisation du patrimoine \u00bb. L&rsquo;association Miftah El Kheir a de son c\u00f4t\u00e9 organis\u00e9 une exposition parall\u00e8le enti\u00e8rement consacr\u00e9e aux costumes oranais, ancrant l&rsquo;\u00e9v\u00e9nement dans la m\u00e9moire locale de la ville. L&rsquo;ensemble de la manifestation restera ouvert jusqu&rsquo;\u00e0 la fin du week-end.<\/p>\n\n\n\n<p>Ce que ces journ\u00e9es rappellent, sobrement, c&rsquo;est que le costume traditionnel alg\u00e9rien n&rsquo;est pas un objet fig\u00e9 de mus\u00e9e. C&rsquo;est une archive vivante, cousue de r\u00e9gions, de si\u00e8cles et de savoir-faire que la photographie, ici, choisit de traiter avec la dignit\u00e9 qui leur revient.<\/p>\n\n\n\n<p>M.S.<\/p>\n","protected":false},"excerpt":{"rendered":"<p>Il y a quelque chose de particulier \u00e0 voir une chedda tlemc\u00e9nienne ou un burnous du Sud encadr\u00e9s et accroch\u00e9s<\/p>\n","protected":false},"author":6,"featured_media":86444,"comment_status":"open","ping_status":"closed","sticky":false,"template":"","format":"standard","meta":{"colormag_page_container_layout":"default_layout","colormag_page_sidebar_layout":"default_layout","om_disable_all_campaigns":false,"_monsterinsights_skip_tracking":false,"_monsterinsights_sitenote_active":false,"_monsterinsights_sitenote_note":"","_monsterinsights_sitenote_category":0,"footnotes":"","_wpscppro_dont_share_socialmedia":false,"_wpscppro_custom_social_share_image":0,"_facebook_share_type":"default","_twitter_share_type":"default","_linkedin_share_type":"default","_pinterest_share_type":"default","_linkedin_share_type_page":"","_instagram_share_type":"default","_medium_share_type":"default","_threads_share_type":"default","_google_business_share_type":"default","_selected_social_profile":[],"_wpsp_enable_custom_social_template":false,"_wpsp_social_scheduling":{"enabled":false,"datetime":null,"platforms":[],"status":"template_only","dateOption":"today","timeOption":"now","customDays":"","customHours":"","customDate":"","customTime":"","schedulingType":"absolute"},"_wpsp_active_default_template":true},"categories":[36],"tags":[],"class_list":["post-86443","post","type-post","status-publish","format-standard","has-post-thumbnail","hentry","category-culture"],"aioseo_notices":[],"yoast_head":"<!-- This site is optimized with the Yoast SEO plugin v27.4 - https:\/\/yoast.com\/product\/yoast-seo-wordpress\/ -->\n<title>Journ\u00e9es nationales de la photographie patrimoniale\u00a0: Oran c\u00e9l\u00e8bre le costume traditionnel alg\u00e9rien \u00e0 travers l&rsquo;objectif - La Sentinelle<\/title>\n<meta name=\"robots\" content=\"index, follow, max-snippet:-1, max-image-preview:large, max-video-preview:-1\" \/>\n<link rel=\"canonical\" href=\"https:\/\/lasentinelle.dz\/index.php\/2026\/04\/27\/journees-nationales-de-la-photographie-patrimoniale-oran-celebre-le-costume-traditionnel-algerien-a-travers-lobjectif\/\" \/>\n<meta property=\"og:locale\" content=\"fr_FR\" \/>\n<meta property=\"og:type\" content=\"article\" \/>\n<meta property=\"og:title\" content=\"Journ\u00e9es nationales de la photographie patrimoniale\u00a0: Oran c\u00e9l\u00e8bre le costume traditionnel alg\u00e9rien \u00e0 travers l&rsquo;objectif - La Sentinelle\" \/>\n<meta property=\"og:description\" content=\"Il y a quelque chose de particulier \u00e0 voir une chedda tlemc\u00e9nienne ou un burnous du Sud encadr\u00e9s et accroch\u00e9s\" \/>\n<meta property=\"og:url\" content=\"https:\/\/lasentinelle.dz\/index.php\/2026\/04\/27\/journees-nationales-de-la-photographie-patrimoniale-oran-celebre-le-costume-traditionnel-algerien-a-travers-lobjectif\/\" \/>\n<meta property=\"og:site_name\" content=\"La Sentinelle\" \/>\n<meta property=\"article:publisher\" content=\"https:\/\/www.facebook.com\/La-Sentinelle-104059864394773\" \/>\n<meta property=\"article:published_time\" content=\"2026-04-27T12:30:07+00:00\" \/>\n<meta property=\"article:modified_time\" content=\"2026-04-27T12:30:11+00:00\" \/>\n<meta property=\"og:image\" content=\"https:\/\/lasentinelle.dz\/wp-content\/uploads\/2026\/04\/expo.webp\" \/>\n\t<meta property=\"og:image:width\" content=\"1280\" \/>\n\t<meta property=\"og:image:height\" content=\"832\" \/>\n\t<meta property=\"og:image:type\" content=\"image\/webp\" \/>\n<meta name=\"author\" content=\"admin\" \/>\n<meta name=\"twitter:card\" content=\"summary_large_image\" \/>\n<meta name=\"twitter:label1\" content=\"\u00c9crit par\" \/>\n\t<meta name=\"twitter:data1\" content=\"admin\" \/>\n\t<meta name=\"twitter:label2\" content=\"Dur\u00e9e de lecture estim\u00e9e\" \/>\n\t<meta name=\"twitter:data2\" content=\"3 minutes\" \/>\n<script type=\"application\/ld+json\" class=\"yoast-schema-graph\">{\"@context\":\"https:\\\/\\\/schema.org\",\"@graph\":[{\"@type\":\"Article\",\"@id\":\"https:\\\/\\\/lasentinelle.dz\\\/index.php\\\/2026\\\/04\\\/27\\\/journees-nationales-de-la-photographie-patrimoniale-oran-celebre-le-costume-traditionnel-algerien-a-travers-lobjectif\\\/#article\",\"isPartOf\":{\"@id\":\"https:\\\/\\\/lasentinelle.dz\\\/index.php\\\/2026\\\/04\\\/27\\\/journees-nationales-de-la-photographie-patrimoniale-oran-celebre-le-costume-traditionnel-algerien-a-travers-lobjectif\\\/\"},\"author\":{\"name\":\"admin\",\"@id\":\"https:\\\/\\\/lasentinelle.dz\\\/#\\\/schema\\\/person\\\/729ee0024f24e0b8c5ec17232f8e8b41\"},\"headline\":\"Journ\u00e9es nationales de la photographie patrimoniale\u00a0: Oran c\u00e9l\u00e8bre le costume traditionnel alg\u00e9rien \u00e0 travers l&rsquo;objectif\",\"datePublished\":\"2026-04-27T12:30:07+00:00\",\"dateModified\":\"2026-04-27T12:30:11+00:00\",\"mainEntityOfPage\":{\"@id\":\"https:\\\/\\\/lasentinelle.dz\\\/index.php\\\/2026\\\/04\\\/27\\\/journees-nationales-de-la-photographie-patrimoniale-oran-celebre-le-costume-traditionnel-algerien-a-travers-lobjectif\\\/\"},\"wordCount\":470,\"commentCount\":0,\"publisher\":{\"@id\":\"https:\\\/\\\/lasentinelle.dz\\\/#organization\"},\"image\":{\"@id\":\"https:\\\/\\\/lasentinelle.dz\\\/index.php\\\/2026\\\/04\\\/27\\\/journees-nationales-de-la-photographie-patrimoniale-oran-celebre-le-costume-traditionnel-algerien-a-travers-lobjectif\\\/#primaryimage\"},\"thumbnailUrl\":\"https:\\\/\\\/lasentinelle.dz\\\/wp-content\\\/uploads\\\/2026\\\/04\\\/expo.webp\",\"articleSection\":[\"Culture\"],\"inLanguage\":\"fr-FR\",\"potentialAction\":[{\"@type\":\"CommentAction\",\"name\":\"Comment\",\"target\":[\"https:\\\/\\\/lasentinelle.dz\\\/index.php\\\/2026\\\/04\\\/27\\\/journees-nationales-de-la-photographie-patrimoniale-oran-celebre-le-costume-traditionnel-algerien-a-travers-lobjectif\\\/#respond\"]}]},{\"@type\":\"WebPage\",\"@id\":\"https:\\\/\\\/lasentinelle.dz\\\/index.php\\\/2026\\\/04\\\/27\\\/journees-nationales-de-la-photographie-patrimoniale-oran-celebre-le-costume-traditionnel-algerien-a-travers-lobjectif\\\/\",\"url\":\"https:\\\/\\\/lasentinelle.dz\\\/index.php\\\/2026\\\/04\\\/27\\\/journees-nationales-de-la-photographie-patrimoniale-oran-celebre-le-costume-traditionnel-algerien-a-travers-lobjectif\\\/\",\"name\":\"Journ\u00e9es nationales de la photographie patrimoniale\u00a0: Oran c\u00e9l\u00e8bre le costume traditionnel alg\u00e9rien \u00e0 travers l&rsquo;objectif - La Sentinelle\",\"isPartOf\":{\"@id\":\"https:\\\/\\\/lasentinelle.dz\\\/#website\"},\"primaryImageOfPage\":{\"@id\":\"https:\\\/\\\/lasentinelle.dz\\\/index.php\\\/2026\\\/04\\\/27\\\/journees-nationales-de-la-photographie-patrimoniale-oran-celebre-le-costume-traditionnel-algerien-a-travers-lobjectif\\\/#primaryimage\"},\"image\":{\"@id\":\"https:\\\/\\\/lasentinelle.dz\\\/index.php\\\/2026\\\/04\\\/27\\\/journees-nationales-de-la-photographie-patrimoniale-oran-celebre-le-costume-traditionnel-algerien-a-travers-lobjectif\\\/#primaryimage\"},\"thumbnailUrl\":\"https:\\\/\\\/lasentinelle.dz\\\/wp-content\\\/uploads\\\/2026\\\/04\\\/expo.webp\",\"datePublished\":\"2026-04-27T12:30:07+00:00\",\"dateModified\":\"2026-04-27T12:30:11+00:00\",\"breadcrumb\":{\"@id\":\"https:\\\/\\\/lasentinelle.dz\\\/index.php\\\/2026\\\/04\\\/27\\\/journees-nationales-de-la-photographie-patrimoniale-oran-celebre-le-costume-traditionnel-algerien-a-travers-lobjectif\\\/#breadcrumb\"},\"inLanguage\":\"fr-FR\",\"potentialAction\":[{\"@type\":\"ReadAction\",\"target\":[\"https:\\\/\\\/lasentinelle.dz\\\/index.php\\\/2026\\\/04\\\/27\\\/journees-nationales-de-la-photographie-patrimoniale-oran-celebre-le-costume-traditionnel-algerien-a-travers-lobjectif\\\/\"]}]},{\"@type\":\"ImageObject\",\"inLanguage\":\"fr-FR\",\"@id\":\"https:\\\/\\\/lasentinelle.dz\\\/index.php\\\/2026\\\/04\\\/27\\\/journees-nationales-de-la-photographie-patrimoniale-oran-celebre-le-costume-traditionnel-algerien-a-travers-lobjectif\\\/#primaryimage\",\"url\":\"https:\\\/\\\/lasentinelle.dz\\\/wp-content\\\/uploads\\\/2026\\\/04\\\/expo.webp\",\"contentUrl\":\"https:\\\/\\\/lasentinelle.dz\\\/wp-content\\\/uploads\\\/2026\\\/04\\\/expo.webp\",\"width\":1280,\"height\":832},{\"@type\":\"BreadcrumbList\",\"@id\":\"https:\\\/\\\/lasentinelle.dz\\\/index.php\\\/2026\\\/04\\\/27\\\/journees-nationales-de-la-photographie-patrimoniale-oran-celebre-le-costume-traditionnel-algerien-a-travers-lobjectif\\\/#breadcrumb\",\"itemListElement\":[{\"@type\":\"ListItem\",\"position\":1,\"name\":\"Accueil\",\"item\":\"https:\\\/\\\/lasentinelle.dz\\\/\"},{\"@type\":\"ListItem\",\"position\":2,\"name\":\"Journ\u00e9es nationales de la photographie patrimoniale\u00a0: Oran c\u00e9l\u00e8bre le costume traditionnel alg\u00e9rien \u00e0 travers l&rsquo;objectif\"}]},{\"@type\":\"WebSite\",\"@id\":\"https:\\\/\\\/lasentinelle.dz\\\/#website\",\"url\":\"https:\\\/\\\/lasentinelle.dz\\\/\",\"name\":\"La Sentinelle\",\"description\":\"Quotidien national d&#039;information\",\"publisher\":{\"@id\":\"https:\\\/\\\/lasentinelle.dz\\\/#organization\"},\"potentialAction\":[{\"@type\":\"SearchAction\",\"target\":{\"@type\":\"EntryPoint\",\"urlTemplate\":\"https:\\\/\\\/lasentinelle.dz\\\/?s={search_term_string}\"},\"query-input\":{\"@type\":\"PropertyValueSpecification\",\"valueRequired\":true,\"valueName\":\"search_term_string\"}}],\"inLanguage\":\"fr-FR\"},{\"@type\":\"Organization\",\"@id\":\"https:\\\/\\\/lasentinelle.dz\\\/#organization\",\"name\":\"Quotidien La Sentinelle\",\"url\":\"https:\\\/\\\/lasentinelle.dz\\\/\",\"logo\":{\"@type\":\"ImageObject\",\"inLanguage\":\"fr-FR\",\"@id\":\"https:\\\/\\\/lasentinelle.dz\\\/#\\\/schema\\\/logo\\\/image\\\/\",\"url\":\"https:\\\/\\\/lasentinelle.dz\\\/wp-content\\\/uploads\\\/2021\\\/09\\\/logo-sentinelleSLOGAN-1.png\",\"contentUrl\":\"https:\\\/\\\/lasentinelle.dz\\\/wp-content\\\/uploads\\\/2021\\\/09\\\/logo-sentinelleSLOGAN-1.png\",\"width\":615,\"height\":142,\"caption\":\"Quotidien La Sentinelle\"},\"image\":{\"@id\":\"https:\\\/\\\/lasentinelle.dz\\\/#\\\/schema\\\/logo\\\/image\\\/\"},\"sameAs\":[\"https:\\\/\\\/www.facebook.com\\\/La-Sentinelle-104059864394773\"]},{\"@type\":\"Person\",\"@id\":\"https:\\\/\\\/lasentinelle.dz\\\/#\\\/schema\\\/person\\\/729ee0024f24e0b8c5ec17232f8e8b41\",\"name\":\"admin\",\"image\":{\"@type\":\"ImageObject\",\"inLanguage\":\"fr-FR\",\"@id\":\"https:\\\/\\\/secure.gravatar.com\\\/avatar\\\/4c81fed838786e9b53f540bf46533e750f5d292099ae3b66cfc6fb1982e29df7?s=96&d=mm&r=g\",\"url\":\"https:\\\/\\\/secure.gravatar.com\\\/avatar\\\/4c81fed838786e9b53f540bf46533e750f5d292099ae3b66cfc6fb1982e29df7?s=96&d=mm&r=g\",\"contentUrl\":\"https:\\\/\\\/secure.gravatar.com\\\/avatar\\\/4c81fed838786e9b53f540bf46533e750f5d292099ae3b66cfc6fb1982e29df7?s=96&d=mm&r=g\",\"caption\":\"admin\"},\"description\":\"admin\",\"url\":\"https:\\\/\\\/lasentinelle.dz\\\/author\\\/admin\\\/\"}]}<\/script>\n<!-- \/ Yoast SEO plugin. -->","yoast_head_json":{"title":"Journ\u00e9es nationales de la photographie patrimoniale\u00a0: Oran c\u00e9l\u00e8bre le costume traditionnel alg\u00e9rien \u00e0 travers l&rsquo;objectif - La Sentinelle","robots":{"index":"index","follow":"follow","max-snippet":"max-snippet:-1","max-image-preview":"max-image-preview:large","max-video-preview":"max-video-preview:-1"},"canonical":"https:\/\/lasentinelle.dz\/index.php\/2026\/04\/27\/journees-nationales-de-la-photographie-patrimoniale-oran-celebre-le-costume-traditionnel-algerien-a-travers-lobjectif\/","og_locale":"fr_FR","og_type":"article","og_title":"Journ\u00e9es nationales de la photographie patrimoniale\u00a0: Oran c\u00e9l\u00e8bre le costume traditionnel alg\u00e9rien \u00e0 travers l&rsquo;objectif - La Sentinelle","og_description":"Il y a quelque chose de particulier \u00e0 voir une chedda tlemc\u00e9nienne ou un burnous du Sud encadr\u00e9s et accroch\u00e9s","og_url":"https:\/\/lasentinelle.dz\/index.php\/2026\/04\/27\/journees-nationales-de-la-photographie-patrimoniale-oran-celebre-le-costume-traditionnel-algerien-a-travers-lobjectif\/","og_site_name":"La Sentinelle","article_publisher":"https:\/\/www.facebook.com\/La-Sentinelle-104059864394773","article_published_time":"2026-04-27T12:30:07+00:00","article_modified_time":"2026-04-27T12:30:11+00:00","og_image":[{"width":1280,"height":832,"url":"https:\/\/lasentinelle.dz\/wp-content\/uploads\/2026\/04\/expo.webp","type":"image\/webp"}],"author":"admin","twitter_card":"summary_large_image","twitter_misc":{"\u00c9crit par":"admin","Dur\u00e9e de lecture estim\u00e9e":"3 minutes"},"schema":{"@context":"https:\/\/schema.org","@graph":[{"@type":"Article","@id":"https:\/\/lasentinelle.dz\/index.php\/2026\/04\/27\/journees-nationales-de-la-photographie-patrimoniale-oran-celebre-le-costume-traditionnel-algerien-a-travers-lobjectif\/#article","isPartOf":{"@id":"https:\/\/lasentinelle.dz\/index.php\/2026\/04\/27\/journees-nationales-de-la-photographie-patrimoniale-oran-celebre-le-costume-traditionnel-algerien-a-travers-lobjectif\/"},"author":{"name":"admin","@id":"https:\/\/lasentinelle.dz\/#\/schema\/person\/729ee0024f24e0b8c5ec17232f8e8b41"},"headline":"Journ\u00e9es nationales de la photographie patrimoniale\u00a0: Oran c\u00e9l\u00e8bre le costume traditionnel alg\u00e9rien \u00e0 travers l&rsquo;objectif","datePublished":"2026-04-27T12:30:07+00:00","dateModified":"2026-04-27T12:30:11+00:00","mainEntityOfPage":{"@id":"https:\/\/lasentinelle.dz\/index.php\/2026\/04\/27\/journees-nationales-de-la-photographie-patrimoniale-oran-celebre-le-costume-traditionnel-algerien-a-travers-lobjectif\/"},"wordCount":470,"commentCount":0,"publisher":{"@id":"https:\/\/lasentinelle.dz\/#organization"},"image":{"@id":"https:\/\/lasentinelle.dz\/index.php\/2026\/04\/27\/journees-nationales-de-la-photographie-patrimoniale-oran-celebre-le-costume-traditionnel-algerien-a-travers-lobjectif\/#primaryimage"},"thumbnailUrl":"https:\/\/lasentinelle.dz\/wp-content\/uploads\/2026\/04\/expo.webp","articleSection":["Culture"],"inLanguage":"fr-FR","potentialAction":[{"@type":"CommentAction","name":"Comment","target":["https:\/\/lasentinelle.dz\/index.php\/2026\/04\/27\/journees-nationales-de-la-photographie-patrimoniale-oran-celebre-le-costume-traditionnel-algerien-a-travers-lobjectif\/#respond"]}]},{"@type":"WebPage","@id":"https:\/\/lasentinelle.dz\/index.php\/2026\/04\/27\/journees-nationales-de-la-photographie-patrimoniale-oran-celebre-le-costume-traditionnel-algerien-a-travers-lobjectif\/","url":"https:\/\/lasentinelle.dz\/index.php\/2026\/04\/27\/journees-nationales-de-la-photographie-patrimoniale-oran-celebre-le-costume-traditionnel-algerien-a-travers-lobjectif\/","name":"Journ\u00e9es nationales de la photographie patrimoniale\u00a0: Oran c\u00e9l\u00e8bre le costume traditionnel alg\u00e9rien \u00e0 travers l&rsquo;objectif - La Sentinelle","isPartOf":{"@id":"https:\/\/lasentinelle.dz\/#website"},"primaryImageOfPage":{"@id":"https:\/\/lasentinelle.dz\/index.php\/2026\/04\/27\/journees-nationales-de-la-photographie-patrimoniale-oran-celebre-le-costume-traditionnel-algerien-a-travers-lobjectif\/#primaryimage"},"image":{"@id":"https:\/\/lasentinelle.dz\/index.php\/2026\/04\/27\/journees-nationales-de-la-photographie-patrimoniale-oran-celebre-le-costume-traditionnel-algerien-a-travers-lobjectif\/#primaryimage"},"thumbnailUrl":"https:\/\/lasentinelle.dz\/wp-content\/uploads\/2026\/04\/expo.webp","datePublished":"2026-04-27T12:30:07+00:00","dateModified":"2026-04-27T12:30:11+00:00","breadcrumb":{"@id":"https:\/\/lasentinelle.dz\/index.php\/2026\/04\/27\/journees-nationales-de-la-photographie-patrimoniale-oran-celebre-le-costume-traditionnel-algerien-a-travers-lobjectif\/#breadcrumb"},"inLanguage":"fr-FR","potentialAction":[{"@type":"ReadAction","target":["https:\/\/lasentinelle.dz\/index.php\/2026\/04\/27\/journees-nationales-de-la-photographie-patrimoniale-oran-celebre-le-costume-traditionnel-algerien-a-travers-lobjectif\/"]}]},{"@type":"ImageObject","inLanguage":"fr-FR","@id":"https:\/\/lasentinelle.dz\/index.php\/2026\/04\/27\/journees-nationales-de-la-photographie-patrimoniale-oran-celebre-le-costume-traditionnel-algerien-a-travers-lobjectif\/#primaryimage","url":"https:\/\/lasentinelle.dz\/wp-content\/uploads\/2026\/04\/expo.webp","contentUrl":"https:\/\/lasentinelle.dz\/wp-content\/uploads\/2026\/04\/expo.webp","width":1280,"height":832},{"@type":"BreadcrumbList","@id":"https:\/\/lasentinelle.dz\/index.php\/2026\/04\/27\/journees-nationales-de-la-photographie-patrimoniale-oran-celebre-le-costume-traditionnel-algerien-a-travers-lobjectif\/#breadcrumb","itemListElement":[{"@type":"ListItem","position":1,"name":"Accueil","item":"https:\/\/lasentinelle.dz\/"},{"@type":"ListItem","position":2,"name":"Journ\u00e9es nationales de la photographie patrimoniale\u00a0: Oran c\u00e9l\u00e8bre le costume traditionnel alg\u00e9rien \u00e0 travers l&rsquo;objectif"}]},{"@type":"WebSite","@id":"https:\/\/lasentinelle.dz\/#website","url":"https:\/\/lasentinelle.dz\/","name":"La Sentinelle","description":"Quotidien national d&#039;information","publisher":{"@id":"https:\/\/lasentinelle.dz\/#organization"},"potentialAction":[{"@type":"SearchAction","target":{"@type":"EntryPoint","urlTemplate":"https:\/\/lasentinelle.dz\/?s={search_term_string}"},"query-input":{"@type":"PropertyValueSpecification","valueRequired":true,"valueName":"search_term_string"}}],"inLanguage":"fr-FR"},{"@type":"Organization","@id":"https:\/\/lasentinelle.dz\/#organization","name":"Quotidien La Sentinelle","url":"https:\/\/lasentinelle.dz\/","logo":{"@type":"ImageObject","inLanguage":"fr-FR","@id":"https:\/\/lasentinelle.dz\/#\/schema\/logo\/image\/","url":"https:\/\/lasentinelle.dz\/wp-content\/uploads\/2021\/09\/logo-sentinelleSLOGAN-1.png","contentUrl":"https:\/\/lasentinelle.dz\/wp-content\/uploads\/2021\/09\/logo-sentinelleSLOGAN-1.png","width":615,"height":142,"caption":"Quotidien La Sentinelle"},"image":{"@id":"https:\/\/lasentinelle.dz\/#\/schema\/logo\/image\/"},"sameAs":["https:\/\/www.facebook.com\/La-Sentinelle-104059864394773"]},{"@type":"Person","@id":"https:\/\/lasentinelle.dz\/#\/schema\/person\/729ee0024f24e0b8c5ec17232f8e8b41","name":"admin","image":{"@type":"ImageObject","inLanguage":"fr-FR","@id":"https:\/\/secure.gravatar.com\/avatar\/4c81fed838786e9b53f540bf46533e750f5d292099ae3b66cfc6fb1982e29df7?s=96&d=mm&r=g","url":"https:\/\/secure.gravatar.com\/avatar\/4c81fed838786e9b53f540bf46533e750f5d292099ae3b66cfc6fb1982e29df7?s=96&d=mm&r=g","contentUrl":"https:\/\/secure.gravatar.com\/avatar\/4c81fed838786e9b53f540bf46533e750f5d292099ae3b66cfc6fb1982e29df7?s=96&d=mm&r=g","caption":"admin"},"description":"admin","url":"https:\/\/lasentinelle.dz\/author\/admin\/"}]}},"_links":{"self":[{"href":"https:\/\/lasentinelle.dz\/index.php\/wp-json\/wp\/v2\/posts\/86443","targetHints":{"allow":["GET"]}}],"collection":[{"href":"https:\/\/lasentinelle.dz\/index.php\/wp-json\/wp\/v2\/posts"}],"about":[{"href":"https:\/\/lasentinelle.dz\/index.php\/wp-json\/wp\/v2\/types\/post"}],"author":[{"embeddable":true,"href":"https:\/\/lasentinelle.dz\/index.php\/wp-json\/wp\/v2\/users\/6"}],"replies":[{"embeddable":true,"href":"https:\/\/lasentinelle.dz\/index.php\/wp-json\/wp\/v2\/comments?post=86443"}],"version-history":[{"count":2,"href":"https:\/\/lasentinelle.dz\/index.php\/wp-json\/wp\/v2\/posts\/86443\/revisions"}],"predecessor-version":[{"id":86446,"href":"https:\/\/lasentinelle.dz\/index.php\/wp-json\/wp\/v2\/posts\/86443\/revisions\/86446"}],"wp:featuredmedia":[{"embeddable":true,"href":"https:\/\/lasentinelle.dz\/index.php\/wp-json\/wp\/v2\/media\/86444"}],"wp:attachment":[{"href":"https:\/\/lasentinelle.dz\/index.php\/wp-json\/wp\/v2\/media?parent=86443"}],"wp:term":[{"taxonomy":"category","embeddable":true,"href":"https:\/\/lasentinelle.dz\/index.php\/wp-json\/wp\/v2\/categories?post=86443"},{"taxonomy":"post_tag","embeddable":true,"href":"https:\/\/lasentinelle.dz\/index.php\/wp-json\/wp\/v2\/tags?post=86443"}],"curies":[{"name":"wp","href":"https:\/\/api.w.org\/{rel}","templated":true}]}}