{"id":86447,"date":"2026-04-27T13:42:50","date_gmt":"2026-04-27T12:42:50","guid":{"rendered":"https:\/\/lasentinelle.dz\/?p=86447"},"modified":"2026-04-27T13:42:50","modified_gmt":"2026-04-27T12:42:50","slug":"colloque-a-alger-sur-la-dimension-africaine-dans-la-production-culturelle-algerienne-des-ponts-entre-les-peuples-africains","status":"publish","type":"post","link":"https:\/\/lasentinelle.dz\/index.php\/2026\/04\/27\/colloque-a-alger-sur-la-dimension-africaine-dans-la-production-culturelle-algerienne-des-ponts-entre-les-peuples-africains\/","title":{"rendered":"Colloque \u00e0 Alger sur la dimension africaine dans la production culturelle alg\u00e9rienne\u00a0: Des ponts entre les peuples africains"},"content":{"rendered":"\n<p>Samedi \u00e0 Alger, au Palais de la culture Moufdi Zakaria, des chercheurs, des intellectuels et des repr\u00e9sentants d&rsquo;institutions culturelles se sont r\u00e9unis pour se pencher sur la part africaine dans la culture alg\u00e9rienne. Le colloque national organis\u00e9 par la Fondation internationale pour la jeunesse et l&rsquo;enfance, sous le patronage du minist\u00e8re de la Culture et des Arts, a ouvert sur une conviction forte, formul\u00e9e par le pr\u00e9sident de la Fondation, Ishak Ibn Kayem Kenouna. Pour lui, tenir ce genre de rencontre n&rsquo;est pas un exercice acad\u00e9mique parmi d&rsquo;autres. \u00ab La communication culturelle est un fondement essentiel pour construire la conscience et raffermir les liens humains \u00bb, a-t-il dit en ouverture, pr\u00e9cisant que ce colloque \u00ab traduit la vision de la Fondation, qui fait de la culture une base solide de communication entre les jeunes \u00e9lites africaines \u00bb. Il a insist\u00e9 sur ce qu&rsquo;il consid\u00e8re comme une \u00e9vidence trop peu revendiqu\u00e9e : \u00ab L&rsquo;identit\u00e9 alg\u00e9rienne s&rsquo;\u00e9tend avec ses racines profondes dans le continent africain \u00bb, et \u00ab l&rsquo;art et la litt\u00e9rature sont deux ponts qui lient les peuples africains \u00bb. Salah Bela\u00efd, pr\u00e9sident du Haut Conseil de la langue arabe, a prolong\u00e9 cette r\u00e9flexion en l&rsquo;ancrant dans le domaine de la cr\u00e9ation intellectuelle et scientifique. La dimension africaine de la culture alg\u00e9rienne, a-t-il rappel\u00e9, \u00ab s&rsquo;exprime dans plusieurs domaines de cr\u00e9ativit\u00e9 \u00bb, et l&rsquo;Alg\u00e9rie joue selon lui \u00ab un r\u00f4le pionnier dans le renforcement des liens culturels et historiques au sein du continent africain \u00bb. Il a aussi abord\u00e9 la question des \u00e9lites, qu&rsquo;il voit comme \u00ab un pilier fondamental pour construire l&rsquo;avenir du continent et son rayonnement \u00bb. Mais c&rsquo;est sur la langue et l&rsquo;identit\u00e9 qu&rsquo;il a \u00e9t\u00e9 le plus direct, insistant sur \u00ab la n\u00e9cessit\u00e9 d&rsquo;investir dans la cr\u00e9ativit\u00e9 humaine et de promouvoir la production intellectuelle africaine \u00e0 travers le monde, dans le cadre des \u00e9v\u00e9nements culturels internationaux \u00bb. \u00c0 ses yeux, la jeune g\u00e9n\u00e9ration porte \u00ab une responsabilit\u00e9 historique \u00bb : celle de continuer un chemin trac\u00e9 par des pr\u00e9d\u00e9cesseurs qui ont fait de la culture un outil de r\u00e9sistance autant que de rayonnement.<\/p>\n\n\n\n<p>Les communications pr\u00e9sent\u00e9es au cours de la journ\u00e9e ont illustr\u00e9 concr\u00e8tement ces prises de position. L&rsquo;une des interventions portait sur \u00ab l&rsquo;\u00e9criture coloniale et les manifestations de la dimension africaine dans le discours litt\u00e9raire alg\u00e9rien \u00bb \u2014 un angle qui permet de relire des textes connus sous un \u00e9clairage diff\u00e9rent, en y rep\u00e9rant les traces d&rsquo;une appartenance continentale que la p\u00e9riode coloniale avait tent\u00e9 d&rsquo;effacer ou d&rsquo;ignorer. Une autre communication s&rsquo;est pench\u00e9e sur \u00ab le r\u00f4le des \u00e9lites culturelles dans le renforcement de l&rsquo;unit\u00e9 nationale et des valeurs partag\u00e9es entre l&rsquo;Alg\u00e9rie et les pays africains \u00bb, questionnant la responsabilit\u00e9 de ceux qui \u00e9crivent, pensent et cr\u00e9ent dans la construction d&rsquo;une solidarit\u00e9 africaine qui ne soit pas seulement diplomatique.<\/p>\n\n\n\n<p>Ce que le colloque met en lumi\u00e8re, au fond, c&rsquo;est un paradoxe : l&rsquo;Alg\u00e9rie entretient depuis l&rsquo;ind\u00e9pendance une relation intense avec le reste du continent \u2014 Alger fut l&rsquo;un des foyers du panafricanisme, un refuge pour les mouvements de lib\u00e9ration, un carrefour de la pens\u00e9e tiers-mondiste \u2014 mais cette histoire reste peu int\u00e9gr\u00e9e dans le r\u00e9cit culturel dominant. On parle volontiers des influences arabes, berb\u00e8res, m\u00e9diterran\u00e9ennes. La dimension africaine, elle, est souvent trait\u00e9e en marge, comme si elle relevait de la g\u00e9ographie plus que de l&rsquo;identit\u00e9. C&rsquo;est pr\u00e9cis\u00e9ment ce d\u00e9s\u00e9quilibre que la Fondation internationale pour la jeunesse et l&rsquo;enfance cherche \u00e0 corriger, en pla\u00e7ant les jeunes \u00e9lites au centre du dispositif. L&rsquo;id\u00e9e n&rsquo;est pas de revisiter le pass\u00e9 pour le seul plaisir de l&rsquo;arch\u00e9ologie intellectuelle, mais d&rsquo;alimenter un dialogue vivant entre g\u00e9n\u00e9rations et entre pays. Le colloque de samedi s&rsquo;inscrit dans cette logique : mettre des mots sur des liens qui existent, leur donner une visibilit\u00e9, et confier aux plus jeunes la charge de les prolonger.<\/p>\n\n\n\n<p>Mohand S.<\/p>\n","protected":false},"excerpt":{"rendered":"<p>Samedi \u00e0 Alger, au Palais de la culture Moufdi Zakaria, des chercheurs, des intellectuels et des repr\u00e9sentants d&rsquo;institutions culturelles se<\/p>\n","protected":false},"author":6,"featured_media":86448,"comment_status":"open","ping_status":"closed","sticky":false,"template":"","format":"standard","meta":{"colormag_page_container_layout":"default_layout","colormag_page_sidebar_layout":"default_layout","om_disable_all_campaigns":false,"_monsterinsights_skip_tracking":false,"_monsterinsights_sitenote_active":false,"_monsterinsights_sitenote_note":"","_monsterinsights_sitenote_category":0,"footnotes":"","_wpscppro_dont_share_socialmedia":false,"_wpscppro_custom_social_share_image":0,"_facebook_share_type":"default","_twitter_share_type":"default","_linkedin_share_type":"default","_pinterest_share_type":"default","_linkedin_share_type_page":"","_instagram_share_type":"default","_medium_share_type":"default","_threads_share_type":"default","_google_business_share_type":"default","_selected_social_profile":[],"_wpsp_enable_custom_social_template":false,"_wpsp_social_scheduling":{"enabled":false,"datetime":null,"platforms":[],"status":"template_only","dateOption":"today","timeOption":"now","customDays":"","customHours":"","customDate":"","customTime":"","schedulingType":"absolute"},"_wpsp_active_default_template":true},"categories":[36],"tags":[],"class_list":["post-86447","post","type-post","status-publish","format-standard","has-post-thumbnail","hentry","category-culture"],"aioseo_notices":[],"yoast_head":"<!-- This site is optimized with the Yoast SEO plugin v27.4 - https:\/\/yoast.com\/product\/yoast-seo-wordpress\/ -->\n<title>Colloque \u00e0 Alger sur la dimension africaine dans la production culturelle alg\u00e9rienne\u00a0: Des ponts entre les peuples africains - La Sentinelle<\/title>\n<meta name=\"robots\" content=\"index, follow, max-snippet:-1, max-image-preview:large, max-video-preview:-1\" \/>\n<link rel=\"canonical\" href=\"https:\/\/lasentinelle.dz\/index.php\/2026\/04\/27\/colloque-a-alger-sur-la-dimension-africaine-dans-la-production-culturelle-algerienne-des-ponts-entre-les-peuples-africains\/\" \/>\n<meta property=\"og:locale\" content=\"fr_FR\" \/>\n<meta property=\"og:type\" content=\"article\" \/>\n<meta property=\"og:title\" content=\"Colloque \u00e0 Alger sur la dimension africaine dans la production culturelle alg\u00e9rienne\u00a0: Des ponts entre les peuples africains - La Sentinelle\" \/>\n<meta property=\"og:description\" content=\"Samedi \u00e0 Alger, au Palais de la culture Moufdi Zakaria, des chercheurs, des intellectuels et des repr\u00e9sentants d&rsquo;institutions culturelles se\" \/>\n<meta property=\"og:url\" content=\"https:\/\/lasentinelle.dz\/index.php\/2026\/04\/27\/colloque-a-alger-sur-la-dimension-africaine-dans-la-production-culturelle-algerienne-des-ponts-entre-les-peuples-africains\/\" \/>\n<meta property=\"og:site_name\" content=\"La Sentinelle\" \/>\n<meta property=\"article:publisher\" content=\"https:\/\/www.facebook.com\/La-Sentinelle-104059864394773\" \/>\n<meta property=\"article:published_time\" content=\"2026-04-27T12:42:50+00:00\" \/>\n<meta name=\"author\" content=\"admin\" \/>\n<meta name=\"twitter:card\" content=\"summary_large_image\" \/>\n<meta name=\"twitter:label1\" content=\"\u00c9crit par\" \/>\n\t<meta name=\"twitter:data1\" content=\"admin\" \/>\n\t<meta name=\"twitter:label2\" content=\"Dur\u00e9e de lecture estim\u00e9e\" \/>\n\t<meta name=\"twitter:data2\" content=\"3 minutes\" \/>\n<script type=\"application\/ld+json\" class=\"yoast-schema-graph\">{\"@context\":\"https:\\\/\\\/schema.org\",\"@graph\":[{\"@type\":\"Article\",\"@id\":\"https:\\\/\\\/lasentinelle.dz\\\/index.php\\\/2026\\\/04\\\/27\\\/colloque-a-alger-sur-la-dimension-africaine-dans-la-production-culturelle-algerienne-des-ponts-entre-les-peuples-africains\\\/#article\",\"isPartOf\":{\"@id\":\"https:\\\/\\\/lasentinelle.dz\\\/index.php\\\/2026\\\/04\\\/27\\\/colloque-a-alger-sur-la-dimension-africaine-dans-la-production-culturelle-algerienne-des-ponts-entre-les-peuples-africains\\\/\"},\"author\":{\"name\":\"admin\",\"@id\":\"https:\\\/\\\/lasentinelle.dz\\\/#\\\/schema\\\/person\\\/729ee0024f24e0b8c5ec17232f8e8b41\"},\"headline\":\"Colloque \u00e0 Alger sur la dimension africaine dans la production culturelle alg\u00e9rienne\u00a0: Des ponts entre les peuples africains\",\"datePublished\":\"2026-04-27T12:42:50+00:00\",\"mainEntityOfPage\":{\"@id\":\"https:\\\/\\\/lasentinelle.dz\\\/index.php\\\/2026\\\/04\\\/27\\\/colloque-a-alger-sur-la-dimension-africaine-dans-la-production-culturelle-algerienne-des-ponts-entre-les-peuples-africains\\\/\"},\"wordCount\":719,\"commentCount\":0,\"publisher\":{\"@id\":\"https:\\\/\\\/lasentinelle.dz\\\/#organization\"},\"image\":{\"@id\":\"https:\\\/\\\/lasentinelle.dz\\\/index.php\\\/2026\\\/04\\\/27\\\/colloque-a-alger-sur-la-dimension-africaine-dans-la-production-culturelle-algerienne-des-ponts-entre-les-peuples-africains\\\/#primaryimage\"},\"thumbnailUrl\":\"https:\\\/\\\/lasentinelle.dz\\\/wp-content\\\/uploads\\\/2026\\\/04\\\/augustin.jpg\",\"articleSection\":[\"Culture\"],\"inLanguage\":\"fr-FR\",\"potentialAction\":[{\"@type\":\"CommentAction\",\"name\":\"Comment\",\"target\":[\"https:\\\/\\\/lasentinelle.dz\\\/index.php\\\/2026\\\/04\\\/27\\\/colloque-a-alger-sur-la-dimension-africaine-dans-la-production-culturelle-algerienne-des-ponts-entre-les-peuples-africains\\\/#respond\"]}]},{\"@type\":\"WebPage\",\"@id\":\"https:\\\/\\\/lasentinelle.dz\\\/index.php\\\/2026\\\/04\\\/27\\\/colloque-a-alger-sur-la-dimension-africaine-dans-la-production-culturelle-algerienne-des-ponts-entre-les-peuples-africains\\\/\",\"url\":\"https:\\\/\\\/lasentinelle.dz\\\/index.php\\\/2026\\\/04\\\/27\\\/colloque-a-alger-sur-la-dimension-africaine-dans-la-production-culturelle-algerienne-des-ponts-entre-les-peuples-africains\\\/\",\"name\":\"Colloque \u00e0 Alger sur la dimension africaine dans la production culturelle alg\u00e9rienne\u00a0: Des ponts entre les peuples africains - La Sentinelle\",\"isPartOf\":{\"@id\":\"https:\\\/\\\/lasentinelle.dz\\\/#website\"},\"primaryImageOfPage\":{\"@id\":\"https:\\\/\\\/lasentinelle.dz\\\/index.php\\\/2026\\\/04\\\/27\\\/colloque-a-alger-sur-la-dimension-africaine-dans-la-production-culturelle-algerienne-des-ponts-entre-les-peuples-africains\\\/#primaryimage\"},\"image\":{\"@id\":\"https:\\\/\\\/lasentinelle.dz\\\/index.php\\\/2026\\\/04\\\/27\\\/colloque-a-alger-sur-la-dimension-africaine-dans-la-production-culturelle-algerienne-des-ponts-entre-les-peuples-africains\\\/#primaryimage\"},\"thumbnailUrl\":\"https:\\\/\\\/lasentinelle.dz\\\/wp-content\\\/uploads\\\/2026\\\/04\\\/augustin.jpg\",\"datePublished\":\"2026-04-27T12:42:50+00:00\",\"breadcrumb\":{\"@id\":\"https:\\\/\\\/lasentinelle.dz\\\/index.php\\\/2026\\\/04\\\/27\\\/colloque-a-alger-sur-la-dimension-africaine-dans-la-production-culturelle-algerienne-des-ponts-entre-les-peuples-africains\\\/#breadcrumb\"},\"inLanguage\":\"fr-FR\",\"potentialAction\":[{\"@type\":\"ReadAction\",\"target\":[\"https:\\\/\\\/lasentinelle.dz\\\/index.php\\\/2026\\\/04\\\/27\\\/colloque-a-alger-sur-la-dimension-africaine-dans-la-production-culturelle-algerienne-des-ponts-entre-les-peuples-africains\\\/\"]}]},{\"@type\":\"ImageObject\",\"inLanguage\":\"fr-FR\",\"@id\":\"https:\\\/\\\/lasentinelle.dz\\\/index.php\\\/2026\\\/04\\\/27\\\/colloque-a-alger-sur-la-dimension-africaine-dans-la-production-culturelle-algerienne-des-ponts-entre-les-peuples-africains\\\/#primaryimage\",\"url\":\"https:\\\/\\\/lasentinelle.dz\\\/wp-content\\\/uploads\\\/2026\\\/04\\\/augustin.jpg\",\"contentUrl\":\"https:\\\/\\\/lasentinelle.dz\\\/wp-content\\\/uploads\\\/2026\\\/04\\\/augustin.jpg\",\"width\":1024,\"height\":576},{\"@type\":\"BreadcrumbList\",\"@id\":\"https:\\\/\\\/lasentinelle.dz\\\/index.php\\\/2026\\\/04\\\/27\\\/colloque-a-alger-sur-la-dimension-africaine-dans-la-production-culturelle-algerienne-des-ponts-entre-les-peuples-africains\\\/#breadcrumb\",\"itemListElement\":[{\"@type\":\"ListItem\",\"position\":1,\"name\":\"Accueil\",\"item\":\"https:\\\/\\\/lasentinelle.dz\\\/\"},{\"@type\":\"ListItem\",\"position\":2,\"name\":\"Colloque \u00e0 Alger sur la dimension africaine dans la production culturelle alg\u00e9rienne\u00a0: Des ponts entre les peuples africains\"}]},{\"@type\":\"WebSite\",\"@id\":\"https:\\\/\\\/lasentinelle.dz\\\/#website\",\"url\":\"https:\\\/\\\/lasentinelle.dz\\\/\",\"name\":\"La Sentinelle\",\"description\":\"Quotidien national d&#039;information\",\"publisher\":{\"@id\":\"https:\\\/\\\/lasentinelle.dz\\\/#organization\"},\"potentialAction\":[{\"@type\":\"SearchAction\",\"target\":{\"@type\":\"EntryPoint\",\"urlTemplate\":\"https:\\\/\\\/lasentinelle.dz\\\/?s={search_term_string}\"},\"query-input\":{\"@type\":\"PropertyValueSpecification\",\"valueRequired\":true,\"valueName\":\"search_term_string\"}}],\"inLanguage\":\"fr-FR\"},{\"@type\":\"Organization\",\"@id\":\"https:\\\/\\\/lasentinelle.dz\\\/#organization\",\"name\":\"Quotidien La Sentinelle\",\"url\":\"https:\\\/\\\/lasentinelle.dz\\\/\",\"logo\":{\"@type\":\"ImageObject\",\"inLanguage\":\"fr-FR\",\"@id\":\"https:\\\/\\\/lasentinelle.dz\\\/#\\\/schema\\\/logo\\\/image\\\/\",\"url\":\"https:\\\/\\\/lasentinelle.dz\\\/wp-content\\\/uploads\\\/2021\\\/09\\\/logo-sentinelleSLOGAN-1.png\",\"contentUrl\":\"https:\\\/\\\/lasentinelle.dz\\\/wp-content\\\/uploads\\\/2021\\\/09\\\/logo-sentinelleSLOGAN-1.png\",\"width\":615,\"height\":142,\"caption\":\"Quotidien La Sentinelle\"},\"image\":{\"@id\":\"https:\\\/\\\/lasentinelle.dz\\\/#\\\/schema\\\/logo\\\/image\\\/\"},\"sameAs\":[\"https:\\\/\\\/www.facebook.com\\\/La-Sentinelle-104059864394773\"]},{\"@type\":\"Person\",\"@id\":\"https:\\\/\\\/lasentinelle.dz\\\/#\\\/schema\\\/person\\\/729ee0024f24e0b8c5ec17232f8e8b41\",\"name\":\"admin\",\"image\":{\"@type\":\"ImageObject\",\"inLanguage\":\"fr-FR\",\"@id\":\"https:\\\/\\\/secure.gravatar.com\\\/avatar\\\/4c81fed838786e9b53f540bf46533e750f5d292099ae3b66cfc6fb1982e29df7?s=96&d=mm&r=g\",\"url\":\"https:\\\/\\\/secure.gravatar.com\\\/avatar\\\/4c81fed838786e9b53f540bf46533e750f5d292099ae3b66cfc6fb1982e29df7?s=96&d=mm&r=g\",\"contentUrl\":\"https:\\\/\\\/secure.gravatar.com\\\/avatar\\\/4c81fed838786e9b53f540bf46533e750f5d292099ae3b66cfc6fb1982e29df7?s=96&d=mm&r=g\",\"caption\":\"admin\"},\"description\":\"admin\",\"url\":\"https:\\\/\\\/lasentinelle.dz\\\/author\\\/admin\\\/\"}]}<\/script>\n<!-- \/ Yoast SEO plugin. -->","yoast_head_json":{"title":"Colloque \u00e0 Alger sur la dimension africaine dans la production culturelle alg\u00e9rienne\u00a0: Des ponts entre les peuples africains - La Sentinelle","robots":{"index":"index","follow":"follow","max-snippet":"max-snippet:-1","max-image-preview":"max-image-preview:large","max-video-preview":"max-video-preview:-1"},"canonical":"https:\/\/lasentinelle.dz\/index.php\/2026\/04\/27\/colloque-a-alger-sur-la-dimension-africaine-dans-la-production-culturelle-algerienne-des-ponts-entre-les-peuples-africains\/","og_locale":"fr_FR","og_type":"article","og_title":"Colloque \u00e0 Alger sur la dimension africaine dans la production culturelle alg\u00e9rienne\u00a0: Des ponts entre les peuples africains - La Sentinelle","og_description":"Samedi \u00e0 Alger, au Palais de la culture Moufdi Zakaria, des chercheurs, des intellectuels et des repr\u00e9sentants d&rsquo;institutions culturelles se","og_url":"https:\/\/lasentinelle.dz\/index.php\/2026\/04\/27\/colloque-a-alger-sur-la-dimension-africaine-dans-la-production-culturelle-algerienne-des-ponts-entre-les-peuples-africains\/","og_site_name":"La Sentinelle","article_publisher":"https:\/\/www.facebook.com\/La-Sentinelle-104059864394773","article_published_time":"2026-04-27T12:42:50+00:00","author":"admin","twitter_card":"summary_large_image","twitter_misc":{"\u00c9crit par":"admin","Dur\u00e9e de lecture estim\u00e9e":"3 minutes"},"schema":{"@context":"https:\/\/schema.org","@graph":[{"@type":"Article","@id":"https:\/\/lasentinelle.dz\/index.php\/2026\/04\/27\/colloque-a-alger-sur-la-dimension-africaine-dans-la-production-culturelle-algerienne-des-ponts-entre-les-peuples-africains\/#article","isPartOf":{"@id":"https:\/\/lasentinelle.dz\/index.php\/2026\/04\/27\/colloque-a-alger-sur-la-dimension-africaine-dans-la-production-culturelle-algerienne-des-ponts-entre-les-peuples-africains\/"},"author":{"name":"admin","@id":"https:\/\/lasentinelle.dz\/#\/schema\/person\/729ee0024f24e0b8c5ec17232f8e8b41"},"headline":"Colloque \u00e0 Alger sur la dimension africaine dans la production culturelle alg\u00e9rienne\u00a0: Des ponts entre les peuples africains","datePublished":"2026-04-27T12:42:50+00:00","mainEntityOfPage":{"@id":"https:\/\/lasentinelle.dz\/index.php\/2026\/04\/27\/colloque-a-alger-sur-la-dimension-africaine-dans-la-production-culturelle-algerienne-des-ponts-entre-les-peuples-africains\/"},"wordCount":719,"commentCount":0,"publisher":{"@id":"https:\/\/lasentinelle.dz\/#organization"},"image":{"@id":"https:\/\/lasentinelle.dz\/index.php\/2026\/04\/27\/colloque-a-alger-sur-la-dimension-africaine-dans-la-production-culturelle-algerienne-des-ponts-entre-les-peuples-africains\/#primaryimage"},"thumbnailUrl":"https:\/\/lasentinelle.dz\/wp-content\/uploads\/2026\/04\/augustin.jpg","articleSection":["Culture"],"inLanguage":"fr-FR","potentialAction":[{"@type":"CommentAction","name":"Comment","target":["https:\/\/lasentinelle.dz\/index.php\/2026\/04\/27\/colloque-a-alger-sur-la-dimension-africaine-dans-la-production-culturelle-algerienne-des-ponts-entre-les-peuples-africains\/#respond"]}]},{"@type":"WebPage","@id":"https:\/\/lasentinelle.dz\/index.php\/2026\/04\/27\/colloque-a-alger-sur-la-dimension-africaine-dans-la-production-culturelle-algerienne-des-ponts-entre-les-peuples-africains\/","url":"https:\/\/lasentinelle.dz\/index.php\/2026\/04\/27\/colloque-a-alger-sur-la-dimension-africaine-dans-la-production-culturelle-algerienne-des-ponts-entre-les-peuples-africains\/","name":"Colloque \u00e0 Alger sur la dimension africaine dans la production culturelle alg\u00e9rienne\u00a0: Des ponts entre les peuples africains - La Sentinelle","isPartOf":{"@id":"https:\/\/lasentinelle.dz\/#website"},"primaryImageOfPage":{"@id":"https:\/\/lasentinelle.dz\/index.php\/2026\/04\/27\/colloque-a-alger-sur-la-dimension-africaine-dans-la-production-culturelle-algerienne-des-ponts-entre-les-peuples-africains\/#primaryimage"},"image":{"@id":"https:\/\/lasentinelle.dz\/index.php\/2026\/04\/27\/colloque-a-alger-sur-la-dimension-africaine-dans-la-production-culturelle-algerienne-des-ponts-entre-les-peuples-africains\/#primaryimage"},"thumbnailUrl":"https:\/\/lasentinelle.dz\/wp-content\/uploads\/2026\/04\/augustin.jpg","datePublished":"2026-04-27T12:42:50+00:00","breadcrumb":{"@id":"https:\/\/lasentinelle.dz\/index.php\/2026\/04\/27\/colloque-a-alger-sur-la-dimension-africaine-dans-la-production-culturelle-algerienne-des-ponts-entre-les-peuples-africains\/#breadcrumb"},"inLanguage":"fr-FR","potentialAction":[{"@type":"ReadAction","target":["https:\/\/lasentinelle.dz\/index.php\/2026\/04\/27\/colloque-a-alger-sur-la-dimension-africaine-dans-la-production-culturelle-algerienne-des-ponts-entre-les-peuples-africains\/"]}]},{"@type":"ImageObject","inLanguage":"fr-FR","@id":"https:\/\/lasentinelle.dz\/index.php\/2026\/04\/27\/colloque-a-alger-sur-la-dimension-africaine-dans-la-production-culturelle-algerienne-des-ponts-entre-les-peuples-africains\/#primaryimage","url":"https:\/\/lasentinelle.dz\/wp-content\/uploads\/2026\/04\/augustin.jpg","contentUrl":"https:\/\/lasentinelle.dz\/wp-content\/uploads\/2026\/04\/augustin.jpg","width":1024,"height":576},{"@type":"BreadcrumbList","@id":"https:\/\/lasentinelle.dz\/index.php\/2026\/04\/27\/colloque-a-alger-sur-la-dimension-africaine-dans-la-production-culturelle-algerienne-des-ponts-entre-les-peuples-africains\/#breadcrumb","itemListElement":[{"@type":"ListItem","position":1,"name":"Accueil","item":"https:\/\/lasentinelle.dz\/"},{"@type":"ListItem","position":2,"name":"Colloque \u00e0 Alger sur la dimension africaine dans la production culturelle alg\u00e9rienne\u00a0: Des ponts entre les peuples africains"}]},{"@type":"WebSite","@id":"https:\/\/lasentinelle.dz\/#website","url":"https:\/\/lasentinelle.dz\/","name":"La Sentinelle","description":"Quotidien national d&#039;information","publisher":{"@id":"https:\/\/lasentinelle.dz\/#organization"},"potentialAction":[{"@type":"SearchAction","target":{"@type":"EntryPoint","urlTemplate":"https:\/\/lasentinelle.dz\/?s={search_term_string}"},"query-input":{"@type":"PropertyValueSpecification","valueRequired":true,"valueName":"search_term_string"}}],"inLanguage":"fr-FR"},{"@type":"Organization","@id":"https:\/\/lasentinelle.dz\/#organization","name":"Quotidien La Sentinelle","url":"https:\/\/lasentinelle.dz\/","logo":{"@type":"ImageObject","inLanguage":"fr-FR","@id":"https:\/\/lasentinelle.dz\/#\/schema\/logo\/image\/","url":"https:\/\/lasentinelle.dz\/wp-content\/uploads\/2021\/09\/logo-sentinelleSLOGAN-1.png","contentUrl":"https:\/\/lasentinelle.dz\/wp-content\/uploads\/2021\/09\/logo-sentinelleSLOGAN-1.png","width":615,"height":142,"caption":"Quotidien La Sentinelle"},"image":{"@id":"https:\/\/lasentinelle.dz\/#\/schema\/logo\/image\/"},"sameAs":["https:\/\/www.facebook.com\/La-Sentinelle-104059864394773"]},{"@type":"Person","@id":"https:\/\/lasentinelle.dz\/#\/schema\/person\/729ee0024f24e0b8c5ec17232f8e8b41","name":"admin","image":{"@type":"ImageObject","inLanguage":"fr-FR","@id":"https:\/\/secure.gravatar.com\/avatar\/4c81fed838786e9b53f540bf46533e750f5d292099ae3b66cfc6fb1982e29df7?s=96&d=mm&r=g","url":"https:\/\/secure.gravatar.com\/avatar\/4c81fed838786e9b53f540bf46533e750f5d292099ae3b66cfc6fb1982e29df7?s=96&d=mm&r=g","contentUrl":"https:\/\/secure.gravatar.com\/avatar\/4c81fed838786e9b53f540bf46533e750f5d292099ae3b66cfc6fb1982e29df7?s=96&d=mm&r=g","caption":"admin"},"description":"admin","url":"https:\/\/lasentinelle.dz\/author\/admin\/"}]}},"_links":{"self":[{"href":"https:\/\/lasentinelle.dz\/index.php\/wp-json\/wp\/v2\/posts\/86447","targetHints":{"allow":["GET"]}}],"collection":[{"href":"https:\/\/lasentinelle.dz\/index.php\/wp-json\/wp\/v2\/posts"}],"about":[{"href":"https:\/\/lasentinelle.dz\/index.php\/wp-json\/wp\/v2\/types\/post"}],"author":[{"embeddable":true,"href":"https:\/\/lasentinelle.dz\/index.php\/wp-json\/wp\/v2\/users\/6"}],"replies":[{"embeddable":true,"href":"https:\/\/lasentinelle.dz\/index.php\/wp-json\/wp\/v2\/comments?post=86447"}],"version-history":[{"count":1,"href":"https:\/\/lasentinelle.dz\/index.php\/wp-json\/wp\/v2\/posts\/86447\/revisions"}],"predecessor-version":[{"id":86449,"href":"https:\/\/lasentinelle.dz\/index.php\/wp-json\/wp\/v2\/posts\/86447\/revisions\/86449"}],"wp:featuredmedia":[{"embeddable":true,"href":"https:\/\/lasentinelle.dz\/index.php\/wp-json\/wp\/v2\/media\/86448"}],"wp:attachment":[{"href":"https:\/\/lasentinelle.dz\/index.php\/wp-json\/wp\/v2\/media?parent=86447"}],"wp:term":[{"taxonomy":"category","embeddable":true,"href":"https:\/\/lasentinelle.dz\/index.php\/wp-json\/wp\/v2\/categories?post=86447"},{"taxonomy":"post_tag","embeddable":true,"href":"https:\/\/lasentinelle.dz\/index.php\/wp-json\/wp\/v2\/tags?post=86447"}],"curies":[{"name":"wp","href":"https:\/\/api.w.org\/{rel}","templated":true}]}}