{"id":86450,"date":"2026-04-27T13:47:44","date_gmt":"2026-04-27T12:47:44","guid":{"rendered":"https:\/\/lasentinelle.dz\/?p=86450"},"modified":"2026-04-27T13:47:46","modified_gmt":"2026-04-27T12:47:46","slug":"festival-du-film-mediterraneen-dannaba-la-legende-de-gijon-ressuscitee","status":"publish","type":"post","link":"https:\/\/lasentinelle.dz\/index.php\/2026\/04\/27\/festival-du-film-mediterraneen-dannaba-la-legende-de-gijon-ressuscitee\/","title":{"rendered":"Festival du film m\u00e9diterran\u00e9en d\u2019Annaba\u00a0: La l\u00e9gende de Gij\u00f3n ressuscit\u00e9e"},"content":{"rendered":"\n<p>Ils \u00e9taient l\u00e0, samedi soir, au th\u00e9\u00e2tre r\u00e9gional Azzedine-Medjoubi d&rsquo;Annaba. Rabah Madjer et Lakhdar Belloumi, deux des artisans de l&rsquo;une des pages les plus glorieuses du football alg\u00e9rien, assis dans la salle pour regarder leur propre histoire. Sur l&rsquo;\u00e9cran, le documentaire <em>Gij\u00f3n 1982<\/em> faisait revivre le 16 juin 1982 : le jour o\u00f9 l&rsquo;Alg\u00e9rie avait battu l&rsquo;Allemagne de l&rsquo;Ouest 2 \u00e0 1 au stade El Molin\u00f3n, secouant une Coupe du monde qui n&rsquo;avait pas pr\u00e9vu une telle intrusion. La projection, organis\u00e9e dans le cadre du 6e Festival du film m\u00e9diterran\u00e9en d&rsquo;Annaba, a r\u00e9uni un public nombreux autour d&rsquo;un film qui ne se contente pas de comm\u00e9morer \u2014 il documente, avec des t\u00e9moignages in\u00e9dits, une \u00e9pop\u00e9e que le temps n&rsquo;a pas effac\u00e9e. Produit en collaboration avec la cha\u00eene qatarie Al Jazeera, le documentaire est l&rsquo;\u0153uvre d&rsquo;une enqu\u00eate men\u00e9e dans trois pays. Ses auteurs sont all\u00e9s chercher les protagonistes de l&rsquo;\u00e9poque de part et d&rsquo;autre de la M\u00e9diterran\u00e9e : les joueurs alg\u00e9riens bien s\u00fbr, mais aussi des acteurs allemands de ce tournoi, parmi lesquels le gardien Harald Schumacher et l&rsquo;attaquant Pierre Littbarski. Ces derniers ont accept\u00e9 d&rsquo;\u00e9voquer la d\u00e9faite de leur \u00e9quipe face aux Verts, et de revenir sur les coulisses du \u00ab match de la honte \u00bb \u2014 ce RFA-Autriche du 25 juin 1982, arrangement tacite entre deux \u00e9quipes qui se sont content\u00e9es d&rsquo;un r\u00e9sultat (1-0) suffisant pour les qualifier toutes les deux aux d\u00e9pens de l&rsquo;Alg\u00e9rie, pourtant invaincue dans son groupe apr\u00e8s sa victoire sur les Allemands.<\/p>\n\n\n\n<p>Madjer, qui fut l&rsquo;un des buteurs ce jour-l\u00e0 \u00e0 Gij\u00f3n, n&rsquo;a pas cach\u00e9 son \u00e9motion \u00e0 l&rsquo;issue de la s\u00e9ance. \u00ab Le film retrace fid\u00e8lement les p\u00e9rip\u00e9ties du fameux match face aux Allemands et les moments forts que nous avons v\u00e9cus en compagnie d&rsquo;autres stars comme Lakhdar Belloumi et Salah Assad \u00bb, a-t-il d\u00e9clar\u00e9. 43 ans apr\u00e8s, le souvenir reste intact \u2014 le geste, la lucidit\u00e9, la ferveur d&rsquo;une \u00e9quipe qui avait tout donn\u00e9 sans \u00eatre r\u00e9compens\u00e9e par la suite de la comp\u00e9tition.<\/p>\n\n\n\n<p>Belloumi, Ballon d&rsquo;or africain en 1981 et auteur du but de la victoire contre l&rsquo;Allemagne, a abord\u00e9 la projection sous un angle diff\u00e9rent, celui de la transmission. \u00ab Cette projection repr\u00e9sente un hommage m\u00e9rit\u00e9 \u00e0 la g\u00e9n\u00e9ration de 1982, qui a relev\u00e9 le d\u00e9fi face aux grandes nations du football mondial \u00bb, a-t-il dit, avant d&rsquo;ajouter que \u00ab la documentation de ces moments au cin\u00e9ma contribue \u00e0 transmettre aux jeunes g\u00e9n\u00e9rations la volont\u00e9, l&rsquo;amour du pays et la soif de victoires \u00bb. Ce que le film fait, finalement, c&rsquo;est transformer un match de football en r\u00e9cit fondateur \u2014 le genre d&rsquo;histoire qu&rsquo;on raconte aux enfants non pas pour qu&rsquo;ils comprennent le football, mais pour qu&rsquo;ils comprennent ce que signifie refuser de perdre d&rsquo;avance.<\/p>\n\n\n\n<p>Le r\u00e9alisateur Yahia Mouhazem a lui \u00e9voqu\u00e9 la dimension m\u00e9morielle du projet. \u00c0 travers ce documentaire, dit-il, est \u00ab document\u00e9 un pan de la m\u00e9moire sportive dans un cadre cin\u00e9matographique alliant documentation historique et esth\u00e9tique visuelle \u00bb. Le choix du festival d&rsquo;Annaba pour une telle projection n&rsquo;est pas fortuit : plac\u00e9 sous le slogan \u00ab Le cin\u00e9ma rend hommage au sport \u00bb, l&rsquo;\u00e9v\u00e9nement assume cette ann\u00e9e une vocation particuli\u00e8re, celle de faire dialoguer deux formes d&rsquo;expression populaire \u2014 le film et le stade \u2014 autour d&rsquo;une m\u00eame id\u00e9e de l&rsquo;identit\u00e9 collective.<\/p>\n\n\n\n<p><strong>Exposition consacr\u00e9e aux cin\u00e9mas alg\u00e9rien et \u00e9gyptien<\/strong><\/p>\n\n\n\n<p>La soir\u00e9e ne se r\u00e9sumait cependant pas \u00e0 <em>Gij\u00f3n 1982<\/em>. En marge des projections, le festival a inaugur\u00e9 le m\u00eame soir une exposition consacr\u00e9e aux cin\u00e9mas alg\u00e9rien et \u00e9gyptien, install\u00e9e dans le hall de la gare ferroviaire d&rsquo;Annaba, b\u00e2timent class\u00e9 monument national. Le lieu a \u00e9t\u00e9 choisi d\u00e9lib\u00e9r\u00e9ment. Le commissaire du festival, Mohamed Allal, a expliqu\u00e9 que l&rsquo;organisation de cette exposition dans cet espace \u00ab vise \u00e0 rapprocher le 7e art du public et \u00e0 placer le cin\u00e9ma au c\u0153ur des espaces publics dynamiques \u00bb. Il a ajout\u00e9 qu&rsquo;elle \u00ab c\u00e9l\u00e8bre la solidit\u00e9 des liens artistiques entre les cin\u00e9mas alg\u00e9rien et \u00e9gyptien \u00bb et \u00ab t\u00e9moigne de l&rsquo;engagement du commissariat \u00e0 valoriser le patrimoine cin\u00e9matographique en tant que partie int\u00e9grante de l&rsquo;identit\u00e9 culturelle m\u00e9diterran\u00e9enne \u00bb. La directrice de la culture et des arts de la wilaya d&rsquo;Annaba, Saliha Berkouk, pr\u00e9sente \u00e0 l&rsquo;inauguration aux c\u00f4t\u00e9s de l&rsquo;ambassadeur d&rsquo;\u00c9gypte en Alg\u00e9rie, Abdelatif El-La\u00efh, a insist\u00e9 sur la charge symbolique du lieu d&rsquo;accueil. Tenir une telle exposition dans l&rsquo;enceinte de la gare, a-t-elle soulign\u00e9, \u00ab rev\u00eat une signification particuli\u00e8re, d\u00e8s lors que ce lieu embl\u00e9matique est un espace historique profond\u00e9ment li\u00e9 \u00e0 la m\u00e9moire \u00bb. Elle a \u00e9galement relev\u00e9 que la manifestation proc\u00e8de de \u00ab l&rsquo;ambition du festival de raviver la m\u00e9moire cin\u00e9matographique commune entre l&rsquo;Alg\u00e9rie et l&rsquo;\u00c9gypte \u00bb. L&rsquo;exposition elle-m\u00eame m\u00eale affiches de films, mat\u00e9riel technique ancien et moderne, et archives documentaires apport\u00e9es par l&rsquo;association Lumi\u00e8res d&rsquo;Alger. Elle restera ouverte au public jusqu&rsquo;au 30 avril, date de cl\u00f4ture du festival.<\/p>\n\n\n\n<p>Ce 6e Festival du film m\u00e9diterran\u00e9en d&rsquo;Annaba, qui court jusqu&rsquo;\u00e0 cette date, comprend par ailleurs des hommages \u00e0 des figures du cin\u00e9ma alg\u00e9rien et m\u00e9diterran\u00e9en, ainsi que des s\u00e9minaires et ateliers destin\u00e9s aux professionnels et aux jeunes du secteur.<\/p>\n\n\n\n<p>Mohand Seghir<\/p>\n","protected":false},"excerpt":{"rendered":"<p>Ils \u00e9taient l\u00e0, samedi soir, au th\u00e9\u00e2tre r\u00e9gional Azzedine-Medjoubi d&rsquo;Annaba. Rabah Madjer et Lakhdar Belloumi, deux des artisans de l&rsquo;une<\/p>\n","protected":false},"author":6,"featured_media":86451,"comment_status":"open","ping_status":"closed","sticky":false,"template":"","format":"standard","meta":{"colormag_page_container_layout":"default_layout","colormag_page_sidebar_layout":"default_layout","om_disable_all_campaigns":false,"_monsterinsights_skip_tracking":false,"_monsterinsights_sitenote_active":false,"_monsterinsights_sitenote_note":"","_monsterinsights_sitenote_category":0,"footnotes":"","_wpscppro_dont_share_socialmedia":false,"_wpscppro_custom_social_share_image":0,"_facebook_share_type":"default","_twitter_share_type":"default","_linkedin_share_type":"default","_pinterest_share_type":"default","_linkedin_share_type_page":"","_instagram_share_type":"default","_medium_share_type":"default","_threads_share_type":"default","_google_business_share_type":"default","_selected_social_profile":[],"_wpsp_enable_custom_social_template":false,"_wpsp_social_scheduling":{"enabled":false,"datetime":null,"platforms":[],"status":"template_only","dateOption":"today","timeOption":"now","customDays":"","customHours":"","customDate":"","customTime":"","schedulingType":"absolute"},"_wpsp_active_default_template":true},"categories":[36],"tags":[],"class_list":["post-86450","post","type-post","status-publish","format-standard","has-post-thumbnail","hentry","category-culture"],"aioseo_notices":[],"yoast_head":"<!-- This site is optimized with the Yoast SEO plugin v27.4 - https:\/\/yoast.com\/product\/yoast-seo-wordpress\/ -->\n<title>Festival du film m\u00e9diterran\u00e9en d\u2019Annaba\u00a0: La l\u00e9gende de Gij\u00f3n ressuscit\u00e9e - La Sentinelle<\/title>\n<meta name=\"robots\" content=\"index, follow, max-snippet:-1, max-image-preview:large, max-video-preview:-1\" \/>\n<link rel=\"canonical\" href=\"https:\/\/lasentinelle.dz\/index.php\/2026\/04\/27\/festival-du-film-mediterraneen-dannaba-la-legende-de-gijon-ressuscitee\/\" \/>\n<meta property=\"og:locale\" content=\"fr_FR\" \/>\n<meta property=\"og:type\" content=\"article\" \/>\n<meta property=\"og:title\" content=\"Festival du film m\u00e9diterran\u00e9en d\u2019Annaba\u00a0: La l\u00e9gende de Gij\u00f3n ressuscit\u00e9e - La Sentinelle\" \/>\n<meta property=\"og:description\" content=\"Ils \u00e9taient l\u00e0, samedi soir, au th\u00e9\u00e2tre r\u00e9gional Azzedine-Medjoubi d&rsquo;Annaba. Rabah Madjer et Lakhdar Belloumi, deux des artisans de l&rsquo;une\" \/>\n<meta property=\"og:url\" content=\"https:\/\/lasentinelle.dz\/index.php\/2026\/04\/27\/festival-du-film-mediterraneen-dannaba-la-legende-de-gijon-ressuscitee\/\" \/>\n<meta property=\"og:site_name\" content=\"La Sentinelle\" \/>\n<meta property=\"article:publisher\" content=\"https:\/\/www.facebook.com\/La-Sentinelle-104059864394773\" \/>\n<meta property=\"article:published_time\" content=\"2026-04-27T12:47:44+00:00\" \/>\n<meta property=\"article:modified_time\" content=\"2026-04-27T12:47:46+00:00\" \/>\n<meta property=\"og:image\" content=\"https:\/\/lasentinelle.dz\/wp-content\/uploads\/2026\/04\/madjer.jpg\" \/>\n\t<meta property=\"og:image:width\" content=\"1440\" \/>\n\t<meta property=\"og:image:height\" content=\"960\" \/>\n\t<meta property=\"og:image:type\" content=\"image\/jpeg\" \/>\n<meta name=\"author\" content=\"admin\" \/>\n<meta name=\"twitter:card\" content=\"summary_large_image\" \/>\n<meta name=\"twitter:label1\" content=\"\u00c9crit par\" \/>\n\t<meta name=\"twitter:data1\" content=\"admin\" \/>\n\t<meta name=\"twitter:label2\" content=\"Dur\u00e9e de lecture estim\u00e9e\" \/>\n\t<meta name=\"twitter:data2\" content=\"5 minutes\" \/>\n<script type=\"application\/ld+json\" class=\"yoast-schema-graph\">{\"@context\":\"https:\\\/\\\/schema.org\",\"@graph\":[{\"@type\":\"Article\",\"@id\":\"https:\\\/\\\/lasentinelle.dz\\\/index.php\\\/2026\\\/04\\\/27\\\/festival-du-film-mediterraneen-dannaba-la-legende-de-gijon-ressuscitee\\\/#article\",\"isPartOf\":{\"@id\":\"https:\\\/\\\/lasentinelle.dz\\\/index.php\\\/2026\\\/04\\\/27\\\/festival-du-film-mediterraneen-dannaba-la-legende-de-gijon-ressuscitee\\\/\"},\"author\":{\"name\":\"admin\",\"@id\":\"https:\\\/\\\/lasentinelle.dz\\\/#\\\/schema\\\/person\\\/729ee0024f24e0b8c5ec17232f8e8b41\"},\"headline\":\"Festival du film m\u00e9diterran\u00e9en d\u2019Annaba\u00a0: La l\u00e9gende de Gij\u00f3n ressuscit\u00e9e\",\"datePublished\":\"2026-04-27T12:47:44+00:00\",\"dateModified\":\"2026-04-27T12:47:46+00:00\",\"mainEntityOfPage\":{\"@id\":\"https:\\\/\\\/lasentinelle.dz\\\/index.php\\\/2026\\\/04\\\/27\\\/festival-du-film-mediterraneen-dannaba-la-legende-de-gijon-ressuscitee\\\/\"},\"wordCount\":975,\"commentCount\":0,\"publisher\":{\"@id\":\"https:\\\/\\\/lasentinelle.dz\\\/#organization\"},\"image\":{\"@id\":\"https:\\\/\\\/lasentinelle.dz\\\/index.php\\\/2026\\\/04\\\/27\\\/festival-du-film-mediterraneen-dannaba-la-legende-de-gijon-ressuscitee\\\/#primaryimage\"},\"thumbnailUrl\":\"https:\\\/\\\/lasentinelle.dz\\\/wp-content\\\/uploads\\\/2026\\\/04\\\/madjer.jpg\",\"articleSection\":[\"Culture\"],\"inLanguage\":\"fr-FR\",\"potentialAction\":[{\"@type\":\"CommentAction\",\"name\":\"Comment\",\"target\":[\"https:\\\/\\\/lasentinelle.dz\\\/index.php\\\/2026\\\/04\\\/27\\\/festival-du-film-mediterraneen-dannaba-la-legende-de-gijon-ressuscitee\\\/#respond\"]}]},{\"@type\":\"WebPage\",\"@id\":\"https:\\\/\\\/lasentinelle.dz\\\/index.php\\\/2026\\\/04\\\/27\\\/festival-du-film-mediterraneen-dannaba-la-legende-de-gijon-ressuscitee\\\/\",\"url\":\"https:\\\/\\\/lasentinelle.dz\\\/index.php\\\/2026\\\/04\\\/27\\\/festival-du-film-mediterraneen-dannaba-la-legende-de-gijon-ressuscitee\\\/\",\"name\":\"Festival du film m\u00e9diterran\u00e9en d\u2019Annaba\u00a0: La l\u00e9gende de Gij\u00f3n ressuscit\u00e9e - La Sentinelle\",\"isPartOf\":{\"@id\":\"https:\\\/\\\/lasentinelle.dz\\\/#website\"},\"primaryImageOfPage\":{\"@id\":\"https:\\\/\\\/lasentinelle.dz\\\/index.php\\\/2026\\\/04\\\/27\\\/festival-du-film-mediterraneen-dannaba-la-legende-de-gijon-ressuscitee\\\/#primaryimage\"},\"image\":{\"@id\":\"https:\\\/\\\/lasentinelle.dz\\\/index.php\\\/2026\\\/04\\\/27\\\/festival-du-film-mediterraneen-dannaba-la-legende-de-gijon-ressuscitee\\\/#primaryimage\"},\"thumbnailUrl\":\"https:\\\/\\\/lasentinelle.dz\\\/wp-content\\\/uploads\\\/2026\\\/04\\\/madjer.jpg\",\"datePublished\":\"2026-04-27T12:47:44+00:00\",\"dateModified\":\"2026-04-27T12:47:46+00:00\",\"breadcrumb\":{\"@id\":\"https:\\\/\\\/lasentinelle.dz\\\/index.php\\\/2026\\\/04\\\/27\\\/festival-du-film-mediterraneen-dannaba-la-legende-de-gijon-ressuscitee\\\/#breadcrumb\"},\"inLanguage\":\"fr-FR\",\"potentialAction\":[{\"@type\":\"ReadAction\",\"target\":[\"https:\\\/\\\/lasentinelle.dz\\\/index.php\\\/2026\\\/04\\\/27\\\/festival-du-film-mediterraneen-dannaba-la-legende-de-gijon-ressuscitee\\\/\"]}]},{\"@type\":\"ImageObject\",\"inLanguage\":\"fr-FR\",\"@id\":\"https:\\\/\\\/lasentinelle.dz\\\/index.php\\\/2026\\\/04\\\/27\\\/festival-du-film-mediterraneen-dannaba-la-legende-de-gijon-ressuscitee\\\/#primaryimage\",\"url\":\"https:\\\/\\\/lasentinelle.dz\\\/wp-content\\\/uploads\\\/2026\\\/04\\\/madjer.jpg\",\"contentUrl\":\"https:\\\/\\\/lasentinelle.dz\\\/wp-content\\\/uploads\\\/2026\\\/04\\\/madjer.jpg\",\"width\":1440,\"height\":960},{\"@type\":\"BreadcrumbList\",\"@id\":\"https:\\\/\\\/lasentinelle.dz\\\/index.php\\\/2026\\\/04\\\/27\\\/festival-du-film-mediterraneen-dannaba-la-legende-de-gijon-ressuscitee\\\/#breadcrumb\",\"itemListElement\":[{\"@type\":\"ListItem\",\"position\":1,\"name\":\"Accueil\",\"item\":\"https:\\\/\\\/lasentinelle.dz\\\/\"},{\"@type\":\"ListItem\",\"position\":2,\"name\":\"Festival du film m\u00e9diterran\u00e9en d\u2019Annaba\u00a0: La l\u00e9gende de Gij\u00f3n ressuscit\u00e9e\"}]},{\"@type\":\"WebSite\",\"@id\":\"https:\\\/\\\/lasentinelle.dz\\\/#website\",\"url\":\"https:\\\/\\\/lasentinelle.dz\\\/\",\"name\":\"La Sentinelle\",\"description\":\"Quotidien national d&#039;information\",\"publisher\":{\"@id\":\"https:\\\/\\\/lasentinelle.dz\\\/#organization\"},\"potentialAction\":[{\"@type\":\"SearchAction\",\"target\":{\"@type\":\"EntryPoint\",\"urlTemplate\":\"https:\\\/\\\/lasentinelle.dz\\\/?s={search_term_string}\"},\"query-input\":{\"@type\":\"PropertyValueSpecification\",\"valueRequired\":true,\"valueName\":\"search_term_string\"}}],\"inLanguage\":\"fr-FR\"},{\"@type\":\"Organization\",\"@id\":\"https:\\\/\\\/lasentinelle.dz\\\/#organization\",\"name\":\"Quotidien La Sentinelle\",\"url\":\"https:\\\/\\\/lasentinelle.dz\\\/\",\"logo\":{\"@type\":\"ImageObject\",\"inLanguage\":\"fr-FR\",\"@id\":\"https:\\\/\\\/lasentinelle.dz\\\/#\\\/schema\\\/logo\\\/image\\\/\",\"url\":\"https:\\\/\\\/lasentinelle.dz\\\/wp-content\\\/uploads\\\/2021\\\/09\\\/logo-sentinelleSLOGAN-1.png\",\"contentUrl\":\"https:\\\/\\\/lasentinelle.dz\\\/wp-content\\\/uploads\\\/2021\\\/09\\\/logo-sentinelleSLOGAN-1.png\",\"width\":615,\"height\":142,\"caption\":\"Quotidien La Sentinelle\"},\"image\":{\"@id\":\"https:\\\/\\\/lasentinelle.dz\\\/#\\\/schema\\\/logo\\\/image\\\/\"},\"sameAs\":[\"https:\\\/\\\/www.facebook.com\\\/La-Sentinelle-104059864394773\"]},{\"@type\":\"Person\",\"@id\":\"https:\\\/\\\/lasentinelle.dz\\\/#\\\/schema\\\/person\\\/729ee0024f24e0b8c5ec17232f8e8b41\",\"name\":\"admin\",\"image\":{\"@type\":\"ImageObject\",\"inLanguage\":\"fr-FR\",\"@id\":\"https:\\\/\\\/secure.gravatar.com\\\/avatar\\\/4c81fed838786e9b53f540bf46533e750f5d292099ae3b66cfc6fb1982e29df7?s=96&d=mm&r=g\",\"url\":\"https:\\\/\\\/secure.gravatar.com\\\/avatar\\\/4c81fed838786e9b53f540bf46533e750f5d292099ae3b66cfc6fb1982e29df7?s=96&d=mm&r=g\",\"contentUrl\":\"https:\\\/\\\/secure.gravatar.com\\\/avatar\\\/4c81fed838786e9b53f540bf46533e750f5d292099ae3b66cfc6fb1982e29df7?s=96&d=mm&r=g\",\"caption\":\"admin\"},\"description\":\"admin\",\"url\":\"https:\\\/\\\/lasentinelle.dz\\\/author\\\/admin\\\/\"}]}<\/script>\n<!-- \/ Yoast SEO plugin. -->","yoast_head_json":{"title":"Festival du film m\u00e9diterran\u00e9en d\u2019Annaba\u00a0: La l\u00e9gende de Gij\u00f3n ressuscit\u00e9e - La Sentinelle","robots":{"index":"index","follow":"follow","max-snippet":"max-snippet:-1","max-image-preview":"max-image-preview:large","max-video-preview":"max-video-preview:-1"},"canonical":"https:\/\/lasentinelle.dz\/index.php\/2026\/04\/27\/festival-du-film-mediterraneen-dannaba-la-legende-de-gijon-ressuscitee\/","og_locale":"fr_FR","og_type":"article","og_title":"Festival du film m\u00e9diterran\u00e9en d\u2019Annaba\u00a0: La l\u00e9gende de Gij\u00f3n ressuscit\u00e9e - La Sentinelle","og_description":"Ils \u00e9taient l\u00e0, samedi soir, au th\u00e9\u00e2tre r\u00e9gional Azzedine-Medjoubi d&rsquo;Annaba. Rabah Madjer et Lakhdar Belloumi, deux des artisans de l&rsquo;une","og_url":"https:\/\/lasentinelle.dz\/index.php\/2026\/04\/27\/festival-du-film-mediterraneen-dannaba-la-legende-de-gijon-ressuscitee\/","og_site_name":"La Sentinelle","article_publisher":"https:\/\/www.facebook.com\/La-Sentinelle-104059864394773","article_published_time":"2026-04-27T12:47:44+00:00","article_modified_time":"2026-04-27T12:47:46+00:00","og_image":[{"width":1440,"height":960,"url":"https:\/\/lasentinelle.dz\/wp-content\/uploads\/2026\/04\/madjer.jpg","type":"image\/jpeg"}],"author":"admin","twitter_card":"summary_large_image","twitter_misc":{"\u00c9crit par":"admin","Dur\u00e9e de lecture estim\u00e9e":"5 minutes"},"schema":{"@context":"https:\/\/schema.org","@graph":[{"@type":"Article","@id":"https:\/\/lasentinelle.dz\/index.php\/2026\/04\/27\/festival-du-film-mediterraneen-dannaba-la-legende-de-gijon-ressuscitee\/#article","isPartOf":{"@id":"https:\/\/lasentinelle.dz\/index.php\/2026\/04\/27\/festival-du-film-mediterraneen-dannaba-la-legende-de-gijon-ressuscitee\/"},"author":{"name":"admin","@id":"https:\/\/lasentinelle.dz\/#\/schema\/person\/729ee0024f24e0b8c5ec17232f8e8b41"},"headline":"Festival du film m\u00e9diterran\u00e9en d\u2019Annaba\u00a0: La l\u00e9gende de Gij\u00f3n ressuscit\u00e9e","datePublished":"2026-04-27T12:47:44+00:00","dateModified":"2026-04-27T12:47:46+00:00","mainEntityOfPage":{"@id":"https:\/\/lasentinelle.dz\/index.php\/2026\/04\/27\/festival-du-film-mediterraneen-dannaba-la-legende-de-gijon-ressuscitee\/"},"wordCount":975,"commentCount":0,"publisher":{"@id":"https:\/\/lasentinelle.dz\/#organization"},"image":{"@id":"https:\/\/lasentinelle.dz\/index.php\/2026\/04\/27\/festival-du-film-mediterraneen-dannaba-la-legende-de-gijon-ressuscitee\/#primaryimage"},"thumbnailUrl":"https:\/\/lasentinelle.dz\/wp-content\/uploads\/2026\/04\/madjer.jpg","articleSection":["Culture"],"inLanguage":"fr-FR","potentialAction":[{"@type":"CommentAction","name":"Comment","target":["https:\/\/lasentinelle.dz\/index.php\/2026\/04\/27\/festival-du-film-mediterraneen-dannaba-la-legende-de-gijon-ressuscitee\/#respond"]}]},{"@type":"WebPage","@id":"https:\/\/lasentinelle.dz\/index.php\/2026\/04\/27\/festival-du-film-mediterraneen-dannaba-la-legende-de-gijon-ressuscitee\/","url":"https:\/\/lasentinelle.dz\/index.php\/2026\/04\/27\/festival-du-film-mediterraneen-dannaba-la-legende-de-gijon-ressuscitee\/","name":"Festival du film m\u00e9diterran\u00e9en d\u2019Annaba\u00a0: La l\u00e9gende de Gij\u00f3n ressuscit\u00e9e - La Sentinelle","isPartOf":{"@id":"https:\/\/lasentinelle.dz\/#website"},"primaryImageOfPage":{"@id":"https:\/\/lasentinelle.dz\/index.php\/2026\/04\/27\/festival-du-film-mediterraneen-dannaba-la-legende-de-gijon-ressuscitee\/#primaryimage"},"image":{"@id":"https:\/\/lasentinelle.dz\/index.php\/2026\/04\/27\/festival-du-film-mediterraneen-dannaba-la-legende-de-gijon-ressuscitee\/#primaryimage"},"thumbnailUrl":"https:\/\/lasentinelle.dz\/wp-content\/uploads\/2026\/04\/madjer.jpg","datePublished":"2026-04-27T12:47:44+00:00","dateModified":"2026-04-27T12:47:46+00:00","breadcrumb":{"@id":"https:\/\/lasentinelle.dz\/index.php\/2026\/04\/27\/festival-du-film-mediterraneen-dannaba-la-legende-de-gijon-ressuscitee\/#breadcrumb"},"inLanguage":"fr-FR","potentialAction":[{"@type":"ReadAction","target":["https:\/\/lasentinelle.dz\/index.php\/2026\/04\/27\/festival-du-film-mediterraneen-dannaba-la-legende-de-gijon-ressuscitee\/"]}]},{"@type":"ImageObject","inLanguage":"fr-FR","@id":"https:\/\/lasentinelle.dz\/index.php\/2026\/04\/27\/festival-du-film-mediterraneen-dannaba-la-legende-de-gijon-ressuscitee\/#primaryimage","url":"https:\/\/lasentinelle.dz\/wp-content\/uploads\/2026\/04\/madjer.jpg","contentUrl":"https:\/\/lasentinelle.dz\/wp-content\/uploads\/2026\/04\/madjer.jpg","width":1440,"height":960},{"@type":"BreadcrumbList","@id":"https:\/\/lasentinelle.dz\/index.php\/2026\/04\/27\/festival-du-film-mediterraneen-dannaba-la-legende-de-gijon-ressuscitee\/#breadcrumb","itemListElement":[{"@type":"ListItem","position":1,"name":"Accueil","item":"https:\/\/lasentinelle.dz\/"},{"@type":"ListItem","position":2,"name":"Festival du film m\u00e9diterran\u00e9en d\u2019Annaba\u00a0: La l\u00e9gende de Gij\u00f3n ressuscit\u00e9e"}]},{"@type":"WebSite","@id":"https:\/\/lasentinelle.dz\/#website","url":"https:\/\/lasentinelle.dz\/","name":"La Sentinelle","description":"Quotidien national d&#039;information","publisher":{"@id":"https:\/\/lasentinelle.dz\/#organization"},"potentialAction":[{"@type":"SearchAction","target":{"@type":"EntryPoint","urlTemplate":"https:\/\/lasentinelle.dz\/?s={search_term_string}"},"query-input":{"@type":"PropertyValueSpecification","valueRequired":true,"valueName":"search_term_string"}}],"inLanguage":"fr-FR"},{"@type":"Organization","@id":"https:\/\/lasentinelle.dz\/#organization","name":"Quotidien La Sentinelle","url":"https:\/\/lasentinelle.dz\/","logo":{"@type":"ImageObject","inLanguage":"fr-FR","@id":"https:\/\/lasentinelle.dz\/#\/schema\/logo\/image\/","url":"https:\/\/lasentinelle.dz\/wp-content\/uploads\/2021\/09\/logo-sentinelleSLOGAN-1.png","contentUrl":"https:\/\/lasentinelle.dz\/wp-content\/uploads\/2021\/09\/logo-sentinelleSLOGAN-1.png","width":615,"height":142,"caption":"Quotidien La Sentinelle"},"image":{"@id":"https:\/\/lasentinelle.dz\/#\/schema\/logo\/image\/"},"sameAs":["https:\/\/www.facebook.com\/La-Sentinelle-104059864394773"]},{"@type":"Person","@id":"https:\/\/lasentinelle.dz\/#\/schema\/person\/729ee0024f24e0b8c5ec17232f8e8b41","name":"admin","image":{"@type":"ImageObject","inLanguage":"fr-FR","@id":"https:\/\/secure.gravatar.com\/avatar\/4c81fed838786e9b53f540bf46533e750f5d292099ae3b66cfc6fb1982e29df7?s=96&d=mm&r=g","url":"https:\/\/secure.gravatar.com\/avatar\/4c81fed838786e9b53f540bf46533e750f5d292099ae3b66cfc6fb1982e29df7?s=96&d=mm&r=g","contentUrl":"https:\/\/secure.gravatar.com\/avatar\/4c81fed838786e9b53f540bf46533e750f5d292099ae3b66cfc6fb1982e29df7?s=96&d=mm&r=g","caption":"admin"},"description":"admin","url":"https:\/\/lasentinelle.dz\/author\/admin\/"}]}},"_links":{"self":[{"href":"https:\/\/lasentinelle.dz\/index.php\/wp-json\/wp\/v2\/posts\/86450","targetHints":{"allow":["GET"]}}],"collection":[{"href":"https:\/\/lasentinelle.dz\/index.php\/wp-json\/wp\/v2\/posts"}],"about":[{"href":"https:\/\/lasentinelle.dz\/index.php\/wp-json\/wp\/v2\/types\/post"}],"author":[{"embeddable":true,"href":"https:\/\/lasentinelle.dz\/index.php\/wp-json\/wp\/v2\/users\/6"}],"replies":[{"embeddable":true,"href":"https:\/\/lasentinelle.dz\/index.php\/wp-json\/wp\/v2\/comments?post=86450"}],"version-history":[{"count":1,"href":"https:\/\/lasentinelle.dz\/index.php\/wp-json\/wp\/v2\/posts\/86450\/revisions"}],"predecessor-version":[{"id":86452,"href":"https:\/\/lasentinelle.dz\/index.php\/wp-json\/wp\/v2\/posts\/86450\/revisions\/86452"}],"wp:featuredmedia":[{"embeddable":true,"href":"https:\/\/lasentinelle.dz\/index.php\/wp-json\/wp\/v2\/media\/86451"}],"wp:attachment":[{"href":"https:\/\/lasentinelle.dz\/index.php\/wp-json\/wp\/v2\/media?parent=86450"}],"wp:term":[{"taxonomy":"category","embeddable":true,"href":"https:\/\/lasentinelle.dz\/index.php\/wp-json\/wp\/v2\/categories?post=86450"},{"taxonomy":"post_tag","embeddable":true,"href":"https:\/\/lasentinelle.dz\/index.php\/wp-json\/wp\/v2\/tags?post=86450"}],"curies":[{"name":"wp","href":"https:\/\/api.w.org\/{rel}","templated":true}]}}