{"id":86453,"date":"2026-04-27T14:16:05","date_gmt":"2026-04-27T13:16:05","guid":{"rendered":"https:\/\/lasentinelle.dz\/?p=86453"},"modified":"2026-04-27T14:16:07","modified_gmt":"2026-04-27T13:16:07","slug":"judo-lalgerie-sur-le-toit-de-lafrique","status":"publish","type":"post","link":"https:\/\/lasentinelle.dz\/index.php\/2026\/04\/27\/judo-lalgerie-sur-le-toit-de-lafrique\/","title":{"rendered":"Judo\u00a0: L&rsquo;Alg\u00e9rie sur le toit de l&rsquo;Afrique"},"content":{"rendered":"\n<p>Quatre titres continentaux, neuf m\u00e9dailles au total, un doubl\u00e9 par \u00e9quipes messieurs-dames : le judo alg\u00e9rien a pli\u00e9 les Championnats d&rsquo;Afrique seniors 2026 de Nairobi \u00e0 sa guise, s&rsquo;imposant sans discussion comme la premi\u00e8re nation du continent. La d\u00e9monstration a commenc\u00e9 d\u00e8s la premi\u00e8re journ\u00e9e sur les tatamis du Kenya, avec trois titres africains d\u00e9croch\u00e9s et cinq podiums engrang\u00e9s. Le lendemain, la s\u00e9lection a remis \u00e7a : quatre nouvelles m\u00e9dailles pour fermer d\u00e9finitivement la porte \u00e0 la concurrence. La Tunisie, deuxi\u00e8me au classement g\u00e9n\u00e9ral avec trois ors, et l&rsquo;\u00c9gypte, troisi\u00e8me avec deux, n&rsquo;ont jamais vraiment inqui\u00e9t\u00e9 des Alg\u00e9riens visiblement en mission. Les laur\u00e9ats du jour ont des noms. Ka\u00efs Moudetere a r\u00e9gl\u00e9 la cat\u00e9gorie des moins de 66 kg, Driss Messaoud celle des moins de 73 kg, Yasmine Djellab s&rsquo;est impos\u00e9e chez les moins de 63 kg. Mohamed El Mehdi Lili, lui, a fait ce qu&rsquo;on attendait de lui chez les plus de 100 kg : gagner. Le natif de la cat\u00e9gorie des lourds a remport\u00e9 sa finale avec l&rsquo;autorit\u00e9 d&rsquo;un favori qui n&rsquo;a pas eu \u00e0 forcer son talent. Dyhia Benchallal, en argent chez les plus de 78 kg, a pouss\u00e9 jusqu&rsquo;en finale avant de s&rsquo;incliner. Le bronze est all\u00e9 \u00e0 Younes Ben Laribi (-60 kg), Lycia Ana\u00efs Guebli (-52 kg), Abdeslam Belbelhout (-81 kg) et Rayane Benatia (-100 kg). Au-del\u00e0 des tableaux individuels, l&rsquo;Alg\u00e9rie a aussi d\u00e9croch\u00e9 les titres par \u00e9quipes, chez les hommes comme chez les femmes, ce qui donne \u00e0 ce bilan une ampleur que les simples chiffres ne restituent pas tout \u00e0 fait.<\/p>\n\n\n\n<p>Il restait l&rsquo;\u00e9preuve par \u00e9quipes mixtes, disput\u00e9e dimanche. La s\u00e9lection nationale a travers\u00e9 sa poule sans encombre, battu le Cameroun 4-0 en huiti\u00e8mes, puis but\u00e9 en demi-finale contre la Tunisie, qui s&rsquo;est impos\u00e9e 4-2. Le match pour la troisi\u00e8me place face au Congo a tourn\u00e9 court : victoire 4-0, bronze assur\u00e9. Pas le r\u00e9sultat esp\u00e9r\u00e9 au d\u00e9part, mais une m\u00e9daille suppl\u00e9mentaire qui ferme le bal sur une note correcte.<\/p>\n\n\n\n<p>Au total, dix-huit athl\u00e8tes alg\u00e9riens avaient fait le d\u00e9placement \u00e0 Nairobi. Les neuf qui ne sont pas mont\u00e9s sur le podium ont termin\u00e9 entre la cinqui\u00e8me et la neuvi\u00e8me place, des classements qui ne font pas les manchettes mais qui comptent dans la profondeur d&rsquo;un groupe. La comp\u00e9tition avait r\u00e9uni 251 judokas venus de 34 pays africains, 152 hommes et 99 femmes, ce qui en fait l&rsquo;un des championnats continentaux les plus fournis de ces derni\u00e8res ann\u00e9es.<\/p>\n\n\n\n<p>Ce que ce rendez-vous k\u00e9nyan dit du judo alg\u00e9rien, c&rsquo;est que la hi\u00e9rarchie continentale est en train de se reformater. La domination sur les tatamis africains n&rsquo;est pas neuve, mais elle a rarement \u00e9t\u00e9 aussi nette, aussi compl\u00e8te, aussi peu contest\u00e9e qu&rsquo;\u00e0 Nairobi. Douze m\u00e9dailles au compteur en comptant les \u00e9quipes et le bronze mixte, c&rsquo;est le genre de bilan qui ne laisse pas beaucoup de place au d\u00e9bat.<\/p>\n\n\n\n<p>M.D.<\/p>\n","protected":false},"excerpt":{"rendered":"<p>Quatre titres continentaux, neuf m\u00e9dailles au total, un doubl\u00e9 par \u00e9quipes messieurs-dames : le judo alg\u00e9rien a pli\u00e9 les Championnats<\/p>\n","protected":false},"author":6,"featured_media":86454,"comment_status":"open","ping_status":"closed","sticky":false,"template":"","format":"standard","meta":{"colormag_page_container_layout":"default_layout","colormag_page_sidebar_layout":"default_layout","om_disable_all_campaigns":false,"_monsterinsights_skip_tracking":false,"_monsterinsights_sitenote_active":false,"_monsterinsights_sitenote_note":"","_monsterinsights_sitenote_category":0,"footnotes":"","_wpscppro_dont_share_socialmedia":false,"_wpscppro_custom_social_share_image":0,"_facebook_share_type":"default","_twitter_share_type":"default","_linkedin_share_type":"default","_pinterest_share_type":"default","_linkedin_share_type_page":"","_instagram_share_type":"default","_medium_share_type":"default","_threads_share_type":"default","_google_business_share_type":"default","_selected_social_profile":[],"_wpsp_enable_custom_social_template":false,"_wpsp_social_scheduling":{"enabled":false,"datetime":null,"platforms":[],"status":"template_only","dateOption":"today","timeOption":"now","customDays":"","customHours":"","customDate":"","customTime":"","schedulingType":"absolute"},"_wpsp_active_default_template":true},"categories":[33],"tags":[],"class_list":["post-86453","post","type-post","status-publish","format-standard","has-post-thumbnail","hentry","category-sports"],"aioseo_notices":[],"yoast_head":"<!-- This site is optimized with the Yoast SEO plugin v27.4 - https:\/\/yoast.com\/product\/yoast-seo-wordpress\/ -->\n<title>Judo\u00a0: L&rsquo;Alg\u00e9rie sur le toit de l&rsquo;Afrique - La Sentinelle<\/title>\n<meta name=\"robots\" content=\"index, follow, max-snippet:-1, max-image-preview:large, max-video-preview:-1\" \/>\n<link rel=\"canonical\" href=\"https:\/\/lasentinelle.dz\/index.php\/2026\/04\/27\/judo-lalgerie-sur-le-toit-de-lafrique\/\" \/>\n<meta property=\"og:locale\" content=\"fr_FR\" \/>\n<meta property=\"og:type\" content=\"article\" \/>\n<meta property=\"og:title\" content=\"Judo\u00a0: L&rsquo;Alg\u00e9rie sur le toit de l&rsquo;Afrique - La Sentinelle\" \/>\n<meta property=\"og:description\" content=\"Quatre titres continentaux, neuf m\u00e9dailles au total, un doubl\u00e9 par \u00e9quipes messieurs-dames : le judo alg\u00e9rien a pli\u00e9 les Championnats\" \/>\n<meta property=\"og:url\" content=\"https:\/\/lasentinelle.dz\/index.php\/2026\/04\/27\/judo-lalgerie-sur-le-toit-de-lafrique\/\" \/>\n<meta property=\"og:site_name\" content=\"La Sentinelle\" \/>\n<meta property=\"article:publisher\" content=\"https:\/\/www.facebook.com\/La-Sentinelle-104059864394773\" \/>\n<meta property=\"article:published_time\" content=\"2026-04-27T13:16:05+00:00\" \/>\n<meta property=\"article:modified_time\" content=\"2026-04-27T13:16:07+00:00\" \/>\n<meta property=\"og:image\" content=\"https:\/\/lasentinelle.dz\/wp-content\/uploads\/2026\/04\/judo.jpg\" \/>\n\t<meta property=\"og:image:width\" content=\"2048\" \/>\n\t<meta property=\"og:image:height\" content=\"1536\" \/>\n\t<meta property=\"og:image:type\" content=\"image\/jpeg\" \/>\n<meta name=\"author\" content=\"admin\" \/>\n<meta name=\"twitter:card\" content=\"summary_large_image\" \/>\n<meta name=\"twitter:label1\" content=\"\u00c9crit par\" \/>\n\t<meta name=\"twitter:data1\" content=\"admin\" \/>\n\t<meta name=\"twitter:label2\" content=\"Dur\u00e9e de lecture estim\u00e9e\" \/>\n\t<meta name=\"twitter:data2\" content=\"3 minutes\" \/>\n<script type=\"application\/ld+json\" class=\"yoast-schema-graph\">{\"@context\":\"https:\\\/\\\/schema.org\",\"@graph\":[{\"@type\":\"Article\",\"@id\":\"https:\\\/\\\/lasentinelle.dz\\\/index.php\\\/2026\\\/04\\\/27\\\/judo-lalgerie-sur-le-toit-de-lafrique\\\/#article\",\"isPartOf\":{\"@id\":\"https:\\\/\\\/lasentinelle.dz\\\/index.php\\\/2026\\\/04\\\/27\\\/judo-lalgerie-sur-le-toit-de-lafrique\\\/\"},\"author\":{\"name\":\"admin\",\"@id\":\"https:\\\/\\\/lasentinelle.dz\\\/#\\\/schema\\\/person\\\/729ee0024f24e0b8c5ec17232f8e8b41\"},\"headline\":\"Judo\u00a0: L&rsquo;Alg\u00e9rie sur le toit de l&rsquo;Afrique\",\"datePublished\":\"2026-04-27T13:16:05+00:00\",\"dateModified\":\"2026-04-27T13:16:07+00:00\",\"mainEntityOfPage\":{\"@id\":\"https:\\\/\\\/lasentinelle.dz\\\/index.php\\\/2026\\\/04\\\/27\\\/judo-lalgerie-sur-le-toit-de-lafrique\\\/\"},\"wordCount\":540,\"commentCount\":0,\"publisher\":{\"@id\":\"https:\\\/\\\/lasentinelle.dz\\\/#organization\"},\"image\":{\"@id\":\"https:\\\/\\\/lasentinelle.dz\\\/index.php\\\/2026\\\/04\\\/27\\\/judo-lalgerie-sur-le-toit-de-lafrique\\\/#primaryimage\"},\"thumbnailUrl\":\"https:\\\/\\\/lasentinelle.dz\\\/wp-content\\\/uploads\\\/2026\\\/04\\\/judo.jpg\",\"articleSection\":[\"Sports\"],\"inLanguage\":\"fr-FR\",\"potentialAction\":[{\"@type\":\"CommentAction\",\"name\":\"Comment\",\"target\":[\"https:\\\/\\\/lasentinelle.dz\\\/index.php\\\/2026\\\/04\\\/27\\\/judo-lalgerie-sur-le-toit-de-lafrique\\\/#respond\"]}]},{\"@type\":\"WebPage\",\"@id\":\"https:\\\/\\\/lasentinelle.dz\\\/index.php\\\/2026\\\/04\\\/27\\\/judo-lalgerie-sur-le-toit-de-lafrique\\\/\",\"url\":\"https:\\\/\\\/lasentinelle.dz\\\/index.php\\\/2026\\\/04\\\/27\\\/judo-lalgerie-sur-le-toit-de-lafrique\\\/\",\"name\":\"Judo\u00a0: L&rsquo;Alg\u00e9rie sur le toit de l&rsquo;Afrique - La Sentinelle\",\"isPartOf\":{\"@id\":\"https:\\\/\\\/lasentinelle.dz\\\/#website\"},\"primaryImageOfPage\":{\"@id\":\"https:\\\/\\\/lasentinelle.dz\\\/index.php\\\/2026\\\/04\\\/27\\\/judo-lalgerie-sur-le-toit-de-lafrique\\\/#primaryimage\"},\"image\":{\"@id\":\"https:\\\/\\\/lasentinelle.dz\\\/index.php\\\/2026\\\/04\\\/27\\\/judo-lalgerie-sur-le-toit-de-lafrique\\\/#primaryimage\"},\"thumbnailUrl\":\"https:\\\/\\\/lasentinelle.dz\\\/wp-content\\\/uploads\\\/2026\\\/04\\\/judo.jpg\",\"datePublished\":\"2026-04-27T13:16:05+00:00\",\"dateModified\":\"2026-04-27T13:16:07+00:00\",\"breadcrumb\":{\"@id\":\"https:\\\/\\\/lasentinelle.dz\\\/index.php\\\/2026\\\/04\\\/27\\\/judo-lalgerie-sur-le-toit-de-lafrique\\\/#breadcrumb\"},\"inLanguage\":\"fr-FR\",\"potentialAction\":[{\"@type\":\"ReadAction\",\"target\":[\"https:\\\/\\\/lasentinelle.dz\\\/index.php\\\/2026\\\/04\\\/27\\\/judo-lalgerie-sur-le-toit-de-lafrique\\\/\"]}]},{\"@type\":\"ImageObject\",\"inLanguage\":\"fr-FR\",\"@id\":\"https:\\\/\\\/lasentinelle.dz\\\/index.php\\\/2026\\\/04\\\/27\\\/judo-lalgerie-sur-le-toit-de-lafrique\\\/#primaryimage\",\"url\":\"https:\\\/\\\/lasentinelle.dz\\\/wp-content\\\/uploads\\\/2026\\\/04\\\/judo.jpg\",\"contentUrl\":\"https:\\\/\\\/lasentinelle.dz\\\/wp-content\\\/uploads\\\/2026\\\/04\\\/judo.jpg\",\"width\":2048,\"height\":1536},{\"@type\":\"BreadcrumbList\",\"@id\":\"https:\\\/\\\/lasentinelle.dz\\\/index.php\\\/2026\\\/04\\\/27\\\/judo-lalgerie-sur-le-toit-de-lafrique\\\/#breadcrumb\",\"itemListElement\":[{\"@type\":\"ListItem\",\"position\":1,\"name\":\"Accueil\",\"item\":\"https:\\\/\\\/lasentinelle.dz\\\/\"},{\"@type\":\"ListItem\",\"position\":2,\"name\":\"Judo\u00a0: L&rsquo;Alg\u00e9rie sur le toit de l&rsquo;Afrique\"}]},{\"@type\":\"WebSite\",\"@id\":\"https:\\\/\\\/lasentinelle.dz\\\/#website\",\"url\":\"https:\\\/\\\/lasentinelle.dz\\\/\",\"name\":\"La Sentinelle\",\"description\":\"Quotidien national d&#039;information\",\"publisher\":{\"@id\":\"https:\\\/\\\/lasentinelle.dz\\\/#organization\"},\"potentialAction\":[{\"@type\":\"SearchAction\",\"target\":{\"@type\":\"EntryPoint\",\"urlTemplate\":\"https:\\\/\\\/lasentinelle.dz\\\/?s={search_term_string}\"},\"query-input\":{\"@type\":\"PropertyValueSpecification\",\"valueRequired\":true,\"valueName\":\"search_term_string\"}}],\"inLanguage\":\"fr-FR\"},{\"@type\":\"Organization\",\"@id\":\"https:\\\/\\\/lasentinelle.dz\\\/#organization\",\"name\":\"Quotidien La Sentinelle\",\"url\":\"https:\\\/\\\/lasentinelle.dz\\\/\",\"logo\":{\"@type\":\"ImageObject\",\"inLanguage\":\"fr-FR\",\"@id\":\"https:\\\/\\\/lasentinelle.dz\\\/#\\\/schema\\\/logo\\\/image\\\/\",\"url\":\"https:\\\/\\\/lasentinelle.dz\\\/wp-content\\\/uploads\\\/2021\\\/09\\\/logo-sentinelleSLOGAN-1.png\",\"contentUrl\":\"https:\\\/\\\/lasentinelle.dz\\\/wp-content\\\/uploads\\\/2021\\\/09\\\/logo-sentinelleSLOGAN-1.png\",\"width\":615,\"height\":142,\"caption\":\"Quotidien La Sentinelle\"},\"image\":{\"@id\":\"https:\\\/\\\/lasentinelle.dz\\\/#\\\/schema\\\/logo\\\/image\\\/\"},\"sameAs\":[\"https:\\\/\\\/www.facebook.com\\\/La-Sentinelle-104059864394773\"]},{\"@type\":\"Person\",\"@id\":\"https:\\\/\\\/lasentinelle.dz\\\/#\\\/schema\\\/person\\\/729ee0024f24e0b8c5ec17232f8e8b41\",\"name\":\"admin\",\"image\":{\"@type\":\"ImageObject\",\"inLanguage\":\"fr-FR\",\"@id\":\"https:\\\/\\\/secure.gravatar.com\\\/avatar\\\/4c81fed838786e9b53f540bf46533e750f5d292099ae3b66cfc6fb1982e29df7?s=96&d=mm&r=g\",\"url\":\"https:\\\/\\\/secure.gravatar.com\\\/avatar\\\/4c81fed838786e9b53f540bf46533e750f5d292099ae3b66cfc6fb1982e29df7?s=96&d=mm&r=g\",\"contentUrl\":\"https:\\\/\\\/secure.gravatar.com\\\/avatar\\\/4c81fed838786e9b53f540bf46533e750f5d292099ae3b66cfc6fb1982e29df7?s=96&d=mm&r=g\",\"caption\":\"admin\"},\"description\":\"admin\",\"url\":\"https:\\\/\\\/lasentinelle.dz\\\/author\\\/admin\\\/\"}]}<\/script>\n<!-- \/ Yoast SEO plugin. -->","yoast_head_json":{"title":"Judo\u00a0: L&rsquo;Alg\u00e9rie sur le toit de l&rsquo;Afrique - La Sentinelle","robots":{"index":"index","follow":"follow","max-snippet":"max-snippet:-1","max-image-preview":"max-image-preview:large","max-video-preview":"max-video-preview:-1"},"canonical":"https:\/\/lasentinelle.dz\/index.php\/2026\/04\/27\/judo-lalgerie-sur-le-toit-de-lafrique\/","og_locale":"fr_FR","og_type":"article","og_title":"Judo\u00a0: L&rsquo;Alg\u00e9rie sur le toit de l&rsquo;Afrique - La Sentinelle","og_description":"Quatre titres continentaux, neuf m\u00e9dailles au total, un doubl\u00e9 par \u00e9quipes messieurs-dames : le judo alg\u00e9rien a pli\u00e9 les Championnats","og_url":"https:\/\/lasentinelle.dz\/index.php\/2026\/04\/27\/judo-lalgerie-sur-le-toit-de-lafrique\/","og_site_name":"La Sentinelle","article_publisher":"https:\/\/www.facebook.com\/La-Sentinelle-104059864394773","article_published_time":"2026-04-27T13:16:05+00:00","article_modified_time":"2026-04-27T13:16:07+00:00","og_image":[{"width":2048,"height":1536,"url":"https:\/\/lasentinelle.dz\/wp-content\/uploads\/2026\/04\/judo.jpg","type":"image\/jpeg"}],"author":"admin","twitter_card":"summary_large_image","twitter_misc":{"\u00c9crit par":"admin","Dur\u00e9e de lecture estim\u00e9e":"3 minutes"},"schema":{"@context":"https:\/\/schema.org","@graph":[{"@type":"Article","@id":"https:\/\/lasentinelle.dz\/index.php\/2026\/04\/27\/judo-lalgerie-sur-le-toit-de-lafrique\/#article","isPartOf":{"@id":"https:\/\/lasentinelle.dz\/index.php\/2026\/04\/27\/judo-lalgerie-sur-le-toit-de-lafrique\/"},"author":{"name":"admin","@id":"https:\/\/lasentinelle.dz\/#\/schema\/person\/729ee0024f24e0b8c5ec17232f8e8b41"},"headline":"Judo\u00a0: L&rsquo;Alg\u00e9rie sur le toit de l&rsquo;Afrique","datePublished":"2026-04-27T13:16:05+00:00","dateModified":"2026-04-27T13:16:07+00:00","mainEntityOfPage":{"@id":"https:\/\/lasentinelle.dz\/index.php\/2026\/04\/27\/judo-lalgerie-sur-le-toit-de-lafrique\/"},"wordCount":540,"commentCount":0,"publisher":{"@id":"https:\/\/lasentinelle.dz\/#organization"},"image":{"@id":"https:\/\/lasentinelle.dz\/index.php\/2026\/04\/27\/judo-lalgerie-sur-le-toit-de-lafrique\/#primaryimage"},"thumbnailUrl":"https:\/\/lasentinelle.dz\/wp-content\/uploads\/2026\/04\/judo.jpg","articleSection":["Sports"],"inLanguage":"fr-FR","potentialAction":[{"@type":"CommentAction","name":"Comment","target":["https:\/\/lasentinelle.dz\/index.php\/2026\/04\/27\/judo-lalgerie-sur-le-toit-de-lafrique\/#respond"]}]},{"@type":"WebPage","@id":"https:\/\/lasentinelle.dz\/index.php\/2026\/04\/27\/judo-lalgerie-sur-le-toit-de-lafrique\/","url":"https:\/\/lasentinelle.dz\/index.php\/2026\/04\/27\/judo-lalgerie-sur-le-toit-de-lafrique\/","name":"Judo\u00a0: L&rsquo;Alg\u00e9rie sur le toit de l&rsquo;Afrique - La Sentinelle","isPartOf":{"@id":"https:\/\/lasentinelle.dz\/#website"},"primaryImageOfPage":{"@id":"https:\/\/lasentinelle.dz\/index.php\/2026\/04\/27\/judo-lalgerie-sur-le-toit-de-lafrique\/#primaryimage"},"image":{"@id":"https:\/\/lasentinelle.dz\/index.php\/2026\/04\/27\/judo-lalgerie-sur-le-toit-de-lafrique\/#primaryimage"},"thumbnailUrl":"https:\/\/lasentinelle.dz\/wp-content\/uploads\/2026\/04\/judo.jpg","datePublished":"2026-04-27T13:16:05+00:00","dateModified":"2026-04-27T13:16:07+00:00","breadcrumb":{"@id":"https:\/\/lasentinelle.dz\/index.php\/2026\/04\/27\/judo-lalgerie-sur-le-toit-de-lafrique\/#breadcrumb"},"inLanguage":"fr-FR","potentialAction":[{"@type":"ReadAction","target":["https:\/\/lasentinelle.dz\/index.php\/2026\/04\/27\/judo-lalgerie-sur-le-toit-de-lafrique\/"]}]},{"@type":"ImageObject","inLanguage":"fr-FR","@id":"https:\/\/lasentinelle.dz\/index.php\/2026\/04\/27\/judo-lalgerie-sur-le-toit-de-lafrique\/#primaryimage","url":"https:\/\/lasentinelle.dz\/wp-content\/uploads\/2026\/04\/judo.jpg","contentUrl":"https:\/\/lasentinelle.dz\/wp-content\/uploads\/2026\/04\/judo.jpg","width":2048,"height":1536},{"@type":"BreadcrumbList","@id":"https:\/\/lasentinelle.dz\/index.php\/2026\/04\/27\/judo-lalgerie-sur-le-toit-de-lafrique\/#breadcrumb","itemListElement":[{"@type":"ListItem","position":1,"name":"Accueil","item":"https:\/\/lasentinelle.dz\/"},{"@type":"ListItem","position":2,"name":"Judo\u00a0: L&rsquo;Alg\u00e9rie sur le toit de l&rsquo;Afrique"}]},{"@type":"WebSite","@id":"https:\/\/lasentinelle.dz\/#website","url":"https:\/\/lasentinelle.dz\/","name":"La Sentinelle","description":"Quotidien national d&#039;information","publisher":{"@id":"https:\/\/lasentinelle.dz\/#organization"},"potentialAction":[{"@type":"SearchAction","target":{"@type":"EntryPoint","urlTemplate":"https:\/\/lasentinelle.dz\/?s={search_term_string}"},"query-input":{"@type":"PropertyValueSpecification","valueRequired":true,"valueName":"search_term_string"}}],"inLanguage":"fr-FR"},{"@type":"Organization","@id":"https:\/\/lasentinelle.dz\/#organization","name":"Quotidien La Sentinelle","url":"https:\/\/lasentinelle.dz\/","logo":{"@type":"ImageObject","inLanguage":"fr-FR","@id":"https:\/\/lasentinelle.dz\/#\/schema\/logo\/image\/","url":"https:\/\/lasentinelle.dz\/wp-content\/uploads\/2021\/09\/logo-sentinelleSLOGAN-1.png","contentUrl":"https:\/\/lasentinelle.dz\/wp-content\/uploads\/2021\/09\/logo-sentinelleSLOGAN-1.png","width":615,"height":142,"caption":"Quotidien La Sentinelle"},"image":{"@id":"https:\/\/lasentinelle.dz\/#\/schema\/logo\/image\/"},"sameAs":["https:\/\/www.facebook.com\/La-Sentinelle-104059864394773"]},{"@type":"Person","@id":"https:\/\/lasentinelle.dz\/#\/schema\/person\/729ee0024f24e0b8c5ec17232f8e8b41","name":"admin","image":{"@type":"ImageObject","inLanguage":"fr-FR","@id":"https:\/\/secure.gravatar.com\/avatar\/4c81fed838786e9b53f540bf46533e750f5d292099ae3b66cfc6fb1982e29df7?s=96&d=mm&r=g","url":"https:\/\/secure.gravatar.com\/avatar\/4c81fed838786e9b53f540bf46533e750f5d292099ae3b66cfc6fb1982e29df7?s=96&d=mm&r=g","contentUrl":"https:\/\/secure.gravatar.com\/avatar\/4c81fed838786e9b53f540bf46533e750f5d292099ae3b66cfc6fb1982e29df7?s=96&d=mm&r=g","caption":"admin"},"description":"admin","url":"https:\/\/lasentinelle.dz\/author\/admin\/"}]}},"_links":{"self":[{"href":"https:\/\/lasentinelle.dz\/index.php\/wp-json\/wp\/v2\/posts\/86453","targetHints":{"allow":["GET"]}}],"collection":[{"href":"https:\/\/lasentinelle.dz\/index.php\/wp-json\/wp\/v2\/posts"}],"about":[{"href":"https:\/\/lasentinelle.dz\/index.php\/wp-json\/wp\/v2\/types\/post"}],"author":[{"embeddable":true,"href":"https:\/\/lasentinelle.dz\/index.php\/wp-json\/wp\/v2\/users\/6"}],"replies":[{"embeddable":true,"href":"https:\/\/lasentinelle.dz\/index.php\/wp-json\/wp\/v2\/comments?post=86453"}],"version-history":[{"count":2,"href":"https:\/\/lasentinelle.dz\/index.php\/wp-json\/wp\/v2\/posts\/86453\/revisions"}],"predecessor-version":[{"id":86456,"href":"https:\/\/lasentinelle.dz\/index.php\/wp-json\/wp\/v2\/posts\/86453\/revisions\/86456"}],"wp:featuredmedia":[{"embeddable":true,"href":"https:\/\/lasentinelle.dz\/index.php\/wp-json\/wp\/v2\/media\/86454"}],"wp:attachment":[{"href":"https:\/\/lasentinelle.dz\/index.php\/wp-json\/wp\/v2\/media?parent=86453"}],"wp:term":[{"taxonomy":"category","embeddable":true,"href":"https:\/\/lasentinelle.dz\/index.php\/wp-json\/wp\/v2\/categories?post=86453"},{"taxonomy":"post_tag","embeddable":true,"href":"https:\/\/lasentinelle.dz\/index.php\/wp-json\/wp\/v2\/tags?post=86453"}],"curies":[{"name":"wp","href":"https:\/\/api.w.org\/{rel}","templated":true}]}}