{"id":86457,"date":"2026-04-27T14:17:36","date_gmt":"2026-04-27T13:17:36","guid":{"rendered":"https:\/\/lasentinelle.dz\/?p=86457"},"modified":"2026-04-27T14:17:39","modified_gmt":"2026-04-27T13:17:39","slug":"championnat-dafrique-de-gymnastique-une-domination-algerienne-incontestable","status":"publish","type":"post","link":"https:\/\/lasentinelle.dz\/index.php\/2026\/04\/27\/championnat-dafrique-de-gymnastique-une-domination-algerienne-incontestable\/","title":{"rendered":"Championnat d\u2019Afrique de gymnastique\u00a0: Une domination alg\u00e9rienne incontestable"},"content":{"rendered":"\n<p>\u00c0 Yaound\u00e9, ce week-end, l&rsquo;Alg\u00e9rie a fait bien plus que participer aux Championnats d&rsquo;Afrique de gymnastique artistique. Elle les a domin\u00e9s. Avec onze m\u00e9dailles seniors au total \u2014 quatre en or, quatre en argent, trois en bronze \u2014 la d\u00e9l\u00e9gation nationale rentre du Cameroun avec un bilan qui dit beaucoup sur l&rsquo;\u00e9tat r\u00e9el de cette discipline dans le pays.<\/p>\n\n\n\n<p>La performance la plus scrut\u00e9e reste celle de Kaylia Nemour. Aux barres asym\u00e9triques, la gymnaste de 19 ans a sign\u00e9 14,400 points et laiss\u00e9 le reste du continent loin derri\u00e8re. La Sud-Africaine Caitlin Rooskrantz, deuxi\u00e8me, a termin\u00e9 \u00e0 13,566 \u2014 pr\u00e8s d&rsquo;un point de retard, ce qui, en gymnastique, tient de l&rsquo;\u00e9cart abyssal. Ce qui a frapp\u00e9 les observateurs au Palais polyvalent de Yaound\u00e9, c&rsquo;est l&rsquo;introduction d&rsquo;un nouvel \u00e9l\u00e9ment technique dans son encha\u00eenement : un stalder serr\u00e9 Katchev tendu demi-tour, une figure exigeante qui illustre jusqu&rsquo;o\u00f9 Nemour pousse son travail entre deux comp\u00e9titions. Elle avait d\u00e9j\u00e0 d\u00e9croch\u00e9 l&rsquo;or au concours g\u00e9n\u00e9ral en d\u00e9but de semaine. Ces barres asym\u00e9triques, c&rsquo;est son terrain de jeu, et elle ne s&rsquo;y laisse pas surprendre.<\/p>\n\n\n\n<p><strong>Une premi\u00e8re en or pour Djenna Laroui<\/strong><\/p>\n\n\n\n<p>\u00c0 ses c\u00f4t\u00e9s, Djena Laroui a r\u00e9ussi un doubl\u00e9 remarquable pour une premi\u00e8re grande comp\u00e9tition sous le maillot national. Au saut, elle s&rsquo;est impos\u00e9e avec 12,950 points, devant la Sud-Africaine Buhle Nhaleko et l&rsquo;\u00c9gyptienne Sirine Abouelhoda. Quelques heures plus t\u00f4t, elle avait aussi pris le bronze aux barres asym\u00e9triques. Deux podiums, deux couleurs de m\u00e9dailles, \u00e0 sa premi\u00e8re participation aux Championnats d&rsquo;Afrique seniors : c&rsquo;est un d\u00e9but qui se passe de commentaires inutiles. L&rsquo;\u00e9quipe f\u00e9minine avait par ailleurs r\u00e9alis\u00e9 un coup retentissant d\u00e8s les premi\u00e8res journ\u00e9es, en s&rsquo;adjugeant le titre par \u00e9quipes \u2014 une premi\u00e8re historique qui leur ouvre la qualification aux Championnats du monde en \u00e9quipe. Nemour, Laroui, Louna Hamames-Moallic, Lena Khenoun et Sihem Hamidi ont d\u00e9croch\u00e9 cette place ensemble, ce que la simple addition de m\u00e9dailles individuelles ne dit pas enti\u00e8rement.<\/p>\n\n\n\n<p>Chez les hommes, les r\u00e9sultats sont plus discrets mais t\u00e9moignent d&rsquo;une \u00e9quipe comp\u00e9titive dans la profondeur. Adem Cogat a manqu\u00e9 l&rsquo;or au sol pour 0,033 point \u2014 12,700 contre 12,733 pour le Sud-Africain Daniel McLean \u2014 et revient avec l&rsquo;argent. Houssem Hamadouche a fait de m\u00eame aux anneaux, Youcef Semmani prenant le bronze au cheval d&rsquo;ar\u00e7ons. Pas d&rsquo;or c\u00f4t\u00e9 masculin en finales par agr\u00e8s, mais des gymnastes qui terminent r\u00e9guli\u00e8rement sur le podium face \u00e0 des nations plus exp\u00e9riment\u00e9es dans cette discipline.<\/p>\n\n\n\n<p>La troisi\u00e8me journ\u00e9e a en plus apport\u00e9 une m\u00e9daille d&rsquo;or suppl\u00e9mentaire en cat\u00e9gorie juniors : Melissa Djadi, 16 ans, s&rsquo;est impos\u00e9e \u00e0 la table de saut. Les \u00e9quipes juniors \u2014 gar\u00e7ons et filles \u2014 avaient auparavant d\u00e9croch\u00e9 deux bronzes par \u00e9quipes, signant des r\u00e9sultats encourageants pour une g\u00e9n\u00e9ration encore en construction.<\/p>\n\n\n\n<p>Dimanche, les finales par agr\u00e8s juniors et seniors ont cl\u00f4tur\u00e9 cette 19e \u00e9dition, la derni\u00e8re journ\u00e9e d&rsquo;une comp\u00e9tition qui a rassembl\u00e9 douze nations. L&rsquo;Alg\u00e9rie a engag\u00e9 vingt athl\u00e8tes toutes cat\u00e9gories confondues \u2014 une d\u00e9l\u00e9gation \u00e9toff\u00e9e, et visiblement pr\u00e9par\u00e9e.<\/p>\n\n\n\n<p>Le prochain rendez-vous d&rsquo;envergure sera les Championnats du monde 2026 \u00e0 Rotterdam. L&rsquo;\u00e9quipe f\u00e9minine y sera, pour la premi\u00e8re fois en formation compl\u00e8te.<\/p>\n\n\n\n<p><strong>M. Dahleb<\/strong><\/p>\n","protected":false},"excerpt":{"rendered":"<p>\u00c0 Yaound\u00e9, ce week-end, l&rsquo;Alg\u00e9rie a fait bien plus que participer aux Championnats d&rsquo;Afrique de gymnastique artistique. Elle les a<\/p>\n","protected":false},"author":6,"featured_media":86458,"comment_status":"open","ping_status":"closed","sticky":false,"template":"","format":"standard","meta":{"colormag_page_container_layout":"default_layout","colormag_page_sidebar_layout":"default_layout","om_disable_all_campaigns":false,"_monsterinsights_skip_tracking":false,"_monsterinsights_sitenote_active":false,"_monsterinsights_sitenote_note":"","_monsterinsights_sitenote_category":0,"footnotes":"","_wpscppro_dont_share_socialmedia":false,"_wpscppro_custom_social_share_image":0,"_facebook_share_type":"default","_twitter_share_type":"default","_linkedin_share_type":"default","_pinterest_share_type":"default","_linkedin_share_type_page":"","_instagram_share_type":"default","_medium_share_type":"default","_threads_share_type":"default","_google_business_share_type":"default","_selected_social_profile":[],"_wpsp_enable_custom_social_template":false,"_wpsp_social_scheduling":{"enabled":false,"datetime":null,"platforms":[],"status":"template_only","dateOption":"today","timeOption":"now","customDays":"","customHours":"","customDate":"","customTime":"","schedulingType":"absolute"},"_wpsp_active_default_template":true},"categories":[52,33],"tags":[],"class_list":["post-86457","post","type-post","status-publish","format-standard","has-post-thumbnail","hentry","category-a-la-une","category-sports"],"aioseo_notices":[],"yoast_head":"<!-- This site is optimized with the Yoast SEO plugin v27.4 - https:\/\/yoast.com\/product\/yoast-seo-wordpress\/ -->\n<title>Championnat d\u2019Afrique de gymnastique\u00a0: Une domination alg\u00e9rienne incontestable - La Sentinelle<\/title>\n<meta name=\"robots\" content=\"index, follow, max-snippet:-1, max-image-preview:large, max-video-preview:-1\" \/>\n<link rel=\"canonical\" href=\"https:\/\/lasentinelle.dz\/index.php\/2026\/04\/27\/championnat-dafrique-de-gymnastique-une-domination-algerienne-incontestable\/\" \/>\n<meta property=\"og:locale\" content=\"fr_FR\" \/>\n<meta property=\"og:type\" content=\"article\" \/>\n<meta property=\"og:title\" content=\"Championnat d\u2019Afrique de gymnastique\u00a0: Une domination alg\u00e9rienne incontestable - La Sentinelle\" \/>\n<meta property=\"og:description\" content=\"\u00c0 Yaound\u00e9, ce week-end, l&rsquo;Alg\u00e9rie a fait bien plus que participer aux Championnats d&rsquo;Afrique de gymnastique artistique. Elle les a\" \/>\n<meta property=\"og:url\" content=\"https:\/\/lasentinelle.dz\/index.php\/2026\/04\/27\/championnat-dafrique-de-gymnastique-une-domination-algerienne-incontestable\/\" \/>\n<meta property=\"og:site_name\" content=\"La Sentinelle\" \/>\n<meta property=\"article:publisher\" content=\"https:\/\/www.facebook.com\/La-Sentinelle-104059864394773\" \/>\n<meta property=\"article:published_time\" content=\"2026-04-27T13:17:36+00:00\" \/>\n<meta property=\"article:modified_time\" content=\"2026-04-27T13:17:39+00:00\" \/>\n<meta property=\"og:image\" content=\"https:\/\/lasentinelle.dz\/wp-content\/uploads\/2026\/04\/Gym.jpg\" \/>\n\t<meta property=\"og:image:width\" content=\"810\" \/>\n\t<meta property=\"og:image:height\" content=\"1080\" \/>\n\t<meta property=\"og:image:type\" content=\"image\/jpeg\" \/>\n<meta name=\"author\" content=\"admin\" \/>\n<meta name=\"twitter:card\" content=\"summary_large_image\" \/>\n<meta name=\"twitter:label1\" content=\"\u00c9crit par\" \/>\n\t<meta name=\"twitter:data1\" content=\"admin\" \/>\n\t<meta name=\"twitter:label2\" content=\"Dur\u00e9e de lecture estim\u00e9e\" \/>\n\t<meta name=\"twitter:data2\" content=\"3 minutes\" \/>\n<script type=\"application\/ld+json\" class=\"yoast-schema-graph\">{\"@context\":\"https:\\\/\\\/schema.org\",\"@graph\":[{\"@type\":\"Article\",\"@id\":\"https:\\\/\\\/lasentinelle.dz\\\/index.php\\\/2026\\\/04\\\/27\\\/championnat-dafrique-de-gymnastique-une-domination-algerienne-incontestable\\\/#article\",\"isPartOf\":{\"@id\":\"https:\\\/\\\/lasentinelle.dz\\\/index.php\\\/2026\\\/04\\\/27\\\/championnat-dafrique-de-gymnastique-une-domination-algerienne-incontestable\\\/\"},\"author\":{\"name\":\"admin\",\"@id\":\"https:\\\/\\\/lasentinelle.dz\\\/#\\\/schema\\\/person\\\/729ee0024f24e0b8c5ec17232f8e8b41\"},\"headline\":\"Championnat d\u2019Afrique de gymnastique\u00a0: Une domination alg\u00e9rienne incontestable\",\"datePublished\":\"2026-04-27T13:17:36+00:00\",\"dateModified\":\"2026-04-27T13:17:39+00:00\",\"mainEntityOfPage\":{\"@id\":\"https:\\\/\\\/lasentinelle.dz\\\/index.php\\\/2026\\\/04\\\/27\\\/championnat-dafrique-de-gymnastique-une-domination-algerienne-incontestable\\\/\"},\"wordCount\":605,\"commentCount\":0,\"publisher\":{\"@id\":\"https:\\\/\\\/lasentinelle.dz\\\/#organization\"},\"image\":{\"@id\":\"https:\\\/\\\/lasentinelle.dz\\\/index.php\\\/2026\\\/04\\\/27\\\/championnat-dafrique-de-gymnastique-une-domination-algerienne-incontestable\\\/#primaryimage\"},\"thumbnailUrl\":\"https:\\\/\\\/lasentinelle.dz\\\/wp-content\\\/uploads\\\/2026\\\/04\\\/Gym.jpg\",\"articleSection\":[\"\u00c0 la Une\",\"Sports\"],\"inLanguage\":\"fr-FR\",\"potentialAction\":[{\"@type\":\"CommentAction\",\"name\":\"Comment\",\"target\":[\"https:\\\/\\\/lasentinelle.dz\\\/index.php\\\/2026\\\/04\\\/27\\\/championnat-dafrique-de-gymnastique-une-domination-algerienne-incontestable\\\/#respond\"]}]},{\"@type\":\"WebPage\",\"@id\":\"https:\\\/\\\/lasentinelle.dz\\\/index.php\\\/2026\\\/04\\\/27\\\/championnat-dafrique-de-gymnastique-une-domination-algerienne-incontestable\\\/\",\"url\":\"https:\\\/\\\/lasentinelle.dz\\\/index.php\\\/2026\\\/04\\\/27\\\/championnat-dafrique-de-gymnastique-une-domination-algerienne-incontestable\\\/\",\"name\":\"Championnat d\u2019Afrique de gymnastique\u00a0: Une domination alg\u00e9rienne incontestable - La Sentinelle\",\"isPartOf\":{\"@id\":\"https:\\\/\\\/lasentinelle.dz\\\/#website\"},\"primaryImageOfPage\":{\"@id\":\"https:\\\/\\\/lasentinelle.dz\\\/index.php\\\/2026\\\/04\\\/27\\\/championnat-dafrique-de-gymnastique-une-domination-algerienne-incontestable\\\/#primaryimage\"},\"image\":{\"@id\":\"https:\\\/\\\/lasentinelle.dz\\\/index.php\\\/2026\\\/04\\\/27\\\/championnat-dafrique-de-gymnastique-une-domination-algerienne-incontestable\\\/#primaryimage\"},\"thumbnailUrl\":\"https:\\\/\\\/lasentinelle.dz\\\/wp-content\\\/uploads\\\/2026\\\/04\\\/Gym.jpg\",\"datePublished\":\"2026-04-27T13:17:36+00:00\",\"dateModified\":\"2026-04-27T13:17:39+00:00\",\"breadcrumb\":{\"@id\":\"https:\\\/\\\/lasentinelle.dz\\\/index.php\\\/2026\\\/04\\\/27\\\/championnat-dafrique-de-gymnastique-une-domination-algerienne-incontestable\\\/#breadcrumb\"},\"inLanguage\":\"fr-FR\",\"potentialAction\":[{\"@type\":\"ReadAction\",\"target\":[\"https:\\\/\\\/lasentinelle.dz\\\/index.php\\\/2026\\\/04\\\/27\\\/championnat-dafrique-de-gymnastique-une-domination-algerienne-incontestable\\\/\"]}]},{\"@type\":\"ImageObject\",\"inLanguage\":\"fr-FR\",\"@id\":\"https:\\\/\\\/lasentinelle.dz\\\/index.php\\\/2026\\\/04\\\/27\\\/championnat-dafrique-de-gymnastique-une-domination-algerienne-incontestable\\\/#primaryimage\",\"url\":\"https:\\\/\\\/lasentinelle.dz\\\/wp-content\\\/uploads\\\/2026\\\/04\\\/Gym.jpg\",\"contentUrl\":\"https:\\\/\\\/lasentinelle.dz\\\/wp-content\\\/uploads\\\/2026\\\/04\\\/Gym.jpg\",\"width\":810,\"height\":1080},{\"@type\":\"BreadcrumbList\",\"@id\":\"https:\\\/\\\/lasentinelle.dz\\\/index.php\\\/2026\\\/04\\\/27\\\/championnat-dafrique-de-gymnastique-une-domination-algerienne-incontestable\\\/#breadcrumb\",\"itemListElement\":[{\"@type\":\"ListItem\",\"position\":1,\"name\":\"Accueil\",\"item\":\"https:\\\/\\\/lasentinelle.dz\\\/\"},{\"@type\":\"ListItem\",\"position\":2,\"name\":\"Championnat d\u2019Afrique de gymnastique\u00a0: Une domination alg\u00e9rienne incontestable\"}]},{\"@type\":\"WebSite\",\"@id\":\"https:\\\/\\\/lasentinelle.dz\\\/#website\",\"url\":\"https:\\\/\\\/lasentinelle.dz\\\/\",\"name\":\"La Sentinelle\",\"description\":\"Quotidien national d&#039;information\",\"publisher\":{\"@id\":\"https:\\\/\\\/lasentinelle.dz\\\/#organization\"},\"potentialAction\":[{\"@type\":\"SearchAction\",\"target\":{\"@type\":\"EntryPoint\",\"urlTemplate\":\"https:\\\/\\\/lasentinelle.dz\\\/?s={search_term_string}\"},\"query-input\":{\"@type\":\"PropertyValueSpecification\",\"valueRequired\":true,\"valueName\":\"search_term_string\"}}],\"inLanguage\":\"fr-FR\"},{\"@type\":\"Organization\",\"@id\":\"https:\\\/\\\/lasentinelle.dz\\\/#organization\",\"name\":\"Quotidien La Sentinelle\",\"url\":\"https:\\\/\\\/lasentinelle.dz\\\/\",\"logo\":{\"@type\":\"ImageObject\",\"inLanguage\":\"fr-FR\",\"@id\":\"https:\\\/\\\/lasentinelle.dz\\\/#\\\/schema\\\/logo\\\/image\\\/\",\"url\":\"https:\\\/\\\/lasentinelle.dz\\\/wp-content\\\/uploads\\\/2021\\\/09\\\/logo-sentinelleSLOGAN-1.png\",\"contentUrl\":\"https:\\\/\\\/lasentinelle.dz\\\/wp-content\\\/uploads\\\/2021\\\/09\\\/logo-sentinelleSLOGAN-1.png\",\"width\":615,\"height\":142,\"caption\":\"Quotidien La Sentinelle\"},\"image\":{\"@id\":\"https:\\\/\\\/lasentinelle.dz\\\/#\\\/schema\\\/logo\\\/image\\\/\"},\"sameAs\":[\"https:\\\/\\\/www.facebook.com\\\/La-Sentinelle-104059864394773\"]},{\"@type\":\"Person\",\"@id\":\"https:\\\/\\\/lasentinelle.dz\\\/#\\\/schema\\\/person\\\/729ee0024f24e0b8c5ec17232f8e8b41\",\"name\":\"admin\",\"image\":{\"@type\":\"ImageObject\",\"inLanguage\":\"fr-FR\",\"@id\":\"https:\\\/\\\/secure.gravatar.com\\\/avatar\\\/4c81fed838786e9b53f540bf46533e750f5d292099ae3b66cfc6fb1982e29df7?s=96&d=mm&r=g\",\"url\":\"https:\\\/\\\/secure.gravatar.com\\\/avatar\\\/4c81fed838786e9b53f540bf46533e750f5d292099ae3b66cfc6fb1982e29df7?s=96&d=mm&r=g\",\"contentUrl\":\"https:\\\/\\\/secure.gravatar.com\\\/avatar\\\/4c81fed838786e9b53f540bf46533e750f5d292099ae3b66cfc6fb1982e29df7?s=96&d=mm&r=g\",\"caption\":\"admin\"},\"description\":\"admin\",\"url\":\"https:\\\/\\\/lasentinelle.dz\\\/author\\\/admin\\\/\"}]}<\/script>\n<!-- \/ Yoast SEO plugin. -->","yoast_head_json":{"title":"Championnat d\u2019Afrique de gymnastique\u00a0: Une domination alg\u00e9rienne incontestable - La Sentinelle","robots":{"index":"index","follow":"follow","max-snippet":"max-snippet:-1","max-image-preview":"max-image-preview:large","max-video-preview":"max-video-preview:-1"},"canonical":"https:\/\/lasentinelle.dz\/index.php\/2026\/04\/27\/championnat-dafrique-de-gymnastique-une-domination-algerienne-incontestable\/","og_locale":"fr_FR","og_type":"article","og_title":"Championnat d\u2019Afrique de gymnastique\u00a0: Une domination alg\u00e9rienne incontestable - La Sentinelle","og_description":"\u00c0 Yaound\u00e9, ce week-end, l&rsquo;Alg\u00e9rie a fait bien plus que participer aux Championnats d&rsquo;Afrique de gymnastique artistique. Elle les a","og_url":"https:\/\/lasentinelle.dz\/index.php\/2026\/04\/27\/championnat-dafrique-de-gymnastique-une-domination-algerienne-incontestable\/","og_site_name":"La Sentinelle","article_publisher":"https:\/\/www.facebook.com\/La-Sentinelle-104059864394773","article_published_time":"2026-04-27T13:17:36+00:00","article_modified_time":"2026-04-27T13:17:39+00:00","og_image":[{"width":810,"height":1080,"url":"https:\/\/lasentinelle.dz\/wp-content\/uploads\/2026\/04\/Gym.jpg","type":"image\/jpeg"}],"author":"admin","twitter_card":"summary_large_image","twitter_misc":{"\u00c9crit par":"admin","Dur\u00e9e de lecture estim\u00e9e":"3 minutes"},"schema":{"@context":"https:\/\/schema.org","@graph":[{"@type":"Article","@id":"https:\/\/lasentinelle.dz\/index.php\/2026\/04\/27\/championnat-dafrique-de-gymnastique-une-domination-algerienne-incontestable\/#article","isPartOf":{"@id":"https:\/\/lasentinelle.dz\/index.php\/2026\/04\/27\/championnat-dafrique-de-gymnastique-une-domination-algerienne-incontestable\/"},"author":{"name":"admin","@id":"https:\/\/lasentinelle.dz\/#\/schema\/person\/729ee0024f24e0b8c5ec17232f8e8b41"},"headline":"Championnat d\u2019Afrique de gymnastique\u00a0: Une domination alg\u00e9rienne incontestable","datePublished":"2026-04-27T13:17:36+00:00","dateModified":"2026-04-27T13:17:39+00:00","mainEntityOfPage":{"@id":"https:\/\/lasentinelle.dz\/index.php\/2026\/04\/27\/championnat-dafrique-de-gymnastique-une-domination-algerienne-incontestable\/"},"wordCount":605,"commentCount":0,"publisher":{"@id":"https:\/\/lasentinelle.dz\/#organization"},"image":{"@id":"https:\/\/lasentinelle.dz\/index.php\/2026\/04\/27\/championnat-dafrique-de-gymnastique-une-domination-algerienne-incontestable\/#primaryimage"},"thumbnailUrl":"https:\/\/lasentinelle.dz\/wp-content\/uploads\/2026\/04\/Gym.jpg","articleSection":["\u00c0 la Une","Sports"],"inLanguage":"fr-FR","potentialAction":[{"@type":"CommentAction","name":"Comment","target":["https:\/\/lasentinelle.dz\/index.php\/2026\/04\/27\/championnat-dafrique-de-gymnastique-une-domination-algerienne-incontestable\/#respond"]}]},{"@type":"WebPage","@id":"https:\/\/lasentinelle.dz\/index.php\/2026\/04\/27\/championnat-dafrique-de-gymnastique-une-domination-algerienne-incontestable\/","url":"https:\/\/lasentinelle.dz\/index.php\/2026\/04\/27\/championnat-dafrique-de-gymnastique-une-domination-algerienne-incontestable\/","name":"Championnat d\u2019Afrique de gymnastique\u00a0: Une domination alg\u00e9rienne incontestable - La Sentinelle","isPartOf":{"@id":"https:\/\/lasentinelle.dz\/#website"},"primaryImageOfPage":{"@id":"https:\/\/lasentinelle.dz\/index.php\/2026\/04\/27\/championnat-dafrique-de-gymnastique-une-domination-algerienne-incontestable\/#primaryimage"},"image":{"@id":"https:\/\/lasentinelle.dz\/index.php\/2026\/04\/27\/championnat-dafrique-de-gymnastique-une-domination-algerienne-incontestable\/#primaryimage"},"thumbnailUrl":"https:\/\/lasentinelle.dz\/wp-content\/uploads\/2026\/04\/Gym.jpg","datePublished":"2026-04-27T13:17:36+00:00","dateModified":"2026-04-27T13:17:39+00:00","breadcrumb":{"@id":"https:\/\/lasentinelle.dz\/index.php\/2026\/04\/27\/championnat-dafrique-de-gymnastique-une-domination-algerienne-incontestable\/#breadcrumb"},"inLanguage":"fr-FR","potentialAction":[{"@type":"ReadAction","target":["https:\/\/lasentinelle.dz\/index.php\/2026\/04\/27\/championnat-dafrique-de-gymnastique-une-domination-algerienne-incontestable\/"]}]},{"@type":"ImageObject","inLanguage":"fr-FR","@id":"https:\/\/lasentinelle.dz\/index.php\/2026\/04\/27\/championnat-dafrique-de-gymnastique-une-domination-algerienne-incontestable\/#primaryimage","url":"https:\/\/lasentinelle.dz\/wp-content\/uploads\/2026\/04\/Gym.jpg","contentUrl":"https:\/\/lasentinelle.dz\/wp-content\/uploads\/2026\/04\/Gym.jpg","width":810,"height":1080},{"@type":"BreadcrumbList","@id":"https:\/\/lasentinelle.dz\/index.php\/2026\/04\/27\/championnat-dafrique-de-gymnastique-une-domination-algerienne-incontestable\/#breadcrumb","itemListElement":[{"@type":"ListItem","position":1,"name":"Accueil","item":"https:\/\/lasentinelle.dz\/"},{"@type":"ListItem","position":2,"name":"Championnat d\u2019Afrique de gymnastique\u00a0: Une domination alg\u00e9rienne incontestable"}]},{"@type":"WebSite","@id":"https:\/\/lasentinelle.dz\/#website","url":"https:\/\/lasentinelle.dz\/","name":"La Sentinelle","description":"Quotidien national d&#039;information","publisher":{"@id":"https:\/\/lasentinelle.dz\/#organization"},"potentialAction":[{"@type":"SearchAction","target":{"@type":"EntryPoint","urlTemplate":"https:\/\/lasentinelle.dz\/?s={search_term_string}"},"query-input":{"@type":"PropertyValueSpecification","valueRequired":true,"valueName":"search_term_string"}}],"inLanguage":"fr-FR"},{"@type":"Organization","@id":"https:\/\/lasentinelle.dz\/#organization","name":"Quotidien La Sentinelle","url":"https:\/\/lasentinelle.dz\/","logo":{"@type":"ImageObject","inLanguage":"fr-FR","@id":"https:\/\/lasentinelle.dz\/#\/schema\/logo\/image\/","url":"https:\/\/lasentinelle.dz\/wp-content\/uploads\/2021\/09\/logo-sentinelleSLOGAN-1.png","contentUrl":"https:\/\/lasentinelle.dz\/wp-content\/uploads\/2021\/09\/logo-sentinelleSLOGAN-1.png","width":615,"height":142,"caption":"Quotidien La Sentinelle"},"image":{"@id":"https:\/\/lasentinelle.dz\/#\/schema\/logo\/image\/"},"sameAs":["https:\/\/www.facebook.com\/La-Sentinelle-104059864394773"]},{"@type":"Person","@id":"https:\/\/lasentinelle.dz\/#\/schema\/person\/729ee0024f24e0b8c5ec17232f8e8b41","name":"admin","image":{"@type":"ImageObject","inLanguage":"fr-FR","@id":"https:\/\/secure.gravatar.com\/avatar\/4c81fed838786e9b53f540bf46533e750f5d292099ae3b66cfc6fb1982e29df7?s=96&d=mm&r=g","url":"https:\/\/secure.gravatar.com\/avatar\/4c81fed838786e9b53f540bf46533e750f5d292099ae3b66cfc6fb1982e29df7?s=96&d=mm&r=g","contentUrl":"https:\/\/secure.gravatar.com\/avatar\/4c81fed838786e9b53f540bf46533e750f5d292099ae3b66cfc6fb1982e29df7?s=96&d=mm&r=g","caption":"admin"},"description":"admin","url":"https:\/\/lasentinelle.dz\/author\/admin\/"}]}},"_links":{"self":[{"href":"https:\/\/lasentinelle.dz\/index.php\/wp-json\/wp\/v2\/posts\/86457","targetHints":{"allow":["GET"]}}],"collection":[{"href":"https:\/\/lasentinelle.dz\/index.php\/wp-json\/wp\/v2\/posts"}],"about":[{"href":"https:\/\/lasentinelle.dz\/index.php\/wp-json\/wp\/v2\/types\/post"}],"author":[{"embeddable":true,"href":"https:\/\/lasentinelle.dz\/index.php\/wp-json\/wp\/v2\/users\/6"}],"replies":[{"embeddable":true,"href":"https:\/\/lasentinelle.dz\/index.php\/wp-json\/wp\/v2\/comments?post=86457"}],"version-history":[{"count":1,"href":"https:\/\/lasentinelle.dz\/index.php\/wp-json\/wp\/v2\/posts\/86457\/revisions"}],"predecessor-version":[{"id":86459,"href":"https:\/\/lasentinelle.dz\/index.php\/wp-json\/wp\/v2\/posts\/86457\/revisions\/86459"}],"wp:featuredmedia":[{"embeddable":true,"href":"https:\/\/lasentinelle.dz\/index.php\/wp-json\/wp\/v2\/media\/86458"}],"wp:attachment":[{"href":"https:\/\/lasentinelle.dz\/index.php\/wp-json\/wp\/v2\/media?parent=86457"}],"wp:term":[{"taxonomy":"category","embeddable":true,"href":"https:\/\/lasentinelle.dz\/index.php\/wp-json\/wp\/v2\/categories?post=86457"},{"taxonomy":"post_tag","embeddable":true,"href":"https:\/\/lasentinelle.dz\/index.php\/wp-json\/wp\/v2\/tags?post=86457"}],"curies":[{"name":"wp","href":"https:\/\/api.w.org\/{rel}","templated":true}]}}