{"id":86460,"date":"2026-04-27T14:19:55","date_gmt":"2026-04-27T13:19:55","guid":{"rendered":"https:\/\/lasentinelle.dz\/?p=86460"},"modified":"2026-04-27T14:19:59","modified_gmt":"2026-04-27T13:19:59","slug":"ligue-2-amateur-groupe-centre-ouest-deux-journees-pour-tout-regler","status":"publish","type":"post","link":"https:\/\/lasentinelle.dz\/index.php\/2026\/04\/27\/ligue-2-amateur-groupe-centre-ouest-deux-journees-pour-tout-regler\/","title":{"rendered":"Ligue 2 amateur (Groupe Centre-Ouest)\u00a0: Deux journ\u00e9es pour tout r\u00e9gler"},"content":{"rendered":"\n<p>\u00c0 deux journ\u00e9es du terme, le groupe Centre-Ouest de la Ligue 2 amateur n&rsquo;a toujours pas livr\u00e9 ses verdicts. La 28e journ\u00e9e, disput\u00e9e samedi, a au contraire brouill\u00e9 les cartes dans les deux sens du tableau : en haut, la course aux places de barrages s&rsquo;est resserr\u00e9e au point de rendre tout pronostic hasardeux ; en bas, la lutte pour le maintien reste une affaire collective o\u00f9 personne ne peut encore souffler. La seule certitude du championnat, c&rsquo;est la JS El-Biar. Le leader a battu le WA Tlemcen (1-0) et porte son total \u00e0 70 points. L&rsquo;accession directe est acquise depuis plusieurs semaines, et la derni\u00e8re ligne droite n&rsquo;est pour les Biarois qu&rsquo;une formalit\u00e9. Les places pour les barrages sont plus que jamais disput\u00e9es. &nbsp;Pour tous les autres, c&rsquo;est une autre histoire. L&rsquo;USM El-Harrach occupe la deuxi\u00e8me place avec 58 points apr\u00e8s sa victoire \u00e0 domicile contre l&rsquo;ESM Kol\u00e9a (2-1). Les Harrachis ont bien g\u00e9r\u00e9 leur affaire, et ils ont profit\u00e9 dans la foul\u00e9e du faux pas de l&rsquo;ASM Oran, battue \u00e0 Mostaganem par le WA local (1-0). Les Oranais reculent \u00e0 la troisi\u00e8me place avec 55 points et voient leur avance fondre. Derri\u00e8re eux, le RC Kouba et le CR T\u00e9mouchent ont tous les deux gagn\u00e9 \u2014 2-0 contre la JS Tixera\u00efne pour le premier, 1-0 face au RC Arba\u00e2 pour le second \u2014 et pointent \u00e0 53 points chacun. Quatre \u00e9quipes, cinq points d&rsquo;\u00e9cart, deux tickets \u00e0 prendre. Le calcul est simple, la situation ne l&rsquo;est pas.<\/p>\n\n\n\n<p>La 29e journ\u00e9e va forc\u00e9ment clarifier les choses, au moins en partie. Le choc direct entre l&rsquo;ASM Oran et le RC Kouba s&rsquo;annonce comme le match \u00e0 suivre : les deux \u00e9quipes savent qu&rsquo;une d\u00e9faite pourrait \u00eatre fatale. Pendant ce temps, l&rsquo;USM El-Harrach se d\u00e9place chez le GC Mascara, un d\u00e9placement qui ne sera pas une promenade compte tenu des enjeux en bas de tableau pour l&rsquo;\u00e9quipe adverse. Le CR T\u00e9mouchent, lui, ira d\u00e9fier la JSM Tiaret, qui sort d&rsquo;une performance remarqu\u00e9e ce week-end. Car Tiaret a justement frapp\u00e9 fort dans la zone rouge. Les Tiar\u00e9tis sont all\u00e9s \u00e9craser le CRB Adrar \u00e0 domicile (1-4), enfouissant un peu plus les Adrariens dans la nasse. Avec 19 points, Adrar est virtuellement rel\u00e9gu\u00e9, m\u00eame si math\u00e9matiquement rien n&rsquo;est encore scell\u00e9. L&rsquo;US B\u00e9char Djedid, elle, est condamn\u00e9e avec ses 14 points \u2014 le compte n&rsquo;y est pas et ne pourra plus y \u00eatre. La JS Tixera\u00efne (22 pts) reste en position de rel\u00e9gable apr\u00e8s sa d\u00e9faite face au RC Kouba. Le RC Arba\u00e2 (26 pts), battu par T\u00e9mouchent, reste dans une zone inconfortable. Plus haut, le GC Mascara (30 pts) et le MC Sa\u00efda (31 pts) ont partag\u00e9 les points (1-1) et n&rsquo;ont pas r\u00e9ussi \u00e0 se mettre \u00e0 l&rsquo;abri. Les deux formations savent qu&rsquo;une mauvaise s\u00e9rie en fin de saison peut encore tout remettre en question. \u00c0 l&rsquo;inverse, certains ont fait le travail. Le WA Mostaganem (35 pts), vainqueur de l&rsquo;ASMO en plus de sa victoire sur Oran, a r\u00e9alis\u00e9 une journ\u00e9e en or. Le NA Hussein-Dey (40 pts) est all\u00e9 s&rsquo;imposer chez la lanterne rouge (2-1) et g\u00e8re d\u00e9sormais son maintien avec une marge confortable. Ce groupe Centre-Ouest aura tenu en haleine jusqu&rsquo;au bout. Dans une semaine, on saura quelles \u00e9quipes iront en barrages, et lesquelles redescendront en divisions inf\u00e9rieures. D&rsquo;ici l\u00e0, les calculettes tournent, les entra\u00eeneurs pr\u00e9parent, et les supporters esp\u00e8rent.<\/p>\n\n\n\n<p>M.D.<\/p>\n","protected":false},"excerpt":{"rendered":"<p>\u00c0 deux journ\u00e9es du terme, le groupe Centre-Ouest de la Ligue 2 amateur n&rsquo;a toujours pas livr\u00e9 ses verdicts. La<\/p>\n","protected":false},"author":6,"featured_media":33141,"comment_status":"open","ping_status":"closed","sticky":false,"template":"","format":"standard","meta":{"colormag_page_container_layout":"default_layout","colormag_page_sidebar_layout":"default_layout","om_disable_all_campaigns":false,"_monsterinsights_skip_tracking":false,"_monsterinsights_sitenote_active":false,"_monsterinsights_sitenote_note":"","_monsterinsights_sitenote_category":0,"footnotes":"","_wpscppro_dont_share_socialmedia":false,"_wpscppro_custom_social_share_image":0,"_facebook_share_type":"default","_twitter_share_type":"default","_linkedin_share_type":"default","_pinterest_share_type":"default","_linkedin_share_type_page":"","_instagram_share_type":"default","_medium_share_type":"default","_threads_share_type":"default","_google_business_share_type":"default","_selected_social_profile":[],"_wpsp_enable_custom_social_template":false,"_wpsp_social_scheduling":{"enabled":false,"datetime":null,"platforms":[],"status":"template_only","dateOption":"today","timeOption":"now","customDays":"","customHours":"","customDate":"","customTime":"","schedulingType":"absolute"},"_wpsp_active_default_template":true},"categories":[33],"tags":[],"class_list":["post-86460","post","type-post","status-publish","format-standard","has-post-thumbnail","hentry","category-sports"],"aioseo_notices":[],"yoast_head":"<!-- This site is optimized with the Yoast SEO plugin v27.4 - https:\/\/yoast.com\/product\/yoast-seo-wordpress\/ -->\n<title>Ligue 2 amateur (Groupe Centre-Ouest)\u00a0: Deux journ\u00e9es pour tout r\u00e9gler - La Sentinelle<\/title>\n<meta name=\"robots\" content=\"index, follow, max-snippet:-1, max-image-preview:large, max-video-preview:-1\" \/>\n<link rel=\"canonical\" href=\"https:\/\/lasentinelle.dz\/index.php\/2026\/04\/27\/ligue-2-amateur-groupe-centre-ouest-deux-journees-pour-tout-regler\/\" \/>\n<meta property=\"og:locale\" content=\"fr_FR\" \/>\n<meta property=\"og:type\" content=\"article\" \/>\n<meta property=\"og:title\" content=\"Ligue 2 amateur (Groupe Centre-Ouest)\u00a0: Deux journ\u00e9es pour tout r\u00e9gler - La Sentinelle\" \/>\n<meta property=\"og:description\" content=\"\u00c0 deux journ\u00e9es du terme, le groupe Centre-Ouest de la Ligue 2 amateur n&rsquo;a toujours pas livr\u00e9 ses verdicts. La\" \/>\n<meta property=\"og:url\" content=\"https:\/\/lasentinelle.dz\/index.php\/2026\/04\/27\/ligue-2-amateur-groupe-centre-ouest-deux-journees-pour-tout-regler\/\" \/>\n<meta property=\"og:site_name\" content=\"La Sentinelle\" \/>\n<meta property=\"article:publisher\" content=\"https:\/\/www.facebook.com\/La-Sentinelle-104059864394773\" \/>\n<meta property=\"article:published_time\" content=\"2026-04-27T13:19:55+00:00\" \/>\n<meta property=\"article:modified_time\" content=\"2026-04-27T13:19:59+00:00\" \/>\n<meta property=\"og:image\" content=\"https:\/\/lasentinelle.dz\/wp-content\/uploads\/2022\/12\/Ligue-2.png\" \/>\n\t<meta property=\"og:image:width\" content=\"1385\" \/>\n\t<meta property=\"og:image:height\" content=\"900\" \/>\n\t<meta property=\"og:image:type\" content=\"image\/png\" \/>\n<meta name=\"author\" content=\"admin\" \/>\n<meta name=\"twitter:card\" content=\"summary_large_image\" \/>\n<meta name=\"twitter:label1\" content=\"\u00c9crit par\" \/>\n\t<meta name=\"twitter:data1\" content=\"admin\" \/>\n\t<meta name=\"twitter:label2\" content=\"Dur\u00e9e de lecture estim\u00e9e\" \/>\n\t<meta name=\"twitter:data2\" content=\"4 minutes\" \/>\n<script type=\"application\/ld+json\" class=\"yoast-schema-graph\">{\"@context\":\"https:\\\/\\\/schema.org\",\"@graph\":[{\"@type\":\"Article\",\"@id\":\"https:\\\/\\\/lasentinelle.dz\\\/index.php\\\/2026\\\/04\\\/27\\\/ligue-2-amateur-groupe-centre-ouest-deux-journees-pour-tout-regler\\\/#article\",\"isPartOf\":{\"@id\":\"https:\\\/\\\/lasentinelle.dz\\\/index.php\\\/2026\\\/04\\\/27\\\/ligue-2-amateur-groupe-centre-ouest-deux-journees-pour-tout-regler\\\/\"},\"author\":{\"name\":\"admin\",\"@id\":\"https:\\\/\\\/lasentinelle.dz\\\/#\\\/schema\\\/person\\\/729ee0024f24e0b8c5ec17232f8e8b41\"},\"headline\":\"Ligue 2 amateur (Groupe Centre-Ouest)\u00a0: Deux journ\u00e9es pour tout r\u00e9gler\",\"datePublished\":\"2026-04-27T13:19:55+00:00\",\"dateModified\":\"2026-04-27T13:19:59+00:00\",\"mainEntityOfPage\":{\"@id\":\"https:\\\/\\\/lasentinelle.dz\\\/index.php\\\/2026\\\/04\\\/27\\\/ligue-2-amateur-groupe-centre-ouest-deux-journees-pour-tout-regler\\\/\"},\"wordCount\":618,\"commentCount\":0,\"publisher\":{\"@id\":\"https:\\\/\\\/lasentinelle.dz\\\/#organization\"},\"image\":{\"@id\":\"https:\\\/\\\/lasentinelle.dz\\\/index.php\\\/2026\\\/04\\\/27\\\/ligue-2-amateur-groupe-centre-ouest-deux-journees-pour-tout-regler\\\/#primaryimage\"},\"thumbnailUrl\":\"https:\\\/\\\/lasentinelle.dz\\\/wp-content\\\/uploads\\\/2022\\\/12\\\/Ligue-2.png\",\"articleSection\":[\"Sports\"],\"inLanguage\":\"fr-FR\",\"potentialAction\":[{\"@type\":\"CommentAction\",\"name\":\"Comment\",\"target\":[\"https:\\\/\\\/lasentinelle.dz\\\/index.php\\\/2026\\\/04\\\/27\\\/ligue-2-amateur-groupe-centre-ouest-deux-journees-pour-tout-regler\\\/#respond\"]}]},{\"@type\":\"WebPage\",\"@id\":\"https:\\\/\\\/lasentinelle.dz\\\/index.php\\\/2026\\\/04\\\/27\\\/ligue-2-amateur-groupe-centre-ouest-deux-journees-pour-tout-regler\\\/\",\"url\":\"https:\\\/\\\/lasentinelle.dz\\\/index.php\\\/2026\\\/04\\\/27\\\/ligue-2-amateur-groupe-centre-ouest-deux-journees-pour-tout-regler\\\/\",\"name\":\"Ligue 2 amateur (Groupe Centre-Ouest)\u00a0: Deux journ\u00e9es pour tout r\u00e9gler - La Sentinelle\",\"isPartOf\":{\"@id\":\"https:\\\/\\\/lasentinelle.dz\\\/#website\"},\"primaryImageOfPage\":{\"@id\":\"https:\\\/\\\/lasentinelle.dz\\\/index.php\\\/2026\\\/04\\\/27\\\/ligue-2-amateur-groupe-centre-ouest-deux-journees-pour-tout-regler\\\/#primaryimage\"},\"image\":{\"@id\":\"https:\\\/\\\/lasentinelle.dz\\\/index.php\\\/2026\\\/04\\\/27\\\/ligue-2-amateur-groupe-centre-ouest-deux-journees-pour-tout-regler\\\/#primaryimage\"},\"thumbnailUrl\":\"https:\\\/\\\/lasentinelle.dz\\\/wp-content\\\/uploads\\\/2022\\\/12\\\/Ligue-2.png\",\"datePublished\":\"2026-04-27T13:19:55+00:00\",\"dateModified\":\"2026-04-27T13:19:59+00:00\",\"breadcrumb\":{\"@id\":\"https:\\\/\\\/lasentinelle.dz\\\/index.php\\\/2026\\\/04\\\/27\\\/ligue-2-amateur-groupe-centre-ouest-deux-journees-pour-tout-regler\\\/#breadcrumb\"},\"inLanguage\":\"fr-FR\",\"potentialAction\":[{\"@type\":\"ReadAction\",\"target\":[\"https:\\\/\\\/lasentinelle.dz\\\/index.php\\\/2026\\\/04\\\/27\\\/ligue-2-amateur-groupe-centre-ouest-deux-journees-pour-tout-regler\\\/\"]}]},{\"@type\":\"ImageObject\",\"inLanguage\":\"fr-FR\",\"@id\":\"https:\\\/\\\/lasentinelle.dz\\\/index.php\\\/2026\\\/04\\\/27\\\/ligue-2-amateur-groupe-centre-ouest-deux-journees-pour-tout-regler\\\/#primaryimage\",\"url\":\"https:\\\/\\\/lasentinelle.dz\\\/wp-content\\\/uploads\\\/2022\\\/12\\\/Ligue-2.png\",\"contentUrl\":\"https:\\\/\\\/lasentinelle.dz\\\/wp-content\\\/uploads\\\/2022\\\/12\\\/Ligue-2.png\",\"width\":1385,\"height\":900},{\"@type\":\"BreadcrumbList\",\"@id\":\"https:\\\/\\\/lasentinelle.dz\\\/index.php\\\/2026\\\/04\\\/27\\\/ligue-2-amateur-groupe-centre-ouest-deux-journees-pour-tout-regler\\\/#breadcrumb\",\"itemListElement\":[{\"@type\":\"ListItem\",\"position\":1,\"name\":\"Accueil\",\"item\":\"https:\\\/\\\/lasentinelle.dz\\\/\"},{\"@type\":\"ListItem\",\"position\":2,\"name\":\"Ligue 2 amateur (Groupe Centre-Ouest)\u00a0: Deux journ\u00e9es pour tout r\u00e9gler\"}]},{\"@type\":\"WebSite\",\"@id\":\"https:\\\/\\\/lasentinelle.dz\\\/#website\",\"url\":\"https:\\\/\\\/lasentinelle.dz\\\/\",\"name\":\"La Sentinelle\",\"description\":\"Quotidien national d&#039;information\",\"publisher\":{\"@id\":\"https:\\\/\\\/lasentinelle.dz\\\/#organization\"},\"potentialAction\":[{\"@type\":\"SearchAction\",\"target\":{\"@type\":\"EntryPoint\",\"urlTemplate\":\"https:\\\/\\\/lasentinelle.dz\\\/?s={search_term_string}\"},\"query-input\":{\"@type\":\"PropertyValueSpecification\",\"valueRequired\":true,\"valueName\":\"search_term_string\"}}],\"inLanguage\":\"fr-FR\"},{\"@type\":\"Organization\",\"@id\":\"https:\\\/\\\/lasentinelle.dz\\\/#organization\",\"name\":\"Quotidien La Sentinelle\",\"url\":\"https:\\\/\\\/lasentinelle.dz\\\/\",\"logo\":{\"@type\":\"ImageObject\",\"inLanguage\":\"fr-FR\",\"@id\":\"https:\\\/\\\/lasentinelle.dz\\\/#\\\/schema\\\/logo\\\/image\\\/\",\"url\":\"https:\\\/\\\/lasentinelle.dz\\\/wp-content\\\/uploads\\\/2021\\\/09\\\/logo-sentinelleSLOGAN-1.png\",\"contentUrl\":\"https:\\\/\\\/lasentinelle.dz\\\/wp-content\\\/uploads\\\/2021\\\/09\\\/logo-sentinelleSLOGAN-1.png\",\"width\":615,\"height\":142,\"caption\":\"Quotidien La Sentinelle\"},\"image\":{\"@id\":\"https:\\\/\\\/lasentinelle.dz\\\/#\\\/schema\\\/logo\\\/image\\\/\"},\"sameAs\":[\"https:\\\/\\\/www.facebook.com\\\/La-Sentinelle-104059864394773\"]},{\"@type\":\"Person\",\"@id\":\"https:\\\/\\\/lasentinelle.dz\\\/#\\\/schema\\\/person\\\/729ee0024f24e0b8c5ec17232f8e8b41\",\"name\":\"admin\",\"image\":{\"@type\":\"ImageObject\",\"inLanguage\":\"fr-FR\",\"@id\":\"https:\\\/\\\/secure.gravatar.com\\\/avatar\\\/4c81fed838786e9b53f540bf46533e750f5d292099ae3b66cfc6fb1982e29df7?s=96&d=mm&r=g\",\"url\":\"https:\\\/\\\/secure.gravatar.com\\\/avatar\\\/4c81fed838786e9b53f540bf46533e750f5d292099ae3b66cfc6fb1982e29df7?s=96&d=mm&r=g\",\"contentUrl\":\"https:\\\/\\\/secure.gravatar.com\\\/avatar\\\/4c81fed838786e9b53f540bf46533e750f5d292099ae3b66cfc6fb1982e29df7?s=96&d=mm&r=g\",\"caption\":\"admin\"},\"description\":\"admin\",\"url\":\"https:\\\/\\\/lasentinelle.dz\\\/author\\\/admin\\\/\"}]}<\/script>\n<!-- \/ Yoast SEO plugin. -->","yoast_head_json":{"title":"Ligue 2 amateur (Groupe Centre-Ouest)\u00a0: Deux journ\u00e9es pour tout r\u00e9gler - La Sentinelle","robots":{"index":"index","follow":"follow","max-snippet":"max-snippet:-1","max-image-preview":"max-image-preview:large","max-video-preview":"max-video-preview:-1"},"canonical":"https:\/\/lasentinelle.dz\/index.php\/2026\/04\/27\/ligue-2-amateur-groupe-centre-ouest-deux-journees-pour-tout-regler\/","og_locale":"fr_FR","og_type":"article","og_title":"Ligue 2 amateur (Groupe Centre-Ouest)\u00a0: Deux journ\u00e9es pour tout r\u00e9gler - La Sentinelle","og_description":"\u00c0 deux journ\u00e9es du terme, le groupe Centre-Ouest de la Ligue 2 amateur n&rsquo;a toujours pas livr\u00e9 ses verdicts. La","og_url":"https:\/\/lasentinelle.dz\/index.php\/2026\/04\/27\/ligue-2-amateur-groupe-centre-ouest-deux-journees-pour-tout-regler\/","og_site_name":"La Sentinelle","article_publisher":"https:\/\/www.facebook.com\/La-Sentinelle-104059864394773","article_published_time":"2026-04-27T13:19:55+00:00","article_modified_time":"2026-04-27T13:19:59+00:00","og_image":[{"width":1385,"height":900,"url":"https:\/\/lasentinelle.dz\/wp-content\/uploads\/2022\/12\/Ligue-2.png","type":"image\/png"}],"author":"admin","twitter_card":"summary_large_image","twitter_misc":{"\u00c9crit par":"admin","Dur\u00e9e de lecture estim\u00e9e":"4 minutes"},"schema":{"@context":"https:\/\/schema.org","@graph":[{"@type":"Article","@id":"https:\/\/lasentinelle.dz\/index.php\/2026\/04\/27\/ligue-2-amateur-groupe-centre-ouest-deux-journees-pour-tout-regler\/#article","isPartOf":{"@id":"https:\/\/lasentinelle.dz\/index.php\/2026\/04\/27\/ligue-2-amateur-groupe-centre-ouest-deux-journees-pour-tout-regler\/"},"author":{"name":"admin","@id":"https:\/\/lasentinelle.dz\/#\/schema\/person\/729ee0024f24e0b8c5ec17232f8e8b41"},"headline":"Ligue 2 amateur (Groupe Centre-Ouest)\u00a0: Deux journ\u00e9es pour tout r\u00e9gler","datePublished":"2026-04-27T13:19:55+00:00","dateModified":"2026-04-27T13:19:59+00:00","mainEntityOfPage":{"@id":"https:\/\/lasentinelle.dz\/index.php\/2026\/04\/27\/ligue-2-amateur-groupe-centre-ouest-deux-journees-pour-tout-regler\/"},"wordCount":618,"commentCount":0,"publisher":{"@id":"https:\/\/lasentinelle.dz\/#organization"},"image":{"@id":"https:\/\/lasentinelle.dz\/index.php\/2026\/04\/27\/ligue-2-amateur-groupe-centre-ouest-deux-journees-pour-tout-regler\/#primaryimage"},"thumbnailUrl":"https:\/\/lasentinelle.dz\/wp-content\/uploads\/2022\/12\/Ligue-2.png","articleSection":["Sports"],"inLanguage":"fr-FR","potentialAction":[{"@type":"CommentAction","name":"Comment","target":["https:\/\/lasentinelle.dz\/index.php\/2026\/04\/27\/ligue-2-amateur-groupe-centre-ouest-deux-journees-pour-tout-regler\/#respond"]}]},{"@type":"WebPage","@id":"https:\/\/lasentinelle.dz\/index.php\/2026\/04\/27\/ligue-2-amateur-groupe-centre-ouest-deux-journees-pour-tout-regler\/","url":"https:\/\/lasentinelle.dz\/index.php\/2026\/04\/27\/ligue-2-amateur-groupe-centre-ouest-deux-journees-pour-tout-regler\/","name":"Ligue 2 amateur (Groupe Centre-Ouest)\u00a0: Deux journ\u00e9es pour tout r\u00e9gler - La Sentinelle","isPartOf":{"@id":"https:\/\/lasentinelle.dz\/#website"},"primaryImageOfPage":{"@id":"https:\/\/lasentinelle.dz\/index.php\/2026\/04\/27\/ligue-2-amateur-groupe-centre-ouest-deux-journees-pour-tout-regler\/#primaryimage"},"image":{"@id":"https:\/\/lasentinelle.dz\/index.php\/2026\/04\/27\/ligue-2-amateur-groupe-centre-ouest-deux-journees-pour-tout-regler\/#primaryimage"},"thumbnailUrl":"https:\/\/lasentinelle.dz\/wp-content\/uploads\/2022\/12\/Ligue-2.png","datePublished":"2026-04-27T13:19:55+00:00","dateModified":"2026-04-27T13:19:59+00:00","breadcrumb":{"@id":"https:\/\/lasentinelle.dz\/index.php\/2026\/04\/27\/ligue-2-amateur-groupe-centre-ouest-deux-journees-pour-tout-regler\/#breadcrumb"},"inLanguage":"fr-FR","potentialAction":[{"@type":"ReadAction","target":["https:\/\/lasentinelle.dz\/index.php\/2026\/04\/27\/ligue-2-amateur-groupe-centre-ouest-deux-journees-pour-tout-regler\/"]}]},{"@type":"ImageObject","inLanguage":"fr-FR","@id":"https:\/\/lasentinelle.dz\/index.php\/2026\/04\/27\/ligue-2-amateur-groupe-centre-ouest-deux-journees-pour-tout-regler\/#primaryimage","url":"https:\/\/lasentinelle.dz\/wp-content\/uploads\/2022\/12\/Ligue-2.png","contentUrl":"https:\/\/lasentinelle.dz\/wp-content\/uploads\/2022\/12\/Ligue-2.png","width":1385,"height":900},{"@type":"BreadcrumbList","@id":"https:\/\/lasentinelle.dz\/index.php\/2026\/04\/27\/ligue-2-amateur-groupe-centre-ouest-deux-journees-pour-tout-regler\/#breadcrumb","itemListElement":[{"@type":"ListItem","position":1,"name":"Accueil","item":"https:\/\/lasentinelle.dz\/"},{"@type":"ListItem","position":2,"name":"Ligue 2 amateur (Groupe Centre-Ouest)\u00a0: Deux journ\u00e9es pour tout r\u00e9gler"}]},{"@type":"WebSite","@id":"https:\/\/lasentinelle.dz\/#website","url":"https:\/\/lasentinelle.dz\/","name":"La Sentinelle","description":"Quotidien national d&#039;information","publisher":{"@id":"https:\/\/lasentinelle.dz\/#organization"},"potentialAction":[{"@type":"SearchAction","target":{"@type":"EntryPoint","urlTemplate":"https:\/\/lasentinelle.dz\/?s={search_term_string}"},"query-input":{"@type":"PropertyValueSpecification","valueRequired":true,"valueName":"search_term_string"}}],"inLanguage":"fr-FR"},{"@type":"Organization","@id":"https:\/\/lasentinelle.dz\/#organization","name":"Quotidien La Sentinelle","url":"https:\/\/lasentinelle.dz\/","logo":{"@type":"ImageObject","inLanguage":"fr-FR","@id":"https:\/\/lasentinelle.dz\/#\/schema\/logo\/image\/","url":"https:\/\/lasentinelle.dz\/wp-content\/uploads\/2021\/09\/logo-sentinelleSLOGAN-1.png","contentUrl":"https:\/\/lasentinelle.dz\/wp-content\/uploads\/2021\/09\/logo-sentinelleSLOGAN-1.png","width":615,"height":142,"caption":"Quotidien La Sentinelle"},"image":{"@id":"https:\/\/lasentinelle.dz\/#\/schema\/logo\/image\/"},"sameAs":["https:\/\/www.facebook.com\/La-Sentinelle-104059864394773"]},{"@type":"Person","@id":"https:\/\/lasentinelle.dz\/#\/schema\/person\/729ee0024f24e0b8c5ec17232f8e8b41","name":"admin","image":{"@type":"ImageObject","inLanguage":"fr-FR","@id":"https:\/\/secure.gravatar.com\/avatar\/4c81fed838786e9b53f540bf46533e750f5d292099ae3b66cfc6fb1982e29df7?s=96&d=mm&r=g","url":"https:\/\/secure.gravatar.com\/avatar\/4c81fed838786e9b53f540bf46533e750f5d292099ae3b66cfc6fb1982e29df7?s=96&d=mm&r=g","contentUrl":"https:\/\/secure.gravatar.com\/avatar\/4c81fed838786e9b53f540bf46533e750f5d292099ae3b66cfc6fb1982e29df7?s=96&d=mm&r=g","caption":"admin"},"description":"admin","url":"https:\/\/lasentinelle.dz\/author\/admin\/"}]}},"_links":{"self":[{"href":"https:\/\/lasentinelle.dz\/index.php\/wp-json\/wp\/v2\/posts\/86460","targetHints":{"allow":["GET"]}}],"collection":[{"href":"https:\/\/lasentinelle.dz\/index.php\/wp-json\/wp\/v2\/posts"}],"about":[{"href":"https:\/\/lasentinelle.dz\/index.php\/wp-json\/wp\/v2\/types\/post"}],"author":[{"embeddable":true,"href":"https:\/\/lasentinelle.dz\/index.php\/wp-json\/wp\/v2\/users\/6"}],"replies":[{"embeddable":true,"href":"https:\/\/lasentinelle.dz\/index.php\/wp-json\/wp\/v2\/comments?post=86460"}],"version-history":[{"count":1,"href":"https:\/\/lasentinelle.dz\/index.php\/wp-json\/wp\/v2\/posts\/86460\/revisions"}],"predecessor-version":[{"id":86461,"href":"https:\/\/lasentinelle.dz\/index.php\/wp-json\/wp\/v2\/posts\/86460\/revisions\/86461"}],"wp:featuredmedia":[{"embeddable":true,"href":"https:\/\/lasentinelle.dz\/index.php\/wp-json\/wp\/v2\/media\/33141"}],"wp:attachment":[{"href":"https:\/\/lasentinelle.dz\/index.php\/wp-json\/wp\/v2\/media?parent=86460"}],"wp:term":[{"taxonomy":"category","embeddable":true,"href":"https:\/\/lasentinelle.dz\/index.php\/wp-json\/wp\/v2\/categories?post=86460"},{"taxonomy":"post_tag","embeddable":true,"href":"https:\/\/lasentinelle.dz\/index.php\/wp-json\/wp\/v2\/tags?post=86460"}],"curies":[{"name":"wp","href":"https:\/\/api.w.org\/{rel}","templated":true}]}}