{"id":86472,"date":"2026-04-27T14:24:32","date_gmt":"2026-04-27T13:24:32","guid":{"rendered":"https:\/\/lasentinelle.dz\/?p=86472"},"modified":"2026-04-27T14:24:35","modified_gmt":"2026-04-27T13:24:35","slug":"jijel-40-projets-pour-renforcer-la-securite-hydrique","status":"publish","type":"post","link":"https:\/\/lasentinelle.dz\/index.php\/2026\/04\/27\/jijel-40-projets-pour-renforcer-la-securite-hydrique\/","title":{"rendered":"Jijel\u00a0: 40 projets pour renforcer la s\u00e9curit\u00e9 hydrique"},"content":{"rendered":"\n<p>La wilaya de Jijel s&rsquo;appr\u00eate \u00e0 r\u00e9ceptionner 40 projets hydrauliques d&rsquo;ici la fin de l&rsquo;ann\u00e9e, couvrant l&rsquo;alimentation en eau potable, l&rsquo;assainissement et le raccordement de localit\u00e9s rurales rest\u00e9es \u00e0 l&rsquo;\u00e9cart du r\u00e9seau. Un programme qui traduit la volont\u00e9 des autorit\u00e9s locales de r\u00e9sorber les d\u00e9ficits en eau accumul\u00e9s dans plusieurs communes de la wilaya. Les services des ressources en eau de la wilaya de Jijel ont engag\u00e9 un vaste programme de d\u00e9veloppement comprenant la r\u00e9ception et la mise en service de 40 projets hydrauliques avant la fin de l&rsquo;ann\u00e9e en cours. Cette initiative s&rsquo;inscrit dans la strat\u00e9gie des pouvoirs publics visant \u00e0 renforcer les infrastructures de base et \u00e0 am\u00e9liorer la qualit\u00e9 du service public de l&rsquo;eau et de l&rsquo;assainissement. Selon des sources du secteur, une attention particuli\u00e8re a \u00e9t\u00e9 accord\u00e9e aux projets prioritaires, notamment la r\u00e9alisation de 16 r\u00e9servoirs d&rsquo;eau potable r\u00e9partis \u00e0 travers plusieurs communes de la wilaya. Ces ouvrages permettront d&rsquo;assurer une meilleure r\u00e9gularit\u00e9 de la distribution et de r\u00e9duire les perturbations d&rsquo;alimentation en eau, un enjeu majeur pour les habitants. Parmi les r\u00e9alisations les plus importantes figurent, selon les m\u00eames sources, un grand r\u00e9servoir de 10 000 m\u00b3 dans le chef-lieu de Jijel et un autre de 5 000 m\u00b3 \u00e0 Taher. D&rsquo;autres infrastructures similaires sont en cours d&rsquo;ach\u00e8vement dans les communes de Texenna, Kaous, El Milia, El Kennar Nouchfi, Djema\u00e2 Beni Habibi, Sidi Abdelaziz et Ouled Rabah. Ces projets visent \u00e0 constituer des r\u00e9serves strat\u00e9giques en eau potable, en ad\u00e9quation avec l&rsquo;expansion urbaine que conna\u00eet la r\u00e9gion. Dans le m\u00eame cadre, la direction du secteur mise \u00e9galement sur l&rsquo;ach\u00e8vement du sch\u00e9ma directeur d&rsquo;alimentation en eau potable, consid\u00e9r\u00e9 comme une feuille de route essentielle pour les ann\u00e9es \u00e0 venir. Ce plan inclut notamment une \u00e9tude de liaison entre le barrage de Tabellout et la r\u00e9gion d&rsquo;El Ouaqram, afin d&rsquo;optimiser la gestion et la r\u00e9partition des ressources hydriques. Les programmes en cours portent \u00e9galement sur l&rsquo;extension et la r\u00e9habilitation des r\u00e9seaux d&rsquo;eau dans plusieurs communes, dont Djema\u00e2 Beni Habibi, Ouled Rabah et Kheiri Oued Adjoul. Une attention particuli\u00e8re est accord\u00e9e aux zones d&rsquo;ombre, avec le raccordement de plusieurs localit\u00e9s rurales \u2014 Kala\u00e2 El Dis, A\u00efssa Ghebala, Mentatya, Boufass et Oum Chebet \u00e0 Sidi Maarouf \u2014 renfor\u00e7ant l&rsquo;\u00e9quit\u00e9 territoriale en mati\u00e8re d&rsquo;acc\u00e8s \u00e0 l&rsquo;eau. Sur le volet de l&rsquo;assainissement et de la protection de l&rsquo;environnement, les autorit\u00e9s locales ont engag\u00e9 des projets de r\u00e9habilitation des oueds traversant les zones urbaines. L&rsquo;exemple le plus marquant est celui de l&rsquo;oued Tassift, qui fera l&rsquo;objet d&rsquo;un am\u00e9nagement global sur 1 800 m\u00e8tres lin\u00e9aires, incluant la r\u00e9novation de son canal principal. Des travaux similaires concernent les collecteurs d&rsquo;assainissement de l&rsquo;oued Madabigh. Par ailleurs, plusieurs op\u00e9rations techniques sont en cours, notamment la r\u00e9alisation d&rsquo;une station de pompage et d&rsquo;une conduite de transfert reliant le plan d&rsquo;occupation des sols \u00ab Asserdoun \u00bb \u00e0 la station d&rsquo;\u00e9puration d&rsquo;El Milia. Trois stations de relevage des eaux us\u00e9es sont \u00e9galement programm\u00e9es \u00e0 Taher. Le programme comprend aussi la r\u00e9novation de 15 000 m\u00e8tres de r\u00e9seaux d&rsquo;assainissement \u00e0 Ghedir El Kebch (Bouraoui Belhadef), la r\u00e9habilitation du collecteur de Jimmar Chekafa, ainsi que l&rsquo;extension des r\u00e9seaux dans les centres de Djema\u00e2, Aftis (El Aouana) et Sakar \u00e0 Taher. Les travaux de raccordement de la zone de Charaffa \u00e0 Emir Abdelkader au r\u00e9seau principal seront \u00e9galement finalis\u00e9s. \u00c0 travers ce programme, les autorit\u00e9s de Jijel entendent s\u00e9curiser durablement l&rsquo;acc\u00e8s \u00e0 l&rsquo;eau et moderniser les infrastructures d&rsquo;assainissement, dans un contexte o\u00f9 la gestion de la ressource hydrique reste un d\u00e9fi permanent pour les wilayas du nord-est du pays.<\/p>\n\n\n\n<p><strong>Sofia C.<\/strong><\/p>\n","protected":false},"excerpt":{"rendered":"<p>La wilaya de Jijel s&rsquo;appr\u00eate \u00e0 r\u00e9ceptionner 40 projets hydrauliques d&rsquo;ici la fin de l&rsquo;ann\u00e9e, couvrant l&rsquo;alimentation en eau potable,<\/p>\n","protected":false},"author":6,"featured_media":79872,"comment_status":"open","ping_status":"closed","sticky":false,"template":"","format":"standard","meta":{"colormag_page_container_layout":"default_layout","colormag_page_sidebar_layout":"default_layout","om_disable_all_campaigns":false,"_monsterinsights_skip_tracking":false,"_monsterinsights_sitenote_active":false,"_monsterinsights_sitenote_note":"","_monsterinsights_sitenote_category":0,"footnotes":"","_wpscppro_dont_share_socialmedia":false,"_wpscppro_custom_social_share_image":0,"_facebook_share_type":"default","_twitter_share_type":"default","_linkedin_share_type":"default","_pinterest_share_type":"default","_linkedin_share_type_page":"","_instagram_share_type":"default","_medium_share_type":"default","_threads_share_type":"default","_google_business_share_type":"default","_selected_social_profile":[],"_wpsp_enable_custom_social_template":false,"_wpsp_social_scheduling":{"enabled":false,"datetime":null,"platforms":[],"status":"template_only","dateOption":"today","timeOption":"now","customDays":"","customHours":"","customDate":"","customTime":"","schedulingType":"absolute"},"_wpsp_active_default_template":true},"categories":[31],"tags":[],"class_list":["post-86472","post","type-post","status-publish","format-standard","has-post-thumbnail","hentry","category-regions"],"aioseo_notices":[],"yoast_head":"<!-- This site is optimized with the Yoast SEO plugin v27.4 - https:\/\/yoast.com\/product\/yoast-seo-wordpress\/ -->\n<title>Jijel\u00a0: 40 projets pour renforcer la s\u00e9curit\u00e9 hydrique - La Sentinelle<\/title>\n<meta name=\"robots\" content=\"index, follow, max-snippet:-1, max-image-preview:large, max-video-preview:-1\" \/>\n<link rel=\"canonical\" href=\"https:\/\/lasentinelle.dz\/index.php\/2026\/04\/27\/jijel-40-projets-pour-renforcer-la-securite-hydrique\/\" \/>\n<meta property=\"og:locale\" content=\"fr_FR\" \/>\n<meta property=\"og:type\" content=\"article\" \/>\n<meta property=\"og:title\" content=\"Jijel\u00a0: 40 projets pour renforcer la s\u00e9curit\u00e9 hydrique - La Sentinelle\" \/>\n<meta property=\"og:description\" content=\"La wilaya de Jijel s&rsquo;appr\u00eate \u00e0 r\u00e9ceptionner 40 projets hydrauliques d&rsquo;ici la fin de l&rsquo;ann\u00e9e, couvrant l&rsquo;alimentation en eau potable,\" \/>\n<meta property=\"og:url\" content=\"https:\/\/lasentinelle.dz\/index.php\/2026\/04\/27\/jijel-40-projets-pour-renforcer-la-securite-hydrique\/\" \/>\n<meta property=\"og:site_name\" content=\"La Sentinelle\" \/>\n<meta property=\"article:publisher\" content=\"https:\/\/www.facebook.com\/La-Sentinelle-104059864394773\" \/>\n<meta property=\"article:published_time\" content=\"2026-04-27T13:24:32+00:00\" \/>\n<meta property=\"article:modified_time\" content=\"2026-04-27T13:24:35+00:00\" \/>\n<meta property=\"og:image\" content=\"https:\/\/lasentinelle.dz\/wp-content\/uploads\/2026\/01\/eau.jpeg\" \/>\n\t<meta property=\"og:image:width\" content=\"1200\" \/>\n\t<meta property=\"og:image:height\" content=\"628\" \/>\n\t<meta property=\"og:image:type\" content=\"image\/jpeg\" \/>\n<meta name=\"author\" content=\"admin\" \/>\n<meta name=\"twitter:card\" content=\"summary_large_image\" \/>\n<meta name=\"twitter:label1\" content=\"\u00c9crit par\" \/>\n\t<meta name=\"twitter:data1\" content=\"admin\" \/>\n\t<meta name=\"twitter:label2\" content=\"Dur\u00e9e de lecture estim\u00e9e\" \/>\n\t<meta name=\"twitter:data2\" content=\"4 minutes\" \/>\n<script type=\"application\/ld+json\" class=\"yoast-schema-graph\">{\"@context\":\"https:\\\/\\\/schema.org\",\"@graph\":[{\"@type\":\"Article\",\"@id\":\"https:\\\/\\\/lasentinelle.dz\\\/index.php\\\/2026\\\/04\\\/27\\\/jijel-40-projets-pour-renforcer-la-securite-hydrique\\\/#article\",\"isPartOf\":{\"@id\":\"https:\\\/\\\/lasentinelle.dz\\\/index.php\\\/2026\\\/04\\\/27\\\/jijel-40-projets-pour-renforcer-la-securite-hydrique\\\/\"},\"author\":{\"name\":\"admin\",\"@id\":\"https:\\\/\\\/lasentinelle.dz\\\/#\\\/schema\\\/person\\\/729ee0024f24e0b8c5ec17232f8e8b41\"},\"headline\":\"Jijel\u00a0: 40 projets pour renforcer la s\u00e9curit\u00e9 hydrique\",\"datePublished\":\"2026-04-27T13:24:32+00:00\",\"dateModified\":\"2026-04-27T13:24:35+00:00\",\"mainEntityOfPage\":{\"@id\":\"https:\\\/\\\/lasentinelle.dz\\\/index.php\\\/2026\\\/04\\\/27\\\/jijel-40-projets-pour-renforcer-la-securite-hydrique\\\/\"},\"wordCount\":677,\"commentCount\":0,\"publisher\":{\"@id\":\"https:\\\/\\\/lasentinelle.dz\\\/#organization\"},\"image\":{\"@id\":\"https:\\\/\\\/lasentinelle.dz\\\/index.php\\\/2026\\\/04\\\/27\\\/jijel-40-projets-pour-renforcer-la-securite-hydrique\\\/#primaryimage\"},\"thumbnailUrl\":\"https:\\\/\\\/lasentinelle.dz\\\/wp-content\\\/uploads\\\/2026\\\/01\\\/eau.jpeg\",\"articleSection\":[\"R\u00e9gions\"],\"inLanguage\":\"fr-FR\",\"potentialAction\":[{\"@type\":\"CommentAction\",\"name\":\"Comment\",\"target\":[\"https:\\\/\\\/lasentinelle.dz\\\/index.php\\\/2026\\\/04\\\/27\\\/jijel-40-projets-pour-renforcer-la-securite-hydrique\\\/#respond\"]}]},{\"@type\":\"WebPage\",\"@id\":\"https:\\\/\\\/lasentinelle.dz\\\/index.php\\\/2026\\\/04\\\/27\\\/jijel-40-projets-pour-renforcer-la-securite-hydrique\\\/\",\"url\":\"https:\\\/\\\/lasentinelle.dz\\\/index.php\\\/2026\\\/04\\\/27\\\/jijel-40-projets-pour-renforcer-la-securite-hydrique\\\/\",\"name\":\"Jijel\u00a0: 40 projets pour renforcer la s\u00e9curit\u00e9 hydrique - La Sentinelle\",\"isPartOf\":{\"@id\":\"https:\\\/\\\/lasentinelle.dz\\\/#website\"},\"primaryImageOfPage\":{\"@id\":\"https:\\\/\\\/lasentinelle.dz\\\/index.php\\\/2026\\\/04\\\/27\\\/jijel-40-projets-pour-renforcer-la-securite-hydrique\\\/#primaryimage\"},\"image\":{\"@id\":\"https:\\\/\\\/lasentinelle.dz\\\/index.php\\\/2026\\\/04\\\/27\\\/jijel-40-projets-pour-renforcer-la-securite-hydrique\\\/#primaryimage\"},\"thumbnailUrl\":\"https:\\\/\\\/lasentinelle.dz\\\/wp-content\\\/uploads\\\/2026\\\/01\\\/eau.jpeg\",\"datePublished\":\"2026-04-27T13:24:32+00:00\",\"dateModified\":\"2026-04-27T13:24:35+00:00\",\"breadcrumb\":{\"@id\":\"https:\\\/\\\/lasentinelle.dz\\\/index.php\\\/2026\\\/04\\\/27\\\/jijel-40-projets-pour-renforcer-la-securite-hydrique\\\/#breadcrumb\"},\"inLanguage\":\"fr-FR\",\"potentialAction\":[{\"@type\":\"ReadAction\",\"target\":[\"https:\\\/\\\/lasentinelle.dz\\\/index.php\\\/2026\\\/04\\\/27\\\/jijel-40-projets-pour-renforcer-la-securite-hydrique\\\/\"]}]},{\"@type\":\"ImageObject\",\"inLanguage\":\"fr-FR\",\"@id\":\"https:\\\/\\\/lasentinelle.dz\\\/index.php\\\/2026\\\/04\\\/27\\\/jijel-40-projets-pour-renforcer-la-securite-hydrique\\\/#primaryimage\",\"url\":\"https:\\\/\\\/lasentinelle.dz\\\/wp-content\\\/uploads\\\/2026\\\/01\\\/eau.jpeg\",\"contentUrl\":\"https:\\\/\\\/lasentinelle.dz\\\/wp-content\\\/uploads\\\/2026\\\/01\\\/eau.jpeg\",\"width\":1200,\"height\":628},{\"@type\":\"BreadcrumbList\",\"@id\":\"https:\\\/\\\/lasentinelle.dz\\\/index.php\\\/2026\\\/04\\\/27\\\/jijel-40-projets-pour-renforcer-la-securite-hydrique\\\/#breadcrumb\",\"itemListElement\":[{\"@type\":\"ListItem\",\"position\":1,\"name\":\"Accueil\",\"item\":\"https:\\\/\\\/lasentinelle.dz\\\/\"},{\"@type\":\"ListItem\",\"position\":2,\"name\":\"Jijel\u00a0: 40 projets pour renforcer la s\u00e9curit\u00e9 hydrique\"}]},{\"@type\":\"WebSite\",\"@id\":\"https:\\\/\\\/lasentinelle.dz\\\/#website\",\"url\":\"https:\\\/\\\/lasentinelle.dz\\\/\",\"name\":\"La Sentinelle\",\"description\":\"Quotidien national d&#039;information\",\"publisher\":{\"@id\":\"https:\\\/\\\/lasentinelle.dz\\\/#organization\"},\"potentialAction\":[{\"@type\":\"SearchAction\",\"target\":{\"@type\":\"EntryPoint\",\"urlTemplate\":\"https:\\\/\\\/lasentinelle.dz\\\/?s={search_term_string}\"},\"query-input\":{\"@type\":\"PropertyValueSpecification\",\"valueRequired\":true,\"valueName\":\"search_term_string\"}}],\"inLanguage\":\"fr-FR\"},{\"@type\":\"Organization\",\"@id\":\"https:\\\/\\\/lasentinelle.dz\\\/#organization\",\"name\":\"Quotidien La Sentinelle\",\"url\":\"https:\\\/\\\/lasentinelle.dz\\\/\",\"logo\":{\"@type\":\"ImageObject\",\"inLanguage\":\"fr-FR\",\"@id\":\"https:\\\/\\\/lasentinelle.dz\\\/#\\\/schema\\\/logo\\\/image\\\/\",\"url\":\"https:\\\/\\\/lasentinelle.dz\\\/wp-content\\\/uploads\\\/2021\\\/09\\\/logo-sentinelleSLOGAN-1.png\",\"contentUrl\":\"https:\\\/\\\/lasentinelle.dz\\\/wp-content\\\/uploads\\\/2021\\\/09\\\/logo-sentinelleSLOGAN-1.png\",\"width\":615,\"height\":142,\"caption\":\"Quotidien La Sentinelle\"},\"image\":{\"@id\":\"https:\\\/\\\/lasentinelle.dz\\\/#\\\/schema\\\/logo\\\/image\\\/\"},\"sameAs\":[\"https:\\\/\\\/www.facebook.com\\\/La-Sentinelle-104059864394773\"]},{\"@type\":\"Person\",\"@id\":\"https:\\\/\\\/lasentinelle.dz\\\/#\\\/schema\\\/person\\\/729ee0024f24e0b8c5ec17232f8e8b41\",\"name\":\"admin\",\"image\":{\"@type\":\"ImageObject\",\"inLanguage\":\"fr-FR\",\"@id\":\"https:\\\/\\\/secure.gravatar.com\\\/avatar\\\/4c81fed838786e9b53f540bf46533e750f5d292099ae3b66cfc6fb1982e29df7?s=96&d=mm&r=g\",\"url\":\"https:\\\/\\\/secure.gravatar.com\\\/avatar\\\/4c81fed838786e9b53f540bf46533e750f5d292099ae3b66cfc6fb1982e29df7?s=96&d=mm&r=g\",\"contentUrl\":\"https:\\\/\\\/secure.gravatar.com\\\/avatar\\\/4c81fed838786e9b53f540bf46533e750f5d292099ae3b66cfc6fb1982e29df7?s=96&d=mm&r=g\",\"caption\":\"admin\"},\"description\":\"admin\",\"url\":\"https:\\\/\\\/lasentinelle.dz\\\/author\\\/admin\\\/\"}]}<\/script>\n<!-- \/ Yoast SEO plugin. -->","yoast_head_json":{"title":"Jijel\u00a0: 40 projets pour renforcer la s\u00e9curit\u00e9 hydrique - La Sentinelle","robots":{"index":"index","follow":"follow","max-snippet":"max-snippet:-1","max-image-preview":"max-image-preview:large","max-video-preview":"max-video-preview:-1"},"canonical":"https:\/\/lasentinelle.dz\/index.php\/2026\/04\/27\/jijel-40-projets-pour-renforcer-la-securite-hydrique\/","og_locale":"fr_FR","og_type":"article","og_title":"Jijel\u00a0: 40 projets pour renforcer la s\u00e9curit\u00e9 hydrique - La Sentinelle","og_description":"La wilaya de Jijel s&rsquo;appr\u00eate \u00e0 r\u00e9ceptionner 40 projets hydrauliques d&rsquo;ici la fin de l&rsquo;ann\u00e9e, couvrant l&rsquo;alimentation en eau potable,","og_url":"https:\/\/lasentinelle.dz\/index.php\/2026\/04\/27\/jijel-40-projets-pour-renforcer-la-securite-hydrique\/","og_site_name":"La Sentinelle","article_publisher":"https:\/\/www.facebook.com\/La-Sentinelle-104059864394773","article_published_time":"2026-04-27T13:24:32+00:00","article_modified_time":"2026-04-27T13:24:35+00:00","og_image":[{"width":1200,"height":628,"url":"https:\/\/lasentinelle.dz\/wp-content\/uploads\/2026\/01\/eau.jpeg","type":"image\/jpeg"}],"author":"admin","twitter_card":"summary_large_image","twitter_misc":{"\u00c9crit par":"admin","Dur\u00e9e de lecture estim\u00e9e":"4 minutes"},"schema":{"@context":"https:\/\/schema.org","@graph":[{"@type":"Article","@id":"https:\/\/lasentinelle.dz\/index.php\/2026\/04\/27\/jijel-40-projets-pour-renforcer-la-securite-hydrique\/#article","isPartOf":{"@id":"https:\/\/lasentinelle.dz\/index.php\/2026\/04\/27\/jijel-40-projets-pour-renforcer-la-securite-hydrique\/"},"author":{"name":"admin","@id":"https:\/\/lasentinelle.dz\/#\/schema\/person\/729ee0024f24e0b8c5ec17232f8e8b41"},"headline":"Jijel\u00a0: 40 projets pour renforcer la s\u00e9curit\u00e9 hydrique","datePublished":"2026-04-27T13:24:32+00:00","dateModified":"2026-04-27T13:24:35+00:00","mainEntityOfPage":{"@id":"https:\/\/lasentinelle.dz\/index.php\/2026\/04\/27\/jijel-40-projets-pour-renforcer-la-securite-hydrique\/"},"wordCount":677,"commentCount":0,"publisher":{"@id":"https:\/\/lasentinelle.dz\/#organization"},"image":{"@id":"https:\/\/lasentinelle.dz\/index.php\/2026\/04\/27\/jijel-40-projets-pour-renforcer-la-securite-hydrique\/#primaryimage"},"thumbnailUrl":"https:\/\/lasentinelle.dz\/wp-content\/uploads\/2026\/01\/eau.jpeg","articleSection":["R\u00e9gions"],"inLanguage":"fr-FR","potentialAction":[{"@type":"CommentAction","name":"Comment","target":["https:\/\/lasentinelle.dz\/index.php\/2026\/04\/27\/jijel-40-projets-pour-renforcer-la-securite-hydrique\/#respond"]}]},{"@type":"WebPage","@id":"https:\/\/lasentinelle.dz\/index.php\/2026\/04\/27\/jijel-40-projets-pour-renforcer-la-securite-hydrique\/","url":"https:\/\/lasentinelle.dz\/index.php\/2026\/04\/27\/jijel-40-projets-pour-renforcer-la-securite-hydrique\/","name":"Jijel\u00a0: 40 projets pour renforcer la s\u00e9curit\u00e9 hydrique - La Sentinelle","isPartOf":{"@id":"https:\/\/lasentinelle.dz\/#website"},"primaryImageOfPage":{"@id":"https:\/\/lasentinelle.dz\/index.php\/2026\/04\/27\/jijel-40-projets-pour-renforcer-la-securite-hydrique\/#primaryimage"},"image":{"@id":"https:\/\/lasentinelle.dz\/index.php\/2026\/04\/27\/jijel-40-projets-pour-renforcer-la-securite-hydrique\/#primaryimage"},"thumbnailUrl":"https:\/\/lasentinelle.dz\/wp-content\/uploads\/2026\/01\/eau.jpeg","datePublished":"2026-04-27T13:24:32+00:00","dateModified":"2026-04-27T13:24:35+00:00","breadcrumb":{"@id":"https:\/\/lasentinelle.dz\/index.php\/2026\/04\/27\/jijel-40-projets-pour-renforcer-la-securite-hydrique\/#breadcrumb"},"inLanguage":"fr-FR","potentialAction":[{"@type":"ReadAction","target":["https:\/\/lasentinelle.dz\/index.php\/2026\/04\/27\/jijel-40-projets-pour-renforcer-la-securite-hydrique\/"]}]},{"@type":"ImageObject","inLanguage":"fr-FR","@id":"https:\/\/lasentinelle.dz\/index.php\/2026\/04\/27\/jijel-40-projets-pour-renforcer-la-securite-hydrique\/#primaryimage","url":"https:\/\/lasentinelle.dz\/wp-content\/uploads\/2026\/01\/eau.jpeg","contentUrl":"https:\/\/lasentinelle.dz\/wp-content\/uploads\/2026\/01\/eau.jpeg","width":1200,"height":628},{"@type":"BreadcrumbList","@id":"https:\/\/lasentinelle.dz\/index.php\/2026\/04\/27\/jijel-40-projets-pour-renforcer-la-securite-hydrique\/#breadcrumb","itemListElement":[{"@type":"ListItem","position":1,"name":"Accueil","item":"https:\/\/lasentinelle.dz\/"},{"@type":"ListItem","position":2,"name":"Jijel\u00a0: 40 projets pour renforcer la s\u00e9curit\u00e9 hydrique"}]},{"@type":"WebSite","@id":"https:\/\/lasentinelle.dz\/#website","url":"https:\/\/lasentinelle.dz\/","name":"La Sentinelle","description":"Quotidien national d&#039;information","publisher":{"@id":"https:\/\/lasentinelle.dz\/#organization"},"potentialAction":[{"@type":"SearchAction","target":{"@type":"EntryPoint","urlTemplate":"https:\/\/lasentinelle.dz\/?s={search_term_string}"},"query-input":{"@type":"PropertyValueSpecification","valueRequired":true,"valueName":"search_term_string"}}],"inLanguage":"fr-FR"},{"@type":"Organization","@id":"https:\/\/lasentinelle.dz\/#organization","name":"Quotidien La Sentinelle","url":"https:\/\/lasentinelle.dz\/","logo":{"@type":"ImageObject","inLanguage":"fr-FR","@id":"https:\/\/lasentinelle.dz\/#\/schema\/logo\/image\/","url":"https:\/\/lasentinelle.dz\/wp-content\/uploads\/2021\/09\/logo-sentinelleSLOGAN-1.png","contentUrl":"https:\/\/lasentinelle.dz\/wp-content\/uploads\/2021\/09\/logo-sentinelleSLOGAN-1.png","width":615,"height":142,"caption":"Quotidien La Sentinelle"},"image":{"@id":"https:\/\/lasentinelle.dz\/#\/schema\/logo\/image\/"},"sameAs":["https:\/\/www.facebook.com\/La-Sentinelle-104059864394773"]},{"@type":"Person","@id":"https:\/\/lasentinelle.dz\/#\/schema\/person\/729ee0024f24e0b8c5ec17232f8e8b41","name":"admin","image":{"@type":"ImageObject","inLanguage":"fr-FR","@id":"https:\/\/secure.gravatar.com\/avatar\/4c81fed838786e9b53f540bf46533e750f5d292099ae3b66cfc6fb1982e29df7?s=96&d=mm&r=g","url":"https:\/\/secure.gravatar.com\/avatar\/4c81fed838786e9b53f540bf46533e750f5d292099ae3b66cfc6fb1982e29df7?s=96&d=mm&r=g","contentUrl":"https:\/\/secure.gravatar.com\/avatar\/4c81fed838786e9b53f540bf46533e750f5d292099ae3b66cfc6fb1982e29df7?s=96&d=mm&r=g","caption":"admin"},"description":"admin","url":"https:\/\/lasentinelle.dz\/author\/admin\/"}]}},"_links":{"self":[{"href":"https:\/\/lasentinelle.dz\/index.php\/wp-json\/wp\/v2\/posts\/86472","targetHints":{"allow":["GET"]}}],"collection":[{"href":"https:\/\/lasentinelle.dz\/index.php\/wp-json\/wp\/v2\/posts"}],"about":[{"href":"https:\/\/lasentinelle.dz\/index.php\/wp-json\/wp\/v2\/types\/post"}],"author":[{"embeddable":true,"href":"https:\/\/lasentinelle.dz\/index.php\/wp-json\/wp\/v2\/users\/6"}],"replies":[{"embeddable":true,"href":"https:\/\/lasentinelle.dz\/index.php\/wp-json\/wp\/v2\/comments?post=86472"}],"version-history":[{"count":1,"href":"https:\/\/lasentinelle.dz\/index.php\/wp-json\/wp\/v2\/posts\/86472\/revisions"}],"predecessor-version":[{"id":86473,"href":"https:\/\/lasentinelle.dz\/index.php\/wp-json\/wp\/v2\/posts\/86472\/revisions\/86473"}],"wp:featuredmedia":[{"embeddable":true,"href":"https:\/\/lasentinelle.dz\/index.php\/wp-json\/wp\/v2\/media\/79872"}],"wp:attachment":[{"href":"https:\/\/lasentinelle.dz\/index.php\/wp-json\/wp\/v2\/media?parent=86472"}],"wp:term":[{"taxonomy":"category","embeddable":true,"href":"https:\/\/lasentinelle.dz\/index.php\/wp-json\/wp\/v2\/categories?post=86472"},{"taxonomy":"post_tag","embeddable":true,"href":"https:\/\/lasentinelle.dz\/index.php\/wp-json\/wp\/v2\/tags?post=86472"}],"curies":[{"name":"wp","href":"https:\/\/api.w.org\/{rel}","templated":true}]}}