{"id":86479,"date":"2026-04-27T14:29:22","date_gmt":"2026-04-27T13:29:22","guid":{"rendered":"https:\/\/lasentinelle.dz\/?p=86479"},"modified":"2026-04-27T14:29:25","modified_gmt":"2026-04-27T13:29:25","slug":"la-protection-civile-deploie-un-plan-national-contre-les-incendies-de-cultures-les-recoltes-sous-surveillance","status":"publish","type":"post","link":"https:\/\/lasentinelle.dz\/index.php\/2026\/04\/27\/la-protection-civile-deploie-un-plan-national-contre-les-incendies-de-cultures-les-recoltes-sous-surveillance\/","title":{"rendered":"La Protection civile d\u00e9ploie un plan national contre les incendies de cultures\u00a0: Les r\u00e9coltes sous surveillance"},"content":{"rendered":"\n<p>\u00c0 quelques semaines du d\u00e9but de la saison des moissons, la Direction g\u00e9n\u00e9rale de la Protection civile a lanc\u00e9 une strat\u00e9gie nationale de pr\u00e9vention des incendies de r\u00e9coltes, officiellement d\u00e9marr\u00e9e le 21 avril&nbsp; depuis la wilaya de Timimoun. C&rsquo;est le commandant Nassim Bernaoui, directeur adjoint de la communication et des statistiques de la DGPC, qui a expos\u00e9 les contours du dispositif, dimanche matin, sur les ondes de la Radio nationale, cha\u00eene 2. Derri\u00e8re les chiffres qu&rsquo;il a \u00e9grain\u00e9s se dessine un plan d&rsquo;ensemble pens\u00e9 bien en amont du premier coup de moissonneuse-batteuse.<\/p>\n\n\n\n<p>L&rsquo;architecture du plan repose sur deux piliers. Le premier est pr\u00e9ventif et p\u00e9dagogique : des campagnes de sensibilisation men\u00e9es aupr\u00e8s des agriculteurs et des exploitants, des sessions de formation ciblant les conducteurs d&rsquo;engins de r\u00e9colte, organis\u00e9es en lien avec les minist\u00e8res de la Formation professionnelle et de l&rsquo;Agriculture. \u00ab Nous profitons de ces formations pour sensibiliser les chauffeurs \u00e0 l&rsquo;importance de l&rsquo;entretien de leurs machines et au respect des consignes de s\u00e9curit\u00e9 \u00bb, a pr\u00e9cis\u00e9 Bernaoui. Des instructions techniques ont \u00e9galement \u00e9t\u00e9 transmises aux fellahs sur les conditions d&rsquo;ouverture des chantiers de moisson, les pr\u00e9cautions \u00e0 observer en cours d&rsquo;op\u00e9ration et les normes \u00e0 respecter dans les espaces de stockage, qui ont b\u00e9n\u00e9fici\u00e9 d&rsquo;investissements importants pour accro\u00eetre les capacit\u00e9s nationales. Le second pilier est op\u00e9rationnel. \u00c0 partir du 1er mai, un dispositif progressif sera mis en place sur le terrain. Il sera renforc\u00e9, d\u00e8s le 1er juin, par des moyens a\u00e9riens. Pour couvrir les wilayas du Sud, 100 camions-citernes ont \u00e9t\u00e9 mobilis\u00e9s, appuy\u00e9s par 256 agents de la Protection civile. Des colonnes mobiles ont par ailleurs \u00e9t\u00e9 pr\u00e9-positionn\u00e9es dans des zones jug\u00e9es sensibles : Timimoun a re\u00e7u un renfort depuis Mascara, tandis qu&rsquo;A\u00efn Salah b\u00e9n\u00e9ficie d&rsquo;une colonne venue de Tamanrasset. \u00ab Des programmes de terrain sp\u00e9cifiques seront \u00e9labor\u00e9s pour chaque exploitation et chaque wilaya, afin d&rsquo;accompagner les op\u00e9rations de moisson et de battage \u00bb, a-t-il ajout\u00e9.<\/p>\n\n\n\n<p>La d\u00e9marche est r\u00e9solument transversale. La Protection civile ne travaille pas seule : les services agricoles, les chambres d&rsquo;agriculture, les directions de l&rsquo;agriculture et des for\u00eats, ainsi que le secteur de la formation professionnelle ont tous \u00e9t\u00e9 associ\u00e9s \u00e0 la conception du programme. Un plan de proximit\u00e9 intensif a \u00e9t\u00e9 \u00e9labor\u00e9 avec les investisseurs agricoles, traduisant une volont\u00e9 d&rsquo;agir au plus pr\u00e8s des r\u00e9alit\u00e9s du terrain.<\/p>\n\n\n\n<p>Ce n&rsquo;est pas la premi\u00e8re fois que des feux de cultures d\u00e9vastent des superficies importantes au moment des r\u00e9coltes. Des milliers d&rsquo;hectares de bl\u00e9 et d&rsquo;orge partent chaque ann\u00e9e en fum\u00e9e sous l&rsquo;effet de la chaleur, de la s\u00e9cheresse et parfois de la n\u00e9gligence. La nouveaut\u00e9 cette ann\u00e9e tient \u00e0 la syst\u00e9matisation de l&rsquo;approche et \u00e0 son d\u00e9ploiement anticip\u00e9, avant m\u00eame que les temp\u00e9ratures ne flambent. Une fois la saison des moissons du Sud termin\u00e9e, le dispositif sera transf\u00e9r\u00e9 vers les Hauts Plateaux et les wilayas de l&rsquo;int\u00e9rieur, en phase avec leur propre calendrier agricole. Dans la foul\u00e9e, un programme distinct prendra le relais pour la pr\u00e9vention des incendies de for\u00eats, de palmeraies et d&rsquo;arbres fruitiers. Des campagnes sp\u00e9cifiques \u00e0 la saison estivale, portant notamment sur la baignade en mer et dans les retenues d&rsquo;eau, viendront compl\u00e9ter l&rsquo;agenda de l&rsquo;\u00e9t\u00e9.<\/p>\n\n\n\n<p>Malik Meziane<\/p>\n","protected":false},"excerpt":{"rendered":"<p>\u00c0 quelques semaines du d\u00e9but de la saison des moissons, la Direction g\u00e9n\u00e9rale de la Protection civile a lanc\u00e9 une<\/p>\n","protected":false},"author":6,"featured_media":71451,"comment_status":"open","ping_status":"closed","sticky":false,"template":"","format":"standard","meta":{"colormag_page_container_layout":"default_layout","colormag_page_sidebar_layout":"default_layout","om_disable_all_campaigns":false,"_monsterinsights_skip_tracking":false,"_monsterinsights_sitenote_active":false,"_monsterinsights_sitenote_note":"","_monsterinsights_sitenote_category":0,"footnotes":"","_wpscppro_dont_share_socialmedia":false,"_wpscppro_custom_social_share_image":0,"_facebook_share_type":"default","_twitter_share_type":"default","_linkedin_share_type":"default","_pinterest_share_type":"default","_linkedin_share_type_page":"","_instagram_share_type":"default","_medium_share_type":"default","_threads_share_type":"default","_google_business_share_type":"default","_selected_social_profile":[],"_wpsp_enable_custom_social_template":false,"_wpsp_social_scheduling":{"enabled":false,"datetime":null,"platforms":[],"status":"template_only","dateOption":"today","timeOption":"now","customDays":"","customHours":"","customDate":"","customTime":"","schedulingType":"absolute"},"_wpsp_active_default_template":true},"categories":[27],"tags":[],"class_list":["post-86479","post","type-post","status-publish","format-standard","has-post-thumbnail","hentry","category-actualite"],"aioseo_notices":[],"yoast_head":"<!-- This site is optimized with the Yoast SEO plugin v27.4 - https:\/\/yoast.com\/product\/yoast-seo-wordpress\/ -->\n<title>La Protection civile d\u00e9ploie un plan national contre les incendies de cultures\u00a0: Les r\u00e9coltes sous surveillance - La Sentinelle<\/title>\n<meta name=\"robots\" content=\"index, follow, max-snippet:-1, max-image-preview:large, max-video-preview:-1\" \/>\n<link rel=\"canonical\" href=\"https:\/\/lasentinelle.dz\/index.php\/2026\/04\/27\/la-protection-civile-deploie-un-plan-national-contre-les-incendies-de-cultures-les-recoltes-sous-surveillance\/\" \/>\n<meta property=\"og:locale\" content=\"fr_FR\" \/>\n<meta property=\"og:type\" content=\"article\" \/>\n<meta property=\"og:title\" content=\"La Protection civile d\u00e9ploie un plan national contre les incendies de cultures\u00a0: Les r\u00e9coltes sous surveillance - La Sentinelle\" \/>\n<meta property=\"og:description\" content=\"\u00c0 quelques semaines du d\u00e9but de la saison des moissons, la Direction g\u00e9n\u00e9rale de la Protection civile a lanc\u00e9 une\" \/>\n<meta property=\"og:url\" content=\"https:\/\/lasentinelle.dz\/index.php\/2026\/04\/27\/la-protection-civile-deploie-un-plan-national-contre-les-incendies-de-cultures-les-recoltes-sous-surveillance\/\" \/>\n<meta property=\"og:site_name\" content=\"La Sentinelle\" \/>\n<meta property=\"article:publisher\" content=\"https:\/\/www.facebook.com\/La-Sentinelle-104059864394773\" \/>\n<meta property=\"article:published_time\" content=\"2026-04-27T13:29:22+00:00\" \/>\n<meta property=\"article:modified_time\" content=\"2026-04-27T13:29:25+00:00\" \/>\n<meta property=\"og:image\" content=\"https:\/\/lasentinelle.dz\/wp-content\/uploads\/2025\/08\/protection-civile.jpeg\" \/>\n\t<meta property=\"og:image:width\" content=\"960\" \/>\n\t<meta property=\"og:image:height\" content=\"640\" \/>\n\t<meta property=\"og:image:type\" content=\"image\/jpeg\" \/>\n<meta name=\"author\" content=\"admin\" \/>\n<meta name=\"twitter:card\" content=\"summary_large_image\" \/>\n<meta name=\"twitter:label1\" content=\"\u00c9crit par\" \/>\n\t<meta name=\"twitter:data1\" content=\"admin\" \/>\n\t<meta name=\"twitter:label2\" content=\"Dur\u00e9e de lecture estim\u00e9e\" \/>\n\t<meta name=\"twitter:data2\" content=\"3 minutes\" \/>\n<script type=\"application\/ld+json\" class=\"yoast-schema-graph\">{\"@context\":\"https:\\\/\\\/schema.org\",\"@graph\":[{\"@type\":\"Article\",\"@id\":\"https:\\\/\\\/lasentinelle.dz\\\/index.php\\\/2026\\\/04\\\/27\\\/la-protection-civile-deploie-un-plan-national-contre-les-incendies-de-cultures-les-recoltes-sous-surveillance\\\/#article\",\"isPartOf\":{\"@id\":\"https:\\\/\\\/lasentinelle.dz\\\/index.php\\\/2026\\\/04\\\/27\\\/la-protection-civile-deploie-un-plan-national-contre-les-incendies-de-cultures-les-recoltes-sous-surveillance\\\/\"},\"author\":{\"name\":\"admin\",\"@id\":\"https:\\\/\\\/lasentinelle.dz\\\/#\\\/schema\\\/person\\\/729ee0024f24e0b8c5ec17232f8e8b41\"},\"headline\":\"La Protection civile d\u00e9ploie un plan national contre les incendies de cultures\u00a0: Les r\u00e9coltes sous surveillance\",\"datePublished\":\"2026-04-27T13:29:22+00:00\",\"dateModified\":\"2026-04-27T13:29:25+00:00\",\"mainEntityOfPage\":{\"@id\":\"https:\\\/\\\/lasentinelle.dz\\\/index.php\\\/2026\\\/04\\\/27\\\/la-protection-civile-deploie-un-plan-national-contre-les-incendies-de-cultures-les-recoltes-sous-surveillance\\\/\"},\"wordCount\":620,\"commentCount\":0,\"publisher\":{\"@id\":\"https:\\\/\\\/lasentinelle.dz\\\/#organization\"},\"image\":{\"@id\":\"https:\\\/\\\/lasentinelle.dz\\\/index.php\\\/2026\\\/04\\\/27\\\/la-protection-civile-deploie-un-plan-national-contre-les-incendies-de-cultures-les-recoltes-sous-surveillance\\\/#primaryimage\"},\"thumbnailUrl\":\"https:\\\/\\\/lasentinelle.dz\\\/wp-content\\\/uploads\\\/2025\\\/08\\\/protection-civile.jpeg\",\"articleSection\":[\"Actualit\u00e9\"],\"inLanguage\":\"fr-FR\",\"potentialAction\":[{\"@type\":\"CommentAction\",\"name\":\"Comment\",\"target\":[\"https:\\\/\\\/lasentinelle.dz\\\/index.php\\\/2026\\\/04\\\/27\\\/la-protection-civile-deploie-un-plan-national-contre-les-incendies-de-cultures-les-recoltes-sous-surveillance\\\/#respond\"]}]},{\"@type\":\"WebPage\",\"@id\":\"https:\\\/\\\/lasentinelle.dz\\\/index.php\\\/2026\\\/04\\\/27\\\/la-protection-civile-deploie-un-plan-national-contre-les-incendies-de-cultures-les-recoltes-sous-surveillance\\\/\",\"url\":\"https:\\\/\\\/lasentinelle.dz\\\/index.php\\\/2026\\\/04\\\/27\\\/la-protection-civile-deploie-un-plan-national-contre-les-incendies-de-cultures-les-recoltes-sous-surveillance\\\/\",\"name\":\"La Protection civile d\u00e9ploie un plan national contre les incendies de cultures\u00a0: Les r\u00e9coltes sous surveillance - La Sentinelle\",\"isPartOf\":{\"@id\":\"https:\\\/\\\/lasentinelle.dz\\\/#website\"},\"primaryImageOfPage\":{\"@id\":\"https:\\\/\\\/lasentinelle.dz\\\/index.php\\\/2026\\\/04\\\/27\\\/la-protection-civile-deploie-un-plan-national-contre-les-incendies-de-cultures-les-recoltes-sous-surveillance\\\/#primaryimage\"},\"image\":{\"@id\":\"https:\\\/\\\/lasentinelle.dz\\\/index.php\\\/2026\\\/04\\\/27\\\/la-protection-civile-deploie-un-plan-national-contre-les-incendies-de-cultures-les-recoltes-sous-surveillance\\\/#primaryimage\"},\"thumbnailUrl\":\"https:\\\/\\\/lasentinelle.dz\\\/wp-content\\\/uploads\\\/2025\\\/08\\\/protection-civile.jpeg\",\"datePublished\":\"2026-04-27T13:29:22+00:00\",\"dateModified\":\"2026-04-27T13:29:25+00:00\",\"breadcrumb\":{\"@id\":\"https:\\\/\\\/lasentinelle.dz\\\/index.php\\\/2026\\\/04\\\/27\\\/la-protection-civile-deploie-un-plan-national-contre-les-incendies-de-cultures-les-recoltes-sous-surveillance\\\/#breadcrumb\"},\"inLanguage\":\"fr-FR\",\"potentialAction\":[{\"@type\":\"ReadAction\",\"target\":[\"https:\\\/\\\/lasentinelle.dz\\\/index.php\\\/2026\\\/04\\\/27\\\/la-protection-civile-deploie-un-plan-national-contre-les-incendies-de-cultures-les-recoltes-sous-surveillance\\\/\"]}]},{\"@type\":\"ImageObject\",\"inLanguage\":\"fr-FR\",\"@id\":\"https:\\\/\\\/lasentinelle.dz\\\/index.php\\\/2026\\\/04\\\/27\\\/la-protection-civile-deploie-un-plan-national-contre-les-incendies-de-cultures-les-recoltes-sous-surveillance\\\/#primaryimage\",\"url\":\"https:\\\/\\\/lasentinelle.dz\\\/wp-content\\\/uploads\\\/2025\\\/08\\\/protection-civile.jpeg\",\"contentUrl\":\"https:\\\/\\\/lasentinelle.dz\\\/wp-content\\\/uploads\\\/2025\\\/08\\\/protection-civile.jpeg\",\"width\":960,\"height\":640},{\"@type\":\"BreadcrumbList\",\"@id\":\"https:\\\/\\\/lasentinelle.dz\\\/index.php\\\/2026\\\/04\\\/27\\\/la-protection-civile-deploie-un-plan-national-contre-les-incendies-de-cultures-les-recoltes-sous-surveillance\\\/#breadcrumb\",\"itemListElement\":[{\"@type\":\"ListItem\",\"position\":1,\"name\":\"Accueil\",\"item\":\"https:\\\/\\\/lasentinelle.dz\\\/\"},{\"@type\":\"ListItem\",\"position\":2,\"name\":\"La Protection civile d\u00e9ploie un plan national contre les incendies de cultures\u00a0: Les r\u00e9coltes sous surveillance\"}]},{\"@type\":\"WebSite\",\"@id\":\"https:\\\/\\\/lasentinelle.dz\\\/#website\",\"url\":\"https:\\\/\\\/lasentinelle.dz\\\/\",\"name\":\"La Sentinelle\",\"description\":\"Quotidien national d&#039;information\",\"publisher\":{\"@id\":\"https:\\\/\\\/lasentinelle.dz\\\/#organization\"},\"potentialAction\":[{\"@type\":\"SearchAction\",\"target\":{\"@type\":\"EntryPoint\",\"urlTemplate\":\"https:\\\/\\\/lasentinelle.dz\\\/?s={search_term_string}\"},\"query-input\":{\"@type\":\"PropertyValueSpecification\",\"valueRequired\":true,\"valueName\":\"search_term_string\"}}],\"inLanguage\":\"fr-FR\"},{\"@type\":\"Organization\",\"@id\":\"https:\\\/\\\/lasentinelle.dz\\\/#organization\",\"name\":\"Quotidien La Sentinelle\",\"url\":\"https:\\\/\\\/lasentinelle.dz\\\/\",\"logo\":{\"@type\":\"ImageObject\",\"inLanguage\":\"fr-FR\",\"@id\":\"https:\\\/\\\/lasentinelle.dz\\\/#\\\/schema\\\/logo\\\/image\\\/\",\"url\":\"https:\\\/\\\/lasentinelle.dz\\\/wp-content\\\/uploads\\\/2021\\\/09\\\/logo-sentinelleSLOGAN-1.png\",\"contentUrl\":\"https:\\\/\\\/lasentinelle.dz\\\/wp-content\\\/uploads\\\/2021\\\/09\\\/logo-sentinelleSLOGAN-1.png\",\"width\":615,\"height\":142,\"caption\":\"Quotidien La Sentinelle\"},\"image\":{\"@id\":\"https:\\\/\\\/lasentinelle.dz\\\/#\\\/schema\\\/logo\\\/image\\\/\"},\"sameAs\":[\"https:\\\/\\\/www.facebook.com\\\/La-Sentinelle-104059864394773\"]},{\"@type\":\"Person\",\"@id\":\"https:\\\/\\\/lasentinelle.dz\\\/#\\\/schema\\\/person\\\/729ee0024f24e0b8c5ec17232f8e8b41\",\"name\":\"admin\",\"image\":{\"@type\":\"ImageObject\",\"inLanguage\":\"fr-FR\",\"@id\":\"https:\\\/\\\/secure.gravatar.com\\\/avatar\\\/4c81fed838786e9b53f540bf46533e750f5d292099ae3b66cfc6fb1982e29df7?s=96&d=mm&r=g\",\"url\":\"https:\\\/\\\/secure.gravatar.com\\\/avatar\\\/4c81fed838786e9b53f540bf46533e750f5d292099ae3b66cfc6fb1982e29df7?s=96&d=mm&r=g\",\"contentUrl\":\"https:\\\/\\\/secure.gravatar.com\\\/avatar\\\/4c81fed838786e9b53f540bf46533e750f5d292099ae3b66cfc6fb1982e29df7?s=96&d=mm&r=g\",\"caption\":\"admin\"},\"description\":\"admin\",\"url\":\"https:\\\/\\\/lasentinelle.dz\\\/author\\\/admin\\\/\"}]}<\/script>\n<!-- \/ Yoast SEO plugin. -->","yoast_head_json":{"title":"La Protection civile d\u00e9ploie un plan national contre les incendies de cultures\u00a0: Les r\u00e9coltes sous surveillance - La Sentinelle","robots":{"index":"index","follow":"follow","max-snippet":"max-snippet:-1","max-image-preview":"max-image-preview:large","max-video-preview":"max-video-preview:-1"},"canonical":"https:\/\/lasentinelle.dz\/index.php\/2026\/04\/27\/la-protection-civile-deploie-un-plan-national-contre-les-incendies-de-cultures-les-recoltes-sous-surveillance\/","og_locale":"fr_FR","og_type":"article","og_title":"La Protection civile d\u00e9ploie un plan national contre les incendies de cultures\u00a0: Les r\u00e9coltes sous surveillance - La Sentinelle","og_description":"\u00c0 quelques semaines du d\u00e9but de la saison des moissons, la Direction g\u00e9n\u00e9rale de la Protection civile a lanc\u00e9 une","og_url":"https:\/\/lasentinelle.dz\/index.php\/2026\/04\/27\/la-protection-civile-deploie-un-plan-national-contre-les-incendies-de-cultures-les-recoltes-sous-surveillance\/","og_site_name":"La Sentinelle","article_publisher":"https:\/\/www.facebook.com\/La-Sentinelle-104059864394773","article_published_time":"2026-04-27T13:29:22+00:00","article_modified_time":"2026-04-27T13:29:25+00:00","og_image":[{"width":960,"height":640,"url":"https:\/\/lasentinelle.dz\/wp-content\/uploads\/2025\/08\/protection-civile.jpeg","type":"image\/jpeg"}],"author":"admin","twitter_card":"summary_large_image","twitter_misc":{"\u00c9crit par":"admin","Dur\u00e9e de lecture estim\u00e9e":"3 minutes"},"schema":{"@context":"https:\/\/schema.org","@graph":[{"@type":"Article","@id":"https:\/\/lasentinelle.dz\/index.php\/2026\/04\/27\/la-protection-civile-deploie-un-plan-national-contre-les-incendies-de-cultures-les-recoltes-sous-surveillance\/#article","isPartOf":{"@id":"https:\/\/lasentinelle.dz\/index.php\/2026\/04\/27\/la-protection-civile-deploie-un-plan-national-contre-les-incendies-de-cultures-les-recoltes-sous-surveillance\/"},"author":{"name":"admin","@id":"https:\/\/lasentinelle.dz\/#\/schema\/person\/729ee0024f24e0b8c5ec17232f8e8b41"},"headline":"La Protection civile d\u00e9ploie un plan national contre les incendies de cultures\u00a0: Les r\u00e9coltes sous surveillance","datePublished":"2026-04-27T13:29:22+00:00","dateModified":"2026-04-27T13:29:25+00:00","mainEntityOfPage":{"@id":"https:\/\/lasentinelle.dz\/index.php\/2026\/04\/27\/la-protection-civile-deploie-un-plan-national-contre-les-incendies-de-cultures-les-recoltes-sous-surveillance\/"},"wordCount":620,"commentCount":0,"publisher":{"@id":"https:\/\/lasentinelle.dz\/#organization"},"image":{"@id":"https:\/\/lasentinelle.dz\/index.php\/2026\/04\/27\/la-protection-civile-deploie-un-plan-national-contre-les-incendies-de-cultures-les-recoltes-sous-surveillance\/#primaryimage"},"thumbnailUrl":"https:\/\/lasentinelle.dz\/wp-content\/uploads\/2025\/08\/protection-civile.jpeg","articleSection":["Actualit\u00e9"],"inLanguage":"fr-FR","potentialAction":[{"@type":"CommentAction","name":"Comment","target":["https:\/\/lasentinelle.dz\/index.php\/2026\/04\/27\/la-protection-civile-deploie-un-plan-national-contre-les-incendies-de-cultures-les-recoltes-sous-surveillance\/#respond"]}]},{"@type":"WebPage","@id":"https:\/\/lasentinelle.dz\/index.php\/2026\/04\/27\/la-protection-civile-deploie-un-plan-national-contre-les-incendies-de-cultures-les-recoltes-sous-surveillance\/","url":"https:\/\/lasentinelle.dz\/index.php\/2026\/04\/27\/la-protection-civile-deploie-un-plan-national-contre-les-incendies-de-cultures-les-recoltes-sous-surveillance\/","name":"La Protection civile d\u00e9ploie un plan national contre les incendies de cultures\u00a0: Les r\u00e9coltes sous surveillance - La Sentinelle","isPartOf":{"@id":"https:\/\/lasentinelle.dz\/#website"},"primaryImageOfPage":{"@id":"https:\/\/lasentinelle.dz\/index.php\/2026\/04\/27\/la-protection-civile-deploie-un-plan-national-contre-les-incendies-de-cultures-les-recoltes-sous-surveillance\/#primaryimage"},"image":{"@id":"https:\/\/lasentinelle.dz\/index.php\/2026\/04\/27\/la-protection-civile-deploie-un-plan-national-contre-les-incendies-de-cultures-les-recoltes-sous-surveillance\/#primaryimage"},"thumbnailUrl":"https:\/\/lasentinelle.dz\/wp-content\/uploads\/2025\/08\/protection-civile.jpeg","datePublished":"2026-04-27T13:29:22+00:00","dateModified":"2026-04-27T13:29:25+00:00","breadcrumb":{"@id":"https:\/\/lasentinelle.dz\/index.php\/2026\/04\/27\/la-protection-civile-deploie-un-plan-national-contre-les-incendies-de-cultures-les-recoltes-sous-surveillance\/#breadcrumb"},"inLanguage":"fr-FR","potentialAction":[{"@type":"ReadAction","target":["https:\/\/lasentinelle.dz\/index.php\/2026\/04\/27\/la-protection-civile-deploie-un-plan-national-contre-les-incendies-de-cultures-les-recoltes-sous-surveillance\/"]}]},{"@type":"ImageObject","inLanguage":"fr-FR","@id":"https:\/\/lasentinelle.dz\/index.php\/2026\/04\/27\/la-protection-civile-deploie-un-plan-national-contre-les-incendies-de-cultures-les-recoltes-sous-surveillance\/#primaryimage","url":"https:\/\/lasentinelle.dz\/wp-content\/uploads\/2025\/08\/protection-civile.jpeg","contentUrl":"https:\/\/lasentinelle.dz\/wp-content\/uploads\/2025\/08\/protection-civile.jpeg","width":960,"height":640},{"@type":"BreadcrumbList","@id":"https:\/\/lasentinelle.dz\/index.php\/2026\/04\/27\/la-protection-civile-deploie-un-plan-national-contre-les-incendies-de-cultures-les-recoltes-sous-surveillance\/#breadcrumb","itemListElement":[{"@type":"ListItem","position":1,"name":"Accueil","item":"https:\/\/lasentinelle.dz\/"},{"@type":"ListItem","position":2,"name":"La Protection civile d\u00e9ploie un plan national contre les incendies de cultures\u00a0: Les r\u00e9coltes sous surveillance"}]},{"@type":"WebSite","@id":"https:\/\/lasentinelle.dz\/#website","url":"https:\/\/lasentinelle.dz\/","name":"La Sentinelle","description":"Quotidien national d&#039;information","publisher":{"@id":"https:\/\/lasentinelle.dz\/#organization"},"potentialAction":[{"@type":"SearchAction","target":{"@type":"EntryPoint","urlTemplate":"https:\/\/lasentinelle.dz\/?s={search_term_string}"},"query-input":{"@type":"PropertyValueSpecification","valueRequired":true,"valueName":"search_term_string"}}],"inLanguage":"fr-FR"},{"@type":"Organization","@id":"https:\/\/lasentinelle.dz\/#organization","name":"Quotidien La Sentinelle","url":"https:\/\/lasentinelle.dz\/","logo":{"@type":"ImageObject","inLanguage":"fr-FR","@id":"https:\/\/lasentinelle.dz\/#\/schema\/logo\/image\/","url":"https:\/\/lasentinelle.dz\/wp-content\/uploads\/2021\/09\/logo-sentinelleSLOGAN-1.png","contentUrl":"https:\/\/lasentinelle.dz\/wp-content\/uploads\/2021\/09\/logo-sentinelleSLOGAN-1.png","width":615,"height":142,"caption":"Quotidien La Sentinelle"},"image":{"@id":"https:\/\/lasentinelle.dz\/#\/schema\/logo\/image\/"},"sameAs":["https:\/\/www.facebook.com\/La-Sentinelle-104059864394773"]},{"@type":"Person","@id":"https:\/\/lasentinelle.dz\/#\/schema\/person\/729ee0024f24e0b8c5ec17232f8e8b41","name":"admin","image":{"@type":"ImageObject","inLanguage":"fr-FR","@id":"https:\/\/secure.gravatar.com\/avatar\/4c81fed838786e9b53f540bf46533e750f5d292099ae3b66cfc6fb1982e29df7?s=96&d=mm&r=g","url":"https:\/\/secure.gravatar.com\/avatar\/4c81fed838786e9b53f540bf46533e750f5d292099ae3b66cfc6fb1982e29df7?s=96&d=mm&r=g","contentUrl":"https:\/\/secure.gravatar.com\/avatar\/4c81fed838786e9b53f540bf46533e750f5d292099ae3b66cfc6fb1982e29df7?s=96&d=mm&r=g","caption":"admin"},"description":"admin","url":"https:\/\/lasentinelle.dz\/author\/admin\/"}]}},"_links":{"self":[{"href":"https:\/\/lasentinelle.dz\/index.php\/wp-json\/wp\/v2\/posts\/86479","targetHints":{"allow":["GET"]}}],"collection":[{"href":"https:\/\/lasentinelle.dz\/index.php\/wp-json\/wp\/v2\/posts"}],"about":[{"href":"https:\/\/lasentinelle.dz\/index.php\/wp-json\/wp\/v2\/types\/post"}],"author":[{"embeddable":true,"href":"https:\/\/lasentinelle.dz\/index.php\/wp-json\/wp\/v2\/users\/6"}],"replies":[{"embeddable":true,"href":"https:\/\/lasentinelle.dz\/index.php\/wp-json\/wp\/v2\/comments?post=86479"}],"version-history":[{"count":1,"href":"https:\/\/lasentinelle.dz\/index.php\/wp-json\/wp\/v2\/posts\/86479\/revisions"}],"predecessor-version":[{"id":86480,"href":"https:\/\/lasentinelle.dz\/index.php\/wp-json\/wp\/v2\/posts\/86479\/revisions\/86480"}],"wp:featuredmedia":[{"embeddable":true,"href":"https:\/\/lasentinelle.dz\/index.php\/wp-json\/wp\/v2\/media\/71451"}],"wp:attachment":[{"href":"https:\/\/lasentinelle.dz\/index.php\/wp-json\/wp\/v2\/media?parent=86479"}],"wp:term":[{"taxonomy":"category","embeddable":true,"href":"https:\/\/lasentinelle.dz\/index.php\/wp-json\/wp\/v2\/categories?post=86479"},{"taxonomy":"post_tag","embeddable":true,"href":"https:\/\/lasentinelle.dz\/index.php\/wp-json\/wp\/v2\/tags?post=86479"}],"curies":[{"name":"wp","href":"https:\/\/api.w.org\/{rel}","templated":true}]}}