{"id":86481,"date":"2026-04-27T14:30:17","date_gmt":"2026-04-27T13:30:17","guid":{"rendered":"https:\/\/lasentinelle.dz\/?p=86481"},"modified":"2026-04-27T14:30:23","modified_gmt":"2026-04-27T13:30:23","slug":"cerealiculture-la-saison-de-toutes-les-promesses","status":"publish","type":"post","link":"https:\/\/lasentinelle.dz\/index.php\/2026\/04\/27\/cerealiculture-la-saison-de-toutes-les-promesses\/","title":{"rendered":"C\u00e9r\u00e9aliculture\u00a0: La saison de toutes les promesses"},"content":{"rendered":"\n<p>La campagne de moisson-battage 2025-2026 a officiellement d\u00e9but\u00e9 et s\u2019annonce d\u00e9j\u00e0 prometteuse.<\/p>\n\n\n\n<p>La campagne moisson-battage 2025-2026 a \u00e9t\u00e9 lanc\u00e9e dans les wilayas du Sud. Une campagne nationale que les autorit\u00e9s ont pr\u00e9par\u00e9e depuis des mois, avec une m\u00e9thode et une ambition qui tranchent avec les \u00e9ditions pr\u00e9c\u00e9dentes. Dans la wilaya d\u2019Adrar par exemple, le coup d\u2019envoi de la campagne a \u00e9t\u00e9 donn\u00e9 samedi, avec des pr\u00e9visions de r\u00e9colte qui donnent le ton d&rsquo;une saison agricole hors norme. Plus de 1,7 million de quintaux attendus sur 38 000 hectares, des rendements annonc\u00e9s jusqu&rsquo;\u00e0 80 quintaux \u00e0 l&rsquo;hectare, 140 moissonneuses d\u00e9ploy\u00e9es sur le terrain : les chiffres parlent d&rsquo;eux-m\u00eames. C&rsquo;est dans une exploitation agricole de la commune de Fenoughil, au sud de la ville d&rsquo;Adrar, que le wali Fodil Douifi a donn\u00e9 le coup d&rsquo;envoi de la r\u00e9colte. Sur place, le dispositif est impressionnant : 140 moissonneuses-batteuses et 200 camions de transport mobilis\u00e9s, auxquels s&rsquo;ajoutent les \u00e9quipes de la Protection civile charg\u00e9es de surveiller les parcelles et pr\u00e9venir les risques d&rsquo;incendie. La s\u00e9curisation de la r\u00e9colte est int\u00e9gr\u00e9e dans le plan d\u00e8s le premier jour.<\/p>\n\n\n\n<p>La nouveaut\u00e9 de cette campagne, c&rsquo;est la place centrale qu&rsquo;occupe la soci\u00e9t\u00e9 Agrodrive, filiale du groupe public Agrodiv. C&rsquo;est elle qui assure la fourniture des moissonneuses aux exploitations de la wilaya, dans le cadre d&rsquo;un dispositif \u00e9tendu \u00e0 l&rsquo;ensemble des wilayas du Sud. Son directeur g\u00e9n\u00e9ral, Derkaoui Benyoucef, a confirm\u00e9 sur place l&rsquo;engagement de la soci\u00e9t\u00e9 \u00e0 couvrir tous les besoins en mat\u00e9riel. \u00c0 ses c\u00f4t\u00e9s, Mohamed-Tahar Belmir, directeur de la Coop\u00e9rative des c\u00e9r\u00e9ales et l\u00e9gumes secs d&rsquo;Adrar, a mis en avant un \u00e9l\u00e9ment logistique d\u00e9cisif : dix centres de stockage de c\u00e9r\u00e9ales sont d\u00e9sormais op\u00e9rationnels \u00e0 proximit\u00e9 imm\u00e9diate des zones agricoles. Moins de distance entre le champ et le silo, moins de pertes, plus de fluidit\u00e9 dans la cha\u00eene.<\/p>\n\n\n\n<p>Ce lancement \u00e0 Adrar s&rsquo;inscrit dans une dynamique nationale pr\u00e9par\u00e9e de longue date. D\u00e8s le 26 mars, le ministre de l&rsquo;Agriculture Yacine El-Mahdi Oualid avait r\u00e9uni \u00e0 Alger l&rsquo;ensemble des directeurs des coop\u00e9ratives de c\u00e9r\u00e9ales et l\u00e9gumes secs du pays, ainsi que les cadres de l&rsquo;Office alg\u00e9rien interprofessionnel des c\u00e9r\u00e9ales. L&rsquo;ordre du jour \u00e9tait clair : passer en revue l&rsquo;\u00e9tat des cultures apr\u00e8s la campagne labours-semailles, et s&rsquo;assurer que rien ne manque pour la r\u00e9colte. Logistique, points de collecte, capacit\u00e9s de stockage, organisation du transport entre wilayas, tout avait \u00e9t\u00e9 mis sur la table.<\/p>\n\n\n\n<p>Le ministre avait insist\u00e9 lors de cette rencontre sur un point pr\u00e9cis : \u00e9quiper les moissonneuses de dispositifs de d\u00e9tection des pertes de grains. Une exigence technique qui peut sembler de d\u00e9tail mais qui, \u00e0 l&rsquo;\u00e9chelle nationale, repr\u00e9sente des dizaines de milliers de quintaux pr\u00e9serv\u00e9s. Il avait \u00e9galement fix\u00e9 une r\u00e8gle : mobiliser d&rsquo;abord les moyens du secteur public, puis compl\u00e9ter avec les capacit\u00e9s priv\u00e9es, notamment pour les camions et les espaces de stockage.<\/p>\n\n\n\n<p>M\u00e9canisation<\/p>\n\n\n\n<p>Quelques jourss plus tard, le 2 avril, une r\u00e9union de coordination interminist\u00e9rielle donnait une nouvelle dimension \u00e0 ces pr\u00e9paratifs. Oualid et sa coll\u00e8gue de la Formation professionnelle, Nacima Arhab, y ont arr\u00eat\u00e9 un plan d&rsquo;action conjoint pour former des conducteurs et des techniciens de maintenance de moissonneuses-batteuses. Premi\u00e8re session lanc\u00e9e le 4 avril \u00e0 l&rsquo;usine Sampo-Alg\u00e9rie de Sidi Bel Abb\u00e8s, avec des formateurs issus des rangs des techniciens les plus exp\u00e9riment\u00e9s du secteur. Le constat qui a motiv\u00e9 cette d\u00e9marche \u00e9tait simple et connu depuis des ann\u00e9es : le manque de main-d&rsquo;\u0153uvre qualifi\u00e9e pour conduire et entretenir le mat\u00e9riel agricole sp\u00e9cialis\u00e9. Acheter des machines sans former les hommes qui les conduisent ne r\u00e9sout rien.<\/p>\n\n\n\n<p>Derri\u00e8re toute cette mobilisation, il y a une impulsion venue du sommet. Lors du Conseil des ministres pr\u00e9c\u00e9dant le lancement, le pr\u00e9sident Abdelmadjid Tebboune avait donn\u00e9 des instructions directes au ministre de l&rsquo;Agriculture : pr\u00e9parer la campagne dans les meilleurs d\u00e9lais, garantir la m\u00e9canisation pour tous les agriculteurs \u00e0 l&rsquo;\u00e9chelle nationale, et baser la distribution du mat\u00e9riel sur des crit\u00e8res objectifs \u2014 superficies cultiv\u00e9es, volumes de production \u2014 en \u00e9cartant toute logique bureaucratique. Il avait \u00e9galement demand\u00e9 que les quantit\u00e9s produites deviennent l&rsquo;indicateur central pour la cr\u00e9ation de coop\u00e9ratives de m\u00e9canisation \u00e0 l&rsquo;\u00e9chelle des wilayas et des r\u00e9gions. Ces instructions ont trouv\u00e9 une traduction concr\u00e8te quelques jours avant le lancement de la campagne, avec la signature d&rsquo;un accord d&rsquo;acquisition de 331 moissonneuses-batteuses et 1 800 tracteurs agricoles par Agrodrive aupr\u00e8s de la soci\u00e9t\u00e9 nationale PMAT. Un investissement qui porte la marque d&rsquo;une strat\u00e9gie \u00e0 moyen terme, pas d&rsquo;une r\u00e9ponse d&rsquo;urgence.<\/p>\n\n\n\n<p>L&rsquo;architecture institutionnelle a \u00e9galement \u00e9t\u00e9 renforc\u00e9e. En janvier, le Premier ministre Sifi Grieb avait install\u00e9 le Conseil national de la m\u00e9canisation agricole, instance de pilotage regroupant repr\u00e9sentants de l&rsquo;\u00c9tat, agriculteurs et op\u00e9rateurs \u00e9conomiques. Sa mission premi\u00e8re : dresser un recensement exhaustif des besoins en \u00e9quipements selon les fili\u00e8res et les r\u00e9gions, pour que les investissements aillent l\u00e0 o\u00f9 ils sont r\u00e9ellement n\u00e9cessaires. Cette cartographie doit servir de base \u00e0 l&rsquo;organisation des campagnes 2025-2026 et 2026-2027.<\/p>\n\n\n\n<p>Les conditions climatiques cette saison ont fait le reste. Les pr\u00e9cipitations ont \u00e9t\u00e9 au rendez-vous dans les grandes zones c\u00e9r\u00e9ali\u00e8res, les taux de lev\u00e9e ont \u00e9t\u00e9 jug\u00e9s satisfaisants lors des \u00e9valuations de mars, et la chaleur pr\u00e9coce dans le Sud a permis d&rsquo;avancer le calendrier de r\u00e9colte. Les wilayas du Sud d\u00e9crochent les premi\u00e8res, avant que la vague de moisson ne remonte progressivement vers les wilayas des Hauts Plateaux et du Nord, au fil des semaines.<\/p>\n\n\n\n<p>Ce que la campagne 2026 dit au fond, c&rsquo;est qu&rsquo;une ambition nationale en mati\u00e8re de s\u00e9curit\u00e9 alimentaire n&rsquo;est pas seulement une question de surfaces emblav\u00e9es ou de volumes attendus. C&rsquo;est aussi une affaire de logistique ma\u00eetris\u00e9e, de formation continue, de mat\u00e9riel disponible au bon endroit au bon moment, et d&rsquo;une cha\u00eene qui tient du champ au silo sans rupture. Cette ann\u00e9e, les fondations semblent avoir \u00e9t\u00e9 pos\u00e9es plus solidement qu&rsquo;\u00e0 l&rsquo;habitude. Le terrain, lui, donnera son verdict dans les prochaines semaines.<\/p>\n\n\n\n<p>Sabrina Aziouez<\/p>\n","protected":false},"excerpt":{"rendered":"<p>La campagne de moisson-battage 2025-2026 a officiellement d\u00e9but\u00e9 et s\u2019annonce d\u00e9j\u00e0 prometteuse. La campagne moisson-battage 2025-2026 a \u00e9t\u00e9 lanc\u00e9e dans<\/p>\n","protected":false},"author":6,"featured_media":86482,"comment_status":"open","ping_status":"closed","sticky":false,"template":"","format":"standard","meta":{"colormag_page_container_layout":"default_layout","colormag_page_sidebar_layout":"default_layout","om_disable_all_campaigns":false,"_monsterinsights_skip_tracking":false,"_monsterinsights_sitenote_active":false,"_monsterinsights_sitenote_note":"","_monsterinsights_sitenote_category":0,"footnotes":"","_wpscppro_dont_share_socialmedia":false,"_wpscppro_custom_social_share_image":0,"_facebook_share_type":"default","_twitter_share_type":"default","_linkedin_share_type":"default","_pinterest_share_type":"default","_linkedin_share_type_page":"","_instagram_share_type":"default","_medium_share_type":"default","_threads_share_type":"default","_google_business_share_type":"default","_selected_social_profile":[],"_wpsp_enable_custom_social_template":false,"_wpsp_social_scheduling":{"enabled":false,"datetime":null,"platforms":[],"status":"template_only","dateOption":"today","timeOption":"now","customDays":"","customHours":"","customDate":"","customTime":"","schedulingType":"absolute"},"_wpsp_active_default_template":true},"categories":[52,29],"tags":[],"class_list":["post-86481","post","type-post","status-publish","format-standard","has-post-thumbnail","hentry","category-a-la-une","category-economie"],"aioseo_notices":[],"yoast_head":"<!-- This site is optimized with the Yoast SEO plugin v27.4 - https:\/\/yoast.com\/product\/yoast-seo-wordpress\/ -->\n<title>C\u00e9r\u00e9aliculture\u00a0: La saison de toutes les promesses - La Sentinelle<\/title>\n<meta name=\"robots\" content=\"index, follow, max-snippet:-1, max-image-preview:large, max-video-preview:-1\" \/>\n<link rel=\"canonical\" href=\"https:\/\/lasentinelle.dz\/index.php\/2026\/04\/27\/cerealiculture-la-saison-de-toutes-les-promesses\/\" \/>\n<meta property=\"og:locale\" content=\"fr_FR\" \/>\n<meta property=\"og:type\" content=\"article\" \/>\n<meta property=\"og:title\" content=\"C\u00e9r\u00e9aliculture\u00a0: La saison de toutes les promesses - La Sentinelle\" \/>\n<meta property=\"og:description\" content=\"La campagne de moisson-battage 2025-2026 a officiellement d\u00e9but\u00e9 et s\u2019annonce d\u00e9j\u00e0 prometteuse. La campagne moisson-battage 2025-2026 a \u00e9t\u00e9 lanc\u00e9e dans\" \/>\n<meta property=\"og:url\" content=\"https:\/\/lasentinelle.dz\/index.php\/2026\/04\/27\/cerealiculture-la-saison-de-toutes-les-promesses\/\" \/>\n<meta property=\"og:site_name\" content=\"La Sentinelle\" \/>\n<meta property=\"article:publisher\" content=\"https:\/\/www.facebook.com\/La-Sentinelle-104059864394773\" \/>\n<meta property=\"article:published_time\" content=\"2026-04-27T13:30:17+00:00\" \/>\n<meta property=\"article:modified_time\" content=\"2026-04-27T13:30:23+00:00\" \/>\n<meta property=\"og:image\" content=\"https:\/\/lasentinelle.dz\/wp-content\/uploads\/2026\/04\/cerealiculture.webp\" \/>\n\t<meta property=\"og:image:width\" content=\"850\" \/>\n\t<meta property=\"og:image:height\" content=\"480\" \/>\n\t<meta property=\"og:image:type\" content=\"image\/webp\" \/>\n<meta name=\"author\" content=\"admin\" \/>\n<meta name=\"twitter:card\" content=\"summary_large_image\" \/>\n<meta name=\"twitter:label1\" content=\"\u00c9crit par\" \/>\n\t<meta name=\"twitter:data1\" content=\"admin\" \/>\n\t<meta name=\"twitter:label2\" content=\"Dur\u00e9e de lecture estim\u00e9e\" \/>\n\t<meta name=\"twitter:data2\" content=\"6 minutes\" \/>\n<script type=\"application\/ld+json\" class=\"yoast-schema-graph\">{\"@context\":\"https:\\\/\\\/schema.org\",\"@graph\":[{\"@type\":\"Article\",\"@id\":\"https:\\\/\\\/lasentinelle.dz\\\/index.php\\\/2026\\\/04\\\/27\\\/cerealiculture-la-saison-de-toutes-les-promesses\\\/#article\",\"isPartOf\":{\"@id\":\"https:\\\/\\\/lasentinelle.dz\\\/index.php\\\/2026\\\/04\\\/27\\\/cerealiculture-la-saison-de-toutes-les-promesses\\\/\"},\"author\":{\"name\":\"admin\",\"@id\":\"https:\\\/\\\/lasentinelle.dz\\\/#\\\/schema\\\/person\\\/729ee0024f24e0b8c5ec17232f8e8b41\"},\"headline\":\"C\u00e9r\u00e9aliculture\u00a0: La saison de toutes les promesses\",\"datePublished\":\"2026-04-27T13:30:17+00:00\",\"dateModified\":\"2026-04-27T13:30:23+00:00\",\"mainEntityOfPage\":{\"@id\":\"https:\\\/\\\/lasentinelle.dz\\\/index.php\\\/2026\\\/04\\\/27\\\/cerealiculture-la-saison-de-toutes-les-promesses\\\/\"},\"wordCount\":1122,\"commentCount\":0,\"publisher\":{\"@id\":\"https:\\\/\\\/lasentinelle.dz\\\/#organization\"},\"image\":{\"@id\":\"https:\\\/\\\/lasentinelle.dz\\\/index.php\\\/2026\\\/04\\\/27\\\/cerealiculture-la-saison-de-toutes-les-promesses\\\/#primaryimage\"},\"thumbnailUrl\":\"https:\\\/\\\/lasentinelle.dz\\\/wp-content\\\/uploads\\\/2026\\\/04\\\/cerealiculture.webp\",\"articleSection\":[\"\u00c0 la Une\",\"\u00c9conomie\"],\"inLanguage\":\"fr-FR\",\"potentialAction\":[{\"@type\":\"CommentAction\",\"name\":\"Comment\",\"target\":[\"https:\\\/\\\/lasentinelle.dz\\\/index.php\\\/2026\\\/04\\\/27\\\/cerealiculture-la-saison-de-toutes-les-promesses\\\/#respond\"]}]},{\"@type\":\"WebPage\",\"@id\":\"https:\\\/\\\/lasentinelle.dz\\\/index.php\\\/2026\\\/04\\\/27\\\/cerealiculture-la-saison-de-toutes-les-promesses\\\/\",\"url\":\"https:\\\/\\\/lasentinelle.dz\\\/index.php\\\/2026\\\/04\\\/27\\\/cerealiculture-la-saison-de-toutes-les-promesses\\\/\",\"name\":\"C\u00e9r\u00e9aliculture\u00a0: La saison de toutes les promesses - La Sentinelle\",\"isPartOf\":{\"@id\":\"https:\\\/\\\/lasentinelle.dz\\\/#website\"},\"primaryImageOfPage\":{\"@id\":\"https:\\\/\\\/lasentinelle.dz\\\/index.php\\\/2026\\\/04\\\/27\\\/cerealiculture-la-saison-de-toutes-les-promesses\\\/#primaryimage\"},\"image\":{\"@id\":\"https:\\\/\\\/lasentinelle.dz\\\/index.php\\\/2026\\\/04\\\/27\\\/cerealiculture-la-saison-de-toutes-les-promesses\\\/#primaryimage\"},\"thumbnailUrl\":\"https:\\\/\\\/lasentinelle.dz\\\/wp-content\\\/uploads\\\/2026\\\/04\\\/cerealiculture.webp\",\"datePublished\":\"2026-04-27T13:30:17+00:00\",\"dateModified\":\"2026-04-27T13:30:23+00:00\",\"breadcrumb\":{\"@id\":\"https:\\\/\\\/lasentinelle.dz\\\/index.php\\\/2026\\\/04\\\/27\\\/cerealiculture-la-saison-de-toutes-les-promesses\\\/#breadcrumb\"},\"inLanguage\":\"fr-FR\",\"potentialAction\":[{\"@type\":\"ReadAction\",\"target\":[\"https:\\\/\\\/lasentinelle.dz\\\/index.php\\\/2026\\\/04\\\/27\\\/cerealiculture-la-saison-de-toutes-les-promesses\\\/\"]}]},{\"@type\":\"ImageObject\",\"inLanguage\":\"fr-FR\",\"@id\":\"https:\\\/\\\/lasentinelle.dz\\\/index.php\\\/2026\\\/04\\\/27\\\/cerealiculture-la-saison-de-toutes-les-promesses\\\/#primaryimage\",\"url\":\"https:\\\/\\\/lasentinelle.dz\\\/wp-content\\\/uploads\\\/2026\\\/04\\\/cerealiculture.webp\",\"contentUrl\":\"https:\\\/\\\/lasentinelle.dz\\\/wp-content\\\/uploads\\\/2026\\\/04\\\/cerealiculture.webp\",\"width\":850,\"height\":480},{\"@type\":\"BreadcrumbList\",\"@id\":\"https:\\\/\\\/lasentinelle.dz\\\/index.php\\\/2026\\\/04\\\/27\\\/cerealiculture-la-saison-de-toutes-les-promesses\\\/#breadcrumb\",\"itemListElement\":[{\"@type\":\"ListItem\",\"position\":1,\"name\":\"Accueil\",\"item\":\"https:\\\/\\\/lasentinelle.dz\\\/\"},{\"@type\":\"ListItem\",\"position\":2,\"name\":\"C\u00e9r\u00e9aliculture\u00a0: La saison de toutes les promesses\"}]},{\"@type\":\"WebSite\",\"@id\":\"https:\\\/\\\/lasentinelle.dz\\\/#website\",\"url\":\"https:\\\/\\\/lasentinelle.dz\\\/\",\"name\":\"La Sentinelle\",\"description\":\"Quotidien national d&#039;information\",\"publisher\":{\"@id\":\"https:\\\/\\\/lasentinelle.dz\\\/#organization\"},\"potentialAction\":[{\"@type\":\"SearchAction\",\"target\":{\"@type\":\"EntryPoint\",\"urlTemplate\":\"https:\\\/\\\/lasentinelle.dz\\\/?s={search_term_string}\"},\"query-input\":{\"@type\":\"PropertyValueSpecification\",\"valueRequired\":true,\"valueName\":\"search_term_string\"}}],\"inLanguage\":\"fr-FR\"},{\"@type\":\"Organization\",\"@id\":\"https:\\\/\\\/lasentinelle.dz\\\/#organization\",\"name\":\"Quotidien La Sentinelle\",\"url\":\"https:\\\/\\\/lasentinelle.dz\\\/\",\"logo\":{\"@type\":\"ImageObject\",\"inLanguage\":\"fr-FR\",\"@id\":\"https:\\\/\\\/lasentinelle.dz\\\/#\\\/schema\\\/logo\\\/image\\\/\",\"url\":\"https:\\\/\\\/lasentinelle.dz\\\/wp-content\\\/uploads\\\/2021\\\/09\\\/logo-sentinelleSLOGAN-1.png\",\"contentUrl\":\"https:\\\/\\\/lasentinelle.dz\\\/wp-content\\\/uploads\\\/2021\\\/09\\\/logo-sentinelleSLOGAN-1.png\",\"width\":615,\"height\":142,\"caption\":\"Quotidien La Sentinelle\"},\"image\":{\"@id\":\"https:\\\/\\\/lasentinelle.dz\\\/#\\\/schema\\\/logo\\\/image\\\/\"},\"sameAs\":[\"https:\\\/\\\/www.facebook.com\\\/La-Sentinelle-104059864394773\"]},{\"@type\":\"Person\",\"@id\":\"https:\\\/\\\/lasentinelle.dz\\\/#\\\/schema\\\/person\\\/729ee0024f24e0b8c5ec17232f8e8b41\",\"name\":\"admin\",\"image\":{\"@type\":\"ImageObject\",\"inLanguage\":\"fr-FR\",\"@id\":\"https:\\\/\\\/secure.gravatar.com\\\/avatar\\\/4c81fed838786e9b53f540bf46533e750f5d292099ae3b66cfc6fb1982e29df7?s=96&d=mm&r=g\",\"url\":\"https:\\\/\\\/secure.gravatar.com\\\/avatar\\\/4c81fed838786e9b53f540bf46533e750f5d292099ae3b66cfc6fb1982e29df7?s=96&d=mm&r=g\",\"contentUrl\":\"https:\\\/\\\/secure.gravatar.com\\\/avatar\\\/4c81fed838786e9b53f540bf46533e750f5d292099ae3b66cfc6fb1982e29df7?s=96&d=mm&r=g\",\"caption\":\"admin\"},\"description\":\"admin\",\"url\":\"https:\\\/\\\/lasentinelle.dz\\\/author\\\/admin\\\/\"}]}<\/script>\n<!-- \/ Yoast SEO plugin. -->","yoast_head_json":{"title":"C\u00e9r\u00e9aliculture\u00a0: La saison de toutes les promesses - La Sentinelle","robots":{"index":"index","follow":"follow","max-snippet":"max-snippet:-1","max-image-preview":"max-image-preview:large","max-video-preview":"max-video-preview:-1"},"canonical":"https:\/\/lasentinelle.dz\/index.php\/2026\/04\/27\/cerealiculture-la-saison-de-toutes-les-promesses\/","og_locale":"fr_FR","og_type":"article","og_title":"C\u00e9r\u00e9aliculture\u00a0: La saison de toutes les promesses - La Sentinelle","og_description":"La campagne de moisson-battage 2025-2026 a officiellement d\u00e9but\u00e9 et s\u2019annonce d\u00e9j\u00e0 prometteuse. La campagne moisson-battage 2025-2026 a \u00e9t\u00e9 lanc\u00e9e dans","og_url":"https:\/\/lasentinelle.dz\/index.php\/2026\/04\/27\/cerealiculture-la-saison-de-toutes-les-promesses\/","og_site_name":"La Sentinelle","article_publisher":"https:\/\/www.facebook.com\/La-Sentinelle-104059864394773","article_published_time":"2026-04-27T13:30:17+00:00","article_modified_time":"2026-04-27T13:30:23+00:00","og_image":[{"width":850,"height":480,"url":"https:\/\/lasentinelle.dz\/wp-content\/uploads\/2026\/04\/cerealiculture.webp","type":"image\/webp"}],"author":"admin","twitter_card":"summary_large_image","twitter_misc":{"\u00c9crit par":"admin","Dur\u00e9e de lecture estim\u00e9e":"6 minutes"},"schema":{"@context":"https:\/\/schema.org","@graph":[{"@type":"Article","@id":"https:\/\/lasentinelle.dz\/index.php\/2026\/04\/27\/cerealiculture-la-saison-de-toutes-les-promesses\/#article","isPartOf":{"@id":"https:\/\/lasentinelle.dz\/index.php\/2026\/04\/27\/cerealiculture-la-saison-de-toutes-les-promesses\/"},"author":{"name":"admin","@id":"https:\/\/lasentinelle.dz\/#\/schema\/person\/729ee0024f24e0b8c5ec17232f8e8b41"},"headline":"C\u00e9r\u00e9aliculture\u00a0: La saison de toutes les promesses","datePublished":"2026-04-27T13:30:17+00:00","dateModified":"2026-04-27T13:30:23+00:00","mainEntityOfPage":{"@id":"https:\/\/lasentinelle.dz\/index.php\/2026\/04\/27\/cerealiculture-la-saison-de-toutes-les-promesses\/"},"wordCount":1122,"commentCount":0,"publisher":{"@id":"https:\/\/lasentinelle.dz\/#organization"},"image":{"@id":"https:\/\/lasentinelle.dz\/index.php\/2026\/04\/27\/cerealiculture-la-saison-de-toutes-les-promesses\/#primaryimage"},"thumbnailUrl":"https:\/\/lasentinelle.dz\/wp-content\/uploads\/2026\/04\/cerealiculture.webp","articleSection":["\u00c0 la Une","\u00c9conomie"],"inLanguage":"fr-FR","potentialAction":[{"@type":"CommentAction","name":"Comment","target":["https:\/\/lasentinelle.dz\/index.php\/2026\/04\/27\/cerealiculture-la-saison-de-toutes-les-promesses\/#respond"]}]},{"@type":"WebPage","@id":"https:\/\/lasentinelle.dz\/index.php\/2026\/04\/27\/cerealiculture-la-saison-de-toutes-les-promesses\/","url":"https:\/\/lasentinelle.dz\/index.php\/2026\/04\/27\/cerealiculture-la-saison-de-toutes-les-promesses\/","name":"C\u00e9r\u00e9aliculture\u00a0: La saison de toutes les promesses - La Sentinelle","isPartOf":{"@id":"https:\/\/lasentinelle.dz\/#website"},"primaryImageOfPage":{"@id":"https:\/\/lasentinelle.dz\/index.php\/2026\/04\/27\/cerealiculture-la-saison-de-toutes-les-promesses\/#primaryimage"},"image":{"@id":"https:\/\/lasentinelle.dz\/index.php\/2026\/04\/27\/cerealiculture-la-saison-de-toutes-les-promesses\/#primaryimage"},"thumbnailUrl":"https:\/\/lasentinelle.dz\/wp-content\/uploads\/2026\/04\/cerealiculture.webp","datePublished":"2026-04-27T13:30:17+00:00","dateModified":"2026-04-27T13:30:23+00:00","breadcrumb":{"@id":"https:\/\/lasentinelle.dz\/index.php\/2026\/04\/27\/cerealiculture-la-saison-de-toutes-les-promesses\/#breadcrumb"},"inLanguage":"fr-FR","potentialAction":[{"@type":"ReadAction","target":["https:\/\/lasentinelle.dz\/index.php\/2026\/04\/27\/cerealiculture-la-saison-de-toutes-les-promesses\/"]}]},{"@type":"ImageObject","inLanguage":"fr-FR","@id":"https:\/\/lasentinelle.dz\/index.php\/2026\/04\/27\/cerealiculture-la-saison-de-toutes-les-promesses\/#primaryimage","url":"https:\/\/lasentinelle.dz\/wp-content\/uploads\/2026\/04\/cerealiculture.webp","contentUrl":"https:\/\/lasentinelle.dz\/wp-content\/uploads\/2026\/04\/cerealiculture.webp","width":850,"height":480},{"@type":"BreadcrumbList","@id":"https:\/\/lasentinelle.dz\/index.php\/2026\/04\/27\/cerealiculture-la-saison-de-toutes-les-promesses\/#breadcrumb","itemListElement":[{"@type":"ListItem","position":1,"name":"Accueil","item":"https:\/\/lasentinelle.dz\/"},{"@type":"ListItem","position":2,"name":"C\u00e9r\u00e9aliculture\u00a0: La saison de toutes les promesses"}]},{"@type":"WebSite","@id":"https:\/\/lasentinelle.dz\/#website","url":"https:\/\/lasentinelle.dz\/","name":"La Sentinelle","description":"Quotidien national d&#039;information","publisher":{"@id":"https:\/\/lasentinelle.dz\/#organization"},"potentialAction":[{"@type":"SearchAction","target":{"@type":"EntryPoint","urlTemplate":"https:\/\/lasentinelle.dz\/?s={search_term_string}"},"query-input":{"@type":"PropertyValueSpecification","valueRequired":true,"valueName":"search_term_string"}}],"inLanguage":"fr-FR"},{"@type":"Organization","@id":"https:\/\/lasentinelle.dz\/#organization","name":"Quotidien La Sentinelle","url":"https:\/\/lasentinelle.dz\/","logo":{"@type":"ImageObject","inLanguage":"fr-FR","@id":"https:\/\/lasentinelle.dz\/#\/schema\/logo\/image\/","url":"https:\/\/lasentinelle.dz\/wp-content\/uploads\/2021\/09\/logo-sentinelleSLOGAN-1.png","contentUrl":"https:\/\/lasentinelle.dz\/wp-content\/uploads\/2021\/09\/logo-sentinelleSLOGAN-1.png","width":615,"height":142,"caption":"Quotidien La Sentinelle"},"image":{"@id":"https:\/\/lasentinelle.dz\/#\/schema\/logo\/image\/"},"sameAs":["https:\/\/www.facebook.com\/La-Sentinelle-104059864394773"]},{"@type":"Person","@id":"https:\/\/lasentinelle.dz\/#\/schema\/person\/729ee0024f24e0b8c5ec17232f8e8b41","name":"admin","image":{"@type":"ImageObject","inLanguage":"fr-FR","@id":"https:\/\/secure.gravatar.com\/avatar\/4c81fed838786e9b53f540bf46533e750f5d292099ae3b66cfc6fb1982e29df7?s=96&d=mm&r=g","url":"https:\/\/secure.gravatar.com\/avatar\/4c81fed838786e9b53f540bf46533e750f5d292099ae3b66cfc6fb1982e29df7?s=96&d=mm&r=g","contentUrl":"https:\/\/secure.gravatar.com\/avatar\/4c81fed838786e9b53f540bf46533e750f5d292099ae3b66cfc6fb1982e29df7?s=96&d=mm&r=g","caption":"admin"},"description":"admin","url":"https:\/\/lasentinelle.dz\/author\/admin\/"}]}},"_links":{"self":[{"href":"https:\/\/lasentinelle.dz\/index.php\/wp-json\/wp\/v2\/posts\/86481","targetHints":{"allow":["GET"]}}],"collection":[{"href":"https:\/\/lasentinelle.dz\/index.php\/wp-json\/wp\/v2\/posts"}],"about":[{"href":"https:\/\/lasentinelle.dz\/index.php\/wp-json\/wp\/v2\/types\/post"}],"author":[{"embeddable":true,"href":"https:\/\/lasentinelle.dz\/index.php\/wp-json\/wp\/v2\/users\/6"}],"replies":[{"embeddable":true,"href":"https:\/\/lasentinelle.dz\/index.php\/wp-json\/wp\/v2\/comments?post=86481"}],"version-history":[{"count":1,"href":"https:\/\/lasentinelle.dz\/index.php\/wp-json\/wp\/v2\/posts\/86481\/revisions"}],"predecessor-version":[{"id":86483,"href":"https:\/\/lasentinelle.dz\/index.php\/wp-json\/wp\/v2\/posts\/86481\/revisions\/86483"}],"wp:featuredmedia":[{"embeddable":true,"href":"https:\/\/lasentinelle.dz\/index.php\/wp-json\/wp\/v2\/media\/86482"}],"wp:attachment":[{"href":"https:\/\/lasentinelle.dz\/index.php\/wp-json\/wp\/v2\/media?parent=86481"}],"wp:term":[{"taxonomy":"category","embeddable":true,"href":"https:\/\/lasentinelle.dz\/index.php\/wp-json\/wp\/v2\/categories?post=86481"},{"taxonomy":"post_tag","embeddable":true,"href":"https:\/\/lasentinelle.dz\/index.php\/wp-json\/wp\/v2\/tags?post=86481"}],"curies":[{"name":"wp","href":"https:\/\/api.w.org\/{rel}","templated":true}]}}