{"id":86484,"date":"2026-04-27T14:31:38","date_gmt":"2026-04-27T13:31:38","guid":{"rendered":"https:\/\/lasentinelle.dz\/?p=86484"},"modified":"2026-04-27T14:31:41","modified_gmt":"2026-04-27T13:31:41","slug":"lalgerie-lance-son-programme-national-de-formation-dans-le-domaine","status":"publish","type":"post","link":"https:\/\/lasentinelle.dz\/index.php\/2026\/04\/27\/lalgerie-lance-son-programme-national-de-formation-dans-le-domaine\/","title":{"rendered":"L&rsquo;Alg\u00e9rie lance son programme national de formation dans le domaine"},"content":{"rendered":"\n<p><strong>Former les comp\u00e9tences pour la r\u00e9volution de l\u2019IA<\/strong><\/p>\n\n\n\n<p>Deux ministres, un m\u00eame institut, et une ambition affich\u00e9e : doter l&rsquo;Alg\u00e9rie de comp\u00e9tences locales en intelligence artificielle avant que le retard ne se creuse davantage. Ce dimanche \u00e0 Rahmania, dans la banlieue alg\u00e9roise, la ministre de l\u2019Enseignement et de la Formation professionnels Nassima Arhab et le ministre de l&rsquo;\u00c9conomie de la connaissance, des Start-up et des Micro-entreprises, Noureddine Ouadah ont copr\u00e9sid\u00e9 le lancement officiel du Programme national de formation en IA, au sein de l&rsquo;Institut national sp\u00e9cialis\u00e9 de formation professionnelle. Une initiative interminist\u00e9rielle qui entend r\u00e9pondre \u00e0 une urgence concr\u00e8te : former vite, former bien, et ouvrir derri\u00e8re la voie vers l&rsquo;entrepreneuriat. Le dispositif n&rsquo;est pas sorti de nulle part. La formation des formateurs avait d\u00e9j\u00e0 d\u00e9but\u00e9 le 15 janvier dernier, posant les fondations avant que le programme lui-m\u00eame ne soit officiellement engag\u00e9. Il se d\u00e9roule sur douze semaines au total : huit semaines de formation intensive, puis quatre semaines de projets applicatifs. Ce s\u00e9quen\u00e7age traduit un parti pris p\u00e9dagogique clair \u2014 le terrain d&rsquo;abord, la th\u00e9orie au service de la pratique, pas l&rsquo;inverse.<\/p>\n\n\n\n<p>Prenant la parole lors de la c\u00e9r\u00e9monie, Nassima Arhab a camp\u00e9 le programme dans une perspective d&rsquo;\u00c9tat. Ce programme, a-t-elle dit, \u00ab incarne l&rsquo;engagement ferme de l&rsquo;\u00c9tat \u00e0 investir dans les comp\u00e9tences nationales \u00bb, qu&rsquo;elle a qualifi\u00e9es de \u00ab pilier fondamental pour accompagner les mutations technologiques rapides que conna\u00eet le monde d&rsquo;aujourd&rsquo;hui \u00bb. Elle a tenu \u00e0 pr\u00e9ciser que l&rsquo;initiative ne rel\u00e8ve pas d&rsquo;un seul d\u00e9partement : il s&rsquo;agit selon elle \u00ab du fruit d&rsquo;une coop\u00e9ration \u00e9troite entre le minist\u00e8re de la Formation et de l&rsquo;Enseignement professionnels et le minist\u00e8re de l&rsquo;\u00c9conomie de la connaissance, des Startups et des Micro-entreprises \u00bb, dans le cadre d&rsquo;une vision strat\u00e9gique visant \u00e0 \u00ab pr\u00e9parer des comp\u00e9tences capables de s&rsquo;int\u00e9grer rapidement dans l&rsquo;environnement num\u00e9rique et de contribuer \u00e0 l&rsquo;innovation de solutions r\u00e9pondant aux exigences du march\u00e9 \u00bb.<\/p>\n\n\n\n<p>Sur la m\u00e9thode, la ministre a d\u00e9crit une \u00ab approche moderne \u00bb qui place le terrain au c\u0153ur du dispositif. Les stagiaires ne seront pas cantonn\u00e9s \u00e0 des exercices acad\u00e9miques : ils travailleront directement sur des chantiers r\u00e9els, et \u00ab vivront une exp\u00e9rience professionnelle qualitative \u00e0 travers des projets concrets \u00bb. C&rsquo;est l\u00e0 pr\u00e9cis\u00e9ment qu&rsquo;interviennent les startups \u2014 non comme caution symbolique, mais comme cadre d&rsquo;application effectif, avec acc\u00e8s aux derni\u00e8res technologies et aux mod\u00e8les d&rsquo;IA les plus r\u00e9cents.<\/p>\n\n\n\n<p>De son c\u00f4t\u00e9, Noureddine Ouadah a situ\u00e9 l&rsquo;enjeu dans une dynamique plus large. Ce programme \u00ab constitue une nouvelle brique dans le parcours visant \u00e0 relever le d\u00e9fi de l&rsquo;intelligence artificielle \u00bb, a-t-il d\u00e9clar\u00e9. Il a insist\u00e9 sur ce qu&rsquo;il a appel\u00e9 un travail \u00ab participatif et int\u00e9gratif \u00bb entre les deux minist\u00e8res, dont l&rsquo;objectif ne se limite pas au placement professionnel. Il s&rsquo;agit aussi, a-t-il pr\u00e9cis\u00e9, \u00ab d&rsquo;\u00e9quiper le march\u00e9 national de comp\u00e9tences capables d&rsquo;accompagner l&rsquo;\u00e9volution fulgurante de l&rsquo;IA \u00bb, et de donner \u00e0 ces jeunes \u00ab la possibilit\u00e9 de cr\u00e9er leurs propres entreprises, via l&rsquo;incubateur d&rsquo;affaires et le Centre de d\u00e9veloppement de l&rsquo;entrepreneuriat \u00bb. Cette derni\u00e8re dimension a \u00e9t\u00e9 mise en acte d\u00e8s la c\u00e9r\u00e9monie. Les deux ministres ont inaugur\u00e9, dans la foul\u00e9e, le premier incubateur d&rsquo;entreprises de l&rsquo;Institut de Rahmania. L&rsquo;espace est destin\u00e9 \u00e0 ancrer une culture entrepreneuriale aupr\u00e8s des stagiaires et dipl\u00f4m\u00e9s, \u00e0 soutenir les projets innovants et \u00e0 encourager ceux qui veulent aller au-del\u00e0 du salariat. La c\u00e9r\u00e9monie s&rsquo;est conclue par une pr\u00e9sentation du programme et la remise de distinctions aux enseignants ayant contribu\u00e9 \u00e0 son \u00e9laboration \u2014 une reconnaissance qui dit quelque chose sur l&rsquo;investissement humain derri\u00e8re le dispositif. Ce double lancement s&rsquo;inscrit dans un agenda num\u00e9rique que le gouvernement alg\u00e9rien pousse depuis plusieurs ann\u00e9es : soutien aux startups, cadre r\u00e9glementaire assoupli pour les jeunes entrepreneurs, d\u00e9veloppement de plateformes publiques d\u00e9mat\u00e9rialis\u00e9es. Le programme d&rsquo;IA vient s&rsquo;y greffer avec une sp\u00e9cificit\u00e9 notable : il passe par la formation professionnelle, secteur longtemps cantonn\u00e9 aux m\u00e9tiers manuels, qu&rsquo;il s&rsquo;agit d\u00e9sormais de connecter \u00e0 l&rsquo;\u00e9conomie de la donn\u00e9e et de l&rsquo;algorithme.<\/p>\n\n\n\n<p>Samir Benisid<\/p>\n","protected":false},"excerpt":{"rendered":"<p>Former les comp\u00e9tences pour la r\u00e9volution de l\u2019IA Deux ministres, un m\u00eame institut, et une ambition affich\u00e9e : doter l&rsquo;Alg\u00e9rie<\/p>\n","protected":false},"author":6,"featured_media":83263,"comment_status":"open","ping_status":"closed","sticky":false,"template":"","format":"standard","meta":{"colormag_page_container_layout":"default_layout","colormag_page_sidebar_layout":"default_layout","om_disable_all_campaigns":false,"_monsterinsights_skip_tracking":false,"_monsterinsights_sitenote_active":false,"_monsterinsights_sitenote_note":"","_monsterinsights_sitenote_category":0,"footnotes":"","_wpscppro_dont_share_socialmedia":false,"_wpscppro_custom_social_share_image":0,"_facebook_share_type":"default","_twitter_share_type":"default","_linkedin_share_type":"default","_pinterest_share_type":"default","_linkedin_share_type_page":"","_instagram_share_type":"default","_medium_share_type":"default","_threads_share_type":"default","_google_business_share_type":"default","_selected_social_profile":[],"_wpsp_enable_custom_social_template":false,"_wpsp_social_scheduling":{"enabled":false,"datetime":null,"platforms":[],"status":"template_only","dateOption":"today","timeOption":"now","customDays":"","customHours":"","customDate":"","customTime":"","schedulingType":"absolute"},"_wpsp_active_default_template":true},"categories":[27],"tags":[],"class_list":["post-86484","post","type-post","status-publish","format-standard","has-post-thumbnail","hentry","category-actualite"],"aioseo_notices":[],"yoast_head":"<!-- This site is optimized with the Yoast SEO plugin v27.5 - https:\/\/yoast.com\/product\/yoast-seo-wordpress\/ -->\n<title>L&rsquo;Alg\u00e9rie lance son programme national de formation dans le domaine - La Sentinelle<\/title>\n<meta name=\"robots\" content=\"index, follow, max-snippet:-1, max-image-preview:large, max-video-preview:-1\" \/>\n<link rel=\"canonical\" href=\"https:\/\/lasentinelle.dz\/index.php\/2026\/04\/27\/lalgerie-lance-son-programme-national-de-formation-dans-le-domaine\/\" \/>\n<meta property=\"og:locale\" content=\"fr_FR\" \/>\n<meta property=\"og:type\" content=\"article\" \/>\n<meta property=\"og:title\" content=\"L&rsquo;Alg\u00e9rie lance son programme national de formation dans le domaine - La Sentinelle\" \/>\n<meta property=\"og:description\" content=\"Former les comp\u00e9tences pour la r\u00e9volution de l\u2019IA Deux ministres, un m\u00eame institut, et une ambition affich\u00e9e : doter l&rsquo;Alg\u00e9rie\" \/>\n<meta property=\"og:url\" content=\"https:\/\/lasentinelle.dz\/index.php\/2026\/04\/27\/lalgerie-lance-son-programme-national-de-formation-dans-le-domaine\/\" \/>\n<meta property=\"og:site_name\" content=\"La Sentinelle\" \/>\n<meta property=\"article:publisher\" content=\"https:\/\/www.facebook.com\/La-Sentinelle-104059864394773\" \/>\n<meta property=\"article:published_time\" content=\"2026-04-27T13:31:38+00:00\" \/>\n<meta property=\"article:modified_time\" content=\"2026-04-27T13:31:41+00:00\" \/>\n<meta property=\"og:image\" content=\"https:\/\/lasentinelle.dz\/wp-content\/uploads\/2026\/03\/IA.webp\" \/>\n\t<meta property=\"og:image:width\" content=\"1000\" \/>\n\t<meta property=\"og:image:height\" content=\"571\" \/>\n\t<meta property=\"og:image:type\" content=\"image\/webp\" \/>\n<meta name=\"author\" content=\"admin\" \/>\n<meta name=\"twitter:card\" content=\"summary_large_image\" \/>\n<meta name=\"twitter:label1\" content=\"\u00c9crit par\" \/>\n\t<meta name=\"twitter:data1\" content=\"admin\" \/>\n\t<meta name=\"twitter:label2\" content=\"Dur\u00e9e de lecture estim\u00e9e\" \/>\n\t<meta name=\"twitter:data2\" content=\"4 minutes\" \/>\n<script type=\"application\/ld+json\" class=\"yoast-schema-graph\">{\"@context\":\"https:\\\/\\\/schema.org\",\"@graph\":[{\"@type\":\"Article\",\"@id\":\"https:\\\/\\\/lasentinelle.dz\\\/index.php\\\/2026\\\/04\\\/27\\\/lalgerie-lance-son-programme-national-de-formation-dans-le-domaine\\\/#article\",\"isPartOf\":{\"@id\":\"https:\\\/\\\/lasentinelle.dz\\\/index.php\\\/2026\\\/04\\\/27\\\/lalgerie-lance-son-programme-national-de-formation-dans-le-domaine\\\/\"},\"author\":{\"name\":\"admin\",\"@id\":\"https:\\\/\\\/lasentinelle.dz\\\/#\\\/schema\\\/person\\\/729ee0024f24e0b8c5ec17232f8e8b41\"},\"headline\":\"L&rsquo;Alg\u00e9rie lance son programme national de formation dans le domaine\",\"datePublished\":\"2026-04-27T13:31:38+00:00\",\"dateModified\":\"2026-04-27T13:31:41+00:00\",\"mainEntityOfPage\":{\"@id\":\"https:\\\/\\\/lasentinelle.dz\\\/index.php\\\/2026\\\/04\\\/27\\\/lalgerie-lance-son-programme-national-de-formation-dans-le-domaine\\\/\"},\"wordCount\":764,\"commentCount\":0,\"publisher\":{\"@id\":\"https:\\\/\\\/lasentinelle.dz\\\/#organization\"},\"image\":{\"@id\":\"https:\\\/\\\/lasentinelle.dz\\\/index.php\\\/2026\\\/04\\\/27\\\/lalgerie-lance-son-programme-national-de-formation-dans-le-domaine\\\/#primaryimage\"},\"thumbnailUrl\":\"https:\\\/\\\/lasentinelle.dz\\\/wp-content\\\/uploads\\\/2026\\\/03\\\/IA.webp\",\"articleSection\":[\"Actualit\u00e9\"],\"inLanguage\":\"fr-FR\",\"potentialAction\":[{\"@type\":\"CommentAction\",\"name\":\"Comment\",\"target\":[\"https:\\\/\\\/lasentinelle.dz\\\/index.php\\\/2026\\\/04\\\/27\\\/lalgerie-lance-son-programme-national-de-formation-dans-le-domaine\\\/#respond\"]}]},{\"@type\":\"WebPage\",\"@id\":\"https:\\\/\\\/lasentinelle.dz\\\/index.php\\\/2026\\\/04\\\/27\\\/lalgerie-lance-son-programme-national-de-formation-dans-le-domaine\\\/\",\"url\":\"https:\\\/\\\/lasentinelle.dz\\\/index.php\\\/2026\\\/04\\\/27\\\/lalgerie-lance-son-programme-national-de-formation-dans-le-domaine\\\/\",\"name\":\"L&rsquo;Alg\u00e9rie lance son programme national de formation dans le domaine - La Sentinelle\",\"isPartOf\":{\"@id\":\"https:\\\/\\\/lasentinelle.dz\\\/#website\"},\"primaryImageOfPage\":{\"@id\":\"https:\\\/\\\/lasentinelle.dz\\\/index.php\\\/2026\\\/04\\\/27\\\/lalgerie-lance-son-programme-national-de-formation-dans-le-domaine\\\/#primaryimage\"},\"image\":{\"@id\":\"https:\\\/\\\/lasentinelle.dz\\\/index.php\\\/2026\\\/04\\\/27\\\/lalgerie-lance-son-programme-national-de-formation-dans-le-domaine\\\/#primaryimage\"},\"thumbnailUrl\":\"https:\\\/\\\/lasentinelle.dz\\\/wp-content\\\/uploads\\\/2026\\\/03\\\/IA.webp\",\"datePublished\":\"2026-04-27T13:31:38+00:00\",\"dateModified\":\"2026-04-27T13:31:41+00:00\",\"breadcrumb\":{\"@id\":\"https:\\\/\\\/lasentinelle.dz\\\/index.php\\\/2026\\\/04\\\/27\\\/lalgerie-lance-son-programme-national-de-formation-dans-le-domaine\\\/#breadcrumb\"},\"inLanguage\":\"fr-FR\",\"potentialAction\":[{\"@type\":\"ReadAction\",\"target\":[\"https:\\\/\\\/lasentinelle.dz\\\/index.php\\\/2026\\\/04\\\/27\\\/lalgerie-lance-son-programme-national-de-formation-dans-le-domaine\\\/\"]}]},{\"@type\":\"ImageObject\",\"inLanguage\":\"fr-FR\",\"@id\":\"https:\\\/\\\/lasentinelle.dz\\\/index.php\\\/2026\\\/04\\\/27\\\/lalgerie-lance-son-programme-national-de-formation-dans-le-domaine\\\/#primaryimage\",\"url\":\"https:\\\/\\\/lasentinelle.dz\\\/wp-content\\\/uploads\\\/2026\\\/03\\\/IA.webp\",\"contentUrl\":\"https:\\\/\\\/lasentinelle.dz\\\/wp-content\\\/uploads\\\/2026\\\/03\\\/IA.webp\",\"width\":1000,\"height\":571},{\"@type\":\"BreadcrumbList\",\"@id\":\"https:\\\/\\\/lasentinelle.dz\\\/index.php\\\/2026\\\/04\\\/27\\\/lalgerie-lance-son-programme-national-de-formation-dans-le-domaine\\\/#breadcrumb\",\"itemListElement\":[{\"@type\":\"ListItem\",\"position\":1,\"name\":\"Accueil\",\"item\":\"https:\\\/\\\/lasentinelle.dz\\\/\"},{\"@type\":\"ListItem\",\"position\":2,\"name\":\"L&rsquo;Alg\u00e9rie lance son programme national de formation dans le domaine\"}]},{\"@type\":\"WebSite\",\"@id\":\"https:\\\/\\\/lasentinelle.dz\\\/#website\",\"url\":\"https:\\\/\\\/lasentinelle.dz\\\/\",\"name\":\"La Sentinelle\",\"description\":\"Quotidien national d&#039;information\",\"publisher\":{\"@id\":\"https:\\\/\\\/lasentinelle.dz\\\/#organization\"},\"potentialAction\":[{\"@type\":\"SearchAction\",\"target\":{\"@type\":\"EntryPoint\",\"urlTemplate\":\"https:\\\/\\\/lasentinelle.dz\\\/?s={search_term_string}\"},\"query-input\":{\"@type\":\"PropertyValueSpecification\",\"valueRequired\":true,\"valueName\":\"search_term_string\"}}],\"inLanguage\":\"fr-FR\"},{\"@type\":\"Organization\",\"@id\":\"https:\\\/\\\/lasentinelle.dz\\\/#organization\",\"name\":\"Quotidien La Sentinelle\",\"url\":\"https:\\\/\\\/lasentinelle.dz\\\/\",\"logo\":{\"@type\":\"ImageObject\",\"inLanguage\":\"fr-FR\",\"@id\":\"https:\\\/\\\/lasentinelle.dz\\\/#\\\/schema\\\/logo\\\/image\\\/\",\"url\":\"https:\\\/\\\/lasentinelle.dz\\\/wp-content\\\/uploads\\\/2021\\\/09\\\/logo-sentinelleSLOGAN-1.png\",\"contentUrl\":\"https:\\\/\\\/lasentinelle.dz\\\/wp-content\\\/uploads\\\/2021\\\/09\\\/logo-sentinelleSLOGAN-1.png\",\"width\":615,\"height\":142,\"caption\":\"Quotidien La Sentinelle\"},\"image\":{\"@id\":\"https:\\\/\\\/lasentinelle.dz\\\/#\\\/schema\\\/logo\\\/image\\\/\"},\"sameAs\":[\"https:\\\/\\\/www.facebook.com\\\/La-Sentinelle-104059864394773\"]},{\"@type\":\"Person\",\"@id\":\"https:\\\/\\\/lasentinelle.dz\\\/#\\\/schema\\\/person\\\/729ee0024f24e0b8c5ec17232f8e8b41\",\"name\":\"admin\",\"image\":{\"@type\":\"ImageObject\",\"inLanguage\":\"fr-FR\",\"@id\":\"https:\\\/\\\/secure.gravatar.com\\\/avatar\\\/4c81fed838786e9b53f540bf46533e750f5d292099ae3b66cfc6fb1982e29df7?s=96&d=mm&r=g\",\"url\":\"https:\\\/\\\/secure.gravatar.com\\\/avatar\\\/4c81fed838786e9b53f540bf46533e750f5d292099ae3b66cfc6fb1982e29df7?s=96&d=mm&r=g\",\"contentUrl\":\"https:\\\/\\\/secure.gravatar.com\\\/avatar\\\/4c81fed838786e9b53f540bf46533e750f5d292099ae3b66cfc6fb1982e29df7?s=96&d=mm&r=g\",\"caption\":\"admin\"},\"description\":\"admin\",\"url\":\"https:\\\/\\\/lasentinelle.dz\\\/author\\\/admin\\\/\"}]}<\/script>\n<!-- \/ Yoast SEO plugin. -->","yoast_head_json":{"title":"L&rsquo;Alg\u00e9rie lance son programme national de formation dans le domaine - La Sentinelle","robots":{"index":"index","follow":"follow","max-snippet":"max-snippet:-1","max-image-preview":"max-image-preview:large","max-video-preview":"max-video-preview:-1"},"canonical":"https:\/\/lasentinelle.dz\/index.php\/2026\/04\/27\/lalgerie-lance-son-programme-national-de-formation-dans-le-domaine\/","og_locale":"fr_FR","og_type":"article","og_title":"L&rsquo;Alg\u00e9rie lance son programme national de formation dans le domaine - La Sentinelle","og_description":"Former les comp\u00e9tences pour la r\u00e9volution de l\u2019IA Deux ministres, un m\u00eame institut, et une ambition affich\u00e9e : doter l&rsquo;Alg\u00e9rie","og_url":"https:\/\/lasentinelle.dz\/index.php\/2026\/04\/27\/lalgerie-lance-son-programme-national-de-formation-dans-le-domaine\/","og_site_name":"La Sentinelle","article_publisher":"https:\/\/www.facebook.com\/La-Sentinelle-104059864394773","article_published_time":"2026-04-27T13:31:38+00:00","article_modified_time":"2026-04-27T13:31:41+00:00","og_image":[{"width":1000,"height":571,"url":"https:\/\/lasentinelle.dz\/wp-content\/uploads\/2026\/03\/IA.webp","type":"image\/webp"}],"author":"admin","twitter_card":"summary_large_image","twitter_misc":{"\u00c9crit par":"admin","Dur\u00e9e de lecture estim\u00e9e":"4 minutes"},"schema":{"@context":"https:\/\/schema.org","@graph":[{"@type":"Article","@id":"https:\/\/lasentinelle.dz\/index.php\/2026\/04\/27\/lalgerie-lance-son-programme-national-de-formation-dans-le-domaine\/#article","isPartOf":{"@id":"https:\/\/lasentinelle.dz\/index.php\/2026\/04\/27\/lalgerie-lance-son-programme-national-de-formation-dans-le-domaine\/"},"author":{"name":"admin","@id":"https:\/\/lasentinelle.dz\/#\/schema\/person\/729ee0024f24e0b8c5ec17232f8e8b41"},"headline":"L&rsquo;Alg\u00e9rie lance son programme national de formation dans le domaine","datePublished":"2026-04-27T13:31:38+00:00","dateModified":"2026-04-27T13:31:41+00:00","mainEntityOfPage":{"@id":"https:\/\/lasentinelle.dz\/index.php\/2026\/04\/27\/lalgerie-lance-son-programme-national-de-formation-dans-le-domaine\/"},"wordCount":764,"commentCount":0,"publisher":{"@id":"https:\/\/lasentinelle.dz\/#organization"},"image":{"@id":"https:\/\/lasentinelle.dz\/index.php\/2026\/04\/27\/lalgerie-lance-son-programme-national-de-formation-dans-le-domaine\/#primaryimage"},"thumbnailUrl":"https:\/\/lasentinelle.dz\/wp-content\/uploads\/2026\/03\/IA.webp","articleSection":["Actualit\u00e9"],"inLanguage":"fr-FR","potentialAction":[{"@type":"CommentAction","name":"Comment","target":["https:\/\/lasentinelle.dz\/index.php\/2026\/04\/27\/lalgerie-lance-son-programme-national-de-formation-dans-le-domaine\/#respond"]}]},{"@type":"WebPage","@id":"https:\/\/lasentinelle.dz\/index.php\/2026\/04\/27\/lalgerie-lance-son-programme-national-de-formation-dans-le-domaine\/","url":"https:\/\/lasentinelle.dz\/index.php\/2026\/04\/27\/lalgerie-lance-son-programme-national-de-formation-dans-le-domaine\/","name":"L&rsquo;Alg\u00e9rie lance son programme national de formation dans le domaine - La Sentinelle","isPartOf":{"@id":"https:\/\/lasentinelle.dz\/#website"},"primaryImageOfPage":{"@id":"https:\/\/lasentinelle.dz\/index.php\/2026\/04\/27\/lalgerie-lance-son-programme-national-de-formation-dans-le-domaine\/#primaryimage"},"image":{"@id":"https:\/\/lasentinelle.dz\/index.php\/2026\/04\/27\/lalgerie-lance-son-programme-national-de-formation-dans-le-domaine\/#primaryimage"},"thumbnailUrl":"https:\/\/lasentinelle.dz\/wp-content\/uploads\/2026\/03\/IA.webp","datePublished":"2026-04-27T13:31:38+00:00","dateModified":"2026-04-27T13:31:41+00:00","breadcrumb":{"@id":"https:\/\/lasentinelle.dz\/index.php\/2026\/04\/27\/lalgerie-lance-son-programme-national-de-formation-dans-le-domaine\/#breadcrumb"},"inLanguage":"fr-FR","potentialAction":[{"@type":"ReadAction","target":["https:\/\/lasentinelle.dz\/index.php\/2026\/04\/27\/lalgerie-lance-son-programme-national-de-formation-dans-le-domaine\/"]}]},{"@type":"ImageObject","inLanguage":"fr-FR","@id":"https:\/\/lasentinelle.dz\/index.php\/2026\/04\/27\/lalgerie-lance-son-programme-national-de-formation-dans-le-domaine\/#primaryimage","url":"https:\/\/lasentinelle.dz\/wp-content\/uploads\/2026\/03\/IA.webp","contentUrl":"https:\/\/lasentinelle.dz\/wp-content\/uploads\/2026\/03\/IA.webp","width":1000,"height":571},{"@type":"BreadcrumbList","@id":"https:\/\/lasentinelle.dz\/index.php\/2026\/04\/27\/lalgerie-lance-son-programme-national-de-formation-dans-le-domaine\/#breadcrumb","itemListElement":[{"@type":"ListItem","position":1,"name":"Accueil","item":"https:\/\/lasentinelle.dz\/"},{"@type":"ListItem","position":2,"name":"L&rsquo;Alg\u00e9rie lance son programme national de formation dans le domaine"}]},{"@type":"WebSite","@id":"https:\/\/lasentinelle.dz\/#website","url":"https:\/\/lasentinelle.dz\/","name":"La Sentinelle","description":"Quotidien national d&#039;information","publisher":{"@id":"https:\/\/lasentinelle.dz\/#organization"},"potentialAction":[{"@type":"SearchAction","target":{"@type":"EntryPoint","urlTemplate":"https:\/\/lasentinelle.dz\/?s={search_term_string}"},"query-input":{"@type":"PropertyValueSpecification","valueRequired":true,"valueName":"search_term_string"}}],"inLanguage":"fr-FR"},{"@type":"Organization","@id":"https:\/\/lasentinelle.dz\/#organization","name":"Quotidien La Sentinelle","url":"https:\/\/lasentinelle.dz\/","logo":{"@type":"ImageObject","inLanguage":"fr-FR","@id":"https:\/\/lasentinelle.dz\/#\/schema\/logo\/image\/","url":"https:\/\/lasentinelle.dz\/wp-content\/uploads\/2021\/09\/logo-sentinelleSLOGAN-1.png","contentUrl":"https:\/\/lasentinelle.dz\/wp-content\/uploads\/2021\/09\/logo-sentinelleSLOGAN-1.png","width":615,"height":142,"caption":"Quotidien La Sentinelle"},"image":{"@id":"https:\/\/lasentinelle.dz\/#\/schema\/logo\/image\/"},"sameAs":["https:\/\/www.facebook.com\/La-Sentinelle-104059864394773"]},{"@type":"Person","@id":"https:\/\/lasentinelle.dz\/#\/schema\/person\/729ee0024f24e0b8c5ec17232f8e8b41","name":"admin","image":{"@type":"ImageObject","inLanguage":"fr-FR","@id":"https:\/\/secure.gravatar.com\/avatar\/4c81fed838786e9b53f540bf46533e750f5d292099ae3b66cfc6fb1982e29df7?s=96&d=mm&r=g","url":"https:\/\/secure.gravatar.com\/avatar\/4c81fed838786e9b53f540bf46533e750f5d292099ae3b66cfc6fb1982e29df7?s=96&d=mm&r=g","contentUrl":"https:\/\/secure.gravatar.com\/avatar\/4c81fed838786e9b53f540bf46533e750f5d292099ae3b66cfc6fb1982e29df7?s=96&d=mm&r=g","caption":"admin"},"description":"admin","url":"https:\/\/lasentinelle.dz\/author\/admin\/"}]}},"_links":{"self":[{"href":"https:\/\/lasentinelle.dz\/index.php\/wp-json\/wp\/v2\/posts\/86484","targetHints":{"allow":["GET"]}}],"collection":[{"href":"https:\/\/lasentinelle.dz\/index.php\/wp-json\/wp\/v2\/posts"}],"about":[{"href":"https:\/\/lasentinelle.dz\/index.php\/wp-json\/wp\/v2\/types\/post"}],"author":[{"embeddable":true,"href":"https:\/\/lasentinelle.dz\/index.php\/wp-json\/wp\/v2\/users\/6"}],"replies":[{"embeddable":true,"href":"https:\/\/lasentinelle.dz\/index.php\/wp-json\/wp\/v2\/comments?post=86484"}],"version-history":[{"count":2,"href":"https:\/\/lasentinelle.dz\/index.php\/wp-json\/wp\/v2\/posts\/86484\/revisions"}],"predecessor-version":[{"id":86486,"href":"https:\/\/lasentinelle.dz\/index.php\/wp-json\/wp\/v2\/posts\/86484\/revisions\/86486"}],"wp:featuredmedia":[{"embeddable":true,"href":"https:\/\/lasentinelle.dz\/index.php\/wp-json\/wp\/v2\/media\/83263"}],"wp:attachment":[{"href":"https:\/\/lasentinelle.dz\/index.php\/wp-json\/wp\/v2\/media?parent=86484"}],"wp:term":[{"taxonomy":"category","embeddable":true,"href":"https:\/\/lasentinelle.dz\/index.php\/wp-json\/wp\/v2\/categories?post=86484"},{"taxonomy":"post_tag","embeddable":true,"href":"https:\/\/lasentinelle.dz\/index.php\/wp-json\/wp\/v2\/tags?post=86484"}],"curies":[{"name":"wp","href":"https:\/\/api.w.org\/{rel}","templated":true}]}}