{"id":86487,"date":"2026-04-27T14:42:45","date_gmt":"2026-04-27T13:42:45","guid":{"rendered":"https:\/\/lasentinelle.dz\/?p=86487"},"modified":"2026-04-27T14:42:48","modified_gmt":"2026-04-27T13:42:48","slug":"plateforme-de-recours-pour-lallocation-chomage-les-precisions-de-saihi","status":"publish","type":"post","link":"https:\/\/lasentinelle.dz\/index.php\/2026\/04\/27\/plateforme-de-recours-pour-lallocation-chomage-les-precisions-de-saihi\/","title":{"rendered":"Plateforme de recours pour l&rsquo;allocation ch\u00f4mage\u00a0: Les pr\u00e9cisions de Saihi"},"content":{"rendered":"\n<p>Le ministre du Travail, de l&rsquo;Emploi et de la S\u00e9curit\u00e9 sociale, Abdelhak Saihi, a tenu \u00e0 lever toute ambigu\u00eft\u00e9 : les jeunes qui essuient un refus d&rsquo;allocation ch\u00f4mage disposent d&rsquo;un canal num\u00e9rique pour contester cette d\u00e9cision, et la r\u00e9ponse leur parvient en temps r\u00e9el. C&rsquo;est ce qu&rsquo;il a d\u00e9clar\u00e9 dimanche \u00e0 Alger, en marge d&rsquo;une rencontre avec la presse, rappelant l&rsquo;existence d&rsquo;un dispositif que beaucoup semblent ignorer.<\/p>\n\n\n\n<p>Le ministre a \u00e9t\u00e9 on ne peut plus explicite sur ce point : \u00abil existe une plateforme num\u00e9rique d\u00e9di\u00e9e aux jeunes pour l&rsquo;introduction de recours en cas de refus de l&rsquo;allocation ch\u00f4mage, avec une r\u00e9ponse en temps r\u00e9el\u00bb. Une formulation qui \u00e9carte d&#8217;embl\u00e9e le flou administratif dont souffrent souvent ce type de proc\u00e9dures. Saihi a tenu \u00e0 souligner la \u00abtransparence totale\u00bb qui caract\u00e9rise l&rsquo;op\u00e9ration, une fa\u00e7on de r\u00e9pondre aux inqui\u00e9tudes des demandeurs qui redoutent de voir leur dossier trait\u00e9 dans l&rsquo;opacit\u00e9 des guichets. Ce recours rappelons-le peut \u00eatre introduit via la plateforme \u00ab&nbsp;Minha&nbsp;\u00bb de l\u2019Agence nationale pour l\u2019emploi (Anem). Au-del\u00e0 du recours \u00e0 l&rsquo;allocation ch\u00f4mage, le ministre a dress\u00e9 un \u00e9tat des lieux plus large de la transformation num\u00e9rique en cours dans son secteur. Il a \u00e9voqu\u00e9 les \u00abmesures prises pour num\u00e9riser la gestion des organismes sous tutelle \u00e0 l&rsquo;effet de moderniser les prestations, d&rsquo;am\u00e9liorer la qualit\u00e9 des services et de simplifier les proc\u00e9dures administratives au profit du citoyen\u00bb \u2014 une formulation administrative, certes, mais qui traduit une ambition concr\u00e8te : d\u00e9gager le citoyen du poids des d\u00e9marches physiques.<\/p>\n\n\n\n<p>Parmi les avanc\u00e9es cit\u00e9es, Saihi a mentionn\u00e9 le service de reconnaissance faciale d\u00e9ploy\u00e9 par la Caisse nationale de retraite (CNR), qui \u00abpermet aux retrait\u00e9s de fournir un certificat de vie via un Smartphone pour leur \u00e9viter les contraintes du d\u00e9placement\u00bb. Pour des milliers de retrait\u00e9s, parfois \u00e2g\u00e9s ou \u00e9loign\u00e9s des centres de la Caisse, ce service repr\u00e9sente une \u00e9conomie de temps et d&rsquo;effort non n\u00e9gligeable. Le ministre a \u00e9galement rappel\u00e9 le paiement \u00e9lectronique des cotisations de s\u00e9curit\u00e9 sociale mis \u00e0 disposition des employeurs, un outil qui leur \u00abpermet de s&rsquo;acquitter des cotisations avec c\u00e9l\u00e9rit\u00e9 et d&rsquo;\u00e9viter les d\u00e9placements vers les centres de la Caisse\u00bb.<\/p>\n\n\n\n<p>Le bilan avanc\u00e9 par Saihi donne la mesure du chemin parcouru : son secteur a atteint un \u00abtaux de num\u00e9risation de 97 % pour l&rsquo;ensemble des documents qui \u00e9taient auparavant exig\u00e9s du citoyen\u00bb. Un chiffre qui, s&rsquo;il est confirm\u00e9 dans les faits, signifie que la quasi-totalit\u00e9 des pi\u00e8ces justificatives jadis r\u00e9clam\u00e9es en version papier ont bascul\u00e9 dans le circuit num\u00e9rique. Le ministre a conclu en insistant sur le r\u00f4le de la transformation num\u00e9rique dans \u00abla concr\u00e9tisation du d\u00e9veloppement \u00e9conomique et social escompt\u00e9\u00bb \u2014 une ambition nationale que le secteur du travail entend incarner par des outils accessibles au plus grand nombre.<\/p>\n\n\n\n<p>Lyna Larbi<\/p>\n","protected":false},"excerpt":{"rendered":"<p>Le ministre du Travail, de l&rsquo;Emploi et de la S\u00e9curit\u00e9 sociale, Abdelhak Saihi, a tenu \u00e0 lever toute ambigu\u00eft\u00e9 :<\/p>\n","protected":false},"author":6,"featured_media":17763,"comment_status":"open","ping_status":"closed","sticky":false,"template":"","format":"standard","meta":{"colormag_page_container_layout":"default_layout","colormag_page_sidebar_layout":"default_layout","om_disable_all_campaigns":false,"_monsterinsights_skip_tracking":false,"_monsterinsights_sitenote_active":false,"_monsterinsights_sitenote_note":"","_monsterinsights_sitenote_category":0,"footnotes":"","_wpscppro_dont_share_socialmedia":false,"_wpscppro_custom_social_share_image":0,"_facebook_share_type":"default","_twitter_share_type":"default","_linkedin_share_type":"default","_pinterest_share_type":"default","_linkedin_share_type_page":"","_instagram_share_type":"default","_medium_share_type":"default","_threads_share_type":"default","_google_business_share_type":"default","_selected_social_profile":[],"_wpsp_enable_custom_social_template":false,"_wpsp_social_scheduling":{"enabled":false,"datetime":null,"platforms":[],"status":"template_only","dateOption":"today","timeOption":"now","customDays":"","customHours":"","customDate":"","customTime":"","schedulingType":"absolute"},"_wpsp_active_default_template":true},"categories":[52,27],"tags":[],"class_list":["post-86487","post","type-post","status-publish","format-standard","has-post-thumbnail","hentry","category-a-la-une","category-actualite"],"aioseo_notices":[],"yoast_head":"<!-- This site is optimized with the Yoast SEO plugin v27.4 - https:\/\/yoast.com\/product\/yoast-seo-wordpress\/ -->\n<title>Plateforme de recours pour l&rsquo;allocation ch\u00f4mage\u00a0: Les pr\u00e9cisions de Saihi - La Sentinelle<\/title>\n<meta name=\"robots\" content=\"index, follow, max-snippet:-1, max-image-preview:large, max-video-preview:-1\" \/>\n<link rel=\"canonical\" href=\"https:\/\/lasentinelle.dz\/index.php\/2026\/04\/27\/plateforme-de-recours-pour-lallocation-chomage-les-precisions-de-saihi\/\" \/>\n<meta property=\"og:locale\" content=\"fr_FR\" \/>\n<meta property=\"og:type\" content=\"article\" \/>\n<meta property=\"og:title\" content=\"Plateforme de recours pour l&rsquo;allocation ch\u00f4mage\u00a0: Les pr\u00e9cisions de Saihi - La Sentinelle\" \/>\n<meta property=\"og:description\" content=\"Le ministre du Travail, de l&rsquo;Emploi et de la S\u00e9curit\u00e9 sociale, Abdelhak Saihi, a tenu \u00e0 lever toute ambigu\u00eft\u00e9 :\" \/>\n<meta property=\"og:url\" content=\"https:\/\/lasentinelle.dz\/index.php\/2026\/04\/27\/plateforme-de-recours-pour-lallocation-chomage-les-precisions-de-saihi\/\" \/>\n<meta property=\"og:site_name\" content=\"La Sentinelle\" \/>\n<meta property=\"article:publisher\" content=\"https:\/\/www.facebook.com\/La-Sentinelle-104059864394773\" \/>\n<meta property=\"article:published_time\" content=\"2026-04-27T13:42:45+00:00\" \/>\n<meta property=\"article:modified_time\" content=\"2026-04-27T13:42:48+00:00\" \/>\n<meta property=\"og:image\" content=\"https:\/\/lasentinelle.dz\/wp-content\/uploads\/2022\/03\/Anem.png\" \/>\n\t<meta property=\"og:image:width\" content=\"1749\" \/>\n\t<meta property=\"og:image:height\" content=\"900\" \/>\n\t<meta property=\"og:image:type\" content=\"image\/png\" \/>\n<meta name=\"author\" content=\"admin\" \/>\n<meta name=\"twitter:card\" content=\"summary_large_image\" \/>\n<meta name=\"twitter:label1\" content=\"\u00c9crit par\" \/>\n\t<meta name=\"twitter:data1\" content=\"admin\" \/>\n\t<meta name=\"twitter:label2\" content=\"Dur\u00e9e de lecture estim\u00e9e\" \/>\n\t<meta name=\"twitter:data2\" content=\"3 minutes\" \/>\n<script type=\"application\/ld+json\" class=\"yoast-schema-graph\">{\"@context\":\"https:\\\/\\\/schema.org\",\"@graph\":[{\"@type\":\"Article\",\"@id\":\"https:\\\/\\\/lasentinelle.dz\\\/index.php\\\/2026\\\/04\\\/27\\\/plateforme-de-recours-pour-lallocation-chomage-les-precisions-de-saihi\\\/#article\",\"isPartOf\":{\"@id\":\"https:\\\/\\\/lasentinelle.dz\\\/index.php\\\/2026\\\/04\\\/27\\\/plateforme-de-recours-pour-lallocation-chomage-les-precisions-de-saihi\\\/\"},\"author\":{\"name\":\"admin\",\"@id\":\"https:\\\/\\\/lasentinelle.dz\\\/#\\\/schema\\\/person\\\/729ee0024f24e0b8c5ec17232f8e8b41\"},\"headline\":\"Plateforme de recours pour l&rsquo;allocation ch\u00f4mage\u00a0: Les pr\u00e9cisions de Saihi\",\"datePublished\":\"2026-04-27T13:42:45+00:00\",\"dateModified\":\"2026-04-27T13:42:48+00:00\",\"mainEntityOfPage\":{\"@id\":\"https:\\\/\\\/lasentinelle.dz\\\/index.php\\\/2026\\\/04\\\/27\\\/plateforme-de-recours-pour-lallocation-chomage-les-precisions-de-saihi\\\/\"},\"wordCount\":531,\"commentCount\":0,\"publisher\":{\"@id\":\"https:\\\/\\\/lasentinelle.dz\\\/#organization\"},\"image\":{\"@id\":\"https:\\\/\\\/lasentinelle.dz\\\/index.php\\\/2026\\\/04\\\/27\\\/plateforme-de-recours-pour-lallocation-chomage-les-precisions-de-saihi\\\/#primaryimage\"},\"thumbnailUrl\":\"https:\\\/\\\/lasentinelle.dz\\\/wp-content\\\/uploads\\\/2022\\\/03\\\/Anem.png\",\"articleSection\":[\"\u00c0 la Une\",\"Actualit\u00e9\"],\"inLanguage\":\"fr-FR\",\"potentialAction\":[{\"@type\":\"CommentAction\",\"name\":\"Comment\",\"target\":[\"https:\\\/\\\/lasentinelle.dz\\\/index.php\\\/2026\\\/04\\\/27\\\/plateforme-de-recours-pour-lallocation-chomage-les-precisions-de-saihi\\\/#respond\"]}]},{\"@type\":\"WebPage\",\"@id\":\"https:\\\/\\\/lasentinelle.dz\\\/index.php\\\/2026\\\/04\\\/27\\\/plateforme-de-recours-pour-lallocation-chomage-les-precisions-de-saihi\\\/\",\"url\":\"https:\\\/\\\/lasentinelle.dz\\\/index.php\\\/2026\\\/04\\\/27\\\/plateforme-de-recours-pour-lallocation-chomage-les-precisions-de-saihi\\\/\",\"name\":\"Plateforme de recours pour l&rsquo;allocation ch\u00f4mage\u00a0: Les pr\u00e9cisions de Saihi - La Sentinelle\",\"isPartOf\":{\"@id\":\"https:\\\/\\\/lasentinelle.dz\\\/#website\"},\"primaryImageOfPage\":{\"@id\":\"https:\\\/\\\/lasentinelle.dz\\\/index.php\\\/2026\\\/04\\\/27\\\/plateforme-de-recours-pour-lallocation-chomage-les-precisions-de-saihi\\\/#primaryimage\"},\"image\":{\"@id\":\"https:\\\/\\\/lasentinelle.dz\\\/index.php\\\/2026\\\/04\\\/27\\\/plateforme-de-recours-pour-lallocation-chomage-les-precisions-de-saihi\\\/#primaryimage\"},\"thumbnailUrl\":\"https:\\\/\\\/lasentinelle.dz\\\/wp-content\\\/uploads\\\/2022\\\/03\\\/Anem.png\",\"datePublished\":\"2026-04-27T13:42:45+00:00\",\"dateModified\":\"2026-04-27T13:42:48+00:00\",\"breadcrumb\":{\"@id\":\"https:\\\/\\\/lasentinelle.dz\\\/index.php\\\/2026\\\/04\\\/27\\\/plateforme-de-recours-pour-lallocation-chomage-les-precisions-de-saihi\\\/#breadcrumb\"},\"inLanguage\":\"fr-FR\",\"potentialAction\":[{\"@type\":\"ReadAction\",\"target\":[\"https:\\\/\\\/lasentinelle.dz\\\/index.php\\\/2026\\\/04\\\/27\\\/plateforme-de-recours-pour-lallocation-chomage-les-precisions-de-saihi\\\/\"]}]},{\"@type\":\"ImageObject\",\"inLanguage\":\"fr-FR\",\"@id\":\"https:\\\/\\\/lasentinelle.dz\\\/index.php\\\/2026\\\/04\\\/27\\\/plateforme-de-recours-pour-lallocation-chomage-les-precisions-de-saihi\\\/#primaryimage\",\"url\":\"https:\\\/\\\/lasentinelle.dz\\\/wp-content\\\/uploads\\\/2022\\\/03\\\/Anem.png\",\"contentUrl\":\"https:\\\/\\\/lasentinelle.dz\\\/wp-content\\\/uploads\\\/2022\\\/03\\\/Anem.png\",\"width\":1749,\"height\":900},{\"@type\":\"BreadcrumbList\",\"@id\":\"https:\\\/\\\/lasentinelle.dz\\\/index.php\\\/2026\\\/04\\\/27\\\/plateforme-de-recours-pour-lallocation-chomage-les-precisions-de-saihi\\\/#breadcrumb\",\"itemListElement\":[{\"@type\":\"ListItem\",\"position\":1,\"name\":\"Accueil\",\"item\":\"https:\\\/\\\/lasentinelle.dz\\\/\"},{\"@type\":\"ListItem\",\"position\":2,\"name\":\"Plateforme de recours pour l&rsquo;allocation ch\u00f4mage\u00a0: Les pr\u00e9cisions de Saihi\"}]},{\"@type\":\"WebSite\",\"@id\":\"https:\\\/\\\/lasentinelle.dz\\\/#website\",\"url\":\"https:\\\/\\\/lasentinelle.dz\\\/\",\"name\":\"La Sentinelle\",\"description\":\"Quotidien national d&#039;information\",\"publisher\":{\"@id\":\"https:\\\/\\\/lasentinelle.dz\\\/#organization\"},\"potentialAction\":[{\"@type\":\"SearchAction\",\"target\":{\"@type\":\"EntryPoint\",\"urlTemplate\":\"https:\\\/\\\/lasentinelle.dz\\\/?s={search_term_string}\"},\"query-input\":{\"@type\":\"PropertyValueSpecification\",\"valueRequired\":true,\"valueName\":\"search_term_string\"}}],\"inLanguage\":\"fr-FR\"},{\"@type\":\"Organization\",\"@id\":\"https:\\\/\\\/lasentinelle.dz\\\/#organization\",\"name\":\"Quotidien La Sentinelle\",\"url\":\"https:\\\/\\\/lasentinelle.dz\\\/\",\"logo\":{\"@type\":\"ImageObject\",\"inLanguage\":\"fr-FR\",\"@id\":\"https:\\\/\\\/lasentinelle.dz\\\/#\\\/schema\\\/logo\\\/image\\\/\",\"url\":\"https:\\\/\\\/lasentinelle.dz\\\/wp-content\\\/uploads\\\/2021\\\/09\\\/logo-sentinelleSLOGAN-1.png\",\"contentUrl\":\"https:\\\/\\\/lasentinelle.dz\\\/wp-content\\\/uploads\\\/2021\\\/09\\\/logo-sentinelleSLOGAN-1.png\",\"width\":615,\"height\":142,\"caption\":\"Quotidien La Sentinelle\"},\"image\":{\"@id\":\"https:\\\/\\\/lasentinelle.dz\\\/#\\\/schema\\\/logo\\\/image\\\/\"},\"sameAs\":[\"https:\\\/\\\/www.facebook.com\\\/La-Sentinelle-104059864394773\"]},{\"@type\":\"Person\",\"@id\":\"https:\\\/\\\/lasentinelle.dz\\\/#\\\/schema\\\/person\\\/729ee0024f24e0b8c5ec17232f8e8b41\",\"name\":\"admin\",\"image\":{\"@type\":\"ImageObject\",\"inLanguage\":\"fr-FR\",\"@id\":\"https:\\\/\\\/secure.gravatar.com\\\/avatar\\\/4c81fed838786e9b53f540bf46533e750f5d292099ae3b66cfc6fb1982e29df7?s=96&d=mm&r=g\",\"url\":\"https:\\\/\\\/secure.gravatar.com\\\/avatar\\\/4c81fed838786e9b53f540bf46533e750f5d292099ae3b66cfc6fb1982e29df7?s=96&d=mm&r=g\",\"contentUrl\":\"https:\\\/\\\/secure.gravatar.com\\\/avatar\\\/4c81fed838786e9b53f540bf46533e750f5d292099ae3b66cfc6fb1982e29df7?s=96&d=mm&r=g\",\"caption\":\"admin\"},\"description\":\"admin\",\"url\":\"https:\\\/\\\/lasentinelle.dz\\\/author\\\/admin\\\/\"}]}<\/script>\n<!-- \/ Yoast SEO plugin. -->","yoast_head_json":{"title":"Plateforme de recours pour l&rsquo;allocation ch\u00f4mage\u00a0: Les pr\u00e9cisions de Saihi - La Sentinelle","robots":{"index":"index","follow":"follow","max-snippet":"max-snippet:-1","max-image-preview":"max-image-preview:large","max-video-preview":"max-video-preview:-1"},"canonical":"https:\/\/lasentinelle.dz\/index.php\/2026\/04\/27\/plateforme-de-recours-pour-lallocation-chomage-les-precisions-de-saihi\/","og_locale":"fr_FR","og_type":"article","og_title":"Plateforme de recours pour l&rsquo;allocation ch\u00f4mage\u00a0: Les pr\u00e9cisions de Saihi - La Sentinelle","og_description":"Le ministre du Travail, de l&rsquo;Emploi et de la S\u00e9curit\u00e9 sociale, Abdelhak Saihi, a tenu \u00e0 lever toute ambigu\u00eft\u00e9 :","og_url":"https:\/\/lasentinelle.dz\/index.php\/2026\/04\/27\/plateforme-de-recours-pour-lallocation-chomage-les-precisions-de-saihi\/","og_site_name":"La Sentinelle","article_publisher":"https:\/\/www.facebook.com\/La-Sentinelle-104059864394773","article_published_time":"2026-04-27T13:42:45+00:00","article_modified_time":"2026-04-27T13:42:48+00:00","og_image":[{"width":1749,"height":900,"url":"https:\/\/lasentinelle.dz\/wp-content\/uploads\/2022\/03\/Anem.png","type":"image\/png"}],"author":"admin","twitter_card":"summary_large_image","twitter_misc":{"\u00c9crit par":"admin","Dur\u00e9e de lecture estim\u00e9e":"3 minutes"},"schema":{"@context":"https:\/\/schema.org","@graph":[{"@type":"Article","@id":"https:\/\/lasentinelle.dz\/index.php\/2026\/04\/27\/plateforme-de-recours-pour-lallocation-chomage-les-precisions-de-saihi\/#article","isPartOf":{"@id":"https:\/\/lasentinelle.dz\/index.php\/2026\/04\/27\/plateforme-de-recours-pour-lallocation-chomage-les-precisions-de-saihi\/"},"author":{"name":"admin","@id":"https:\/\/lasentinelle.dz\/#\/schema\/person\/729ee0024f24e0b8c5ec17232f8e8b41"},"headline":"Plateforme de recours pour l&rsquo;allocation ch\u00f4mage\u00a0: Les pr\u00e9cisions de Saihi","datePublished":"2026-04-27T13:42:45+00:00","dateModified":"2026-04-27T13:42:48+00:00","mainEntityOfPage":{"@id":"https:\/\/lasentinelle.dz\/index.php\/2026\/04\/27\/plateforme-de-recours-pour-lallocation-chomage-les-precisions-de-saihi\/"},"wordCount":531,"commentCount":0,"publisher":{"@id":"https:\/\/lasentinelle.dz\/#organization"},"image":{"@id":"https:\/\/lasentinelle.dz\/index.php\/2026\/04\/27\/plateforme-de-recours-pour-lallocation-chomage-les-precisions-de-saihi\/#primaryimage"},"thumbnailUrl":"https:\/\/lasentinelle.dz\/wp-content\/uploads\/2022\/03\/Anem.png","articleSection":["\u00c0 la Une","Actualit\u00e9"],"inLanguage":"fr-FR","potentialAction":[{"@type":"CommentAction","name":"Comment","target":["https:\/\/lasentinelle.dz\/index.php\/2026\/04\/27\/plateforme-de-recours-pour-lallocation-chomage-les-precisions-de-saihi\/#respond"]}]},{"@type":"WebPage","@id":"https:\/\/lasentinelle.dz\/index.php\/2026\/04\/27\/plateforme-de-recours-pour-lallocation-chomage-les-precisions-de-saihi\/","url":"https:\/\/lasentinelle.dz\/index.php\/2026\/04\/27\/plateforme-de-recours-pour-lallocation-chomage-les-precisions-de-saihi\/","name":"Plateforme de recours pour l&rsquo;allocation ch\u00f4mage\u00a0: Les pr\u00e9cisions de Saihi - La Sentinelle","isPartOf":{"@id":"https:\/\/lasentinelle.dz\/#website"},"primaryImageOfPage":{"@id":"https:\/\/lasentinelle.dz\/index.php\/2026\/04\/27\/plateforme-de-recours-pour-lallocation-chomage-les-precisions-de-saihi\/#primaryimage"},"image":{"@id":"https:\/\/lasentinelle.dz\/index.php\/2026\/04\/27\/plateforme-de-recours-pour-lallocation-chomage-les-precisions-de-saihi\/#primaryimage"},"thumbnailUrl":"https:\/\/lasentinelle.dz\/wp-content\/uploads\/2022\/03\/Anem.png","datePublished":"2026-04-27T13:42:45+00:00","dateModified":"2026-04-27T13:42:48+00:00","breadcrumb":{"@id":"https:\/\/lasentinelle.dz\/index.php\/2026\/04\/27\/plateforme-de-recours-pour-lallocation-chomage-les-precisions-de-saihi\/#breadcrumb"},"inLanguage":"fr-FR","potentialAction":[{"@type":"ReadAction","target":["https:\/\/lasentinelle.dz\/index.php\/2026\/04\/27\/plateforme-de-recours-pour-lallocation-chomage-les-precisions-de-saihi\/"]}]},{"@type":"ImageObject","inLanguage":"fr-FR","@id":"https:\/\/lasentinelle.dz\/index.php\/2026\/04\/27\/plateforme-de-recours-pour-lallocation-chomage-les-precisions-de-saihi\/#primaryimage","url":"https:\/\/lasentinelle.dz\/wp-content\/uploads\/2022\/03\/Anem.png","contentUrl":"https:\/\/lasentinelle.dz\/wp-content\/uploads\/2022\/03\/Anem.png","width":1749,"height":900},{"@type":"BreadcrumbList","@id":"https:\/\/lasentinelle.dz\/index.php\/2026\/04\/27\/plateforme-de-recours-pour-lallocation-chomage-les-precisions-de-saihi\/#breadcrumb","itemListElement":[{"@type":"ListItem","position":1,"name":"Accueil","item":"https:\/\/lasentinelle.dz\/"},{"@type":"ListItem","position":2,"name":"Plateforme de recours pour l&rsquo;allocation ch\u00f4mage\u00a0: Les pr\u00e9cisions de Saihi"}]},{"@type":"WebSite","@id":"https:\/\/lasentinelle.dz\/#website","url":"https:\/\/lasentinelle.dz\/","name":"La Sentinelle","description":"Quotidien national d&#039;information","publisher":{"@id":"https:\/\/lasentinelle.dz\/#organization"},"potentialAction":[{"@type":"SearchAction","target":{"@type":"EntryPoint","urlTemplate":"https:\/\/lasentinelle.dz\/?s={search_term_string}"},"query-input":{"@type":"PropertyValueSpecification","valueRequired":true,"valueName":"search_term_string"}}],"inLanguage":"fr-FR"},{"@type":"Organization","@id":"https:\/\/lasentinelle.dz\/#organization","name":"Quotidien La Sentinelle","url":"https:\/\/lasentinelle.dz\/","logo":{"@type":"ImageObject","inLanguage":"fr-FR","@id":"https:\/\/lasentinelle.dz\/#\/schema\/logo\/image\/","url":"https:\/\/lasentinelle.dz\/wp-content\/uploads\/2021\/09\/logo-sentinelleSLOGAN-1.png","contentUrl":"https:\/\/lasentinelle.dz\/wp-content\/uploads\/2021\/09\/logo-sentinelleSLOGAN-1.png","width":615,"height":142,"caption":"Quotidien La Sentinelle"},"image":{"@id":"https:\/\/lasentinelle.dz\/#\/schema\/logo\/image\/"},"sameAs":["https:\/\/www.facebook.com\/La-Sentinelle-104059864394773"]},{"@type":"Person","@id":"https:\/\/lasentinelle.dz\/#\/schema\/person\/729ee0024f24e0b8c5ec17232f8e8b41","name":"admin","image":{"@type":"ImageObject","inLanguage":"fr-FR","@id":"https:\/\/secure.gravatar.com\/avatar\/4c81fed838786e9b53f540bf46533e750f5d292099ae3b66cfc6fb1982e29df7?s=96&d=mm&r=g","url":"https:\/\/secure.gravatar.com\/avatar\/4c81fed838786e9b53f540bf46533e750f5d292099ae3b66cfc6fb1982e29df7?s=96&d=mm&r=g","contentUrl":"https:\/\/secure.gravatar.com\/avatar\/4c81fed838786e9b53f540bf46533e750f5d292099ae3b66cfc6fb1982e29df7?s=96&d=mm&r=g","caption":"admin"},"description":"admin","url":"https:\/\/lasentinelle.dz\/author\/admin\/"}]}},"_links":{"self":[{"href":"https:\/\/lasentinelle.dz\/index.php\/wp-json\/wp\/v2\/posts\/86487","targetHints":{"allow":["GET"]}}],"collection":[{"href":"https:\/\/lasentinelle.dz\/index.php\/wp-json\/wp\/v2\/posts"}],"about":[{"href":"https:\/\/lasentinelle.dz\/index.php\/wp-json\/wp\/v2\/types\/post"}],"author":[{"embeddable":true,"href":"https:\/\/lasentinelle.dz\/index.php\/wp-json\/wp\/v2\/users\/6"}],"replies":[{"embeddable":true,"href":"https:\/\/lasentinelle.dz\/index.php\/wp-json\/wp\/v2\/comments?post=86487"}],"version-history":[{"count":2,"href":"https:\/\/lasentinelle.dz\/index.php\/wp-json\/wp\/v2\/posts\/86487\/revisions"}],"predecessor-version":[{"id":86489,"href":"https:\/\/lasentinelle.dz\/index.php\/wp-json\/wp\/v2\/posts\/86487\/revisions\/86489"}],"wp:featuredmedia":[{"embeddable":true,"href":"https:\/\/lasentinelle.dz\/index.php\/wp-json\/wp\/v2\/media\/17763"}],"wp:attachment":[{"href":"https:\/\/lasentinelle.dz\/index.php\/wp-json\/wp\/v2\/media?parent=86487"}],"wp:term":[{"taxonomy":"category","embeddable":true,"href":"https:\/\/lasentinelle.dz\/index.php\/wp-json\/wp\/v2\/categories?post=86487"},{"taxonomy":"post_tag","embeddable":true,"href":"https:\/\/lasentinelle.dz\/index.php\/wp-json\/wp\/v2\/tags?post=86487"}],"curies":[{"name":"wp","href":"https:\/\/api.w.org\/{rel}","templated":true}]}}