{"id":86490,"date":"2026-04-27T14:44:12","date_gmt":"2026-04-27T13:44:12","guid":{"rendered":"https:\/\/lasentinelle.dz\/?p=86490"},"modified":"2026-04-27T14:44:14","modified_gmt":"2026-04-27T13:44:14","slug":"conseil-de-lanie-la-clarification-des-cas-souleves-par-les-candidats-a-la-candidature-approuvee","status":"publish","type":"post","link":"https:\/\/lasentinelle.dz\/index.php\/2026\/04\/27\/conseil-de-lanie-la-clarification-des-cas-souleves-par-les-candidats-a-la-candidature-approuvee\/","title":{"rendered":"Conseil de l&rsquo;ANIE\u00a0: La clarification des cas soulev\u00e9s par les candidats \u00e0 la candidature approuv\u00e9e"},"content":{"rendered":"\n<p>Le Conseil de l&rsquo;Autorit\u00e9 nationale ind\u00e9pendante des \u00e9lections (ANIE) a approuv\u00e9 la clarification des cas soulev\u00e9s par les candidats souhaitant se pr\u00e9senter aux \u00e9lections des membres de l&rsquo;Assembl\u00e9e populaire nationale (APN) pr\u00e9vues le 2 juillet prochain, a indiqu\u00e9 samedi un communiqu\u00e9 de l&rsquo;ANIE. \u00ab\u00a0Apr\u00e8s examen des diff\u00e9rents cas li\u00e9s aux \u00e9lus (appartenance politique et exercice du mandat \u00e9lectoral), qui constituent la synth\u00e8se des cas soumis, le Conseil de l&rsquo;ANIE a valid\u00e9, \u00e0 l&rsquo;unanimit\u00e9, la clarification des cas soumis par les postulants \u00e0 l&rsquo;\u00e9lection des membres de l&rsquo;APN, pr\u00e9vue le 2 juillet 2026\u00a0\u00bb, pr\u00e9cise le communiqu\u00e9. \u00ab\u00a0Tout candidat se pr\u00e9sentant sous l&rsquo;\u00e9gide d&rsquo;un parti politique peut se porter candidat sous la banni\u00e8re de la m\u00eame formation. De m\u00eame, tout candidat sous la banni\u00e8re d&rsquo;un parti politique peut se pr\u00e9senter sous la banni\u00e8re d&rsquo;un autre parti ou au titre d&rsquo;une liste ind\u00e9pendante si son mandat a expir\u00e9\u00a0\u00bb, ajoute le m\u00eame communiqu\u00e9. Le document ajoute que \u00ab\u00a0tout candidat ind\u00e9pendant exer\u00e7ant le mandat en cours peut se porter candidat pour les L\u00e9gislatives du 2 juillet prochain sous la banni\u00e8re d&rsquo;un autre parti politique ou d&rsquo;une liste ind\u00e9pendante, en cas d&rsquo;expiration du mandat d&rsquo;\u00e9lu\u00a0\u00bb. Dans le m\u00eame cadre, \u00ab\u00a0tout candidat exer\u00e7ant le mandat \u00e9lectif en cours sous la banni\u00e8re d&rsquo;un parti politique en situation non conforme peut se porter candidat au titre d&rsquo;une liste ind\u00e9pendante\u00a0\u00bb. \u00ab\u00a0Il est interdit de se porter candidat sous l\u2019\u00e9gide d\u2019un autre parti politique ou d\u2019une liste ind\u00e9pendante pour tout \u00e9lu exer\u00e7ant le mandat actuel sous la banni\u00e8re d&rsquo;un parti politique non d\u00e9missionnaire\u00a0\u00bb, ajoute le communiqu\u00e9. A ce titre, \u00ab\u00a0il est interdit \u00e0 tout candidat postulant sous l&rsquo;\u00e9gide d&rsquo;un parti politique dont la situation n&rsquo;est pas conforme, et qui exerce le mandat en cours, de se porter candidat sous l&rsquo;\u00e9gide du m\u00eame parti jusqu&rsquo;\u00e0 r\u00e9gularisation de sa situation, tout comme il lui est interdit de postuler sous l&rsquo;\u00e9gide d&rsquo;un autre parti politique\u00a0\u00bb. L\u2019Autorit\u00e9 ind\u00e9pendante a pr\u00e9cis\u00e9 qu\u2019\u00e0 travers ses communiqu\u00e9s de clarification, elle \u00ab\u00a0ne vise nullement \u00e0 restreindre le droit de candidature garanti par la Constitution, mais tend plut\u00f4t \u00e0 clarifier les modalit\u00e9s d\u2019exercice de ce droit, dans le cadre du respect des principes constitutionnels et des fondements du r\u00e9gime \u00e9lectoral, notamment la moralisation de la vie politique, le respect de la d\u00e9ontologie des pratiques \u00e9lectorales ainsi que les conditions d&rsquo;\u00e9ligibilit\u00e9, reposant essentiellement sur deux crit\u00e8res fondamentaux, \u00e0 savoir l&rsquo;appartenance politique et l&rsquo;exercice du mandat \u00e9lectoral repr\u00e9sentatif\u00a0\u00bb.<\/p>\n\n\n\n<p>L&rsquo;ANIE a, par ailleurs, soulign\u00e9 qu&rsquo;elle \u00ab\u00a0demeure en contact permanent avec ses partenaires parmi les partis politiques et les listes ind\u00e9pendantes pour prendre en charge toute pr\u00e9occupation ou demande de clarification \u00e0 cet \u00e9gard\u00a0\u00bb, conclut la m\u00eame source.<\/p>\n\n\n\n<p>APS<\/p>\n","protected":false},"excerpt":{"rendered":"<p>Le Conseil de l&rsquo;Autorit\u00e9 nationale ind\u00e9pendante des \u00e9lections (ANIE) a approuv\u00e9 la clarification des cas soulev\u00e9s par les candidats souhaitant<\/p>\n","protected":false},"author":6,"featured_media":54901,"comment_status":"open","ping_status":"closed","sticky":false,"template":"","format":"standard","meta":{"colormag_page_container_layout":"default_layout","colormag_page_sidebar_layout":"default_layout","om_disable_all_campaigns":false,"_monsterinsights_skip_tracking":false,"_monsterinsights_sitenote_active":false,"_monsterinsights_sitenote_note":"","_monsterinsights_sitenote_category":0,"footnotes":"","_wpscppro_dont_share_socialmedia":false,"_wpscppro_custom_social_share_image":0,"_facebook_share_type":"default","_twitter_share_type":"default","_linkedin_share_type":"default","_pinterest_share_type":"default","_linkedin_share_type_page":"","_instagram_share_type":"default","_medium_share_type":"default","_threads_share_type":"default","_google_business_share_type":"default","_selected_social_profile":[],"_wpsp_enable_custom_social_template":false,"_wpsp_social_scheduling":{"enabled":false,"datetime":null,"platforms":[],"status":"template_only","dateOption":"today","timeOption":"now","customDays":"","customHours":"","customDate":"","customTime":"","schedulingType":"absolute"},"_wpsp_active_default_template":true},"categories":[28],"tags":[],"class_list":["post-86490","post","type-post","status-publish","format-standard","has-post-thumbnail","hentry","category-politique"],"aioseo_notices":[],"yoast_head":"<!-- This site is optimized with the Yoast SEO plugin v27.4 - https:\/\/yoast.com\/product\/yoast-seo-wordpress\/ -->\n<title>Conseil de l&rsquo;ANIE\u00a0: La clarification des cas soulev\u00e9s par les candidats \u00e0 la candidature approuv\u00e9e - La Sentinelle<\/title>\n<meta name=\"robots\" content=\"index, follow, max-snippet:-1, max-image-preview:large, max-video-preview:-1\" \/>\n<link rel=\"canonical\" href=\"https:\/\/lasentinelle.dz\/index.php\/2026\/04\/27\/conseil-de-lanie-la-clarification-des-cas-souleves-par-les-candidats-a-la-candidature-approuvee\/\" \/>\n<meta property=\"og:locale\" content=\"fr_FR\" \/>\n<meta property=\"og:type\" content=\"article\" \/>\n<meta property=\"og:title\" content=\"Conseil de l&rsquo;ANIE\u00a0: La clarification des cas soulev\u00e9s par les candidats \u00e0 la candidature approuv\u00e9e - La Sentinelle\" \/>\n<meta property=\"og:description\" content=\"Le Conseil de l&rsquo;Autorit\u00e9 nationale ind\u00e9pendante des \u00e9lections (ANIE) a approuv\u00e9 la clarification des cas soulev\u00e9s par les candidats souhaitant\" \/>\n<meta property=\"og:url\" content=\"https:\/\/lasentinelle.dz\/index.php\/2026\/04\/27\/conseil-de-lanie-la-clarification-des-cas-souleves-par-les-candidats-a-la-candidature-approuvee\/\" \/>\n<meta property=\"og:site_name\" content=\"La Sentinelle\" \/>\n<meta property=\"article:publisher\" content=\"https:\/\/www.facebook.com\/La-Sentinelle-104059864394773\" \/>\n<meta property=\"article:published_time\" content=\"2026-04-27T13:44:12+00:00\" \/>\n<meta property=\"article:modified_time\" content=\"2026-04-27T13:44:14+00:00\" \/>\n<meta property=\"og:image\" content=\"https:\/\/lasentinelle.dz\/wp-content\/uploads\/2024\/07\/ANIE.jpg\" \/>\n\t<meta property=\"og:image:width\" content=\"745\" \/>\n\t<meta property=\"og:image:height\" content=\"470\" \/>\n\t<meta property=\"og:image:type\" content=\"image\/jpeg\" \/>\n<meta name=\"author\" content=\"admin\" \/>\n<meta name=\"twitter:card\" content=\"summary_large_image\" \/>\n<meta name=\"twitter:label1\" content=\"\u00c9crit par\" \/>\n\t<meta name=\"twitter:data1\" content=\"admin\" \/>\n\t<meta name=\"twitter:label2\" content=\"Dur\u00e9e de lecture estim\u00e9e\" \/>\n\t<meta name=\"twitter:data2\" content=\"3 minutes\" \/>\n<script type=\"application\/ld+json\" class=\"yoast-schema-graph\">{\"@context\":\"https:\\\/\\\/schema.org\",\"@graph\":[{\"@type\":\"Article\",\"@id\":\"https:\\\/\\\/lasentinelle.dz\\\/index.php\\\/2026\\\/04\\\/27\\\/conseil-de-lanie-la-clarification-des-cas-souleves-par-les-candidats-a-la-candidature-approuvee\\\/#article\",\"isPartOf\":{\"@id\":\"https:\\\/\\\/lasentinelle.dz\\\/index.php\\\/2026\\\/04\\\/27\\\/conseil-de-lanie-la-clarification-des-cas-souleves-par-les-candidats-a-la-candidature-approuvee\\\/\"},\"author\":{\"name\":\"admin\",\"@id\":\"https:\\\/\\\/lasentinelle.dz\\\/#\\\/schema\\\/person\\\/729ee0024f24e0b8c5ec17232f8e8b41\"},\"headline\":\"Conseil de l&rsquo;ANIE\u00a0: La clarification des cas soulev\u00e9s par les candidats \u00e0 la candidature approuv\u00e9e\",\"datePublished\":\"2026-04-27T13:44:12+00:00\",\"dateModified\":\"2026-04-27T13:44:14+00:00\",\"mainEntityOfPage\":{\"@id\":\"https:\\\/\\\/lasentinelle.dz\\\/index.php\\\/2026\\\/04\\\/27\\\/conseil-de-lanie-la-clarification-des-cas-souleves-par-les-candidats-a-la-candidature-approuvee\\\/\"},\"wordCount\":524,\"commentCount\":0,\"publisher\":{\"@id\":\"https:\\\/\\\/lasentinelle.dz\\\/#organization\"},\"image\":{\"@id\":\"https:\\\/\\\/lasentinelle.dz\\\/index.php\\\/2026\\\/04\\\/27\\\/conseil-de-lanie-la-clarification-des-cas-souleves-par-les-candidats-a-la-candidature-approuvee\\\/#primaryimage\"},\"thumbnailUrl\":\"https:\\\/\\\/lasentinelle.dz\\\/wp-content\\\/uploads\\\/2024\\\/07\\\/ANIE.jpg\",\"articleSection\":[\"Politique\"],\"inLanguage\":\"fr-FR\",\"potentialAction\":[{\"@type\":\"CommentAction\",\"name\":\"Comment\",\"target\":[\"https:\\\/\\\/lasentinelle.dz\\\/index.php\\\/2026\\\/04\\\/27\\\/conseil-de-lanie-la-clarification-des-cas-souleves-par-les-candidats-a-la-candidature-approuvee\\\/#respond\"]}]},{\"@type\":\"WebPage\",\"@id\":\"https:\\\/\\\/lasentinelle.dz\\\/index.php\\\/2026\\\/04\\\/27\\\/conseil-de-lanie-la-clarification-des-cas-souleves-par-les-candidats-a-la-candidature-approuvee\\\/\",\"url\":\"https:\\\/\\\/lasentinelle.dz\\\/index.php\\\/2026\\\/04\\\/27\\\/conseil-de-lanie-la-clarification-des-cas-souleves-par-les-candidats-a-la-candidature-approuvee\\\/\",\"name\":\"Conseil de l&rsquo;ANIE\u00a0: La clarification des cas soulev\u00e9s par les candidats \u00e0 la candidature approuv\u00e9e - La Sentinelle\",\"isPartOf\":{\"@id\":\"https:\\\/\\\/lasentinelle.dz\\\/#website\"},\"primaryImageOfPage\":{\"@id\":\"https:\\\/\\\/lasentinelle.dz\\\/index.php\\\/2026\\\/04\\\/27\\\/conseil-de-lanie-la-clarification-des-cas-souleves-par-les-candidats-a-la-candidature-approuvee\\\/#primaryimage\"},\"image\":{\"@id\":\"https:\\\/\\\/lasentinelle.dz\\\/index.php\\\/2026\\\/04\\\/27\\\/conseil-de-lanie-la-clarification-des-cas-souleves-par-les-candidats-a-la-candidature-approuvee\\\/#primaryimage\"},\"thumbnailUrl\":\"https:\\\/\\\/lasentinelle.dz\\\/wp-content\\\/uploads\\\/2024\\\/07\\\/ANIE.jpg\",\"datePublished\":\"2026-04-27T13:44:12+00:00\",\"dateModified\":\"2026-04-27T13:44:14+00:00\",\"breadcrumb\":{\"@id\":\"https:\\\/\\\/lasentinelle.dz\\\/index.php\\\/2026\\\/04\\\/27\\\/conseil-de-lanie-la-clarification-des-cas-souleves-par-les-candidats-a-la-candidature-approuvee\\\/#breadcrumb\"},\"inLanguage\":\"fr-FR\",\"potentialAction\":[{\"@type\":\"ReadAction\",\"target\":[\"https:\\\/\\\/lasentinelle.dz\\\/index.php\\\/2026\\\/04\\\/27\\\/conseil-de-lanie-la-clarification-des-cas-souleves-par-les-candidats-a-la-candidature-approuvee\\\/\"]}]},{\"@type\":\"ImageObject\",\"inLanguage\":\"fr-FR\",\"@id\":\"https:\\\/\\\/lasentinelle.dz\\\/index.php\\\/2026\\\/04\\\/27\\\/conseil-de-lanie-la-clarification-des-cas-souleves-par-les-candidats-a-la-candidature-approuvee\\\/#primaryimage\",\"url\":\"https:\\\/\\\/lasentinelle.dz\\\/wp-content\\\/uploads\\\/2024\\\/07\\\/ANIE.jpg\",\"contentUrl\":\"https:\\\/\\\/lasentinelle.dz\\\/wp-content\\\/uploads\\\/2024\\\/07\\\/ANIE.jpg\",\"width\":745,\"height\":470},{\"@type\":\"BreadcrumbList\",\"@id\":\"https:\\\/\\\/lasentinelle.dz\\\/index.php\\\/2026\\\/04\\\/27\\\/conseil-de-lanie-la-clarification-des-cas-souleves-par-les-candidats-a-la-candidature-approuvee\\\/#breadcrumb\",\"itemListElement\":[{\"@type\":\"ListItem\",\"position\":1,\"name\":\"Accueil\",\"item\":\"https:\\\/\\\/lasentinelle.dz\\\/\"},{\"@type\":\"ListItem\",\"position\":2,\"name\":\"Conseil de l&rsquo;ANIE\u00a0: La clarification des cas soulev\u00e9s par les candidats \u00e0 la candidature approuv\u00e9e\"}]},{\"@type\":\"WebSite\",\"@id\":\"https:\\\/\\\/lasentinelle.dz\\\/#website\",\"url\":\"https:\\\/\\\/lasentinelle.dz\\\/\",\"name\":\"La Sentinelle\",\"description\":\"Quotidien national d&#039;information\",\"publisher\":{\"@id\":\"https:\\\/\\\/lasentinelle.dz\\\/#organization\"},\"potentialAction\":[{\"@type\":\"SearchAction\",\"target\":{\"@type\":\"EntryPoint\",\"urlTemplate\":\"https:\\\/\\\/lasentinelle.dz\\\/?s={search_term_string}\"},\"query-input\":{\"@type\":\"PropertyValueSpecification\",\"valueRequired\":true,\"valueName\":\"search_term_string\"}}],\"inLanguage\":\"fr-FR\"},{\"@type\":\"Organization\",\"@id\":\"https:\\\/\\\/lasentinelle.dz\\\/#organization\",\"name\":\"Quotidien La Sentinelle\",\"url\":\"https:\\\/\\\/lasentinelle.dz\\\/\",\"logo\":{\"@type\":\"ImageObject\",\"inLanguage\":\"fr-FR\",\"@id\":\"https:\\\/\\\/lasentinelle.dz\\\/#\\\/schema\\\/logo\\\/image\\\/\",\"url\":\"https:\\\/\\\/lasentinelle.dz\\\/wp-content\\\/uploads\\\/2021\\\/09\\\/logo-sentinelleSLOGAN-1.png\",\"contentUrl\":\"https:\\\/\\\/lasentinelle.dz\\\/wp-content\\\/uploads\\\/2021\\\/09\\\/logo-sentinelleSLOGAN-1.png\",\"width\":615,\"height\":142,\"caption\":\"Quotidien La Sentinelle\"},\"image\":{\"@id\":\"https:\\\/\\\/lasentinelle.dz\\\/#\\\/schema\\\/logo\\\/image\\\/\"},\"sameAs\":[\"https:\\\/\\\/www.facebook.com\\\/La-Sentinelle-104059864394773\"]},{\"@type\":\"Person\",\"@id\":\"https:\\\/\\\/lasentinelle.dz\\\/#\\\/schema\\\/person\\\/729ee0024f24e0b8c5ec17232f8e8b41\",\"name\":\"admin\",\"image\":{\"@type\":\"ImageObject\",\"inLanguage\":\"fr-FR\",\"@id\":\"https:\\\/\\\/secure.gravatar.com\\\/avatar\\\/4c81fed838786e9b53f540bf46533e750f5d292099ae3b66cfc6fb1982e29df7?s=96&d=mm&r=g\",\"url\":\"https:\\\/\\\/secure.gravatar.com\\\/avatar\\\/4c81fed838786e9b53f540bf46533e750f5d292099ae3b66cfc6fb1982e29df7?s=96&d=mm&r=g\",\"contentUrl\":\"https:\\\/\\\/secure.gravatar.com\\\/avatar\\\/4c81fed838786e9b53f540bf46533e750f5d292099ae3b66cfc6fb1982e29df7?s=96&d=mm&r=g\",\"caption\":\"admin\"},\"description\":\"admin\",\"url\":\"https:\\\/\\\/lasentinelle.dz\\\/author\\\/admin\\\/\"}]}<\/script>\n<!-- \/ Yoast SEO plugin. -->","yoast_head_json":{"title":"Conseil de l&rsquo;ANIE\u00a0: La clarification des cas soulev\u00e9s par les candidats \u00e0 la candidature approuv\u00e9e - La Sentinelle","robots":{"index":"index","follow":"follow","max-snippet":"max-snippet:-1","max-image-preview":"max-image-preview:large","max-video-preview":"max-video-preview:-1"},"canonical":"https:\/\/lasentinelle.dz\/index.php\/2026\/04\/27\/conseil-de-lanie-la-clarification-des-cas-souleves-par-les-candidats-a-la-candidature-approuvee\/","og_locale":"fr_FR","og_type":"article","og_title":"Conseil de l&rsquo;ANIE\u00a0: La clarification des cas soulev\u00e9s par les candidats \u00e0 la candidature approuv\u00e9e - La Sentinelle","og_description":"Le Conseil de l&rsquo;Autorit\u00e9 nationale ind\u00e9pendante des \u00e9lections (ANIE) a approuv\u00e9 la clarification des cas soulev\u00e9s par les candidats souhaitant","og_url":"https:\/\/lasentinelle.dz\/index.php\/2026\/04\/27\/conseil-de-lanie-la-clarification-des-cas-souleves-par-les-candidats-a-la-candidature-approuvee\/","og_site_name":"La Sentinelle","article_publisher":"https:\/\/www.facebook.com\/La-Sentinelle-104059864394773","article_published_time":"2026-04-27T13:44:12+00:00","article_modified_time":"2026-04-27T13:44:14+00:00","og_image":[{"width":745,"height":470,"url":"https:\/\/lasentinelle.dz\/wp-content\/uploads\/2024\/07\/ANIE.jpg","type":"image\/jpeg"}],"author":"admin","twitter_card":"summary_large_image","twitter_misc":{"\u00c9crit par":"admin","Dur\u00e9e de lecture estim\u00e9e":"3 minutes"},"schema":{"@context":"https:\/\/schema.org","@graph":[{"@type":"Article","@id":"https:\/\/lasentinelle.dz\/index.php\/2026\/04\/27\/conseil-de-lanie-la-clarification-des-cas-souleves-par-les-candidats-a-la-candidature-approuvee\/#article","isPartOf":{"@id":"https:\/\/lasentinelle.dz\/index.php\/2026\/04\/27\/conseil-de-lanie-la-clarification-des-cas-souleves-par-les-candidats-a-la-candidature-approuvee\/"},"author":{"name":"admin","@id":"https:\/\/lasentinelle.dz\/#\/schema\/person\/729ee0024f24e0b8c5ec17232f8e8b41"},"headline":"Conseil de l&rsquo;ANIE\u00a0: La clarification des cas soulev\u00e9s par les candidats \u00e0 la candidature approuv\u00e9e","datePublished":"2026-04-27T13:44:12+00:00","dateModified":"2026-04-27T13:44:14+00:00","mainEntityOfPage":{"@id":"https:\/\/lasentinelle.dz\/index.php\/2026\/04\/27\/conseil-de-lanie-la-clarification-des-cas-souleves-par-les-candidats-a-la-candidature-approuvee\/"},"wordCount":524,"commentCount":0,"publisher":{"@id":"https:\/\/lasentinelle.dz\/#organization"},"image":{"@id":"https:\/\/lasentinelle.dz\/index.php\/2026\/04\/27\/conseil-de-lanie-la-clarification-des-cas-souleves-par-les-candidats-a-la-candidature-approuvee\/#primaryimage"},"thumbnailUrl":"https:\/\/lasentinelle.dz\/wp-content\/uploads\/2024\/07\/ANIE.jpg","articleSection":["Politique"],"inLanguage":"fr-FR","potentialAction":[{"@type":"CommentAction","name":"Comment","target":["https:\/\/lasentinelle.dz\/index.php\/2026\/04\/27\/conseil-de-lanie-la-clarification-des-cas-souleves-par-les-candidats-a-la-candidature-approuvee\/#respond"]}]},{"@type":"WebPage","@id":"https:\/\/lasentinelle.dz\/index.php\/2026\/04\/27\/conseil-de-lanie-la-clarification-des-cas-souleves-par-les-candidats-a-la-candidature-approuvee\/","url":"https:\/\/lasentinelle.dz\/index.php\/2026\/04\/27\/conseil-de-lanie-la-clarification-des-cas-souleves-par-les-candidats-a-la-candidature-approuvee\/","name":"Conseil de l&rsquo;ANIE\u00a0: La clarification des cas soulev\u00e9s par les candidats \u00e0 la candidature approuv\u00e9e - La Sentinelle","isPartOf":{"@id":"https:\/\/lasentinelle.dz\/#website"},"primaryImageOfPage":{"@id":"https:\/\/lasentinelle.dz\/index.php\/2026\/04\/27\/conseil-de-lanie-la-clarification-des-cas-souleves-par-les-candidats-a-la-candidature-approuvee\/#primaryimage"},"image":{"@id":"https:\/\/lasentinelle.dz\/index.php\/2026\/04\/27\/conseil-de-lanie-la-clarification-des-cas-souleves-par-les-candidats-a-la-candidature-approuvee\/#primaryimage"},"thumbnailUrl":"https:\/\/lasentinelle.dz\/wp-content\/uploads\/2024\/07\/ANIE.jpg","datePublished":"2026-04-27T13:44:12+00:00","dateModified":"2026-04-27T13:44:14+00:00","breadcrumb":{"@id":"https:\/\/lasentinelle.dz\/index.php\/2026\/04\/27\/conseil-de-lanie-la-clarification-des-cas-souleves-par-les-candidats-a-la-candidature-approuvee\/#breadcrumb"},"inLanguage":"fr-FR","potentialAction":[{"@type":"ReadAction","target":["https:\/\/lasentinelle.dz\/index.php\/2026\/04\/27\/conseil-de-lanie-la-clarification-des-cas-souleves-par-les-candidats-a-la-candidature-approuvee\/"]}]},{"@type":"ImageObject","inLanguage":"fr-FR","@id":"https:\/\/lasentinelle.dz\/index.php\/2026\/04\/27\/conseil-de-lanie-la-clarification-des-cas-souleves-par-les-candidats-a-la-candidature-approuvee\/#primaryimage","url":"https:\/\/lasentinelle.dz\/wp-content\/uploads\/2024\/07\/ANIE.jpg","contentUrl":"https:\/\/lasentinelle.dz\/wp-content\/uploads\/2024\/07\/ANIE.jpg","width":745,"height":470},{"@type":"BreadcrumbList","@id":"https:\/\/lasentinelle.dz\/index.php\/2026\/04\/27\/conseil-de-lanie-la-clarification-des-cas-souleves-par-les-candidats-a-la-candidature-approuvee\/#breadcrumb","itemListElement":[{"@type":"ListItem","position":1,"name":"Accueil","item":"https:\/\/lasentinelle.dz\/"},{"@type":"ListItem","position":2,"name":"Conseil de l&rsquo;ANIE\u00a0: La clarification des cas soulev\u00e9s par les candidats \u00e0 la candidature approuv\u00e9e"}]},{"@type":"WebSite","@id":"https:\/\/lasentinelle.dz\/#website","url":"https:\/\/lasentinelle.dz\/","name":"La Sentinelle","description":"Quotidien national d&#039;information","publisher":{"@id":"https:\/\/lasentinelle.dz\/#organization"},"potentialAction":[{"@type":"SearchAction","target":{"@type":"EntryPoint","urlTemplate":"https:\/\/lasentinelle.dz\/?s={search_term_string}"},"query-input":{"@type":"PropertyValueSpecification","valueRequired":true,"valueName":"search_term_string"}}],"inLanguage":"fr-FR"},{"@type":"Organization","@id":"https:\/\/lasentinelle.dz\/#organization","name":"Quotidien La Sentinelle","url":"https:\/\/lasentinelle.dz\/","logo":{"@type":"ImageObject","inLanguage":"fr-FR","@id":"https:\/\/lasentinelle.dz\/#\/schema\/logo\/image\/","url":"https:\/\/lasentinelle.dz\/wp-content\/uploads\/2021\/09\/logo-sentinelleSLOGAN-1.png","contentUrl":"https:\/\/lasentinelle.dz\/wp-content\/uploads\/2021\/09\/logo-sentinelleSLOGAN-1.png","width":615,"height":142,"caption":"Quotidien La Sentinelle"},"image":{"@id":"https:\/\/lasentinelle.dz\/#\/schema\/logo\/image\/"},"sameAs":["https:\/\/www.facebook.com\/La-Sentinelle-104059864394773"]},{"@type":"Person","@id":"https:\/\/lasentinelle.dz\/#\/schema\/person\/729ee0024f24e0b8c5ec17232f8e8b41","name":"admin","image":{"@type":"ImageObject","inLanguage":"fr-FR","@id":"https:\/\/secure.gravatar.com\/avatar\/4c81fed838786e9b53f540bf46533e750f5d292099ae3b66cfc6fb1982e29df7?s=96&d=mm&r=g","url":"https:\/\/secure.gravatar.com\/avatar\/4c81fed838786e9b53f540bf46533e750f5d292099ae3b66cfc6fb1982e29df7?s=96&d=mm&r=g","contentUrl":"https:\/\/secure.gravatar.com\/avatar\/4c81fed838786e9b53f540bf46533e750f5d292099ae3b66cfc6fb1982e29df7?s=96&d=mm&r=g","caption":"admin"},"description":"admin","url":"https:\/\/lasentinelle.dz\/author\/admin\/"}]}},"_links":{"self":[{"href":"https:\/\/lasentinelle.dz\/index.php\/wp-json\/wp\/v2\/posts\/86490","targetHints":{"allow":["GET"]}}],"collection":[{"href":"https:\/\/lasentinelle.dz\/index.php\/wp-json\/wp\/v2\/posts"}],"about":[{"href":"https:\/\/lasentinelle.dz\/index.php\/wp-json\/wp\/v2\/types\/post"}],"author":[{"embeddable":true,"href":"https:\/\/lasentinelle.dz\/index.php\/wp-json\/wp\/v2\/users\/6"}],"replies":[{"embeddable":true,"href":"https:\/\/lasentinelle.dz\/index.php\/wp-json\/wp\/v2\/comments?post=86490"}],"version-history":[{"count":2,"href":"https:\/\/lasentinelle.dz\/index.php\/wp-json\/wp\/v2\/posts\/86490\/revisions"}],"predecessor-version":[{"id":86492,"href":"https:\/\/lasentinelle.dz\/index.php\/wp-json\/wp\/v2\/posts\/86490\/revisions\/86492"}],"wp:featuredmedia":[{"embeddable":true,"href":"https:\/\/lasentinelle.dz\/index.php\/wp-json\/wp\/v2\/media\/54901"}],"wp:attachment":[{"href":"https:\/\/lasentinelle.dz\/index.php\/wp-json\/wp\/v2\/media?parent=86490"}],"wp:term":[{"taxonomy":"category","embeddable":true,"href":"https:\/\/lasentinelle.dz\/index.php\/wp-json\/wp\/v2\/categories?post=86490"},{"taxonomy":"post_tag","embeddable":true,"href":"https:\/\/lasentinelle.dz\/index.php\/wp-json\/wp\/v2\/tags?post=86490"}],"curies":[{"name":"wp","href":"https:\/\/api.w.org\/{rel}","templated":true}]}}