{"id":86493,"date":"2026-04-27T14:45:11","date_gmt":"2026-04-27T13:45:11","guid":{"rendered":"https:\/\/lasentinelle.dz\/?p=86493"},"modified":"2026-04-27T14:45:23","modified_gmt":"2026-04-27T13:45:23","slug":"legislatives-du-2-juillet-les-listes-electorales-arretees-le-processus-saccelere","status":"publish","type":"post","link":"https:\/\/lasentinelle.dz\/index.php\/2026\/04\/27\/legislatives-du-2-juillet-les-listes-electorales-arretees-le-processus-saccelere\/","title":{"rendered":"L\u00e9gislatives du 2 juillet\u00a0: Les listes \u00e9lectorales arr\u00eat\u00e9es, le processus s&rsquo;acc\u00e9l\u00e8re"},"content":{"rendered":"\n<p>La phase pr\u00e9paratoire des \u00e9lections l\u00e9gislatives du 2 juillet 2026 vient de franchir une \u00e9tape d\u00e9cisive. La r\u00e9vision exceptionnelle des listes \u00e9lectorales, ouverte le 12 avril dernier \u00e0 travers les 1 541 communes du pays ainsi qu&rsquo;aupr\u00e8s des repr\u00e9sentations diplomatiques et consulaires \u00e0 l&rsquo;\u00e9tranger, s&rsquo;est cl\u00f4tur\u00e9e ce dimanche. Le corps \u00e9lectoral est d\u00e9sormais arr\u00eat\u00e9. La campagne pour le renouvellement de l&rsquo;Assembl\u00e9e populaire nationale entre dans sa phase active. Cette op\u00e9ration de r\u00e9vision fait suite au d\u00e9cret pr\u00e9sidentiel sign\u00e9 par Abdelmadjid Tebboune convoquant le corps \u00e9lectoral pour le 2 juillet 2026. Elle visait trois cat\u00e9gories de citoyens : ceux qui n&rsquo;\u00e9taient pas encore inscrits sur les listes, ceux qui atteignent l&rsquo;\u00e2ge de dix-huit ans le jour du scrutin, et ceux qui ont chang\u00e9 de domicile depuis le dernier enregistrement. Autant de situations courantes qui, faute de mise \u00e0 jour, se traduisent syst\u00e9matiquement par des exclusions de fait le jour du vote.<\/p>\n\n\n\n<p>Le pr\u00e9sident par int\u00e9rim de l&rsquo;Autorit\u00e9 nationale ind\u00e9pendante des \u00e9lections, Karim Khelfane, avait indiqu\u00e9 il y a quelques jours que l&rsquo;op\u00e9ration s&rsquo;\u00e9tait d\u00e9roul\u00e9e \u00ab dans de bonnes conditions \u00bb. Il avait mis en avant le recours \u00e9largi \u00e0 la num\u00e9risation comme l&rsquo;un des axes prioritaires de cette \u00e9dition. Plusieurs plateformes \u00e9lectroniques ont \u00e9t\u00e9 d\u00e9ploy\u00e9es \u00e0 cette fin : un portail de services permettant aux citoyens de s&rsquo;inscrire, de corriger leurs donn\u00e9es personnelles, de signaler un changement de domicile ou de demander une radiation, le tout sans d\u00e9placement physique obligatoire. L&rsquo;ANIE a \u00e9galement mis en place un centre de donn\u00e9es centralis\u00e9 assurant le suivi en temps r\u00e9el des diff\u00e9rentes phases de l&rsquo;op\u00e9ration, de la r\u00e9vision des listes jusqu&rsquo;au scrutin. Un lien \u00e9lectronique d\u00e9di\u00e9 a par ailleurs \u00e9t\u00e9 activ\u00e9 pour traiter en continu les interrogations des partis politiques et des diff\u00e9rents acteurs du processus.<\/p>\n\n\n\n<p>Cette mont\u00e9e en puissance du num\u00e9rique r\u00e9pond \u00e0 une double logique : faciliter l&rsquo;acc\u00e8s des citoyens aux proc\u00e9dures \u00e9lectorales et renforcer la transparence du processus. Les commissions de r\u00e9vision, pr\u00e9sid\u00e9es par des magistrats, ont fonctionn\u00e9 en parall\u00e8le des outils digitaux, assurant une supervision de terrain sur l&rsquo;ensemble du territoire national et \u00e0 l&rsquo;\u00e9tranger.<\/p>\n\n\n\n<p>Pendant que les listes se finalisaient, les partis politiques et les candidats ind\u00e9pendants ont simultan\u00e9ment engag\u00e9 les d\u00e9marches de candidature. Le retrait des formulaires de souscription de signatures a d\u00e9but\u00e9 aupr\u00e8s du si\u00e8ge de l&rsquo;ANIE, de ses d\u00e9l\u00e9gations de wilaya et des repr\u00e9sentations consulaires. Les dossiers de candidature devront \u00eatre d\u00e9pos\u00e9s au plus tard quarante-cinq jours avant la date du scrutin, soit aux alentours du 17 mai. L&rsquo;Autorit\u00e9 proc\u00e9dera ensuite \u00e0 l&rsquo;examen juridique de chaque dossier pour v\u00e9rifier la conformit\u00e9 avec les conditions d&rsquo;\u00e9ligibilit\u00e9, y compris les nouvelles dispositions introduites par la loi organique relative au r\u00e9gime \u00e9lectoral. Les d\u00e9cisions d&rsquo;admission ou de rejet seront motiv\u00e9es, et les candidats \u00e9cart\u00e9s pourront exercer un recours.<\/p>\n\n\n\n<p>Ce cadre l\u00e9gal r\u00e9nov\u00e9 place l&rsquo;ANIE au centre du dispositif. Depuis les amendements constitutionnels et la refonte de la loi \u00e9lectorale, l&rsquo;Autorit\u00e9 assume la supervision, le contr\u00f4le, la pr\u00e9paration, l&rsquo;organisation et la gestion de l&rsquo;ensemble de l&rsquo;op\u00e9ration \u00e9lectorale. L&rsquo;administration, elle, est cantonn\u00e9e \u00e0 un r\u00f4le logistique : mettre \u00e0 disposition les moyens mat\u00e9riels n\u00e9cessaires. La s\u00e9paration des r\u00f4les est nette, et elle est con\u00e7ue pour neutraliser les interf\u00e9rences entre l&rsquo;appareil administratif et la conduite du scrutin.<\/p>\n\n\n\n<p>Le calendrier qui s&rsquo;ouvre est serr\u00e9. Entre la cl\u00f4ture des listes ce dimanche, le d\u00e9p\u00f4t des candidatures, l&rsquo;examen des dossiers, les recours \u00e9ventuels et l&rsquo;ouverture de la campagne officielle, les semaines \u00e0 venir seront d\u00e9cisives pour la configuration du scrutin. Les formations politiques qui entendent peser le 2 juillet n&rsquo;ont plus beaucoup de temps pour finaliser leurs listes et mobiliser leurs r\u00e9seaux. La m\u00e9canique \u00e9lectorale, elle, est en marche.<\/p>\n\n\n\n<p>Hocine Fadheli<\/p>\n","protected":false},"excerpt":{"rendered":"<p>La phase pr\u00e9paratoire des \u00e9lections l\u00e9gislatives du 2 juillet 2026 vient de franchir une \u00e9tape d\u00e9cisive. La r\u00e9vision exceptionnelle des<\/p>\n","protected":false},"author":6,"featured_media":86494,"comment_status":"open","ping_status":"closed","sticky":false,"template":"","format":"standard","meta":{"colormag_page_container_layout":"default_layout","colormag_page_sidebar_layout":"default_layout","om_disable_all_campaigns":false,"_monsterinsights_skip_tracking":false,"_monsterinsights_sitenote_active":false,"_monsterinsights_sitenote_note":"","_monsterinsights_sitenote_category":0,"footnotes":"","_wpscppro_dont_share_socialmedia":false,"_wpscppro_custom_social_share_image":0,"_facebook_share_type":"default","_twitter_share_type":"default","_linkedin_share_type":"default","_pinterest_share_type":"default","_linkedin_share_type_page":"","_instagram_share_type":"default","_medium_share_type":"default","_threads_share_type":"default","_google_business_share_type":"default","_selected_social_profile":[],"_wpsp_enable_custom_social_template":false,"_wpsp_social_scheduling":{"enabled":false,"datetime":null,"platforms":[],"status":"template_only","dateOption":"today","timeOption":"now","customDays":"","customHours":"","customDate":"","customTime":"","schedulingType":"absolute"},"_wpsp_active_default_template":true},"categories":[28],"tags":[],"class_list":["post-86493","post","type-post","status-publish","format-standard","has-post-thumbnail","hentry","category-politique"],"aioseo_notices":[],"yoast_head":"<!-- This site is optimized with the Yoast SEO plugin v27.4 - https:\/\/yoast.com\/product\/yoast-seo-wordpress\/ -->\n<title>L\u00e9gislatives du 2 juillet\u00a0: Les listes \u00e9lectorales arr\u00eat\u00e9es, le processus s&rsquo;acc\u00e9l\u00e8re - La Sentinelle<\/title>\n<meta name=\"robots\" content=\"index, follow, max-snippet:-1, max-image-preview:large, max-video-preview:-1\" \/>\n<link rel=\"canonical\" href=\"https:\/\/lasentinelle.dz\/index.php\/2026\/04\/27\/legislatives-du-2-juillet-les-listes-electorales-arretees-le-processus-saccelere\/\" \/>\n<meta property=\"og:locale\" content=\"fr_FR\" \/>\n<meta property=\"og:type\" content=\"article\" \/>\n<meta property=\"og:title\" content=\"L\u00e9gislatives du 2 juillet\u00a0: Les listes \u00e9lectorales arr\u00eat\u00e9es, le processus s&rsquo;acc\u00e9l\u00e8re - La Sentinelle\" \/>\n<meta property=\"og:description\" content=\"La phase pr\u00e9paratoire des \u00e9lections l\u00e9gislatives du 2 juillet 2026 vient de franchir une \u00e9tape d\u00e9cisive. La r\u00e9vision exceptionnelle des\" \/>\n<meta property=\"og:url\" content=\"https:\/\/lasentinelle.dz\/index.php\/2026\/04\/27\/legislatives-du-2-juillet-les-listes-electorales-arretees-le-processus-saccelere\/\" \/>\n<meta property=\"og:site_name\" content=\"La Sentinelle\" \/>\n<meta property=\"article:publisher\" content=\"https:\/\/www.facebook.com\/La-Sentinelle-104059864394773\" \/>\n<meta property=\"article:published_time\" content=\"2026-04-27T13:45:11+00:00\" \/>\n<meta property=\"article:modified_time\" content=\"2026-04-27T13:45:23+00:00\" \/>\n<meta property=\"og:image\" content=\"https:\/\/lasentinelle.dz\/wp-content\/uploads\/2026\/04\/vote.jpg\" \/>\n\t<meta property=\"og:image:width\" content=\"1200\" \/>\n\t<meta property=\"og:image:height\" content=\"630\" \/>\n\t<meta property=\"og:image:type\" content=\"image\/jpeg\" \/>\n<meta name=\"author\" content=\"admin\" \/>\n<meta name=\"twitter:card\" content=\"summary_large_image\" \/>\n<meta name=\"twitter:label1\" content=\"\u00c9crit par\" \/>\n\t<meta name=\"twitter:data1\" content=\"admin\" \/>\n\t<meta name=\"twitter:label2\" content=\"Dur\u00e9e de lecture estim\u00e9e\" \/>\n\t<meta name=\"twitter:data2\" content=\"4 minutes\" \/>\n<script type=\"application\/ld+json\" class=\"yoast-schema-graph\">{\"@context\":\"https:\\\/\\\/schema.org\",\"@graph\":[{\"@type\":\"Article\",\"@id\":\"https:\\\/\\\/lasentinelle.dz\\\/index.php\\\/2026\\\/04\\\/27\\\/legislatives-du-2-juillet-les-listes-electorales-arretees-le-processus-saccelere\\\/#article\",\"isPartOf\":{\"@id\":\"https:\\\/\\\/lasentinelle.dz\\\/index.php\\\/2026\\\/04\\\/27\\\/legislatives-du-2-juillet-les-listes-electorales-arretees-le-processus-saccelere\\\/\"},\"author\":{\"name\":\"admin\",\"@id\":\"https:\\\/\\\/lasentinelle.dz\\\/#\\\/schema\\\/person\\\/729ee0024f24e0b8c5ec17232f8e8b41\"},\"headline\":\"L\u00e9gislatives du 2 juillet\u00a0: Les listes \u00e9lectorales arr\u00eat\u00e9es, le processus s&rsquo;acc\u00e9l\u00e8re\",\"datePublished\":\"2026-04-27T13:45:11+00:00\",\"dateModified\":\"2026-04-27T13:45:23+00:00\",\"mainEntityOfPage\":{\"@id\":\"https:\\\/\\\/lasentinelle.dz\\\/index.php\\\/2026\\\/04\\\/27\\\/legislatives-du-2-juillet-les-listes-electorales-arretees-le-processus-saccelere\\\/\"},\"wordCount\":710,\"commentCount\":0,\"publisher\":{\"@id\":\"https:\\\/\\\/lasentinelle.dz\\\/#organization\"},\"image\":{\"@id\":\"https:\\\/\\\/lasentinelle.dz\\\/index.php\\\/2026\\\/04\\\/27\\\/legislatives-du-2-juillet-les-listes-electorales-arretees-le-processus-saccelere\\\/#primaryimage\"},\"thumbnailUrl\":\"https:\\\/\\\/lasentinelle.dz\\\/wp-content\\\/uploads\\\/2026\\\/04\\\/vote.jpg\",\"articleSection\":[\"Politique\"],\"inLanguage\":\"fr-FR\",\"potentialAction\":[{\"@type\":\"CommentAction\",\"name\":\"Comment\",\"target\":[\"https:\\\/\\\/lasentinelle.dz\\\/index.php\\\/2026\\\/04\\\/27\\\/legislatives-du-2-juillet-les-listes-electorales-arretees-le-processus-saccelere\\\/#respond\"]}]},{\"@type\":\"WebPage\",\"@id\":\"https:\\\/\\\/lasentinelle.dz\\\/index.php\\\/2026\\\/04\\\/27\\\/legislatives-du-2-juillet-les-listes-electorales-arretees-le-processus-saccelere\\\/\",\"url\":\"https:\\\/\\\/lasentinelle.dz\\\/index.php\\\/2026\\\/04\\\/27\\\/legislatives-du-2-juillet-les-listes-electorales-arretees-le-processus-saccelere\\\/\",\"name\":\"L\u00e9gislatives du 2 juillet\u00a0: Les listes \u00e9lectorales arr\u00eat\u00e9es, le processus s&rsquo;acc\u00e9l\u00e8re - La Sentinelle\",\"isPartOf\":{\"@id\":\"https:\\\/\\\/lasentinelle.dz\\\/#website\"},\"primaryImageOfPage\":{\"@id\":\"https:\\\/\\\/lasentinelle.dz\\\/index.php\\\/2026\\\/04\\\/27\\\/legislatives-du-2-juillet-les-listes-electorales-arretees-le-processus-saccelere\\\/#primaryimage\"},\"image\":{\"@id\":\"https:\\\/\\\/lasentinelle.dz\\\/index.php\\\/2026\\\/04\\\/27\\\/legislatives-du-2-juillet-les-listes-electorales-arretees-le-processus-saccelere\\\/#primaryimage\"},\"thumbnailUrl\":\"https:\\\/\\\/lasentinelle.dz\\\/wp-content\\\/uploads\\\/2026\\\/04\\\/vote.jpg\",\"datePublished\":\"2026-04-27T13:45:11+00:00\",\"dateModified\":\"2026-04-27T13:45:23+00:00\",\"breadcrumb\":{\"@id\":\"https:\\\/\\\/lasentinelle.dz\\\/index.php\\\/2026\\\/04\\\/27\\\/legislatives-du-2-juillet-les-listes-electorales-arretees-le-processus-saccelere\\\/#breadcrumb\"},\"inLanguage\":\"fr-FR\",\"potentialAction\":[{\"@type\":\"ReadAction\",\"target\":[\"https:\\\/\\\/lasentinelle.dz\\\/index.php\\\/2026\\\/04\\\/27\\\/legislatives-du-2-juillet-les-listes-electorales-arretees-le-processus-saccelere\\\/\"]}]},{\"@type\":\"ImageObject\",\"inLanguage\":\"fr-FR\",\"@id\":\"https:\\\/\\\/lasentinelle.dz\\\/index.php\\\/2026\\\/04\\\/27\\\/legislatives-du-2-juillet-les-listes-electorales-arretees-le-processus-saccelere\\\/#primaryimage\",\"url\":\"https:\\\/\\\/lasentinelle.dz\\\/wp-content\\\/uploads\\\/2026\\\/04\\\/vote.jpg\",\"contentUrl\":\"https:\\\/\\\/lasentinelle.dz\\\/wp-content\\\/uploads\\\/2026\\\/04\\\/vote.jpg\",\"width\":1200,\"height\":630},{\"@type\":\"BreadcrumbList\",\"@id\":\"https:\\\/\\\/lasentinelle.dz\\\/index.php\\\/2026\\\/04\\\/27\\\/legislatives-du-2-juillet-les-listes-electorales-arretees-le-processus-saccelere\\\/#breadcrumb\",\"itemListElement\":[{\"@type\":\"ListItem\",\"position\":1,\"name\":\"Accueil\",\"item\":\"https:\\\/\\\/lasentinelle.dz\\\/\"},{\"@type\":\"ListItem\",\"position\":2,\"name\":\"L\u00e9gislatives du 2 juillet\u00a0: Les listes \u00e9lectorales arr\u00eat\u00e9es, le processus s&rsquo;acc\u00e9l\u00e8re\"}]},{\"@type\":\"WebSite\",\"@id\":\"https:\\\/\\\/lasentinelle.dz\\\/#website\",\"url\":\"https:\\\/\\\/lasentinelle.dz\\\/\",\"name\":\"La Sentinelle\",\"description\":\"Quotidien national d&#039;information\",\"publisher\":{\"@id\":\"https:\\\/\\\/lasentinelle.dz\\\/#organization\"},\"potentialAction\":[{\"@type\":\"SearchAction\",\"target\":{\"@type\":\"EntryPoint\",\"urlTemplate\":\"https:\\\/\\\/lasentinelle.dz\\\/?s={search_term_string}\"},\"query-input\":{\"@type\":\"PropertyValueSpecification\",\"valueRequired\":true,\"valueName\":\"search_term_string\"}}],\"inLanguage\":\"fr-FR\"},{\"@type\":\"Organization\",\"@id\":\"https:\\\/\\\/lasentinelle.dz\\\/#organization\",\"name\":\"Quotidien La Sentinelle\",\"url\":\"https:\\\/\\\/lasentinelle.dz\\\/\",\"logo\":{\"@type\":\"ImageObject\",\"inLanguage\":\"fr-FR\",\"@id\":\"https:\\\/\\\/lasentinelle.dz\\\/#\\\/schema\\\/logo\\\/image\\\/\",\"url\":\"https:\\\/\\\/lasentinelle.dz\\\/wp-content\\\/uploads\\\/2021\\\/09\\\/logo-sentinelleSLOGAN-1.png\",\"contentUrl\":\"https:\\\/\\\/lasentinelle.dz\\\/wp-content\\\/uploads\\\/2021\\\/09\\\/logo-sentinelleSLOGAN-1.png\",\"width\":615,\"height\":142,\"caption\":\"Quotidien La Sentinelle\"},\"image\":{\"@id\":\"https:\\\/\\\/lasentinelle.dz\\\/#\\\/schema\\\/logo\\\/image\\\/\"},\"sameAs\":[\"https:\\\/\\\/www.facebook.com\\\/La-Sentinelle-104059864394773\"]},{\"@type\":\"Person\",\"@id\":\"https:\\\/\\\/lasentinelle.dz\\\/#\\\/schema\\\/person\\\/729ee0024f24e0b8c5ec17232f8e8b41\",\"name\":\"admin\",\"image\":{\"@type\":\"ImageObject\",\"inLanguage\":\"fr-FR\",\"@id\":\"https:\\\/\\\/secure.gravatar.com\\\/avatar\\\/4c81fed838786e9b53f540bf46533e750f5d292099ae3b66cfc6fb1982e29df7?s=96&d=mm&r=g\",\"url\":\"https:\\\/\\\/secure.gravatar.com\\\/avatar\\\/4c81fed838786e9b53f540bf46533e750f5d292099ae3b66cfc6fb1982e29df7?s=96&d=mm&r=g\",\"contentUrl\":\"https:\\\/\\\/secure.gravatar.com\\\/avatar\\\/4c81fed838786e9b53f540bf46533e750f5d292099ae3b66cfc6fb1982e29df7?s=96&d=mm&r=g\",\"caption\":\"admin\"},\"description\":\"admin\",\"url\":\"https:\\\/\\\/lasentinelle.dz\\\/author\\\/admin\\\/\"}]}<\/script>\n<!-- \/ Yoast SEO plugin. -->","yoast_head_json":{"title":"L\u00e9gislatives du 2 juillet\u00a0: Les listes \u00e9lectorales arr\u00eat\u00e9es, le processus s&rsquo;acc\u00e9l\u00e8re - La Sentinelle","robots":{"index":"index","follow":"follow","max-snippet":"max-snippet:-1","max-image-preview":"max-image-preview:large","max-video-preview":"max-video-preview:-1"},"canonical":"https:\/\/lasentinelle.dz\/index.php\/2026\/04\/27\/legislatives-du-2-juillet-les-listes-electorales-arretees-le-processus-saccelere\/","og_locale":"fr_FR","og_type":"article","og_title":"L\u00e9gislatives du 2 juillet\u00a0: Les listes \u00e9lectorales arr\u00eat\u00e9es, le processus s&rsquo;acc\u00e9l\u00e8re - La Sentinelle","og_description":"La phase pr\u00e9paratoire des \u00e9lections l\u00e9gislatives du 2 juillet 2026 vient de franchir une \u00e9tape d\u00e9cisive. La r\u00e9vision exceptionnelle des","og_url":"https:\/\/lasentinelle.dz\/index.php\/2026\/04\/27\/legislatives-du-2-juillet-les-listes-electorales-arretees-le-processus-saccelere\/","og_site_name":"La Sentinelle","article_publisher":"https:\/\/www.facebook.com\/La-Sentinelle-104059864394773","article_published_time":"2026-04-27T13:45:11+00:00","article_modified_time":"2026-04-27T13:45:23+00:00","og_image":[{"width":1200,"height":630,"url":"https:\/\/lasentinelle.dz\/wp-content\/uploads\/2026\/04\/vote.jpg","type":"image\/jpeg"}],"author":"admin","twitter_card":"summary_large_image","twitter_misc":{"\u00c9crit par":"admin","Dur\u00e9e de lecture estim\u00e9e":"4 minutes"},"schema":{"@context":"https:\/\/schema.org","@graph":[{"@type":"Article","@id":"https:\/\/lasentinelle.dz\/index.php\/2026\/04\/27\/legislatives-du-2-juillet-les-listes-electorales-arretees-le-processus-saccelere\/#article","isPartOf":{"@id":"https:\/\/lasentinelle.dz\/index.php\/2026\/04\/27\/legislatives-du-2-juillet-les-listes-electorales-arretees-le-processus-saccelere\/"},"author":{"name":"admin","@id":"https:\/\/lasentinelle.dz\/#\/schema\/person\/729ee0024f24e0b8c5ec17232f8e8b41"},"headline":"L\u00e9gislatives du 2 juillet\u00a0: Les listes \u00e9lectorales arr\u00eat\u00e9es, le processus s&rsquo;acc\u00e9l\u00e8re","datePublished":"2026-04-27T13:45:11+00:00","dateModified":"2026-04-27T13:45:23+00:00","mainEntityOfPage":{"@id":"https:\/\/lasentinelle.dz\/index.php\/2026\/04\/27\/legislatives-du-2-juillet-les-listes-electorales-arretees-le-processus-saccelere\/"},"wordCount":710,"commentCount":0,"publisher":{"@id":"https:\/\/lasentinelle.dz\/#organization"},"image":{"@id":"https:\/\/lasentinelle.dz\/index.php\/2026\/04\/27\/legislatives-du-2-juillet-les-listes-electorales-arretees-le-processus-saccelere\/#primaryimage"},"thumbnailUrl":"https:\/\/lasentinelle.dz\/wp-content\/uploads\/2026\/04\/vote.jpg","articleSection":["Politique"],"inLanguage":"fr-FR","potentialAction":[{"@type":"CommentAction","name":"Comment","target":["https:\/\/lasentinelle.dz\/index.php\/2026\/04\/27\/legislatives-du-2-juillet-les-listes-electorales-arretees-le-processus-saccelere\/#respond"]}]},{"@type":"WebPage","@id":"https:\/\/lasentinelle.dz\/index.php\/2026\/04\/27\/legislatives-du-2-juillet-les-listes-electorales-arretees-le-processus-saccelere\/","url":"https:\/\/lasentinelle.dz\/index.php\/2026\/04\/27\/legislatives-du-2-juillet-les-listes-electorales-arretees-le-processus-saccelere\/","name":"L\u00e9gislatives du 2 juillet\u00a0: Les listes \u00e9lectorales arr\u00eat\u00e9es, le processus s&rsquo;acc\u00e9l\u00e8re - La Sentinelle","isPartOf":{"@id":"https:\/\/lasentinelle.dz\/#website"},"primaryImageOfPage":{"@id":"https:\/\/lasentinelle.dz\/index.php\/2026\/04\/27\/legislatives-du-2-juillet-les-listes-electorales-arretees-le-processus-saccelere\/#primaryimage"},"image":{"@id":"https:\/\/lasentinelle.dz\/index.php\/2026\/04\/27\/legislatives-du-2-juillet-les-listes-electorales-arretees-le-processus-saccelere\/#primaryimage"},"thumbnailUrl":"https:\/\/lasentinelle.dz\/wp-content\/uploads\/2026\/04\/vote.jpg","datePublished":"2026-04-27T13:45:11+00:00","dateModified":"2026-04-27T13:45:23+00:00","breadcrumb":{"@id":"https:\/\/lasentinelle.dz\/index.php\/2026\/04\/27\/legislatives-du-2-juillet-les-listes-electorales-arretees-le-processus-saccelere\/#breadcrumb"},"inLanguage":"fr-FR","potentialAction":[{"@type":"ReadAction","target":["https:\/\/lasentinelle.dz\/index.php\/2026\/04\/27\/legislatives-du-2-juillet-les-listes-electorales-arretees-le-processus-saccelere\/"]}]},{"@type":"ImageObject","inLanguage":"fr-FR","@id":"https:\/\/lasentinelle.dz\/index.php\/2026\/04\/27\/legislatives-du-2-juillet-les-listes-electorales-arretees-le-processus-saccelere\/#primaryimage","url":"https:\/\/lasentinelle.dz\/wp-content\/uploads\/2026\/04\/vote.jpg","contentUrl":"https:\/\/lasentinelle.dz\/wp-content\/uploads\/2026\/04\/vote.jpg","width":1200,"height":630},{"@type":"BreadcrumbList","@id":"https:\/\/lasentinelle.dz\/index.php\/2026\/04\/27\/legislatives-du-2-juillet-les-listes-electorales-arretees-le-processus-saccelere\/#breadcrumb","itemListElement":[{"@type":"ListItem","position":1,"name":"Accueil","item":"https:\/\/lasentinelle.dz\/"},{"@type":"ListItem","position":2,"name":"L\u00e9gislatives du 2 juillet\u00a0: Les listes \u00e9lectorales arr\u00eat\u00e9es, le processus s&rsquo;acc\u00e9l\u00e8re"}]},{"@type":"WebSite","@id":"https:\/\/lasentinelle.dz\/#website","url":"https:\/\/lasentinelle.dz\/","name":"La Sentinelle","description":"Quotidien national d&#039;information","publisher":{"@id":"https:\/\/lasentinelle.dz\/#organization"},"potentialAction":[{"@type":"SearchAction","target":{"@type":"EntryPoint","urlTemplate":"https:\/\/lasentinelle.dz\/?s={search_term_string}"},"query-input":{"@type":"PropertyValueSpecification","valueRequired":true,"valueName":"search_term_string"}}],"inLanguage":"fr-FR"},{"@type":"Organization","@id":"https:\/\/lasentinelle.dz\/#organization","name":"Quotidien La Sentinelle","url":"https:\/\/lasentinelle.dz\/","logo":{"@type":"ImageObject","inLanguage":"fr-FR","@id":"https:\/\/lasentinelle.dz\/#\/schema\/logo\/image\/","url":"https:\/\/lasentinelle.dz\/wp-content\/uploads\/2021\/09\/logo-sentinelleSLOGAN-1.png","contentUrl":"https:\/\/lasentinelle.dz\/wp-content\/uploads\/2021\/09\/logo-sentinelleSLOGAN-1.png","width":615,"height":142,"caption":"Quotidien La Sentinelle"},"image":{"@id":"https:\/\/lasentinelle.dz\/#\/schema\/logo\/image\/"},"sameAs":["https:\/\/www.facebook.com\/La-Sentinelle-104059864394773"]},{"@type":"Person","@id":"https:\/\/lasentinelle.dz\/#\/schema\/person\/729ee0024f24e0b8c5ec17232f8e8b41","name":"admin","image":{"@type":"ImageObject","inLanguage":"fr-FR","@id":"https:\/\/secure.gravatar.com\/avatar\/4c81fed838786e9b53f540bf46533e750f5d292099ae3b66cfc6fb1982e29df7?s=96&d=mm&r=g","url":"https:\/\/secure.gravatar.com\/avatar\/4c81fed838786e9b53f540bf46533e750f5d292099ae3b66cfc6fb1982e29df7?s=96&d=mm&r=g","contentUrl":"https:\/\/secure.gravatar.com\/avatar\/4c81fed838786e9b53f540bf46533e750f5d292099ae3b66cfc6fb1982e29df7?s=96&d=mm&r=g","caption":"admin"},"description":"admin","url":"https:\/\/lasentinelle.dz\/author\/admin\/"}]}},"_links":{"self":[{"href":"https:\/\/lasentinelle.dz\/index.php\/wp-json\/wp\/v2\/posts\/86493","targetHints":{"allow":["GET"]}}],"collection":[{"href":"https:\/\/lasentinelle.dz\/index.php\/wp-json\/wp\/v2\/posts"}],"about":[{"href":"https:\/\/lasentinelle.dz\/index.php\/wp-json\/wp\/v2\/types\/post"}],"author":[{"embeddable":true,"href":"https:\/\/lasentinelle.dz\/index.php\/wp-json\/wp\/v2\/users\/6"}],"replies":[{"embeddable":true,"href":"https:\/\/lasentinelle.dz\/index.php\/wp-json\/wp\/v2\/comments?post=86493"}],"version-history":[{"count":2,"href":"https:\/\/lasentinelle.dz\/index.php\/wp-json\/wp\/v2\/posts\/86493\/revisions"}],"predecessor-version":[{"id":86496,"href":"https:\/\/lasentinelle.dz\/index.php\/wp-json\/wp\/v2\/posts\/86493\/revisions\/86496"}],"wp:featuredmedia":[{"embeddable":true,"href":"https:\/\/lasentinelle.dz\/index.php\/wp-json\/wp\/v2\/media\/86494"}],"wp:attachment":[{"href":"https:\/\/lasentinelle.dz\/index.php\/wp-json\/wp\/v2\/media?parent=86493"}],"wp:term":[{"taxonomy":"category","embeddable":true,"href":"https:\/\/lasentinelle.dz\/index.php\/wp-json\/wp\/v2\/categories?post=86493"},{"taxonomy":"post_tag","embeddable":true,"href":"https:\/\/lasentinelle.dz\/index.php\/wp-json\/wp\/v2\/tags?post=86493"}],"curies":[{"name":"wp","href":"https:\/\/api.w.org\/{rel}","templated":true}]}}