{"id":86497,"date":"2026-04-27T14:47:48","date_gmt":"2026-04-27T13:47:48","guid":{"rendered":"https:\/\/lasentinelle.dz\/?p=86497"},"modified":"2026-04-27T14:47:51","modified_gmt":"2026-04-27T13:47:51","slug":"vote-des-jeunes-hidaoui-lance-un-ultime-appel","status":"publish","type":"post","link":"https:\/\/lasentinelle.dz\/index.php\/2026\/04\/27\/vote-des-jeunes-hidaoui-lance-un-ultime-appel\/","title":{"rendered":"Vote des jeunes\u00a0: Hidaoui lance un ultime appel"},"content":{"rendered":"\n<p>Constantine a accueilli dimanche la cl\u00f4ture de la troisi\u00e8me \u00e9dition de l&rsquo;initiative \u00ab\u00a0Haya Chabab\u00a0\u00bb, pilot\u00e9e par le Conseil sup\u00e9rieur de la jeunesse (CSJ). Une journ\u00e9e choisie avec soin : elle co\u00efncide avec la fin de la p\u00e9riode de r\u00e9vision exceptionnelle des listes \u00e9lectorales, ce qui donnait \u00e0 l&rsquo;\u00e9v\u00e9nement, organis\u00e9 au complexe culturel Ahmed Bey, une r\u00e9sonance particuli\u00e8re.<\/p>\n\n\n\n<p>Le ministre de la Jeunesse, Mustapha Hidaoui, a pr\u00e9sid\u00e9 la c\u00e9r\u00e9monie en compagnie du pr\u00e9sident par int\u00e9rim de l&rsquo;Autorit\u00e9 nationale ind\u00e9pendante des \u00e9lections (ANIE), Karim Khelfane, et du wali de Constantine, Abdelkhalek Sayouda. Trois \u00e9ditions en quelques mois, un d\u00e9ploiement sur plusieurs wilayas, des centaines de jeunes b\u00e9n\u00e9voles mobilis\u00e9s pour inciter leurs pairs \u00e0 s&rsquo;inscrire sur les listes \u00e9lectorales : \u00ab\u00a0Haya Chabab\u00a0\u00bb n&rsquo;est pas une op\u00e9ration de communication ordinaire. Elle s&rsquo;inscrit dans un effort plus large pour reconnecter une g\u00e9n\u00e9ration avec le processus \u00e9lectoral, dans un pays o\u00f9 l&rsquo;abstention des moins de trente ans reste une pr\u00e9occupation que les pouvoirs publics ne cherchent plus \u00e0 dissimuler. Mustapha Hidaoui a mis les formes, mais il est all\u00e9 droit au but. Devant l&rsquo;assistance r\u00e9unie au complexe Ahmed Bey, il a rappel\u00e9 que \u00abl&rsquo;adh\u00e9sion des jeunes au processus \u00e9lectoral n&rsquo;est pas seulement un droit, mais une contribution effective \u00e0 l&rsquo;\u00e9laboration des visions futures du pays\u00bb. La formule est rod\u00e9e, mais le contexte lui donne du poids : la p\u00e9riode de r\u00e9vision exceptionnelle des listes s&rsquo;ach\u00e8ve, et chaque jeune non inscrit est une voix de moins dans les prochaines \u00e9ch\u00e9ances. Le ministre n&rsquo;a pas esquiv\u00e9 le sujet des r\u00e9formes engag\u00e9es, \u00e9voquant \u00abdes mesures in\u00e9dites en faveur des jeunes\u00bb introduites dans la r\u00e9vision de la loi \u00e9lectorale, notamment le syst\u00e8me de liste ouverte et la parit\u00e9, qui ont, selon lui, permis \u00e0 cette cat\u00e9gorie de \u00abs&rsquo;imposer avec m\u00e9rite sur la sc\u00e8ne politique\u00bb.<\/p>\n\n\n\n<p><strong>Une repr\u00e9sentation des jeunes de 40% aux assembl\u00e9es<\/strong><\/p>\n\n\n\n<p>Les chiffres qu&rsquo;il a avanc\u00e9s m\u00e9ritent attention. Hidaoui a indiqu\u00e9 que les derni\u00e8res \u00e9lections ont d\u00e9bouch\u00e9 sur des assembl\u00e9es o\u00f9 les jeunes repr\u00e9sentent \u00abglobalement plus de 40 %\u00bb des \u00e9lus, tant au niveau national que local. Il a qualifi\u00e9 ce r\u00e9sultat de \u00abtransformation qualitative dans la structure des institutions constitutionnelles du pays\u00bb \u2014 une fa\u00e7on de dire que la jeunesse n&rsquo;est plus cantonn\u00e9e aux tribunes mais commence \u00e0 occuper les si\u00e8ges. Le m\u00e9rite de cette \u00e9volution, a-t-il pr\u00e9cis\u00e9, revient \u00e0 une \u00abvolont\u00e9 politique sinc\u00e8re\u00bb port\u00e9e par le pr\u00e9sident Tebboune, qui a \u00abconsenti des efforts soutenus et multiples pour renforcer et ancrer la confiance dans les jeunes\u00bb. La conclusion du ministre \u00e9tait une invitation directe : \u00abL&rsquo;opportunit\u00e9 est aujourd&rsquo;hui offerte aux jeunes de consolider ces acquis en s&rsquo;inscrivant sur les listes \u00e9lectorales et en renfor\u00e7ant leur r\u00f4le en tant que force de proposition et de changement, dans la poursuite de l&rsquo;\u00e9dification de l&rsquo;Alg\u00e9rie nouvelle.\u00bb<\/p>\n\n\n\n<p>Karim Khelfane a apport\u00e9 la caution institutionnelle de l&rsquo;ANIE \u00e0 la d\u00e9marche. Il a salu\u00e9 \u00abl&rsquo;interaction positive suscit\u00e9e par l&rsquo;initiative du CSJ\u00bb et r\u00e9affirm\u00e9 que l&rsquo;Autorit\u00e9 qu&rsquo;il dirige par int\u00e9rim entend \u00abaccompagner toutes les initiatives favorisant la participation \u00e9lectorale, notamment parmi les jeunes, consid\u00e9r\u00e9s comme un pilier essentiel de tout processus d\u00e9mocratique r\u00e9ussi\u00bb. Il a \u00e9galement adress\u00e9 ses remerciements aux membres du CSJ et aux jeunes b\u00e9n\u00e9voles pour \u00ableurs efforts exceptionnels dans les campagnes de sensibilisation \u00e0 l&rsquo;importance de l&rsquo;acte \u00e9lectoral\u00bb \u2014 une reconnaissance publique qui dit quelque chose sur l&rsquo;investissement humain qu&rsquo;a repr\u00e9sent\u00e9 cette troisi\u00e8me \u00e9dition. En marge de la c\u00e9r\u00e9monie, Hidaoui a inaugur\u00e9 deux complexes sportifs de proximit\u00e9 dans la wilaya de Constantine : le premier, dans la circonscription administrative d&rsquo;Ali Mendjeli, a \u00e9t\u00e9 baptis\u00e9 du nom du chahid Ali Nemouchi ; le second, dans le quartier Salah Bey, porte d\u00e9sormais le nom du moudjahid Khedir\u00e8che Tahar.<\/p>\n\n\n\n<p>Chokri Hafed<\/p>\n","protected":false},"excerpt":{"rendered":"<p>Constantine a accueilli dimanche la cl\u00f4ture de la troisi\u00e8me \u00e9dition de l&rsquo;initiative \u00ab\u00a0Haya Chabab\u00a0\u00bb, pilot\u00e9e par le Conseil sup\u00e9rieur de<\/p>\n","protected":false},"author":6,"featured_media":82507,"comment_status":"open","ping_status":"closed","sticky":false,"template":"","format":"standard","meta":{"colormag_page_container_layout":"default_layout","colormag_page_sidebar_layout":"default_layout","om_disable_all_campaigns":false,"_monsterinsights_skip_tracking":false,"_monsterinsights_sitenote_active":false,"_monsterinsights_sitenote_note":"","_monsterinsights_sitenote_category":0,"footnotes":"","_wpscppro_dont_share_socialmedia":false,"_wpscppro_custom_social_share_image":0,"_facebook_share_type":"default","_twitter_share_type":"default","_linkedin_share_type":"default","_pinterest_share_type":"default","_linkedin_share_type_page":"","_instagram_share_type":"default","_medium_share_type":"default","_threads_share_type":"default","_google_business_share_type":"default","_selected_social_profile":[],"_wpsp_enable_custom_social_template":false,"_wpsp_social_scheduling":{"enabled":false,"datetime":null,"platforms":[],"status":"template_only","dateOption":"today","timeOption":"now","customDays":"","customHours":"","customDate":"","customTime":"","schedulingType":"absolute"},"_wpsp_active_default_template":true},"categories":[28],"tags":[],"class_list":["post-86497","post","type-post","status-publish","format-standard","has-post-thumbnail","hentry","category-politique"],"aioseo_notices":[],"yoast_head":"<!-- This site is optimized with the Yoast SEO plugin v27.4 - https:\/\/yoast.com\/product\/yoast-seo-wordpress\/ -->\n<title>Vote des jeunes\u00a0: Hidaoui lance un ultime appel - La Sentinelle<\/title>\n<meta name=\"robots\" content=\"index, follow, max-snippet:-1, max-image-preview:large, max-video-preview:-1\" \/>\n<link rel=\"canonical\" href=\"https:\/\/lasentinelle.dz\/index.php\/2026\/04\/27\/vote-des-jeunes-hidaoui-lance-un-ultime-appel\/\" \/>\n<meta property=\"og:locale\" content=\"fr_FR\" \/>\n<meta property=\"og:type\" content=\"article\" \/>\n<meta property=\"og:title\" content=\"Vote des jeunes\u00a0: Hidaoui lance un ultime appel - La Sentinelle\" \/>\n<meta property=\"og:description\" content=\"Constantine a accueilli dimanche la cl\u00f4ture de la troisi\u00e8me \u00e9dition de l&rsquo;initiative \u00ab\u00a0Haya Chabab\u00a0\u00bb, pilot\u00e9e par le Conseil sup\u00e9rieur de\" \/>\n<meta property=\"og:url\" content=\"https:\/\/lasentinelle.dz\/index.php\/2026\/04\/27\/vote-des-jeunes-hidaoui-lance-un-ultime-appel\/\" \/>\n<meta property=\"og:site_name\" content=\"La Sentinelle\" \/>\n<meta property=\"article:publisher\" content=\"https:\/\/www.facebook.com\/La-Sentinelle-104059864394773\" \/>\n<meta property=\"article:published_time\" content=\"2026-04-27T13:47:48+00:00\" \/>\n<meta property=\"article:modified_time\" content=\"2026-04-27T13:47:51+00:00\" \/>\n<meta property=\"og:image\" content=\"https:\/\/lasentinelle.dz\/wp-content\/uploads\/2026\/02\/hidaoui.jpg\" \/>\n\t<meta property=\"og:image:width\" content=\"2048\" \/>\n\t<meta property=\"og:image:height\" content=\"1541\" \/>\n\t<meta property=\"og:image:type\" content=\"image\/jpeg\" \/>\n<meta name=\"author\" content=\"admin\" \/>\n<meta name=\"twitter:card\" content=\"summary_large_image\" \/>\n<meta name=\"twitter:label1\" content=\"\u00c9crit par\" \/>\n\t<meta name=\"twitter:data1\" content=\"admin\" \/>\n\t<meta name=\"twitter:label2\" content=\"Dur\u00e9e de lecture estim\u00e9e\" \/>\n\t<meta name=\"twitter:data2\" content=\"4 minutes\" \/>\n<script type=\"application\/ld+json\" class=\"yoast-schema-graph\">{\"@context\":\"https:\\\/\\\/schema.org\",\"@graph\":[{\"@type\":\"Article\",\"@id\":\"https:\\\/\\\/lasentinelle.dz\\\/index.php\\\/2026\\\/04\\\/27\\\/vote-des-jeunes-hidaoui-lance-un-ultime-appel\\\/#article\",\"isPartOf\":{\"@id\":\"https:\\\/\\\/lasentinelle.dz\\\/index.php\\\/2026\\\/04\\\/27\\\/vote-des-jeunes-hidaoui-lance-un-ultime-appel\\\/\"},\"author\":{\"name\":\"admin\",\"@id\":\"https:\\\/\\\/lasentinelle.dz\\\/#\\\/schema\\\/person\\\/729ee0024f24e0b8c5ec17232f8e8b41\"},\"headline\":\"Vote des jeunes\u00a0: Hidaoui lance un ultime appel\",\"datePublished\":\"2026-04-27T13:47:48+00:00\",\"dateModified\":\"2026-04-27T13:47:51+00:00\",\"mainEntityOfPage\":{\"@id\":\"https:\\\/\\\/lasentinelle.dz\\\/index.php\\\/2026\\\/04\\\/27\\\/vote-des-jeunes-hidaoui-lance-un-ultime-appel\\\/\"},\"wordCount\":701,\"commentCount\":0,\"publisher\":{\"@id\":\"https:\\\/\\\/lasentinelle.dz\\\/#organization\"},\"image\":{\"@id\":\"https:\\\/\\\/lasentinelle.dz\\\/index.php\\\/2026\\\/04\\\/27\\\/vote-des-jeunes-hidaoui-lance-un-ultime-appel\\\/#primaryimage\"},\"thumbnailUrl\":\"https:\\\/\\\/lasentinelle.dz\\\/wp-content\\\/uploads\\\/2026\\\/02\\\/hidaoui.jpg\",\"articleSection\":[\"Politique\"],\"inLanguage\":\"fr-FR\",\"potentialAction\":[{\"@type\":\"CommentAction\",\"name\":\"Comment\",\"target\":[\"https:\\\/\\\/lasentinelle.dz\\\/index.php\\\/2026\\\/04\\\/27\\\/vote-des-jeunes-hidaoui-lance-un-ultime-appel\\\/#respond\"]}]},{\"@type\":\"WebPage\",\"@id\":\"https:\\\/\\\/lasentinelle.dz\\\/index.php\\\/2026\\\/04\\\/27\\\/vote-des-jeunes-hidaoui-lance-un-ultime-appel\\\/\",\"url\":\"https:\\\/\\\/lasentinelle.dz\\\/index.php\\\/2026\\\/04\\\/27\\\/vote-des-jeunes-hidaoui-lance-un-ultime-appel\\\/\",\"name\":\"Vote des jeunes\u00a0: Hidaoui lance un ultime appel - La Sentinelle\",\"isPartOf\":{\"@id\":\"https:\\\/\\\/lasentinelle.dz\\\/#website\"},\"primaryImageOfPage\":{\"@id\":\"https:\\\/\\\/lasentinelle.dz\\\/index.php\\\/2026\\\/04\\\/27\\\/vote-des-jeunes-hidaoui-lance-un-ultime-appel\\\/#primaryimage\"},\"image\":{\"@id\":\"https:\\\/\\\/lasentinelle.dz\\\/index.php\\\/2026\\\/04\\\/27\\\/vote-des-jeunes-hidaoui-lance-un-ultime-appel\\\/#primaryimage\"},\"thumbnailUrl\":\"https:\\\/\\\/lasentinelle.dz\\\/wp-content\\\/uploads\\\/2026\\\/02\\\/hidaoui.jpg\",\"datePublished\":\"2026-04-27T13:47:48+00:00\",\"dateModified\":\"2026-04-27T13:47:51+00:00\",\"breadcrumb\":{\"@id\":\"https:\\\/\\\/lasentinelle.dz\\\/index.php\\\/2026\\\/04\\\/27\\\/vote-des-jeunes-hidaoui-lance-un-ultime-appel\\\/#breadcrumb\"},\"inLanguage\":\"fr-FR\",\"potentialAction\":[{\"@type\":\"ReadAction\",\"target\":[\"https:\\\/\\\/lasentinelle.dz\\\/index.php\\\/2026\\\/04\\\/27\\\/vote-des-jeunes-hidaoui-lance-un-ultime-appel\\\/\"]}]},{\"@type\":\"ImageObject\",\"inLanguage\":\"fr-FR\",\"@id\":\"https:\\\/\\\/lasentinelle.dz\\\/index.php\\\/2026\\\/04\\\/27\\\/vote-des-jeunes-hidaoui-lance-un-ultime-appel\\\/#primaryimage\",\"url\":\"https:\\\/\\\/lasentinelle.dz\\\/wp-content\\\/uploads\\\/2026\\\/02\\\/hidaoui.jpg\",\"contentUrl\":\"https:\\\/\\\/lasentinelle.dz\\\/wp-content\\\/uploads\\\/2026\\\/02\\\/hidaoui.jpg\",\"width\":2048,\"height\":1541},{\"@type\":\"BreadcrumbList\",\"@id\":\"https:\\\/\\\/lasentinelle.dz\\\/index.php\\\/2026\\\/04\\\/27\\\/vote-des-jeunes-hidaoui-lance-un-ultime-appel\\\/#breadcrumb\",\"itemListElement\":[{\"@type\":\"ListItem\",\"position\":1,\"name\":\"Accueil\",\"item\":\"https:\\\/\\\/lasentinelle.dz\\\/\"},{\"@type\":\"ListItem\",\"position\":2,\"name\":\"Vote des jeunes\u00a0: Hidaoui lance un ultime appel\"}]},{\"@type\":\"WebSite\",\"@id\":\"https:\\\/\\\/lasentinelle.dz\\\/#website\",\"url\":\"https:\\\/\\\/lasentinelle.dz\\\/\",\"name\":\"La Sentinelle\",\"description\":\"Quotidien national d&#039;information\",\"publisher\":{\"@id\":\"https:\\\/\\\/lasentinelle.dz\\\/#organization\"},\"potentialAction\":[{\"@type\":\"SearchAction\",\"target\":{\"@type\":\"EntryPoint\",\"urlTemplate\":\"https:\\\/\\\/lasentinelle.dz\\\/?s={search_term_string}\"},\"query-input\":{\"@type\":\"PropertyValueSpecification\",\"valueRequired\":true,\"valueName\":\"search_term_string\"}}],\"inLanguage\":\"fr-FR\"},{\"@type\":\"Organization\",\"@id\":\"https:\\\/\\\/lasentinelle.dz\\\/#organization\",\"name\":\"Quotidien La Sentinelle\",\"url\":\"https:\\\/\\\/lasentinelle.dz\\\/\",\"logo\":{\"@type\":\"ImageObject\",\"inLanguage\":\"fr-FR\",\"@id\":\"https:\\\/\\\/lasentinelle.dz\\\/#\\\/schema\\\/logo\\\/image\\\/\",\"url\":\"https:\\\/\\\/lasentinelle.dz\\\/wp-content\\\/uploads\\\/2021\\\/09\\\/logo-sentinelleSLOGAN-1.png\",\"contentUrl\":\"https:\\\/\\\/lasentinelle.dz\\\/wp-content\\\/uploads\\\/2021\\\/09\\\/logo-sentinelleSLOGAN-1.png\",\"width\":615,\"height\":142,\"caption\":\"Quotidien La Sentinelle\"},\"image\":{\"@id\":\"https:\\\/\\\/lasentinelle.dz\\\/#\\\/schema\\\/logo\\\/image\\\/\"},\"sameAs\":[\"https:\\\/\\\/www.facebook.com\\\/La-Sentinelle-104059864394773\"]},{\"@type\":\"Person\",\"@id\":\"https:\\\/\\\/lasentinelle.dz\\\/#\\\/schema\\\/person\\\/729ee0024f24e0b8c5ec17232f8e8b41\",\"name\":\"admin\",\"image\":{\"@type\":\"ImageObject\",\"inLanguage\":\"fr-FR\",\"@id\":\"https:\\\/\\\/secure.gravatar.com\\\/avatar\\\/4c81fed838786e9b53f540bf46533e750f5d292099ae3b66cfc6fb1982e29df7?s=96&d=mm&r=g\",\"url\":\"https:\\\/\\\/secure.gravatar.com\\\/avatar\\\/4c81fed838786e9b53f540bf46533e750f5d292099ae3b66cfc6fb1982e29df7?s=96&d=mm&r=g\",\"contentUrl\":\"https:\\\/\\\/secure.gravatar.com\\\/avatar\\\/4c81fed838786e9b53f540bf46533e750f5d292099ae3b66cfc6fb1982e29df7?s=96&d=mm&r=g\",\"caption\":\"admin\"},\"description\":\"admin\",\"url\":\"https:\\\/\\\/lasentinelle.dz\\\/author\\\/admin\\\/\"}]}<\/script>\n<!-- \/ Yoast SEO plugin. -->","yoast_head_json":{"title":"Vote des jeunes\u00a0: Hidaoui lance un ultime appel - La Sentinelle","robots":{"index":"index","follow":"follow","max-snippet":"max-snippet:-1","max-image-preview":"max-image-preview:large","max-video-preview":"max-video-preview:-1"},"canonical":"https:\/\/lasentinelle.dz\/index.php\/2026\/04\/27\/vote-des-jeunes-hidaoui-lance-un-ultime-appel\/","og_locale":"fr_FR","og_type":"article","og_title":"Vote des jeunes\u00a0: Hidaoui lance un ultime appel - La Sentinelle","og_description":"Constantine a accueilli dimanche la cl\u00f4ture de la troisi\u00e8me \u00e9dition de l&rsquo;initiative \u00ab\u00a0Haya Chabab\u00a0\u00bb, pilot\u00e9e par le Conseil sup\u00e9rieur de","og_url":"https:\/\/lasentinelle.dz\/index.php\/2026\/04\/27\/vote-des-jeunes-hidaoui-lance-un-ultime-appel\/","og_site_name":"La Sentinelle","article_publisher":"https:\/\/www.facebook.com\/La-Sentinelle-104059864394773","article_published_time":"2026-04-27T13:47:48+00:00","article_modified_time":"2026-04-27T13:47:51+00:00","og_image":[{"width":2048,"height":1541,"url":"https:\/\/lasentinelle.dz\/wp-content\/uploads\/2026\/02\/hidaoui.jpg","type":"image\/jpeg"}],"author":"admin","twitter_card":"summary_large_image","twitter_misc":{"\u00c9crit par":"admin","Dur\u00e9e de lecture estim\u00e9e":"4 minutes"},"schema":{"@context":"https:\/\/schema.org","@graph":[{"@type":"Article","@id":"https:\/\/lasentinelle.dz\/index.php\/2026\/04\/27\/vote-des-jeunes-hidaoui-lance-un-ultime-appel\/#article","isPartOf":{"@id":"https:\/\/lasentinelle.dz\/index.php\/2026\/04\/27\/vote-des-jeunes-hidaoui-lance-un-ultime-appel\/"},"author":{"name":"admin","@id":"https:\/\/lasentinelle.dz\/#\/schema\/person\/729ee0024f24e0b8c5ec17232f8e8b41"},"headline":"Vote des jeunes\u00a0: Hidaoui lance un ultime appel","datePublished":"2026-04-27T13:47:48+00:00","dateModified":"2026-04-27T13:47:51+00:00","mainEntityOfPage":{"@id":"https:\/\/lasentinelle.dz\/index.php\/2026\/04\/27\/vote-des-jeunes-hidaoui-lance-un-ultime-appel\/"},"wordCount":701,"commentCount":0,"publisher":{"@id":"https:\/\/lasentinelle.dz\/#organization"},"image":{"@id":"https:\/\/lasentinelle.dz\/index.php\/2026\/04\/27\/vote-des-jeunes-hidaoui-lance-un-ultime-appel\/#primaryimage"},"thumbnailUrl":"https:\/\/lasentinelle.dz\/wp-content\/uploads\/2026\/02\/hidaoui.jpg","articleSection":["Politique"],"inLanguage":"fr-FR","potentialAction":[{"@type":"CommentAction","name":"Comment","target":["https:\/\/lasentinelle.dz\/index.php\/2026\/04\/27\/vote-des-jeunes-hidaoui-lance-un-ultime-appel\/#respond"]}]},{"@type":"WebPage","@id":"https:\/\/lasentinelle.dz\/index.php\/2026\/04\/27\/vote-des-jeunes-hidaoui-lance-un-ultime-appel\/","url":"https:\/\/lasentinelle.dz\/index.php\/2026\/04\/27\/vote-des-jeunes-hidaoui-lance-un-ultime-appel\/","name":"Vote des jeunes\u00a0: Hidaoui lance un ultime appel - La Sentinelle","isPartOf":{"@id":"https:\/\/lasentinelle.dz\/#website"},"primaryImageOfPage":{"@id":"https:\/\/lasentinelle.dz\/index.php\/2026\/04\/27\/vote-des-jeunes-hidaoui-lance-un-ultime-appel\/#primaryimage"},"image":{"@id":"https:\/\/lasentinelle.dz\/index.php\/2026\/04\/27\/vote-des-jeunes-hidaoui-lance-un-ultime-appel\/#primaryimage"},"thumbnailUrl":"https:\/\/lasentinelle.dz\/wp-content\/uploads\/2026\/02\/hidaoui.jpg","datePublished":"2026-04-27T13:47:48+00:00","dateModified":"2026-04-27T13:47:51+00:00","breadcrumb":{"@id":"https:\/\/lasentinelle.dz\/index.php\/2026\/04\/27\/vote-des-jeunes-hidaoui-lance-un-ultime-appel\/#breadcrumb"},"inLanguage":"fr-FR","potentialAction":[{"@type":"ReadAction","target":["https:\/\/lasentinelle.dz\/index.php\/2026\/04\/27\/vote-des-jeunes-hidaoui-lance-un-ultime-appel\/"]}]},{"@type":"ImageObject","inLanguage":"fr-FR","@id":"https:\/\/lasentinelle.dz\/index.php\/2026\/04\/27\/vote-des-jeunes-hidaoui-lance-un-ultime-appel\/#primaryimage","url":"https:\/\/lasentinelle.dz\/wp-content\/uploads\/2026\/02\/hidaoui.jpg","contentUrl":"https:\/\/lasentinelle.dz\/wp-content\/uploads\/2026\/02\/hidaoui.jpg","width":2048,"height":1541},{"@type":"BreadcrumbList","@id":"https:\/\/lasentinelle.dz\/index.php\/2026\/04\/27\/vote-des-jeunes-hidaoui-lance-un-ultime-appel\/#breadcrumb","itemListElement":[{"@type":"ListItem","position":1,"name":"Accueil","item":"https:\/\/lasentinelle.dz\/"},{"@type":"ListItem","position":2,"name":"Vote des jeunes\u00a0: Hidaoui lance un ultime appel"}]},{"@type":"WebSite","@id":"https:\/\/lasentinelle.dz\/#website","url":"https:\/\/lasentinelle.dz\/","name":"La Sentinelle","description":"Quotidien national d&#039;information","publisher":{"@id":"https:\/\/lasentinelle.dz\/#organization"},"potentialAction":[{"@type":"SearchAction","target":{"@type":"EntryPoint","urlTemplate":"https:\/\/lasentinelle.dz\/?s={search_term_string}"},"query-input":{"@type":"PropertyValueSpecification","valueRequired":true,"valueName":"search_term_string"}}],"inLanguage":"fr-FR"},{"@type":"Organization","@id":"https:\/\/lasentinelle.dz\/#organization","name":"Quotidien La Sentinelle","url":"https:\/\/lasentinelle.dz\/","logo":{"@type":"ImageObject","inLanguage":"fr-FR","@id":"https:\/\/lasentinelle.dz\/#\/schema\/logo\/image\/","url":"https:\/\/lasentinelle.dz\/wp-content\/uploads\/2021\/09\/logo-sentinelleSLOGAN-1.png","contentUrl":"https:\/\/lasentinelle.dz\/wp-content\/uploads\/2021\/09\/logo-sentinelleSLOGAN-1.png","width":615,"height":142,"caption":"Quotidien La Sentinelle"},"image":{"@id":"https:\/\/lasentinelle.dz\/#\/schema\/logo\/image\/"},"sameAs":["https:\/\/www.facebook.com\/La-Sentinelle-104059864394773"]},{"@type":"Person","@id":"https:\/\/lasentinelle.dz\/#\/schema\/person\/729ee0024f24e0b8c5ec17232f8e8b41","name":"admin","image":{"@type":"ImageObject","inLanguage":"fr-FR","@id":"https:\/\/secure.gravatar.com\/avatar\/4c81fed838786e9b53f540bf46533e750f5d292099ae3b66cfc6fb1982e29df7?s=96&d=mm&r=g","url":"https:\/\/secure.gravatar.com\/avatar\/4c81fed838786e9b53f540bf46533e750f5d292099ae3b66cfc6fb1982e29df7?s=96&d=mm&r=g","contentUrl":"https:\/\/secure.gravatar.com\/avatar\/4c81fed838786e9b53f540bf46533e750f5d292099ae3b66cfc6fb1982e29df7?s=96&d=mm&r=g","caption":"admin"},"description":"admin","url":"https:\/\/lasentinelle.dz\/author\/admin\/"}]}},"_links":{"self":[{"href":"https:\/\/lasentinelle.dz\/index.php\/wp-json\/wp\/v2\/posts\/86497","targetHints":{"allow":["GET"]}}],"collection":[{"href":"https:\/\/lasentinelle.dz\/index.php\/wp-json\/wp\/v2\/posts"}],"about":[{"href":"https:\/\/lasentinelle.dz\/index.php\/wp-json\/wp\/v2\/types\/post"}],"author":[{"embeddable":true,"href":"https:\/\/lasentinelle.dz\/index.php\/wp-json\/wp\/v2\/users\/6"}],"replies":[{"embeddable":true,"href":"https:\/\/lasentinelle.dz\/index.php\/wp-json\/wp\/v2\/comments?post=86497"}],"version-history":[{"count":1,"href":"https:\/\/lasentinelle.dz\/index.php\/wp-json\/wp\/v2\/posts\/86497\/revisions"}],"predecessor-version":[{"id":86498,"href":"https:\/\/lasentinelle.dz\/index.php\/wp-json\/wp\/v2\/posts\/86497\/revisions\/86498"}],"wp:featuredmedia":[{"embeddable":true,"href":"https:\/\/lasentinelle.dz\/index.php\/wp-json\/wp\/v2\/media\/82507"}],"wp:attachment":[{"href":"https:\/\/lasentinelle.dz\/index.php\/wp-json\/wp\/v2\/media?parent=86497"}],"wp:term":[{"taxonomy":"category","embeddable":true,"href":"https:\/\/lasentinelle.dz\/index.php\/wp-json\/wp\/v2\/categories?post=86497"},{"taxonomy":"post_tag","embeddable":true,"href":"https:\/\/lasentinelle.dz\/index.php\/wp-json\/wp\/v2\/tags?post=86497"}],"curies":[{"name":"wp","href":"https:\/\/api.w.org\/{rel}","templated":true}]}}