{"id":86499,"date":"2026-04-27T14:49:43","date_gmt":"2026-04-27T13:49:43","guid":{"rendered":"https:\/\/lasentinelle.dz\/?p=86499"},"modified":"2026-04-27T14:49:45","modified_gmt":"2026-04-27T13:49:45","slug":"justice-constitutionnelle-la-cour-ouvre-ses-portes-aux-doctorants","status":"publish","type":"post","link":"https:\/\/lasentinelle.dz\/index.php\/2026\/04\/27\/justice-constitutionnelle-la-cour-ouvre-ses-portes-aux-doctorants\/","title":{"rendered":"Justice constitutionnelle\u00a0: La Cour ouvre ses portes aux doctorants"},"content":{"rendered":"\n<p>La Cour constitutionnelle accueille depuis ce dimanche la troisi\u00e8me session de formation consacr\u00e9e \u00e0 la justice constitutionnelle, organis\u00e9e conjointement avec le minist\u00e8re de l&rsquo;Enseignement sup\u00e9rieur et de la Recherche scientifique. Jusqu&rsquo;au mardi 29 avril, des \u00e9tudiants en doctorat et en master de droit constitutionnel, issus des universit\u00e9s relevant de la conf\u00e9rence r\u00e9gionale du Centre ainsi que de l&rsquo;\u00c9cole sup\u00e9rieure de magistrature, suivront des enseignements dispens\u00e9s par des membres de la Cour et des universitaires. Apr\u00e8s Na\u00e2ma et Annaba, c&rsquo;est Alger qui accueille cette \u00e9dition itin\u00e9rante, dont la logique est simple : porter la formation sp\u00e9cialis\u00e9e l\u00e0 o\u00f9 se trouvent les \u00e9tudiants, et les mettre en contact direct avec l&rsquo;institution. La pr\u00e9sidente de la Cour constitutionnelle, Le\u00efla Aslaoui, a supervis\u00e9 le lancement de la session. Elle a pr\u00e9sent\u00e9 cette initiative comme \u00ab une traduction concr\u00e8te de la d\u00e9marche d&rsquo;ouverture durable adopt\u00e9e par la Cour constitutionnelle sur l&rsquo;espace universitaire \u00bb, soulignant sa volont\u00e9 \u00ab d&rsquo;ancrer le principe d&rsquo;\u00e9galit\u00e9 des chances dans l&rsquo;acc\u00e8s \u00e0 une formation sp\u00e9cialis\u00e9e fond\u00e9e sur l&rsquo;interaction directe entre l&rsquo;\u00e9tudiant-chercheur et la Cour constitutionnelle, de mani\u00e8re \u00e0 contribuer \u00e0 la formation de comp\u00e9tences juridiques nationales \u00bb. Elle a \u00e9galement rappel\u00e9 le contexte institutionnel qui donne \u00e0 cette session \u00ab une importance particuli\u00e8re \u00bb : la r\u00e9vision constitutionnelle de 2020 a profond\u00e9ment reconfigur\u00e9 le syst\u00e8me de justice constitutionnelle en Alg\u00e9rie, en \u00e9largissant les pr\u00e9rogatives de la Cour et en consacrant le m\u00e9canisme de l&rsquo;exception d&rsquo;inconstitutionnalit\u00e9 comme droit fondamental du citoyen. Le ministre de l&rsquo;Enseignement sup\u00e9rieur, Kamel Baddari, repr\u00e9sent\u00e9 par le secr\u00e9taire g\u00e9n\u00e9ral du minist\u00e8re Toufik Guendouzi, a situ\u00e9 l&rsquo;enjeu au-del\u00e0 de l&rsquo;acad\u00e9mique. \u00ab L&rsquo;approfondissement de la formation en droit constitutionnel n&rsquo;est plus seulement un choix acad\u00e9mique, mais une n\u00e9cessit\u00e9 nationale dict\u00e9e par les mutations politico-institutionnelles acc\u00e9l\u00e9r\u00e9es que conna\u00eet le pays \u00bb, a-t-il d\u00e9clar\u00e9. Les th\u00e8mes abord\u00e9s couvrent un spectre large : th\u00e9orie g\u00e9n\u00e9rale de la Constitution, contr\u00f4le de constitutionnalit\u00e9, droits fondamentaux et libert\u00e9s publiques, proc\u00e9dures d&rsquo;exception d&rsquo;inconstitutionnalit\u00e9, contentieux \u00e9lectoral, m\u00e9thodes d&rsquo;interpr\u00e9tation constitutionnelle et droit constitutionnel compar\u00e9.<\/p>\n\n\n\n<p>R.N.<\/p>\n","protected":false},"excerpt":{"rendered":"<p>La Cour constitutionnelle accueille depuis ce dimanche la troisi\u00e8me session de formation consacr\u00e9e \u00e0 la justice constitutionnelle, organis\u00e9e conjointement avec<\/p>\n","protected":false},"author":6,"featured_media":54830,"comment_status":"open","ping_status":"closed","sticky":false,"template":"","format":"standard","meta":{"colormag_page_container_layout":"default_layout","colormag_page_sidebar_layout":"default_layout","om_disable_all_campaigns":false,"_monsterinsights_skip_tracking":false,"_monsterinsights_sitenote_active":false,"_monsterinsights_sitenote_note":"","_monsterinsights_sitenote_category":0,"footnotes":"","_wpscppro_dont_share_socialmedia":false,"_wpscppro_custom_social_share_image":0,"_facebook_share_type":"default","_twitter_share_type":"default","_linkedin_share_type":"default","_pinterest_share_type":"default","_linkedin_share_type_page":"","_instagram_share_type":"default","_medium_share_type":"default","_threads_share_type":"default","_google_business_share_type":"default","_selected_social_profile":[],"_wpsp_enable_custom_social_template":false,"_wpsp_social_scheduling":{"enabled":false,"datetime":null,"platforms":[],"status":"template_only","dateOption":"today","timeOption":"now","customDays":"","customHours":"","customDate":"","customTime":"","schedulingType":"absolute"},"_wpsp_active_default_template":true},"categories":[27],"tags":[],"class_list":["post-86499","post","type-post","status-publish","format-standard","has-post-thumbnail","hentry","category-actualite"],"aioseo_notices":[],"yoast_head":"<!-- This site is optimized with the Yoast SEO plugin v27.4 - https:\/\/yoast.com\/product\/yoast-seo-wordpress\/ -->\n<title>Justice constitutionnelle\u00a0: La Cour ouvre ses portes aux doctorants - La Sentinelle<\/title>\n<meta name=\"robots\" content=\"index, follow, max-snippet:-1, max-image-preview:large, max-video-preview:-1\" \/>\n<link rel=\"canonical\" href=\"https:\/\/lasentinelle.dz\/index.php\/2026\/04\/27\/justice-constitutionnelle-la-cour-ouvre-ses-portes-aux-doctorants\/\" \/>\n<meta property=\"og:locale\" content=\"fr_FR\" \/>\n<meta property=\"og:type\" content=\"article\" \/>\n<meta property=\"og:title\" content=\"Justice constitutionnelle\u00a0: La Cour ouvre ses portes aux doctorants - La Sentinelle\" \/>\n<meta property=\"og:description\" content=\"La Cour constitutionnelle accueille depuis ce dimanche la troisi\u00e8me session de formation consacr\u00e9e \u00e0 la justice constitutionnelle, organis\u00e9e conjointement avec\" \/>\n<meta property=\"og:url\" content=\"https:\/\/lasentinelle.dz\/index.php\/2026\/04\/27\/justice-constitutionnelle-la-cour-ouvre-ses-portes-aux-doctorants\/\" \/>\n<meta property=\"og:site_name\" content=\"La Sentinelle\" \/>\n<meta property=\"article:publisher\" content=\"https:\/\/www.facebook.com\/La-Sentinelle-104059864394773\" \/>\n<meta property=\"article:published_time\" content=\"2026-04-27T13:49:43+00:00\" \/>\n<meta property=\"article:modified_time\" content=\"2026-04-27T13:49:45+00:00\" \/>\n<meta property=\"og:image\" content=\"https:\/\/lasentinelle.dz\/wp-content\/uploads\/2024\/07\/cour-constitutionnelle.jpg\" \/>\n\t<meta property=\"og:image:width\" content=\"945\" \/>\n\t<meta property=\"og:image:height\" content=\"285\" \/>\n\t<meta property=\"og:image:type\" content=\"image\/jpeg\" \/>\n<meta name=\"author\" content=\"admin\" \/>\n<meta name=\"twitter:card\" content=\"summary_large_image\" \/>\n<meta name=\"twitter:label1\" content=\"\u00c9crit par\" \/>\n\t<meta name=\"twitter:data1\" content=\"admin\" \/>\n\t<meta name=\"twitter:label2\" content=\"Dur\u00e9e de lecture estim\u00e9e\" \/>\n\t<meta name=\"twitter:data2\" content=\"2 minutes\" \/>\n<script type=\"application\/ld+json\" class=\"yoast-schema-graph\">{\"@context\":\"https:\\\/\\\/schema.org\",\"@graph\":[{\"@type\":\"Article\",\"@id\":\"https:\\\/\\\/lasentinelle.dz\\\/index.php\\\/2026\\\/04\\\/27\\\/justice-constitutionnelle-la-cour-ouvre-ses-portes-aux-doctorants\\\/#article\",\"isPartOf\":{\"@id\":\"https:\\\/\\\/lasentinelle.dz\\\/index.php\\\/2026\\\/04\\\/27\\\/justice-constitutionnelle-la-cour-ouvre-ses-portes-aux-doctorants\\\/\"},\"author\":{\"name\":\"admin\",\"@id\":\"https:\\\/\\\/lasentinelle.dz\\\/#\\\/schema\\\/person\\\/729ee0024f24e0b8c5ec17232f8e8b41\"},\"headline\":\"Justice constitutionnelle\u00a0: La Cour ouvre ses portes aux doctorants\",\"datePublished\":\"2026-04-27T13:49:43+00:00\",\"dateModified\":\"2026-04-27T13:49:45+00:00\",\"mainEntityOfPage\":{\"@id\":\"https:\\\/\\\/lasentinelle.dz\\\/index.php\\\/2026\\\/04\\\/27\\\/justice-constitutionnelle-la-cour-ouvre-ses-portes-aux-doctorants\\\/\"},\"wordCount\":399,\"commentCount\":0,\"publisher\":{\"@id\":\"https:\\\/\\\/lasentinelle.dz\\\/#organization\"},\"image\":{\"@id\":\"https:\\\/\\\/lasentinelle.dz\\\/index.php\\\/2026\\\/04\\\/27\\\/justice-constitutionnelle-la-cour-ouvre-ses-portes-aux-doctorants\\\/#primaryimage\"},\"thumbnailUrl\":\"https:\\\/\\\/lasentinelle.dz\\\/wp-content\\\/uploads\\\/2024\\\/07\\\/cour-constitutionnelle.jpg\",\"articleSection\":[\"Actualit\u00e9\"],\"inLanguage\":\"fr-FR\",\"potentialAction\":[{\"@type\":\"CommentAction\",\"name\":\"Comment\",\"target\":[\"https:\\\/\\\/lasentinelle.dz\\\/index.php\\\/2026\\\/04\\\/27\\\/justice-constitutionnelle-la-cour-ouvre-ses-portes-aux-doctorants\\\/#respond\"]}]},{\"@type\":\"WebPage\",\"@id\":\"https:\\\/\\\/lasentinelle.dz\\\/index.php\\\/2026\\\/04\\\/27\\\/justice-constitutionnelle-la-cour-ouvre-ses-portes-aux-doctorants\\\/\",\"url\":\"https:\\\/\\\/lasentinelle.dz\\\/index.php\\\/2026\\\/04\\\/27\\\/justice-constitutionnelle-la-cour-ouvre-ses-portes-aux-doctorants\\\/\",\"name\":\"Justice constitutionnelle\u00a0: La Cour ouvre ses portes aux doctorants - La Sentinelle\",\"isPartOf\":{\"@id\":\"https:\\\/\\\/lasentinelle.dz\\\/#website\"},\"primaryImageOfPage\":{\"@id\":\"https:\\\/\\\/lasentinelle.dz\\\/index.php\\\/2026\\\/04\\\/27\\\/justice-constitutionnelle-la-cour-ouvre-ses-portes-aux-doctorants\\\/#primaryimage\"},\"image\":{\"@id\":\"https:\\\/\\\/lasentinelle.dz\\\/index.php\\\/2026\\\/04\\\/27\\\/justice-constitutionnelle-la-cour-ouvre-ses-portes-aux-doctorants\\\/#primaryimage\"},\"thumbnailUrl\":\"https:\\\/\\\/lasentinelle.dz\\\/wp-content\\\/uploads\\\/2024\\\/07\\\/cour-constitutionnelle.jpg\",\"datePublished\":\"2026-04-27T13:49:43+00:00\",\"dateModified\":\"2026-04-27T13:49:45+00:00\",\"breadcrumb\":{\"@id\":\"https:\\\/\\\/lasentinelle.dz\\\/index.php\\\/2026\\\/04\\\/27\\\/justice-constitutionnelle-la-cour-ouvre-ses-portes-aux-doctorants\\\/#breadcrumb\"},\"inLanguage\":\"fr-FR\",\"potentialAction\":[{\"@type\":\"ReadAction\",\"target\":[\"https:\\\/\\\/lasentinelle.dz\\\/index.php\\\/2026\\\/04\\\/27\\\/justice-constitutionnelle-la-cour-ouvre-ses-portes-aux-doctorants\\\/\"]}]},{\"@type\":\"ImageObject\",\"inLanguage\":\"fr-FR\",\"@id\":\"https:\\\/\\\/lasentinelle.dz\\\/index.php\\\/2026\\\/04\\\/27\\\/justice-constitutionnelle-la-cour-ouvre-ses-portes-aux-doctorants\\\/#primaryimage\",\"url\":\"https:\\\/\\\/lasentinelle.dz\\\/wp-content\\\/uploads\\\/2024\\\/07\\\/cour-constitutionnelle.jpg\",\"contentUrl\":\"https:\\\/\\\/lasentinelle.dz\\\/wp-content\\\/uploads\\\/2024\\\/07\\\/cour-constitutionnelle.jpg\",\"width\":945,\"height\":285},{\"@type\":\"BreadcrumbList\",\"@id\":\"https:\\\/\\\/lasentinelle.dz\\\/index.php\\\/2026\\\/04\\\/27\\\/justice-constitutionnelle-la-cour-ouvre-ses-portes-aux-doctorants\\\/#breadcrumb\",\"itemListElement\":[{\"@type\":\"ListItem\",\"position\":1,\"name\":\"Accueil\",\"item\":\"https:\\\/\\\/lasentinelle.dz\\\/\"},{\"@type\":\"ListItem\",\"position\":2,\"name\":\"Justice constitutionnelle\u00a0: La Cour ouvre ses portes aux doctorants\"}]},{\"@type\":\"WebSite\",\"@id\":\"https:\\\/\\\/lasentinelle.dz\\\/#website\",\"url\":\"https:\\\/\\\/lasentinelle.dz\\\/\",\"name\":\"La Sentinelle\",\"description\":\"Quotidien national d&#039;information\",\"publisher\":{\"@id\":\"https:\\\/\\\/lasentinelle.dz\\\/#organization\"},\"potentialAction\":[{\"@type\":\"SearchAction\",\"target\":{\"@type\":\"EntryPoint\",\"urlTemplate\":\"https:\\\/\\\/lasentinelle.dz\\\/?s={search_term_string}\"},\"query-input\":{\"@type\":\"PropertyValueSpecification\",\"valueRequired\":true,\"valueName\":\"search_term_string\"}}],\"inLanguage\":\"fr-FR\"},{\"@type\":\"Organization\",\"@id\":\"https:\\\/\\\/lasentinelle.dz\\\/#organization\",\"name\":\"Quotidien La Sentinelle\",\"url\":\"https:\\\/\\\/lasentinelle.dz\\\/\",\"logo\":{\"@type\":\"ImageObject\",\"inLanguage\":\"fr-FR\",\"@id\":\"https:\\\/\\\/lasentinelle.dz\\\/#\\\/schema\\\/logo\\\/image\\\/\",\"url\":\"https:\\\/\\\/lasentinelle.dz\\\/wp-content\\\/uploads\\\/2021\\\/09\\\/logo-sentinelleSLOGAN-1.png\",\"contentUrl\":\"https:\\\/\\\/lasentinelle.dz\\\/wp-content\\\/uploads\\\/2021\\\/09\\\/logo-sentinelleSLOGAN-1.png\",\"width\":615,\"height\":142,\"caption\":\"Quotidien La Sentinelle\"},\"image\":{\"@id\":\"https:\\\/\\\/lasentinelle.dz\\\/#\\\/schema\\\/logo\\\/image\\\/\"},\"sameAs\":[\"https:\\\/\\\/www.facebook.com\\\/La-Sentinelle-104059864394773\"]},{\"@type\":\"Person\",\"@id\":\"https:\\\/\\\/lasentinelle.dz\\\/#\\\/schema\\\/person\\\/729ee0024f24e0b8c5ec17232f8e8b41\",\"name\":\"admin\",\"image\":{\"@type\":\"ImageObject\",\"inLanguage\":\"fr-FR\",\"@id\":\"https:\\\/\\\/secure.gravatar.com\\\/avatar\\\/4c81fed838786e9b53f540bf46533e750f5d292099ae3b66cfc6fb1982e29df7?s=96&d=mm&r=g\",\"url\":\"https:\\\/\\\/secure.gravatar.com\\\/avatar\\\/4c81fed838786e9b53f540bf46533e750f5d292099ae3b66cfc6fb1982e29df7?s=96&d=mm&r=g\",\"contentUrl\":\"https:\\\/\\\/secure.gravatar.com\\\/avatar\\\/4c81fed838786e9b53f540bf46533e750f5d292099ae3b66cfc6fb1982e29df7?s=96&d=mm&r=g\",\"caption\":\"admin\"},\"description\":\"admin\",\"url\":\"https:\\\/\\\/lasentinelle.dz\\\/author\\\/admin\\\/\"}]}<\/script>\n<!-- \/ Yoast SEO plugin. -->","yoast_head_json":{"title":"Justice constitutionnelle\u00a0: La Cour ouvre ses portes aux doctorants - La Sentinelle","robots":{"index":"index","follow":"follow","max-snippet":"max-snippet:-1","max-image-preview":"max-image-preview:large","max-video-preview":"max-video-preview:-1"},"canonical":"https:\/\/lasentinelle.dz\/index.php\/2026\/04\/27\/justice-constitutionnelle-la-cour-ouvre-ses-portes-aux-doctorants\/","og_locale":"fr_FR","og_type":"article","og_title":"Justice constitutionnelle\u00a0: La Cour ouvre ses portes aux doctorants - La Sentinelle","og_description":"La Cour constitutionnelle accueille depuis ce dimanche la troisi\u00e8me session de formation consacr\u00e9e \u00e0 la justice constitutionnelle, organis\u00e9e conjointement avec","og_url":"https:\/\/lasentinelle.dz\/index.php\/2026\/04\/27\/justice-constitutionnelle-la-cour-ouvre-ses-portes-aux-doctorants\/","og_site_name":"La Sentinelle","article_publisher":"https:\/\/www.facebook.com\/La-Sentinelle-104059864394773","article_published_time":"2026-04-27T13:49:43+00:00","article_modified_time":"2026-04-27T13:49:45+00:00","og_image":[{"width":945,"height":285,"url":"https:\/\/lasentinelle.dz\/wp-content\/uploads\/2024\/07\/cour-constitutionnelle.jpg","type":"image\/jpeg"}],"author":"admin","twitter_card":"summary_large_image","twitter_misc":{"\u00c9crit par":"admin","Dur\u00e9e de lecture estim\u00e9e":"2 minutes"},"schema":{"@context":"https:\/\/schema.org","@graph":[{"@type":"Article","@id":"https:\/\/lasentinelle.dz\/index.php\/2026\/04\/27\/justice-constitutionnelle-la-cour-ouvre-ses-portes-aux-doctorants\/#article","isPartOf":{"@id":"https:\/\/lasentinelle.dz\/index.php\/2026\/04\/27\/justice-constitutionnelle-la-cour-ouvre-ses-portes-aux-doctorants\/"},"author":{"name":"admin","@id":"https:\/\/lasentinelle.dz\/#\/schema\/person\/729ee0024f24e0b8c5ec17232f8e8b41"},"headline":"Justice constitutionnelle\u00a0: La Cour ouvre ses portes aux doctorants","datePublished":"2026-04-27T13:49:43+00:00","dateModified":"2026-04-27T13:49:45+00:00","mainEntityOfPage":{"@id":"https:\/\/lasentinelle.dz\/index.php\/2026\/04\/27\/justice-constitutionnelle-la-cour-ouvre-ses-portes-aux-doctorants\/"},"wordCount":399,"commentCount":0,"publisher":{"@id":"https:\/\/lasentinelle.dz\/#organization"},"image":{"@id":"https:\/\/lasentinelle.dz\/index.php\/2026\/04\/27\/justice-constitutionnelle-la-cour-ouvre-ses-portes-aux-doctorants\/#primaryimage"},"thumbnailUrl":"https:\/\/lasentinelle.dz\/wp-content\/uploads\/2024\/07\/cour-constitutionnelle.jpg","articleSection":["Actualit\u00e9"],"inLanguage":"fr-FR","potentialAction":[{"@type":"CommentAction","name":"Comment","target":["https:\/\/lasentinelle.dz\/index.php\/2026\/04\/27\/justice-constitutionnelle-la-cour-ouvre-ses-portes-aux-doctorants\/#respond"]}]},{"@type":"WebPage","@id":"https:\/\/lasentinelle.dz\/index.php\/2026\/04\/27\/justice-constitutionnelle-la-cour-ouvre-ses-portes-aux-doctorants\/","url":"https:\/\/lasentinelle.dz\/index.php\/2026\/04\/27\/justice-constitutionnelle-la-cour-ouvre-ses-portes-aux-doctorants\/","name":"Justice constitutionnelle\u00a0: La Cour ouvre ses portes aux doctorants - La Sentinelle","isPartOf":{"@id":"https:\/\/lasentinelle.dz\/#website"},"primaryImageOfPage":{"@id":"https:\/\/lasentinelle.dz\/index.php\/2026\/04\/27\/justice-constitutionnelle-la-cour-ouvre-ses-portes-aux-doctorants\/#primaryimage"},"image":{"@id":"https:\/\/lasentinelle.dz\/index.php\/2026\/04\/27\/justice-constitutionnelle-la-cour-ouvre-ses-portes-aux-doctorants\/#primaryimage"},"thumbnailUrl":"https:\/\/lasentinelle.dz\/wp-content\/uploads\/2024\/07\/cour-constitutionnelle.jpg","datePublished":"2026-04-27T13:49:43+00:00","dateModified":"2026-04-27T13:49:45+00:00","breadcrumb":{"@id":"https:\/\/lasentinelle.dz\/index.php\/2026\/04\/27\/justice-constitutionnelle-la-cour-ouvre-ses-portes-aux-doctorants\/#breadcrumb"},"inLanguage":"fr-FR","potentialAction":[{"@type":"ReadAction","target":["https:\/\/lasentinelle.dz\/index.php\/2026\/04\/27\/justice-constitutionnelle-la-cour-ouvre-ses-portes-aux-doctorants\/"]}]},{"@type":"ImageObject","inLanguage":"fr-FR","@id":"https:\/\/lasentinelle.dz\/index.php\/2026\/04\/27\/justice-constitutionnelle-la-cour-ouvre-ses-portes-aux-doctorants\/#primaryimage","url":"https:\/\/lasentinelle.dz\/wp-content\/uploads\/2024\/07\/cour-constitutionnelle.jpg","contentUrl":"https:\/\/lasentinelle.dz\/wp-content\/uploads\/2024\/07\/cour-constitutionnelle.jpg","width":945,"height":285},{"@type":"BreadcrumbList","@id":"https:\/\/lasentinelle.dz\/index.php\/2026\/04\/27\/justice-constitutionnelle-la-cour-ouvre-ses-portes-aux-doctorants\/#breadcrumb","itemListElement":[{"@type":"ListItem","position":1,"name":"Accueil","item":"https:\/\/lasentinelle.dz\/"},{"@type":"ListItem","position":2,"name":"Justice constitutionnelle\u00a0: La Cour ouvre ses portes aux doctorants"}]},{"@type":"WebSite","@id":"https:\/\/lasentinelle.dz\/#website","url":"https:\/\/lasentinelle.dz\/","name":"La Sentinelle","description":"Quotidien national d&#039;information","publisher":{"@id":"https:\/\/lasentinelle.dz\/#organization"},"potentialAction":[{"@type":"SearchAction","target":{"@type":"EntryPoint","urlTemplate":"https:\/\/lasentinelle.dz\/?s={search_term_string}"},"query-input":{"@type":"PropertyValueSpecification","valueRequired":true,"valueName":"search_term_string"}}],"inLanguage":"fr-FR"},{"@type":"Organization","@id":"https:\/\/lasentinelle.dz\/#organization","name":"Quotidien La Sentinelle","url":"https:\/\/lasentinelle.dz\/","logo":{"@type":"ImageObject","inLanguage":"fr-FR","@id":"https:\/\/lasentinelle.dz\/#\/schema\/logo\/image\/","url":"https:\/\/lasentinelle.dz\/wp-content\/uploads\/2021\/09\/logo-sentinelleSLOGAN-1.png","contentUrl":"https:\/\/lasentinelle.dz\/wp-content\/uploads\/2021\/09\/logo-sentinelleSLOGAN-1.png","width":615,"height":142,"caption":"Quotidien La Sentinelle"},"image":{"@id":"https:\/\/lasentinelle.dz\/#\/schema\/logo\/image\/"},"sameAs":["https:\/\/www.facebook.com\/La-Sentinelle-104059864394773"]},{"@type":"Person","@id":"https:\/\/lasentinelle.dz\/#\/schema\/person\/729ee0024f24e0b8c5ec17232f8e8b41","name":"admin","image":{"@type":"ImageObject","inLanguage":"fr-FR","@id":"https:\/\/secure.gravatar.com\/avatar\/4c81fed838786e9b53f540bf46533e750f5d292099ae3b66cfc6fb1982e29df7?s=96&d=mm&r=g","url":"https:\/\/secure.gravatar.com\/avatar\/4c81fed838786e9b53f540bf46533e750f5d292099ae3b66cfc6fb1982e29df7?s=96&d=mm&r=g","contentUrl":"https:\/\/secure.gravatar.com\/avatar\/4c81fed838786e9b53f540bf46533e750f5d292099ae3b66cfc6fb1982e29df7?s=96&d=mm&r=g","caption":"admin"},"description":"admin","url":"https:\/\/lasentinelle.dz\/author\/admin\/"}]}},"_links":{"self":[{"href":"https:\/\/lasentinelle.dz\/index.php\/wp-json\/wp\/v2\/posts\/86499","targetHints":{"allow":["GET"]}}],"collection":[{"href":"https:\/\/lasentinelle.dz\/index.php\/wp-json\/wp\/v2\/posts"}],"about":[{"href":"https:\/\/lasentinelle.dz\/index.php\/wp-json\/wp\/v2\/types\/post"}],"author":[{"embeddable":true,"href":"https:\/\/lasentinelle.dz\/index.php\/wp-json\/wp\/v2\/users\/6"}],"replies":[{"embeddable":true,"href":"https:\/\/lasentinelle.dz\/index.php\/wp-json\/wp\/v2\/comments?post=86499"}],"version-history":[{"count":1,"href":"https:\/\/lasentinelle.dz\/index.php\/wp-json\/wp\/v2\/posts\/86499\/revisions"}],"predecessor-version":[{"id":86500,"href":"https:\/\/lasentinelle.dz\/index.php\/wp-json\/wp\/v2\/posts\/86499\/revisions\/86500"}],"wp:featuredmedia":[{"embeddable":true,"href":"https:\/\/lasentinelle.dz\/index.php\/wp-json\/wp\/v2\/media\/54830"}],"wp:attachment":[{"href":"https:\/\/lasentinelle.dz\/index.php\/wp-json\/wp\/v2\/media?parent=86499"}],"wp:term":[{"taxonomy":"category","embeddable":true,"href":"https:\/\/lasentinelle.dz\/index.php\/wp-json\/wp\/v2\/categories?post=86499"},{"taxonomy":"post_tag","embeddable":true,"href":"https:\/\/lasentinelle.dz\/index.php\/wp-json\/wp\/v2\/tags?post=86499"}],"curies":[{"name":"wp","href":"https:\/\/api.w.org\/{rel}","templated":true}]}}