{"id":86503,"date":"2026-04-27T14:52:43","date_gmt":"2026-04-27T13:52:43","guid":{"rendered":"https:\/\/lasentinelle.dz\/?p=86503"},"modified":"2026-04-27T14:52:48","modified_gmt":"2026-04-27T13:52:48","slug":"la-logistique-au-coeur-de-la-guerre-moderne-lanp-fixe-le-cap","status":"publish","type":"post","link":"https:\/\/lasentinelle.dz\/index.php\/2026\/04\/27\/la-logistique-au-coeur-de-la-guerre-moderne-lanp-fixe-le-cap\/","title":{"rendered":"La logistique au c\u0153ur de la guerre moderne\u00a0: L\u2019ANP fixe le cap"},"content":{"rendered":"\n<p>Dans un monde o\u00f9 les conflits arm\u00e9s se transforment \u00e0 vitesse acc\u00e9l\u00e9r\u00e9e \u2014 drones, guerre \u00e9lectronique, frappes de pr\u00e9cision, saturation des th\u00e9\u00e2tres d&rsquo;op\u00e9rations \u2014 la logistique n&rsquo;est plus l&rsquo;arri\u00e8re du dispositif militaire. Elle en est la colonne vert\u00e9brale.<\/p>\n\n\n\n<p>Les guerres ne se gagnent plus seulement sur le front. Elles se gagnent \u2014 ou se perdent \u2014 dans les d\u00e9p\u00f4ts, les convois, les cha\u00eenes d&rsquo;approvisionnement et les flux de ressources qui alimentent le combat en temps r\u00e9el. C&rsquo;est cette r\u00e9alit\u00e9 que le g\u00e9n\u00e9ral d&rsquo;arm\u00e9e Sa\u00efd Chanegriha, chef d&rsquo;\u00e9tat-major de l&rsquo;ANP et ministre d\u00e9l\u00e9gu\u00e9 aupr\u00e8s du ministre de la D\u00e9fense nationale, a mise au centre d&rsquo;un s\u00e9minaire national tenu dimanche au Cercle national de l&rsquo;arm\u00e9e de B\u00e9ni Messous, consacr\u00e9 \u00e0 \u00ab La cha\u00eene de soutien logistique op\u00e9rationnel : \u00e9tat des lieux, contraintes, d\u00e9fis et perspectives \u00bb. Un th\u00e8me technique en apparence, strat\u00e9gique en substance.<\/p>\n\n\n\n<p>Le message de Chanegriha est sans ambigu\u00eft\u00e9. Dans un monde o\u00f9 les conflits arm\u00e9s se transforment \u00e0 vitesse acc\u00e9l\u00e9r\u00e9e \u2014 drones, guerre \u00e9lectronique, frappes de pr\u00e9cision, saturation des th\u00e9\u00e2tres d&rsquo;op\u00e9rations \u2014 la logistique n&rsquo;est plus l&rsquo;arri\u00e8re du dispositif militaire. Elle en est la colonne vert\u00e9brale. Le chef d&rsquo;\u00e9tat-major de l\u2019ANP l&rsquo;a dit sans d\u00e9tour : \u00ab Remporter la victoire est devenue, plus que jamais, \u00e9troitement li\u00e9e \u00e0 la capacit\u00e9 du syst\u00e8me des cha\u00eenes de soutien \u00e0 assurer et garantir le flux des ressources et des moyens n\u00e9cessaires vers les dispositifs d&rsquo;ex\u00e9cution, au moment opportun et avec l&rsquo;efficacit\u00e9 requise. \u00bb Derri\u00e8re cette formulation rigoureuse, il y a une le\u00e7on que les conflits r\u00e9cents ont \u00e9crite en lettres de feu : les arm\u00e9es qui ont perdu le contr\u00f4le de leur logistique ont perdu le terrain, ind\u00e9pendamment de leur puissance de feu.<\/p>\n\n\n\n<p>C&rsquo;est dans ce contexte que Chanegriha a situ\u00e9 les travaux du s\u00e9minaire. Il a relev\u00e9 que \u00ab les guerres modernes et les nouvelles r\u00e9volutions ont engendr\u00e9 dans les questions militaires, notamment \u00e0 l&rsquo;ombre d&rsquo;un monde caract\u00e9ris\u00e9 par l&rsquo;intensification des tensions et l&rsquo;accumulation des innovations technologiques et militaires, des contextes d&rsquo;action complexes et \u00e9volutifs, n\u00e9cessitant l&rsquo;\u00e9laboration d&rsquo;une strat\u00e9gie innovante dans le domaine du soutien logistique op\u00e9rationnel, afin de s&rsquo;adapter aux exigences des batailles modernes et d&rsquo;atteindre les objectifs trac\u00e9s. \u00bb L&rsquo;ANP ne regarde pas les conflits contemporains de loin. Elle en tire des enseignements et ajuste sa doctrine en cons\u00e9quence.<\/p>\n\n\n\n<p>La feuille de route de l&rsquo;institution est claire sur ce point. Conform\u00e9ment aux instructions du Pr\u00e9sident de la R\u00e9publique, chef supr\u00eame des forces arm\u00e9es et ministre de la D\u00e9fense nationale, l&rsquo;ANP \u0153uvre \u00e0 ce que \u00ab les fondements de la disponibilit\u00e9 op\u00e9rationnelle que nous cherchons \u00e0 atteindre et \u00e0 concr\u00e9tiser sur le terrain au niveau du corps de bataille reposent sur le principe d&rsquo;une int\u00e9gration totale et d&rsquo;une harmonie spontan\u00e9e entre la composante op\u00e9rationnelle et logistique, de mani\u00e8re \u00e0 ce que cet ensemble forme un seul corps, dont l&rsquo;\u00e9quilibre ne peut \u00eatre assur\u00e9 que si tous ses membres, sans exception, sont parfaitement coordonn\u00e9s. \u00bb La notion est structurante : op\u00e9rationnel et logistique ne sont pas deux fonctions parall\u00e8les \u2014 ils forment un seul organisme, dont aucun membre ne peut d\u00e9faillir sans compromettre l&rsquo;ensemble.<\/p>\n\n\n\n<p>Cette philosophie d&rsquo;int\u00e9gration totale guide la conception m\u00eame du s\u00e9minaire. L&rsquo;objectif annonc\u00e9 par Chanegriha est \u00e0 la fois diagnostic et prospectif : \u00ab diagnostiquer l&rsquo;\u00e9tat actuel des cha\u00eenes de soutien logistique op\u00e9rationnel, identifier les principales difficult\u00e9s et d\u00e9fis auxquels elles sont confront\u00e9es, puis leur apporter des solutions concr\u00e8tes, ainsi qu&rsquo;anticiper les perspectives d&rsquo;avenir susceptibles de les d\u00e9velopper et de renforcer leur efficacit\u00e9, en ad\u00e9quation avec les exigences des environnements op\u00e9rationnels et des champs de bataille modernes. \u00bb Un exercice d&rsquo;auto\u00e9valuation exigeant, conduit au plus haut niveau de l&rsquo;institution.<\/p>\n\n\n\n<p>La composition de l&rsquo;assistance refl\u00e8te cette ambition. Autour du chef d&rsquo;\u00e9tat-major : le ministre de l&rsquo;Int\u00e9rieur et des Collectivit\u00e9s locales et du Transport, le conseiller du Pr\u00e9sident de la R\u00e9publique charg\u00e9 des affaires de s\u00e9curit\u00e9 et de d\u00e9fense, le commandant des Forces terrestres, le secr\u00e9taire g\u00e9n\u00e9ral du minist\u00e8re de la D\u00e9fense nationale, les commandants de forces et de la Garde r\u00e9publicaine, le commandant de la 1\u00e8re R\u00e9gion militaire, des directeurs centraux, des professeurs et des sp\u00e9cialistes. L&rsquo;ensemble de la cha\u00eene \u2014 commandement, administration, expertise technique \u2014 r\u00e9uni pour traiter d&rsquo;une m\u00eame question.<\/p>\n\n\n\n<p>Les conf\u00e9rences qui ont suivi l&rsquo;allocution d&rsquo;ouverture ont abord\u00e9 les d\u00e9fis concrets du soutien logistique et les voies d&rsquo;adaptation du syst\u00e8me de l&rsquo;ANP aux mutations du fait militaire contemporain. Les d\u00e9bats entre sp\u00e9cialistes et cadres ont enrichi les travaux, dont les recommandations n&rsquo;ont pas \u00e9t\u00e9 rendues publiques \u00e0 l&rsquo;issue de la journ\u00e9e.<\/p>\n\n\n\n<p>Ce s\u00e9minaire dit quelque chose de l&rsquo;\u00e9tat d&rsquo;esprit de l&rsquo;institution. L&rsquo;ANP ne se contente pas de moderniser ses \u00e9quipements \u2014 elle modernise sa pens\u00e9e. Traiter la logistique comme enjeu strat\u00e9gique de premier rang, la soumettre \u00e0 un s\u00e9minaire national de haut niveau, croiser les regards du commandement et de l&rsquo;expertise civile et militaire : c&rsquo;est une d\u00e9marche d&rsquo;arm\u00e9e qui se pr\u00e9pare s\u00e9rieusement, dans un environnement r\u00e9gional qui ne laisse pas beaucoup de place \u00e0 l&rsquo;improvisation.<\/p>\n\n\n\n<p>Salim Amokrane<\/p>\n","protected":false},"excerpt":{"rendered":"<p>Dans un monde o\u00f9 les conflits arm\u00e9s se transforment \u00e0 vitesse acc\u00e9l\u00e9r\u00e9e \u2014 drones, guerre \u00e9lectronique, frappes de pr\u00e9cision, saturation<\/p>\n","protected":false},"author":6,"featured_media":86504,"comment_status":"open","ping_status":"closed","sticky":false,"template":"","format":"standard","meta":{"colormag_page_container_layout":"default_layout","colormag_page_sidebar_layout":"default_layout","om_disable_all_campaigns":false,"_monsterinsights_skip_tracking":false,"_monsterinsights_sitenote_active":false,"_monsterinsights_sitenote_note":"","_monsterinsights_sitenote_category":0,"footnotes":"","_wpscppro_dont_share_socialmedia":false,"_wpscppro_custom_social_share_image":0,"_facebook_share_type":"default","_twitter_share_type":"default","_linkedin_share_type":"default","_pinterest_share_type":"default","_linkedin_share_type_page":"","_instagram_share_type":"default","_medium_share_type":"default","_threads_share_type":"default","_google_business_share_type":"default","_selected_social_profile":[],"_wpsp_enable_custom_social_template":false,"_wpsp_social_scheduling":{"enabled":false,"datetime":null,"platforms":[],"status":"template_only","dateOption":"today","timeOption":"now","customDays":"","customHours":"","customDate":"","customTime":"","schedulingType":"absolute"},"_wpsp_active_default_template":true},"categories":[52,27],"tags":[],"class_list":["post-86503","post","type-post","status-publish","format-standard","has-post-thumbnail","hentry","category-a-la-une","category-actualite"],"aioseo_notices":[],"yoast_head":"<!-- This site is optimized with the Yoast SEO plugin v27.4 - https:\/\/yoast.com\/product\/yoast-seo-wordpress\/ -->\n<title>La logistique au c\u0153ur de la guerre moderne\u00a0: L\u2019ANP fixe le cap - La Sentinelle<\/title>\n<meta name=\"robots\" content=\"index, follow, max-snippet:-1, max-image-preview:large, max-video-preview:-1\" \/>\n<link rel=\"canonical\" href=\"https:\/\/lasentinelle.dz\/index.php\/2026\/04\/27\/la-logistique-au-coeur-de-la-guerre-moderne-lanp-fixe-le-cap\/\" \/>\n<meta property=\"og:locale\" content=\"fr_FR\" \/>\n<meta property=\"og:type\" content=\"article\" \/>\n<meta property=\"og:title\" content=\"La logistique au c\u0153ur de la guerre moderne\u00a0: L\u2019ANP fixe le cap - La Sentinelle\" \/>\n<meta property=\"og:description\" content=\"Dans un monde o\u00f9 les conflits arm\u00e9s se transforment \u00e0 vitesse acc\u00e9l\u00e9r\u00e9e \u2014 drones, guerre \u00e9lectronique, frappes de pr\u00e9cision, saturation\" \/>\n<meta property=\"og:url\" content=\"https:\/\/lasentinelle.dz\/index.php\/2026\/04\/27\/la-logistique-au-coeur-de-la-guerre-moderne-lanp-fixe-le-cap\/\" \/>\n<meta property=\"og:site_name\" content=\"La Sentinelle\" \/>\n<meta property=\"article:publisher\" content=\"https:\/\/www.facebook.com\/La-Sentinelle-104059864394773\" \/>\n<meta property=\"article:published_time\" content=\"2026-04-27T13:52:43+00:00\" \/>\n<meta property=\"article:modified_time\" content=\"2026-04-27T13:52:48+00:00\" \/>\n<meta property=\"og:image\" content=\"https:\/\/lasentinelle.dz\/wp-content\/uploads\/2026\/04\/chane-3.jpg\" \/>\n\t<meta property=\"og:image:width\" content=\"800\" \/>\n\t<meta property=\"og:image:height\" content=\"532\" \/>\n\t<meta property=\"og:image:type\" content=\"image\/jpeg\" \/>\n<meta name=\"author\" content=\"admin\" \/>\n<meta name=\"twitter:card\" content=\"summary_large_image\" \/>\n<meta name=\"twitter:label1\" content=\"\u00c9crit par\" \/>\n\t<meta name=\"twitter:data1\" content=\"admin\" \/>\n\t<meta name=\"twitter:label2\" content=\"Dur\u00e9e de lecture estim\u00e9e\" \/>\n\t<meta name=\"twitter:data2\" content=\"5 minutes\" \/>\n<script type=\"application\/ld+json\" class=\"yoast-schema-graph\">{\"@context\":\"https:\\\/\\\/schema.org\",\"@graph\":[{\"@type\":\"Article\",\"@id\":\"https:\\\/\\\/lasentinelle.dz\\\/index.php\\\/2026\\\/04\\\/27\\\/la-logistique-au-coeur-de-la-guerre-moderne-lanp-fixe-le-cap\\\/#article\",\"isPartOf\":{\"@id\":\"https:\\\/\\\/lasentinelle.dz\\\/index.php\\\/2026\\\/04\\\/27\\\/la-logistique-au-coeur-de-la-guerre-moderne-lanp-fixe-le-cap\\\/\"},\"author\":{\"name\":\"admin\",\"@id\":\"https:\\\/\\\/lasentinelle.dz\\\/#\\\/schema\\\/person\\\/729ee0024f24e0b8c5ec17232f8e8b41\"},\"headline\":\"La logistique au c\u0153ur de la guerre moderne\u00a0: L\u2019ANP fixe le cap\",\"datePublished\":\"2026-04-27T13:52:43+00:00\",\"dateModified\":\"2026-04-27T13:52:48+00:00\",\"mainEntityOfPage\":{\"@id\":\"https:\\\/\\\/lasentinelle.dz\\\/index.php\\\/2026\\\/04\\\/27\\\/la-logistique-au-coeur-de-la-guerre-moderne-lanp-fixe-le-cap\\\/\"},\"wordCount\":978,\"commentCount\":0,\"publisher\":{\"@id\":\"https:\\\/\\\/lasentinelle.dz\\\/#organization\"},\"image\":{\"@id\":\"https:\\\/\\\/lasentinelle.dz\\\/index.php\\\/2026\\\/04\\\/27\\\/la-logistique-au-coeur-de-la-guerre-moderne-lanp-fixe-le-cap\\\/#primaryimage\"},\"thumbnailUrl\":\"https:\\\/\\\/lasentinelle.dz\\\/wp-content\\\/uploads\\\/2026\\\/04\\\/chane-3.jpg\",\"articleSection\":[\"\u00c0 la Une\",\"Actualit\u00e9\"],\"inLanguage\":\"fr-FR\",\"potentialAction\":[{\"@type\":\"CommentAction\",\"name\":\"Comment\",\"target\":[\"https:\\\/\\\/lasentinelle.dz\\\/index.php\\\/2026\\\/04\\\/27\\\/la-logistique-au-coeur-de-la-guerre-moderne-lanp-fixe-le-cap\\\/#respond\"]}]},{\"@type\":\"WebPage\",\"@id\":\"https:\\\/\\\/lasentinelle.dz\\\/index.php\\\/2026\\\/04\\\/27\\\/la-logistique-au-coeur-de-la-guerre-moderne-lanp-fixe-le-cap\\\/\",\"url\":\"https:\\\/\\\/lasentinelle.dz\\\/index.php\\\/2026\\\/04\\\/27\\\/la-logistique-au-coeur-de-la-guerre-moderne-lanp-fixe-le-cap\\\/\",\"name\":\"La logistique au c\u0153ur de la guerre moderne\u00a0: L\u2019ANP fixe le cap - La Sentinelle\",\"isPartOf\":{\"@id\":\"https:\\\/\\\/lasentinelle.dz\\\/#website\"},\"primaryImageOfPage\":{\"@id\":\"https:\\\/\\\/lasentinelle.dz\\\/index.php\\\/2026\\\/04\\\/27\\\/la-logistique-au-coeur-de-la-guerre-moderne-lanp-fixe-le-cap\\\/#primaryimage\"},\"image\":{\"@id\":\"https:\\\/\\\/lasentinelle.dz\\\/index.php\\\/2026\\\/04\\\/27\\\/la-logistique-au-coeur-de-la-guerre-moderne-lanp-fixe-le-cap\\\/#primaryimage\"},\"thumbnailUrl\":\"https:\\\/\\\/lasentinelle.dz\\\/wp-content\\\/uploads\\\/2026\\\/04\\\/chane-3.jpg\",\"datePublished\":\"2026-04-27T13:52:43+00:00\",\"dateModified\":\"2026-04-27T13:52:48+00:00\",\"breadcrumb\":{\"@id\":\"https:\\\/\\\/lasentinelle.dz\\\/index.php\\\/2026\\\/04\\\/27\\\/la-logistique-au-coeur-de-la-guerre-moderne-lanp-fixe-le-cap\\\/#breadcrumb\"},\"inLanguage\":\"fr-FR\",\"potentialAction\":[{\"@type\":\"ReadAction\",\"target\":[\"https:\\\/\\\/lasentinelle.dz\\\/index.php\\\/2026\\\/04\\\/27\\\/la-logistique-au-coeur-de-la-guerre-moderne-lanp-fixe-le-cap\\\/\"]}]},{\"@type\":\"ImageObject\",\"inLanguage\":\"fr-FR\",\"@id\":\"https:\\\/\\\/lasentinelle.dz\\\/index.php\\\/2026\\\/04\\\/27\\\/la-logistique-au-coeur-de-la-guerre-moderne-lanp-fixe-le-cap\\\/#primaryimage\",\"url\":\"https:\\\/\\\/lasentinelle.dz\\\/wp-content\\\/uploads\\\/2026\\\/04\\\/chane-3.jpg\",\"contentUrl\":\"https:\\\/\\\/lasentinelle.dz\\\/wp-content\\\/uploads\\\/2026\\\/04\\\/chane-3.jpg\",\"width\":800,\"height\":532},{\"@type\":\"BreadcrumbList\",\"@id\":\"https:\\\/\\\/lasentinelle.dz\\\/index.php\\\/2026\\\/04\\\/27\\\/la-logistique-au-coeur-de-la-guerre-moderne-lanp-fixe-le-cap\\\/#breadcrumb\",\"itemListElement\":[{\"@type\":\"ListItem\",\"position\":1,\"name\":\"Accueil\",\"item\":\"https:\\\/\\\/lasentinelle.dz\\\/\"},{\"@type\":\"ListItem\",\"position\":2,\"name\":\"La logistique au c\u0153ur de la guerre moderne\u00a0: L\u2019ANP fixe le cap\"}]},{\"@type\":\"WebSite\",\"@id\":\"https:\\\/\\\/lasentinelle.dz\\\/#website\",\"url\":\"https:\\\/\\\/lasentinelle.dz\\\/\",\"name\":\"La Sentinelle\",\"description\":\"Quotidien national d&#039;information\",\"publisher\":{\"@id\":\"https:\\\/\\\/lasentinelle.dz\\\/#organization\"},\"potentialAction\":[{\"@type\":\"SearchAction\",\"target\":{\"@type\":\"EntryPoint\",\"urlTemplate\":\"https:\\\/\\\/lasentinelle.dz\\\/?s={search_term_string}\"},\"query-input\":{\"@type\":\"PropertyValueSpecification\",\"valueRequired\":true,\"valueName\":\"search_term_string\"}}],\"inLanguage\":\"fr-FR\"},{\"@type\":\"Organization\",\"@id\":\"https:\\\/\\\/lasentinelle.dz\\\/#organization\",\"name\":\"Quotidien La Sentinelle\",\"url\":\"https:\\\/\\\/lasentinelle.dz\\\/\",\"logo\":{\"@type\":\"ImageObject\",\"inLanguage\":\"fr-FR\",\"@id\":\"https:\\\/\\\/lasentinelle.dz\\\/#\\\/schema\\\/logo\\\/image\\\/\",\"url\":\"https:\\\/\\\/lasentinelle.dz\\\/wp-content\\\/uploads\\\/2021\\\/09\\\/logo-sentinelleSLOGAN-1.png\",\"contentUrl\":\"https:\\\/\\\/lasentinelle.dz\\\/wp-content\\\/uploads\\\/2021\\\/09\\\/logo-sentinelleSLOGAN-1.png\",\"width\":615,\"height\":142,\"caption\":\"Quotidien La Sentinelle\"},\"image\":{\"@id\":\"https:\\\/\\\/lasentinelle.dz\\\/#\\\/schema\\\/logo\\\/image\\\/\"},\"sameAs\":[\"https:\\\/\\\/www.facebook.com\\\/La-Sentinelle-104059864394773\"]},{\"@type\":\"Person\",\"@id\":\"https:\\\/\\\/lasentinelle.dz\\\/#\\\/schema\\\/person\\\/729ee0024f24e0b8c5ec17232f8e8b41\",\"name\":\"admin\",\"image\":{\"@type\":\"ImageObject\",\"inLanguage\":\"fr-FR\",\"@id\":\"https:\\\/\\\/secure.gravatar.com\\\/avatar\\\/4c81fed838786e9b53f540bf46533e750f5d292099ae3b66cfc6fb1982e29df7?s=96&d=mm&r=g\",\"url\":\"https:\\\/\\\/secure.gravatar.com\\\/avatar\\\/4c81fed838786e9b53f540bf46533e750f5d292099ae3b66cfc6fb1982e29df7?s=96&d=mm&r=g\",\"contentUrl\":\"https:\\\/\\\/secure.gravatar.com\\\/avatar\\\/4c81fed838786e9b53f540bf46533e750f5d292099ae3b66cfc6fb1982e29df7?s=96&d=mm&r=g\",\"caption\":\"admin\"},\"description\":\"admin\",\"url\":\"https:\\\/\\\/lasentinelle.dz\\\/author\\\/admin\\\/\"}]}<\/script>\n<!-- \/ Yoast SEO plugin. -->","yoast_head_json":{"title":"La logistique au c\u0153ur de la guerre moderne\u00a0: L\u2019ANP fixe le cap - La Sentinelle","robots":{"index":"index","follow":"follow","max-snippet":"max-snippet:-1","max-image-preview":"max-image-preview:large","max-video-preview":"max-video-preview:-1"},"canonical":"https:\/\/lasentinelle.dz\/index.php\/2026\/04\/27\/la-logistique-au-coeur-de-la-guerre-moderne-lanp-fixe-le-cap\/","og_locale":"fr_FR","og_type":"article","og_title":"La logistique au c\u0153ur de la guerre moderne\u00a0: L\u2019ANP fixe le cap - La Sentinelle","og_description":"Dans un monde o\u00f9 les conflits arm\u00e9s se transforment \u00e0 vitesse acc\u00e9l\u00e9r\u00e9e \u2014 drones, guerre \u00e9lectronique, frappes de pr\u00e9cision, saturation","og_url":"https:\/\/lasentinelle.dz\/index.php\/2026\/04\/27\/la-logistique-au-coeur-de-la-guerre-moderne-lanp-fixe-le-cap\/","og_site_name":"La Sentinelle","article_publisher":"https:\/\/www.facebook.com\/La-Sentinelle-104059864394773","article_published_time":"2026-04-27T13:52:43+00:00","article_modified_time":"2026-04-27T13:52:48+00:00","og_image":[{"width":800,"height":532,"url":"https:\/\/lasentinelle.dz\/wp-content\/uploads\/2026\/04\/chane-3.jpg","type":"image\/jpeg"}],"author":"admin","twitter_card":"summary_large_image","twitter_misc":{"\u00c9crit par":"admin","Dur\u00e9e de lecture estim\u00e9e":"5 minutes"},"schema":{"@context":"https:\/\/schema.org","@graph":[{"@type":"Article","@id":"https:\/\/lasentinelle.dz\/index.php\/2026\/04\/27\/la-logistique-au-coeur-de-la-guerre-moderne-lanp-fixe-le-cap\/#article","isPartOf":{"@id":"https:\/\/lasentinelle.dz\/index.php\/2026\/04\/27\/la-logistique-au-coeur-de-la-guerre-moderne-lanp-fixe-le-cap\/"},"author":{"name":"admin","@id":"https:\/\/lasentinelle.dz\/#\/schema\/person\/729ee0024f24e0b8c5ec17232f8e8b41"},"headline":"La logistique au c\u0153ur de la guerre moderne\u00a0: L\u2019ANP fixe le cap","datePublished":"2026-04-27T13:52:43+00:00","dateModified":"2026-04-27T13:52:48+00:00","mainEntityOfPage":{"@id":"https:\/\/lasentinelle.dz\/index.php\/2026\/04\/27\/la-logistique-au-coeur-de-la-guerre-moderne-lanp-fixe-le-cap\/"},"wordCount":978,"commentCount":0,"publisher":{"@id":"https:\/\/lasentinelle.dz\/#organization"},"image":{"@id":"https:\/\/lasentinelle.dz\/index.php\/2026\/04\/27\/la-logistique-au-coeur-de-la-guerre-moderne-lanp-fixe-le-cap\/#primaryimage"},"thumbnailUrl":"https:\/\/lasentinelle.dz\/wp-content\/uploads\/2026\/04\/chane-3.jpg","articleSection":["\u00c0 la Une","Actualit\u00e9"],"inLanguage":"fr-FR","potentialAction":[{"@type":"CommentAction","name":"Comment","target":["https:\/\/lasentinelle.dz\/index.php\/2026\/04\/27\/la-logistique-au-coeur-de-la-guerre-moderne-lanp-fixe-le-cap\/#respond"]}]},{"@type":"WebPage","@id":"https:\/\/lasentinelle.dz\/index.php\/2026\/04\/27\/la-logistique-au-coeur-de-la-guerre-moderne-lanp-fixe-le-cap\/","url":"https:\/\/lasentinelle.dz\/index.php\/2026\/04\/27\/la-logistique-au-coeur-de-la-guerre-moderne-lanp-fixe-le-cap\/","name":"La logistique au c\u0153ur de la guerre moderne\u00a0: L\u2019ANP fixe le cap - La Sentinelle","isPartOf":{"@id":"https:\/\/lasentinelle.dz\/#website"},"primaryImageOfPage":{"@id":"https:\/\/lasentinelle.dz\/index.php\/2026\/04\/27\/la-logistique-au-coeur-de-la-guerre-moderne-lanp-fixe-le-cap\/#primaryimage"},"image":{"@id":"https:\/\/lasentinelle.dz\/index.php\/2026\/04\/27\/la-logistique-au-coeur-de-la-guerre-moderne-lanp-fixe-le-cap\/#primaryimage"},"thumbnailUrl":"https:\/\/lasentinelle.dz\/wp-content\/uploads\/2026\/04\/chane-3.jpg","datePublished":"2026-04-27T13:52:43+00:00","dateModified":"2026-04-27T13:52:48+00:00","breadcrumb":{"@id":"https:\/\/lasentinelle.dz\/index.php\/2026\/04\/27\/la-logistique-au-coeur-de-la-guerre-moderne-lanp-fixe-le-cap\/#breadcrumb"},"inLanguage":"fr-FR","potentialAction":[{"@type":"ReadAction","target":["https:\/\/lasentinelle.dz\/index.php\/2026\/04\/27\/la-logistique-au-coeur-de-la-guerre-moderne-lanp-fixe-le-cap\/"]}]},{"@type":"ImageObject","inLanguage":"fr-FR","@id":"https:\/\/lasentinelle.dz\/index.php\/2026\/04\/27\/la-logistique-au-coeur-de-la-guerre-moderne-lanp-fixe-le-cap\/#primaryimage","url":"https:\/\/lasentinelle.dz\/wp-content\/uploads\/2026\/04\/chane-3.jpg","contentUrl":"https:\/\/lasentinelle.dz\/wp-content\/uploads\/2026\/04\/chane-3.jpg","width":800,"height":532},{"@type":"BreadcrumbList","@id":"https:\/\/lasentinelle.dz\/index.php\/2026\/04\/27\/la-logistique-au-coeur-de-la-guerre-moderne-lanp-fixe-le-cap\/#breadcrumb","itemListElement":[{"@type":"ListItem","position":1,"name":"Accueil","item":"https:\/\/lasentinelle.dz\/"},{"@type":"ListItem","position":2,"name":"La logistique au c\u0153ur de la guerre moderne\u00a0: L\u2019ANP fixe le cap"}]},{"@type":"WebSite","@id":"https:\/\/lasentinelle.dz\/#website","url":"https:\/\/lasentinelle.dz\/","name":"La Sentinelle","description":"Quotidien national d&#039;information","publisher":{"@id":"https:\/\/lasentinelle.dz\/#organization"},"potentialAction":[{"@type":"SearchAction","target":{"@type":"EntryPoint","urlTemplate":"https:\/\/lasentinelle.dz\/?s={search_term_string}"},"query-input":{"@type":"PropertyValueSpecification","valueRequired":true,"valueName":"search_term_string"}}],"inLanguage":"fr-FR"},{"@type":"Organization","@id":"https:\/\/lasentinelle.dz\/#organization","name":"Quotidien La Sentinelle","url":"https:\/\/lasentinelle.dz\/","logo":{"@type":"ImageObject","inLanguage":"fr-FR","@id":"https:\/\/lasentinelle.dz\/#\/schema\/logo\/image\/","url":"https:\/\/lasentinelle.dz\/wp-content\/uploads\/2021\/09\/logo-sentinelleSLOGAN-1.png","contentUrl":"https:\/\/lasentinelle.dz\/wp-content\/uploads\/2021\/09\/logo-sentinelleSLOGAN-1.png","width":615,"height":142,"caption":"Quotidien La Sentinelle"},"image":{"@id":"https:\/\/lasentinelle.dz\/#\/schema\/logo\/image\/"},"sameAs":["https:\/\/www.facebook.com\/La-Sentinelle-104059864394773"]},{"@type":"Person","@id":"https:\/\/lasentinelle.dz\/#\/schema\/person\/729ee0024f24e0b8c5ec17232f8e8b41","name":"admin","image":{"@type":"ImageObject","inLanguage":"fr-FR","@id":"https:\/\/secure.gravatar.com\/avatar\/4c81fed838786e9b53f540bf46533e750f5d292099ae3b66cfc6fb1982e29df7?s=96&d=mm&r=g","url":"https:\/\/secure.gravatar.com\/avatar\/4c81fed838786e9b53f540bf46533e750f5d292099ae3b66cfc6fb1982e29df7?s=96&d=mm&r=g","contentUrl":"https:\/\/secure.gravatar.com\/avatar\/4c81fed838786e9b53f540bf46533e750f5d292099ae3b66cfc6fb1982e29df7?s=96&d=mm&r=g","caption":"admin"},"description":"admin","url":"https:\/\/lasentinelle.dz\/author\/admin\/"}]}},"_links":{"self":[{"href":"https:\/\/lasentinelle.dz\/index.php\/wp-json\/wp\/v2\/posts\/86503","targetHints":{"allow":["GET"]}}],"collection":[{"href":"https:\/\/lasentinelle.dz\/index.php\/wp-json\/wp\/v2\/posts"}],"about":[{"href":"https:\/\/lasentinelle.dz\/index.php\/wp-json\/wp\/v2\/types\/post"}],"author":[{"embeddable":true,"href":"https:\/\/lasentinelle.dz\/index.php\/wp-json\/wp\/v2\/users\/6"}],"replies":[{"embeddable":true,"href":"https:\/\/lasentinelle.dz\/index.php\/wp-json\/wp\/v2\/comments?post=86503"}],"version-history":[{"count":1,"href":"https:\/\/lasentinelle.dz\/index.php\/wp-json\/wp\/v2\/posts\/86503\/revisions"}],"predecessor-version":[{"id":86505,"href":"https:\/\/lasentinelle.dz\/index.php\/wp-json\/wp\/v2\/posts\/86503\/revisions\/86505"}],"wp:featuredmedia":[{"embeddable":true,"href":"https:\/\/lasentinelle.dz\/index.php\/wp-json\/wp\/v2\/media\/86504"}],"wp:attachment":[{"href":"https:\/\/lasentinelle.dz\/index.php\/wp-json\/wp\/v2\/media?parent=86503"}],"wp:term":[{"taxonomy":"category","embeddable":true,"href":"https:\/\/lasentinelle.dz\/index.php\/wp-json\/wp\/v2\/categories?post=86503"},{"taxonomy":"post_tag","embeddable":true,"href":"https:\/\/lasentinelle.dz\/index.php\/wp-json\/wp\/v2\/tags?post=86503"}],"curies":[{"name":"wp","href":"https:\/\/api.w.org\/{rel}","templated":true}]}}