{"id":86508,"date":"2026-04-27T19:40:12","date_gmt":"2026-04-27T18:40:12","guid":{"rendered":"https:\/\/lasentinelle.dz\/?p=86508"},"modified":"2026-04-27T19:40:19","modified_gmt":"2026-04-27T18:40:19","slug":"un-reseau-criminel-specialise-dans-le-vol-de-voitures-demantele","status":"publish","type":"post","link":"https:\/\/lasentinelle.dz\/index.php\/2026\/04\/27\/un-reseau-criminel-specialise-dans-le-vol-de-voitures-demantele\/","title":{"rendered":"Un r\u00e9seau criminel sp\u00e9cialis\u00e9 dans le vol de voitures d\u00e9mantel\u00e9"},"content":{"rendered":"\n<p>La brigade r\u00e9gionale de la Gendarmerie nationale des Eucalyptus (Alger) ont r\u00e9ussi, en peu de temps, \u00e0 neutraliser un r\u00e9seau criminel sp\u00e9cialis\u00e9 dans le vol de v\u00e9hicules, indique, lundi, un communiqu\u00e9 de ce corps constitu\u00e9. L&rsquo;op\u00e9ration a \u00e9t\u00e9 motiv\u00e9e par \u00ab\u00a0la plainte parvenue \u00e0 la brigade, d&rsquo;un citoyen victime du vol de son v\u00e9hicule touristique devant son lieu de r\u00e9sidence \u00e0 la cit\u00e9 Kourifa Mohamed, dans la commune des Eucalyptus (wilaya d&rsquo;Alger)\u00a0\u00bb, a-t-on ajout\u00e9. Les \u00e9l\u00e9ments de la brigade ont diligent\u00e9 une enqu\u00eate, en exploitant des extraits vid\u00e9os des cam\u00e9ras de surveillance, en activant l&rsquo;\u00e9l\u00e9ment de renseignement et en intensifiant les investigations, ce qui a permis aux enqu\u00eateurs d&rsquo;identifier les membres du r\u00e9seau et de les localiser, de m\u00eame que le lieu o\u00f9 le v\u00e9hicule \u00e9tait dissimul\u00e9, avant d&rsquo;\u00e9tablir un plan de s\u00e9curit\u00e9 bien ficel\u00e9\u00a0\u00bb. En coordination avec les juridictions comp\u00e9tentes, \u00ab\u00a0les \u00e9l\u00e9ments de la brigade se sont d\u00e9plac\u00e9s dans une wilaya avoisinante, ainsi que dans l&rsquo;une des communes de la wilaya d&rsquo;Alger. L&rsquo;op\u00e9ration s&rsquo;est sold\u00e9e par l&rsquo;arrestation de deux individus et la r\u00e9cup\u00e9ration du v\u00e9hicule vol\u00e9 en peu de temps\u00a0\u00bb.<\/p>\n\n\n\n<p>Apr\u00e8s enqu\u00eate, il s&rsquo;est av\u00e9r\u00e9 que \u00ab\u00a0les pr\u00e9venus \u00e9taient en phase de d\u00e9monter le v\u00e9hicule vol\u00e9 et de le revendre en pi\u00e8ces d\u00e9tach\u00e9es\u00a0\u00bb et qu&rsquo;ils \u00ab\u00a0utilisaient dans leurs d\u00e9placements dans le cadre des diff\u00e9rentes activit\u00e9s criminelles des applications d\u00e9di\u00e9es au transport d&rsquo;individus\u00a0\u00bb<\/p>\n\n\n\n<p>&nbsp;APS<\/p>\n","protected":false},"excerpt":{"rendered":"<p>La brigade r\u00e9gionale de la Gendarmerie nationale des Eucalyptus (Alger) ont r\u00e9ussi, en peu de temps, \u00e0 neutraliser un r\u00e9seau<\/p>\n","protected":false},"author":6,"featured_media":0,"comment_status":"open","ping_status":"closed","sticky":false,"template":"","format":"standard","meta":{"colormag_page_container_layout":"default_layout","colormag_page_sidebar_layout":"default_layout","om_disable_all_campaigns":false,"_monsterinsights_skip_tracking":false,"_monsterinsights_sitenote_active":false,"_monsterinsights_sitenote_note":"","_monsterinsights_sitenote_category":0,"footnotes":"","_wpscppro_dont_share_socialmedia":false,"_wpscppro_custom_social_share_image":0,"_facebook_share_type":"default","_twitter_share_type":"default","_linkedin_share_type":"default","_pinterest_share_type":"default","_linkedin_share_type_page":"","_instagram_share_type":"default","_medium_share_type":"default","_threads_share_type":"default","_google_business_share_type":"default","_selected_social_profile":[],"_wpsp_enable_custom_social_template":false,"_wpsp_social_scheduling":{"enabled":false,"datetime":null,"platforms":[],"status":"template_only","dateOption":"today","timeOption":"now","customDays":"","customHours":"","customDate":"","customTime":"","schedulingType":"absolute"},"_wpsp_active_default_template":true},"categories":[27],"tags":[],"class_list":["post-86508","post","type-post","status-publish","format-standard","hentry","category-actualite"],"aioseo_notices":[],"yoast_head":"<!-- This site is optimized with the Yoast SEO plugin v27.4 - https:\/\/yoast.com\/product\/yoast-seo-wordpress\/ -->\n<title>Un r\u00e9seau criminel sp\u00e9cialis\u00e9 dans le vol de voitures d\u00e9mantel\u00e9 - La Sentinelle<\/title>\n<meta name=\"robots\" content=\"index, follow, max-snippet:-1, max-image-preview:large, max-video-preview:-1\" \/>\n<link rel=\"canonical\" href=\"https:\/\/lasentinelle.dz\/index.php\/2026\/04\/27\/un-reseau-criminel-specialise-dans-le-vol-de-voitures-demantele\/\" \/>\n<meta property=\"og:locale\" content=\"fr_FR\" \/>\n<meta property=\"og:type\" content=\"article\" \/>\n<meta property=\"og:title\" content=\"Un r\u00e9seau criminel sp\u00e9cialis\u00e9 dans le vol de voitures d\u00e9mantel\u00e9 - La Sentinelle\" \/>\n<meta property=\"og:description\" content=\"La brigade r\u00e9gionale de la Gendarmerie nationale des Eucalyptus (Alger) ont r\u00e9ussi, en peu de temps, \u00e0 neutraliser un r\u00e9seau\" \/>\n<meta property=\"og:url\" content=\"https:\/\/lasentinelle.dz\/index.php\/2026\/04\/27\/un-reseau-criminel-specialise-dans-le-vol-de-voitures-demantele\/\" \/>\n<meta property=\"og:site_name\" content=\"La Sentinelle\" \/>\n<meta property=\"article:publisher\" content=\"https:\/\/www.facebook.com\/La-Sentinelle-104059864394773\" \/>\n<meta property=\"article:published_time\" content=\"2026-04-27T18:40:12+00:00\" \/>\n<meta property=\"article:modified_time\" content=\"2026-04-27T18:40:19+00:00\" \/>\n<meta name=\"author\" content=\"admin\" \/>\n<meta name=\"twitter:card\" content=\"summary_large_image\" \/>\n<meta name=\"twitter:label1\" content=\"\u00c9crit par\" \/>\n\t<meta name=\"twitter:data1\" content=\"admin\" \/>\n\t<meta name=\"twitter:label2\" content=\"Dur\u00e9e de lecture estim\u00e9e\" \/>\n\t<meta name=\"twitter:data2\" content=\"2 minutes\" \/>\n<script type=\"application\/ld+json\" class=\"yoast-schema-graph\">{\"@context\":\"https:\\\/\\\/schema.org\",\"@graph\":[{\"@type\":\"Article\",\"@id\":\"https:\\\/\\\/lasentinelle.dz\\\/index.php\\\/2026\\\/04\\\/27\\\/un-reseau-criminel-specialise-dans-le-vol-de-voitures-demantele\\\/#article\",\"isPartOf\":{\"@id\":\"https:\\\/\\\/lasentinelle.dz\\\/index.php\\\/2026\\\/04\\\/27\\\/un-reseau-criminel-specialise-dans-le-vol-de-voitures-demantele\\\/\"},\"author\":{\"name\":\"admin\",\"@id\":\"https:\\\/\\\/lasentinelle.dz\\\/#\\\/schema\\\/person\\\/729ee0024f24e0b8c5ec17232f8e8b41\"},\"headline\":\"Un r\u00e9seau criminel sp\u00e9cialis\u00e9 dans le vol de voitures d\u00e9mantel\u00e9\",\"datePublished\":\"2026-04-27T18:40:12+00:00\",\"dateModified\":\"2026-04-27T18:40:19+00:00\",\"mainEntityOfPage\":{\"@id\":\"https:\\\/\\\/lasentinelle.dz\\\/index.php\\\/2026\\\/04\\\/27\\\/un-reseau-criminel-specialise-dans-le-vol-de-voitures-demantele\\\/\"},\"wordCount\":291,\"commentCount\":0,\"publisher\":{\"@id\":\"https:\\\/\\\/lasentinelle.dz\\\/#organization\"},\"articleSection\":[\"Actualit\u00e9\"],\"inLanguage\":\"fr-FR\",\"potentialAction\":[{\"@type\":\"CommentAction\",\"name\":\"Comment\",\"target\":[\"https:\\\/\\\/lasentinelle.dz\\\/index.php\\\/2026\\\/04\\\/27\\\/un-reseau-criminel-specialise-dans-le-vol-de-voitures-demantele\\\/#respond\"]}]},{\"@type\":\"WebPage\",\"@id\":\"https:\\\/\\\/lasentinelle.dz\\\/index.php\\\/2026\\\/04\\\/27\\\/un-reseau-criminel-specialise-dans-le-vol-de-voitures-demantele\\\/\",\"url\":\"https:\\\/\\\/lasentinelle.dz\\\/index.php\\\/2026\\\/04\\\/27\\\/un-reseau-criminel-specialise-dans-le-vol-de-voitures-demantele\\\/\",\"name\":\"Un r\u00e9seau criminel sp\u00e9cialis\u00e9 dans le vol de voitures d\u00e9mantel\u00e9 - La Sentinelle\",\"isPartOf\":{\"@id\":\"https:\\\/\\\/lasentinelle.dz\\\/#website\"},\"datePublished\":\"2026-04-27T18:40:12+00:00\",\"dateModified\":\"2026-04-27T18:40:19+00:00\",\"breadcrumb\":{\"@id\":\"https:\\\/\\\/lasentinelle.dz\\\/index.php\\\/2026\\\/04\\\/27\\\/un-reseau-criminel-specialise-dans-le-vol-de-voitures-demantele\\\/#breadcrumb\"},\"inLanguage\":\"fr-FR\",\"potentialAction\":[{\"@type\":\"ReadAction\",\"target\":[\"https:\\\/\\\/lasentinelle.dz\\\/index.php\\\/2026\\\/04\\\/27\\\/un-reseau-criminel-specialise-dans-le-vol-de-voitures-demantele\\\/\"]}]},{\"@type\":\"BreadcrumbList\",\"@id\":\"https:\\\/\\\/lasentinelle.dz\\\/index.php\\\/2026\\\/04\\\/27\\\/un-reseau-criminel-specialise-dans-le-vol-de-voitures-demantele\\\/#breadcrumb\",\"itemListElement\":[{\"@type\":\"ListItem\",\"position\":1,\"name\":\"Accueil\",\"item\":\"https:\\\/\\\/lasentinelle.dz\\\/\"},{\"@type\":\"ListItem\",\"position\":2,\"name\":\"Un r\u00e9seau criminel sp\u00e9cialis\u00e9 dans le vol de voitures d\u00e9mantel\u00e9\"}]},{\"@type\":\"WebSite\",\"@id\":\"https:\\\/\\\/lasentinelle.dz\\\/#website\",\"url\":\"https:\\\/\\\/lasentinelle.dz\\\/\",\"name\":\"La Sentinelle\",\"description\":\"Quotidien national d&#039;information\",\"publisher\":{\"@id\":\"https:\\\/\\\/lasentinelle.dz\\\/#organization\"},\"potentialAction\":[{\"@type\":\"SearchAction\",\"target\":{\"@type\":\"EntryPoint\",\"urlTemplate\":\"https:\\\/\\\/lasentinelle.dz\\\/?s={search_term_string}\"},\"query-input\":{\"@type\":\"PropertyValueSpecification\",\"valueRequired\":true,\"valueName\":\"search_term_string\"}}],\"inLanguage\":\"fr-FR\"},{\"@type\":\"Organization\",\"@id\":\"https:\\\/\\\/lasentinelle.dz\\\/#organization\",\"name\":\"Quotidien La Sentinelle\",\"url\":\"https:\\\/\\\/lasentinelle.dz\\\/\",\"logo\":{\"@type\":\"ImageObject\",\"inLanguage\":\"fr-FR\",\"@id\":\"https:\\\/\\\/lasentinelle.dz\\\/#\\\/schema\\\/logo\\\/image\\\/\",\"url\":\"https:\\\/\\\/lasentinelle.dz\\\/wp-content\\\/uploads\\\/2021\\\/09\\\/logo-sentinelleSLOGAN-1.png\",\"contentUrl\":\"https:\\\/\\\/lasentinelle.dz\\\/wp-content\\\/uploads\\\/2021\\\/09\\\/logo-sentinelleSLOGAN-1.png\",\"width\":615,\"height\":142,\"caption\":\"Quotidien La Sentinelle\"},\"image\":{\"@id\":\"https:\\\/\\\/lasentinelle.dz\\\/#\\\/schema\\\/logo\\\/image\\\/\"},\"sameAs\":[\"https:\\\/\\\/www.facebook.com\\\/La-Sentinelle-104059864394773\"]},{\"@type\":\"Person\",\"@id\":\"https:\\\/\\\/lasentinelle.dz\\\/#\\\/schema\\\/person\\\/729ee0024f24e0b8c5ec17232f8e8b41\",\"name\":\"admin\",\"image\":{\"@type\":\"ImageObject\",\"inLanguage\":\"fr-FR\",\"@id\":\"https:\\\/\\\/secure.gravatar.com\\\/avatar\\\/4c81fed838786e9b53f540bf46533e750f5d292099ae3b66cfc6fb1982e29df7?s=96&d=mm&r=g\",\"url\":\"https:\\\/\\\/secure.gravatar.com\\\/avatar\\\/4c81fed838786e9b53f540bf46533e750f5d292099ae3b66cfc6fb1982e29df7?s=96&d=mm&r=g\",\"contentUrl\":\"https:\\\/\\\/secure.gravatar.com\\\/avatar\\\/4c81fed838786e9b53f540bf46533e750f5d292099ae3b66cfc6fb1982e29df7?s=96&d=mm&r=g\",\"caption\":\"admin\"},\"description\":\"admin\",\"url\":\"https:\\\/\\\/lasentinelle.dz\\\/author\\\/admin\\\/\"}]}<\/script>\n<!-- \/ Yoast SEO plugin. -->","yoast_head_json":{"title":"Un r\u00e9seau criminel sp\u00e9cialis\u00e9 dans le vol de voitures d\u00e9mantel\u00e9 - La Sentinelle","robots":{"index":"index","follow":"follow","max-snippet":"max-snippet:-1","max-image-preview":"max-image-preview:large","max-video-preview":"max-video-preview:-1"},"canonical":"https:\/\/lasentinelle.dz\/index.php\/2026\/04\/27\/un-reseau-criminel-specialise-dans-le-vol-de-voitures-demantele\/","og_locale":"fr_FR","og_type":"article","og_title":"Un r\u00e9seau criminel sp\u00e9cialis\u00e9 dans le vol de voitures d\u00e9mantel\u00e9 - La Sentinelle","og_description":"La brigade r\u00e9gionale de la Gendarmerie nationale des Eucalyptus (Alger) ont r\u00e9ussi, en peu de temps, \u00e0 neutraliser un r\u00e9seau","og_url":"https:\/\/lasentinelle.dz\/index.php\/2026\/04\/27\/un-reseau-criminel-specialise-dans-le-vol-de-voitures-demantele\/","og_site_name":"La Sentinelle","article_publisher":"https:\/\/www.facebook.com\/La-Sentinelle-104059864394773","article_published_time":"2026-04-27T18:40:12+00:00","article_modified_time":"2026-04-27T18:40:19+00:00","author":"admin","twitter_card":"summary_large_image","twitter_misc":{"\u00c9crit par":"admin","Dur\u00e9e de lecture estim\u00e9e":"2 minutes"},"schema":{"@context":"https:\/\/schema.org","@graph":[{"@type":"Article","@id":"https:\/\/lasentinelle.dz\/index.php\/2026\/04\/27\/un-reseau-criminel-specialise-dans-le-vol-de-voitures-demantele\/#article","isPartOf":{"@id":"https:\/\/lasentinelle.dz\/index.php\/2026\/04\/27\/un-reseau-criminel-specialise-dans-le-vol-de-voitures-demantele\/"},"author":{"name":"admin","@id":"https:\/\/lasentinelle.dz\/#\/schema\/person\/729ee0024f24e0b8c5ec17232f8e8b41"},"headline":"Un r\u00e9seau criminel sp\u00e9cialis\u00e9 dans le vol de voitures d\u00e9mantel\u00e9","datePublished":"2026-04-27T18:40:12+00:00","dateModified":"2026-04-27T18:40:19+00:00","mainEntityOfPage":{"@id":"https:\/\/lasentinelle.dz\/index.php\/2026\/04\/27\/un-reseau-criminel-specialise-dans-le-vol-de-voitures-demantele\/"},"wordCount":291,"commentCount":0,"publisher":{"@id":"https:\/\/lasentinelle.dz\/#organization"},"articleSection":["Actualit\u00e9"],"inLanguage":"fr-FR","potentialAction":[{"@type":"CommentAction","name":"Comment","target":["https:\/\/lasentinelle.dz\/index.php\/2026\/04\/27\/un-reseau-criminel-specialise-dans-le-vol-de-voitures-demantele\/#respond"]}]},{"@type":"WebPage","@id":"https:\/\/lasentinelle.dz\/index.php\/2026\/04\/27\/un-reseau-criminel-specialise-dans-le-vol-de-voitures-demantele\/","url":"https:\/\/lasentinelle.dz\/index.php\/2026\/04\/27\/un-reseau-criminel-specialise-dans-le-vol-de-voitures-demantele\/","name":"Un r\u00e9seau criminel sp\u00e9cialis\u00e9 dans le vol de voitures d\u00e9mantel\u00e9 - La Sentinelle","isPartOf":{"@id":"https:\/\/lasentinelle.dz\/#website"},"datePublished":"2026-04-27T18:40:12+00:00","dateModified":"2026-04-27T18:40:19+00:00","breadcrumb":{"@id":"https:\/\/lasentinelle.dz\/index.php\/2026\/04\/27\/un-reseau-criminel-specialise-dans-le-vol-de-voitures-demantele\/#breadcrumb"},"inLanguage":"fr-FR","potentialAction":[{"@type":"ReadAction","target":["https:\/\/lasentinelle.dz\/index.php\/2026\/04\/27\/un-reseau-criminel-specialise-dans-le-vol-de-voitures-demantele\/"]}]},{"@type":"BreadcrumbList","@id":"https:\/\/lasentinelle.dz\/index.php\/2026\/04\/27\/un-reseau-criminel-specialise-dans-le-vol-de-voitures-demantele\/#breadcrumb","itemListElement":[{"@type":"ListItem","position":1,"name":"Accueil","item":"https:\/\/lasentinelle.dz\/"},{"@type":"ListItem","position":2,"name":"Un r\u00e9seau criminel sp\u00e9cialis\u00e9 dans le vol de voitures d\u00e9mantel\u00e9"}]},{"@type":"WebSite","@id":"https:\/\/lasentinelle.dz\/#website","url":"https:\/\/lasentinelle.dz\/","name":"La Sentinelle","description":"Quotidien national d&#039;information","publisher":{"@id":"https:\/\/lasentinelle.dz\/#organization"},"potentialAction":[{"@type":"SearchAction","target":{"@type":"EntryPoint","urlTemplate":"https:\/\/lasentinelle.dz\/?s={search_term_string}"},"query-input":{"@type":"PropertyValueSpecification","valueRequired":true,"valueName":"search_term_string"}}],"inLanguage":"fr-FR"},{"@type":"Organization","@id":"https:\/\/lasentinelle.dz\/#organization","name":"Quotidien La Sentinelle","url":"https:\/\/lasentinelle.dz\/","logo":{"@type":"ImageObject","inLanguage":"fr-FR","@id":"https:\/\/lasentinelle.dz\/#\/schema\/logo\/image\/","url":"https:\/\/lasentinelle.dz\/wp-content\/uploads\/2021\/09\/logo-sentinelleSLOGAN-1.png","contentUrl":"https:\/\/lasentinelle.dz\/wp-content\/uploads\/2021\/09\/logo-sentinelleSLOGAN-1.png","width":615,"height":142,"caption":"Quotidien La Sentinelle"},"image":{"@id":"https:\/\/lasentinelle.dz\/#\/schema\/logo\/image\/"},"sameAs":["https:\/\/www.facebook.com\/La-Sentinelle-104059864394773"]},{"@type":"Person","@id":"https:\/\/lasentinelle.dz\/#\/schema\/person\/729ee0024f24e0b8c5ec17232f8e8b41","name":"admin","image":{"@type":"ImageObject","inLanguage":"fr-FR","@id":"https:\/\/secure.gravatar.com\/avatar\/4c81fed838786e9b53f540bf46533e750f5d292099ae3b66cfc6fb1982e29df7?s=96&d=mm&r=g","url":"https:\/\/secure.gravatar.com\/avatar\/4c81fed838786e9b53f540bf46533e750f5d292099ae3b66cfc6fb1982e29df7?s=96&d=mm&r=g","contentUrl":"https:\/\/secure.gravatar.com\/avatar\/4c81fed838786e9b53f540bf46533e750f5d292099ae3b66cfc6fb1982e29df7?s=96&d=mm&r=g","caption":"admin"},"description":"admin","url":"https:\/\/lasentinelle.dz\/author\/admin\/"}]}},"_links":{"self":[{"href":"https:\/\/lasentinelle.dz\/index.php\/wp-json\/wp\/v2\/posts\/86508","targetHints":{"allow":["GET"]}}],"collection":[{"href":"https:\/\/lasentinelle.dz\/index.php\/wp-json\/wp\/v2\/posts"}],"about":[{"href":"https:\/\/lasentinelle.dz\/index.php\/wp-json\/wp\/v2\/types\/post"}],"author":[{"embeddable":true,"href":"https:\/\/lasentinelle.dz\/index.php\/wp-json\/wp\/v2\/users\/6"}],"replies":[{"embeddable":true,"href":"https:\/\/lasentinelle.dz\/index.php\/wp-json\/wp\/v2\/comments?post=86508"}],"version-history":[{"count":1,"href":"https:\/\/lasentinelle.dz\/index.php\/wp-json\/wp\/v2\/posts\/86508\/revisions"}],"predecessor-version":[{"id":86509,"href":"https:\/\/lasentinelle.dz\/index.php\/wp-json\/wp\/v2\/posts\/86508\/revisions\/86509"}],"wp:attachment":[{"href":"https:\/\/lasentinelle.dz\/index.php\/wp-json\/wp\/v2\/media?parent=86508"}],"wp:term":[{"taxonomy":"category","embeddable":true,"href":"https:\/\/lasentinelle.dz\/index.php\/wp-json\/wp\/v2\/categories?post=86508"},{"taxonomy":"post_tag","embeddable":true,"href":"https:\/\/lasentinelle.dz\/index.php\/wp-json\/wp\/v2\/tags?post=86508"}],"curies":[{"name":"wp","href":"https:\/\/api.w.org\/{rel}","templated":true}]}}