{"id":86516,"date":"2026-04-27T19:48:22","date_gmt":"2026-04-27T18:48:22","guid":{"rendered":"https:\/\/lasentinelle.dz\/?p=86516"},"modified":"2026-04-27T19:48:25","modified_gmt":"2026-04-27T18:48:25","slug":"elections-en-libye-dbeibah-insiste-sur-la-necessite-dengager-des-pistes-claires","status":"publish","type":"post","link":"https:\/\/lasentinelle.dz\/index.php\/2026\/04\/27\/elections-en-libye-dbeibah-insiste-sur-la-necessite-dengager-des-pistes-claires\/","title":{"rendered":"\u00c9lections en Libye\u00a0: Dbeibah insiste sur la n\u00e9cessit\u00e9 d\u2019engager \u00ab\u00a0des pistes claires\u00a0\u00bb"},"content":{"rendered":"\n<p>Le Premier ministre libyen Abdul-Hamid Dbeibah a re\u00e7u dimanche soir \u00e0 Tripoli Hanna Tetteh, repr\u00e9sentante sp\u00e9ciale du secr\u00e9taire g\u00e9n\u00e9ral des Nations unies et cheffe de la Mission d&rsquo;appui de l&rsquo;ONU en Libye (MANUL), pour examiner les moyens de sortir le pays de l&rsquo;impasse politique qui bloque depuis plusieurs ann\u00e9es la tenue d&rsquo;\u00e9lections nationales.<\/p>\n\n\n\n<p>Lors de cet entretien, Hanna Tetteh a pr\u00e9sent\u00e9 au chef du gouvernement d&rsquo;union nationale une feuille de route onusienne rendue publique devant le Conseil de s\u00e9curit\u00e9 en ao\u00fbt 2025, qui vise \u00e0 unifier les institutions libyennes divis\u00e9es et \u00e0 organiser des \u00e9lections g\u00e9n\u00e9rales dans un d\u00e9lai de 18 mois. Dbeibah a pour sa part insist\u00e9 sur la n\u00e9cessit\u00e9 de s&rsquo;engager dans \u00ab des pistes claires \u00bb conduisant directement \u00e0 la finalisation des lois \u00e9lectorales, \u00ab dans le but de mettre fin \u00e0 la division institutionnelle et de respecter la volont\u00e9 des \u00e9lecteurs \u00bb. Il a \u00e9galement affirm\u00e9 que \u00ab la priorit\u00e9 nationale r\u00e9side dans l&rsquo;\u00e9tablissement d&rsquo;un cadre \u00e9lectoral clair et applicable, qui ouvre la voie \u00e0 des \u00e9lections nationales, renforce la stabilit\u00e9 et pr\u00e9serve l&rsquo;unit\u00e9 des institutions et la souverainet\u00e9 de l&rsquo;\u00c9tat \u00bb, tout en r\u00e9affirmant le soutien de son gouvernement \u00e0 \u00ab tous les efforts s\u00e9rieux favorisant des solutions pratiques et r\u00e9alisables qui pr\u00e9servent les acquis nationaux en vue de l&rsquo;\u00e9dification d&rsquo;un \u00c9tat civil \u00bb.<\/p>\n\n\n\n<p>De son c\u00f4t\u00e9, Hanna Tetteh a r\u00e9it\u00e9r\u00e9 \u00ab le soutien continu de la mission des Nations unies \u00e0 la recherche d&rsquo;un consensus entre les parties libyennes \u00bb et \u00e0 \u00ab la cr\u00e9ation de conditions favorables pour garantir le succ\u00e8s du processus politique et la tenue d&rsquo;\u00e9lections g\u00e9n\u00e9rales \u00bb.<\/p>\n\n\n\n<p>R.I.<\/p>\n","protected":false},"excerpt":{"rendered":"<p>Le Premier ministre libyen Abdul-Hamid Dbeibah a re\u00e7u dimanche soir \u00e0 Tripoli Hanna Tetteh, repr\u00e9sentante sp\u00e9ciale du secr\u00e9taire g\u00e9n\u00e9ral des<\/p>\n","protected":false},"author":6,"featured_media":86517,"comment_status":"open","ping_status":"closed","sticky":false,"template":"","format":"standard","meta":{"colormag_page_container_layout":"default_layout","colormag_page_sidebar_layout":"default_layout","om_disable_all_campaigns":false,"_monsterinsights_skip_tracking":false,"_monsterinsights_sitenote_active":false,"_monsterinsights_sitenote_note":"","_monsterinsights_sitenote_category":0,"footnotes":"","_wpscppro_dont_share_socialmedia":false,"_wpscppro_custom_social_share_image":0,"_facebook_share_type":"default","_twitter_share_type":"default","_linkedin_share_type":"default","_pinterest_share_type":"default","_linkedin_share_type_page":"","_instagram_share_type":"default","_medium_share_type":"default","_threads_share_type":"default","_google_business_share_type":"default","_selected_social_profile":[],"_wpsp_enable_custom_social_template":false,"_wpsp_social_scheduling":{"enabled":false,"datetime":null,"platforms":[],"status":"template_only","dateOption":"today","timeOption":"now","customDays":"","customHours":"","customDate":"","customTime":"","schedulingType":"absolute"},"_wpsp_active_default_template":true},"categories":[37],"tags":[],"class_list":["post-86516","post","type-post","status-publish","format-standard","has-post-thumbnail","hentry","category-monde"],"aioseo_notices":[],"yoast_head":"<!-- This site is optimized with the Yoast SEO plugin v27.4 - https:\/\/yoast.com\/product\/yoast-seo-wordpress\/ -->\n<title>\u00c9lections en Libye\u00a0: Dbeibah insiste sur la n\u00e9cessit\u00e9 d\u2019engager \u00ab\u00a0des pistes claires\u00a0\u00bb - La Sentinelle<\/title>\n<meta name=\"robots\" content=\"index, follow, max-snippet:-1, max-image-preview:large, max-video-preview:-1\" \/>\n<link rel=\"canonical\" href=\"https:\/\/lasentinelle.dz\/index.php\/2026\/04\/27\/elections-en-libye-dbeibah-insiste-sur-la-necessite-dengager-des-pistes-claires\/\" \/>\n<meta property=\"og:locale\" content=\"fr_FR\" \/>\n<meta property=\"og:type\" content=\"article\" \/>\n<meta property=\"og:title\" content=\"\u00c9lections en Libye\u00a0: Dbeibah insiste sur la n\u00e9cessit\u00e9 d\u2019engager \u00ab\u00a0des pistes claires\u00a0\u00bb - La Sentinelle\" \/>\n<meta property=\"og:description\" content=\"Le Premier ministre libyen Abdul-Hamid Dbeibah a re\u00e7u dimanche soir \u00e0 Tripoli Hanna Tetteh, repr\u00e9sentante sp\u00e9ciale du secr\u00e9taire g\u00e9n\u00e9ral des\" \/>\n<meta property=\"og:url\" content=\"https:\/\/lasentinelle.dz\/index.php\/2026\/04\/27\/elections-en-libye-dbeibah-insiste-sur-la-necessite-dengager-des-pistes-claires\/\" \/>\n<meta property=\"og:site_name\" content=\"La Sentinelle\" \/>\n<meta property=\"article:publisher\" content=\"https:\/\/www.facebook.com\/La-Sentinelle-104059864394773\" \/>\n<meta property=\"article:published_time\" content=\"2026-04-27T18:48:22+00:00\" \/>\n<meta property=\"article:modified_time\" content=\"2026-04-27T18:48:25+00:00\" \/>\n<meta property=\"og:image\" content=\"https:\/\/lasentinelle.dz\/wp-content\/uploads\/2026\/04\/dbeibah.webp\" \/>\n\t<meta property=\"og:image:width\" content=\"1920\" \/>\n\t<meta property=\"og:image:height\" content=\"1440\" \/>\n\t<meta property=\"og:image:type\" content=\"image\/webp\" \/>\n<meta name=\"author\" content=\"admin\" \/>\n<meta name=\"twitter:card\" content=\"summary_large_image\" \/>\n<meta name=\"twitter:label1\" content=\"\u00c9crit par\" \/>\n\t<meta name=\"twitter:data1\" content=\"admin\" \/>\n\t<meta name=\"twitter:label2\" content=\"Dur\u00e9e de lecture estim\u00e9e\" \/>\n\t<meta name=\"twitter:data2\" content=\"2 minutes\" \/>\n<script type=\"application\/ld+json\" class=\"yoast-schema-graph\">{\"@context\":\"https:\\\/\\\/schema.org\",\"@graph\":[{\"@type\":\"Article\",\"@id\":\"https:\\\/\\\/lasentinelle.dz\\\/index.php\\\/2026\\\/04\\\/27\\\/elections-en-libye-dbeibah-insiste-sur-la-necessite-dengager-des-pistes-claires\\\/#article\",\"isPartOf\":{\"@id\":\"https:\\\/\\\/lasentinelle.dz\\\/index.php\\\/2026\\\/04\\\/27\\\/elections-en-libye-dbeibah-insiste-sur-la-necessite-dengager-des-pistes-claires\\\/\"},\"author\":{\"name\":\"admin\",\"@id\":\"https:\\\/\\\/lasentinelle.dz\\\/#\\\/schema\\\/person\\\/729ee0024f24e0b8c5ec17232f8e8b41\"},\"headline\":\"\u00c9lections en Libye\u00a0: Dbeibah insiste sur la n\u00e9cessit\u00e9 d\u2019engager \u00ab\u00a0des pistes claires\u00a0\u00bb\",\"datePublished\":\"2026-04-27T18:48:22+00:00\",\"dateModified\":\"2026-04-27T18:48:25+00:00\",\"mainEntityOfPage\":{\"@id\":\"https:\\\/\\\/lasentinelle.dz\\\/index.php\\\/2026\\\/04\\\/27\\\/elections-en-libye-dbeibah-insiste-sur-la-necessite-dengager-des-pistes-claires\\\/\"},\"wordCount\":302,\"commentCount\":0,\"publisher\":{\"@id\":\"https:\\\/\\\/lasentinelle.dz\\\/#organization\"},\"image\":{\"@id\":\"https:\\\/\\\/lasentinelle.dz\\\/index.php\\\/2026\\\/04\\\/27\\\/elections-en-libye-dbeibah-insiste-sur-la-necessite-dengager-des-pistes-claires\\\/#primaryimage\"},\"thumbnailUrl\":\"https:\\\/\\\/lasentinelle.dz\\\/wp-content\\\/uploads\\\/2026\\\/04\\\/dbeibah.webp\",\"articleSection\":[\"Monde\"],\"inLanguage\":\"fr-FR\",\"potentialAction\":[{\"@type\":\"CommentAction\",\"name\":\"Comment\",\"target\":[\"https:\\\/\\\/lasentinelle.dz\\\/index.php\\\/2026\\\/04\\\/27\\\/elections-en-libye-dbeibah-insiste-sur-la-necessite-dengager-des-pistes-claires\\\/#respond\"]}]},{\"@type\":\"WebPage\",\"@id\":\"https:\\\/\\\/lasentinelle.dz\\\/index.php\\\/2026\\\/04\\\/27\\\/elections-en-libye-dbeibah-insiste-sur-la-necessite-dengager-des-pistes-claires\\\/\",\"url\":\"https:\\\/\\\/lasentinelle.dz\\\/index.php\\\/2026\\\/04\\\/27\\\/elections-en-libye-dbeibah-insiste-sur-la-necessite-dengager-des-pistes-claires\\\/\",\"name\":\"\u00c9lections en Libye\u00a0: Dbeibah insiste sur la n\u00e9cessit\u00e9 d\u2019engager \u00ab\u00a0des pistes claires\u00a0\u00bb - La Sentinelle\",\"isPartOf\":{\"@id\":\"https:\\\/\\\/lasentinelle.dz\\\/#website\"},\"primaryImageOfPage\":{\"@id\":\"https:\\\/\\\/lasentinelle.dz\\\/index.php\\\/2026\\\/04\\\/27\\\/elections-en-libye-dbeibah-insiste-sur-la-necessite-dengager-des-pistes-claires\\\/#primaryimage\"},\"image\":{\"@id\":\"https:\\\/\\\/lasentinelle.dz\\\/index.php\\\/2026\\\/04\\\/27\\\/elections-en-libye-dbeibah-insiste-sur-la-necessite-dengager-des-pistes-claires\\\/#primaryimage\"},\"thumbnailUrl\":\"https:\\\/\\\/lasentinelle.dz\\\/wp-content\\\/uploads\\\/2026\\\/04\\\/dbeibah.webp\",\"datePublished\":\"2026-04-27T18:48:22+00:00\",\"dateModified\":\"2026-04-27T18:48:25+00:00\",\"breadcrumb\":{\"@id\":\"https:\\\/\\\/lasentinelle.dz\\\/index.php\\\/2026\\\/04\\\/27\\\/elections-en-libye-dbeibah-insiste-sur-la-necessite-dengager-des-pistes-claires\\\/#breadcrumb\"},\"inLanguage\":\"fr-FR\",\"potentialAction\":[{\"@type\":\"ReadAction\",\"target\":[\"https:\\\/\\\/lasentinelle.dz\\\/index.php\\\/2026\\\/04\\\/27\\\/elections-en-libye-dbeibah-insiste-sur-la-necessite-dengager-des-pistes-claires\\\/\"]}]},{\"@type\":\"ImageObject\",\"inLanguage\":\"fr-FR\",\"@id\":\"https:\\\/\\\/lasentinelle.dz\\\/index.php\\\/2026\\\/04\\\/27\\\/elections-en-libye-dbeibah-insiste-sur-la-necessite-dengager-des-pistes-claires\\\/#primaryimage\",\"url\":\"https:\\\/\\\/lasentinelle.dz\\\/wp-content\\\/uploads\\\/2026\\\/04\\\/dbeibah.webp\",\"contentUrl\":\"https:\\\/\\\/lasentinelle.dz\\\/wp-content\\\/uploads\\\/2026\\\/04\\\/dbeibah.webp\",\"width\":1920,\"height\":1440},{\"@type\":\"BreadcrumbList\",\"@id\":\"https:\\\/\\\/lasentinelle.dz\\\/index.php\\\/2026\\\/04\\\/27\\\/elections-en-libye-dbeibah-insiste-sur-la-necessite-dengager-des-pistes-claires\\\/#breadcrumb\",\"itemListElement\":[{\"@type\":\"ListItem\",\"position\":1,\"name\":\"Accueil\",\"item\":\"https:\\\/\\\/lasentinelle.dz\\\/\"},{\"@type\":\"ListItem\",\"position\":2,\"name\":\"\u00c9lections en Libye\u00a0: Dbeibah insiste sur la n\u00e9cessit\u00e9 d\u2019engager \u00ab\u00a0des pistes claires\u00a0\u00bb\"}]},{\"@type\":\"WebSite\",\"@id\":\"https:\\\/\\\/lasentinelle.dz\\\/#website\",\"url\":\"https:\\\/\\\/lasentinelle.dz\\\/\",\"name\":\"La Sentinelle\",\"description\":\"Quotidien national d&#039;information\",\"publisher\":{\"@id\":\"https:\\\/\\\/lasentinelle.dz\\\/#organization\"},\"potentialAction\":[{\"@type\":\"SearchAction\",\"target\":{\"@type\":\"EntryPoint\",\"urlTemplate\":\"https:\\\/\\\/lasentinelle.dz\\\/?s={search_term_string}\"},\"query-input\":{\"@type\":\"PropertyValueSpecification\",\"valueRequired\":true,\"valueName\":\"search_term_string\"}}],\"inLanguage\":\"fr-FR\"},{\"@type\":\"Organization\",\"@id\":\"https:\\\/\\\/lasentinelle.dz\\\/#organization\",\"name\":\"Quotidien La Sentinelle\",\"url\":\"https:\\\/\\\/lasentinelle.dz\\\/\",\"logo\":{\"@type\":\"ImageObject\",\"inLanguage\":\"fr-FR\",\"@id\":\"https:\\\/\\\/lasentinelle.dz\\\/#\\\/schema\\\/logo\\\/image\\\/\",\"url\":\"https:\\\/\\\/lasentinelle.dz\\\/wp-content\\\/uploads\\\/2021\\\/09\\\/logo-sentinelleSLOGAN-1.png\",\"contentUrl\":\"https:\\\/\\\/lasentinelle.dz\\\/wp-content\\\/uploads\\\/2021\\\/09\\\/logo-sentinelleSLOGAN-1.png\",\"width\":615,\"height\":142,\"caption\":\"Quotidien La Sentinelle\"},\"image\":{\"@id\":\"https:\\\/\\\/lasentinelle.dz\\\/#\\\/schema\\\/logo\\\/image\\\/\"},\"sameAs\":[\"https:\\\/\\\/www.facebook.com\\\/La-Sentinelle-104059864394773\"]},{\"@type\":\"Person\",\"@id\":\"https:\\\/\\\/lasentinelle.dz\\\/#\\\/schema\\\/person\\\/729ee0024f24e0b8c5ec17232f8e8b41\",\"name\":\"admin\",\"image\":{\"@type\":\"ImageObject\",\"inLanguage\":\"fr-FR\",\"@id\":\"https:\\\/\\\/secure.gravatar.com\\\/avatar\\\/4c81fed838786e9b53f540bf46533e750f5d292099ae3b66cfc6fb1982e29df7?s=96&d=mm&r=g\",\"url\":\"https:\\\/\\\/secure.gravatar.com\\\/avatar\\\/4c81fed838786e9b53f540bf46533e750f5d292099ae3b66cfc6fb1982e29df7?s=96&d=mm&r=g\",\"contentUrl\":\"https:\\\/\\\/secure.gravatar.com\\\/avatar\\\/4c81fed838786e9b53f540bf46533e750f5d292099ae3b66cfc6fb1982e29df7?s=96&d=mm&r=g\",\"caption\":\"admin\"},\"description\":\"admin\",\"url\":\"https:\\\/\\\/lasentinelle.dz\\\/author\\\/admin\\\/\"}]}<\/script>\n<!-- \/ Yoast SEO plugin. -->","yoast_head_json":{"title":"\u00c9lections en Libye\u00a0: Dbeibah insiste sur la n\u00e9cessit\u00e9 d\u2019engager \u00ab\u00a0des pistes claires\u00a0\u00bb - La Sentinelle","robots":{"index":"index","follow":"follow","max-snippet":"max-snippet:-1","max-image-preview":"max-image-preview:large","max-video-preview":"max-video-preview:-1"},"canonical":"https:\/\/lasentinelle.dz\/index.php\/2026\/04\/27\/elections-en-libye-dbeibah-insiste-sur-la-necessite-dengager-des-pistes-claires\/","og_locale":"fr_FR","og_type":"article","og_title":"\u00c9lections en Libye\u00a0: Dbeibah insiste sur la n\u00e9cessit\u00e9 d\u2019engager \u00ab\u00a0des pistes claires\u00a0\u00bb - La Sentinelle","og_description":"Le Premier ministre libyen Abdul-Hamid Dbeibah a re\u00e7u dimanche soir \u00e0 Tripoli Hanna Tetteh, repr\u00e9sentante sp\u00e9ciale du secr\u00e9taire g\u00e9n\u00e9ral des","og_url":"https:\/\/lasentinelle.dz\/index.php\/2026\/04\/27\/elections-en-libye-dbeibah-insiste-sur-la-necessite-dengager-des-pistes-claires\/","og_site_name":"La Sentinelle","article_publisher":"https:\/\/www.facebook.com\/La-Sentinelle-104059864394773","article_published_time":"2026-04-27T18:48:22+00:00","article_modified_time":"2026-04-27T18:48:25+00:00","og_image":[{"width":1920,"height":1440,"url":"https:\/\/lasentinelle.dz\/wp-content\/uploads\/2026\/04\/dbeibah.webp","type":"image\/webp"}],"author":"admin","twitter_card":"summary_large_image","twitter_misc":{"\u00c9crit par":"admin","Dur\u00e9e de lecture estim\u00e9e":"2 minutes"},"schema":{"@context":"https:\/\/schema.org","@graph":[{"@type":"Article","@id":"https:\/\/lasentinelle.dz\/index.php\/2026\/04\/27\/elections-en-libye-dbeibah-insiste-sur-la-necessite-dengager-des-pistes-claires\/#article","isPartOf":{"@id":"https:\/\/lasentinelle.dz\/index.php\/2026\/04\/27\/elections-en-libye-dbeibah-insiste-sur-la-necessite-dengager-des-pistes-claires\/"},"author":{"name":"admin","@id":"https:\/\/lasentinelle.dz\/#\/schema\/person\/729ee0024f24e0b8c5ec17232f8e8b41"},"headline":"\u00c9lections en Libye\u00a0: Dbeibah insiste sur la n\u00e9cessit\u00e9 d\u2019engager \u00ab\u00a0des pistes claires\u00a0\u00bb","datePublished":"2026-04-27T18:48:22+00:00","dateModified":"2026-04-27T18:48:25+00:00","mainEntityOfPage":{"@id":"https:\/\/lasentinelle.dz\/index.php\/2026\/04\/27\/elections-en-libye-dbeibah-insiste-sur-la-necessite-dengager-des-pistes-claires\/"},"wordCount":302,"commentCount":0,"publisher":{"@id":"https:\/\/lasentinelle.dz\/#organization"},"image":{"@id":"https:\/\/lasentinelle.dz\/index.php\/2026\/04\/27\/elections-en-libye-dbeibah-insiste-sur-la-necessite-dengager-des-pistes-claires\/#primaryimage"},"thumbnailUrl":"https:\/\/lasentinelle.dz\/wp-content\/uploads\/2026\/04\/dbeibah.webp","articleSection":["Monde"],"inLanguage":"fr-FR","potentialAction":[{"@type":"CommentAction","name":"Comment","target":["https:\/\/lasentinelle.dz\/index.php\/2026\/04\/27\/elections-en-libye-dbeibah-insiste-sur-la-necessite-dengager-des-pistes-claires\/#respond"]}]},{"@type":"WebPage","@id":"https:\/\/lasentinelle.dz\/index.php\/2026\/04\/27\/elections-en-libye-dbeibah-insiste-sur-la-necessite-dengager-des-pistes-claires\/","url":"https:\/\/lasentinelle.dz\/index.php\/2026\/04\/27\/elections-en-libye-dbeibah-insiste-sur-la-necessite-dengager-des-pistes-claires\/","name":"\u00c9lections en Libye\u00a0: Dbeibah insiste sur la n\u00e9cessit\u00e9 d\u2019engager \u00ab\u00a0des pistes claires\u00a0\u00bb - La Sentinelle","isPartOf":{"@id":"https:\/\/lasentinelle.dz\/#website"},"primaryImageOfPage":{"@id":"https:\/\/lasentinelle.dz\/index.php\/2026\/04\/27\/elections-en-libye-dbeibah-insiste-sur-la-necessite-dengager-des-pistes-claires\/#primaryimage"},"image":{"@id":"https:\/\/lasentinelle.dz\/index.php\/2026\/04\/27\/elections-en-libye-dbeibah-insiste-sur-la-necessite-dengager-des-pistes-claires\/#primaryimage"},"thumbnailUrl":"https:\/\/lasentinelle.dz\/wp-content\/uploads\/2026\/04\/dbeibah.webp","datePublished":"2026-04-27T18:48:22+00:00","dateModified":"2026-04-27T18:48:25+00:00","breadcrumb":{"@id":"https:\/\/lasentinelle.dz\/index.php\/2026\/04\/27\/elections-en-libye-dbeibah-insiste-sur-la-necessite-dengager-des-pistes-claires\/#breadcrumb"},"inLanguage":"fr-FR","potentialAction":[{"@type":"ReadAction","target":["https:\/\/lasentinelle.dz\/index.php\/2026\/04\/27\/elections-en-libye-dbeibah-insiste-sur-la-necessite-dengager-des-pistes-claires\/"]}]},{"@type":"ImageObject","inLanguage":"fr-FR","@id":"https:\/\/lasentinelle.dz\/index.php\/2026\/04\/27\/elections-en-libye-dbeibah-insiste-sur-la-necessite-dengager-des-pistes-claires\/#primaryimage","url":"https:\/\/lasentinelle.dz\/wp-content\/uploads\/2026\/04\/dbeibah.webp","contentUrl":"https:\/\/lasentinelle.dz\/wp-content\/uploads\/2026\/04\/dbeibah.webp","width":1920,"height":1440},{"@type":"BreadcrumbList","@id":"https:\/\/lasentinelle.dz\/index.php\/2026\/04\/27\/elections-en-libye-dbeibah-insiste-sur-la-necessite-dengager-des-pistes-claires\/#breadcrumb","itemListElement":[{"@type":"ListItem","position":1,"name":"Accueil","item":"https:\/\/lasentinelle.dz\/"},{"@type":"ListItem","position":2,"name":"\u00c9lections en Libye\u00a0: Dbeibah insiste sur la n\u00e9cessit\u00e9 d\u2019engager \u00ab\u00a0des pistes claires\u00a0\u00bb"}]},{"@type":"WebSite","@id":"https:\/\/lasentinelle.dz\/#website","url":"https:\/\/lasentinelle.dz\/","name":"La Sentinelle","description":"Quotidien national d&#039;information","publisher":{"@id":"https:\/\/lasentinelle.dz\/#organization"},"potentialAction":[{"@type":"SearchAction","target":{"@type":"EntryPoint","urlTemplate":"https:\/\/lasentinelle.dz\/?s={search_term_string}"},"query-input":{"@type":"PropertyValueSpecification","valueRequired":true,"valueName":"search_term_string"}}],"inLanguage":"fr-FR"},{"@type":"Organization","@id":"https:\/\/lasentinelle.dz\/#organization","name":"Quotidien La Sentinelle","url":"https:\/\/lasentinelle.dz\/","logo":{"@type":"ImageObject","inLanguage":"fr-FR","@id":"https:\/\/lasentinelle.dz\/#\/schema\/logo\/image\/","url":"https:\/\/lasentinelle.dz\/wp-content\/uploads\/2021\/09\/logo-sentinelleSLOGAN-1.png","contentUrl":"https:\/\/lasentinelle.dz\/wp-content\/uploads\/2021\/09\/logo-sentinelleSLOGAN-1.png","width":615,"height":142,"caption":"Quotidien La Sentinelle"},"image":{"@id":"https:\/\/lasentinelle.dz\/#\/schema\/logo\/image\/"},"sameAs":["https:\/\/www.facebook.com\/La-Sentinelle-104059864394773"]},{"@type":"Person","@id":"https:\/\/lasentinelle.dz\/#\/schema\/person\/729ee0024f24e0b8c5ec17232f8e8b41","name":"admin","image":{"@type":"ImageObject","inLanguage":"fr-FR","@id":"https:\/\/secure.gravatar.com\/avatar\/4c81fed838786e9b53f540bf46533e750f5d292099ae3b66cfc6fb1982e29df7?s=96&d=mm&r=g","url":"https:\/\/secure.gravatar.com\/avatar\/4c81fed838786e9b53f540bf46533e750f5d292099ae3b66cfc6fb1982e29df7?s=96&d=mm&r=g","contentUrl":"https:\/\/secure.gravatar.com\/avatar\/4c81fed838786e9b53f540bf46533e750f5d292099ae3b66cfc6fb1982e29df7?s=96&d=mm&r=g","caption":"admin"},"description":"admin","url":"https:\/\/lasentinelle.dz\/author\/admin\/"}]}},"_links":{"self":[{"href":"https:\/\/lasentinelle.dz\/index.php\/wp-json\/wp\/v2\/posts\/86516","targetHints":{"allow":["GET"]}}],"collection":[{"href":"https:\/\/lasentinelle.dz\/index.php\/wp-json\/wp\/v2\/posts"}],"about":[{"href":"https:\/\/lasentinelle.dz\/index.php\/wp-json\/wp\/v2\/types\/post"}],"author":[{"embeddable":true,"href":"https:\/\/lasentinelle.dz\/index.php\/wp-json\/wp\/v2\/users\/6"}],"replies":[{"embeddable":true,"href":"https:\/\/lasentinelle.dz\/index.php\/wp-json\/wp\/v2\/comments?post=86516"}],"version-history":[{"count":1,"href":"https:\/\/lasentinelle.dz\/index.php\/wp-json\/wp\/v2\/posts\/86516\/revisions"}],"predecessor-version":[{"id":86518,"href":"https:\/\/lasentinelle.dz\/index.php\/wp-json\/wp\/v2\/posts\/86516\/revisions\/86518"}],"wp:featuredmedia":[{"embeddable":true,"href":"https:\/\/lasentinelle.dz\/index.php\/wp-json\/wp\/v2\/media\/86517"}],"wp:attachment":[{"href":"https:\/\/lasentinelle.dz\/index.php\/wp-json\/wp\/v2\/media?parent=86516"}],"wp:term":[{"taxonomy":"category","embeddable":true,"href":"https:\/\/lasentinelle.dz\/index.php\/wp-json\/wp\/v2\/categories?post=86516"},{"taxonomy":"post_tag","embeddable":true,"href":"https:\/\/lasentinelle.dz\/index.php\/wp-json\/wp\/v2\/tags?post=86516"}],"curies":[{"name":"wp","href":"https:\/\/api.w.org\/{rel}","templated":true}]}}