{"id":86519,"date":"2026-04-27T19:50:03","date_gmt":"2026-04-27T18:50:03","guid":{"rendered":"https:\/\/lasentinelle.dz\/?p=86519"},"modified":"2026-04-27T19:50:06","modified_gmt":"2026-04-27T18:50:06","slug":"tunnels-de-trafic-de-drogue-reliant-le-maroc-a-ceuta-une-affaire-qui-embarrasse-le-makhzen","status":"publish","type":"post","link":"https:\/\/lasentinelle.dz\/index.php\/2026\/04\/27\/tunnels-de-trafic-de-drogue-reliant-le-maroc-a-ceuta-une-affaire-qui-embarrasse-le-makhzen\/","title":{"rendered":"Tunnels de trafic de drogue reliant le Maroc \u00e0 Ceuta\u00a0: Une affaire qui embarrasse le Makhzen"},"content":{"rendered":"\n<p>Deux galeries souterraines. 27 arrestations. Des tonnes de drogue saisies. Et, c\u00f4t\u00e9 marocain, un silence persistant face aux demandes de coop\u00e9ration judiciaire espagnoles. &nbsp;Le dossier des tunnels clandestins reliant le territoire marocain \u00e0 Ceuta, enclave espagnole sur la c\u00f4te nord-africaine, prend une dimension nouvelle depuis que les enqu\u00eateurs ont \u00e9tabli que l&rsquo;un de ces passages longe une base militaire marocaine \u2014 et que les autorit\u00e9s de Rabat n&rsquo;ont toujours pas r\u00e9pondu aux commissions rogatoires envoy\u00e9es par la justice espagnole. C&rsquo;est le quotidien madril\u00e8ne <em>El Pa\u00eds<\/em> qui a r\u00e9v\u00e9l\u00e9 l&rsquo;affaire dans toute son ampleur, sous le titre \u00ab Le Maroc entrave l&rsquo;enqu\u00eate sur deux tunnels de trafic de drogue \u00bb. Selon les informations publi\u00e9es par le journal, l&rsquo;unit\u00e9 antidrogue espagnole Udyco a d\u00e9couvert d\u00e9but avril un tunnel \u00e0 la fronti\u00e8re maroco-espagnole, dans la zone industrielle de Tarajal. L&rsquo;enqu\u00eate a rapidement \u00e9tabli que ce passage souterrain \u00e9tait utilis\u00e9 depuis plusieurs ann\u00e9es comme voie de trafic de stup\u00e9fiants \u00e0 destination de Ceuta, puis de l&rsquo;Europe. Le site a \u00e9t\u00e9 scell\u00e9 dans l&rsquo;attente de donn\u00e9es techniques que le Maroc est cens\u00e9 fournir \u2014 donn\u00e9es qui, \u00e0 ce jour, ne sont pas parvenues.<\/p>\n\n\n\n<p>Ce second tunnel n&rsquo;est pas isol\u00e9. Un premier avait \u00e9t\u00e9 d\u00e9couvert un an plus t\u00f4t par la Guardia Civil espagnole, dans le m\u00eame secteur. La juge Maria Tard\u00f3n, charg\u00e9e de l&rsquo;instruction, avait adress\u00e9 plusieurs demandes d&rsquo;entraide judiciaire \u00e0 Rabat. Sans r\u00e9ponse. Deux tunnels, deux proc\u00e9dures, un seul probl\u00e8me : le silence des autorit\u00e9s marocaines. Des sources judiciaires cit\u00e9es par <em>El Pa\u00eds<\/em> estiment que ce blocage \u00ab laisse des pans essentiels du r\u00e9seau hors de toute clarification \u00bb et emp\u00eache d&rsquo;identifier les commanditaires de ces infrastructures et leurs gestionnaires.<\/p>\n\n\n\n<p>L&rsquo;affaire prend une dimension particuli\u00e8rement sensible avec la r\u00e9v\u00e9lation que l&rsquo;un des tunnels d\u00e9bouche \u00e0 proximit\u00e9 imm\u00e9diate d&rsquo;une base militaire marocaine, dans une zone th\u00e9oriquement soumise \u00e0 une surveillance s\u00e9curitaire renforc\u00e9e. Cette information soul\u00e8ve, selon les milieux s\u00e9curitaires espagnols, des questions difficiles : comment une infrastructure de trafic d&rsquo;une telle ampleur a-t-elle pu \u00eatre construite et op\u00e9r\u00e9e dans un p\u00e9rim\u00e8tre militaire sans que les autorit\u00e9s marocaines n&rsquo;en aient connaissance \u2014 ou sans qu&rsquo;elles n&rsquo;agissent ? Le journal espagnol <em>La Raz\u00f3n<\/em>, qui s&rsquo;est \u00e9galement empar\u00e9 du dossier, souligne que ces tunnels ne servaient pas uniquement au transport de stup\u00e9fiants, mais aussi au passage d&rsquo;armes et au trafic de migrants, moyennant paiement.<\/p>\n\n\n\n<p>L&rsquo;enqu\u00eate a permis d&rsquo;identifier un suspect central : Mustapha Chiri Bouzi, ressortissant marocain se pr\u00e9sentant comme homme d&rsquo;affaires, surnomm\u00e9 dans les cercles s\u00e9curitaires \u00ab le roi des tunnels \u00bb. Les \u00e9coutes t\u00e9l\u00e9phoniques auraient \u00e9tabli son r\u00f4le de cerveau de l&rsquo;op\u00e9ration. Selon les enqu\u00eateurs d&rsquo;Udyco, il est soup\u00e7onn\u00e9 d&rsquo;avoir supervis\u00e9 la construction d&rsquo;une infrastructure souterraine \u00e0 plusieurs niveaux, dot\u00e9e de syst\u00e8mes techniques capables d&rsquo;acheminer jusqu&rsquo;\u00e0 huit tonnes de marchandises illicites par mois. Une capacit\u00e9 qui d\u00e9passe, de l&rsquo;aveu m\u00eame des investigateurs, tout ce qui avait \u00e9t\u00e9 observ\u00e9 jusqu&rsquo;alors dans la r\u00e9gion.<\/p>\n\n\n\n<p>Pour les sources judiciaires espagnoles, le blocage marocain ne rel\u00e8ve pas de la simple lenteur administrative, insinuant une complicit\u00e9 active. Il aurait des effets concrets sur le d\u00e9mant\u00e8lement des r\u00e9seaux : chaque absence de r\u00e9ponse offre aux trafiquants le temps de r\u00e9organiser leurs activit\u00e9s et d&rsquo;adapter leurs circuits d\u00e8s qu&rsquo;une partie de leur dispositif est expos\u00e9e. \u00ab Le silence du Maroc contribue effectivement \u00e0 prolonger la dur\u00e9e de vie des r\u00e9seaux de trafic \u00bb, estiment ces m\u00eames sources, qui soulignent que la coop\u00e9ration frontali\u00e8re devrait \u00eatre un \u00e9l\u00e9ment d\u00e9cisif dans la lutte contre le crime organis\u00e9 \u2014 particuli\u00e8rement entre deux pays li\u00e9s par des accords de s\u00e9curit\u00e9 bilat\u00e9raux.<\/p>\n\n\n\n<p>Au total, 27 personnes ont \u00e9t\u00e9 arr\u00eat\u00e9es dans le cadre de ces op\u00e9rations, et des quantit\u00e9s importantes de stup\u00e9fiants ont \u00e9t\u00e9 saisies. L&rsquo;enqu\u00eate, qui reste partiellement secr\u00e8te, se poursuit. Les investigateurs cherchent notamment \u00e0 \u00e9tablir les liens \u00e9ventuels entre les propri\u00e9taires des locaux industriels utilis\u00e9s comme points d&rsquo;acc\u00e8s aux tunnels et le r\u00e9seau criminel mis en cause. Ce qui se joue \u00e0 Ceuta d\u00e9passe le cadre d&rsquo;une affaire de trafic transfrontalier ordinaire. L&rsquo;incapacit\u00e9 \u2014 ou plut\u00f4t le refus \u2014 des autorit\u00e9s marocaines \u00e0 r\u00e9pondre aux demandes judiciaires espagnoles interroge la r\u00e9alit\u00e9 d&rsquo;une coop\u00e9ration s\u00e9curitaire dont Rabat se r\u00e9clame r\u00e9guli\u00e8rement dans ses discours officiels, et qui laisse place \u00e0 une situation qui favorise clairement les r\u00e9seaux criminels.<\/p>\n\n\n\n<p>Lyes S.<\/p>\n","protected":false},"excerpt":{"rendered":"<p>Deux galeries souterraines. 27 arrestations. Des tonnes de drogue saisies. Et, c\u00f4t\u00e9 marocain, un silence persistant face aux demandes de<\/p>\n","protected":false},"author":6,"featured_media":86520,"comment_status":"open","ping_status":"closed","sticky":false,"template":"","format":"standard","meta":{"colormag_page_container_layout":"default_layout","colormag_page_sidebar_layout":"default_layout","om_disable_all_campaigns":false,"_monsterinsights_skip_tracking":false,"_monsterinsights_sitenote_active":false,"_monsterinsights_sitenote_note":"","_monsterinsights_sitenote_category":0,"footnotes":"","_wpscppro_dont_share_socialmedia":false,"_wpscppro_custom_social_share_image":0,"_facebook_share_type":"default","_twitter_share_type":"default","_linkedin_share_type":"default","_pinterest_share_type":"default","_linkedin_share_type_page":"","_instagram_share_type":"default","_medium_share_type":"default","_threads_share_type":"default","_google_business_share_type":"default","_selected_social_profile":[],"_wpsp_enable_custom_social_template":false,"_wpsp_social_scheduling":{"enabled":false,"datetime":null,"platforms":[],"status":"template_only","dateOption":"today","timeOption":"now","customDays":"","customHours":"","customDate":"","customTime":"","schedulingType":"absolute"},"_wpsp_active_default_template":true},"categories":[37],"tags":[],"class_list":["post-86519","post","type-post","status-publish","format-standard","has-post-thumbnail","hentry","category-monde"],"aioseo_notices":[],"yoast_head":"<!-- This site is optimized with the Yoast SEO plugin v27.4 - https:\/\/yoast.com\/product\/yoast-seo-wordpress\/ -->\n<title>Tunnels de trafic de drogue reliant le Maroc \u00e0 Ceuta\u00a0: Une affaire qui embarrasse le Makhzen - La Sentinelle<\/title>\n<meta name=\"robots\" content=\"index, follow, max-snippet:-1, max-image-preview:large, max-video-preview:-1\" \/>\n<link rel=\"canonical\" href=\"https:\/\/lasentinelle.dz\/index.php\/2026\/04\/27\/tunnels-de-trafic-de-drogue-reliant-le-maroc-a-ceuta-une-affaire-qui-embarrasse-le-makhzen\/\" \/>\n<meta property=\"og:locale\" content=\"fr_FR\" \/>\n<meta property=\"og:type\" content=\"article\" \/>\n<meta property=\"og:title\" content=\"Tunnels de trafic de drogue reliant le Maroc \u00e0 Ceuta\u00a0: Une affaire qui embarrasse le Makhzen - La Sentinelle\" \/>\n<meta property=\"og:description\" content=\"Deux galeries souterraines. 27 arrestations. Des tonnes de drogue saisies. Et, c\u00f4t\u00e9 marocain, un silence persistant face aux demandes de\" \/>\n<meta property=\"og:url\" content=\"https:\/\/lasentinelle.dz\/index.php\/2026\/04\/27\/tunnels-de-trafic-de-drogue-reliant-le-maroc-a-ceuta-une-affaire-qui-embarrasse-le-makhzen\/\" \/>\n<meta property=\"og:site_name\" content=\"La Sentinelle\" \/>\n<meta property=\"article:publisher\" content=\"https:\/\/www.facebook.com\/La-Sentinelle-104059864394773\" \/>\n<meta property=\"article:published_time\" content=\"2026-04-27T18:50:03+00:00\" \/>\n<meta property=\"article:modified_time\" content=\"2026-04-27T18:50:06+00:00\" \/>\n<meta property=\"og:image\" content=\"https:\/\/lasentinelle.dz\/wp-content\/uploads\/2026\/04\/tunnels-marocains.webp\" \/>\n\t<meta property=\"og:image:width\" content=\"1400\" \/>\n\t<meta property=\"og:image:height\" content=\"1050\" \/>\n\t<meta property=\"og:image:type\" content=\"image\/webp\" \/>\n<meta name=\"author\" content=\"admin\" \/>\n<meta name=\"twitter:card\" content=\"summary_large_image\" \/>\n<meta name=\"twitter:label1\" content=\"\u00c9crit par\" \/>\n\t<meta name=\"twitter:data1\" content=\"admin\" \/>\n\t<meta name=\"twitter:label2\" content=\"Dur\u00e9e de lecture estim\u00e9e\" \/>\n\t<meta name=\"twitter:data2\" content=\"4 minutes\" \/>\n<script type=\"application\/ld+json\" class=\"yoast-schema-graph\">{\"@context\":\"https:\\\/\\\/schema.org\",\"@graph\":[{\"@type\":\"Article\",\"@id\":\"https:\\\/\\\/lasentinelle.dz\\\/index.php\\\/2026\\\/04\\\/27\\\/tunnels-de-trafic-de-drogue-reliant-le-maroc-a-ceuta-une-affaire-qui-embarrasse-le-makhzen\\\/#article\",\"isPartOf\":{\"@id\":\"https:\\\/\\\/lasentinelle.dz\\\/index.php\\\/2026\\\/04\\\/27\\\/tunnels-de-trafic-de-drogue-reliant-le-maroc-a-ceuta-une-affaire-qui-embarrasse-le-makhzen\\\/\"},\"author\":{\"name\":\"admin\",\"@id\":\"https:\\\/\\\/lasentinelle.dz\\\/#\\\/schema\\\/person\\\/729ee0024f24e0b8c5ec17232f8e8b41\"},\"headline\":\"Tunnels de trafic de drogue reliant le Maroc \u00e0 Ceuta\u00a0: Une affaire qui embarrasse le Makhzen\",\"datePublished\":\"2026-04-27T18:50:03+00:00\",\"dateModified\":\"2026-04-27T18:50:06+00:00\",\"mainEntityOfPage\":{\"@id\":\"https:\\\/\\\/lasentinelle.dz\\\/index.php\\\/2026\\\/04\\\/27\\\/tunnels-de-trafic-de-drogue-reliant-le-maroc-a-ceuta-une-affaire-qui-embarrasse-le-makhzen\\\/\"},\"wordCount\":830,\"commentCount\":0,\"publisher\":{\"@id\":\"https:\\\/\\\/lasentinelle.dz\\\/#organization\"},\"image\":{\"@id\":\"https:\\\/\\\/lasentinelle.dz\\\/index.php\\\/2026\\\/04\\\/27\\\/tunnels-de-trafic-de-drogue-reliant-le-maroc-a-ceuta-une-affaire-qui-embarrasse-le-makhzen\\\/#primaryimage\"},\"thumbnailUrl\":\"https:\\\/\\\/lasentinelle.dz\\\/wp-content\\\/uploads\\\/2026\\\/04\\\/tunnels-marocains.webp\",\"articleSection\":[\"Monde\"],\"inLanguage\":\"fr-FR\",\"potentialAction\":[{\"@type\":\"CommentAction\",\"name\":\"Comment\",\"target\":[\"https:\\\/\\\/lasentinelle.dz\\\/index.php\\\/2026\\\/04\\\/27\\\/tunnels-de-trafic-de-drogue-reliant-le-maroc-a-ceuta-une-affaire-qui-embarrasse-le-makhzen\\\/#respond\"]}]},{\"@type\":\"WebPage\",\"@id\":\"https:\\\/\\\/lasentinelle.dz\\\/index.php\\\/2026\\\/04\\\/27\\\/tunnels-de-trafic-de-drogue-reliant-le-maroc-a-ceuta-une-affaire-qui-embarrasse-le-makhzen\\\/\",\"url\":\"https:\\\/\\\/lasentinelle.dz\\\/index.php\\\/2026\\\/04\\\/27\\\/tunnels-de-trafic-de-drogue-reliant-le-maroc-a-ceuta-une-affaire-qui-embarrasse-le-makhzen\\\/\",\"name\":\"Tunnels de trafic de drogue reliant le Maroc \u00e0 Ceuta\u00a0: Une affaire qui embarrasse le Makhzen - La Sentinelle\",\"isPartOf\":{\"@id\":\"https:\\\/\\\/lasentinelle.dz\\\/#website\"},\"primaryImageOfPage\":{\"@id\":\"https:\\\/\\\/lasentinelle.dz\\\/index.php\\\/2026\\\/04\\\/27\\\/tunnels-de-trafic-de-drogue-reliant-le-maroc-a-ceuta-une-affaire-qui-embarrasse-le-makhzen\\\/#primaryimage\"},\"image\":{\"@id\":\"https:\\\/\\\/lasentinelle.dz\\\/index.php\\\/2026\\\/04\\\/27\\\/tunnels-de-trafic-de-drogue-reliant-le-maroc-a-ceuta-une-affaire-qui-embarrasse-le-makhzen\\\/#primaryimage\"},\"thumbnailUrl\":\"https:\\\/\\\/lasentinelle.dz\\\/wp-content\\\/uploads\\\/2026\\\/04\\\/tunnels-marocains.webp\",\"datePublished\":\"2026-04-27T18:50:03+00:00\",\"dateModified\":\"2026-04-27T18:50:06+00:00\",\"breadcrumb\":{\"@id\":\"https:\\\/\\\/lasentinelle.dz\\\/index.php\\\/2026\\\/04\\\/27\\\/tunnels-de-trafic-de-drogue-reliant-le-maroc-a-ceuta-une-affaire-qui-embarrasse-le-makhzen\\\/#breadcrumb\"},\"inLanguage\":\"fr-FR\",\"potentialAction\":[{\"@type\":\"ReadAction\",\"target\":[\"https:\\\/\\\/lasentinelle.dz\\\/index.php\\\/2026\\\/04\\\/27\\\/tunnels-de-trafic-de-drogue-reliant-le-maroc-a-ceuta-une-affaire-qui-embarrasse-le-makhzen\\\/\"]}]},{\"@type\":\"ImageObject\",\"inLanguage\":\"fr-FR\",\"@id\":\"https:\\\/\\\/lasentinelle.dz\\\/index.php\\\/2026\\\/04\\\/27\\\/tunnels-de-trafic-de-drogue-reliant-le-maroc-a-ceuta-une-affaire-qui-embarrasse-le-makhzen\\\/#primaryimage\",\"url\":\"https:\\\/\\\/lasentinelle.dz\\\/wp-content\\\/uploads\\\/2026\\\/04\\\/tunnels-marocains.webp\",\"contentUrl\":\"https:\\\/\\\/lasentinelle.dz\\\/wp-content\\\/uploads\\\/2026\\\/04\\\/tunnels-marocains.webp\",\"width\":1400,\"height\":1050},{\"@type\":\"BreadcrumbList\",\"@id\":\"https:\\\/\\\/lasentinelle.dz\\\/index.php\\\/2026\\\/04\\\/27\\\/tunnels-de-trafic-de-drogue-reliant-le-maroc-a-ceuta-une-affaire-qui-embarrasse-le-makhzen\\\/#breadcrumb\",\"itemListElement\":[{\"@type\":\"ListItem\",\"position\":1,\"name\":\"Accueil\",\"item\":\"https:\\\/\\\/lasentinelle.dz\\\/\"},{\"@type\":\"ListItem\",\"position\":2,\"name\":\"Tunnels de trafic de drogue reliant le Maroc \u00e0 Ceuta\u00a0: Une affaire qui embarrasse le Makhzen\"}]},{\"@type\":\"WebSite\",\"@id\":\"https:\\\/\\\/lasentinelle.dz\\\/#website\",\"url\":\"https:\\\/\\\/lasentinelle.dz\\\/\",\"name\":\"La Sentinelle\",\"description\":\"Quotidien national d&#039;information\",\"publisher\":{\"@id\":\"https:\\\/\\\/lasentinelle.dz\\\/#organization\"},\"potentialAction\":[{\"@type\":\"SearchAction\",\"target\":{\"@type\":\"EntryPoint\",\"urlTemplate\":\"https:\\\/\\\/lasentinelle.dz\\\/?s={search_term_string}\"},\"query-input\":{\"@type\":\"PropertyValueSpecification\",\"valueRequired\":true,\"valueName\":\"search_term_string\"}}],\"inLanguage\":\"fr-FR\"},{\"@type\":\"Organization\",\"@id\":\"https:\\\/\\\/lasentinelle.dz\\\/#organization\",\"name\":\"Quotidien La Sentinelle\",\"url\":\"https:\\\/\\\/lasentinelle.dz\\\/\",\"logo\":{\"@type\":\"ImageObject\",\"inLanguage\":\"fr-FR\",\"@id\":\"https:\\\/\\\/lasentinelle.dz\\\/#\\\/schema\\\/logo\\\/image\\\/\",\"url\":\"https:\\\/\\\/lasentinelle.dz\\\/wp-content\\\/uploads\\\/2021\\\/09\\\/logo-sentinelleSLOGAN-1.png\",\"contentUrl\":\"https:\\\/\\\/lasentinelle.dz\\\/wp-content\\\/uploads\\\/2021\\\/09\\\/logo-sentinelleSLOGAN-1.png\",\"width\":615,\"height\":142,\"caption\":\"Quotidien La Sentinelle\"},\"image\":{\"@id\":\"https:\\\/\\\/lasentinelle.dz\\\/#\\\/schema\\\/logo\\\/image\\\/\"},\"sameAs\":[\"https:\\\/\\\/www.facebook.com\\\/La-Sentinelle-104059864394773\"]},{\"@type\":\"Person\",\"@id\":\"https:\\\/\\\/lasentinelle.dz\\\/#\\\/schema\\\/person\\\/729ee0024f24e0b8c5ec17232f8e8b41\",\"name\":\"admin\",\"image\":{\"@type\":\"ImageObject\",\"inLanguage\":\"fr-FR\",\"@id\":\"https:\\\/\\\/secure.gravatar.com\\\/avatar\\\/4c81fed838786e9b53f540bf46533e750f5d292099ae3b66cfc6fb1982e29df7?s=96&d=mm&r=g\",\"url\":\"https:\\\/\\\/secure.gravatar.com\\\/avatar\\\/4c81fed838786e9b53f540bf46533e750f5d292099ae3b66cfc6fb1982e29df7?s=96&d=mm&r=g\",\"contentUrl\":\"https:\\\/\\\/secure.gravatar.com\\\/avatar\\\/4c81fed838786e9b53f540bf46533e750f5d292099ae3b66cfc6fb1982e29df7?s=96&d=mm&r=g\",\"caption\":\"admin\"},\"description\":\"admin\",\"url\":\"https:\\\/\\\/lasentinelle.dz\\\/author\\\/admin\\\/\"}]}<\/script>\n<!-- \/ Yoast SEO plugin. -->","yoast_head_json":{"title":"Tunnels de trafic de drogue reliant le Maroc \u00e0 Ceuta\u00a0: Une affaire qui embarrasse le Makhzen - La Sentinelle","robots":{"index":"index","follow":"follow","max-snippet":"max-snippet:-1","max-image-preview":"max-image-preview:large","max-video-preview":"max-video-preview:-1"},"canonical":"https:\/\/lasentinelle.dz\/index.php\/2026\/04\/27\/tunnels-de-trafic-de-drogue-reliant-le-maroc-a-ceuta-une-affaire-qui-embarrasse-le-makhzen\/","og_locale":"fr_FR","og_type":"article","og_title":"Tunnels de trafic de drogue reliant le Maroc \u00e0 Ceuta\u00a0: Une affaire qui embarrasse le Makhzen - La Sentinelle","og_description":"Deux galeries souterraines. 27 arrestations. Des tonnes de drogue saisies. Et, c\u00f4t\u00e9 marocain, un silence persistant face aux demandes de","og_url":"https:\/\/lasentinelle.dz\/index.php\/2026\/04\/27\/tunnels-de-trafic-de-drogue-reliant-le-maroc-a-ceuta-une-affaire-qui-embarrasse-le-makhzen\/","og_site_name":"La Sentinelle","article_publisher":"https:\/\/www.facebook.com\/La-Sentinelle-104059864394773","article_published_time":"2026-04-27T18:50:03+00:00","article_modified_time":"2026-04-27T18:50:06+00:00","og_image":[{"width":1400,"height":1050,"url":"https:\/\/lasentinelle.dz\/wp-content\/uploads\/2026\/04\/tunnels-marocains.webp","type":"image\/webp"}],"author":"admin","twitter_card":"summary_large_image","twitter_misc":{"\u00c9crit par":"admin","Dur\u00e9e de lecture estim\u00e9e":"4 minutes"},"schema":{"@context":"https:\/\/schema.org","@graph":[{"@type":"Article","@id":"https:\/\/lasentinelle.dz\/index.php\/2026\/04\/27\/tunnels-de-trafic-de-drogue-reliant-le-maroc-a-ceuta-une-affaire-qui-embarrasse-le-makhzen\/#article","isPartOf":{"@id":"https:\/\/lasentinelle.dz\/index.php\/2026\/04\/27\/tunnels-de-trafic-de-drogue-reliant-le-maroc-a-ceuta-une-affaire-qui-embarrasse-le-makhzen\/"},"author":{"name":"admin","@id":"https:\/\/lasentinelle.dz\/#\/schema\/person\/729ee0024f24e0b8c5ec17232f8e8b41"},"headline":"Tunnels de trafic de drogue reliant le Maroc \u00e0 Ceuta\u00a0: Une affaire qui embarrasse le Makhzen","datePublished":"2026-04-27T18:50:03+00:00","dateModified":"2026-04-27T18:50:06+00:00","mainEntityOfPage":{"@id":"https:\/\/lasentinelle.dz\/index.php\/2026\/04\/27\/tunnels-de-trafic-de-drogue-reliant-le-maroc-a-ceuta-une-affaire-qui-embarrasse-le-makhzen\/"},"wordCount":830,"commentCount":0,"publisher":{"@id":"https:\/\/lasentinelle.dz\/#organization"},"image":{"@id":"https:\/\/lasentinelle.dz\/index.php\/2026\/04\/27\/tunnels-de-trafic-de-drogue-reliant-le-maroc-a-ceuta-une-affaire-qui-embarrasse-le-makhzen\/#primaryimage"},"thumbnailUrl":"https:\/\/lasentinelle.dz\/wp-content\/uploads\/2026\/04\/tunnels-marocains.webp","articleSection":["Monde"],"inLanguage":"fr-FR","potentialAction":[{"@type":"CommentAction","name":"Comment","target":["https:\/\/lasentinelle.dz\/index.php\/2026\/04\/27\/tunnels-de-trafic-de-drogue-reliant-le-maroc-a-ceuta-une-affaire-qui-embarrasse-le-makhzen\/#respond"]}]},{"@type":"WebPage","@id":"https:\/\/lasentinelle.dz\/index.php\/2026\/04\/27\/tunnels-de-trafic-de-drogue-reliant-le-maroc-a-ceuta-une-affaire-qui-embarrasse-le-makhzen\/","url":"https:\/\/lasentinelle.dz\/index.php\/2026\/04\/27\/tunnels-de-trafic-de-drogue-reliant-le-maroc-a-ceuta-une-affaire-qui-embarrasse-le-makhzen\/","name":"Tunnels de trafic de drogue reliant le Maroc \u00e0 Ceuta\u00a0: Une affaire qui embarrasse le Makhzen - La Sentinelle","isPartOf":{"@id":"https:\/\/lasentinelle.dz\/#website"},"primaryImageOfPage":{"@id":"https:\/\/lasentinelle.dz\/index.php\/2026\/04\/27\/tunnels-de-trafic-de-drogue-reliant-le-maroc-a-ceuta-une-affaire-qui-embarrasse-le-makhzen\/#primaryimage"},"image":{"@id":"https:\/\/lasentinelle.dz\/index.php\/2026\/04\/27\/tunnels-de-trafic-de-drogue-reliant-le-maroc-a-ceuta-une-affaire-qui-embarrasse-le-makhzen\/#primaryimage"},"thumbnailUrl":"https:\/\/lasentinelle.dz\/wp-content\/uploads\/2026\/04\/tunnels-marocains.webp","datePublished":"2026-04-27T18:50:03+00:00","dateModified":"2026-04-27T18:50:06+00:00","breadcrumb":{"@id":"https:\/\/lasentinelle.dz\/index.php\/2026\/04\/27\/tunnels-de-trafic-de-drogue-reliant-le-maroc-a-ceuta-une-affaire-qui-embarrasse-le-makhzen\/#breadcrumb"},"inLanguage":"fr-FR","potentialAction":[{"@type":"ReadAction","target":["https:\/\/lasentinelle.dz\/index.php\/2026\/04\/27\/tunnels-de-trafic-de-drogue-reliant-le-maroc-a-ceuta-une-affaire-qui-embarrasse-le-makhzen\/"]}]},{"@type":"ImageObject","inLanguage":"fr-FR","@id":"https:\/\/lasentinelle.dz\/index.php\/2026\/04\/27\/tunnels-de-trafic-de-drogue-reliant-le-maroc-a-ceuta-une-affaire-qui-embarrasse-le-makhzen\/#primaryimage","url":"https:\/\/lasentinelle.dz\/wp-content\/uploads\/2026\/04\/tunnels-marocains.webp","contentUrl":"https:\/\/lasentinelle.dz\/wp-content\/uploads\/2026\/04\/tunnels-marocains.webp","width":1400,"height":1050},{"@type":"BreadcrumbList","@id":"https:\/\/lasentinelle.dz\/index.php\/2026\/04\/27\/tunnels-de-trafic-de-drogue-reliant-le-maroc-a-ceuta-une-affaire-qui-embarrasse-le-makhzen\/#breadcrumb","itemListElement":[{"@type":"ListItem","position":1,"name":"Accueil","item":"https:\/\/lasentinelle.dz\/"},{"@type":"ListItem","position":2,"name":"Tunnels de trafic de drogue reliant le Maroc \u00e0 Ceuta\u00a0: Une affaire qui embarrasse le Makhzen"}]},{"@type":"WebSite","@id":"https:\/\/lasentinelle.dz\/#website","url":"https:\/\/lasentinelle.dz\/","name":"La Sentinelle","description":"Quotidien national d&#039;information","publisher":{"@id":"https:\/\/lasentinelle.dz\/#organization"},"potentialAction":[{"@type":"SearchAction","target":{"@type":"EntryPoint","urlTemplate":"https:\/\/lasentinelle.dz\/?s={search_term_string}"},"query-input":{"@type":"PropertyValueSpecification","valueRequired":true,"valueName":"search_term_string"}}],"inLanguage":"fr-FR"},{"@type":"Organization","@id":"https:\/\/lasentinelle.dz\/#organization","name":"Quotidien La Sentinelle","url":"https:\/\/lasentinelle.dz\/","logo":{"@type":"ImageObject","inLanguage":"fr-FR","@id":"https:\/\/lasentinelle.dz\/#\/schema\/logo\/image\/","url":"https:\/\/lasentinelle.dz\/wp-content\/uploads\/2021\/09\/logo-sentinelleSLOGAN-1.png","contentUrl":"https:\/\/lasentinelle.dz\/wp-content\/uploads\/2021\/09\/logo-sentinelleSLOGAN-1.png","width":615,"height":142,"caption":"Quotidien La Sentinelle"},"image":{"@id":"https:\/\/lasentinelle.dz\/#\/schema\/logo\/image\/"},"sameAs":["https:\/\/www.facebook.com\/La-Sentinelle-104059864394773"]},{"@type":"Person","@id":"https:\/\/lasentinelle.dz\/#\/schema\/person\/729ee0024f24e0b8c5ec17232f8e8b41","name":"admin","image":{"@type":"ImageObject","inLanguage":"fr-FR","@id":"https:\/\/secure.gravatar.com\/avatar\/4c81fed838786e9b53f540bf46533e750f5d292099ae3b66cfc6fb1982e29df7?s=96&d=mm&r=g","url":"https:\/\/secure.gravatar.com\/avatar\/4c81fed838786e9b53f540bf46533e750f5d292099ae3b66cfc6fb1982e29df7?s=96&d=mm&r=g","contentUrl":"https:\/\/secure.gravatar.com\/avatar\/4c81fed838786e9b53f540bf46533e750f5d292099ae3b66cfc6fb1982e29df7?s=96&d=mm&r=g","caption":"admin"},"description":"admin","url":"https:\/\/lasentinelle.dz\/author\/admin\/"}]}},"_links":{"self":[{"href":"https:\/\/lasentinelle.dz\/index.php\/wp-json\/wp\/v2\/posts\/86519","targetHints":{"allow":["GET"]}}],"collection":[{"href":"https:\/\/lasentinelle.dz\/index.php\/wp-json\/wp\/v2\/posts"}],"about":[{"href":"https:\/\/lasentinelle.dz\/index.php\/wp-json\/wp\/v2\/types\/post"}],"author":[{"embeddable":true,"href":"https:\/\/lasentinelle.dz\/index.php\/wp-json\/wp\/v2\/users\/6"}],"replies":[{"embeddable":true,"href":"https:\/\/lasentinelle.dz\/index.php\/wp-json\/wp\/v2\/comments?post=86519"}],"version-history":[{"count":1,"href":"https:\/\/lasentinelle.dz\/index.php\/wp-json\/wp\/v2\/posts\/86519\/revisions"}],"predecessor-version":[{"id":86521,"href":"https:\/\/lasentinelle.dz\/index.php\/wp-json\/wp\/v2\/posts\/86519\/revisions\/86521"}],"wp:featuredmedia":[{"embeddable":true,"href":"https:\/\/lasentinelle.dz\/index.php\/wp-json\/wp\/v2\/media\/86520"}],"wp:attachment":[{"href":"https:\/\/lasentinelle.dz\/index.php\/wp-json\/wp\/v2\/media?parent=86519"}],"wp:term":[{"taxonomy":"category","embeddable":true,"href":"https:\/\/lasentinelle.dz\/index.php\/wp-json\/wp\/v2\/categories?post=86519"},{"taxonomy":"post_tag","embeddable":true,"href":"https:\/\/lasentinelle.dz\/index.php\/wp-json\/wp\/v2\/tags?post=86519"}],"curies":[{"name":"wp","href":"https:\/\/api.w.org\/{rel}","templated":true}]}}