{"id":86530,"date":"2026-04-27T19:56:17","date_gmt":"2026-04-27T18:56:17","guid":{"rendered":"https:\/\/lasentinelle.dz\/?p=86530"},"modified":"2026-04-27T19:56:19","modified_gmt":"2026-04-27T18:56:19","slug":"6e-festival-du-film-mediterraneen-annaba-celebre-youcef-chahine","status":"publish","type":"post","link":"https:\/\/lasentinelle.dz\/index.php\/2026\/04\/27\/6e-festival-du-film-mediterraneen-annaba-celebre-youcef-chahine\/","title":{"rendered":"6e Festival du film m\u00e9diterran\u00e9en\u00a0: Annaba c\u00e9l\u00e8bre Youcef Chahine"},"content":{"rendered":"\n<p>Il y a cinquante ans, un enfant prodigue rentrait au bercail. C&rsquo;est sous ce signe que la conf\u00e9rence internationale tenue dimanche \u00e0 Annaba, dans le cadre du 6e Festival du film m\u00e9diterran\u00e9en, a rendu hommage au r\u00e9alisateur \u00e9gyptien Youcef Chahine, cent ans apr\u00e8s sa naissance et 18 ans apr\u00e8s sa mort. Une mani\u00e8re de rappeler que la relation entre le cin\u00e9ma alg\u00e9rien et le cin\u00e9ma \u00e9gyptien ne rel\u00e8ve pas du simple voisinage culturel, mais d&rsquo;une histoire commune forg\u00e9e dans les studios, les combats et les convictions. La conf\u00e9rence s&rsquo;est articul\u00e9e autour d&rsquo;un constat que les participants ont tenu \u00e0 formuler sans d\u00e9tour : l&rsquo;Alg\u00e9rie n&rsquo;a pas simplement ouvert ses portes au cin\u00e9aste alexandrin, elle lui a offert un espace de libert\u00e9 que d&rsquo;autres pays lui refusaient. Le 7e art alg\u00e9rien a, selon les intervenants, \u00ab constitu\u00e9 un soutien strat\u00e9gique et un espace de libert\u00e9 qui a permis au d\u00e9funt Youcef Chahine de concr\u00e9tiser sa vision intellectuelle et la dualit\u00e9 lutte-cr\u00e9ativit\u00e9 qui a marqu\u00e9 son parcours artistique \u00bb. Ce n&rsquo;est pas rien. Dans les ann\u00e9es o\u00f9 Chahine tournait des films qui d\u00e9rangeaient, l&rsquo;Alg\u00e9rie lui fournissait des moyens, des \u00e9quipes et une l\u00e9gitimit\u00e9.<\/p>\n\n\n\n<p>Le r\u00e9alisateur \u00e9gyptien Khaled Youcef, qui se revendique ouvertement comme un \u00e9l\u00e8ve de Chahine, a insist\u00e9 sur cette dimension nourrici\u00e8re. L&rsquo;Alg\u00e9rie, a-t-il affirm\u00e9, \u00ab a cr\u00e9\u00e9 un environnement fertile qui a contribu\u00e9 \u00e0 enrichir les cr\u00e9ations de Youcef Chahine \u00bb. Il a ajout\u00e9 que la pens\u00e9e du ma\u00eetre incarnait \u00ab l&rsquo;unit\u00e9 du destin arabe, notamment en ce qui concerne la question palestinienne \u00bb \u2014 une question qui traversait les \u0153uvres de Chahine comme une ligne de feu, de <em>Jamila<\/em> \u00e0 <em>La Terre<\/em> en passant par <em>Le Destin<\/em>.<\/p>\n\n\n\n<p>L&rsquo;artiste Se\u00eff Abdel Rahman a quant \u00e0 lui \u00e9voqu\u00e9 les \u00ab moments exceptionnels \u00bb qui ont r\u00e9uni Chahine avec les intellectuels alg\u00e9riens au fil des d\u00e9cennies, rappelant que plusieurs de ses \u0153uvres produites en collaboration avec l&rsquo;Alg\u00e9rie \u00ab s&rsquo;opposaient ouvertement aux forces coloniales \u00bb. Le cin\u00e9ma comme acte militant : c&rsquo;\u00e9tait l&rsquo;\u00e9poque o\u00f9 l&rsquo;on tournait non pas pour les festivals mais pour les peuples. L&rsquo;actrice Soheir El-Morshedy, \u00e9galement pr\u00e9sente \u00e0 la tribune, a t\u00e9moign\u00e9 de l&rsquo;homme autant que du cin\u00e9aste, \u00e9clairant ce qu&rsquo;elle a appel\u00e9 \u00ab l&rsquo;esprit de collaboration artistique \u00e9lev\u00e9e qui a marqu\u00e9 la g\u00e9n\u00e9ration form\u00e9e de g\u00e9ants de la cr\u00e9ativit\u00e9 arabe \u00bb. Une g\u00e9n\u00e9ration qui croyait encore que le cin\u00e9ma pouvait changer quelque chose.<\/p>\n\n\n\n<p>En cl\u00f4ture, les participants ont formul\u00e9 ce qui ressemble \u00e0 un appel autant qu&rsquo;\u00e0 un bilan : la comm\u00e9moration du centenaire de Chahine \u00e0 Annaba constitue, selon eux, \u00ab un message de fid\u00e9lit\u00e9 qui renforce la solidit\u00e9 des relations culturelles entre l&rsquo;Alg\u00e9rie et l&rsquo;Egypte et affirme la n\u00e9cessit\u00e9 de relancer la production cin\u00e9matographique m\u00e9diterran\u00e9enne commune avec des visions militantes renouvel\u00e9es en phase avec les enjeux actuels \u00bb. Le mot \u00ab militants \u00bb n&rsquo;est pas choisi par hasard. Dans ce contexte, avec Ghaza en ruines et le monde arabe en recomposition douloureuse, la r\u00e9f\u00e9rence \u00e0 Chahine est aussi une fa\u00e7on de dire que le cin\u00e9ma ne peut pas se permettre de se taire. Le Festival du film m\u00e9diterran\u00e9en d&rsquo;Annaba, qui se tient du 24 au 30 avril, pr\u00e9sente 55 films en provenance de 20 pays. L&rsquo;\u00c9gypte est l&rsquo;invit\u00e9e d&rsquo;honneur de cette 6e \u00e9dition \u2014 un choix qui prend tout son sens au regard de la conf\u00e9rence de dimanche.<\/p>\n\n\n\n<p>M.S.<\/p>\n","protected":false},"excerpt":{"rendered":"<p>Il y a cinquante ans, un enfant prodigue rentrait au bercail. C&rsquo;est sous ce signe que la conf\u00e9rence internationale tenue<\/p>\n","protected":false},"author":6,"featured_media":86531,"comment_status":"open","ping_status":"closed","sticky":false,"template":"","format":"standard","meta":{"colormag_page_container_layout":"default_layout","colormag_page_sidebar_layout":"default_layout","om_disable_all_campaigns":false,"_monsterinsights_skip_tracking":false,"_monsterinsights_sitenote_active":false,"_monsterinsights_sitenote_note":"","_monsterinsights_sitenote_category":0,"footnotes":"","_wpscppro_dont_share_socialmedia":false,"_wpscppro_custom_social_share_image":0,"_facebook_share_type":"default","_twitter_share_type":"default","_linkedin_share_type":"default","_pinterest_share_type":"default","_linkedin_share_type_page":"","_instagram_share_type":"default","_medium_share_type":"default","_threads_share_type":"default","_google_business_share_type":"default","_selected_social_profile":[],"_wpsp_enable_custom_social_template":false,"_wpsp_social_scheduling":{"enabled":false,"datetime":null,"platforms":[],"status":"template_only","dateOption":"today","timeOption":"now","customDays":"","customHours":"","customDate":"","customTime":"","schedulingType":"absolute"},"_wpsp_active_default_template":true},"categories":[36],"tags":[],"class_list":["post-86530","post","type-post","status-publish","format-standard","has-post-thumbnail","hentry","category-culture"],"aioseo_notices":[],"yoast_head":"<!-- This site is optimized with the Yoast SEO plugin v27.4 - https:\/\/yoast.com\/product\/yoast-seo-wordpress\/ -->\n<title>6e Festival du film m\u00e9diterran\u00e9en\u00a0: Annaba c\u00e9l\u00e8bre Youcef Chahine - La Sentinelle<\/title>\n<meta name=\"robots\" content=\"index, follow, max-snippet:-1, max-image-preview:large, max-video-preview:-1\" \/>\n<link rel=\"canonical\" href=\"https:\/\/lasentinelle.dz\/index.php\/2026\/04\/27\/6e-festival-du-film-mediterraneen-annaba-celebre-youcef-chahine\/\" \/>\n<meta property=\"og:locale\" content=\"fr_FR\" \/>\n<meta property=\"og:type\" content=\"article\" \/>\n<meta property=\"og:title\" content=\"6e Festival du film m\u00e9diterran\u00e9en\u00a0: Annaba c\u00e9l\u00e8bre Youcef Chahine - La Sentinelle\" \/>\n<meta property=\"og:description\" content=\"Il y a cinquante ans, un enfant prodigue rentrait au bercail. C&rsquo;est sous ce signe que la conf\u00e9rence internationale tenue\" \/>\n<meta property=\"og:url\" content=\"https:\/\/lasentinelle.dz\/index.php\/2026\/04\/27\/6e-festival-du-film-mediterraneen-annaba-celebre-youcef-chahine\/\" \/>\n<meta property=\"og:site_name\" content=\"La Sentinelle\" \/>\n<meta property=\"article:publisher\" content=\"https:\/\/www.facebook.com\/La-Sentinelle-104059864394773\" \/>\n<meta property=\"article:published_time\" content=\"2026-04-27T18:56:17+00:00\" \/>\n<meta property=\"article:modified_time\" content=\"2026-04-27T18:56:19+00:00\" \/>\n<meta property=\"og:image\" content=\"https:\/\/lasentinelle.dz\/wp-content\/uploads\/2026\/04\/675462223_18073308467646249_3969547139499681005_n.jpg\" \/>\n\t<meta property=\"og:image:width\" content=\"1440\" \/>\n\t<meta property=\"og:image:height\" content=\"960\" \/>\n\t<meta property=\"og:image:type\" content=\"image\/jpeg\" \/>\n<meta name=\"author\" content=\"admin\" \/>\n<meta name=\"twitter:card\" content=\"summary_large_image\" \/>\n<meta name=\"twitter:label1\" content=\"\u00c9crit par\" \/>\n\t<meta name=\"twitter:data1\" content=\"admin\" \/>\n\t<meta name=\"twitter:label2\" content=\"Dur\u00e9e de lecture estim\u00e9e\" \/>\n\t<meta name=\"twitter:data2\" content=\"3 minutes\" \/>\n<script type=\"application\/ld+json\" class=\"yoast-schema-graph\">{\"@context\":\"https:\\\/\\\/schema.org\",\"@graph\":[{\"@type\":\"Article\",\"@id\":\"https:\\\/\\\/lasentinelle.dz\\\/index.php\\\/2026\\\/04\\\/27\\\/6e-festival-du-film-mediterraneen-annaba-celebre-youcef-chahine\\\/#article\",\"isPartOf\":{\"@id\":\"https:\\\/\\\/lasentinelle.dz\\\/index.php\\\/2026\\\/04\\\/27\\\/6e-festival-du-film-mediterraneen-annaba-celebre-youcef-chahine\\\/\"},\"author\":{\"name\":\"admin\",\"@id\":\"https:\\\/\\\/lasentinelle.dz\\\/#\\\/schema\\\/person\\\/729ee0024f24e0b8c5ec17232f8e8b41\"},\"headline\":\"6e Festival du film m\u00e9diterran\u00e9en\u00a0: Annaba c\u00e9l\u00e8bre Youcef Chahine\",\"datePublished\":\"2026-04-27T18:56:17+00:00\",\"dateModified\":\"2026-04-27T18:56:19+00:00\",\"mainEntityOfPage\":{\"@id\":\"https:\\\/\\\/lasentinelle.dz\\\/index.php\\\/2026\\\/04\\\/27\\\/6e-festival-du-film-mediterraneen-annaba-celebre-youcef-chahine\\\/\"},\"wordCount\":628,\"commentCount\":0,\"publisher\":{\"@id\":\"https:\\\/\\\/lasentinelle.dz\\\/#organization\"},\"image\":{\"@id\":\"https:\\\/\\\/lasentinelle.dz\\\/index.php\\\/2026\\\/04\\\/27\\\/6e-festival-du-film-mediterraneen-annaba-celebre-youcef-chahine\\\/#primaryimage\"},\"thumbnailUrl\":\"https:\\\/\\\/lasentinelle.dz\\\/wp-content\\\/uploads\\\/2026\\\/04\\\/675462223_18073308467646249_3969547139499681005_n.jpg\",\"articleSection\":[\"Culture\"],\"inLanguage\":\"fr-FR\",\"potentialAction\":[{\"@type\":\"CommentAction\",\"name\":\"Comment\",\"target\":[\"https:\\\/\\\/lasentinelle.dz\\\/index.php\\\/2026\\\/04\\\/27\\\/6e-festival-du-film-mediterraneen-annaba-celebre-youcef-chahine\\\/#respond\"]}]},{\"@type\":\"WebPage\",\"@id\":\"https:\\\/\\\/lasentinelle.dz\\\/index.php\\\/2026\\\/04\\\/27\\\/6e-festival-du-film-mediterraneen-annaba-celebre-youcef-chahine\\\/\",\"url\":\"https:\\\/\\\/lasentinelle.dz\\\/index.php\\\/2026\\\/04\\\/27\\\/6e-festival-du-film-mediterraneen-annaba-celebre-youcef-chahine\\\/\",\"name\":\"6e Festival du film m\u00e9diterran\u00e9en\u00a0: Annaba c\u00e9l\u00e8bre Youcef Chahine - La Sentinelle\",\"isPartOf\":{\"@id\":\"https:\\\/\\\/lasentinelle.dz\\\/#website\"},\"primaryImageOfPage\":{\"@id\":\"https:\\\/\\\/lasentinelle.dz\\\/index.php\\\/2026\\\/04\\\/27\\\/6e-festival-du-film-mediterraneen-annaba-celebre-youcef-chahine\\\/#primaryimage\"},\"image\":{\"@id\":\"https:\\\/\\\/lasentinelle.dz\\\/index.php\\\/2026\\\/04\\\/27\\\/6e-festival-du-film-mediterraneen-annaba-celebre-youcef-chahine\\\/#primaryimage\"},\"thumbnailUrl\":\"https:\\\/\\\/lasentinelle.dz\\\/wp-content\\\/uploads\\\/2026\\\/04\\\/675462223_18073308467646249_3969547139499681005_n.jpg\",\"datePublished\":\"2026-04-27T18:56:17+00:00\",\"dateModified\":\"2026-04-27T18:56:19+00:00\",\"breadcrumb\":{\"@id\":\"https:\\\/\\\/lasentinelle.dz\\\/index.php\\\/2026\\\/04\\\/27\\\/6e-festival-du-film-mediterraneen-annaba-celebre-youcef-chahine\\\/#breadcrumb\"},\"inLanguage\":\"fr-FR\",\"potentialAction\":[{\"@type\":\"ReadAction\",\"target\":[\"https:\\\/\\\/lasentinelle.dz\\\/index.php\\\/2026\\\/04\\\/27\\\/6e-festival-du-film-mediterraneen-annaba-celebre-youcef-chahine\\\/\"]}]},{\"@type\":\"ImageObject\",\"inLanguage\":\"fr-FR\",\"@id\":\"https:\\\/\\\/lasentinelle.dz\\\/index.php\\\/2026\\\/04\\\/27\\\/6e-festival-du-film-mediterraneen-annaba-celebre-youcef-chahine\\\/#primaryimage\",\"url\":\"https:\\\/\\\/lasentinelle.dz\\\/wp-content\\\/uploads\\\/2026\\\/04\\\/675462223_18073308467646249_3969547139499681005_n.jpg\",\"contentUrl\":\"https:\\\/\\\/lasentinelle.dz\\\/wp-content\\\/uploads\\\/2026\\\/04\\\/675462223_18073308467646249_3969547139499681005_n.jpg\",\"width\":1440,\"height\":960},{\"@type\":\"BreadcrumbList\",\"@id\":\"https:\\\/\\\/lasentinelle.dz\\\/index.php\\\/2026\\\/04\\\/27\\\/6e-festival-du-film-mediterraneen-annaba-celebre-youcef-chahine\\\/#breadcrumb\",\"itemListElement\":[{\"@type\":\"ListItem\",\"position\":1,\"name\":\"Accueil\",\"item\":\"https:\\\/\\\/lasentinelle.dz\\\/\"},{\"@type\":\"ListItem\",\"position\":2,\"name\":\"6e Festival du film m\u00e9diterran\u00e9en\u00a0: Annaba c\u00e9l\u00e8bre Youcef Chahine\"}]},{\"@type\":\"WebSite\",\"@id\":\"https:\\\/\\\/lasentinelle.dz\\\/#website\",\"url\":\"https:\\\/\\\/lasentinelle.dz\\\/\",\"name\":\"La Sentinelle\",\"description\":\"Quotidien national d&#039;information\",\"publisher\":{\"@id\":\"https:\\\/\\\/lasentinelle.dz\\\/#organization\"},\"potentialAction\":[{\"@type\":\"SearchAction\",\"target\":{\"@type\":\"EntryPoint\",\"urlTemplate\":\"https:\\\/\\\/lasentinelle.dz\\\/?s={search_term_string}\"},\"query-input\":{\"@type\":\"PropertyValueSpecification\",\"valueRequired\":true,\"valueName\":\"search_term_string\"}}],\"inLanguage\":\"fr-FR\"},{\"@type\":\"Organization\",\"@id\":\"https:\\\/\\\/lasentinelle.dz\\\/#organization\",\"name\":\"Quotidien La Sentinelle\",\"url\":\"https:\\\/\\\/lasentinelle.dz\\\/\",\"logo\":{\"@type\":\"ImageObject\",\"inLanguage\":\"fr-FR\",\"@id\":\"https:\\\/\\\/lasentinelle.dz\\\/#\\\/schema\\\/logo\\\/image\\\/\",\"url\":\"https:\\\/\\\/lasentinelle.dz\\\/wp-content\\\/uploads\\\/2021\\\/09\\\/logo-sentinelleSLOGAN-1.png\",\"contentUrl\":\"https:\\\/\\\/lasentinelle.dz\\\/wp-content\\\/uploads\\\/2021\\\/09\\\/logo-sentinelleSLOGAN-1.png\",\"width\":615,\"height\":142,\"caption\":\"Quotidien La Sentinelle\"},\"image\":{\"@id\":\"https:\\\/\\\/lasentinelle.dz\\\/#\\\/schema\\\/logo\\\/image\\\/\"},\"sameAs\":[\"https:\\\/\\\/www.facebook.com\\\/La-Sentinelle-104059864394773\"]},{\"@type\":\"Person\",\"@id\":\"https:\\\/\\\/lasentinelle.dz\\\/#\\\/schema\\\/person\\\/729ee0024f24e0b8c5ec17232f8e8b41\",\"name\":\"admin\",\"image\":{\"@type\":\"ImageObject\",\"inLanguage\":\"fr-FR\",\"@id\":\"https:\\\/\\\/secure.gravatar.com\\\/avatar\\\/4c81fed838786e9b53f540bf46533e750f5d292099ae3b66cfc6fb1982e29df7?s=96&d=mm&r=g\",\"url\":\"https:\\\/\\\/secure.gravatar.com\\\/avatar\\\/4c81fed838786e9b53f540bf46533e750f5d292099ae3b66cfc6fb1982e29df7?s=96&d=mm&r=g\",\"contentUrl\":\"https:\\\/\\\/secure.gravatar.com\\\/avatar\\\/4c81fed838786e9b53f540bf46533e750f5d292099ae3b66cfc6fb1982e29df7?s=96&d=mm&r=g\",\"caption\":\"admin\"},\"description\":\"admin\",\"url\":\"https:\\\/\\\/lasentinelle.dz\\\/author\\\/admin\\\/\"}]}<\/script>\n<!-- \/ Yoast SEO plugin. -->","yoast_head_json":{"title":"6e Festival du film m\u00e9diterran\u00e9en\u00a0: Annaba c\u00e9l\u00e8bre Youcef Chahine - La Sentinelle","robots":{"index":"index","follow":"follow","max-snippet":"max-snippet:-1","max-image-preview":"max-image-preview:large","max-video-preview":"max-video-preview:-1"},"canonical":"https:\/\/lasentinelle.dz\/index.php\/2026\/04\/27\/6e-festival-du-film-mediterraneen-annaba-celebre-youcef-chahine\/","og_locale":"fr_FR","og_type":"article","og_title":"6e Festival du film m\u00e9diterran\u00e9en\u00a0: Annaba c\u00e9l\u00e8bre Youcef Chahine - La Sentinelle","og_description":"Il y a cinquante ans, un enfant prodigue rentrait au bercail. C&rsquo;est sous ce signe que la conf\u00e9rence internationale tenue","og_url":"https:\/\/lasentinelle.dz\/index.php\/2026\/04\/27\/6e-festival-du-film-mediterraneen-annaba-celebre-youcef-chahine\/","og_site_name":"La Sentinelle","article_publisher":"https:\/\/www.facebook.com\/La-Sentinelle-104059864394773","article_published_time":"2026-04-27T18:56:17+00:00","article_modified_time":"2026-04-27T18:56:19+00:00","og_image":[{"width":1440,"height":960,"url":"https:\/\/lasentinelle.dz\/wp-content\/uploads\/2026\/04\/675462223_18073308467646249_3969547139499681005_n.jpg","type":"image\/jpeg"}],"author":"admin","twitter_card":"summary_large_image","twitter_misc":{"\u00c9crit par":"admin","Dur\u00e9e de lecture estim\u00e9e":"3 minutes"},"schema":{"@context":"https:\/\/schema.org","@graph":[{"@type":"Article","@id":"https:\/\/lasentinelle.dz\/index.php\/2026\/04\/27\/6e-festival-du-film-mediterraneen-annaba-celebre-youcef-chahine\/#article","isPartOf":{"@id":"https:\/\/lasentinelle.dz\/index.php\/2026\/04\/27\/6e-festival-du-film-mediterraneen-annaba-celebre-youcef-chahine\/"},"author":{"name":"admin","@id":"https:\/\/lasentinelle.dz\/#\/schema\/person\/729ee0024f24e0b8c5ec17232f8e8b41"},"headline":"6e Festival du film m\u00e9diterran\u00e9en\u00a0: Annaba c\u00e9l\u00e8bre Youcef Chahine","datePublished":"2026-04-27T18:56:17+00:00","dateModified":"2026-04-27T18:56:19+00:00","mainEntityOfPage":{"@id":"https:\/\/lasentinelle.dz\/index.php\/2026\/04\/27\/6e-festival-du-film-mediterraneen-annaba-celebre-youcef-chahine\/"},"wordCount":628,"commentCount":0,"publisher":{"@id":"https:\/\/lasentinelle.dz\/#organization"},"image":{"@id":"https:\/\/lasentinelle.dz\/index.php\/2026\/04\/27\/6e-festival-du-film-mediterraneen-annaba-celebre-youcef-chahine\/#primaryimage"},"thumbnailUrl":"https:\/\/lasentinelle.dz\/wp-content\/uploads\/2026\/04\/675462223_18073308467646249_3969547139499681005_n.jpg","articleSection":["Culture"],"inLanguage":"fr-FR","potentialAction":[{"@type":"CommentAction","name":"Comment","target":["https:\/\/lasentinelle.dz\/index.php\/2026\/04\/27\/6e-festival-du-film-mediterraneen-annaba-celebre-youcef-chahine\/#respond"]}]},{"@type":"WebPage","@id":"https:\/\/lasentinelle.dz\/index.php\/2026\/04\/27\/6e-festival-du-film-mediterraneen-annaba-celebre-youcef-chahine\/","url":"https:\/\/lasentinelle.dz\/index.php\/2026\/04\/27\/6e-festival-du-film-mediterraneen-annaba-celebre-youcef-chahine\/","name":"6e Festival du film m\u00e9diterran\u00e9en\u00a0: Annaba c\u00e9l\u00e8bre Youcef Chahine - La Sentinelle","isPartOf":{"@id":"https:\/\/lasentinelle.dz\/#website"},"primaryImageOfPage":{"@id":"https:\/\/lasentinelle.dz\/index.php\/2026\/04\/27\/6e-festival-du-film-mediterraneen-annaba-celebre-youcef-chahine\/#primaryimage"},"image":{"@id":"https:\/\/lasentinelle.dz\/index.php\/2026\/04\/27\/6e-festival-du-film-mediterraneen-annaba-celebre-youcef-chahine\/#primaryimage"},"thumbnailUrl":"https:\/\/lasentinelle.dz\/wp-content\/uploads\/2026\/04\/675462223_18073308467646249_3969547139499681005_n.jpg","datePublished":"2026-04-27T18:56:17+00:00","dateModified":"2026-04-27T18:56:19+00:00","breadcrumb":{"@id":"https:\/\/lasentinelle.dz\/index.php\/2026\/04\/27\/6e-festival-du-film-mediterraneen-annaba-celebre-youcef-chahine\/#breadcrumb"},"inLanguage":"fr-FR","potentialAction":[{"@type":"ReadAction","target":["https:\/\/lasentinelle.dz\/index.php\/2026\/04\/27\/6e-festival-du-film-mediterraneen-annaba-celebre-youcef-chahine\/"]}]},{"@type":"ImageObject","inLanguage":"fr-FR","@id":"https:\/\/lasentinelle.dz\/index.php\/2026\/04\/27\/6e-festival-du-film-mediterraneen-annaba-celebre-youcef-chahine\/#primaryimage","url":"https:\/\/lasentinelle.dz\/wp-content\/uploads\/2026\/04\/675462223_18073308467646249_3969547139499681005_n.jpg","contentUrl":"https:\/\/lasentinelle.dz\/wp-content\/uploads\/2026\/04\/675462223_18073308467646249_3969547139499681005_n.jpg","width":1440,"height":960},{"@type":"BreadcrumbList","@id":"https:\/\/lasentinelle.dz\/index.php\/2026\/04\/27\/6e-festival-du-film-mediterraneen-annaba-celebre-youcef-chahine\/#breadcrumb","itemListElement":[{"@type":"ListItem","position":1,"name":"Accueil","item":"https:\/\/lasentinelle.dz\/"},{"@type":"ListItem","position":2,"name":"6e Festival du film m\u00e9diterran\u00e9en\u00a0: Annaba c\u00e9l\u00e8bre Youcef Chahine"}]},{"@type":"WebSite","@id":"https:\/\/lasentinelle.dz\/#website","url":"https:\/\/lasentinelle.dz\/","name":"La Sentinelle","description":"Quotidien national d&#039;information","publisher":{"@id":"https:\/\/lasentinelle.dz\/#organization"},"potentialAction":[{"@type":"SearchAction","target":{"@type":"EntryPoint","urlTemplate":"https:\/\/lasentinelle.dz\/?s={search_term_string}"},"query-input":{"@type":"PropertyValueSpecification","valueRequired":true,"valueName":"search_term_string"}}],"inLanguage":"fr-FR"},{"@type":"Organization","@id":"https:\/\/lasentinelle.dz\/#organization","name":"Quotidien La Sentinelle","url":"https:\/\/lasentinelle.dz\/","logo":{"@type":"ImageObject","inLanguage":"fr-FR","@id":"https:\/\/lasentinelle.dz\/#\/schema\/logo\/image\/","url":"https:\/\/lasentinelle.dz\/wp-content\/uploads\/2021\/09\/logo-sentinelleSLOGAN-1.png","contentUrl":"https:\/\/lasentinelle.dz\/wp-content\/uploads\/2021\/09\/logo-sentinelleSLOGAN-1.png","width":615,"height":142,"caption":"Quotidien La Sentinelle"},"image":{"@id":"https:\/\/lasentinelle.dz\/#\/schema\/logo\/image\/"},"sameAs":["https:\/\/www.facebook.com\/La-Sentinelle-104059864394773"]},{"@type":"Person","@id":"https:\/\/lasentinelle.dz\/#\/schema\/person\/729ee0024f24e0b8c5ec17232f8e8b41","name":"admin","image":{"@type":"ImageObject","inLanguage":"fr-FR","@id":"https:\/\/secure.gravatar.com\/avatar\/4c81fed838786e9b53f540bf46533e750f5d292099ae3b66cfc6fb1982e29df7?s=96&d=mm&r=g","url":"https:\/\/secure.gravatar.com\/avatar\/4c81fed838786e9b53f540bf46533e750f5d292099ae3b66cfc6fb1982e29df7?s=96&d=mm&r=g","contentUrl":"https:\/\/secure.gravatar.com\/avatar\/4c81fed838786e9b53f540bf46533e750f5d292099ae3b66cfc6fb1982e29df7?s=96&d=mm&r=g","caption":"admin"},"description":"admin","url":"https:\/\/lasentinelle.dz\/author\/admin\/"}]}},"_links":{"self":[{"href":"https:\/\/lasentinelle.dz\/index.php\/wp-json\/wp\/v2\/posts\/86530","targetHints":{"allow":["GET"]}}],"collection":[{"href":"https:\/\/lasentinelle.dz\/index.php\/wp-json\/wp\/v2\/posts"}],"about":[{"href":"https:\/\/lasentinelle.dz\/index.php\/wp-json\/wp\/v2\/types\/post"}],"author":[{"embeddable":true,"href":"https:\/\/lasentinelle.dz\/index.php\/wp-json\/wp\/v2\/users\/6"}],"replies":[{"embeddable":true,"href":"https:\/\/lasentinelle.dz\/index.php\/wp-json\/wp\/v2\/comments?post=86530"}],"version-history":[{"count":1,"href":"https:\/\/lasentinelle.dz\/index.php\/wp-json\/wp\/v2\/posts\/86530\/revisions"}],"predecessor-version":[{"id":86532,"href":"https:\/\/lasentinelle.dz\/index.php\/wp-json\/wp\/v2\/posts\/86530\/revisions\/86532"}],"wp:featuredmedia":[{"embeddable":true,"href":"https:\/\/lasentinelle.dz\/index.php\/wp-json\/wp\/v2\/media\/86531"}],"wp:attachment":[{"href":"https:\/\/lasentinelle.dz\/index.php\/wp-json\/wp\/v2\/media?parent=86530"}],"wp:term":[{"taxonomy":"category","embeddable":true,"href":"https:\/\/lasentinelle.dz\/index.php\/wp-json\/wp\/v2\/categories?post=86530"},{"taxonomy":"post_tag","embeddable":true,"href":"https:\/\/lasentinelle.dz\/index.php\/wp-json\/wp\/v2\/tags?post=86530"}],"curies":[{"name":"wp","href":"https:\/\/api.w.org\/{rel}","templated":true}]}}