{"id":86536,"date":"2026-04-27T19:58:02","date_gmt":"2026-04-27T18:58:02","guid":{"rendered":"https:\/\/lasentinelle.dz\/?p=86536"},"modified":"2026-04-27T19:58:04","modified_gmt":"2026-04-27T18:58:04","slug":"lutte-contre-le-trafic-de-biens-culturels-et-lappropriation-culturelle-une-affaire-detat","status":"publish","type":"post","link":"https:\/\/lasentinelle.dz\/index.php\/2026\/04\/27\/lutte-contre-le-trafic-de-biens-culturels-et-lappropriation-culturelle-une-affaire-detat\/","title":{"rendered":"Lutte contre le trafic de biens culturels et l\u2019appropriation culturelle\u00a0: Une affaire d\u2019\u00c9tat\u00a0!"},"content":{"rendered":"\n<p>Deux minist\u00e8res, un accord, et derri\u00e8re lui une ambition qui d\u00e9passe le simple protocole administratif : prot\u00e9ger le patrimoine alg\u00e9rien par tous les moyens \u2014 juridiques, judiciaires, humains.<\/p>\n\n\n\n<p>C&rsquo;est \u00e0 Alger, dimanche, en ouverture d&rsquo;un atelier de formation destin\u00e9 aux magistrats, que les minist\u00e8res de la Justice et de la Culture ont sign\u00e9 une convention-cadre de coop\u00e9ration couvrant la lutte contre le trafic illicite des biens culturels, la formation des personnels des deux secteurs et la r\u00e9insertion sociale des d\u00e9tenus par la culture.<\/p>\n\n\n\n<p>La c\u00e9r\u00e9monie s&rsquo;est tenue en pr\u00e9sence de la ministre de la Culture et des Arts, Malika Bendouda, et a \u00e9t\u00e9 conclue par les secr\u00e9taires g\u00e9n\u00e9raux des deux minist\u00e8res, Mohamed Hamadou pour la Justice et Sid Ali Sebaa pour la Culture, devant un parterre de repr\u00e9sentants des corps de s\u00e9curit\u00e9, de magistrats et de chercheurs. Le cadre n&rsquo;est pas anodin : il s&rsquo;agissait du troisi\u00e8me atelier du genre organis\u00e9 dans le cadre du Mois du Patrimoine, qui court du 18 avril au 18 mai, confirmant que la protection du patrimoine ne rel\u00e8ve plus seulement du champ culturel mais est d\u00e9sormais pens\u00e9e comme une affaire d&rsquo;\u00c9tat impliquant l&rsquo;appareil judiciaire. La convention est articul\u00e9e autour de trois axes. Le premier, et le plus attendu, concerne la \u00ab protection du patrimoine culturel et la lutte contre les atteintes et le trafic illicite des biens culturels \u00bb. Le deuxi\u00e8me porte sur la formation crois\u00e9e des magistrats, des cadres et des personnels des deux minist\u00e8res. Le troisi\u00e8me, moins m\u00e9diatis\u00e9 mais r\u00e9v\u00e9lateur d&rsquo;une vision plus large, traite de \u00ab la r\u00e9insertion sociale des d\u00e9tenus dans les domaines de la culture et des arts \u00bb. C&rsquo;est ce triptyque que Malika Bendouda a inscrit dans une perspective constitutionnelle, rappelant que la convention entend \u00ab instaurer un cadre institutionnel de coordination et de partenariat \u00bb, conform\u00e9ment \u00e0 l&rsquo;article 76 de la Constitution, qui \u00ab garantit le droit de chaque citoyen \u00e0 la culture sur un pied d&rsquo;\u00e9galit\u00e9 avec les autres et engage l&rsquo;\u00c9tat \u00e0 prot\u00e9ger le patrimoine national mat\u00e9riel et immat\u00e9riel \u00bb.<\/p>\n\n\n\n<p>Sur la question p\u00e9nitentiaire, la ministre a d\u00e9fendu une philosophie qui tranche avec une approche purement s\u00e9curitaire : \u00ab l&rsquo;acc\u00e8s aux arts et \u00e0 la litt\u00e9rature pour les d\u00e9tenus constitue une fen\u00eatre spirituelle ouvrant des perspectives de r\u00e9insertion sociale. \u00bb Concr\u00e8tement, la convention pr\u00e9voit que des d\u00e9tenus \u2014 et des cadres du secteur judiciaire \u2014 puissent visiter des \u00e9tablissements culturels et des sites arch\u00e9ologiques. Une disposition qui dit quelque chose sur la mani\u00e8re dont les deux minist\u00e8res con\u00e7oivent leur mission respective : non comme des silos \u00e9tanches, mais comme des leviers compl\u00e9mentaires d&rsquo;une m\u00eame politique publique.<\/p>\n\n\n\n<p>Du c\u00f4t\u00e9 de la Justice, le ministre Lotfi Boudjemaa, dont l&rsquo;allocution a \u00e9t\u00e9 lue par son secr\u00e9taire g\u00e9n\u00e9ral, a rappel\u00e9 l&rsquo;urgence du contexte international. La coop\u00e9ration avec la Culture est n\u00e9cessaire, a-t-il dit, notamment face aux \u00ab tentatives malveillantes d&rsquo;appropriation et de falsification culturelles au niveau international \u00bb. La formulation est diplomatique, mais le propos est pr\u00e9cis : des patrimoines alg\u00e9riens sont revendiqu\u00e9s, d\u00e9tourn\u00e9s ou simplement pill\u00e9s, et la r\u00e9ponse judiciaire doit \u00eatre \u00e0 la hauteur. Il a appel\u00e9 les magistrats pr\u00e9sents \u00e0 tirer parti des connaissances acquises lors de l&rsquo;atelier pour \u00ab promouvoir le traitement judiciaire des litiges et contentieux li\u00e9s au patrimoine culturel et de lutter avec fermet\u00e9 contre le trafic illicite des biens culturels, conform\u00e9ment aux lois \u00bb. Et, sans ambigu\u00eft\u00e9, il a mis en garde contre \u00ab les professionnels du vol \u00bb qui cherchent \u00e0 s&rsquo;approprier le patrimoine alg\u00e9rien, appelant \u00e0 les \u00ab combattre o\u00f9 qu&rsquo;ils se trouvent \u00bb.<\/p>\n\n\n\n<p>L&rsquo;atelier lui-m\u00eame, qui rassemble une quarantaine de participants dont des officiers de police judiciaire, illustre la dimension pratique de cet engagement. Pendant cinq jours, jusqu&rsquo;au 30 avril, le programme alternera expos\u00e9s th\u00e9oriques et visites de terrain \u2014 mus\u00e9es de la wilaya d&rsquo;Alger, Mus\u00e9e national de Cherchell, sites arch\u00e9ologiques de Tipasa. Les intervenants de la premi\u00e8re journ\u00e9e ont abord\u00e9 la protection juridique du patrimoine dans la l\u00e9gislation alg\u00e9rienne, ainsi que les missions sp\u00e9cifiques des Garde-c\u00f4tes, de la Gendarmerie nationale, de la S\u00fbret\u00e9 nationale et des Douanes dans ce domaine.<\/p>\n\n\n\n<p>La lutte contre le trafic de biens culturels suppose des moyens humains, une coop\u00e9ration internationale effective et une volont\u00e9 judiciaire constante. Et le fait que magistrats et conservateurs se retrouvent autour de la m\u00eame table, sur un site arch\u00e9ologique ou dans une salle d&rsquo;audience, est d\u00e9j\u00e0, en soi, un signe que quelque chose est en train de changer dans la fa\u00e7on dont l&rsquo;Alg\u00e9rie entend d\u00e9fendre ce qui lui appartient.<\/p>\n\n\n\n<p>Mohand Seghir<\/p>\n","protected":false},"excerpt":{"rendered":"<p>Deux minist\u00e8res, un accord, et derri\u00e8re lui une ambition qui d\u00e9passe le simple protocole administratif : prot\u00e9ger le patrimoine alg\u00e9rien<\/p>\n","protected":false},"author":6,"featured_media":86537,"comment_status":"open","ping_status":"closed","sticky":false,"template":"","format":"standard","meta":{"colormag_page_container_layout":"default_layout","colormag_page_sidebar_layout":"default_layout","om_disable_all_campaigns":false,"_monsterinsights_skip_tracking":false,"_monsterinsights_sitenote_active":false,"_monsterinsights_sitenote_note":"","_monsterinsights_sitenote_category":0,"footnotes":"","_wpscppro_dont_share_socialmedia":false,"_wpscppro_custom_social_share_image":0,"_facebook_share_type":"default","_twitter_share_type":"default","_linkedin_share_type":"default","_pinterest_share_type":"default","_linkedin_share_type_page":"","_instagram_share_type":"default","_medium_share_type":"default","_threads_share_type":"default","_google_business_share_type":"default","_selected_social_profile":[],"_wpsp_enable_custom_social_template":false,"_wpsp_social_scheduling":{"enabled":false,"datetime":null,"platforms":[],"status":"template_only","dateOption":"today","timeOption":"now","customDays":"","customHours":"","customDate":"","customTime":"","schedulingType":"absolute"},"_wpsp_active_default_template":true},"categories":[36],"tags":[],"class_list":["post-86536","post","type-post","status-publish","format-standard","has-post-thumbnail","hentry","category-culture"],"aioseo_notices":[],"yoast_head":"<!-- This site is optimized with the Yoast SEO plugin v27.4 - https:\/\/yoast.com\/product\/yoast-seo-wordpress\/ -->\n<title>Lutte contre le trafic de biens culturels et l\u2019appropriation culturelle\u00a0: Une affaire d\u2019\u00c9tat\u00a0! - La Sentinelle<\/title>\n<meta name=\"robots\" content=\"index, follow, max-snippet:-1, max-image-preview:large, max-video-preview:-1\" \/>\n<link rel=\"canonical\" href=\"https:\/\/lasentinelle.dz\/index.php\/2026\/04\/27\/lutte-contre-le-trafic-de-biens-culturels-et-lappropriation-culturelle-une-affaire-detat\/\" \/>\n<meta property=\"og:locale\" content=\"fr_FR\" \/>\n<meta property=\"og:type\" content=\"article\" \/>\n<meta property=\"og:title\" content=\"Lutte contre le trafic de biens culturels et l\u2019appropriation culturelle\u00a0: Une affaire d\u2019\u00c9tat\u00a0! - La Sentinelle\" \/>\n<meta property=\"og:description\" content=\"Deux minist\u00e8res, un accord, et derri\u00e8re lui une ambition qui d\u00e9passe le simple protocole administratif : prot\u00e9ger le patrimoine alg\u00e9rien\" \/>\n<meta property=\"og:url\" content=\"https:\/\/lasentinelle.dz\/index.php\/2026\/04\/27\/lutte-contre-le-trafic-de-biens-culturels-et-lappropriation-culturelle-une-affaire-detat\/\" \/>\n<meta property=\"og:site_name\" content=\"La Sentinelle\" \/>\n<meta property=\"article:publisher\" content=\"https:\/\/www.facebook.com\/La-Sentinelle-104059864394773\" \/>\n<meta property=\"article:published_time\" content=\"2026-04-27T18:58:02+00:00\" \/>\n<meta property=\"article:modified_time\" content=\"2026-04-27T18:58:04+00:00\" \/>\n<meta property=\"og:image\" content=\"https:\/\/lasentinelle.dz\/wp-content\/uploads\/2026\/04\/convention.jpg\" \/>\n\t<meta property=\"og:image:width\" content=\"1080\" \/>\n\t<meta property=\"og:image:height\" content=\"720\" \/>\n\t<meta property=\"og:image:type\" content=\"image\/jpeg\" \/>\n<meta name=\"author\" content=\"admin\" \/>\n<meta name=\"twitter:card\" content=\"summary_large_image\" \/>\n<meta name=\"twitter:label1\" content=\"\u00c9crit par\" \/>\n\t<meta name=\"twitter:data1\" content=\"admin\" \/>\n\t<meta name=\"twitter:label2\" content=\"Dur\u00e9e de lecture estim\u00e9e\" \/>\n\t<meta name=\"twitter:data2\" content=\"4 minutes\" \/>\n<script type=\"application\/ld+json\" class=\"yoast-schema-graph\">{\"@context\":\"https:\\\/\\\/schema.org\",\"@graph\":[{\"@type\":\"Article\",\"@id\":\"https:\\\/\\\/lasentinelle.dz\\\/index.php\\\/2026\\\/04\\\/27\\\/lutte-contre-le-trafic-de-biens-culturels-et-lappropriation-culturelle-une-affaire-detat\\\/#article\",\"isPartOf\":{\"@id\":\"https:\\\/\\\/lasentinelle.dz\\\/index.php\\\/2026\\\/04\\\/27\\\/lutte-contre-le-trafic-de-biens-culturels-et-lappropriation-culturelle-une-affaire-detat\\\/\"},\"author\":{\"name\":\"admin\",\"@id\":\"https:\\\/\\\/lasentinelle.dz\\\/#\\\/schema\\\/person\\\/729ee0024f24e0b8c5ec17232f8e8b41\"},\"headline\":\"Lutte contre le trafic de biens culturels et l\u2019appropriation culturelle\u00a0: Une affaire d\u2019\u00c9tat\u00a0!\",\"datePublished\":\"2026-04-27T18:58:02+00:00\",\"dateModified\":\"2026-04-27T18:58:04+00:00\",\"mainEntityOfPage\":{\"@id\":\"https:\\\/\\\/lasentinelle.dz\\\/index.php\\\/2026\\\/04\\\/27\\\/lutte-contre-le-trafic-de-biens-culturels-et-lappropriation-culturelle-une-affaire-detat\\\/\"},\"wordCount\":834,\"commentCount\":0,\"publisher\":{\"@id\":\"https:\\\/\\\/lasentinelle.dz\\\/#organization\"},\"image\":{\"@id\":\"https:\\\/\\\/lasentinelle.dz\\\/index.php\\\/2026\\\/04\\\/27\\\/lutte-contre-le-trafic-de-biens-culturels-et-lappropriation-culturelle-une-affaire-detat\\\/#primaryimage\"},\"thumbnailUrl\":\"https:\\\/\\\/lasentinelle.dz\\\/wp-content\\\/uploads\\\/2026\\\/04\\\/convention.jpg\",\"articleSection\":[\"Culture\"],\"inLanguage\":\"fr-FR\",\"potentialAction\":[{\"@type\":\"CommentAction\",\"name\":\"Comment\",\"target\":[\"https:\\\/\\\/lasentinelle.dz\\\/index.php\\\/2026\\\/04\\\/27\\\/lutte-contre-le-trafic-de-biens-culturels-et-lappropriation-culturelle-une-affaire-detat\\\/#respond\"]}]},{\"@type\":\"WebPage\",\"@id\":\"https:\\\/\\\/lasentinelle.dz\\\/index.php\\\/2026\\\/04\\\/27\\\/lutte-contre-le-trafic-de-biens-culturels-et-lappropriation-culturelle-une-affaire-detat\\\/\",\"url\":\"https:\\\/\\\/lasentinelle.dz\\\/index.php\\\/2026\\\/04\\\/27\\\/lutte-contre-le-trafic-de-biens-culturels-et-lappropriation-culturelle-une-affaire-detat\\\/\",\"name\":\"Lutte contre le trafic de biens culturels et l\u2019appropriation culturelle\u00a0: Une affaire d\u2019\u00c9tat\u00a0! - La Sentinelle\",\"isPartOf\":{\"@id\":\"https:\\\/\\\/lasentinelle.dz\\\/#website\"},\"primaryImageOfPage\":{\"@id\":\"https:\\\/\\\/lasentinelle.dz\\\/index.php\\\/2026\\\/04\\\/27\\\/lutte-contre-le-trafic-de-biens-culturels-et-lappropriation-culturelle-une-affaire-detat\\\/#primaryimage\"},\"image\":{\"@id\":\"https:\\\/\\\/lasentinelle.dz\\\/index.php\\\/2026\\\/04\\\/27\\\/lutte-contre-le-trafic-de-biens-culturels-et-lappropriation-culturelle-une-affaire-detat\\\/#primaryimage\"},\"thumbnailUrl\":\"https:\\\/\\\/lasentinelle.dz\\\/wp-content\\\/uploads\\\/2026\\\/04\\\/convention.jpg\",\"datePublished\":\"2026-04-27T18:58:02+00:00\",\"dateModified\":\"2026-04-27T18:58:04+00:00\",\"breadcrumb\":{\"@id\":\"https:\\\/\\\/lasentinelle.dz\\\/index.php\\\/2026\\\/04\\\/27\\\/lutte-contre-le-trafic-de-biens-culturels-et-lappropriation-culturelle-une-affaire-detat\\\/#breadcrumb\"},\"inLanguage\":\"fr-FR\",\"potentialAction\":[{\"@type\":\"ReadAction\",\"target\":[\"https:\\\/\\\/lasentinelle.dz\\\/index.php\\\/2026\\\/04\\\/27\\\/lutte-contre-le-trafic-de-biens-culturels-et-lappropriation-culturelle-une-affaire-detat\\\/\"]}]},{\"@type\":\"ImageObject\",\"inLanguage\":\"fr-FR\",\"@id\":\"https:\\\/\\\/lasentinelle.dz\\\/index.php\\\/2026\\\/04\\\/27\\\/lutte-contre-le-trafic-de-biens-culturels-et-lappropriation-culturelle-une-affaire-detat\\\/#primaryimage\",\"url\":\"https:\\\/\\\/lasentinelle.dz\\\/wp-content\\\/uploads\\\/2026\\\/04\\\/convention.jpg\",\"contentUrl\":\"https:\\\/\\\/lasentinelle.dz\\\/wp-content\\\/uploads\\\/2026\\\/04\\\/convention.jpg\",\"width\":1080,\"height\":720},{\"@type\":\"BreadcrumbList\",\"@id\":\"https:\\\/\\\/lasentinelle.dz\\\/index.php\\\/2026\\\/04\\\/27\\\/lutte-contre-le-trafic-de-biens-culturels-et-lappropriation-culturelle-une-affaire-detat\\\/#breadcrumb\",\"itemListElement\":[{\"@type\":\"ListItem\",\"position\":1,\"name\":\"Accueil\",\"item\":\"https:\\\/\\\/lasentinelle.dz\\\/\"},{\"@type\":\"ListItem\",\"position\":2,\"name\":\"Lutte contre le trafic de biens culturels et l\u2019appropriation culturelle\u00a0: Une affaire d\u2019\u00c9tat\u00a0!\"}]},{\"@type\":\"WebSite\",\"@id\":\"https:\\\/\\\/lasentinelle.dz\\\/#website\",\"url\":\"https:\\\/\\\/lasentinelle.dz\\\/\",\"name\":\"La Sentinelle\",\"description\":\"Quotidien national d&#039;information\",\"publisher\":{\"@id\":\"https:\\\/\\\/lasentinelle.dz\\\/#organization\"},\"potentialAction\":[{\"@type\":\"SearchAction\",\"target\":{\"@type\":\"EntryPoint\",\"urlTemplate\":\"https:\\\/\\\/lasentinelle.dz\\\/?s={search_term_string}\"},\"query-input\":{\"@type\":\"PropertyValueSpecification\",\"valueRequired\":true,\"valueName\":\"search_term_string\"}}],\"inLanguage\":\"fr-FR\"},{\"@type\":\"Organization\",\"@id\":\"https:\\\/\\\/lasentinelle.dz\\\/#organization\",\"name\":\"Quotidien La Sentinelle\",\"url\":\"https:\\\/\\\/lasentinelle.dz\\\/\",\"logo\":{\"@type\":\"ImageObject\",\"inLanguage\":\"fr-FR\",\"@id\":\"https:\\\/\\\/lasentinelle.dz\\\/#\\\/schema\\\/logo\\\/image\\\/\",\"url\":\"https:\\\/\\\/lasentinelle.dz\\\/wp-content\\\/uploads\\\/2021\\\/09\\\/logo-sentinelleSLOGAN-1.png\",\"contentUrl\":\"https:\\\/\\\/lasentinelle.dz\\\/wp-content\\\/uploads\\\/2021\\\/09\\\/logo-sentinelleSLOGAN-1.png\",\"width\":615,\"height\":142,\"caption\":\"Quotidien La Sentinelle\"},\"image\":{\"@id\":\"https:\\\/\\\/lasentinelle.dz\\\/#\\\/schema\\\/logo\\\/image\\\/\"},\"sameAs\":[\"https:\\\/\\\/www.facebook.com\\\/La-Sentinelle-104059864394773\"]},{\"@type\":\"Person\",\"@id\":\"https:\\\/\\\/lasentinelle.dz\\\/#\\\/schema\\\/person\\\/729ee0024f24e0b8c5ec17232f8e8b41\",\"name\":\"admin\",\"image\":{\"@type\":\"ImageObject\",\"inLanguage\":\"fr-FR\",\"@id\":\"https:\\\/\\\/secure.gravatar.com\\\/avatar\\\/4c81fed838786e9b53f540bf46533e750f5d292099ae3b66cfc6fb1982e29df7?s=96&d=mm&r=g\",\"url\":\"https:\\\/\\\/secure.gravatar.com\\\/avatar\\\/4c81fed838786e9b53f540bf46533e750f5d292099ae3b66cfc6fb1982e29df7?s=96&d=mm&r=g\",\"contentUrl\":\"https:\\\/\\\/secure.gravatar.com\\\/avatar\\\/4c81fed838786e9b53f540bf46533e750f5d292099ae3b66cfc6fb1982e29df7?s=96&d=mm&r=g\",\"caption\":\"admin\"},\"description\":\"admin\",\"url\":\"https:\\\/\\\/lasentinelle.dz\\\/author\\\/admin\\\/\"}]}<\/script>\n<!-- \/ Yoast SEO plugin. -->","yoast_head_json":{"title":"Lutte contre le trafic de biens culturels et l\u2019appropriation culturelle\u00a0: Une affaire d\u2019\u00c9tat\u00a0! - La Sentinelle","robots":{"index":"index","follow":"follow","max-snippet":"max-snippet:-1","max-image-preview":"max-image-preview:large","max-video-preview":"max-video-preview:-1"},"canonical":"https:\/\/lasentinelle.dz\/index.php\/2026\/04\/27\/lutte-contre-le-trafic-de-biens-culturels-et-lappropriation-culturelle-une-affaire-detat\/","og_locale":"fr_FR","og_type":"article","og_title":"Lutte contre le trafic de biens culturels et l\u2019appropriation culturelle\u00a0: Une affaire d\u2019\u00c9tat\u00a0! - La Sentinelle","og_description":"Deux minist\u00e8res, un accord, et derri\u00e8re lui une ambition qui d\u00e9passe le simple protocole administratif : prot\u00e9ger le patrimoine alg\u00e9rien","og_url":"https:\/\/lasentinelle.dz\/index.php\/2026\/04\/27\/lutte-contre-le-trafic-de-biens-culturels-et-lappropriation-culturelle-une-affaire-detat\/","og_site_name":"La Sentinelle","article_publisher":"https:\/\/www.facebook.com\/La-Sentinelle-104059864394773","article_published_time":"2026-04-27T18:58:02+00:00","article_modified_time":"2026-04-27T18:58:04+00:00","og_image":[{"width":1080,"height":720,"url":"https:\/\/lasentinelle.dz\/wp-content\/uploads\/2026\/04\/convention.jpg","type":"image\/jpeg"}],"author":"admin","twitter_card":"summary_large_image","twitter_misc":{"\u00c9crit par":"admin","Dur\u00e9e de lecture estim\u00e9e":"4 minutes"},"schema":{"@context":"https:\/\/schema.org","@graph":[{"@type":"Article","@id":"https:\/\/lasentinelle.dz\/index.php\/2026\/04\/27\/lutte-contre-le-trafic-de-biens-culturels-et-lappropriation-culturelle-une-affaire-detat\/#article","isPartOf":{"@id":"https:\/\/lasentinelle.dz\/index.php\/2026\/04\/27\/lutte-contre-le-trafic-de-biens-culturels-et-lappropriation-culturelle-une-affaire-detat\/"},"author":{"name":"admin","@id":"https:\/\/lasentinelle.dz\/#\/schema\/person\/729ee0024f24e0b8c5ec17232f8e8b41"},"headline":"Lutte contre le trafic de biens culturels et l\u2019appropriation culturelle\u00a0: Une affaire d\u2019\u00c9tat\u00a0!","datePublished":"2026-04-27T18:58:02+00:00","dateModified":"2026-04-27T18:58:04+00:00","mainEntityOfPage":{"@id":"https:\/\/lasentinelle.dz\/index.php\/2026\/04\/27\/lutte-contre-le-trafic-de-biens-culturels-et-lappropriation-culturelle-une-affaire-detat\/"},"wordCount":834,"commentCount":0,"publisher":{"@id":"https:\/\/lasentinelle.dz\/#organization"},"image":{"@id":"https:\/\/lasentinelle.dz\/index.php\/2026\/04\/27\/lutte-contre-le-trafic-de-biens-culturels-et-lappropriation-culturelle-une-affaire-detat\/#primaryimage"},"thumbnailUrl":"https:\/\/lasentinelle.dz\/wp-content\/uploads\/2026\/04\/convention.jpg","articleSection":["Culture"],"inLanguage":"fr-FR","potentialAction":[{"@type":"CommentAction","name":"Comment","target":["https:\/\/lasentinelle.dz\/index.php\/2026\/04\/27\/lutte-contre-le-trafic-de-biens-culturels-et-lappropriation-culturelle-une-affaire-detat\/#respond"]}]},{"@type":"WebPage","@id":"https:\/\/lasentinelle.dz\/index.php\/2026\/04\/27\/lutte-contre-le-trafic-de-biens-culturels-et-lappropriation-culturelle-une-affaire-detat\/","url":"https:\/\/lasentinelle.dz\/index.php\/2026\/04\/27\/lutte-contre-le-trafic-de-biens-culturels-et-lappropriation-culturelle-une-affaire-detat\/","name":"Lutte contre le trafic de biens culturels et l\u2019appropriation culturelle\u00a0: Une affaire d\u2019\u00c9tat\u00a0! - La Sentinelle","isPartOf":{"@id":"https:\/\/lasentinelle.dz\/#website"},"primaryImageOfPage":{"@id":"https:\/\/lasentinelle.dz\/index.php\/2026\/04\/27\/lutte-contre-le-trafic-de-biens-culturels-et-lappropriation-culturelle-une-affaire-detat\/#primaryimage"},"image":{"@id":"https:\/\/lasentinelle.dz\/index.php\/2026\/04\/27\/lutte-contre-le-trafic-de-biens-culturels-et-lappropriation-culturelle-une-affaire-detat\/#primaryimage"},"thumbnailUrl":"https:\/\/lasentinelle.dz\/wp-content\/uploads\/2026\/04\/convention.jpg","datePublished":"2026-04-27T18:58:02+00:00","dateModified":"2026-04-27T18:58:04+00:00","breadcrumb":{"@id":"https:\/\/lasentinelle.dz\/index.php\/2026\/04\/27\/lutte-contre-le-trafic-de-biens-culturels-et-lappropriation-culturelle-une-affaire-detat\/#breadcrumb"},"inLanguage":"fr-FR","potentialAction":[{"@type":"ReadAction","target":["https:\/\/lasentinelle.dz\/index.php\/2026\/04\/27\/lutte-contre-le-trafic-de-biens-culturels-et-lappropriation-culturelle-une-affaire-detat\/"]}]},{"@type":"ImageObject","inLanguage":"fr-FR","@id":"https:\/\/lasentinelle.dz\/index.php\/2026\/04\/27\/lutte-contre-le-trafic-de-biens-culturels-et-lappropriation-culturelle-une-affaire-detat\/#primaryimage","url":"https:\/\/lasentinelle.dz\/wp-content\/uploads\/2026\/04\/convention.jpg","contentUrl":"https:\/\/lasentinelle.dz\/wp-content\/uploads\/2026\/04\/convention.jpg","width":1080,"height":720},{"@type":"BreadcrumbList","@id":"https:\/\/lasentinelle.dz\/index.php\/2026\/04\/27\/lutte-contre-le-trafic-de-biens-culturels-et-lappropriation-culturelle-une-affaire-detat\/#breadcrumb","itemListElement":[{"@type":"ListItem","position":1,"name":"Accueil","item":"https:\/\/lasentinelle.dz\/"},{"@type":"ListItem","position":2,"name":"Lutte contre le trafic de biens culturels et l\u2019appropriation culturelle\u00a0: Une affaire d\u2019\u00c9tat\u00a0!"}]},{"@type":"WebSite","@id":"https:\/\/lasentinelle.dz\/#website","url":"https:\/\/lasentinelle.dz\/","name":"La Sentinelle","description":"Quotidien national d&#039;information","publisher":{"@id":"https:\/\/lasentinelle.dz\/#organization"},"potentialAction":[{"@type":"SearchAction","target":{"@type":"EntryPoint","urlTemplate":"https:\/\/lasentinelle.dz\/?s={search_term_string}"},"query-input":{"@type":"PropertyValueSpecification","valueRequired":true,"valueName":"search_term_string"}}],"inLanguage":"fr-FR"},{"@type":"Organization","@id":"https:\/\/lasentinelle.dz\/#organization","name":"Quotidien La Sentinelle","url":"https:\/\/lasentinelle.dz\/","logo":{"@type":"ImageObject","inLanguage":"fr-FR","@id":"https:\/\/lasentinelle.dz\/#\/schema\/logo\/image\/","url":"https:\/\/lasentinelle.dz\/wp-content\/uploads\/2021\/09\/logo-sentinelleSLOGAN-1.png","contentUrl":"https:\/\/lasentinelle.dz\/wp-content\/uploads\/2021\/09\/logo-sentinelleSLOGAN-1.png","width":615,"height":142,"caption":"Quotidien La Sentinelle"},"image":{"@id":"https:\/\/lasentinelle.dz\/#\/schema\/logo\/image\/"},"sameAs":["https:\/\/www.facebook.com\/La-Sentinelle-104059864394773"]},{"@type":"Person","@id":"https:\/\/lasentinelle.dz\/#\/schema\/person\/729ee0024f24e0b8c5ec17232f8e8b41","name":"admin","image":{"@type":"ImageObject","inLanguage":"fr-FR","@id":"https:\/\/secure.gravatar.com\/avatar\/4c81fed838786e9b53f540bf46533e750f5d292099ae3b66cfc6fb1982e29df7?s=96&d=mm&r=g","url":"https:\/\/secure.gravatar.com\/avatar\/4c81fed838786e9b53f540bf46533e750f5d292099ae3b66cfc6fb1982e29df7?s=96&d=mm&r=g","contentUrl":"https:\/\/secure.gravatar.com\/avatar\/4c81fed838786e9b53f540bf46533e750f5d292099ae3b66cfc6fb1982e29df7?s=96&d=mm&r=g","caption":"admin"},"description":"admin","url":"https:\/\/lasentinelle.dz\/author\/admin\/"}]}},"_links":{"self":[{"href":"https:\/\/lasentinelle.dz\/index.php\/wp-json\/wp\/v2\/posts\/86536","targetHints":{"allow":["GET"]}}],"collection":[{"href":"https:\/\/lasentinelle.dz\/index.php\/wp-json\/wp\/v2\/posts"}],"about":[{"href":"https:\/\/lasentinelle.dz\/index.php\/wp-json\/wp\/v2\/types\/post"}],"author":[{"embeddable":true,"href":"https:\/\/lasentinelle.dz\/index.php\/wp-json\/wp\/v2\/users\/6"}],"replies":[{"embeddable":true,"href":"https:\/\/lasentinelle.dz\/index.php\/wp-json\/wp\/v2\/comments?post=86536"}],"version-history":[{"count":1,"href":"https:\/\/lasentinelle.dz\/index.php\/wp-json\/wp\/v2\/posts\/86536\/revisions"}],"predecessor-version":[{"id":86538,"href":"https:\/\/lasentinelle.dz\/index.php\/wp-json\/wp\/v2\/posts\/86536\/revisions\/86538"}],"wp:featuredmedia":[{"embeddable":true,"href":"https:\/\/lasentinelle.dz\/index.php\/wp-json\/wp\/v2\/media\/86537"}],"wp:attachment":[{"href":"https:\/\/lasentinelle.dz\/index.php\/wp-json\/wp\/v2\/media?parent=86536"}],"wp:term":[{"taxonomy":"category","embeddable":true,"href":"https:\/\/lasentinelle.dz\/index.php\/wp-json\/wp\/v2\/categories?post=86536"},{"taxonomy":"post_tag","embeddable":true,"href":"https:\/\/lasentinelle.dz\/index.php\/wp-json\/wp\/v2\/tags?post=86536"}],"curies":[{"name":"wp","href":"https:\/\/api.w.org\/{rel}","templated":true}]}}