{"id":86539,"date":"2026-04-27T19:59:10","date_gmt":"2026-04-27T18:59:10","guid":{"rendered":"https:\/\/lasentinelle.dz\/?p=86539"},"modified":"2026-04-27T19:59:13","modified_gmt":"2026-04-27T18:59:13","slug":"championnats-etrangers-bensebaini-entre-dans-lhistoire-aouchiche-confirme-boualia-accroche","status":"publish","type":"post","link":"https:\/\/lasentinelle.dz\/index.php\/2026\/04\/27\/championnats-etrangers-bensebaini-entre-dans-lhistoire-aouchiche-confirme-boualia-accroche\/","title":{"rendered":"Championnats \u00e9trangers\u00a0: Benseba\u00efni entre dans l&rsquo;histoire, Aouchiche confirme, Boualia accroche"},"content":{"rendered":"\n<p>Ramy Benseba\u00efni a inscrit son nom dans les livres du football alg\u00e9rien en Allemagne. Samedi, lors de la large victoire du Borussia Dortmund face \u00e0 Fribourg (4-0), le d\u00e9fenseur de 31 ans a marqu\u00e9 de la t\u00eate \u00e0 la 31e minute pour porter \u00e0 25 son total de buts en Bundesliga depuis ao\u00fbt 2019, \u00e9galant ainsi le record qu&rsquo;avait \u00e9tabli Ishak Belfodil comme meilleur buteur alg\u00e9rien de l&rsquo;histoire du championnat allemand. Une marque que le natif de Constantine a salu\u00e9e avec sobri\u00e9t\u00e9 : \u00ab Oui, c&rsquo;est formidable. Je suis tr\u00e8s heureux de cela et j&rsquo;esp\u00e8re que nous continuerons \u00e0 encha\u00eener les victoires lors des matchs restants. \u00bb La performance de Benseba\u00efni va bien au-del\u00e0 du seul record. Dans une rencontre qui voyait Dortmund sortir de deux d\u00e9faites cons\u00e9cutives, le lat\u00e9ral gauche a \u00e9t\u00e9 l&rsquo;homme du match de bout en bout, nott\u00e9 9.3 par les observateurs. Il avait d&rsquo;abord d\u00e9livr\u00e9 le centre de l&rsquo;ouverture du score de Beier en d\u00e9but de partie avant de plonger la t\u00eate pour inscrire le troisi\u00e8me but des siens. Belfodil, lui, avait compil\u00e9 ses 25 r\u00e9alisations sous les couleurs du Werder Br\u00eame, d&rsquo;Hoffenheim et de Hertha Berlin entre 2017 et 2022. Benseba\u00efni, d\u00e9fenseur de m\u00e9tier reconverti en poison des surfaces adverses, a fait mieux \u2014 ou autant \u2014 avec un profil radicalement diff\u00e9rent. Sur la saison en cours, il affiche 7 buts et 3 passes d\u00e9cisives en 32 matchs, toutes comp\u00e9titions confondues. Cette victoire a surtout une valeur strat\u00e9gique pour le Borussia Dortmund. Avec 67 points et dix longueurs d&rsquo;avance sur Stuttgart et Hoffenheim, qui se partagent la quatri\u00e8me place \u00e0 57 points chacun, le club de la Ruhr ne peut plus manquer le top 4 et s&rsquo;est math\u00e9matiquement assur\u00e9 de disputer la prochaine Ligue des champions. Les trois derni\u00e8res journ\u00e9es \u2014 \u00e0 M\u00f6nchengladbach le 3 mai, puis la r\u00e9ception de l&rsquo;Eintracht Francfort de l&rsquo;Alg\u00e9rien Far\u00e8s Cha\u00efbi le 8 mai, avant le d\u00e9placement final \u00e0 Werder Br\u00eame le 16 \u2014 se joueront donc en terrain conquis.<\/p>\n\n\n\n<p>Un \u00e9tage en dessous, en 2. Bundesliga, Adil Aouchiche a lui aussi pes\u00e9 sur son championnat. Le n\u00e9o-international alg\u00e9rien de Schalke 04, titulaire dimanche \u00e0 Paderborn, a inscrit le deuxi\u00e8me but de son \u00e9quipe peu avant la pause (40e) dans un match d\u00e9cisif au sommet du classement, remport\u00e9 3-2. Avec cette quatri\u00e8me victoire cons\u00e9cutive, Schalke consolide sa premi\u00e8re place avec 64 points, six longueurs devant Paderborn, \u00e0 trois journ\u00e9es du terme. Seuls les deux premiers acc\u00e8dent directement \u00e0 l&rsquo;\u00e9lite. \u00c0 23 ans, Aouchiche totalisait dimanche 5 buts et 4 passes d\u00e9cisives en 41 matchs cette saison. Sa mont\u00e9e en r\u00e9gime co\u00efncide avec ses premiers pas en \u00e9quipe nationale, lors du rassemblement de mars en Italie face au Guatemala (7-0) et \u00e0 l&rsquo;Uruguay (0-0). En Tunisie, Kouceila Boualia a lui inscrit son dixi\u00e8me but de la saison pour l&rsquo;Esp\u00e9rance Sportive de Tunis, dimanche face au CA Bizertin (1-1). L&rsquo;ailier alg\u00e9rien de 25 ans avait ouvert le score \u00e0 la 51e minute avant que Chihi n&rsquo;\u00e9galise cinq minutes plus tard. Ce nul a co\u00fbt\u00e9 cher \u00e0 l&rsquo;EST, d\u00e9pass\u00e9e au classement par le Club Africain, vainqueur dans le m\u00eame temps. L&rsquo;Esp\u00e9rance glisse \u00e0 la deuxi\u00e8me place avec 56 points, \u00e0 deux longueurs du nouveau leader (58 pts), \u00e0 quatre journ\u00e9es de la fin. Pour Boualia, arriv\u00e9 de la JS Kabylie l&rsquo;\u00e9t\u00e9 dernier avec un contrat de quatre saisons, le bilan personnel reste solide \u2014 dix buts et une passe d\u00e9cisive en 31 apparitions \u2014 mais le calendrier laisse peu de marge pour la remont\u00e9e.<\/p>\n\n\n\n<p><em>M.D.<\/em><\/p>\n","protected":false},"excerpt":{"rendered":"<p>Ramy Benseba\u00efni a inscrit son nom dans les livres du football alg\u00e9rien en Allemagne. Samedi, lors de la large victoire<\/p>\n","protected":false},"author":6,"featured_media":81853,"comment_status":"open","ping_status":"closed","sticky":false,"template":"","format":"standard","meta":{"colormag_page_container_layout":"default_layout","colormag_page_sidebar_layout":"default_layout","om_disable_all_campaigns":false,"_monsterinsights_skip_tracking":false,"_monsterinsights_sitenote_active":false,"_monsterinsights_sitenote_note":"","_monsterinsights_sitenote_category":0,"footnotes":"","_wpscppro_dont_share_socialmedia":false,"_wpscppro_custom_social_share_image":0,"_facebook_share_type":"default","_twitter_share_type":"default","_linkedin_share_type":"default","_pinterest_share_type":"default","_linkedin_share_type_page":"","_instagram_share_type":"default","_medium_share_type":"default","_threads_share_type":"default","_google_business_share_type":"default","_selected_social_profile":[],"_wpsp_enable_custom_social_template":false,"_wpsp_social_scheduling":{"enabled":false,"datetime":null,"platforms":[],"status":"template_only","dateOption":"today","timeOption":"now","customDays":"","customHours":"","customDate":"","customTime":"","schedulingType":"absolute"},"_wpsp_active_default_template":true},"categories":[33],"tags":[],"class_list":["post-86539","post","type-post","status-publish","format-standard","has-post-thumbnail","hentry","category-sports"],"aioseo_notices":[],"yoast_head":"<!-- This site is optimized with the Yoast SEO plugin v27.4 - https:\/\/yoast.com\/product\/yoast-seo-wordpress\/ -->\n<title>Championnats \u00e9trangers\u00a0: Benseba\u00efni entre dans l&rsquo;histoire, Aouchiche confirme, Boualia accroche - La Sentinelle<\/title>\n<meta name=\"robots\" content=\"index, follow, max-snippet:-1, max-image-preview:large, max-video-preview:-1\" \/>\n<link rel=\"canonical\" href=\"https:\/\/lasentinelle.dz\/index.php\/2026\/04\/27\/championnats-etrangers-bensebaini-entre-dans-lhistoire-aouchiche-confirme-boualia-accroche\/\" \/>\n<meta property=\"og:locale\" content=\"fr_FR\" \/>\n<meta property=\"og:type\" content=\"article\" \/>\n<meta property=\"og:title\" content=\"Championnats \u00e9trangers\u00a0: Benseba\u00efni entre dans l&rsquo;histoire, Aouchiche confirme, Boualia accroche - La Sentinelle\" \/>\n<meta property=\"og:description\" content=\"Ramy Benseba\u00efni a inscrit son nom dans les livres du football alg\u00e9rien en Allemagne. Samedi, lors de la large victoire\" \/>\n<meta property=\"og:url\" content=\"https:\/\/lasentinelle.dz\/index.php\/2026\/04\/27\/championnats-etrangers-bensebaini-entre-dans-lhistoire-aouchiche-confirme-boualia-accroche\/\" \/>\n<meta property=\"og:site_name\" content=\"La Sentinelle\" \/>\n<meta property=\"article:publisher\" content=\"https:\/\/www.facebook.com\/La-Sentinelle-104059864394773\" \/>\n<meta property=\"article:published_time\" content=\"2026-04-27T18:59:10+00:00\" \/>\n<meta property=\"article:modified_time\" content=\"2026-04-27T18:59:13+00:00\" \/>\n<meta property=\"og:image\" content=\"https:\/\/lasentinelle.dz\/wp-content\/uploads\/2026\/02\/bensebaini.jpg\" \/>\n\t<meta property=\"og:image:width\" content=\"2048\" \/>\n\t<meta property=\"og:image:height\" content=\"1150\" \/>\n\t<meta property=\"og:image:type\" content=\"image\/jpeg\" \/>\n<meta name=\"author\" content=\"admin\" \/>\n<meta name=\"twitter:card\" content=\"summary_large_image\" \/>\n<meta name=\"twitter:label1\" content=\"\u00c9crit par\" \/>\n\t<meta name=\"twitter:data1\" content=\"admin\" \/>\n\t<meta name=\"twitter:label2\" content=\"Dur\u00e9e de lecture estim\u00e9e\" \/>\n\t<meta name=\"twitter:data2\" content=\"4 minutes\" \/>\n<script type=\"application\/ld+json\" class=\"yoast-schema-graph\">{\"@context\":\"https:\\\/\\\/schema.org\",\"@graph\":[{\"@type\":\"Article\",\"@id\":\"https:\\\/\\\/lasentinelle.dz\\\/index.php\\\/2026\\\/04\\\/27\\\/championnats-etrangers-bensebaini-entre-dans-lhistoire-aouchiche-confirme-boualia-accroche\\\/#article\",\"isPartOf\":{\"@id\":\"https:\\\/\\\/lasentinelle.dz\\\/index.php\\\/2026\\\/04\\\/27\\\/championnats-etrangers-bensebaini-entre-dans-lhistoire-aouchiche-confirme-boualia-accroche\\\/\"},\"author\":{\"name\":\"admin\",\"@id\":\"https:\\\/\\\/lasentinelle.dz\\\/#\\\/schema\\\/person\\\/729ee0024f24e0b8c5ec17232f8e8b41\"},\"headline\":\"Championnats \u00e9trangers\u00a0: Benseba\u00efni entre dans l&rsquo;histoire, Aouchiche confirme, Boualia accroche\",\"datePublished\":\"2026-04-27T18:59:10+00:00\",\"dateModified\":\"2026-04-27T18:59:13+00:00\",\"mainEntityOfPage\":{\"@id\":\"https:\\\/\\\/lasentinelle.dz\\\/index.php\\\/2026\\\/04\\\/27\\\/championnats-etrangers-bensebaini-entre-dans-lhistoire-aouchiche-confirme-boualia-accroche\\\/\"},\"wordCount\":627,\"commentCount\":0,\"publisher\":{\"@id\":\"https:\\\/\\\/lasentinelle.dz\\\/#organization\"},\"image\":{\"@id\":\"https:\\\/\\\/lasentinelle.dz\\\/index.php\\\/2026\\\/04\\\/27\\\/championnats-etrangers-bensebaini-entre-dans-lhistoire-aouchiche-confirme-boualia-accroche\\\/#primaryimage\"},\"thumbnailUrl\":\"https:\\\/\\\/lasentinelle.dz\\\/wp-content\\\/uploads\\\/2026\\\/02\\\/bensebaini.jpg\",\"articleSection\":[\"Sports\"],\"inLanguage\":\"fr-FR\",\"potentialAction\":[{\"@type\":\"CommentAction\",\"name\":\"Comment\",\"target\":[\"https:\\\/\\\/lasentinelle.dz\\\/index.php\\\/2026\\\/04\\\/27\\\/championnats-etrangers-bensebaini-entre-dans-lhistoire-aouchiche-confirme-boualia-accroche\\\/#respond\"]}]},{\"@type\":\"WebPage\",\"@id\":\"https:\\\/\\\/lasentinelle.dz\\\/index.php\\\/2026\\\/04\\\/27\\\/championnats-etrangers-bensebaini-entre-dans-lhistoire-aouchiche-confirme-boualia-accroche\\\/\",\"url\":\"https:\\\/\\\/lasentinelle.dz\\\/index.php\\\/2026\\\/04\\\/27\\\/championnats-etrangers-bensebaini-entre-dans-lhistoire-aouchiche-confirme-boualia-accroche\\\/\",\"name\":\"Championnats \u00e9trangers\u00a0: Benseba\u00efni entre dans l&rsquo;histoire, Aouchiche confirme, Boualia accroche - La Sentinelle\",\"isPartOf\":{\"@id\":\"https:\\\/\\\/lasentinelle.dz\\\/#website\"},\"primaryImageOfPage\":{\"@id\":\"https:\\\/\\\/lasentinelle.dz\\\/index.php\\\/2026\\\/04\\\/27\\\/championnats-etrangers-bensebaini-entre-dans-lhistoire-aouchiche-confirme-boualia-accroche\\\/#primaryimage\"},\"image\":{\"@id\":\"https:\\\/\\\/lasentinelle.dz\\\/index.php\\\/2026\\\/04\\\/27\\\/championnats-etrangers-bensebaini-entre-dans-lhistoire-aouchiche-confirme-boualia-accroche\\\/#primaryimage\"},\"thumbnailUrl\":\"https:\\\/\\\/lasentinelle.dz\\\/wp-content\\\/uploads\\\/2026\\\/02\\\/bensebaini.jpg\",\"datePublished\":\"2026-04-27T18:59:10+00:00\",\"dateModified\":\"2026-04-27T18:59:13+00:00\",\"breadcrumb\":{\"@id\":\"https:\\\/\\\/lasentinelle.dz\\\/index.php\\\/2026\\\/04\\\/27\\\/championnats-etrangers-bensebaini-entre-dans-lhistoire-aouchiche-confirme-boualia-accroche\\\/#breadcrumb\"},\"inLanguage\":\"fr-FR\",\"potentialAction\":[{\"@type\":\"ReadAction\",\"target\":[\"https:\\\/\\\/lasentinelle.dz\\\/index.php\\\/2026\\\/04\\\/27\\\/championnats-etrangers-bensebaini-entre-dans-lhistoire-aouchiche-confirme-boualia-accroche\\\/\"]}]},{\"@type\":\"ImageObject\",\"inLanguage\":\"fr-FR\",\"@id\":\"https:\\\/\\\/lasentinelle.dz\\\/index.php\\\/2026\\\/04\\\/27\\\/championnats-etrangers-bensebaini-entre-dans-lhistoire-aouchiche-confirme-boualia-accroche\\\/#primaryimage\",\"url\":\"https:\\\/\\\/lasentinelle.dz\\\/wp-content\\\/uploads\\\/2026\\\/02\\\/bensebaini.jpg\",\"contentUrl\":\"https:\\\/\\\/lasentinelle.dz\\\/wp-content\\\/uploads\\\/2026\\\/02\\\/bensebaini.jpg\",\"width\":2048,\"height\":1150},{\"@type\":\"BreadcrumbList\",\"@id\":\"https:\\\/\\\/lasentinelle.dz\\\/index.php\\\/2026\\\/04\\\/27\\\/championnats-etrangers-bensebaini-entre-dans-lhistoire-aouchiche-confirme-boualia-accroche\\\/#breadcrumb\",\"itemListElement\":[{\"@type\":\"ListItem\",\"position\":1,\"name\":\"Accueil\",\"item\":\"https:\\\/\\\/lasentinelle.dz\\\/\"},{\"@type\":\"ListItem\",\"position\":2,\"name\":\"Championnats \u00e9trangers\u00a0: Benseba\u00efni entre dans l&rsquo;histoire, Aouchiche confirme, Boualia accroche\"}]},{\"@type\":\"WebSite\",\"@id\":\"https:\\\/\\\/lasentinelle.dz\\\/#website\",\"url\":\"https:\\\/\\\/lasentinelle.dz\\\/\",\"name\":\"La Sentinelle\",\"description\":\"Quotidien national d&#039;information\",\"publisher\":{\"@id\":\"https:\\\/\\\/lasentinelle.dz\\\/#organization\"},\"potentialAction\":[{\"@type\":\"SearchAction\",\"target\":{\"@type\":\"EntryPoint\",\"urlTemplate\":\"https:\\\/\\\/lasentinelle.dz\\\/?s={search_term_string}\"},\"query-input\":{\"@type\":\"PropertyValueSpecification\",\"valueRequired\":true,\"valueName\":\"search_term_string\"}}],\"inLanguage\":\"fr-FR\"},{\"@type\":\"Organization\",\"@id\":\"https:\\\/\\\/lasentinelle.dz\\\/#organization\",\"name\":\"Quotidien La Sentinelle\",\"url\":\"https:\\\/\\\/lasentinelle.dz\\\/\",\"logo\":{\"@type\":\"ImageObject\",\"inLanguage\":\"fr-FR\",\"@id\":\"https:\\\/\\\/lasentinelle.dz\\\/#\\\/schema\\\/logo\\\/image\\\/\",\"url\":\"https:\\\/\\\/lasentinelle.dz\\\/wp-content\\\/uploads\\\/2021\\\/09\\\/logo-sentinelleSLOGAN-1.png\",\"contentUrl\":\"https:\\\/\\\/lasentinelle.dz\\\/wp-content\\\/uploads\\\/2021\\\/09\\\/logo-sentinelleSLOGAN-1.png\",\"width\":615,\"height\":142,\"caption\":\"Quotidien La Sentinelle\"},\"image\":{\"@id\":\"https:\\\/\\\/lasentinelle.dz\\\/#\\\/schema\\\/logo\\\/image\\\/\"},\"sameAs\":[\"https:\\\/\\\/www.facebook.com\\\/La-Sentinelle-104059864394773\"]},{\"@type\":\"Person\",\"@id\":\"https:\\\/\\\/lasentinelle.dz\\\/#\\\/schema\\\/person\\\/729ee0024f24e0b8c5ec17232f8e8b41\",\"name\":\"admin\",\"image\":{\"@type\":\"ImageObject\",\"inLanguage\":\"fr-FR\",\"@id\":\"https:\\\/\\\/secure.gravatar.com\\\/avatar\\\/4c81fed838786e9b53f540bf46533e750f5d292099ae3b66cfc6fb1982e29df7?s=96&d=mm&r=g\",\"url\":\"https:\\\/\\\/secure.gravatar.com\\\/avatar\\\/4c81fed838786e9b53f540bf46533e750f5d292099ae3b66cfc6fb1982e29df7?s=96&d=mm&r=g\",\"contentUrl\":\"https:\\\/\\\/secure.gravatar.com\\\/avatar\\\/4c81fed838786e9b53f540bf46533e750f5d292099ae3b66cfc6fb1982e29df7?s=96&d=mm&r=g\",\"caption\":\"admin\"},\"description\":\"admin\",\"url\":\"https:\\\/\\\/lasentinelle.dz\\\/author\\\/admin\\\/\"}]}<\/script>\n<!-- \/ Yoast SEO plugin. -->","yoast_head_json":{"title":"Championnats \u00e9trangers\u00a0: Benseba\u00efni entre dans l&rsquo;histoire, Aouchiche confirme, Boualia accroche - La Sentinelle","robots":{"index":"index","follow":"follow","max-snippet":"max-snippet:-1","max-image-preview":"max-image-preview:large","max-video-preview":"max-video-preview:-1"},"canonical":"https:\/\/lasentinelle.dz\/index.php\/2026\/04\/27\/championnats-etrangers-bensebaini-entre-dans-lhistoire-aouchiche-confirme-boualia-accroche\/","og_locale":"fr_FR","og_type":"article","og_title":"Championnats \u00e9trangers\u00a0: Benseba\u00efni entre dans l&rsquo;histoire, Aouchiche confirme, Boualia accroche - La Sentinelle","og_description":"Ramy Benseba\u00efni a inscrit son nom dans les livres du football alg\u00e9rien en Allemagne. Samedi, lors de la large victoire","og_url":"https:\/\/lasentinelle.dz\/index.php\/2026\/04\/27\/championnats-etrangers-bensebaini-entre-dans-lhistoire-aouchiche-confirme-boualia-accroche\/","og_site_name":"La Sentinelle","article_publisher":"https:\/\/www.facebook.com\/La-Sentinelle-104059864394773","article_published_time":"2026-04-27T18:59:10+00:00","article_modified_time":"2026-04-27T18:59:13+00:00","og_image":[{"width":2048,"height":1150,"url":"https:\/\/lasentinelle.dz\/wp-content\/uploads\/2026\/02\/bensebaini.jpg","type":"image\/jpeg"}],"author":"admin","twitter_card":"summary_large_image","twitter_misc":{"\u00c9crit par":"admin","Dur\u00e9e de lecture estim\u00e9e":"4 minutes"},"schema":{"@context":"https:\/\/schema.org","@graph":[{"@type":"Article","@id":"https:\/\/lasentinelle.dz\/index.php\/2026\/04\/27\/championnats-etrangers-bensebaini-entre-dans-lhistoire-aouchiche-confirme-boualia-accroche\/#article","isPartOf":{"@id":"https:\/\/lasentinelle.dz\/index.php\/2026\/04\/27\/championnats-etrangers-bensebaini-entre-dans-lhistoire-aouchiche-confirme-boualia-accroche\/"},"author":{"name":"admin","@id":"https:\/\/lasentinelle.dz\/#\/schema\/person\/729ee0024f24e0b8c5ec17232f8e8b41"},"headline":"Championnats \u00e9trangers\u00a0: Benseba\u00efni entre dans l&rsquo;histoire, Aouchiche confirme, Boualia accroche","datePublished":"2026-04-27T18:59:10+00:00","dateModified":"2026-04-27T18:59:13+00:00","mainEntityOfPage":{"@id":"https:\/\/lasentinelle.dz\/index.php\/2026\/04\/27\/championnats-etrangers-bensebaini-entre-dans-lhistoire-aouchiche-confirme-boualia-accroche\/"},"wordCount":627,"commentCount":0,"publisher":{"@id":"https:\/\/lasentinelle.dz\/#organization"},"image":{"@id":"https:\/\/lasentinelle.dz\/index.php\/2026\/04\/27\/championnats-etrangers-bensebaini-entre-dans-lhistoire-aouchiche-confirme-boualia-accroche\/#primaryimage"},"thumbnailUrl":"https:\/\/lasentinelle.dz\/wp-content\/uploads\/2026\/02\/bensebaini.jpg","articleSection":["Sports"],"inLanguage":"fr-FR","potentialAction":[{"@type":"CommentAction","name":"Comment","target":["https:\/\/lasentinelle.dz\/index.php\/2026\/04\/27\/championnats-etrangers-bensebaini-entre-dans-lhistoire-aouchiche-confirme-boualia-accroche\/#respond"]}]},{"@type":"WebPage","@id":"https:\/\/lasentinelle.dz\/index.php\/2026\/04\/27\/championnats-etrangers-bensebaini-entre-dans-lhistoire-aouchiche-confirme-boualia-accroche\/","url":"https:\/\/lasentinelle.dz\/index.php\/2026\/04\/27\/championnats-etrangers-bensebaini-entre-dans-lhistoire-aouchiche-confirme-boualia-accroche\/","name":"Championnats \u00e9trangers\u00a0: Benseba\u00efni entre dans l&rsquo;histoire, Aouchiche confirme, Boualia accroche - La Sentinelle","isPartOf":{"@id":"https:\/\/lasentinelle.dz\/#website"},"primaryImageOfPage":{"@id":"https:\/\/lasentinelle.dz\/index.php\/2026\/04\/27\/championnats-etrangers-bensebaini-entre-dans-lhistoire-aouchiche-confirme-boualia-accroche\/#primaryimage"},"image":{"@id":"https:\/\/lasentinelle.dz\/index.php\/2026\/04\/27\/championnats-etrangers-bensebaini-entre-dans-lhistoire-aouchiche-confirme-boualia-accroche\/#primaryimage"},"thumbnailUrl":"https:\/\/lasentinelle.dz\/wp-content\/uploads\/2026\/02\/bensebaini.jpg","datePublished":"2026-04-27T18:59:10+00:00","dateModified":"2026-04-27T18:59:13+00:00","breadcrumb":{"@id":"https:\/\/lasentinelle.dz\/index.php\/2026\/04\/27\/championnats-etrangers-bensebaini-entre-dans-lhistoire-aouchiche-confirme-boualia-accroche\/#breadcrumb"},"inLanguage":"fr-FR","potentialAction":[{"@type":"ReadAction","target":["https:\/\/lasentinelle.dz\/index.php\/2026\/04\/27\/championnats-etrangers-bensebaini-entre-dans-lhistoire-aouchiche-confirme-boualia-accroche\/"]}]},{"@type":"ImageObject","inLanguage":"fr-FR","@id":"https:\/\/lasentinelle.dz\/index.php\/2026\/04\/27\/championnats-etrangers-bensebaini-entre-dans-lhistoire-aouchiche-confirme-boualia-accroche\/#primaryimage","url":"https:\/\/lasentinelle.dz\/wp-content\/uploads\/2026\/02\/bensebaini.jpg","contentUrl":"https:\/\/lasentinelle.dz\/wp-content\/uploads\/2026\/02\/bensebaini.jpg","width":2048,"height":1150},{"@type":"BreadcrumbList","@id":"https:\/\/lasentinelle.dz\/index.php\/2026\/04\/27\/championnats-etrangers-bensebaini-entre-dans-lhistoire-aouchiche-confirme-boualia-accroche\/#breadcrumb","itemListElement":[{"@type":"ListItem","position":1,"name":"Accueil","item":"https:\/\/lasentinelle.dz\/"},{"@type":"ListItem","position":2,"name":"Championnats \u00e9trangers\u00a0: Benseba\u00efni entre dans l&rsquo;histoire, Aouchiche confirme, Boualia accroche"}]},{"@type":"WebSite","@id":"https:\/\/lasentinelle.dz\/#website","url":"https:\/\/lasentinelle.dz\/","name":"La Sentinelle","description":"Quotidien national d&#039;information","publisher":{"@id":"https:\/\/lasentinelle.dz\/#organization"},"potentialAction":[{"@type":"SearchAction","target":{"@type":"EntryPoint","urlTemplate":"https:\/\/lasentinelle.dz\/?s={search_term_string}"},"query-input":{"@type":"PropertyValueSpecification","valueRequired":true,"valueName":"search_term_string"}}],"inLanguage":"fr-FR"},{"@type":"Organization","@id":"https:\/\/lasentinelle.dz\/#organization","name":"Quotidien La Sentinelle","url":"https:\/\/lasentinelle.dz\/","logo":{"@type":"ImageObject","inLanguage":"fr-FR","@id":"https:\/\/lasentinelle.dz\/#\/schema\/logo\/image\/","url":"https:\/\/lasentinelle.dz\/wp-content\/uploads\/2021\/09\/logo-sentinelleSLOGAN-1.png","contentUrl":"https:\/\/lasentinelle.dz\/wp-content\/uploads\/2021\/09\/logo-sentinelleSLOGAN-1.png","width":615,"height":142,"caption":"Quotidien La Sentinelle"},"image":{"@id":"https:\/\/lasentinelle.dz\/#\/schema\/logo\/image\/"},"sameAs":["https:\/\/www.facebook.com\/La-Sentinelle-104059864394773"]},{"@type":"Person","@id":"https:\/\/lasentinelle.dz\/#\/schema\/person\/729ee0024f24e0b8c5ec17232f8e8b41","name":"admin","image":{"@type":"ImageObject","inLanguage":"fr-FR","@id":"https:\/\/secure.gravatar.com\/avatar\/4c81fed838786e9b53f540bf46533e750f5d292099ae3b66cfc6fb1982e29df7?s=96&d=mm&r=g","url":"https:\/\/secure.gravatar.com\/avatar\/4c81fed838786e9b53f540bf46533e750f5d292099ae3b66cfc6fb1982e29df7?s=96&d=mm&r=g","contentUrl":"https:\/\/secure.gravatar.com\/avatar\/4c81fed838786e9b53f540bf46533e750f5d292099ae3b66cfc6fb1982e29df7?s=96&d=mm&r=g","caption":"admin"},"description":"admin","url":"https:\/\/lasentinelle.dz\/author\/admin\/"}]}},"_links":{"self":[{"href":"https:\/\/lasentinelle.dz\/index.php\/wp-json\/wp\/v2\/posts\/86539","targetHints":{"allow":["GET"]}}],"collection":[{"href":"https:\/\/lasentinelle.dz\/index.php\/wp-json\/wp\/v2\/posts"}],"about":[{"href":"https:\/\/lasentinelle.dz\/index.php\/wp-json\/wp\/v2\/types\/post"}],"author":[{"embeddable":true,"href":"https:\/\/lasentinelle.dz\/index.php\/wp-json\/wp\/v2\/users\/6"}],"replies":[{"embeddable":true,"href":"https:\/\/lasentinelle.dz\/index.php\/wp-json\/wp\/v2\/comments?post=86539"}],"version-history":[{"count":2,"href":"https:\/\/lasentinelle.dz\/index.php\/wp-json\/wp\/v2\/posts\/86539\/revisions"}],"predecessor-version":[{"id":86541,"href":"https:\/\/lasentinelle.dz\/index.php\/wp-json\/wp\/v2\/posts\/86539\/revisions\/86541"}],"wp:featuredmedia":[{"embeddable":true,"href":"https:\/\/lasentinelle.dz\/index.php\/wp-json\/wp\/v2\/media\/81853"}],"wp:attachment":[{"href":"https:\/\/lasentinelle.dz\/index.php\/wp-json\/wp\/v2\/media?parent=86539"}],"wp:term":[{"taxonomy":"category","embeddable":true,"href":"https:\/\/lasentinelle.dz\/index.php\/wp-json\/wp\/v2\/categories?post=86539"},{"taxonomy":"post_tag","embeddable":true,"href":"https:\/\/lasentinelle.dz\/index.php\/wp-json\/wp\/v2\/tags?post=86539"}],"curies":[{"name":"wp","href":"https:\/\/api.w.org\/{rel}","templated":true}]}}