{"id":86545,"date":"2026-04-27T20:02:28","date_gmt":"2026-04-27T19:02:28","guid":{"rendered":"https:\/\/lasentinelle.dz\/?p=86545"},"modified":"2026-04-27T20:02:30","modified_gmt":"2026-04-27T19:02:30","slug":"tour-dalgerie-cycliste-2026-riski-dimas-fadilah-sacre","status":"publish","type":"post","link":"https:\/\/lasentinelle.dz\/index.php\/2026\/04\/27\/tour-dalgerie-cycliste-2026-riski-dimas-fadilah-sacre\/","title":{"rendered":"Tour d\u2019Alg\u00e9rie Cycliste 2026\u00a0: Riski Dimas Fadilah sacr\u00e9"},"content":{"rendered":"\n<p><em>Au terme d&rsquo;une dixi\u00e8me et derni\u00e8re \u00e9tape boucl\u00e9e sous le soleil de Kabylie, le cycliste indon\u00e9sien Riski Dimas Fadilah a enfil\u00e9 le maillot jaune de la 26e \u00e9dition du Tour d&rsquo;Alg\u00e9rie international. Un sacre qui couronne dix \u00e9tapes et pr\u00e8s de 1 700 kilom\u00e8tres d&rsquo;une course qui a tenu toutes ses promesses.<\/em> C&rsquo;est \u00e0 Tizi-Ouzou, dimanche 26 avril, que le rideau est tomb\u00e9 sur le Tour d&rsquo;Alg\u00e9rie cycliste 2026. Et c&rsquo;est un Indon\u00e9sien qui l&rsquo;a emport\u00e9. Riski Dimas Fadilah, coureur de l&rsquo;\u00e9quipe Jakarta Pro Cycling, a \u00e9t\u00e9 sacr\u00e9 champion de la 26e \u00e9dition du TAC au terme d&rsquo;un parcours de dix \u00e9tapes couvrant 1 697,7 kilom\u00e8tres \u00e0 travers le territoire alg\u00e9rien. Un triomphe individuel qui confirme la dimension v\u00e9ritablement internationale d&rsquo;une \u00e9preuve qui attire d\u00e9sormais des formations et des talents venus des quatre coins du monde. La derni\u00e8re \u00e9tape, trac\u00e9e entre Alger et Tizi-Ouzou via Boumerd\u00e8s sur 103 kilom\u00e8tres, a offert un final spectaculaire sous le regard d&rsquo;un public venu en nombre saluer les coureurs. Ce sont toutefois les sprinters qui ont eu le dernier mot au classement du jour : le Belge Yorben Lauryssen, sous les couleurs de l&rsquo;\u00e9quipe Tarteletto-Isorex, a coup\u00e9 la ligne en vainqueur d&rsquo;\u00e9tape, s&rsquo;offrant ainsi un succ\u00e8s personnel au moment o\u00f9 Fadilah assurait tranquillement son classement g\u00e9n\u00e9ral pour s&rsquo;adjuger la victoire finale au pointage du temps cumul\u00e9. Si la victoire au g\u00e9n\u00e9ral est revenue \u00e0 Jakarta Pro Cycling, les couleurs alg\u00e9riennes n&rsquo;ont pas \u00e9t\u00e9 en reste dans ce palmar\u00e8s de cl\u00f4ture. Mansouri Hamza et Hamza Yacine, tous deux membres de l&rsquo;\u00e9quipe nationale Madar Pro-Team, ont d\u00e9croch\u00e9 respectivement le maillot orange du coureur le plus combatif et la r\u00e9compense du meilleur cycliste alg\u00e9rien du tour. Des distinctions qui traduisent l&rsquo;engagement et la progression des coureurs locaux face \u00e0 une concurrence internationale de plus en plus \u00e9toff\u00e9e, et qui apportent une touche de fiert\u00e9 nationale \u00e0 une \u00e9dition domin\u00e9e sur le plan g\u00e9n\u00e9ral par des \u00e9quipes \u00e9trang\u00e8res.<\/p>\n\n\n\n<p>La 26e \u00e9dition s&rsquo;est d\u00e9roul\u00e9e sous la supervision d&rsquo;un jury international pr\u00e9sid\u00e9 par l&rsquo;Espagnol Jorge Gual Martinez, garantissant ainsi \u00e0 l&rsquo;\u00e9preuve une cr\u00e9dibilit\u00e9 et une conformit\u00e9 aux standards UCI qui en font l&rsquo;une des courses africaines les plus respect\u00e9es du calendrier continental. Dix \u00e9tapes, dix journ\u00e9es de course, des centaines de kilom\u00e8tres traversant des paysages aussi vari\u00e9s que les plaines du Tell, les reliefs du Djurdjura et les art\u00e8res des grandes villes du pays : le TAC 2026 aura propos\u00e9 un plateau \u00e0 la hauteur de son rang. Au moment de clore cette \u00e9dition, le pr\u00e9sident de la F\u00e9d\u00e9ration alg\u00e9rienne de cyclisme, Kheireddine Barbari, a salu\u00e9 \u00ab l&rsquo;organisation r\u00e9ussie de cette 26e \u00e9dition \u00bb tout en soulignant les performances des coureurs alg\u00e9riens. Il a surtout lev\u00e9 le voile sur un chantier qui conditionne l&rsquo;avenir de la discipline dans le pays : la FAC travaille actuellement, en collaboration avec le minist\u00e8re des Sports, \u00e0 l&rsquo;acquisition de v\u00e9los d&rsquo;initiation destin\u00e9s \u00e0 relancer le cyclisme \u00e0 la base, au niveau national. Un signal fort qui indique que la f\u00e9d\u00e9ration ne se contente plus d&rsquo;organiser, mais entend d\u00e9sormais construire, sur le long terme, les conditions d&rsquo;une \u00e9mergence de talents alg\u00e9riens capables de rivaliser avec les meilleurs dans les prochaines \u00e9ditions du tour qu&rsquo;ils accueillent chaque ann\u00e9e sur leur propre sol.<\/p>\n\n\n\n<p>Car c&rsquo;est bien l\u00e0 tout l&rsquo;enjeu pour le cyclisme alg\u00e9rien : transformer l&rsquo;\u00e9lan de ce Tour d&rsquo;Alg\u00e9rie, vitrine internationale, en tremplin pour une g\u00e9n\u00e9ration de coureurs locaux. Riski Dimas Fadilah repart avec le maillot jaune. L&rsquo;Alg\u00e9rie, elle, garde la course. Et l&rsquo;ambition.<\/p>\n\n\n\n<p>M.D.<\/p>\n","protected":false},"excerpt":{"rendered":"<p>Au terme d&rsquo;une dixi\u00e8me et derni\u00e8re \u00e9tape boucl\u00e9e sous le soleil de Kabylie, le cycliste indon\u00e9sien Riski Dimas Fadilah a<\/p>\n","protected":false},"author":6,"featured_media":86546,"comment_status":"open","ping_status":"closed","sticky":false,"template":"","format":"standard","meta":{"colormag_page_container_layout":"default_layout","colormag_page_sidebar_layout":"default_layout","om_disable_all_campaigns":false,"_monsterinsights_skip_tracking":false,"_monsterinsights_sitenote_active":false,"_monsterinsights_sitenote_note":"","_monsterinsights_sitenote_category":0,"footnotes":"","_wpscppro_dont_share_socialmedia":false,"_wpscppro_custom_social_share_image":0,"_facebook_share_type":"default","_twitter_share_type":"default","_linkedin_share_type":"default","_pinterest_share_type":"default","_linkedin_share_type_page":"","_instagram_share_type":"default","_medium_share_type":"default","_threads_share_type":"default","_google_business_share_type":"default","_selected_social_profile":[],"_wpsp_enable_custom_social_template":false,"_wpsp_social_scheduling":{"enabled":false,"datetime":null,"platforms":[],"status":"template_only","dateOption":"today","timeOption":"now","customDays":"","customHours":"","customDate":"","customTime":"","schedulingType":"absolute"},"_wpsp_active_default_template":true},"categories":[33],"tags":[],"class_list":["post-86545","post","type-post","status-publish","format-standard","has-post-thumbnail","hentry","category-sports"],"aioseo_notices":[],"yoast_head":"<!-- This site is optimized with the Yoast SEO plugin v27.4 - https:\/\/yoast.com\/product\/yoast-seo-wordpress\/ -->\n<title>Tour d\u2019Alg\u00e9rie Cycliste 2026\u00a0: Riski Dimas Fadilah sacr\u00e9 - La Sentinelle<\/title>\n<meta name=\"robots\" content=\"index, follow, max-snippet:-1, max-image-preview:large, max-video-preview:-1\" \/>\n<link rel=\"canonical\" href=\"https:\/\/lasentinelle.dz\/index.php\/2026\/04\/27\/tour-dalgerie-cycliste-2026-riski-dimas-fadilah-sacre\/\" \/>\n<meta property=\"og:locale\" content=\"fr_FR\" \/>\n<meta property=\"og:type\" content=\"article\" \/>\n<meta property=\"og:title\" content=\"Tour d\u2019Alg\u00e9rie Cycliste 2026\u00a0: Riski Dimas Fadilah sacr\u00e9 - La Sentinelle\" \/>\n<meta property=\"og:description\" content=\"Au terme d&rsquo;une dixi\u00e8me et derni\u00e8re \u00e9tape boucl\u00e9e sous le soleil de Kabylie, le cycliste indon\u00e9sien Riski Dimas Fadilah a\" \/>\n<meta property=\"og:url\" content=\"https:\/\/lasentinelle.dz\/index.php\/2026\/04\/27\/tour-dalgerie-cycliste-2026-riski-dimas-fadilah-sacre\/\" \/>\n<meta property=\"og:site_name\" content=\"La Sentinelle\" \/>\n<meta property=\"article:publisher\" content=\"https:\/\/www.facebook.com\/La-Sentinelle-104059864394773\" \/>\n<meta property=\"article:published_time\" content=\"2026-04-27T19:02:28+00:00\" \/>\n<meta property=\"article:modified_time\" content=\"2026-04-27T19:02:30+00:00\" \/>\n<meta property=\"og:image\" content=\"https:\/\/lasentinelle.dz\/wp-content\/uploads\/2026\/04\/680054451_1473663854553794_4209956244770415607_n.jpg\" \/>\n\t<meta property=\"og:image:width\" content=\"1080\" \/>\n\t<meta property=\"og:image:height\" content=\"810\" \/>\n\t<meta property=\"og:image:type\" content=\"image\/jpeg\" \/>\n<meta name=\"author\" content=\"admin\" \/>\n<meta name=\"twitter:card\" content=\"summary_large_image\" \/>\n<meta name=\"twitter:label1\" content=\"\u00c9crit par\" \/>\n\t<meta name=\"twitter:data1\" content=\"admin\" \/>\n\t<meta name=\"twitter:label2\" content=\"Dur\u00e9e de lecture estim\u00e9e\" \/>\n\t<meta name=\"twitter:data2\" content=\"4 minutes\" \/>\n<script type=\"application\/ld+json\" class=\"yoast-schema-graph\">{\"@context\":\"https:\\\/\\\/schema.org\",\"@graph\":[{\"@type\":\"Article\",\"@id\":\"https:\\\/\\\/lasentinelle.dz\\\/index.php\\\/2026\\\/04\\\/27\\\/tour-dalgerie-cycliste-2026-riski-dimas-fadilah-sacre\\\/#article\",\"isPartOf\":{\"@id\":\"https:\\\/\\\/lasentinelle.dz\\\/index.php\\\/2026\\\/04\\\/27\\\/tour-dalgerie-cycliste-2026-riski-dimas-fadilah-sacre\\\/\"},\"author\":{\"name\":\"admin\",\"@id\":\"https:\\\/\\\/lasentinelle.dz\\\/#\\\/schema\\\/person\\\/729ee0024f24e0b8c5ec17232f8e8b41\"},\"headline\":\"Tour d\u2019Alg\u00e9rie Cycliste 2026\u00a0: Riski Dimas Fadilah sacr\u00e9\",\"datePublished\":\"2026-04-27T19:02:28+00:00\",\"dateModified\":\"2026-04-27T19:02:30+00:00\",\"mainEntityOfPage\":{\"@id\":\"https:\\\/\\\/lasentinelle.dz\\\/index.php\\\/2026\\\/04\\\/27\\\/tour-dalgerie-cycliste-2026-riski-dimas-fadilah-sacre\\\/\"},\"wordCount\":662,\"commentCount\":0,\"publisher\":{\"@id\":\"https:\\\/\\\/lasentinelle.dz\\\/#organization\"},\"image\":{\"@id\":\"https:\\\/\\\/lasentinelle.dz\\\/index.php\\\/2026\\\/04\\\/27\\\/tour-dalgerie-cycliste-2026-riski-dimas-fadilah-sacre\\\/#primaryimage\"},\"thumbnailUrl\":\"https:\\\/\\\/lasentinelle.dz\\\/wp-content\\\/uploads\\\/2026\\\/04\\\/680054451_1473663854553794_4209956244770415607_n.jpg\",\"articleSection\":[\"Sports\"],\"inLanguage\":\"fr-FR\",\"potentialAction\":[{\"@type\":\"CommentAction\",\"name\":\"Comment\",\"target\":[\"https:\\\/\\\/lasentinelle.dz\\\/index.php\\\/2026\\\/04\\\/27\\\/tour-dalgerie-cycliste-2026-riski-dimas-fadilah-sacre\\\/#respond\"]}]},{\"@type\":\"WebPage\",\"@id\":\"https:\\\/\\\/lasentinelle.dz\\\/index.php\\\/2026\\\/04\\\/27\\\/tour-dalgerie-cycliste-2026-riski-dimas-fadilah-sacre\\\/\",\"url\":\"https:\\\/\\\/lasentinelle.dz\\\/index.php\\\/2026\\\/04\\\/27\\\/tour-dalgerie-cycliste-2026-riski-dimas-fadilah-sacre\\\/\",\"name\":\"Tour d\u2019Alg\u00e9rie Cycliste 2026\u00a0: Riski Dimas Fadilah sacr\u00e9 - La Sentinelle\",\"isPartOf\":{\"@id\":\"https:\\\/\\\/lasentinelle.dz\\\/#website\"},\"primaryImageOfPage\":{\"@id\":\"https:\\\/\\\/lasentinelle.dz\\\/index.php\\\/2026\\\/04\\\/27\\\/tour-dalgerie-cycliste-2026-riski-dimas-fadilah-sacre\\\/#primaryimage\"},\"image\":{\"@id\":\"https:\\\/\\\/lasentinelle.dz\\\/index.php\\\/2026\\\/04\\\/27\\\/tour-dalgerie-cycliste-2026-riski-dimas-fadilah-sacre\\\/#primaryimage\"},\"thumbnailUrl\":\"https:\\\/\\\/lasentinelle.dz\\\/wp-content\\\/uploads\\\/2026\\\/04\\\/680054451_1473663854553794_4209956244770415607_n.jpg\",\"datePublished\":\"2026-04-27T19:02:28+00:00\",\"dateModified\":\"2026-04-27T19:02:30+00:00\",\"breadcrumb\":{\"@id\":\"https:\\\/\\\/lasentinelle.dz\\\/index.php\\\/2026\\\/04\\\/27\\\/tour-dalgerie-cycliste-2026-riski-dimas-fadilah-sacre\\\/#breadcrumb\"},\"inLanguage\":\"fr-FR\",\"potentialAction\":[{\"@type\":\"ReadAction\",\"target\":[\"https:\\\/\\\/lasentinelle.dz\\\/index.php\\\/2026\\\/04\\\/27\\\/tour-dalgerie-cycliste-2026-riski-dimas-fadilah-sacre\\\/\"]}]},{\"@type\":\"ImageObject\",\"inLanguage\":\"fr-FR\",\"@id\":\"https:\\\/\\\/lasentinelle.dz\\\/index.php\\\/2026\\\/04\\\/27\\\/tour-dalgerie-cycliste-2026-riski-dimas-fadilah-sacre\\\/#primaryimage\",\"url\":\"https:\\\/\\\/lasentinelle.dz\\\/wp-content\\\/uploads\\\/2026\\\/04\\\/680054451_1473663854553794_4209956244770415607_n.jpg\",\"contentUrl\":\"https:\\\/\\\/lasentinelle.dz\\\/wp-content\\\/uploads\\\/2026\\\/04\\\/680054451_1473663854553794_4209956244770415607_n.jpg\",\"width\":1080,\"height\":810},{\"@type\":\"BreadcrumbList\",\"@id\":\"https:\\\/\\\/lasentinelle.dz\\\/index.php\\\/2026\\\/04\\\/27\\\/tour-dalgerie-cycliste-2026-riski-dimas-fadilah-sacre\\\/#breadcrumb\",\"itemListElement\":[{\"@type\":\"ListItem\",\"position\":1,\"name\":\"Accueil\",\"item\":\"https:\\\/\\\/lasentinelle.dz\\\/\"},{\"@type\":\"ListItem\",\"position\":2,\"name\":\"Tour d\u2019Alg\u00e9rie Cycliste 2026\u00a0: Riski Dimas Fadilah sacr\u00e9\"}]},{\"@type\":\"WebSite\",\"@id\":\"https:\\\/\\\/lasentinelle.dz\\\/#website\",\"url\":\"https:\\\/\\\/lasentinelle.dz\\\/\",\"name\":\"La Sentinelle\",\"description\":\"Quotidien national d&#039;information\",\"publisher\":{\"@id\":\"https:\\\/\\\/lasentinelle.dz\\\/#organization\"},\"potentialAction\":[{\"@type\":\"SearchAction\",\"target\":{\"@type\":\"EntryPoint\",\"urlTemplate\":\"https:\\\/\\\/lasentinelle.dz\\\/?s={search_term_string}\"},\"query-input\":{\"@type\":\"PropertyValueSpecification\",\"valueRequired\":true,\"valueName\":\"search_term_string\"}}],\"inLanguage\":\"fr-FR\"},{\"@type\":\"Organization\",\"@id\":\"https:\\\/\\\/lasentinelle.dz\\\/#organization\",\"name\":\"Quotidien La Sentinelle\",\"url\":\"https:\\\/\\\/lasentinelle.dz\\\/\",\"logo\":{\"@type\":\"ImageObject\",\"inLanguage\":\"fr-FR\",\"@id\":\"https:\\\/\\\/lasentinelle.dz\\\/#\\\/schema\\\/logo\\\/image\\\/\",\"url\":\"https:\\\/\\\/lasentinelle.dz\\\/wp-content\\\/uploads\\\/2021\\\/09\\\/logo-sentinelleSLOGAN-1.png\",\"contentUrl\":\"https:\\\/\\\/lasentinelle.dz\\\/wp-content\\\/uploads\\\/2021\\\/09\\\/logo-sentinelleSLOGAN-1.png\",\"width\":615,\"height\":142,\"caption\":\"Quotidien La Sentinelle\"},\"image\":{\"@id\":\"https:\\\/\\\/lasentinelle.dz\\\/#\\\/schema\\\/logo\\\/image\\\/\"},\"sameAs\":[\"https:\\\/\\\/www.facebook.com\\\/La-Sentinelle-104059864394773\"]},{\"@type\":\"Person\",\"@id\":\"https:\\\/\\\/lasentinelle.dz\\\/#\\\/schema\\\/person\\\/729ee0024f24e0b8c5ec17232f8e8b41\",\"name\":\"admin\",\"image\":{\"@type\":\"ImageObject\",\"inLanguage\":\"fr-FR\",\"@id\":\"https:\\\/\\\/secure.gravatar.com\\\/avatar\\\/4c81fed838786e9b53f540bf46533e750f5d292099ae3b66cfc6fb1982e29df7?s=96&d=mm&r=g\",\"url\":\"https:\\\/\\\/secure.gravatar.com\\\/avatar\\\/4c81fed838786e9b53f540bf46533e750f5d292099ae3b66cfc6fb1982e29df7?s=96&d=mm&r=g\",\"contentUrl\":\"https:\\\/\\\/secure.gravatar.com\\\/avatar\\\/4c81fed838786e9b53f540bf46533e750f5d292099ae3b66cfc6fb1982e29df7?s=96&d=mm&r=g\",\"caption\":\"admin\"},\"description\":\"admin\",\"url\":\"https:\\\/\\\/lasentinelle.dz\\\/author\\\/admin\\\/\"}]}<\/script>\n<!-- \/ Yoast SEO plugin. -->","yoast_head_json":{"title":"Tour d\u2019Alg\u00e9rie Cycliste 2026\u00a0: Riski Dimas Fadilah sacr\u00e9 - La Sentinelle","robots":{"index":"index","follow":"follow","max-snippet":"max-snippet:-1","max-image-preview":"max-image-preview:large","max-video-preview":"max-video-preview:-1"},"canonical":"https:\/\/lasentinelle.dz\/index.php\/2026\/04\/27\/tour-dalgerie-cycliste-2026-riski-dimas-fadilah-sacre\/","og_locale":"fr_FR","og_type":"article","og_title":"Tour d\u2019Alg\u00e9rie Cycliste 2026\u00a0: Riski Dimas Fadilah sacr\u00e9 - La Sentinelle","og_description":"Au terme d&rsquo;une dixi\u00e8me et derni\u00e8re \u00e9tape boucl\u00e9e sous le soleil de Kabylie, le cycliste indon\u00e9sien Riski Dimas Fadilah a","og_url":"https:\/\/lasentinelle.dz\/index.php\/2026\/04\/27\/tour-dalgerie-cycliste-2026-riski-dimas-fadilah-sacre\/","og_site_name":"La Sentinelle","article_publisher":"https:\/\/www.facebook.com\/La-Sentinelle-104059864394773","article_published_time":"2026-04-27T19:02:28+00:00","article_modified_time":"2026-04-27T19:02:30+00:00","og_image":[{"width":1080,"height":810,"url":"https:\/\/lasentinelle.dz\/wp-content\/uploads\/2026\/04\/680054451_1473663854553794_4209956244770415607_n.jpg","type":"image\/jpeg"}],"author":"admin","twitter_card":"summary_large_image","twitter_misc":{"\u00c9crit par":"admin","Dur\u00e9e de lecture estim\u00e9e":"4 minutes"},"schema":{"@context":"https:\/\/schema.org","@graph":[{"@type":"Article","@id":"https:\/\/lasentinelle.dz\/index.php\/2026\/04\/27\/tour-dalgerie-cycliste-2026-riski-dimas-fadilah-sacre\/#article","isPartOf":{"@id":"https:\/\/lasentinelle.dz\/index.php\/2026\/04\/27\/tour-dalgerie-cycliste-2026-riski-dimas-fadilah-sacre\/"},"author":{"name":"admin","@id":"https:\/\/lasentinelle.dz\/#\/schema\/person\/729ee0024f24e0b8c5ec17232f8e8b41"},"headline":"Tour d\u2019Alg\u00e9rie Cycliste 2026\u00a0: Riski Dimas Fadilah sacr\u00e9","datePublished":"2026-04-27T19:02:28+00:00","dateModified":"2026-04-27T19:02:30+00:00","mainEntityOfPage":{"@id":"https:\/\/lasentinelle.dz\/index.php\/2026\/04\/27\/tour-dalgerie-cycliste-2026-riski-dimas-fadilah-sacre\/"},"wordCount":662,"commentCount":0,"publisher":{"@id":"https:\/\/lasentinelle.dz\/#organization"},"image":{"@id":"https:\/\/lasentinelle.dz\/index.php\/2026\/04\/27\/tour-dalgerie-cycliste-2026-riski-dimas-fadilah-sacre\/#primaryimage"},"thumbnailUrl":"https:\/\/lasentinelle.dz\/wp-content\/uploads\/2026\/04\/680054451_1473663854553794_4209956244770415607_n.jpg","articleSection":["Sports"],"inLanguage":"fr-FR","potentialAction":[{"@type":"CommentAction","name":"Comment","target":["https:\/\/lasentinelle.dz\/index.php\/2026\/04\/27\/tour-dalgerie-cycliste-2026-riski-dimas-fadilah-sacre\/#respond"]}]},{"@type":"WebPage","@id":"https:\/\/lasentinelle.dz\/index.php\/2026\/04\/27\/tour-dalgerie-cycliste-2026-riski-dimas-fadilah-sacre\/","url":"https:\/\/lasentinelle.dz\/index.php\/2026\/04\/27\/tour-dalgerie-cycliste-2026-riski-dimas-fadilah-sacre\/","name":"Tour d\u2019Alg\u00e9rie Cycliste 2026\u00a0: Riski Dimas Fadilah sacr\u00e9 - La Sentinelle","isPartOf":{"@id":"https:\/\/lasentinelle.dz\/#website"},"primaryImageOfPage":{"@id":"https:\/\/lasentinelle.dz\/index.php\/2026\/04\/27\/tour-dalgerie-cycliste-2026-riski-dimas-fadilah-sacre\/#primaryimage"},"image":{"@id":"https:\/\/lasentinelle.dz\/index.php\/2026\/04\/27\/tour-dalgerie-cycliste-2026-riski-dimas-fadilah-sacre\/#primaryimage"},"thumbnailUrl":"https:\/\/lasentinelle.dz\/wp-content\/uploads\/2026\/04\/680054451_1473663854553794_4209956244770415607_n.jpg","datePublished":"2026-04-27T19:02:28+00:00","dateModified":"2026-04-27T19:02:30+00:00","breadcrumb":{"@id":"https:\/\/lasentinelle.dz\/index.php\/2026\/04\/27\/tour-dalgerie-cycliste-2026-riski-dimas-fadilah-sacre\/#breadcrumb"},"inLanguage":"fr-FR","potentialAction":[{"@type":"ReadAction","target":["https:\/\/lasentinelle.dz\/index.php\/2026\/04\/27\/tour-dalgerie-cycliste-2026-riski-dimas-fadilah-sacre\/"]}]},{"@type":"ImageObject","inLanguage":"fr-FR","@id":"https:\/\/lasentinelle.dz\/index.php\/2026\/04\/27\/tour-dalgerie-cycliste-2026-riski-dimas-fadilah-sacre\/#primaryimage","url":"https:\/\/lasentinelle.dz\/wp-content\/uploads\/2026\/04\/680054451_1473663854553794_4209956244770415607_n.jpg","contentUrl":"https:\/\/lasentinelle.dz\/wp-content\/uploads\/2026\/04\/680054451_1473663854553794_4209956244770415607_n.jpg","width":1080,"height":810},{"@type":"BreadcrumbList","@id":"https:\/\/lasentinelle.dz\/index.php\/2026\/04\/27\/tour-dalgerie-cycliste-2026-riski-dimas-fadilah-sacre\/#breadcrumb","itemListElement":[{"@type":"ListItem","position":1,"name":"Accueil","item":"https:\/\/lasentinelle.dz\/"},{"@type":"ListItem","position":2,"name":"Tour d\u2019Alg\u00e9rie Cycliste 2026\u00a0: Riski Dimas Fadilah sacr\u00e9"}]},{"@type":"WebSite","@id":"https:\/\/lasentinelle.dz\/#website","url":"https:\/\/lasentinelle.dz\/","name":"La Sentinelle","description":"Quotidien national d&#039;information","publisher":{"@id":"https:\/\/lasentinelle.dz\/#organization"},"potentialAction":[{"@type":"SearchAction","target":{"@type":"EntryPoint","urlTemplate":"https:\/\/lasentinelle.dz\/?s={search_term_string}"},"query-input":{"@type":"PropertyValueSpecification","valueRequired":true,"valueName":"search_term_string"}}],"inLanguage":"fr-FR"},{"@type":"Organization","@id":"https:\/\/lasentinelle.dz\/#organization","name":"Quotidien La Sentinelle","url":"https:\/\/lasentinelle.dz\/","logo":{"@type":"ImageObject","inLanguage":"fr-FR","@id":"https:\/\/lasentinelle.dz\/#\/schema\/logo\/image\/","url":"https:\/\/lasentinelle.dz\/wp-content\/uploads\/2021\/09\/logo-sentinelleSLOGAN-1.png","contentUrl":"https:\/\/lasentinelle.dz\/wp-content\/uploads\/2021\/09\/logo-sentinelleSLOGAN-1.png","width":615,"height":142,"caption":"Quotidien La Sentinelle"},"image":{"@id":"https:\/\/lasentinelle.dz\/#\/schema\/logo\/image\/"},"sameAs":["https:\/\/www.facebook.com\/La-Sentinelle-104059864394773"]},{"@type":"Person","@id":"https:\/\/lasentinelle.dz\/#\/schema\/person\/729ee0024f24e0b8c5ec17232f8e8b41","name":"admin","image":{"@type":"ImageObject","inLanguage":"fr-FR","@id":"https:\/\/secure.gravatar.com\/avatar\/4c81fed838786e9b53f540bf46533e750f5d292099ae3b66cfc6fb1982e29df7?s=96&d=mm&r=g","url":"https:\/\/secure.gravatar.com\/avatar\/4c81fed838786e9b53f540bf46533e750f5d292099ae3b66cfc6fb1982e29df7?s=96&d=mm&r=g","contentUrl":"https:\/\/secure.gravatar.com\/avatar\/4c81fed838786e9b53f540bf46533e750f5d292099ae3b66cfc6fb1982e29df7?s=96&d=mm&r=g","caption":"admin"},"description":"admin","url":"https:\/\/lasentinelle.dz\/author\/admin\/"}]}},"_links":{"self":[{"href":"https:\/\/lasentinelle.dz\/index.php\/wp-json\/wp\/v2\/posts\/86545","targetHints":{"allow":["GET"]}}],"collection":[{"href":"https:\/\/lasentinelle.dz\/index.php\/wp-json\/wp\/v2\/posts"}],"about":[{"href":"https:\/\/lasentinelle.dz\/index.php\/wp-json\/wp\/v2\/types\/post"}],"author":[{"embeddable":true,"href":"https:\/\/lasentinelle.dz\/index.php\/wp-json\/wp\/v2\/users\/6"}],"replies":[{"embeddable":true,"href":"https:\/\/lasentinelle.dz\/index.php\/wp-json\/wp\/v2\/comments?post=86545"}],"version-history":[{"count":1,"href":"https:\/\/lasentinelle.dz\/index.php\/wp-json\/wp\/v2\/posts\/86545\/revisions"}],"predecessor-version":[{"id":86547,"href":"https:\/\/lasentinelle.dz\/index.php\/wp-json\/wp\/v2\/posts\/86545\/revisions\/86547"}],"wp:featuredmedia":[{"embeddable":true,"href":"https:\/\/lasentinelle.dz\/index.php\/wp-json\/wp\/v2\/media\/86546"}],"wp:attachment":[{"href":"https:\/\/lasentinelle.dz\/index.php\/wp-json\/wp\/v2\/media?parent=86545"}],"wp:term":[{"taxonomy":"category","embeddable":true,"href":"https:\/\/lasentinelle.dz\/index.php\/wp-json\/wp\/v2\/categories?post=86545"},{"taxonomy":"post_tag","embeddable":true,"href":"https:\/\/lasentinelle.dz\/index.php\/wp-json\/wp\/v2\/tags?post=86545"}],"curies":[{"name":"wp","href":"https:\/\/api.w.org\/{rel}","templated":true}]}}