{"id":86555,"date":"2026-04-27T20:06:28","date_gmt":"2026-04-27T19:06:28","guid":{"rendered":"https:\/\/lasentinelle.dz\/?p=86555"},"modified":"2026-04-27T20:06:32","modified_gmt":"2026-04-27T19:06:32","slug":"le-president-de-la-republique-salue-avec-fierte-les-performances-des-athletes-le-sport-algerien-change-dechelle","status":"publish","type":"post","link":"https:\/\/lasentinelle.dz\/index.php\/2026\/04\/27\/le-president-de-la-republique-salue-avec-fierte-les-performances-des-athletes-le-sport-algerien-change-dechelle\/","title":{"rendered":"Le pr\u00e9sident de la R\u00e9publique salue, avec fiert\u00e9, les performances des athl\u00e8tes\u00a0: Le sport alg\u00e9rien change d\u2019\u00e9chelle\u00a0!"},"content":{"rendered":"\n<p><em>En un seul mois, les athl\u00e8tes alg\u00e9riens ont d\u00e9croch\u00e9 122 m\u00e9dailles lors de comp\u00e9titions mondiales et continentales. Le pr\u00e9sident de la R\u00e9publique a tenu \u00e0 exprimer sa fiert\u00e9 dans un message vibrant, t\u00e9moignant d&rsquo;un soutien ind\u00e9fectible \u00e0 un sport national qui, des tatamis de Nairobi aux barres asym\u00e9triques \u00e0 Yaound\u00e9, ne cesse de r\u00e9\u00e9crire son histoire.<\/em><\/p>\n\n\n\n<p>Il y a des moments o\u00f9 les chiffres parlent d&rsquo;eux-m\u00eames. \u00ab 122 m\u00e9dailles, dont 46 en or, d\u00e9croch\u00e9es lors des championnats mondial et africain et d&rsquo;une comp\u00e9tition internationale en un seul mois, un exploit historique fruit d&rsquo;efforts colossaux. \u00bb Ces mots sont ceux d&rsquo;Abdelmadjid Tebboune, publi\u00e9s lundi sur son compte officiel sur les r\u00e9seaux sociaux. Le pr\u00e9sident de la R\u00e9publique n&rsquo;a pas seulement f\u00e9licit\u00e9 ses athl\u00e8tes, il a pos\u00e9 un constat : le sport alg\u00e9rien a chang\u00e9 d&rsquo;\u00e9chelle. \u00ab Je suis tr\u00e8s fier du niveau atteint par le sport en g\u00e9n\u00e9ral en Alg\u00e9rie gr\u00e2ce \u00e0 la volont\u00e9 de nos filles et de nos fils qui ont toujours \u00e9t\u00e9 \u00e0 la hauteur de notre confiance et le resteront \u00bb, a-t-il \u00e9crit, avant de conclure par un \u00ab Vive l&rsquo;Alg\u00e9rie \u00bb qui r\u00e9sonne comme un hommage collectif \u00e0 une g\u00e9n\u00e9ration d&rsquo;athl\u00e8tes hors du commun.<\/p>\n\n\n\n<p>Ce message pr\u00e9sidentiel n&rsquo;est pas tomb\u00e9 dans le vide. Il synth\u00e9tise plusieurs semaines de performances exceptionnelles qui, align\u00e9es les unes aux autres, dessinent le portrait d&rsquo;une nation sportive en pleine puissance. Du kempo au judo, de la gymnastique artistique \u00e0 l&rsquo;athl\u00e9tisme, l&rsquo;Alg\u00e9rie aura occup\u00e9, en ce printemps 2026, le devant de la sc\u00e8ne continentale et mondiale avec une constance qui force le respect.<\/p>\n\n\n\n<p>Le premier des exploits porte un nom devenu familier aux amateurs de sport : Kaylia Nemour. \u00c0 Yaound\u00e9, aux Championnats d&rsquo;Afrique de gymnastique artistique, la championne olympique de Paris 2024 a une nouvelle fois domin\u00e9 ses concurrentes avec une autorit\u00e9 qui ne laisse plus place au doute. Deux nouvelles m\u00e9dailles d&rsquo;or, \u00e0 la poutre et au sol, pour fermer un bilan personnel de cinq m\u00e9dailles au total dans cette comp\u00e9tition, dont deux titres continentaux. \u00c0 Paris, elle avait d\u00e9j\u00e0 \u00e9crit l&rsquo;histoire en devenant la premi\u00e8re Alg\u00e9rienne \u2014 et la premi\u00e8re Africaine \u2014 \u00e0 d\u00e9crocher une m\u00e9daille olympique en gymnastique, aux barres asym\u00e9triques. Dix-huit mois plus tard, elle n&rsquo;est plus une r\u00e9v\u00e9lation, elle est une r\u00e9f\u00e9rence. \u00c0 ses c\u00f4t\u00e9s, Djena Laroui confirme que la dynamique est collective : cinq m\u00e9dailles \u00e9galement pour la jeune gymnaste, dont deux en or. L&rsquo;Alg\u00e9rie a termin\u00e9 ces Championnats d&rsquo;Afrique avec seize m\u00e9dailles au total, six en or, six en argent et quatre en bronze, dominant le continent devant l&rsquo;Afrique du Sud et l&rsquo;\u00c9gypte. Une performance qui illustre la transformation structurelle d&rsquo;une discipline longtemps consid\u00e9r\u00e9e comme marginale dans le paysage sportif national.<\/p>\n\n\n\n<p><strong>Les judokas en force<\/strong><\/p>\n\n\n\n<p>En judo, la d\u00e9monstration a \u00e9t\u00e9 encore plus nette. \u00c0 Nairobi, o\u00f9 se tenaient les Championnats d&rsquo;Afrique seniors 2026, la s\u00e9lection alg\u00e9rienne est revenue avec quatre titres continentaux et neuf m\u00e9dailles au total. Ka\u00efs Moudetere, Driss Messaoud, Yasmine Djellab et Mohamed El Mehdi Lili ont triomph\u00e9 chacun dans leur cat\u00e9gorie, imposant \u00e0 la Tunisie et \u00e0 l&rsquo;\u00c9gypte, respectivement deuxi\u00e8me et troisi\u00e8me, une sup\u00e9riorit\u00e9 sans discussion. La cerise sur le g\u00e2teau : les titres par \u00e9quipes, chez les hommes comme chez les femmes, un doubl\u00e9 in\u00e9dit qui consacre la profondeur d&rsquo;un groupe dont les dix-huit membres avaient tous fait le d\u00e9placement au Kenya. La comp\u00e9tition avait r\u00e9uni 251 judokas de 34 nations africaines. L&rsquo;Alg\u00e9rie en est repartie en domination.<\/p>\n\n\n\n<p>Le kempo, discipline moins connue du grand public, a livr\u00e9 le chiffre le plus saisissant. Lors du 22e Championnat du monde organis\u00e9 \u00e0 Antalya, en Turquie, du 20 au 26 avril 2026, l&rsquo;\u00e9quipe nationale alg\u00e9rienne a engrang\u00e9 au moins 37 m\u00e9dailles en deux jours de comp\u00e9tition, dont 15 en or. Des noms comme Ikram Selmi, Mohamed Abderrahmane Ma\u00efdi, Jaafar Ch\u00e9rif Yamna ou encore Boudouma Fatma ont port\u00e9 haut les couleurs alg\u00e9riennes dans des \u00e9preuves individuelles et par \u00e9quipes. Un palmar\u00e8s de championnat du monde, d\u00e9croch\u00e9 au terme d&rsquo;une semaine qui confirme la place de l&rsquo;Alg\u00e9rie parmi les toutes premi\u00e8res nations mondiales de ce sport de combat.<\/p>\n\n\n\n<p>Ces exploits r\u00e9cents s&rsquo;inscrivent dans une trajectoire longue, jalonn\u00e9e de moments fondateurs. L&rsquo;athl\u00e9tisme alg\u00e9rien compte dix m\u00e9dailles olympiques \u00e0 son palmar\u00e8s, la boxe sept. Hassiba Boulmerka, premi\u00e8re femme arabe et africaine championne olympique du 1 500 m\u00e8tres \u00e0 Barcelone en 1992, avait trac\u00e9 une voie. Noureddine Morceli, sacr\u00e9 \u00e0 Atlanta en 1996 sur le m\u00eame tour de piste, l&rsquo;avait \u00e9largie. \u00c0 Paris 2024, l&rsquo;Alg\u00e9rie a boucl\u00e9 sa participation avec trois m\u00e9dailles, deux en or et une en bronze, \u00e9galant sa meilleure performance historique r\u00e9alis\u00e9e lors de ces m\u00eames Jeux d&rsquo;Atlanta. Imane Khelif, devenue la premi\u00e8re boxeuse alg\u00e9rienne \u00e0 remporter l&rsquo;or olympique dans la cat\u00e9gorie des moins de 66 kg, et Djamel Sedjati, m\u00e9daill\u00e9 de bronze sur 800 m\u00e8tres, ont accompagn\u00e9 Nemour sur ce podium symbolique. Au classement g\u00e9n\u00e9ral des nations, l&rsquo;Alg\u00e9rie a termin\u00e9 \u00e0 la 39e place, deuxi\u00e8me nation africaine derri\u00e8re le Kenya.<\/p>\n\n\n\n<p><strong>Une politique sportive volontariste<\/strong><\/p>\n\n\n\n<p>Le football, discipline qui transcende le simple cadre sportif dans ce pays, accompagne cette mont\u00e9e en puissance. La s\u00e9lection alg\u00e9rienne est class\u00e9e au 34e rang mondial et au 3e rang africain selon la FIFA. Elle d\u00e9tient par ailleurs le record africain d&rsquo;invincibilit\u00e9 avec 35 matchs sans d\u00e9faite, dont 27 victoires et 8 nuls, entre novembre 2018 et janvier 2022. En qualifications pour le Mondial 2026, les Fennecs ont affich\u00e9 des arguments solides : une victoire 7-0 face au Guatemala en mars dernier, et un bilan de qualification en bonne voie, port\u00e9 par une g\u00e9n\u00e9ration de joueurs \u00e9voluant dans les meilleurs championnats europ\u00e9ens.<\/p>\n\n\n\n<p>Ce tableau d&rsquo;ensemble ne s&rsquo;est pas dessin\u00e9 par hasard. Derri\u00e8re les m\u00e9dailles, il y a une politique sportive volontariste, incarn\u00e9e par l&rsquo;engagement r\u00e9p\u00e9t\u00e9 du pr\u00e9sident Tebboune en faveur du sport de haut niveau. Ses f\u00e9licitations de lundi ne sont pas un acte isol\u00e9 ; elles participent d&rsquo;une relation de confiance entretenue au fil des cycles de comp\u00e9tition, entre un chef d&rsquo;\u00c9tat qui a fait du sport un marqueur de la fiert\u00e9 nationale et des athl\u00e8tes qui, saison apr\u00e8s saison, lui donnent raison. La formule pr\u00e9sidentielle \u2014 \u00ab ils ont toujours \u00e9t\u00e9 \u00e0 la hauteur de notre confiance et le resteront \u00bb \u2014 sonne \u00e0 la fois comme une reconnaissance et comme une ambition.<\/p>\n\n\n\n<p>Car les chantiers \u00e0 venir sont \u00e0 la mesure des ambitions affich\u00e9es. Les Championnats du monde de gymnastique 2026 figurent d\u00e9j\u00e0 dans le viseur de Kaylia Nemour et de ses co\u00e9quipi\u00e8res. Los Angeles 2028 se profile \u00e0 l&rsquo;horizon pour une g\u00e9n\u00e9ration de jeunes athl\u00e8tes alg\u00e9riens qui ont vu, \u00e0 Paris, que le podium olympique n&rsquo;\u00e9tait pas une chim\u00e8re. Et le Mondial de football 2026, dont l&rsquo;Alg\u00e9rie ambitionne de retrouver la sc\u00e8ne apr\u00e8s une longue absence, pourrait constituer le couronnement collectif d&rsquo;un mouvement sportif national en pleine renaissance. 122 m\u00e9dailles en un mois. L&rsquo;exploit historique, comme dit le pr\u00e9sident, est bien r\u00e9el. L&rsquo;Alg\u00e9rie sportive, elle, n&rsquo;a visiblement pas fini d&rsquo;\u00e9crire son histoire.<\/p>\n\n\n\n<p><em>Moncef Dahleb<\/em><\/p>\n","protected":false},"excerpt":{"rendered":"<p>En un seul mois, les athl\u00e8tes alg\u00e9riens ont d\u00e9croch\u00e9 122 m\u00e9dailles lors de comp\u00e9titions mondiales et continentales. Le pr\u00e9sident de<\/p>\n","protected":false},"author":6,"featured_media":86556,"comment_status":"open","ping_status":"closed","sticky":false,"template":"","format":"standard","meta":{"colormag_page_container_layout":"default_layout","colormag_page_sidebar_layout":"default_layout","om_disable_all_campaigns":false,"_monsterinsights_skip_tracking":false,"_monsterinsights_sitenote_active":false,"_monsterinsights_sitenote_note":"","_monsterinsights_sitenote_category":0,"footnotes":"","_wpscppro_dont_share_socialmedia":false,"_wpscppro_custom_social_share_image":0,"_facebook_share_type":"default","_twitter_share_type":"default","_linkedin_share_type":"default","_pinterest_share_type":"default","_linkedin_share_type_page":"","_instagram_share_type":"default","_medium_share_type":"default","_threads_share_type":"default","_google_business_share_type":"default","_selected_social_profile":[],"_wpsp_enable_custom_social_template":false,"_wpsp_social_scheduling":{"enabled":false,"datetime":null,"platforms":[],"status":"template_only","dateOption":"today","timeOption":"now","customDays":"","customHours":"","customDate":"","customTime":"","schedulingType":"absolute"},"_wpsp_active_default_template":true},"categories":[52,33],"tags":[],"class_list":["post-86555","post","type-post","status-publish","format-standard","has-post-thumbnail","hentry","category-a-la-une","category-sports"],"aioseo_notices":[],"yoast_head":"<!-- This site is optimized with the Yoast SEO plugin v27.4 - https:\/\/yoast.com\/product\/yoast-seo-wordpress\/ -->\n<title>Le pr\u00e9sident de la R\u00e9publique salue, avec fiert\u00e9, les performances des athl\u00e8tes\u00a0: Le sport alg\u00e9rien change d\u2019\u00e9chelle\u00a0! - La Sentinelle<\/title>\n<meta name=\"robots\" content=\"index, follow, max-snippet:-1, max-image-preview:large, max-video-preview:-1\" \/>\n<link rel=\"canonical\" href=\"https:\/\/lasentinelle.dz\/index.php\/2026\/04\/27\/le-president-de-la-republique-salue-avec-fierte-les-performances-des-athletes-le-sport-algerien-change-dechelle\/\" \/>\n<meta property=\"og:locale\" content=\"fr_FR\" \/>\n<meta property=\"og:type\" content=\"article\" \/>\n<meta property=\"og:title\" content=\"Le pr\u00e9sident de la R\u00e9publique salue, avec fiert\u00e9, les performances des athl\u00e8tes\u00a0: Le sport alg\u00e9rien change d\u2019\u00e9chelle\u00a0! - La Sentinelle\" \/>\n<meta property=\"og:description\" content=\"En un seul mois, les athl\u00e8tes alg\u00e9riens ont d\u00e9croch\u00e9 122 m\u00e9dailles lors de comp\u00e9titions mondiales et continentales. Le pr\u00e9sident de\" \/>\n<meta property=\"og:url\" content=\"https:\/\/lasentinelle.dz\/index.php\/2026\/04\/27\/le-president-de-la-republique-salue-avec-fierte-les-performances-des-athletes-le-sport-algerien-change-dechelle\/\" \/>\n<meta property=\"og:site_name\" content=\"La Sentinelle\" \/>\n<meta property=\"article:publisher\" content=\"https:\/\/www.facebook.com\/La-Sentinelle-104059864394773\" \/>\n<meta property=\"article:published_time\" content=\"2026-04-27T19:06:28+00:00\" \/>\n<meta property=\"article:modified_time\" content=\"2026-04-27T19:06:32+00:00\" \/>\n<meta property=\"og:image\" content=\"https:\/\/lasentinelle.dz\/wp-content\/uploads\/2026\/04\/Tebboune.webp\" \/>\n\t<meta property=\"og:image:width\" content=\"770\" \/>\n\t<meta property=\"og:image:height\" content=\"513\" \/>\n\t<meta property=\"og:image:type\" content=\"image\/webp\" \/>\n<meta name=\"author\" content=\"admin\" \/>\n<meta name=\"twitter:card\" content=\"summary_large_image\" \/>\n<meta name=\"twitter:label1\" content=\"\u00c9crit par\" \/>\n\t<meta name=\"twitter:data1\" content=\"admin\" \/>\n\t<meta name=\"twitter:label2\" content=\"Dur\u00e9e de lecture estim\u00e9e\" \/>\n\t<meta name=\"twitter:data2\" content=\"7 minutes\" \/>\n<script type=\"application\/ld+json\" class=\"yoast-schema-graph\">{\"@context\":\"https:\\\/\\\/schema.org\",\"@graph\":[{\"@type\":\"Article\",\"@id\":\"https:\\\/\\\/lasentinelle.dz\\\/index.php\\\/2026\\\/04\\\/27\\\/le-president-de-la-republique-salue-avec-fierte-les-performances-des-athletes-le-sport-algerien-change-dechelle\\\/#article\",\"isPartOf\":{\"@id\":\"https:\\\/\\\/lasentinelle.dz\\\/index.php\\\/2026\\\/04\\\/27\\\/le-president-de-la-republique-salue-avec-fierte-les-performances-des-athletes-le-sport-algerien-change-dechelle\\\/\"},\"author\":{\"name\":\"admin\",\"@id\":\"https:\\\/\\\/lasentinelle.dz\\\/#\\\/schema\\\/person\\\/729ee0024f24e0b8c5ec17232f8e8b41\"},\"headline\":\"Le pr\u00e9sident de la R\u00e9publique salue, avec fiert\u00e9, les performances des athl\u00e8tes\u00a0: Le sport alg\u00e9rien change d\u2019\u00e9chelle\u00a0!\",\"datePublished\":\"2026-04-27T19:06:28+00:00\",\"dateModified\":\"2026-04-27T19:06:32+00:00\",\"mainEntityOfPage\":{\"@id\":\"https:\\\/\\\/lasentinelle.dz\\\/index.php\\\/2026\\\/04\\\/27\\\/le-president-de-la-republique-salue-avec-fierte-les-performances-des-athletes-le-sport-algerien-change-dechelle\\\/\"},\"wordCount\":1291,\"commentCount\":0,\"publisher\":{\"@id\":\"https:\\\/\\\/lasentinelle.dz\\\/#organization\"},\"image\":{\"@id\":\"https:\\\/\\\/lasentinelle.dz\\\/index.php\\\/2026\\\/04\\\/27\\\/le-president-de-la-republique-salue-avec-fierte-les-performances-des-athletes-le-sport-algerien-change-dechelle\\\/#primaryimage\"},\"thumbnailUrl\":\"https:\\\/\\\/lasentinelle.dz\\\/wp-content\\\/uploads\\\/2026\\\/04\\\/Tebboune.webp\",\"articleSection\":[\"\u00c0 la Une\",\"Sports\"],\"inLanguage\":\"fr-FR\",\"potentialAction\":[{\"@type\":\"CommentAction\",\"name\":\"Comment\",\"target\":[\"https:\\\/\\\/lasentinelle.dz\\\/index.php\\\/2026\\\/04\\\/27\\\/le-president-de-la-republique-salue-avec-fierte-les-performances-des-athletes-le-sport-algerien-change-dechelle\\\/#respond\"]}]},{\"@type\":\"WebPage\",\"@id\":\"https:\\\/\\\/lasentinelle.dz\\\/index.php\\\/2026\\\/04\\\/27\\\/le-president-de-la-republique-salue-avec-fierte-les-performances-des-athletes-le-sport-algerien-change-dechelle\\\/\",\"url\":\"https:\\\/\\\/lasentinelle.dz\\\/index.php\\\/2026\\\/04\\\/27\\\/le-president-de-la-republique-salue-avec-fierte-les-performances-des-athletes-le-sport-algerien-change-dechelle\\\/\",\"name\":\"Le pr\u00e9sident de la R\u00e9publique salue, avec fiert\u00e9, les performances des athl\u00e8tes\u00a0: Le sport alg\u00e9rien change d\u2019\u00e9chelle\u00a0! - La Sentinelle\",\"isPartOf\":{\"@id\":\"https:\\\/\\\/lasentinelle.dz\\\/#website\"},\"primaryImageOfPage\":{\"@id\":\"https:\\\/\\\/lasentinelle.dz\\\/index.php\\\/2026\\\/04\\\/27\\\/le-president-de-la-republique-salue-avec-fierte-les-performances-des-athletes-le-sport-algerien-change-dechelle\\\/#primaryimage\"},\"image\":{\"@id\":\"https:\\\/\\\/lasentinelle.dz\\\/index.php\\\/2026\\\/04\\\/27\\\/le-president-de-la-republique-salue-avec-fierte-les-performances-des-athletes-le-sport-algerien-change-dechelle\\\/#primaryimage\"},\"thumbnailUrl\":\"https:\\\/\\\/lasentinelle.dz\\\/wp-content\\\/uploads\\\/2026\\\/04\\\/Tebboune.webp\",\"datePublished\":\"2026-04-27T19:06:28+00:00\",\"dateModified\":\"2026-04-27T19:06:32+00:00\",\"breadcrumb\":{\"@id\":\"https:\\\/\\\/lasentinelle.dz\\\/index.php\\\/2026\\\/04\\\/27\\\/le-president-de-la-republique-salue-avec-fierte-les-performances-des-athletes-le-sport-algerien-change-dechelle\\\/#breadcrumb\"},\"inLanguage\":\"fr-FR\",\"potentialAction\":[{\"@type\":\"ReadAction\",\"target\":[\"https:\\\/\\\/lasentinelle.dz\\\/index.php\\\/2026\\\/04\\\/27\\\/le-president-de-la-republique-salue-avec-fierte-les-performances-des-athletes-le-sport-algerien-change-dechelle\\\/\"]}]},{\"@type\":\"ImageObject\",\"inLanguage\":\"fr-FR\",\"@id\":\"https:\\\/\\\/lasentinelle.dz\\\/index.php\\\/2026\\\/04\\\/27\\\/le-president-de-la-republique-salue-avec-fierte-les-performances-des-athletes-le-sport-algerien-change-dechelle\\\/#primaryimage\",\"url\":\"https:\\\/\\\/lasentinelle.dz\\\/wp-content\\\/uploads\\\/2026\\\/04\\\/Tebboune.webp\",\"contentUrl\":\"https:\\\/\\\/lasentinelle.dz\\\/wp-content\\\/uploads\\\/2026\\\/04\\\/Tebboune.webp\",\"width\":770,\"height\":513},{\"@type\":\"BreadcrumbList\",\"@id\":\"https:\\\/\\\/lasentinelle.dz\\\/index.php\\\/2026\\\/04\\\/27\\\/le-president-de-la-republique-salue-avec-fierte-les-performances-des-athletes-le-sport-algerien-change-dechelle\\\/#breadcrumb\",\"itemListElement\":[{\"@type\":\"ListItem\",\"position\":1,\"name\":\"Accueil\",\"item\":\"https:\\\/\\\/lasentinelle.dz\\\/\"},{\"@type\":\"ListItem\",\"position\":2,\"name\":\"Le pr\u00e9sident de la R\u00e9publique salue, avec fiert\u00e9, les performances des athl\u00e8tes\u00a0: Le sport alg\u00e9rien change d\u2019\u00e9chelle\u00a0!\"}]},{\"@type\":\"WebSite\",\"@id\":\"https:\\\/\\\/lasentinelle.dz\\\/#website\",\"url\":\"https:\\\/\\\/lasentinelle.dz\\\/\",\"name\":\"La Sentinelle\",\"description\":\"Quotidien national d&#039;information\",\"publisher\":{\"@id\":\"https:\\\/\\\/lasentinelle.dz\\\/#organization\"},\"potentialAction\":[{\"@type\":\"SearchAction\",\"target\":{\"@type\":\"EntryPoint\",\"urlTemplate\":\"https:\\\/\\\/lasentinelle.dz\\\/?s={search_term_string}\"},\"query-input\":{\"@type\":\"PropertyValueSpecification\",\"valueRequired\":true,\"valueName\":\"search_term_string\"}}],\"inLanguage\":\"fr-FR\"},{\"@type\":\"Organization\",\"@id\":\"https:\\\/\\\/lasentinelle.dz\\\/#organization\",\"name\":\"Quotidien La Sentinelle\",\"url\":\"https:\\\/\\\/lasentinelle.dz\\\/\",\"logo\":{\"@type\":\"ImageObject\",\"inLanguage\":\"fr-FR\",\"@id\":\"https:\\\/\\\/lasentinelle.dz\\\/#\\\/schema\\\/logo\\\/image\\\/\",\"url\":\"https:\\\/\\\/lasentinelle.dz\\\/wp-content\\\/uploads\\\/2021\\\/09\\\/logo-sentinelleSLOGAN-1.png\",\"contentUrl\":\"https:\\\/\\\/lasentinelle.dz\\\/wp-content\\\/uploads\\\/2021\\\/09\\\/logo-sentinelleSLOGAN-1.png\",\"width\":615,\"height\":142,\"caption\":\"Quotidien La Sentinelle\"},\"image\":{\"@id\":\"https:\\\/\\\/lasentinelle.dz\\\/#\\\/schema\\\/logo\\\/image\\\/\"},\"sameAs\":[\"https:\\\/\\\/www.facebook.com\\\/La-Sentinelle-104059864394773\"]},{\"@type\":\"Person\",\"@id\":\"https:\\\/\\\/lasentinelle.dz\\\/#\\\/schema\\\/person\\\/729ee0024f24e0b8c5ec17232f8e8b41\",\"name\":\"admin\",\"image\":{\"@type\":\"ImageObject\",\"inLanguage\":\"fr-FR\",\"@id\":\"https:\\\/\\\/secure.gravatar.com\\\/avatar\\\/4c81fed838786e9b53f540bf46533e750f5d292099ae3b66cfc6fb1982e29df7?s=96&d=mm&r=g\",\"url\":\"https:\\\/\\\/secure.gravatar.com\\\/avatar\\\/4c81fed838786e9b53f540bf46533e750f5d292099ae3b66cfc6fb1982e29df7?s=96&d=mm&r=g\",\"contentUrl\":\"https:\\\/\\\/secure.gravatar.com\\\/avatar\\\/4c81fed838786e9b53f540bf46533e750f5d292099ae3b66cfc6fb1982e29df7?s=96&d=mm&r=g\",\"caption\":\"admin\"},\"description\":\"admin\",\"url\":\"https:\\\/\\\/lasentinelle.dz\\\/author\\\/admin\\\/\"}]}<\/script>\n<!-- \/ Yoast SEO plugin. -->","yoast_head_json":{"title":"Le pr\u00e9sident de la R\u00e9publique salue, avec fiert\u00e9, les performances des athl\u00e8tes\u00a0: Le sport alg\u00e9rien change d\u2019\u00e9chelle\u00a0! - La Sentinelle","robots":{"index":"index","follow":"follow","max-snippet":"max-snippet:-1","max-image-preview":"max-image-preview:large","max-video-preview":"max-video-preview:-1"},"canonical":"https:\/\/lasentinelle.dz\/index.php\/2026\/04\/27\/le-president-de-la-republique-salue-avec-fierte-les-performances-des-athletes-le-sport-algerien-change-dechelle\/","og_locale":"fr_FR","og_type":"article","og_title":"Le pr\u00e9sident de la R\u00e9publique salue, avec fiert\u00e9, les performances des athl\u00e8tes\u00a0: Le sport alg\u00e9rien change d\u2019\u00e9chelle\u00a0! - La Sentinelle","og_description":"En un seul mois, les athl\u00e8tes alg\u00e9riens ont d\u00e9croch\u00e9 122 m\u00e9dailles lors de comp\u00e9titions mondiales et continentales. Le pr\u00e9sident de","og_url":"https:\/\/lasentinelle.dz\/index.php\/2026\/04\/27\/le-president-de-la-republique-salue-avec-fierte-les-performances-des-athletes-le-sport-algerien-change-dechelle\/","og_site_name":"La Sentinelle","article_publisher":"https:\/\/www.facebook.com\/La-Sentinelle-104059864394773","article_published_time":"2026-04-27T19:06:28+00:00","article_modified_time":"2026-04-27T19:06:32+00:00","og_image":[{"width":770,"height":513,"url":"https:\/\/lasentinelle.dz\/wp-content\/uploads\/2026\/04\/Tebboune.webp","type":"image\/webp"}],"author":"admin","twitter_card":"summary_large_image","twitter_misc":{"\u00c9crit par":"admin","Dur\u00e9e de lecture estim\u00e9e":"7 minutes"},"schema":{"@context":"https:\/\/schema.org","@graph":[{"@type":"Article","@id":"https:\/\/lasentinelle.dz\/index.php\/2026\/04\/27\/le-president-de-la-republique-salue-avec-fierte-les-performances-des-athletes-le-sport-algerien-change-dechelle\/#article","isPartOf":{"@id":"https:\/\/lasentinelle.dz\/index.php\/2026\/04\/27\/le-president-de-la-republique-salue-avec-fierte-les-performances-des-athletes-le-sport-algerien-change-dechelle\/"},"author":{"name":"admin","@id":"https:\/\/lasentinelle.dz\/#\/schema\/person\/729ee0024f24e0b8c5ec17232f8e8b41"},"headline":"Le pr\u00e9sident de la R\u00e9publique salue, avec fiert\u00e9, les performances des athl\u00e8tes\u00a0: Le sport alg\u00e9rien change d\u2019\u00e9chelle\u00a0!","datePublished":"2026-04-27T19:06:28+00:00","dateModified":"2026-04-27T19:06:32+00:00","mainEntityOfPage":{"@id":"https:\/\/lasentinelle.dz\/index.php\/2026\/04\/27\/le-president-de-la-republique-salue-avec-fierte-les-performances-des-athletes-le-sport-algerien-change-dechelle\/"},"wordCount":1291,"commentCount":0,"publisher":{"@id":"https:\/\/lasentinelle.dz\/#organization"},"image":{"@id":"https:\/\/lasentinelle.dz\/index.php\/2026\/04\/27\/le-president-de-la-republique-salue-avec-fierte-les-performances-des-athletes-le-sport-algerien-change-dechelle\/#primaryimage"},"thumbnailUrl":"https:\/\/lasentinelle.dz\/wp-content\/uploads\/2026\/04\/Tebboune.webp","articleSection":["\u00c0 la Une","Sports"],"inLanguage":"fr-FR","potentialAction":[{"@type":"CommentAction","name":"Comment","target":["https:\/\/lasentinelle.dz\/index.php\/2026\/04\/27\/le-president-de-la-republique-salue-avec-fierte-les-performances-des-athletes-le-sport-algerien-change-dechelle\/#respond"]}]},{"@type":"WebPage","@id":"https:\/\/lasentinelle.dz\/index.php\/2026\/04\/27\/le-president-de-la-republique-salue-avec-fierte-les-performances-des-athletes-le-sport-algerien-change-dechelle\/","url":"https:\/\/lasentinelle.dz\/index.php\/2026\/04\/27\/le-president-de-la-republique-salue-avec-fierte-les-performances-des-athletes-le-sport-algerien-change-dechelle\/","name":"Le pr\u00e9sident de la R\u00e9publique salue, avec fiert\u00e9, les performances des athl\u00e8tes\u00a0: Le sport alg\u00e9rien change d\u2019\u00e9chelle\u00a0! - La Sentinelle","isPartOf":{"@id":"https:\/\/lasentinelle.dz\/#website"},"primaryImageOfPage":{"@id":"https:\/\/lasentinelle.dz\/index.php\/2026\/04\/27\/le-president-de-la-republique-salue-avec-fierte-les-performances-des-athletes-le-sport-algerien-change-dechelle\/#primaryimage"},"image":{"@id":"https:\/\/lasentinelle.dz\/index.php\/2026\/04\/27\/le-president-de-la-republique-salue-avec-fierte-les-performances-des-athletes-le-sport-algerien-change-dechelle\/#primaryimage"},"thumbnailUrl":"https:\/\/lasentinelle.dz\/wp-content\/uploads\/2026\/04\/Tebboune.webp","datePublished":"2026-04-27T19:06:28+00:00","dateModified":"2026-04-27T19:06:32+00:00","breadcrumb":{"@id":"https:\/\/lasentinelle.dz\/index.php\/2026\/04\/27\/le-president-de-la-republique-salue-avec-fierte-les-performances-des-athletes-le-sport-algerien-change-dechelle\/#breadcrumb"},"inLanguage":"fr-FR","potentialAction":[{"@type":"ReadAction","target":["https:\/\/lasentinelle.dz\/index.php\/2026\/04\/27\/le-president-de-la-republique-salue-avec-fierte-les-performances-des-athletes-le-sport-algerien-change-dechelle\/"]}]},{"@type":"ImageObject","inLanguage":"fr-FR","@id":"https:\/\/lasentinelle.dz\/index.php\/2026\/04\/27\/le-president-de-la-republique-salue-avec-fierte-les-performances-des-athletes-le-sport-algerien-change-dechelle\/#primaryimage","url":"https:\/\/lasentinelle.dz\/wp-content\/uploads\/2026\/04\/Tebboune.webp","contentUrl":"https:\/\/lasentinelle.dz\/wp-content\/uploads\/2026\/04\/Tebboune.webp","width":770,"height":513},{"@type":"BreadcrumbList","@id":"https:\/\/lasentinelle.dz\/index.php\/2026\/04\/27\/le-president-de-la-republique-salue-avec-fierte-les-performances-des-athletes-le-sport-algerien-change-dechelle\/#breadcrumb","itemListElement":[{"@type":"ListItem","position":1,"name":"Accueil","item":"https:\/\/lasentinelle.dz\/"},{"@type":"ListItem","position":2,"name":"Le pr\u00e9sident de la R\u00e9publique salue, avec fiert\u00e9, les performances des athl\u00e8tes\u00a0: Le sport alg\u00e9rien change d\u2019\u00e9chelle\u00a0!"}]},{"@type":"WebSite","@id":"https:\/\/lasentinelle.dz\/#website","url":"https:\/\/lasentinelle.dz\/","name":"La Sentinelle","description":"Quotidien national d&#039;information","publisher":{"@id":"https:\/\/lasentinelle.dz\/#organization"},"potentialAction":[{"@type":"SearchAction","target":{"@type":"EntryPoint","urlTemplate":"https:\/\/lasentinelle.dz\/?s={search_term_string}"},"query-input":{"@type":"PropertyValueSpecification","valueRequired":true,"valueName":"search_term_string"}}],"inLanguage":"fr-FR"},{"@type":"Organization","@id":"https:\/\/lasentinelle.dz\/#organization","name":"Quotidien La Sentinelle","url":"https:\/\/lasentinelle.dz\/","logo":{"@type":"ImageObject","inLanguage":"fr-FR","@id":"https:\/\/lasentinelle.dz\/#\/schema\/logo\/image\/","url":"https:\/\/lasentinelle.dz\/wp-content\/uploads\/2021\/09\/logo-sentinelleSLOGAN-1.png","contentUrl":"https:\/\/lasentinelle.dz\/wp-content\/uploads\/2021\/09\/logo-sentinelleSLOGAN-1.png","width":615,"height":142,"caption":"Quotidien La Sentinelle"},"image":{"@id":"https:\/\/lasentinelle.dz\/#\/schema\/logo\/image\/"},"sameAs":["https:\/\/www.facebook.com\/La-Sentinelle-104059864394773"]},{"@type":"Person","@id":"https:\/\/lasentinelle.dz\/#\/schema\/person\/729ee0024f24e0b8c5ec17232f8e8b41","name":"admin","image":{"@type":"ImageObject","inLanguage":"fr-FR","@id":"https:\/\/secure.gravatar.com\/avatar\/4c81fed838786e9b53f540bf46533e750f5d292099ae3b66cfc6fb1982e29df7?s=96&d=mm&r=g","url":"https:\/\/secure.gravatar.com\/avatar\/4c81fed838786e9b53f540bf46533e750f5d292099ae3b66cfc6fb1982e29df7?s=96&d=mm&r=g","contentUrl":"https:\/\/secure.gravatar.com\/avatar\/4c81fed838786e9b53f540bf46533e750f5d292099ae3b66cfc6fb1982e29df7?s=96&d=mm&r=g","caption":"admin"},"description":"admin","url":"https:\/\/lasentinelle.dz\/author\/admin\/"}]}},"_links":{"self":[{"href":"https:\/\/lasentinelle.dz\/index.php\/wp-json\/wp\/v2\/posts\/86555","targetHints":{"allow":["GET"]}}],"collection":[{"href":"https:\/\/lasentinelle.dz\/index.php\/wp-json\/wp\/v2\/posts"}],"about":[{"href":"https:\/\/lasentinelle.dz\/index.php\/wp-json\/wp\/v2\/types\/post"}],"author":[{"embeddable":true,"href":"https:\/\/lasentinelle.dz\/index.php\/wp-json\/wp\/v2\/users\/6"}],"replies":[{"embeddable":true,"href":"https:\/\/lasentinelle.dz\/index.php\/wp-json\/wp\/v2\/comments?post=86555"}],"version-history":[{"count":1,"href":"https:\/\/lasentinelle.dz\/index.php\/wp-json\/wp\/v2\/posts\/86555\/revisions"}],"predecessor-version":[{"id":86557,"href":"https:\/\/lasentinelle.dz\/index.php\/wp-json\/wp\/v2\/posts\/86555\/revisions\/86557"}],"wp:featuredmedia":[{"embeddable":true,"href":"https:\/\/lasentinelle.dz\/index.php\/wp-json\/wp\/v2\/media\/86556"}],"wp:attachment":[{"href":"https:\/\/lasentinelle.dz\/index.php\/wp-json\/wp\/v2\/media?parent=86555"}],"wp:term":[{"taxonomy":"category","embeddable":true,"href":"https:\/\/lasentinelle.dz\/index.php\/wp-json\/wp\/v2\/categories?post=86555"},{"taxonomy":"post_tag","embeddable":true,"href":"https:\/\/lasentinelle.dz\/index.php\/wp-json\/wp\/v2\/tags?post=86555"}],"curies":[{"name":"wp","href":"https:\/\/api.w.org\/{rel}","templated":true}]}}