{"id":86560,"date":"2026-04-27T20:08:55","date_gmt":"2026-04-27T19:08:55","guid":{"rendered":"https:\/\/lasentinelle.dz\/?p=86560"},"modified":"2026-04-27T20:08:57","modified_gmt":"2026-04-27T19:08:57","slug":"universite-badji-mokhtar-dannaba-cap-sur-lauto-entrepreneuriat-pour-booster-lautonomie-des-etudiants","status":"publish","type":"post","link":"https:\/\/lasentinelle.dz\/index.php\/2026\/04\/27\/universite-badji-mokhtar-dannaba-cap-sur-lauto-entrepreneuriat-pour-booster-lautonomie-des-etudiants\/","title":{"rendered":"Universit\u00e9 Badji Mokhtar d&rsquo;Annaba\u00a0: Cap sur l&rsquo;auto-entrepreneuriat pour booster l&rsquo;autonomie des \u00e9tudiants"},"content":{"rendered":"\n<p>L&rsquo;incubateur de l&rsquo;universit\u00e9 Badji Mokhtar (UBM) d&rsquo;Annaba organise, mercredi 29 avril, une journ\u00e9e d&rsquo;\u00e9tude consacr\u00e9e \u00e0 l&rsquo;auto-entrepreneuriat. Ouverte \u00e0 tous les \u00e9tudiants, la rencontre vise \u00e0 les familiariser avec ce statut en plein essor et \u00e0 les encourager \u00e0 transformer leurs id\u00e9es en projets \u00e9conomiques concrets. Dans un contexte national marqu\u00e9 par la promotion de l&rsquo;innovation et de la diversification \u00e9conomique, l&rsquo;universit\u00e9 Badji Mokhtar d&rsquo;Annaba intensifie ses efforts pour rapprocher le monde acad\u00e9mique de l&rsquo;entrepreneuriat. L&rsquo;incubateur d&rsquo;entreprises de l&rsquo;\u00e9tablissement organise, le mercredi 29 avril, une journ\u00e9e d&rsquo;\u00e9tude consacr\u00e9e au th\u00e8me : \u00ab L&rsquo;auto-entrepreneur en Alg\u00e9rie : m\u00e9canisme d&rsquo;autonomisation \u00e9conomique et opportunit\u00e9 pour les \u00e9tudiants \u00bb. La rencontre se tiendra au p\u00f4le universitaire de Sidi Amar. L&rsquo;\u00e9v\u00e9nement s&rsquo;inscrit dans le cadre de la mise en \u0153uvre de l&rsquo;arr\u00eat\u00e9 minist\u00e9riel n\u00b0 1275, modifi\u00e9 et compl\u00e9t\u00e9 par l&rsquo;arr\u00eat\u00e9 n\u00b0 008, qui encadre les dispositifs d&rsquo;accompagnement entrepreneurial au sein des universit\u00e9s. La participation est obligatoire pour les \u00e9tudiants concern\u00e9s par ce dispositif, tout en restant ouverte \u00e0 l&rsquo;ensemble de ceux qui souhaitent s&rsquo;initier \u00e0 l&rsquo;entrepreneuriat. Cette initiative vise \u00e0 renforcer la culture entrepreneuriale chez les \u00e9tudiants et \u00e0 les sensibiliser aux nouvelles formes d&rsquo;insertion professionnelle, notamment \u00e0 travers le statut d&rsquo;auto-entrepreneur, consid\u00e9r\u00e9 aujourd&rsquo;hui comme une alternative concr\u00e8te au salariat classique. Ce statut, introduit pour encourager la formalisation de l&rsquo;\u00e9conomie informelle, permet aux jeunes de d\u00e9velopper leurs propres activit\u00e9s dans un cadre l\u00e9gal simplifi\u00e9, avec des d\u00e9marches administratives all\u00e9g\u00e9es et des avantages fiscaux adapt\u00e9s. La journ\u00e9e r\u00e9unira un panel d&rsquo;experts, de repr\u00e9sentants institutionnels et de professionnels de l&rsquo;accompagnement entrepreneurial. Les discussions aborderont plusieurs axes, notamment le cadre juridique r\u00e9gissant l&rsquo;auto-entrepreneuriat en Alg\u00e9rie, les m\u00e9canismes de financement disponibles, ainsi que les dispositifs d&rsquo;appui mis en place par l&rsquo;\u00c9tat. Une attention particuli\u00e8re sera accord\u00e9e aux \u00e9tapes de cr\u00e9ation de projet, depuis l&rsquo;id\u00e9e initiale jusqu&rsquo;\u00e0 la phase de r\u00e9alisation, en passant par le mentorat et le suivi personnalis\u00e9.<\/p>\n\n\n\n<p>Dans un environnement \u00e9conomique en mutation, marqu\u00e9 par la recherche de nouvelles sources de croissance et la r\u00e9duction du ch\u00f4mage des jeunes dipl\u00f4m\u00e9s, l&rsquo;universit\u00e9 joue un r\u00f4le de plus en plus central dans la promotion de l&rsquo;innovation. L&rsquo;incubateur de l&rsquo;universit\u00e9 Badji Mokhtar s&rsquo;impose ainsi comme un espace de transition entre la formation acad\u00e9mique et le monde de l&rsquo;entreprise, en accompagnant les \u00e9tudiants dans la concr\u00e9tisation de leurs projets. Des t\u00e9moignages d&rsquo;auto-entrepreneurs viendront enrichir les d\u00e9bats, apportant un \u00e9clairage concret sur les r\u00e9alit\u00e9s du terrain, les difficult\u00e9s rencontr\u00e9es mais aussi les opportunit\u00e9s offertes par ce statut en pleine expansion en Alg\u00e9rie. Ces retours d&rsquo;exp\u00e9rience devraient permettre aux \u00e9tudiants de mieux appr\u00e9hender les enjeux de l&rsquo;entrepreneuriat et de se projeter dans des parcours professionnels alternatifs. \u00c0 travers cette journ\u00e9e d&rsquo;\u00e9tude, l&rsquo;universit\u00e9 Badji Mokhtar d&rsquo;Annaba confirme son engagement en faveur de l&rsquo;innovation et de l&rsquo;entrepreneuriat \u00e9tudiant, en offrant aux jeunes un cadre structur\u00e9 pour passer de l&rsquo;id\u00e9e \u00e0 l&rsquo;action et transformer l&rsquo;ambition individuelle en v\u00e9ritable levier de d\u00e9veloppement \u00e9conomique.<\/p>\n\n\n\n<p><strong>S. Chahine<\/strong><\/p>\n","protected":false},"excerpt":{"rendered":"<p>L&rsquo;incubateur de l&rsquo;universit\u00e9 Badji Mokhtar (UBM) d&rsquo;Annaba organise, mercredi 29 avril, une journ\u00e9e d&rsquo;\u00e9tude consacr\u00e9e \u00e0 l&rsquo;auto-entrepreneuriat. Ouverte \u00e0 tous<\/p>\n","protected":false},"author":6,"featured_media":68839,"comment_status":"open","ping_status":"closed","sticky":false,"template":"","format":"standard","meta":{"colormag_page_container_layout":"default_layout","colormag_page_sidebar_layout":"default_layout","om_disable_all_campaigns":false,"_monsterinsights_skip_tracking":false,"_monsterinsights_sitenote_active":false,"_monsterinsights_sitenote_note":"","_monsterinsights_sitenote_category":0,"footnotes":"","_wpscppro_dont_share_socialmedia":false,"_wpscppro_custom_social_share_image":0,"_facebook_share_type":"default","_twitter_share_type":"default","_linkedin_share_type":"default","_pinterest_share_type":"default","_linkedin_share_type_page":"","_instagram_share_type":"default","_medium_share_type":"default","_threads_share_type":"default","_google_business_share_type":"default","_selected_social_profile":[],"_wpsp_enable_custom_social_template":false,"_wpsp_social_scheduling":{"enabled":false,"datetime":null,"platforms":[],"status":"template_only","dateOption":"today","timeOption":"now","customDays":"","customHours":"","customDate":"","customTime":"","schedulingType":"absolute"},"_wpsp_active_default_template":true},"categories":[31],"tags":[],"class_list":["post-86560","post","type-post","status-publish","format-standard","has-post-thumbnail","hentry","category-regions"],"aioseo_notices":[],"yoast_head":"<!-- This site is optimized with the Yoast SEO plugin v27.4 - https:\/\/yoast.com\/product\/yoast-seo-wordpress\/ -->\n<title>Universit\u00e9 Badji Mokhtar d&rsquo;Annaba\u00a0: Cap sur l&rsquo;auto-entrepreneuriat pour booster l&rsquo;autonomie des \u00e9tudiants - La Sentinelle<\/title>\n<meta name=\"robots\" content=\"index, follow, max-snippet:-1, max-image-preview:large, max-video-preview:-1\" \/>\n<link rel=\"canonical\" href=\"https:\/\/lasentinelle.dz\/index.php\/2026\/04\/27\/universite-badji-mokhtar-dannaba-cap-sur-lauto-entrepreneuriat-pour-booster-lautonomie-des-etudiants\/\" \/>\n<meta property=\"og:locale\" content=\"fr_FR\" \/>\n<meta property=\"og:type\" content=\"article\" \/>\n<meta property=\"og:title\" content=\"Universit\u00e9 Badji Mokhtar d&rsquo;Annaba\u00a0: Cap sur l&rsquo;auto-entrepreneuriat pour booster l&rsquo;autonomie des \u00e9tudiants - La Sentinelle\" \/>\n<meta property=\"og:description\" content=\"L&rsquo;incubateur de l&rsquo;universit\u00e9 Badji Mokhtar (UBM) d&rsquo;Annaba organise, mercredi 29 avril, une journ\u00e9e d&rsquo;\u00e9tude consacr\u00e9e \u00e0 l&rsquo;auto-entrepreneuriat. Ouverte \u00e0 tous\" \/>\n<meta property=\"og:url\" content=\"https:\/\/lasentinelle.dz\/index.php\/2026\/04\/27\/universite-badji-mokhtar-dannaba-cap-sur-lauto-entrepreneuriat-pour-booster-lautonomie-des-etudiants\/\" \/>\n<meta property=\"og:site_name\" content=\"La Sentinelle\" \/>\n<meta property=\"article:publisher\" content=\"https:\/\/www.facebook.com\/La-Sentinelle-104059864394773\" \/>\n<meta property=\"article:published_time\" content=\"2026-04-27T19:08:55+00:00\" \/>\n<meta property=\"article:modified_time\" content=\"2026-04-27T19:08:57+00:00\" \/>\n<meta property=\"og:image\" content=\"https:\/\/lasentinelle.dz\/wp-content\/uploads\/2025\/06\/UMBA.jpeg\" \/>\n\t<meta property=\"og:image:width\" content=\"1280\" \/>\n\t<meta property=\"og:image:height\" content=\"720\" \/>\n\t<meta property=\"og:image:type\" content=\"image\/jpeg\" \/>\n<meta name=\"author\" content=\"admin\" \/>\n<meta name=\"twitter:card\" content=\"summary_large_image\" \/>\n<meta name=\"twitter:label1\" content=\"\u00c9crit par\" \/>\n\t<meta name=\"twitter:data1\" content=\"admin\" \/>\n\t<meta name=\"twitter:label2\" content=\"Dur\u00e9e de lecture estim\u00e9e\" \/>\n\t<meta name=\"twitter:data2\" content=\"3 minutes\" \/>\n<script type=\"application\/ld+json\" class=\"yoast-schema-graph\">{\"@context\":\"https:\\\/\\\/schema.org\",\"@graph\":[{\"@type\":\"Article\",\"@id\":\"https:\\\/\\\/lasentinelle.dz\\\/index.php\\\/2026\\\/04\\\/27\\\/universite-badji-mokhtar-dannaba-cap-sur-lauto-entrepreneuriat-pour-booster-lautonomie-des-etudiants\\\/#article\",\"isPartOf\":{\"@id\":\"https:\\\/\\\/lasentinelle.dz\\\/index.php\\\/2026\\\/04\\\/27\\\/universite-badji-mokhtar-dannaba-cap-sur-lauto-entrepreneuriat-pour-booster-lautonomie-des-etudiants\\\/\"},\"author\":{\"name\":\"admin\",\"@id\":\"https:\\\/\\\/lasentinelle.dz\\\/#\\\/schema\\\/person\\\/729ee0024f24e0b8c5ec17232f8e8b41\"},\"headline\":\"Universit\u00e9 Badji Mokhtar d&rsquo;Annaba\u00a0: Cap sur l&rsquo;auto-entrepreneuriat pour booster l&rsquo;autonomie des \u00e9tudiants\",\"datePublished\":\"2026-04-27T19:08:55+00:00\",\"dateModified\":\"2026-04-27T19:08:57+00:00\",\"mainEntityOfPage\":{\"@id\":\"https:\\\/\\\/lasentinelle.dz\\\/index.php\\\/2026\\\/04\\\/27\\\/universite-badji-mokhtar-dannaba-cap-sur-lauto-entrepreneuriat-pour-booster-lautonomie-des-etudiants\\\/\"},\"wordCount\":584,\"commentCount\":0,\"publisher\":{\"@id\":\"https:\\\/\\\/lasentinelle.dz\\\/#organization\"},\"image\":{\"@id\":\"https:\\\/\\\/lasentinelle.dz\\\/index.php\\\/2026\\\/04\\\/27\\\/universite-badji-mokhtar-dannaba-cap-sur-lauto-entrepreneuriat-pour-booster-lautonomie-des-etudiants\\\/#primaryimage\"},\"thumbnailUrl\":\"https:\\\/\\\/lasentinelle.dz\\\/wp-content\\\/uploads\\\/2025\\\/06\\\/UMBA.jpeg\",\"articleSection\":[\"R\u00e9gions\"],\"inLanguage\":\"fr-FR\",\"potentialAction\":[{\"@type\":\"CommentAction\",\"name\":\"Comment\",\"target\":[\"https:\\\/\\\/lasentinelle.dz\\\/index.php\\\/2026\\\/04\\\/27\\\/universite-badji-mokhtar-dannaba-cap-sur-lauto-entrepreneuriat-pour-booster-lautonomie-des-etudiants\\\/#respond\"]}]},{\"@type\":\"WebPage\",\"@id\":\"https:\\\/\\\/lasentinelle.dz\\\/index.php\\\/2026\\\/04\\\/27\\\/universite-badji-mokhtar-dannaba-cap-sur-lauto-entrepreneuriat-pour-booster-lautonomie-des-etudiants\\\/\",\"url\":\"https:\\\/\\\/lasentinelle.dz\\\/index.php\\\/2026\\\/04\\\/27\\\/universite-badji-mokhtar-dannaba-cap-sur-lauto-entrepreneuriat-pour-booster-lautonomie-des-etudiants\\\/\",\"name\":\"Universit\u00e9 Badji Mokhtar d&rsquo;Annaba\u00a0: Cap sur l&rsquo;auto-entrepreneuriat pour booster l&rsquo;autonomie des \u00e9tudiants - La Sentinelle\",\"isPartOf\":{\"@id\":\"https:\\\/\\\/lasentinelle.dz\\\/#website\"},\"primaryImageOfPage\":{\"@id\":\"https:\\\/\\\/lasentinelle.dz\\\/index.php\\\/2026\\\/04\\\/27\\\/universite-badji-mokhtar-dannaba-cap-sur-lauto-entrepreneuriat-pour-booster-lautonomie-des-etudiants\\\/#primaryimage\"},\"image\":{\"@id\":\"https:\\\/\\\/lasentinelle.dz\\\/index.php\\\/2026\\\/04\\\/27\\\/universite-badji-mokhtar-dannaba-cap-sur-lauto-entrepreneuriat-pour-booster-lautonomie-des-etudiants\\\/#primaryimage\"},\"thumbnailUrl\":\"https:\\\/\\\/lasentinelle.dz\\\/wp-content\\\/uploads\\\/2025\\\/06\\\/UMBA.jpeg\",\"datePublished\":\"2026-04-27T19:08:55+00:00\",\"dateModified\":\"2026-04-27T19:08:57+00:00\",\"breadcrumb\":{\"@id\":\"https:\\\/\\\/lasentinelle.dz\\\/index.php\\\/2026\\\/04\\\/27\\\/universite-badji-mokhtar-dannaba-cap-sur-lauto-entrepreneuriat-pour-booster-lautonomie-des-etudiants\\\/#breadcrumb\"},\"inLanguage\":\"fr-FR\",\"potentialAction\":[{\"@type\":\"ReadAction\",\"target\":[\"https:\\\/\\\/lasentinelle.dz\\\/index.php\\\/2026\\\/04\\\/27\\\/universite-badji-mokhtar-dannaba-cap-sur-lauto-entrepreneuriat-pour-booster-lautonomie-des-etudiants\\\/\"]}]},{\"@type\":\"ImageObject\",\"inLanguage\":\"fr-FR\",\"@id\":\"https:\\\/\\\/lasentinelle.dz\\\/index.php\\\/2026\\\/04\\\/27\\\/universite-badji-mokhtar-dannaba-cap-sur-lauto-entrepreneuriat-pour-booster-lautonomie-des-etudiants\\\/#primaryimage\",\"url\":\"https:\\\/\\\/lasentinelle.dz\\\/wp-content\\\/uploads\\\/2025\\\/06\\\/UMBA.jpeg\",\"contentUrl\":\"https:\\\/\\\/lasentinelle.dz\\\/wp-content\\\/uploads\\\/2025\\\/06\\\/UMBA.jpeg\",\"width\":1280,\"height\":720},{\"@type\":\"BreadcrumbList\",\"@id\":\"https:\\\/\\\/lasentinelle.dz\\\/index.php\\\/2026\\\/04\\\/27\\\/universite-badji-mokhtar-dannaba-cap-sur-lauto-entrepreneuriat-pour-booster-lautonomie-des-etudiants\\\/#breadcrumb\",\"itemListElement\":[{\"@type\":\"ListItem\",\"position\":1,\"name\":\"Accueil\",\"item\":\"https:\\\/\\\/lasentinelle.dz\\\/\"},{\"@type\":\"ListItem\",\"position\":2,\"name\":\"Universit\u00e9 Badji Mokhtar d&rsquo;Annaba\u00a0: Cap sur l&rsquo;auto-entrepreneuriat pour booster l&rsquo;autonomie des \u00e9tudiants\"}]},{\"@type\":\"WebSite\",\"@id\":\"https:\\\/\\\/lasentinelle.dz\\\/#website\",\"url\":\"https:\\\/\\\/lasentinelle.dz\\\/\",\"name\":\"La Sentinelle\",\"description\":\"Quotidien national d&#039;information\",\"publisher\":{\"@id\":\"https:\\\/\\\/lasentinelle.dz\\\/#organization\"},\"potentialAction\":[{\"@type\":\"SearchAction\",\"target\":{\"@type\":\"EntryPoint\",\"urlTemplate\":\"https:\\\/\\\/lasentinelle.dz\\\/?s={search_term_string}\"},\"query-input\":{\"@type\":\"PropertyValueSpecification\",\"valueRequired\":true,\"valueName\":\"search_term_string\"}}],\"inLanguage\":\"fr-FR\"},{\"@type\":\"Organization\",\"@id\":\"https:\\\/\\\/lasentinelle.dz\\\/#organization\",\"name\":\"Quotidien La Sentinelle\",\"url\":\"https:\\\/\\\/lasentinelle.dz\\\/\",\"logo\":{\"@type\":\"ImageObject\",\"inLanguage\":\"fr-FR\",\"@id\":\"https:\\\/\\\/lasentinelle.dz\\\/#\\\/schema\\\/logo\\\/image\\\/\",\"url\":\"https:\\\/\\\/lasentinelle.dz\\\/wp-content\\\/uploads\\\/2021\\\/09\\\/logo-sentinelleSLOGAN-1.png\",\"contentUrl\":\"https:\\\/\\\/lasentinelle.dz\\\/wp-content\\\/uploads\\\/2021\\\/09\\\/logo-sentinelleSLOGAN-1.png\",\"width\":615,\"height\":142,\"caption\":\"Quotidien La Sentinelle\"},\"image\":{\"@id\":\"https:\\\/\\\/lasentinelle.dz\\\/#\\\/schema\\\/logo\\\/image\\\/\"},\"sameAs\":[\"https:\\\/\\\/www.facebook.com\\\/La-Sentinelle-104059864394773\"]},{\"@type\":\"Person\",\"@id\":\"https:\\\/\\\/lasentinelle.dz\\\/#\\\/schema\\\/person\\\/729ee0024f24e0b8c5ec17232f8e8b41\",\"name\":\"admin\",\"image\":{\"@type\":\"ImageObject\",\"inLanguage\":\"fr-FR\",\"@id\":\"https:\\\/\\\/secure.gravatar.com\\\/avatar\\\/4c81fed838786e9b53f540bf46533e750f5d292099ae3b66cfc6fb1982e29df7?s=96&d=mm&r=g\",\"url\":\"https:\\\/\\\/secure.gravatar.com\\\/avatar\\\/4c81fed838786e9b53f540bf46533e750f5d292099ae3b66cfc6fb1982e29df7?s=96&d=mm&r=g\",\"contentUrl\":\"https:\\\/\\\/secure.gravatar.com\\\/avatar\\\/4c81fed838786e9b53f540bf46533e750f5d292099ae3b66cfc6fb1982e29df7?s=96&d=mm&r=g\",\"caption\":\"admin\"},\"description\":\"admin\",\"url\":\"https:\\\/\\\/lasentinelle.dz\\\/author\\\/admin\\\/\"}]}<\/script>\n<!-- \/ Yoast SEO plugin. -->","yoast_head_json":{"title":"Universit\u00e9 Badji Mokhtar d&rsquo;Annaba\u00a0: Cap sur l&rsquo;auto-entrepreneuriat pour booster l&rsquo;autonomie des \u00e9tudiants - La Sentinelle","robots":{"index":"index","follow":"follow","max-snippet":"max-snippet:-1","max-image-preview":"max-image-preview:large","max-video-preview":"max-video-preview:-1"},"canonical":"https:\/\/lasentinelle.dz\/index.php\/2026\/04\/27\/universite-badji-mokhtar-dannaba-cap-sur-lauto-entrepreneuriat-pour-booster-lautonomie-des-etudiants\/","og_locale":"fr_FR","og_type":"article","og_title":"Universit\u00e9 Badji Mokhtar d&rsquo;Annaba\u00a0: Cap sur l&rsquo;auto-entrepreneuriat pour booster l&rsquo;autonomie des \u00e9tudiants - La Sentinelle","og_description":"L&rsquo;incubateur de l&rsquo;universit\u00e9 Badji Mokhtar (UBM) d&rsquo;Annaba organise, mercredi 29 avril, une journ\u00e9e d&rsquo;\u00e9tude consacr\u00e9e \u00e0 l&rsquo;auto-entrepreneuriat. Ouverte \u00e0 tous","og_url":"https:\/\/lasentinelle.dz\/index.php\/2026\/04\/27\/universite-badji-mokhtar-dannaba-cap-sur-lauto-entrepreneuriat-pour-booster-lautonomie-des-etudiants\/","og_site_name":"La Sentinelle","article_publisher":"https:\/\/www.facebook.com\/La-Sentinelle-104059864394773","article_published_time":"2026-04-27T19:08:55+00:00","article_modified_time":"2026-04-27T19:08:57+00:00","og_image":[{"width":1280,"height":720,"url":"https:\/\/lasentinelle.dz\/wp-content\/uploads\/2025\/06\/UMBA.jpeg","type":"image\/jpeg"}],"author":"admin","twitter_card":"summary_large_image","twitter_misc":{"\u00c9crit par":"admin","Dur\u00e9e de lecture estim\u00e9e":"3 minutes"},"schema":{"@context":"https:\/\/schema.org","@graph":[{"@type":"Article","@id":"https:\/\/lasentinelle.dz\/index.php\/2026\/04\/27\/universite-badji-mokhtar-dannaba-cap-sur-lauto-entrepreneuriat-pour-booster-lautonomie-des-etudiants\/#article","isPartOf":{"@id":"https:\/\/lasentinelle.dz\/index.php\/2026\/04\/27\/universite-badji-mokhtar-dannaba-cap-sur-lauto-entrepreneuriat-pour-booster-lautonomie-des-etudiants\/"},"author":{"name":"admin","@id":"https:\/\/lasentinelle.dz\/#\/schema\/person\/729ee0024f24e0b8c5ec17232f8e8b41"},"headline":"Universit\u00e9 Badji Mokhtar d&rsquo;Annaba\u00a0: Cap sur l&rsquo;auto-entrepreneuriat pour booster l&rsquo;autonomie des \u00e9tudiants","datePublished":"2026-04-27T19:08:55+00:00","dateModified":"2026-04-27T19:08:57+00:00","mainEntityOfPage":{"@id":"https:\/\/lasentinelle.dz\/index.php\/2026\/04\/27\/universite-badji-mokhtar-dannaba-cap-sur-lauto-entrepreneuriat-pour-booster-lautonomie-des-etudiants\/"},"wordCount":584,"commentCount":0,"publisher":{"@id":"https:\/\/lasentinelle.dz\/#organization"},"image":{"@id":"https:\/\/lasentinelle.dz\/index.php\/2026\/04\/27\/universite-badji-mokhtar-dannaba-cap-sur-lauto-entrepreneuriat-pour-booster-lautonomie-des-etudiants\/#primaryimage"},"thumbnailUrl":"https:\/\/lasentinelle.dz\/wp-content\/uploads\/2025\/06\/UMBA.jpeg","articleSection":["R\u00e9gions"],"inLanguage":"fr-FR","potentialAction":[{"@type":"CommentAction","name":"Comment","target":["https:\/\/lasentinelle.dz\/index.php\/2026\/04\/27\/universite-badji-mokhtar-dannaba-cap-sur-lauto-entrepreneuriat-pour-booster-lautonomie-des-etudiants\/#respond"]}]},{"@type":"WebPage","@id":"https:\/\/lasentinelle.dz\/index.php\/2026\/04\/27\/universite-badji-mokhtar-dannaba-cap-sur-lauto-entrepreneuriat-pour-booster-lautonomie-des-etudiants\/","url":"https:\/\/lasentinelle.dz\/index.php\/2026\/04\/27\/universite-badji-mokhtar-dannaba-cap-sur-lauto-entrepreneuriat-pour-booster-lautonomie-des-etudiants\/","name":"Universit\u00e9 Badji Mokhtar d&rsquo;Annaba\u00a0: Cap sur l&rsquo;auto-entrepreneuriat pour booster l&rsquo;autonomie des \u00e9tudiants - La Sentinelle","isPartOf":{"@id":"https:\/\/lasentinelle.dz\/#website"},"primaryImageOfPage":{"@id":"https:\/\/lasentinelle.dz\/index.php\/2026\/04\/27\/universite-badji-mokhtar-dannaba-cap-sur-lauto-entrepreneuriat-pour-booster-lautonomie-des-etudiants\/#primaryimage"},"image":{"@id":"https:\/\/lasentinelle.dz\/index.php\/2026\/04\/27\/universite-badji-mokhtar-dannaba-cap-sur-lauto-entrepreneuriat-pour-booster-lautonomie-des-etudiants\/#primaryimage"},"thumbnailUrl":"https:\/\/lasentinelle.dz\/wp-content\/uploads\/2025\/06\/UMBA.jpeg","datePublished":"2026-04-27T19:08:55+00:00","dateModified":"2026-04-27T19:08:57+00:00","breadcrumb":{"@id":"https:\/\/lasentinelle.dz\/index.php\/2026\/04\/27\/universite-badji-mokhtar-dannaba-cap-sur-lauto-entrepreneuriat-pour-booster-lautonomie-des-etudiants\/#breadcrumb"},"inLanguage":"fr-FR","potentialAction":[{"@type":"ReadAction","target":["https:\/\/lasentinelle.dz\/index.php\/2026\/04\/27\/universite-badji-mokhtar-dannaba-cap-sur-lauto-entrepreneuriat-pour-booster-lautonomie-des-etudiants\/"]}]},{"@type":"ImageObject","inLanguage":"fr-FR","@id":"https:\/\/lasentinelle.dz\/index.php\/2026\/04\/27\/universite-badji-mokhtar-dannaba-cap-sur-lauto-entrepreneuriat-pour-booster-lautonomie-des-etudiants\/#primaryimage","url":"https:\/\/lasentinelle.dz\/wp-content\/uploads\/2025\/06\/UMBA.jpeg","contentUrl":"https:\/\/lasentinelle.dz\/wp-content\/uploads\/2025\/06\/UMBA.jpeg","width":1280,"height":720},{"@type":"BreadcrumbList","@id":"https:\/\/lasentinelle.dz\/index.php\/2026\/04\/27\/universite-badji-mokhtar-dannaba-cap-sur-lauto-entrepreneuriat-pour-booster-lautonomie-des-etudiants\/#breadcrumb","itemListElement":[{"@type":"ListItem","position":1,"name":"Accueil","item":"https:\/\/lasentinelle.dz\/"},{"@type":"ListItem","position":2,"name":"Universit\u00e9 Badji Mokhtar d&rsquo;Annaba\u00a0: Cap sur l&rsquo;auto-entrepreneuriat pour booster l&rsquo;autonomie des \u00e9tudiants"}]},{"@type":"WebSite","@id":"https:\/\/lasentinelle.dz\/#website","url":"https:\/\/lasentinelle.dz\/","name":"La Sentinelle","description":"Quotidien national d&#039;information","publisher":{"@id":"https:\/\/lasentinelle.dz\/#organization"},"potentialAction":[{"@type":"SearchAction","target":{"@type":"EntryPoint","urlTemplate":"https:\/\/lasentinelle.dz\/?s={search_term_string}"},"query-input":{"@type":"PropertyValueSpecification","valueRequired":true,"valueName":"search_term_string"}}],"inLanguage":"fr-FR"},{"@type":"Organization","@id":"https:\/\/lasentinelle.dz\/#organization","name":"Quotidien La Sentinelle","url":"https:\/\/lasentinelle.dz\/","logo":{"@type":"ImageObject","inLanguage":"fr-FR","@id":"https:\/\/lasentinelle.dz\/#\/schema\/logo\/image\/","url":"https:\/\/lasentinelle.dz\/wp-content\/uploads\/2021\/09\/logo-sentinelleSLOGAN-1.png","contentUrl":"https:\/\/lasentinelle.dz\/wp-content\/uploads\/2021\/09\/logo-sentinelleSLOGAN-1.png","width":615,"height":142,"caption":"Quotidien La Sentinelle"},"image":{"@id":"https:\/\/lasentinelle.dz\/#\/schema\/logo\/image\/"},"sameAs":["https:\/\/www.facebook.com\/La-Sentinelle-104059864394773"]},{"@type":"Person","@id":"https:\/\/lasentinelle.dz\/#\/schema\/person\/729ee0024f24e0b8c5ec17232f8e8b41","name":"admin","image":{"@type":"ImageObject","inLanguage":"fr-FR","@id":"https:\/\/secure.gravatar.com\/avatar\/4c81fed838786e9b53f540bf46533e750f5d292099ae3b66cfc6fb1982e29df7?s=96&d=mm&r=g","url":"https:\/\/secure.gravatar.com\/avatar\/4c81fed838786e9b53f540bf46533e750f5d292099ae3b66cfc6fb1982e29df7?s=96&d=mm&r=g","contentUrl":"https:\/\/secure.gravatar.com\/avatar\/4c81fed838786e9b53f540bf46533e750f5d292099ae3b66cfc6fb1982e29df7?s=96&d=mm&r=g","caption":"admin"},"description":"admin","url":"https:\/\/lasentinelle.dz\/author\/admin\/"}]}},"_links":{"self":[{"href":"https:\/\/lasentinelle.dz\/index.php\/wp-json\/wp\/v2\/posts\/86560","targetHints":{"allow":["GET"]}}],"collection":[{"href":"https:\/\/lasentinelle.dz\/index.php\/wp-json\/wp\/v2\/posts"}],"about":[{"href":"https:\/\/lasentinelle.dz\/index.php\/wp-json\/wp\/v2\/types\/post"}],"author":[{"embeddable":true,"href":"https:\/\/lasentinelle.dz\/index.php\/wp-json\/wp\/v2\/users\/6"}],"replies":[{"embeddable":true,"href":"https:\/\/lasentinelle.dz\/index.php\/wp-json\/wp\/v2\/comments?post=86560"}],"version-history":[{"count":2,"href":"https:\/\/lasentinelle.dz\/index.php\/wp-json\/wp\/v2\/posts\/86560\/revisions"}],"predecessor-version":[{"id":86562,"href":"https:\/\/lasentinelle.dz\/index.php\/wp-json\/wp\/v2\/posts\/86560\/revisions\/86562"}],"wp:featuredmedia":[{"embeddable":true,"href":"https:\/\/lasentinelle.dz\/index.php\/wp-json\/wp\/v2\/media\/68839"}],"wp:attachment":[{"href":"https:\/\/lasentinelle.dz\/index.php\/wp-json\/wp\/v2\/media?parent=86560"}],"wp:term":[{"taxonomy":"category","embeddable":true,"href":"https:\/\/lasentinelle.dz\/index.php\/wp-json\/wp\/v2\/categories?post=86560"},{"taxonomy":"post_tag","embeddable":true,"href":"https:\/\/lasentinelle.dz\/index.php\/wp-json\/wp\/v2\/tags?post=86560"}],"curies":[{"name":"wp","href":"https:\/\/api.w.org\/{rel}","templated":true}]}}