{"id":86563,"date":"2026-04-27T20:09:52","date_gmt":"2026-04-27T19:09:52","guid":{"rendered":"https:\/\/lasentinelle.dz\/?p=86563"},"modified":"2026-04-27T20:09:55","modified_gmt":"2026-04-27T19:09:55","slug":"luniversite-de-batna-au-coeur-de-linnovation-verte-un-hackathon-pour-imaginer-lenergie-de-demain","status":"publish","type":"post","link":"https:\/\/lasentinelle.dz\/index.php\/2026\/04\/27\/luniversite-de-batna-au-coeur-de-linnovation-verte-un-hackathon-pour-imaginer-lenergie-de-demain\/","title":{"rendered":"L\u2019universit\u00e9 de Batna au c\u0153ur de l&rsquo;innovation verte\u00a0: Un hackathon pour imaginer l&rsquo;\u00e9nergie de demain"},"content":{"rendered":"\n<p>L&rsquo;universit\u00e9 Batna-2 accueille, du 28 au 30 avril, la 2e \u00e9dition du hackathon transfrontalier consacr\u00e9 aux solutions num\u00e9riques au service des \u00e9nergies renouvelables. Douze universit\u00e9s d&rsquo;Alg\u00e9rie, de Tunisie et de Libye y participent, dans le cadre d&rsquo;une dynamique r\u00e9gionale de coop\u00e9ration acad\u00e9mique et de transition \u00e9nerg\u00e9tique.<\/p>\n\n\n\n<p>L&rsquo;universit\u00e9 Batna-2 abrite depuis ce mardi, et jusqu&rsquo;au 30 avril, la 2e \u00e9dition du hackathon transfrontalier consacr\u00e9 aux solutions num\u00e9riques au service des \u00e9nergies renouvelables. Un \u00e9v\u00e9nement scientifique qui r\u00e9unit des \u00e9tudiants, chercheurs et encadrants issus de douze universit\u00e9s r\u00e9parties entre l&rsquo;Alg\u00e9rie, la Tunisie et la Libye, traduisant une volont\u00e9 affirm\u00e9e de renforcer les passerelles acad\u00e9miques \u00e0 l&rsquo;\u00e9chelle r\u00e9gionale. Port\u00e9e par le vice-rectorat charg\u00e9 des relations ext\u00e9rieures et de la coop\u00e9ration, cette initiative s&rsquo;inscrit dans une dynamique de promotion de l&rsquo;intelligence collective et de la cr\u00e9ativit\u00e9 chez les jeunes talents. Durant trois jours, les participants seront appel\u00e9s \u00e0 concevoir des solutions innovantes face aux d\u00e9fis \u00e9nerg\u00e9tiques actuels, dans un contexte o\u00f9 la transition vers des sources d&rsquo;\u00e9nergie propres s&rsquo;impose comme une priorit\u00e9 strat\u00e9gique pour de nombreux pays, dont l&rsquo;Alg\u00e9rie. Le programme de cette \u00e9dition s&rsquo;annonce dense et structur\u00e9. La premi\u00e8re journ\u00e9e a \u00e9t\u00e9 consacr\u00e9e au lancement officiel et \u00e0 des sessions de formation encadr\u00e9es par des experts issus d&rsquo;universit\u00e9s alg\u00e9riennes et tunisiennes. Les th\u00e9matiques abord\u00e9es \u2014 du Design Thinking \u00e0 l&rsquo;Internet des objets (IoT), en passant par l&rsquo;intelligence artificielle (IA) et les mod\u00e8les \u00e9conomiques innovants \u2014 t\u00e9moignent de l&rsquo;\u00e9volution des outils technologiques mobilis\u00e9s aujourd&rsquo;hui dans le secteur \u00e9nerg\u00e9tique. Ces technologies permettent notamment d&rsquo;optimiser la production d&rsquo;\u00e9nergie solaire et \u00e9olienne, d&rsquo;am\u00e9liorer le stockage via des syst\u00e8mes intelligents ou encore de d\u00e9velopper des r\u00e9seaux \u00e9lectriques dits \u00ab smart grids \u00bb, capables d&rsquo;adapter en temps r\u00e9el l&rsquo;offre \u00e0 la demande.<\/p>\n\n\n\n<p>La deuxi\u00e8me journ\u00e9e donnera le coup d&rsquo;envoi de la comp\u00e9tition proprement dite. R\u00e9partis en \u00e9quipes pluridisciplinaires, les participants auront pour mission de concevoir, en un temps limit\u00e9, des prototypes de solutions num\u00e9riques r\u00e9pondant \u00e0 des probl\u00e9matiques concr\u00e8tes : gestion intelligente de l&rsquo;\u00e9nergie, r\u00e9duction des pertes, ou encore int\u00e9gration des \u00e9nergies renouvelables dans les zones isol\u00e9es. Un exercice qui mettra \u00e0 l&rsquo;\u00e9preuve leur capacit\u00e9 d&rsquo;innovation, mais aussi leur aptitude \u00e0 travailler en synergie.<\/p>\n\n\n\n<p>La derni\u00e8re journ\u00e9e sera consacr\u00e9e \u00e0 l&rsquo;\u00e9valuation des projets par un jury d&rsquo;experts, suivie des pr\u00e9sentations finales et de la c\u00e9r\u00e9monie de cl\u00f4ture. Au-del\u00e0 de la comp\u00e9tition, l&rsquo;\u00e9v\u00e9nement se veut un v\u00e9ritable laboratoire d&rsquo;id\u00e9es, favorisant le partage d&rsquo;exp\u00e9riences et le transfert de comp\u00e9tences entre les diff\u00e9rents participants.<\/p>\n\n\n\n<p>\u00c0 l&rsquo;\u00e9chelle nationale, ce type d&rsquo;initiative s&rsquo;inscrit dans les orientations strat\u00e9giques de l&rsquo;Alg\u00e9rie, qui ambitionne d&rsquo;accro\u00eetre la part des \u00e9nergies renouvelables dans son mix \u00e9nerg\u00e9tique. Le pays dispose d&rsquo;un potentiel solaire parmi les plus importants au monde et multiplie les projets dans le photovolta\u00efque et l&rsquo;hydrog\u00e8ne vert. Dans ce contexte, l&rsquo;implication des universit\u00e9s et des jeunes innovateurs appara\u00eet comme un levier essentiel pour accompagner cette transition et d\u00e9velopper des solutions adapt\u00e9es aux r\u00e9alit\u00e9s locales. Plus qu&rsquo;une simple comp\u00e9tition, le hackathon de Batna illustre l&rsquo;\u00e9mergence d&rsquo;un \u00e9cosyst\u00e8me technologique r\u00e9gional, o\u00f9 la coop\u00e9ration transfrontali\u00e8re devient un moteur d&rsquo;innovation au service du d\u00e9veloppement durable. En r\u00e9unissant comp\u00e9tences, id\u00e9es et ambitions autour des enjeux \u00e9nerg\u00e9tiques, Batna se positionne, le temps de cet \u00e9v\u00e9nement, comme un carrefour de l&rsquo;innovation verte \u2014 une dynamique o\u00f9 la jeunesse maghr\u00e9bine esquisse d\u00e9j\u00e0 les contours d&rsquo;un avenir \u00e9nerg\u00e9tique plus durable et r\u00e9solument tourn\u00e9 vers la technologie.<\/p>\n\n\n\n<p>Sofia Chahine<\/p>\n","protected":false},"excerpt":{"rendered":"<p>L&rsquo;universit\u00e9 Batna-2 accueille, du 28 au 30 avril, la 2e \u00e9dition du hackathon transfrontalier consacr\u00e9 aux solutions num\u00e9riques au service<\/p>\n","protected":false},"author":6,"featured_media":86564,"comment_status":"open","ping_status":"closed","sticky":false,"template":"","format":"standard","meta":{"colormag_page_container_layout":"default_layout","colormag_page_sidebar_layout":"default_layout","om_disable_all_campaigns":false,"_monsterinsights_skip_tracking":false,"_monsterinsights_sitenote_active":false,"_monsterinsights_sitenote_note":"","_monsterinsights_sitenote_category":0,"footnotes":"","_wpscppro_dont_share_socialmedia":false,"_wpscppro_custom_social_share_image":0,"_facebook_share_type":"default","_twitter_share_type":"default","_linkedin_share_type":"default","_pinterest_share_type":"default","_linkedin_share_type_page":"","_instagram_share_type":"default","_medium_share_type":"default","_threads_share_type":"default","_google_business_share_type":"default","_selected_social_profile":[],"_wpsp_enable_custom_social_template":false,"_wpsp_social_scheduling":{"enabled":false,"datetime":null,"platforms":[],"status":"template_only","dateOption":"today","timeOption":"now","customDays":"","customHours":"","customDate":"","customTime":"","schedulingType":"absolute"},"_wpsp_active_default_template":true},"categories":[31],"tags":[],"class_list":["post-86563","post","type-post","status-publish","format-standard","has-post-thumbnail","hentry","category-regions"],"aioseo_notices":[],"yoast_head":"<!-- This site is optimized with the Yoast SEO plugin v27.4 - https:\/\/yoast.com\/product\/yoast-seo-wordpress\/ -->\n<title>L\u2019universit\u00e9 de Batna au c\u0153ur de l&rsquo;innovation verte\u00a0: Un hackathon pour imaginer l&rsquo;\u00e9nergie de demain - La Sentinelle<\/title>\n<meta name=\"robots\" content=\"index, follow, max-snippet:-1, max-image-preview:large, max-video-preview:-1\" \/>\n<link rel=\"canonical\" href=\"https:\/\/lasentinelle.dz\/index.php\/2026\/04\/27\/luniversite-de-batna-au-coeur-de-linnovation-verte-un-hackathon-pour-imaginer-lenergie-de-demain\/\" \/>\n<meta property=\"og:locale\" content=\"fr_FR\" \/>\n<meta property=\"og:type\" content=\"article\" \/>\n<meta property=\"og:title\" content=\"L\u2019universit\u00e9 de Batna au c\u0153ur de l&rsquo;innovation verte\u00a0: Un hackathon pour imaginer l&rsquo;\u00e9nergie de demain - La Sentinelle\" \/>\n<meta property=\"og:description\" content=\"L&rsquo;universit\u00e9 Batna-2 accueille, du 28 au 30 avril, la 2e \u00e9dition du hackathon transfrontalier consacr\u00e9 aux solutions num\u00e9riques au service\" \/>\n<meta property=\"og:url\" content=\"https:\/\/lasentinelle.dz\/index.php\/2026\/04\/27\/luniversite-de-batna-au-coeur-de-linnovation-verte-un-hackathon-pour-imaginer-lenergie-de-demain\/\" \/>\n<meta property=\"og:site_name\" content=\"La Sentinelle\" \/>\n<meta property=\"article:publisher\" content=\"https:\/\/www.facebook.com\/La-Sentinelle-104059864394773\" \/>\n<meta property=\"article:published_time\" content=\"2026-04-27T19:09:52+00:00\" \/>\n<meta property=\"article:modified_time\" content=\"2026-04-27T19:09:55+00:00\" \/>\n<meta property=\"og:image\" content=\"https:\/\/lasentinelle.dz\/wp-content\/uploads\/2026\/04\/Hackathon.jpg\" \/>\n\t<meta property=\"og:image:width\" content=\"768\" \/>\n\t<meta property=\"og:image:height\" content=\"1024\" \/>\n\t<meta property=\"og:image:type\" content=\"image\/jpeg\" \/>\n<meta name=\"author\" content=\"admin\" \/>\n<meta name=\"twitter:card\" content=\"summary_large_image\" \/>\n<meta name=\"twitter:label1\" content=\"\u00c9crit par\" \/>\n\t<meta name=\"twitter:data1\" content=\"admin\" \/>\n\t<meta name=\"twitter:label2\" content=\"Dur\u00e9e de lecture estim\u00e9e\" \/>\n\t<meta name=\"twitter:data2\" content=\"3 minutes\" \/>\n<script type=\"application\/ld+json\" class=\"yoast-schema-graph\">{\"@context\":\"https:\\\/\\\/schema.org\",\"@graph\":[{\"@type\":\"Article\",\"@id\":\"https:\\\/\\\/lasentinelle.dz\\\/index.php\\\/2026\\\/04\\\/27\\\/luniversite-de-batna-au-coeur-de-linnovation-verte-un-hackathon-pour-imaginer-lenergie-de-demain\\\/#article\",\"isPartOf\":{\"@id\":\"https:\\\/\\\/lasentinelle.dz\\\/index.php\\\/2026\\\/04\\\/27\\\/luniversite-de-batna-au-coeur-de-linnovation-verte-un-hackathon-pour-imaginer-lenergie-de-demain\\\/\"},\"author\":{\"name\":\"admin\",\"@id\":\"https:\\\/\\\/lasentinelle.dz\\\/#\\\/schema\\\/person\\\/729ee0024f24e0b8c5ec17232f8e8b41\"},\"headline\":\"L\u2019universit\u00e9 de Batna au c\u0153ur de l&rsquo;innovation verte\u00a0: Un hackathon pour imaginer l&rsquo;\u00e9nergie de demain\",\"datePublished\":\"2026-04-27T19:09:52+00:00\",\"dateModified\":\"2026-04-27T19:09:55+00:00\",\"mainEntityOfPage\":{\"@id\":\"https:\\\/\\\/lasentinelle.dz\\\/index.php\\\/2026\\\/04\\\/27\\\/luniversite-de-batna-au-coeur-de-linnovation-verte-un-hackathon-pour-imaginer-lenergie-de-demain\\\/\"},\"wordCount\":693,\"commentCount\":0,\"publisher\":{\"@id\":\"https:\\\/\\\/lasentinelle.dz\\\/#organization\"},\"image\":{\"@id\":\"https:\\\/\\\/lasentinelle.dz\\\/index.php\\\/2026\\\/04\\\/27\\\/luniversite-de-batna-au-coeur-de-linnovation-verte-un-hackathon-pour-imaginer-lenergie-de-demain\\\/#primaryimage\"},\"thumbnailUrl\":\"https:\\\/\\\/lasentinelle.dz\\\/wp-content\\\/uploads\\\/2026\\\/04\\\/Hackathon.jpg\",\"articleSection\":[\"R\u00e9gions\"],\"inLanguage\":\"fr-FR\",\"potentialAction\":[{\"@type\":\"CommentAction\",\"name\":\"Comment\",\"target\":[\"https:\\\/\\\/lasentinelle.dz\\\/index.php\\\/2026\\\/04\\\/27\\\/luniversite-de-batna-au-coeur-de-linnovation-verte-un-hackathon-pour-imaginer-lenergie-de-demain\\\/#respond\"]}]},{\"@type\":\"WebPage\",\"@id\":\"https:\\\/\\\/lasentinelle.dz\\\/index.php\\\/2026\\\/04\\\/27\\\/luniversite-de-batna-au-coeur-de-linnovation-verte-un-hackathon-pour-imaginer-lenergie-de-demain\\\/\",\"url\":\"https:\\\/\\\/lasentinelle.dz\\\/index.php\\\/2026\\\/04\\\/27\\\/luniversite-de-batna-au-coeur-de-linnovation-verte-un-hackathon-pour-imaginer-lenergie-de-demain\\\/\",\"name\":\"L\u2019universit\u00e9 de Batna au c\u0153ur de l&rsquo;innovation verte\u00a0: Un hackathon pour imaginer l&rsquo;\u00e9nergie de demain - La Sentinelle\",\"isPartOf\":{\"@id\":\"https:\\\/\\\/lasentinelle.dz\\\/#website\"},\"primaryImageOfPage\":{\"@id\":\"https:\\\/\\\/lasentinelle.dz\\\/index.php\\\/2026\\\/04\\\/27\\\/luniversite-de-batna-au-coeur-de-linnovation-verte-un-hackathon-pour-imaginer-lenergie-de-demain\\\/#primaryimage\"},\"image\":{\"@id\":\"https:\\\/\\\/lasentinelle.dz\\\/index.php\\\/2026\\\/04\\\/27\\\/luniversite-de-batna-au-coeur-de-linnovation-verte-un-hackathon-pour-imaginer-lenergie-de-demain\\\/#primaryimage\"},\"thumbnailUrl\":\"https:\\\/\\\/lasentinelle.dz\\\/wp-content\\\/uploads\\\/2026\\\/04\\\/Hackathon.jpg\",\"datePublished\":\"2026-04-27T19:09:52+00:00\",\"dateModified\":\"2026-04-27T19:09:55+00:00\",\"breadcrumb\":{\"@id\":\"https:\\\/\\\/lasentinelle.dz\\\/index.php\\\/2026\\\/04\\\/27\\\/luniversite-de-batna-au-coeur-de-linnovation-verte-un-hackathon-pour-imaginer-lenergie-de-demain\\\/#breadcrumb\"},\"inLanguage\":\"fr-FR\",\"potentialAction\":[{\"@type\":\"ReadAction\",\"target\":[\"https:\\\/\\\/lasentinelle.dz\\\/index.php\\\/2026\\\/04\\\/27\\\/luniversite-de-batna-au-coeur-de-linnovation-verte-un-hackathon-pour-imaginer-lenergie-de-demain\\\/\"]}]},{\"@type\":\"ImageObject\",\"inLanguage\":\"fr-FR\",\"@id\":\"https:\\\/\\\/lasentinelle.dz\\\/index.php\\\/2026\\\/04\\\/27\\\/luniversite-de-batna-au-coeur-de-linnovation-verte-un-hackathon-pour-imaginer-lenergie-de-demain\\\/#primaryimage\",\"url\":\"https:\\\/\\\/lasentinelle.dz\\\/wp-content\\\/uploads\\\/2026\\\/04\\\/Hackathon.jpg\",\"contentUrl\":\"https:\\\/\\\/lasentinelle.dz\\\/wp-content\\\/uploads\\\/2026\\\/04\\\/Hackathon.jpg\",\"width\":768,\"height\":1024},{\"@type\":\"BreadcrumbList\",\"@id\":\"https:\\\/\\\/lasentinelle.dz\\\/index.php\\\/2026\\\/04\\\/27\\\/luniversite-de-batna-au-coeur-de-linnovation-verte-un-hackathon-pour-imaginer-lenergie-de-demain\\\/#breadcrumb\",\"itemListElement\":[{\"@type\":\"ListItem\",\"position\":1,\"name\":\"Accueil\",\"item\":\"https:\\\/\\\/lasentinelle.dz\\\/\"},{\"@type\":\"ListItem\",\"position\":2,\"name\":\"L\u2019universit\u00e9 de Batna au c\u0153ur de l&rsquo;innovation verte\u00a0: Un hackathon pour imaginer l&rsquo;\u00e9nergie de demain\"}]},{\"@type\":\"WebSite\",\"@id\":\"https:\\\/\\\/lasentinelle.dz\\\/#website\",\"url\":\"https:\\\/\\\/lasentinelle.dz\\\/\",\"name\":\"La Sentinelle\",\"description\":\"Quotidien national d&#039;information\",\"publisher\":{\"@id\":\"https:\\\/\\\/lasentinelle.dz\\\/#organization\"},\"potentialAction\":[{\"@type\":\"SearchAction\",\"target\":{\"@type\":\"EntryPoint\",\"urlTemplate\":\"https:\\\/\\\/lasentinelle.dz\\\/?s={search_term_string}\"},\"query-input\":{\"@type\":\"PropertyValueSpecification\",\"valueRequired\":true,\"valueName\":\"search_term_string\"}}],\"inLanguage\":\"fr-FR\"},{\"@type\":\"Organization\",\"@id\":\"https:\\\/\\\/lasentinelle.dz\\\/#organization\",\"name\":\"Quotidien La Sentinelle\",\"url\":\"https:\\\/\\\/lasentinelle.dz\\\/\",\"logo\":{\"@type\":\"ImageObject\",\"inLanguage\":\"fr-FR\",\"@id\":\"https:\\\/\\\/lasentinelle.dz\\\/#\\\/schema\\\/logo\\\/image\\\/\",\"url\":\"https:\\\/\\\/lasentinelle.dz\\\/wp-content\\\/uploads\\\/2021\\\/09\\\/logo-sentinelleSLOGAN-1.png\",\"contentUrl\":\"https:\\\/\\\/lasentinelle.dz\\\/wp-content\\\/uploads\\\/2021\\\/09\\\/logo-sentinelleSLOGAN-1.png\",\"width\":615,\"height\":142,\"caption\":\"Quotidien La Sentinelle\"},\"image\":{\"@id\":\"https:\\\/\\\/lasentinelle.dz\\\/#\\\/schema\\\/logo\\\/image\\\/\"},\"sameAs\":[\"https:\\\/\\\/www.facebook.com\\\/La-Sentinelle-104059864394773\"]},{\"@type\":\"Person\",\"@id\":\"https:\\\/\\\/lasentinelle.dz\\\/#\\\/schema\\\/person\\\/729ee0024f24e0b8c5ec17232f8e8b41\",\"name\":\"admin\",\"image\":{\"@type\":\"ImageObject\",\"inLanguage\":\"fr-FR\",\"@id\":\"https:\\\/\\\/secure.gravatar.com\\\/avatar\\\/4c81fed838786e9b53f540bf46533e750f5d292099ae3b66cfc6fb1982e29df7?s=96&d=mm&r=g\",\"url\":\"https:\\\/\\\/secure.gravatar.com\\\/avatar\\\/4c81fed838786e9b53f540bf46533e750f5d292099ae3b66cfc6fb1982e29df7?s=96&d=mm&r=g\",\"contentUrl\":\"https:\\\/\\\/secure.gravatar.com\\\/avatar\\\/4c81fed838786e9b53f540bf46533e750f5d292099ae3b66cfc6fb1982e29df7?s=96&d=mm&r=g\",\"caption\":\"admin\"},\"description\":\"admin\",\"url\":\"https:\\\/\\\/lasentinelle.dz\\\/author\\\/admin\\\/\"}]}<\/script>\n<!-- \/ Yoast SEO plugin. -->","yoast_head_json":{"title":"L\u2019universit\u00e9 de Batna au c\u0153ur de l&rsquo;innovation verte\u00a0: Un hackathon pour imaginer l&rsquo;\u00e9nergie de demain - La Sentinelle","robots":{"index":"index","follow":"follow","max-snippet":"max-snippet:-1","max-image-preview":"max-image-preview:large","max-video-preview":"max-video-preview:-1"},"canonical":"https:\/\/lasentinelle.dz\/index.php\/2026\/04\/27\/luniversite-de-batna-au-coeur-de-linnovation-verte-un-hackathon-pour-imaginer-lenergie-de-demain\/","og_locale":"fr_FR","og_type":"article","og_title":"L\u2019universit\u00e9 de Batna au c\u0153ur de l&rsquo;innovation verte\u00a0: Un hackathon pour imaginer l&rsquo;\u00e9nergie de demain - La Sentinelle","og_description":"L&rsquo;universit\u00e9 Batna-2 accueille, du 28 au 30 avril, la 2e \u00e9dition du hackathon transfrontalier consacr\u00e9 aux solutions num\u00e9riques au service","og_url":"https:\/\/lasentinelle.dz\/index.php\/2026\/04\/27\/luniversite-de-batna-au-coeur-de-linnovation-verte-un-hackathon-pour-imaginer-lenergie-de-demain\/","og_site_name":"La Sentinelle","article_publisher":"https:\/\/www.facebook.com\/La-Sentinelle-104059864394773","article_published_time":"2026-04-27T19:09:52+00:00","article_modified_time":"2026-04-27T19:09:55+00:00","og_image":[{"width":768,"height":1024,"url":"https:\/\/lasentinelle.dz\/wp-content\/uploads\/2026\/04\/Hackathon.jpg","type":"image\/jpeg"}],"author":"admin","twitter_card":"summary_large_image","twitter_misc":{"\u00c9crit par":"admin","Dur\u00e9e de lecture estim\u00e9e":"3 minutes"},"schema":{"@context":"https:\/\/schema.org","@graph":[{"@type":"Article","@id":"https:\/\/lasentinelle.dz\/index.php\/2026\/04\/27\/luniversite-de-batna-au-coeur-de-linnovation-verte-un-hackathon-pour-imaginer-lenergie-de-demain\/#article","isPartOf":{"@id":"https:\/\/lasentinelle.dz\/index.php\/2026\/04\/27\/luniversite-de-batna-au-coeur-de-linnovation-verte-un-hackathon-pour-imaginer-lenergie-de-demain\/"},"author":{"name":"admin","@id":"https:\/\/lasentinelle.dz\/#\/schema\/person\/729ee0024f24e0b8c5ec17232f8e8b41"},"headline":"L\u2019universit\u00e9 de Batna au c\u0153ur de l&rsquo;innovation verte\u00a0: Un hackathon pour imaginer l&rsquo;\u00e9nergie de demain","datePublished":"2026-04-27T19:09:52+00:00","dateModified":"2026-04-27T19:09:55+00:00","mainEntityOfPage":{"@id":"https:\/\/lasentinelle.dz\/index.php\/2026\/04\/27\/luniversite-de-batna-au-coeur-de-linnovation-verte-un-hackathon-pour-imaginer-lenergie-de-demain\/"},"wordCount":693,"commentCount":0,"publisher":{"@id":"https:\/\/lasentinelle.dz\/#organization"},"image":{"@id":"https:\/\/lasentinelle.dz\/index.php\/2026\/04\/27\/luniversite-de-batna-au-coeur-de-linnovation-verte-un-hackathon-pour-imaginer-lenergie-de-demain\/#primaryimage"},"thumbnailUrl":"https:\/\/lasentinelle.dz\/wp-content\/uploads\/2026\/04\/Hackathon.jpg","articleSection":["R\u00e9gions"],"inLanguage":"fr-FR","potentialAction":[{"@type":"CommentAction","name":"Comment","target":["https:\/\/lasentinelle.dz\/index.php\/2026\/04\/27\/luniversite-de-batna-au-coeur-de-linnovation-verte-un-hackathon-pour-imaginer-lenergie-de-demain\/#respond"]}]},{"@type":"WebPage","@id":"https:\/\/lasentinelle.dz\/index.php\/2026\/04\/27\/luniversite-de-batna-au-coeur-de-linnovation-verte-un-hackathon-pour-imaginer-lenergie-de-demain\/","url":"https:\/\/lasentinelle.dz\/index.php\/2026\/04\/27\/luniversite-de-batna-au-coeur-de-linnovation-verte-un-hackathon-pour-imaginer-lenergie-de-demain\/","name":"L\u2019universit\u00e9 de Batna au c\u0153ur de l&rsquo;innovation verte\u00a0: Un hackathon pour imaginer l&rsquo;\u00e9nergie de demain - La Sentinelle","isPartOf":{"@id":"https:\/\/lasentinelle.dz\/#website"},"primaryImageOfPage":{"@id":"https:\/\/lasentinelle.dz\/index.php\/2026\/04\/27\/luniversite-de-batna-au-coeur-de-linnovation-verte-un-hackathon-pour-imaginer-lenergie-de-demain\/#primaryimage"},"image":{"@id":"https:\/\/lasentinelle.dz\/index.php\/2026\/04\/27\/luniversite-de-batna-au-coeur-de-linnovation-verte-un-hackathon-pour-imaginer-lenergie-de-demain\/#primaryimage"},"thumbnailUrl":"https:\/\/lasentinelle.dz\/wp-content\/uploads\/2026\/04\/Hackathon.jpg","datePublished":"2026-04-27T19:09:52+00:00","dateModified":"2026-04-27T19:09:55+00:00","breadcrumb":{"@id":"https:\/\/lasentinelle.dz\/index.php\/2026\/04\/27\/luniversite-de-batna-au-coeur-de-linnovation-verte-un-hackathon-pour-imaginer-lenergie-de-demain\/#breadcrumb"},"inLanguage":"fr-FR","potentialAction":[{"@type":"ReadAction","target":["https:\/\/lasentinelle.dz\/index.php\/2026\/04\/27\/luniversite-de-batna-au-coeur-de-linnovation-verte-un-hackathon-pour-imaginer-lenergie-de-demain\/"]}]},{"@type":"ImageObject","inLanguage":"fr-FR","@id":"https:\/\/lasentinelle.dz\/index.php\/2026\/04\/27\/luniversite-de-batna-au-coeur-de-linnovation-verte-un-hackathon-pour-imaginer-lenergie-de-demain\/#primaryimage","url":"https:\/\/lasentinelle.dz\/wp-content\/uploads\/2026\/04\/Hackathon.jpg","contentUrl":"https:\/\/lasentinelle.dz\/wp-content\/uploads\/2026\/04\/Hackathon.jpg","width":768,"height":1024},{"@type":"BreadcrumbList","@id":"https:\/\/lasentinelle.dz\/index.php\/2026\/04\/27\/luniversite-de-batna-au-coeur-de-linnovation-verte-un-hackathon-pour-imaginer-lenergie-de-demain\/#breadcrumb","itemListElement":[{"@type":"ListItem","position":1,"name":"Accueil","item":"https:\/\/lasentinelle.dz\/"},{"@type":"ListItem","position":2,"name":"L\u2019universit\u00e9 de Batna au c\u0153ur de l&rsquo;innovation verte\u00a0: Un hackathon pour imaginer l&rsquo;\u00e9nergie de demain"}]},{"@type":"WebSite","@id":"https:\/\/lasentinelle.dz\/#website","url":"https:\/\/lasentinelle.dz\/","name":"La Sentinelle","description":"Quotidien national d&#039;information","publisher":{"@id":"https:\/\/lasentinelle.dz\/#organization"},"potentialAction":[{"@type":"SearchAction","target":{"@type":"EntryPoint","urlTemplate":"https:\/\/lasentinelle.dz\/?s={search_term_string}"},"query-input":{"@type":"PropertyValueSpecification","valueRequired":true,"valueName":"search_term_string"}}],"inLanguage":"fr-FR"},{"@type":"Organization","@id":"https:\/\/lasentinelle.dz\/#organization","name":"Quotidien La Sentinelle","url":"https:\/\/lasentinelle.dz\/","logo":{"@type":"ImageObject","inLanguage":"fr-FR","@id":"https:\/\/lasentinelle.dz\/#\/schema\/logo\/image\/","url":"https:\/\/lasentinelle.dz\/wp-content\/uploads\/2021\/09\/logo-sentinelleSLOGAN-1.png","contentUrl":"https:\/\/lasentinelle.dz\/wp-content\/uploads\/2021\/09\/logo-sentinelleSLOGAN-1.png","width":615,"height":142,"caption":"Quotidien La Sentinelle"},"image":{"@id":"https:\/\/lasentinelle.dz\/#\/schema\/logo\/image\/"},"sameAs":["https:\/\/www.facebook.com\/La-Sentinelle-104059864394773"]},{"@type":"Person","@id":"https:\/\/lasentinelle.dz\/#\/schema\/person\/729ee0024f24e0b8c5ec17232f8e8b41","name":"admin","image":{"@type":"ImageObject","inLanguage":"fr-FR","@id":"https:\/\/secure.gravatar.com\/avatar\/4c81fed838786e9b53f540bf46533e750f5d292099ae3b66cfc6fb1982e29df7?s=96&d=mm&r=g","url":"https:\/\/secure.gravatar.com\/avatar\/4c81fed838786e9b53f540bf46533e750f5d292099ae3b66cfc6fb1982e29df7?s=96&d=mm&r=g","contentUrl":"https:\/\/secure.gravatar.com\/avatar\/4c81fed838786e9b53f540bf46533e750f5d292099ae3b66cfc6fb1982e29df7?s=96&d=mm&r=g","caption":"admin"},"description":"admin","url":"https:\/\/lasentinelle.dz\/author\/admin\/"}]}},"_links":{"self":[{"href":"https:\/\/lasentinelle.dz\/index.php\/wp-json\/wp\/v2\/posts\/86563","targetHints":{"allow":["GET"]}}],"collection":[{"href":"https:\/\/lasentinelle.dz\/index.php\/wp-json\/wp\/v2\/posts"}],"about":[{"href":"https:\/\/lasentinelle.dz\/index.php\/wp-json\/wp\/v2\/types\/post"}],"author":[{"embeddable":true,"href":"https:\/\/lasentinelle.dz\/index.php\/wp-json\/wp\/v2\/users\/6"}],"replies":[{"embeddable":true,"href":"https:\/\/lasentinelle.dz\/index.php\/wp-json\/wp\/v2\/comments?post=86563"}],"version-history":[{"count":2,"href":"https:\/\/lasentinelle.dz\/index.php\/wp-json\/wp\/v2\/posts\/86563\/revisions"}],"predecessor-version":[{"id":86566,"href":"https:\/\/lasentinelle.dz\/index.php\/wp-json\/wp\/v2\/posts\/86563\/revisions\/86566"}],"wp:featuredmedia":[{"embeddable":true,"href":"https:\/\/lasentinelle.dz\/index.php\/wp-json\/wp\/v2\/media\/86564"}],"wp:attachment":[{"href":"https:\/\/lasentinelle.dz\/index.php\/wp-json\/wp\/v2\/media?parent=86563"}],"wp:term":[{"taxonomy":"category","embeddable":true,"href":"https:\/\/lasentinelle.dz\/index.php\/wp-json\/wp\/v2\/categories?post=86563"},{"taxonomy":"post_tag","embeddable":true,"href":"https:\/\/lasentinelle.dz\/index.php\/wp-json\/wp\/v2\/tags?post=86563"}],"curies":[{"name":"wp","href":"https:\/\/api.w.org\/{rel}","templated":true}]}}