{"id":86567,"date":"2026-04-27T20:10:55","date_gmt":"2026-04-27T19:10:55","guid":{"rendered":"https:\/\/lasentinelle.dz\/?p=86567"},"modified":"2026-04-27T20:10:58","modified_gmt":"2026-04-27T19:10:58","slug":"grands-projets-dinfrastructures-ferroviaires-la-levee-des-obstacles-au-coeur-des-priorites","status":"publish","type":"post","link":"https:\/\/lasentinelle.dz\/index.php\/2026\/04\/27\/grands-projets-dinfrastructures-ferroviaires-la-levee-des-obstacles-au-coeur-des-priorites\/","title":{"rendered":"Grands projets d\u2019infrastructures ferroviaires\u00a0: La lev\u00e9e des obstacles au c\u0153ur des priorit\u00e9s"},"content":{"rendered":"\n<p>Deux r\u00e9unions interminist\u00e9rielles en deux jours. Ce n&rsquo;est pas anodin. Dimanche \u00e0 Alger, les ministres de l&rsquo;Energie, Mourad Adjal, et des Travaux publics, Abdelkader Djellaoui, ont pass\u00e9 la matin\u00e9e \u00e0 d\u00e9nouer l&rsquo;un des probl\u00e8mes concrets qui ralentissent les grands projets ferroviaires du pays : quand une ligne de chemin de fer croise un r\u00e9seau \u00e9lectrique ou gazier souterrain, qui d\u00e9place quoi, et dans quel d\u00e9lai ? La question peut sembler technique. Elle conditionne pourtant le rythme de deux chantiers dont le pr\u00e9sident Tebboune a fait des priorit\u00e9s affich\u00e9es : la ligne mini\u00e8re de l&rsquo;Est, qui reliera Annaba \u00e0 T\u00e9bessa, et la liaison ferroviaire Alger-Tamanrasset, dont le trac\u00e9 traverse Laghouat, Gharda\u00efa, El Menia et In Salah avant d&rsquo;atteindre l&rsquo;extr\u00eame sud. Des milliers de kilom\u00e8tres de rail \u00e0 poser dans des zones o\u00f9 les r\u00e9seaux Sonelgaz et ses filiales de distribution sont d\u00e9j\u00e0 install\u00e9s, parfois au beau milieu des emprises pr\u00e9vues pour la voie ferr\u00e9e. Le communiqu\u00e9 conjoint des deux minist\u00e8res indique que les travaux sur ces points de croisement ont d\u00e9j\u00e0 \u00ab permis d&rsquo;acc\u00e9l\u00e9rer la cadence de r\u00e9alisation de la ligne mini\u00e8re de l&rsquo;Est Annaba-T\u00e9bessa, gr\u00e2ce \u00e0 l&rsquo;intensification des efforts et \u00e0 la coordination entre les diff\u00e9rents intervenants des deux secteurs \u00bb. Ce satisfecit officiel recouvre une r\u00e9alit\u00e9 de terrain : depuis plusieurs mois, les \u00e9quipes de l&rsquo;ANESRIF \u2014 l&rsquo;agence nationale charg\u00e9e du suivi des investissements ferroviaires \u2014 et les directions de Sonelgaz travaillent \u00e0 identifier chaque croisement, \u00e0 planifier les d\u00e9viations, \u00e0 synchroniser les calendriers. Cela prend du temps. Cela prend surtout de la m\u00e9thode. La r\u00e9union de dimanche a pr\u00e9cis\u00e9ment port\u00e9 sur la mise en place de \u00ab m\u00e9canismes organisationnels et techniques efficaces \u00bb pour cartographier l&rsquo;ensemble des croisements sur le trac\u00e9 Laghouat-Tamanrasset, avant d&rsquo;enclencher \u00ab le lancement anticip\u00e9 des travaux de traitement de ces points \u00bb. Traduction : on ne veut pas reproduire les retards de la ligne Est, o\u00f9 certains points de croisement avaient \u00e9t\u00e9 identifi\u00e9s tardivement, obligeant \u00e0 des reprises co\u00fbteuses. Pour la ligne du Sud, on cherche \u00e0 anticiper. Les deux ministres ont donn\u00e9 des instructions en ce sens, insistant sur la n\u00e9cessit\u00e9 de \u00ab poursuivre les efforts consentis et r\u00e9aliser ces grands projets strat\u00e9giques dans les d\u00e9lais fix\u00e9s \u00bb.<\/p>\n\n\n\n<p><strong>A la recherche d\u2019ing\u00e9nieurs comp\u00e9tents<\/strong><\/p>\n\n\n\n<p>La veille, samedi, Djellaoui \u00e9tait \u00e0 la m\u00eame table qu&rsquo;une autre ministre : Nacima Arhab, responsable de la Formation et de l&rsquo;Enseignement professionnels. Le sujet, lui aussi, n&rsquo;a rien d&rsquo;abstrait. Construire des milliers de kilom\u00e8tres de voies ferr\u00e9es, des ports, des \u00e9changeurs : cela suppose des techniciens, des conducteurs de travaux, des m\u00e9caniciens de maintenance ferroviaire. L&rsquo;Alg\u00e9rie manque de ces profils. Pas en th\u00e9orie \u2014 en pratique, sur les chantiers ouverts aujourd&rsquo;hui. La r\u00e9union a permis de \u00ab pr\u00e9senter et d\u00e9finir les besoins du secteur li\u00e9s aux projets en cours ou \u00e0 lancer \u00bb, avec des \u00ab expos\u00e9s techniques d\u00e9taill\u00e9s sur les exigences en mati\u00e8re de formation et les sp\u00e9cialit\u00e9s n\u00e9cessaires \u00bb. Chemins de fer, bien s\u00fbr, mais aussi ports \u2014 l&rsquo;ANRIP, l&rsquo;agence de r\u00e9alisation des infrastructures portuaires, \u00e9tait repr\u00e9sent\u00e9e \u2014 et transports guid\u00e9s, avec la pr\u00e9sence de l&rsquo;Entreprise du m\u00e9tro d&rsquo;Alger. Le diagnostic est connu depuis longtemps dans les milieux professionnels : les \u00e9tablissements de formation du secteur des travaux publics \u2014 l&rsquo;Ecole sup\u00e9rieure de management de Sidi Abdellah, l&rsquo;Ecole des m\u00e9tiers de Djelfa, l&rsquo;Institut national d&rsquo;A\u00efn Defla \u2014 fonctionnent souvent en parall\u00e8le des grandes entreprises nationales de r\u00e9alisation, sans coordination suffisante avec les besoins r\u00e9els des chantiers. Ce que les deux ministres ont d\u00e9cid\u00e9 de changer en convenant \u00ab d&rsquo;intensifier l&rsquo;action conjointe afin de d\u00e9velopper des sp\u00e9cialit\u00e9s de qualit\u00e9 r\u00e9pondant aux besoins du secteur \u00bb, avec une \u00ab priorit\u00e9 accord\u00e9e \u00e0 la main-d&rsquo;\u0153uvre locale \u00bb.<\/p>\n\n\n\n<p>Cette derni\u00e8re pr\u00e9cision n&rsquo;est pas anodine. Elle renvoie \u00e0 une r\u00e9alit\u00e9 sensible dans les r\u00e9gions du Sud : les grands projets arrivent, les emplois qualifi\u00e9s partent souvent \u00e0 des travailleurs venus d&rsquo;ailleurs. Mettre en place des formations adapt\u00e9es dans les wilayas travers\u00e9es par la ligne Alger-Tamanrasset \u2014 Laghouat, Gharda\u00efa, El Meniaa, In Salah, Tamanrasset \u2014 c&rsquo;est aussi une promesse \u00e9conomique locale, pas seulement une logistique de recrutement.<\/p>\n\n\n\n<p>Lyna Larbi<\/p>\n","protected":false},"excerpt":{"rendered":"<p>Deux r\u00e9unions interminist\u00e9rielles en deux jours. Ce n&rsquo;est pas anodin. Dimanche \u00e0 Alger, les ministres de l&rsquo;Energie, Mourad Adjal, et<\/p>\n","protected":false},"author":6,"featured_media":77051,"comment_status":"open","ping_status":"closed","sticky":false,"template":"","format":"standard","meta":{"colormag_page_container_layout":"default_layout","colormag_page_sidebar_layout":"default_layout","om_disable_all_campaigns":false,"_monsterinsights_skip_tracking":false,"_monsterinsights_sitenote_active":false,"_monsterinsights_sitenote_note":"","_monsterinsights_sitenote_category":0,"footnotes":"","_wpscppro_dont_share_socialmedia":false,"_wpscppro_custom_social_share_image":0,"_facebook_share_type":"default","_twitter_share_type":"default","_linkedin_share_type":"default","_pinterest_share_type":"default","_linkedin_share_type_page":"","_instagram_share_type":"default","_medium_share_type":"default","_threads_share_type":"default","_google_business_share_type":"default","_selected_social_profile":[],"_wpsp_enable_custom_social_template":false,"_wpsp_social_scheduling":{"enabled":false,"datetime":null,"platforms":[],"status":"template_only","dateOption":"today","timeOption":"now","customDays":"","customHours":"","customDate":"","customTime":"","schedulingType":"absolute"},"_wpsp_active_default_template":true},"categories":[29],"tags":[],"class_list":["post-86567","post","type-post","status-publish","format-standard","has-post-thumbnail","hentry","category-economie"],"aioseo_notices":[],"yoast_head":"<!-- This site is optimized with the Yoast SEO plugin v27.4 - https:\/\/yoast.com\/product\/yoast-seo-wordpress\/ -->\n<title>Grands projets d\u2019infrastructures ferroviaires\u00a0: La lev\u00e9e des obstacles au c\u0153ur des priorit\u00e9s - La Sentinelle<\/title>\n<meta name=\"robots\" content=\"index, follow, max-snippet:-1, max-image-preview:large, max-video-preview:-1\" \/>\n<link rel=\"canonical\" href=\"https:\/\/lasentinelle.dz\/index.php\/2026\/04\/27\/grands-projets-dinfrastructures-ferroviaires-la-levee-des-obstacles-au-coeur-des-priorites\/\" \/>\n<meta property=\"og:locale\" content=\"fr_FR\" \/>\n<meta property=\"og:type\" content=\"article\" \/>\n<meta property=\"og:title\" content=\"Grands projets d\u2019infrastructures ferroviaires\u00a0: La lev\u00e9e des obstacles au c\u0153ur des priorit\u00e9s - La Sentinelle\" \/>\n<meta property=\"og:description\" content=\"Deux r\u00e9unions interminist\u00e9rielles en deux jours. Ce n&rsquo;est pas anodin. Dimanche \u00e0 Alger, les ministres de l&rsquo;Energie, Mourad Adjal, et\" \/>\n<meta property=\"og:url\" content=\"https:\/\/lasentinelle.dz\/index.php\/2026\/04\/27\/grands-projets-dinfrastructures-ferroviaires-la-levee-des-obstacles-au-coeur-des-priorites\/\" \/>\n<meta property=\"og:site_name\" content=\"La Sentinelle\" \/>\n<meta property=\"article:publisher\" content=\"https:\/\/www.facebook.com\/La-Sentinelle-104059864394773\" \/>\n<meta property=\"article:published_time\" content=\"2026-04-27T19:10:55+00:00\" \/>\n<meta property=\"article:modified_time\" content=\"2026-04-27T19:10:58+00:00\" \/>\n<meta property=\"og:image\" content=\"https:\/\/lasentinelle.dz\/wp-content\/uploads\/2025\/12\/rail.webp\" \/>\n\t<meta property=\"og:image:width\" content=\"1080\" \/>\n\t<meta property=\"og:image:height\" content=\"720\" \/>\n\t<meta property=\"og:image:type\" content=\"image\/webp\" \/>\n<meta name=\"author\" content=\"admin\" \/>\n<meta name=\"twitter:card\" content=\"summary_large_image\" \/>\n<meta name=\"twitter:label1\" content=\"\u00c9crit par\" \/>\n\t<meta name=\"twitter:data1\" content=\"admin\" \/>\n\t<meta name=\"twitter:label2\" content=\"Dur\u00e9e de lecture estim\u00e9e\" \/>\n\t<meta name=\"twitter:data2\" content=\"4 minutes\" \/>\n<script type=\"application\/ld+json\" class=\"yoast-schema-graph\">{\"@context\":\"https:\\\/\\\/schema.org\",\"@graph\":[{\"@type\":\"Article\",\"@id\":\"https:\\\/\\\/lasentinelle.dz\\\/index.php\\\/2026\\\/04\\\/27\\\/grands-projets-dinfrastructures-ferroviaires-la-levee-des-obstacles-au-coeur-des-priorites\\\/#article\",\"isPartOf\":{\"@id\":\"https:\\\/\\\/lasentinelle.dz\\\/index.php\\\/2026\\\/04\\\/27\\\/grands-projets-dinfrastructures-ferroviaires-la-levee-des-obstacles-au-coeur-des-priorites\\\/\"},\"author\":{\"name\":\"admin\",\"@id\":\"https:\\\/\\\/lasentinelle.dz\\\/#\\\/schema\\\/person\\\/729ee0024f24e0b8c5ec17232f8e8b41\"},\"headline\":\"Grands projets d\u2019infrastructures ferroviaires\u00a0: La lev\u00e9e des obstacles au c\u0153ur des priorit\u00e9s\",\"datePublished\":\"2026-04-27T19:10:55+00:00\",\"dateModified\":\"2026-04-27T19:10:58+00:00\",\"mainEntityOfPage\":{\"@id\":\"https:\\\/\\\/lasentinelle.dz\\\/index.php\\\/2026\\\/04\\\/27\\\/grands-projets-dinfrastructures-ferroviaires-la-levee-des-obstacles-au-coeur-des-priorites\\\/\"},\"wordCount\":767,\"commentCount\":0,\"publisher\":{\"@id\":\"https:\\\/\\\/lasentinelle.dz\\\/#organization\"},\"image\":{\"@id\":\"https:\\\/\\\/lasentinelle.dz\\\/index.php\\\/2026\\\/04\\\/27\\\/grands-projets-dinfrastructures-ferroviaires-la-levee-des-obstacles-au-coeur-des-priorites\\\/#primaryimage\"},\"thumbnailUrl\":\"https:\\\/\\\/lasentinelle.dz\\\/wp-content\\\/uploads\\\/2025\\\/12\\\/rail.webp\",\"articleSection\":[\"\u00c9conomie\"],\"inLanguage\":\"fr-FR\",\"potentialAction\":[{\"@type\":\"CommentAction\",\"name\":\"Comment\",\"target\":[\"https:\\\/\\\/lasentinelle.dz\\\/index.php\\\/2026\\\/04\\\/27\\\/grands-projets-dinfrastructures-ferroviaires-la-levee-des-obstacles-au-coeur-des-priorites\\\/#respond\"]}]},{\"@type\":\"WebPage\",\"@id\":\"https:\\\/\\\/lasentinelle.dz\\\/index.php\\\/2026\\\/04\\\/27\\\/grands-projets-dinfrastructures-ferroviaires-la-levee-des-obstacles-au-coeur-des-priorites\\\/\",\"url\":\"https:\\\/\\\/lasentinelle.dz\\\/index.php\\\/2026\\\/04\\\/27\\\/grands-projets-dinfrastructures-ferroviaires-la-levee-des-obstacles-au-coeur-des-priorites\\\/\",\"name\":\"Grands projets d\u2019infrastructures ferroviaires\u00a0: La lev\u00e9e des obstacles au c\u0153ur des priorit\u00e9s - La Sentinelle\",\"isPartOf\":{\"@id\":\"https:\\\/\\\/lasentinelle.dz\\\/#website\"},\"primaryImageOfPage\":{\"@id\":\"https:\\\/\\\/lasentinelle.dz\\\/index.php\\\/2026\\\/04\\\/27\\\/grands-projets-dinfrastructures-ferroviaires-la-levee-des-obstacles-au-coeur-des-priorites\\\/#primaryimage\"},\"image\":{\"@id\":\"https:\\\/\\\/lasentinelle.dz\\\/index.php\\\/2026\\\/04\\\/27\\\/grands-projets-dinfrastructures-ferroviaires-la-levee-des-obstacles-au-coeur-des-priorites\\\/#primaryimage\"},\"thumbnailUrl\":\"https:\\\/\\\/lasentinelle.dz\\\/wp-content\\\/uploads\\\/2025\\\/12\\\/rail.webp\",\"datePublished\":\"2026-04-27T19:10:55+00:00\",\"dateModified\":\"2026-04-27T19:10:58+00:00\",\"breadcrumb\":{\"@id\":\"https:\\\/\\\/lasentinelle.dz\\\/index.php\\\/2026\\\/04\\\/27\\\/grands-projets-dinfrastructures-ferroviaires-la-levee-des-obstacles-au-coeur-des-priorites\\\/#breadcrumb\"},\"inLanguage\":\"fr-FR\",\"potentialAction\":[{\"@type\":\"ReadAction\",\"target\":[\"https:\\\/\\\/lasentinelle.dz\\\/index.php\\\/2026\\\/04\\\/27\\\/grands-projets-dinfrastructures-ferroviaires-la-levee-des-obstacles-au-coeur-des-priorites\\\/\"]}]},{\"@type\":\"ImageObject\",\"inLanguage\":\"fr-FR\",\"@id\":\"https:\\\/\\\/lasentinelle.dz\\\/index.php\\\/2026\\\/04\\\/27\\\/grands-projets-dinfrastructures-ferroviaires-la-levee-des-obstacles-au-coeur-des-priorites\\\/#primaryimage\",\"url\":\"https:\\\/\\\/lasentinelle.dz\\\/wp-content\\\/uploads\\\/2025\\\/12\\\/rail.webp\",\"contentUrl\":\"https:\\\/\\\/lasentinelle.dz\\\/wp-content\\\/uploads\\\/2025\\\/12\\\/rail.webp\",\"width\":1080,\"height\":720},{\"@type\":\"BreadcrumbList\",\"@id\":\"https:\\\/\\\/lasentinelle.dz\\\/index.php\\\/2026\\\/04\\\/27\\\/grands-projets-dinfrastructures-ferroviaires-la-levee-des-obstacles-au-coeur-des-priorites\\\/#breadcrumb\",\"itemListElement\":[{\"@type\":\"ListItem\",\"position\":1,\"name\":\"Accueil\",\"item\":\"https:\\\/\\\/lasentinelle.dz\\\/\"},{\"@type\":\"ListItem\",\"position\":2,\"name\":\"Grands projets d\u2019infrastructures ferroviaires\u00a0: La lev\u00e9e des obstacles au c\u0153ur des priorit\u00e9s\"}]},{\"@type\":\"WebSite\",\"@id\":\"https:\\\/\\\/lasentinelle.dz\\\/#website\",\"url\":\"https:\\\/\\\/lasentinelle.dz\\\/\",\"name\":\"La Sentinelle\",\"description\":\"Quotidien national d&#039;information\",\"publisher\":{\"@id\":\"https:\\\/\\\/lasentinelle.dz\\\/#organization\"},\"potentialAction\":[{\"@type\":\"SearchAction\",\"target\":{\"@type\":\"EntryPoint\",\"urlTemplate\":\"https:\\\/\\\/lasentinelle.dz\\\/?s={search_term_string}\"},\"query-input\":{\"@type\":\"PropertyValueSpecification\",\"valueRequired\":true,\"valueName\":\"search_term_string\"}}],\"inLanguage\":\"fr-FR\"},{\"@type\":\"Organization\",\"@id\":\"https:\\\/\\\/lasentinelle.dz\\\/#organization\",\"name\":\"Quotidien La Sentinelle\",\"url\":\"https:\\\/\\\/lasentinelle.dz\\\/\",\"logo\":{\"@type\":\"ImageObject\",\"inLanguage\":\"fr-FR\",\"@id\":\"https:\\\/\\\/lasentinelle.dz\\\/#\\\/schema\\\/logo\\\/image\\\/\",\"url\":\"https:\\\/\\\/lasentinelle.dz\\\/wp-content\\\/uploads\\\/2021\\\/09\\\/logo-sentinelleSLOGAN-1.png\",\"contentUrl\":\"https:\\\/\\\/lasentinelle.dz\\\/wp-content\\\/uploads\\\/2021\\\/09\\\/logo-sentinelleSLOGAN-1.png\",\"width\":615,\"height\":142,\"caption\":\"Quotidien La Sentinelle\"},\"image\":{\"@id\":\"https:\\\/\\\/lasentinelle.dz\\\/#\\\/schema\\\/logo\\\/image\\\/\"},\"sameAs\":[\"https:\\\/\\\/www.facebook.com\\\/La-Sentinelle-104059864394773\"]},{\"@type\":\"Person\",\"@id\":\"https:\\\/\\\/lasentinelle.dz\\\/#\\\/schema\\\/person\\\/729ee0024f24e0b8c5ec17232f8e8b41\",\"name\":\"admin\",\"image\":{\"@type\":\"ImageObject\",\"inLanguage\":\"fr-FR\",\"@id\":\"https:\\\/\\\/secure.gravatar.com\\\/avatar\\\/4c81fed838786e9b53f540bf46533e750f5d292099ae3b66cfc6fb1982e29df7?s=96&d=mm&r=g\",\"url\":\"https:\\\/\\\/secure.gravatar.com\\\/avatar\\\/4c81fed838786e9b53f540bf46533e750f5d292099ae3b66cfc6fb1982e29df7?s=96&d=mm&r=g\",\"contentUrl\":\"https:\\\/\\\/secure.gravatar.com\\\/avatar\\\/4c81fed838786e9b53f540bf46533e750f5d292099ae3b66cfc6fb1982e29df7?s=96&d=mm&r=g\",\"caption\":\"admin\"},\"description\":\"admin\",\"url\":\"https:\\\/\\\/lasentinelle.dz\\\/author\\\/admin\\\/\"}]}<\/script>\n<!-- \/ Yoast SEO plugin. -->","yoast_head_json":{"title":"Grands projets d\u2019infrastructures ferroviaires\u00a0: La lev\u00e9e des obstacles au c\u0153ur des priorit\u00e9s - La Sentinelle","robots":{"index":"index","follow":"follow","max-snippet":"max-snippet:-1","max-image-preview":"max-image-preview:large","max-video-preview":"max-video-preview:-1"},"canonical":"https:\/\/lasentinelle.dz\/index.php\/2026\/04\/27\/grands-projets-dinfrastructures-ferroviaires-la-levee-des-obstacles-au-coeur-des-priorites\/","og_locale":"fr_FR","og_type":"article","og_title":"Grands projets d\u2019infrastructures ferroviaires\u00a0: La lev\u00e9e des obstacles au c\u0153ur des priorit\u00e9s - La Sentinelle","og_description":"Deux r\u00e9unions interminist\u00e9rielles en deux jours. Ce n&rsquo;est pas anodin. Dimanche \u00e0 Alger, les ministres de l&rsquo;Energie, Mourad Adjal, et","og_url":"https:\/\/lasentinelle.dz\/index.php\/2026\/04\/27\/grands-projets-dinfrastructures-ferroviaires-la-levee-des-obstacles-au-coeur-des-priorites\/","og_site_name":"La Sentinelle","article_publisher":"https:\/\/www.facebook.com\/La-Sentinelle-104059864394773","article_published_time":"2026-04-27T19:10:55+00:00","article_modified_time":"2026-04-27T19:10:58+00:00","og_image":[{"width":1080,"height":720,"url":"https:\/\/lasentinelle.dz\/wp-content\/uploads\/2025\/12\/rail.webp","type":"image\/webp"}],"author":"admin","twitter_card":"summary_large_image","twitter_misc":{"\u00c9crit par":"admin","Dur\u00e9e de lecture estim\u00e9e":"4 minutes"},"schema":{"@context":"https:\/\/schema.org","@graph":[{"@type":"Article","@id":"https:\/\/lasentinelle.dz\/index.php\/2026\/04\/27\/grands-projets-dinfrastructures-ferroviaires-la-levee-des-obstacles-au-coeur-des-priorites\/#article","isPartOf":{"@id":"https:\/\/lasentinelle.dz\/index.php\/2026\/04\/27\/grands-projets-dinfrastructures-ferroviaires-la-levee-des-obstacles-au-coeur-des-priorites\/"},"author":{"name":"admin","@id":"https:\/\/lasentinelle.dz\/#\/schema\/person\/729ee0024f24e0b8c5ec17232f8e8b41"},"headline":"Grands projets d\u2019infrastructures ferroviaires\u00a0: La lev\u00e9e des obstacles au c\u0153ur des priorit\u00e9s","datePublished":"2026-04-27T19:10:55+00:00","dateModified":"2026-04-27T19:10:58+00:00","mainEntityOfPage":{"@id":"https:\/\/lasentinelle.dz\/index.php\/2026\/04\/27\/grands-projets-dinfrastructures-ferroviaires-la-levee-des-obstacles-au-coeur-des-priorites\/"},"wordCount":767,"commentCount":0,"publisher":{"@id":"https:\/\/lasentinelle.dz\/#organization"},"image":{"@id":"https:\/\/lasentinelle.dz\/index.php\/2026\/04\/27\/grands-projets-dinfrastructures-ferroviaires-la-levee-des-obstacles-au-coeur-des-priorites\/#primaryimage"},"thumbnailUrl":"https:\/\/lasentinelle.dz\/wp-content\/uploads\/2025\/12\/rail.webp","articleSection":["\u00c9conomie"],"inLanguage":"fr-FR","potentialAction":[{"@type":"CommentAction","name":"Comment","target":["https:\/\/lasentinelle.dz\/index.php\/2026\/04\/27\/grands-projets-dinfrastructures-ferroviaires-la-levee-des-obstacles-au-coeur-des-priorites\/#respond"]}]},{"@type":"WebPage","@id":"https:\/\/lasentinelle.dz\/index.php\/2026\/04\/27\/grands-projets-dinfrastructures-ferroviaires-la-levee-des-obstacles-au-coeur-des-priorites\/","url":"https:\/\/lasentinelle.dz\/index.php\/2026\/04\/27\/grands-projets-dinfrastructures-ferroviaires-la-levee-des-obstacles-au-coeur-des-priorites\/","name":"Grands projets d\u2019infrastructures ferroviaires\u00a0: La lev\u00e9e des obstacles au c\u0153ur des priorit\u00e9s - La Sentinelle","isPartOf":{"@id":"https:\/\/lasentinelle.dz\/#website"},"primaryImageOfPage":{"@id":"https:\/\/lasentinelle.dz\/index.php\/2026\/04\/27\/grands-projets-dinfrastructures-ferroviaires-la-levee-des-obstacles-au-coeur-des-priorites\/#primaryimage"},"image":{"@id":"https:\/\/lasentinelle.dz\/index.php\/2026\/04\/27\/grands-projets-dinfrastructures-ferroviaires-la-levee-des-obstacles-au-coeur-des-priorites\/#primaryimage"},"thumbnailUrl":"https:\/\/lasentinelle.dz\/wp-content\/uploads\/2025\/12\/rail.webp","datePublished":"2026-04-27T19:10:55+00:00","dateModified":"2026-04-27T19:10:58+00:00","breadcrumb":{"@id":"https:\/\/lasentinelle.dz\/index.php\/2026\/04\/27\/grands-projets-dinfrastructures-ferroviaires-la-levee-des-obstacles-au-coeur-des-priorites\/#breadcrumb"},"inLanguage":"fr-FR","potentialAction":[{"@type":"ReadAction","target":["https:\/\/lasentinelle.dz\/index.php\/2026\/04\/27\/grands-projets-dinfrastructures-ferroviaires-la-levee-des-obstacles-au-coeur-des-priorites\/"]}]},{"@type":"ImageObject","inLanguage":"fr-FR","@id":"https:\/\/lasentinelle.dz\/index.php\/2026\/04\/27\/grands-projets-dinfrastructures-ferroviaires-la-levee-des-obstacles-au-coeur-des-priorites\/#primaryimage","url":"https:\/\/lasentinelle.dz\/wp-content\/uploads\/2025\/12\/rail.webp","contentUrl":"https:\/\/lasentinelle.dz\/wp-content\/uploads\/2025\/12\/rail.webp","width":1080,"height":720},{"@type":"BreadcrumbList","@id":"https:\/\/lasentinelle.dz\/index.php\/2026\/04\/27\/grands-projets-dinfrastructures-ferroviaires-la-levee-des-obstacles-au-coeur-des-priorites\/#breadcrumb","itemListElement":[{"@type":"ListItem","position":1,"name":"Accueil","item":"https:\/\/lasentinelle.dz\/"},{"@type":"ListItem","position":2,"name":"Grands projets d\u2019infrastructures ferroviaires\u00a0: La lev\u00e9e des obstacles au c\u0153ur des priorit\u00e9s"}]},{"@type":"WebSite","@id":"https:\/\/lasentinelle.dz\/#website","url":"https:\/\/lasentinelle.dz\/","name":"La Sentinelle","description":"Quotidien national d&#039;information","publisher":{"@id":"https:\/\/lasentinelle.dz\/#organization"},"potentialAction":[{"@type":"SearchAction","target":{"@type":"EntryPoint","urlTemplate":"https:\/\/lasentinelle.dz\/?s={search_term_string}"},"query-input":{"@type":"PropertyValueSpecification","valueRequired":true,"valueName":"search_term_string"}}],"inLanguage":"fr-FR"},{"@type":"Organization","@id":"https:\/\/lasentinelle.dz\/#organization","name":"Quotidien La Sentinelle","url":"https:\/\/lasentinelle.dz\/","logo":{"@type":"ImageObject","inLanguage":"fr-FR","@id":"https:\/\/lasentinelle.dz\/#\/schema\/logo\/image\/","url":"https:\/\/lasentinelle.dz\/wp-content\/uploads\/2021\/09\/logo-sentinelleSLOGAN-1.png","contentUrl":"https:\/\/lasentinelle.dz\/wp-content\/uploads\/2021\/09\/logo-sentinelleSLOGAN-1.png","width":615,"height":142,"caption":"Quotidien La Sentinelle"},"image":{"@id":"https:\/\/lasentinelle.dz\/#\/schema\/logo\/image\/"},"sameAs":["https:\/\/www.facebook.com\/La-Sentinelle-104059864394773"]},{"@type":"Person","@id":"https:\/\/lasentinelle.dz\/#\/schema\/person\/729ee0024f24e0b8c5ec17232f8e8b41","name":"admin","image":{"@type":"ImageObject","inLanguage":"fr-FR","@id":"https:\/\/secure.gravatar.com\/avatar\/4c81fed838786e9b53f540bf46533e750f5d292099ae3b66cfc6fb1982e29df7?s=96&d=mm&r=g","url":"https:\/\/secure.gravatar.com\/avatar\/4c81fed838786e9b53f540bf46533e750f5d292099ae3b66cfc6fb1982e29df7?s=96&d=mm&r=g","contentUrl":"https:\/\/secure.gravatar.com\/avatar\/4c81fed838786e9b53f540bf46533e750f5d292099ae3b66cfc6fb1982e29df7?s=96&d=mm&r=g","caption":"admin"},"description":"admin","url":"https:\/\/lasentinelle.dz\/author\/admin\/"}]}},"_links":{"self":[{"href":"https:\/\/lasentinelle.dz\/index.php\/wp-json\/wp\/v2\/posts\/86567","targetHints":{"allow":["GET"]}}],"collection":[{"href":"https:\/\/lasentinelle.dz\/index.php\/wp-json\/wp\/v2\/posts"}],"about":[{"href":"https:\/\/lasentinelle.dz\/index.php\/wp-json\/wp\/v2\/types\/post"}],"author":[{"embeddable":true,"href":"https:\/\/lasentinelle.dz\/index.php\/wp-json\/wp\/v2\/users\/6"}],"replies":[{"embeddable":true,"href":"https:\/\/lasentinelle.dz\/index.php\/wp-json\/wp\/v2\/comments?post=86567"}],"version-history":[{"count":1,"href":"https:\/\/lasentinelle.dz\/index.php\/wp-json\/wp\/v2\/posts\/86567\/revisions"}],"predecessor-version":[{"id":86568,"href":"https:\/\/lasentinelle.dz\/index.php\/wp-json\/wp\/v2\/posts\/86567\/revisions\/86568"}],"wp:featuredmedia":[{"embeddable":true,"href":"https:\/\/lasentinelle.dz\/index.php\/wp-json\/wp\/v2\/media\/77051"}],"wp:attachment":[{"href":"https:\/\/lasentinelle.dz\/index.php\/wp-json\/wp\/v2\/media?parent=86567"}],"wp:term":[{"taxonomy":"category","embeddable":true,"href":"https:\/\/lasentinelle.dz\/index.php\/wp-json\/wp\/v2\/categories?post=86567"},{"taxonomy":"post_tag","embeddable":true,"href":"https:\/\/lasentinelle.dz\/index.php\/wp-json\/wp\/v2\/tags?post=86567"}],"curies":[{"name":"wp","href":"https:\/\/api.w.org\/{rel}","templated":true}]}}