{"id":86569,"date":"2026-04-27T20:12:27","date_gmt":"2026-04-27T19:12:27","guid":{"rendered":"https:\/\/lasentinelle.dz\/?p=86569"},"modified":"2026-04-27T20:12:29","modified_gmt":"2026-04-27T19:12:29","slug":"route-transsaharienne-et-rail-vers-tamanrasset-djellaoui-met-la-pression","status":"publish","type":"post","link":"https:\/\/lasentinelle.dz\/index.php\/2026\/04\/27\/route-transsaharienne-et-rail-vers-tamanrasset-djellaoui-met-la-pression\/","title":{"rendered":"Route transsaharienne et rail vers Tamanrasset\u00a0: Djellaoui met la pression"},"content":{"rendered":"\n<p>Le ministre des Travaux publics et des Infrastructures de base, Abdelkader Djellaoui, a pr\u00e9sid\u00e9 dimanche une session de travail consacr\u00e9e \u00e0 deux dossiers qui concentrent l&rsquo;essentiel des enjeux d&rsquo;infrastructure nationale : l&rsquo;\u00e9tat de la route transsaharienne d&rsquo;un c\u00f4t\u00e9, et les pr\u00e9paratifs pour le lancement du chantier ferroviaire Alger-Tamanrasset de l&rsquo;autre. Sur la transsaharienne, les responsables de wilaya ont pr\u00e9sent\u00e9 des bilans techniques d\u00e9taill\u00e9s portant sur l&rsquo;avancement des travaux de maintenance et de modernisation sur chacun des tron\u00e7ons, ainsi que les difficult\u00e9s rencontr\u00e9es sur le terrain. Le communiqu\u00e9 du minist\u00e8re \u00e9voque \u00ab une pr\u00e9sentation d&rsquo;un bilan complet des projets inscrits dans un programme visant \u00e0 am\u00e9liorer les performances de cet axe important et \u00e0 assurer sa p\u00e9rennit\u00e9 \u00bb. La r\u00e9union a aussi \u00e9t\u00e9 l&rsquo;occasion d&rsquo;\u00e9voquer la coop\u00e9ration avec le Tchad dans le cadre technique li\u00e9 \u00e0 la r\u00e9alisation de cette route, dont le trac\u00e9 d\u00e9passe les fronti\u00e8res alg\u00e9riennes et s&rsquo;inscrit dans une logique de connectivit\u00e9 continentale. Djellaoui a insist\u00e9 sur la n\u00e9cessit\u00e9 \u00ab d&rsquo;acc\u00e9l\u00e9rer le rythme des travaux et d&rsquo;achever les projets dans les d\u00e9lais fix\u00e9s, avec un suivi de terrain rigoureux pour garantir la qualit\u00e9 \u00bb. C&rsquo;est sur le dossier ferroviaire que la r\u00e9union a pris son ton le plus op\u00e9rationnel. La ligne Alger-Tamanrasset, qui traversera Laghouat, Gharda\u00efa, El Menia, In Salah et Tamanrasset, n&rsquo;a pas encore officiellement d\u00e9marr\u00e9. Les \u00e9quipes de l&rsquo;ANESRIF, en coordination avec les walis et les directeurs des travaux publics des wilayas concern\u00e9es, travaillent \u00e0 lever les derniers obstacles avant le coup d&rsquo;envoi : lib\u00e9ration de l&#8217;emprise fonci\u00e8re, d\u00e9placement des r\u00e9seaux existants. Un expos\u00e9 d\u00e9taill\u00e9 sur l&rsquo;avancement de cette lib\u00e9ration du couloir a \u00e9t\u00e9 pr\u00e9sent\u00e9 en s\u00e9ance. Le ministre n&rsquo;a pas m\u00e2ch\u00e9 ses mots : il a donn\u00e9 \u00ab des instructions strictes exigeant la lev\u00e9e de tous les obstacles dans les meilleurs d\u00e9lais, afin de garantir le d\u00e9marrage effectif de ce projet strat\u00e9gique \u00bb.<\/p>\n\n\n\n<p>S.B.<\/p>\n","protected":false},"excerpt":{"rendered":"<p>Le ministre des Travaux publics et des Infrastructures de base, Abdelkader Djellaoui, a pr\u00e9sid\u00e9 dimanche une session de travail consacr\u00e9e<\/p>\n","protected":false},"author":6,"featured_media":48265,"comment_status":"open","ping_status":"closed","sticky":false,"template":"","format":"standard","meta":{"colormag_page_container_layout":"default_layout","colormag_page_sidebar_layout":"default_layout","om_disable_all_campaigns":false,"_monsterinsights_skip_tracking":false,"_monsterinsights_sitenote_active":false,"_monsterinsights_sitenote_note":"","_monsterinsights_sitenote_category":0,"footnotes":"","_wpscppro_dont_share_socialmedia":false,"_wpscppro_custom_social_share_image":0,"_facebook_share_type":"default","_twitter_share_type":"default","_linkedin_share_type":"default","_pinterest_share_type":"default","_linkedin_share_type_page":"","_instagram_share_type":"default","_medium_share_type":"default","_threads_share_type":"default","_google_business_share_type":"default","_selected_social_profile":[],"_wpsp_enable_custom_social_template":false,"_wpsp_social_scheduling":{"enabled":false,"datetime":null,"platforms":[],"status":"template_only","dateOption":"today","timeOption":"now","customDays":"","customHours":"","customDate":"","customTime":"","schedulingType":"absolute"},"_wpsp_active_default_template":true},"categories":[29],"tags":[],"class_list":["post-86569","post","type-post","status-publish","format-standard","has-post-thumbnail","hentry","category-economie"],"aioseo_notices":[],"yoast_head":"<!-- This site is optimized with the Yoast SEO plugin v27.4 - https:\/\/yoast.com\/product\/yoast-seo-wordpress\/ -->\n<title>Route transsaharienne et rail vers Tamanrasset\u00a0: Djellaoui met la pression - La Sentinelle<\/title>\n<meta name=\"robots\" content=\"index, follow, max-snippet:-1, max-image-preview:large, max-video-preview:-1\" \/>\n<link rel=\"canonical\" href=\"https:\/\/lasentinelle.dz\/index.php\/2026\/04\/27\/route-transsaharienne-et-rail-vers-tamanrasset-djellaoui-met-la-pression\/\" \/>\n<meta property=\"og:locale\" content=\"fr_FR\" \/>\n<meta property=\"og:type\" content=\"article\" \/>\n<meta property=\"og:title\" content=\"Route transsaharienne et rail vers Tamanrasset\u00a0: Djellaoui met la pression - La Sentinelle\" \/>\n<meta property=\"og:description\" content=\"Le ministre des Travaux publics et des Infrastructures de base, Abdelkader Djellaoui, a pr\u00e9sid\u00e9 dimanche une session de travail consacr\u00e9e\" \/>\n<meta property=\"og:url\" content=\"https:\/\/lasentinelle.dz\/index.php\/2026\/04\/27\/route-transsaharienne-et-rail-vers-tamanrasset-djellaoui-met-la-pression\/\" \/>\n<meta property=\"og:site_name\" content=\"La Sentinelle\" \/>\n<meta property=\"article:publisher\" content=\"https:\/\/www.facebook.com\/La-Sentinelle-104059864394773\" \/>\n<meta property=\"article:published_time\" content=\"2026-04-27T19:12:27+00:00\" \/>\n<meta property=\"article:modified_time\" content=\"2026-04-27T19:12:29+00:00\" \/>\n<meta property=\"og:image\" content=\"https:\/\/lasentinelle.dz\/wp-content\/uploads\/2023\/12\/transsaharienne.png\" \/>\n\t<meta property=\"og:image:width\" content=\"1297\" \/>\n\t<meta property=\"og:image:height\" content=\"678\" \/>\n\t<meta property=\"og:image:type\" content=\"image\/png\" \/>\n<meta name=\"author\" content=\"admin\" \/>\n<meta name=\"twitter:card\" content=\"summary_large_image\" \/>\n<meta name=\"twitter:label1\" content=\"\u00c9crit par\" \/>\n\t<meta name=\"twitter:data1\" content=\"admin\" \/>\n\t<meta name=\"twitter:label2\" content=\"Dur\u00e9e de lecture estim\u00e9e\" \/>\n\t<meta name=\"twitter:data2\" content=\"2 minutes\" \/>\n<script type=\"application\/ld+json\" class=\"yoast-schema-graph\">{\"@context\":\"https:\\\/\\\/schema.org\",\"@graph\":[{\"@type\":\"Article\",\"@id\":\"https:\\\/\\\/lasentinelle.dz\\\/index.php\\\/2026\\\/04\\\/27\\\/route-transsaharienne-et-rail-vers-tamanrasset-djellaoui-met-la-pression\\\/#article\",\"isPartOf\":{\"@id\":\"https:\\\/\\\/lasentinelle.dz\\\/index.php\\\/2026\\\/04\\\/27\\\/route-transsaharienne-et-rail-vers-tamanrasset-djellaoui-met-la-pression\\\/\"},\"author\":{\"name\":\"admin\",\"@id\":\"https:\\\/\\\/lasentinelle.dz\\\/#\\\/schema\\\/person\\\/729ee0024f24e0b8c5ec17232f8e8b41\"},\"headline\":\"Route transsaharienne et rail vers Tamanrasset\u00a0: Djellaoui met la pression\",\"datePublished\":\"2026-04-27T19:12:27+00:00\",\"dateModified\":\"2026-04-27T19:12:29+00:00\",\"mainEntityOfPage\":{\"@id\":\"https:\\\/\\\/lasentinelle.dz\\\/index.php\\\/2026\\\/04\\\/27\\\/route-transsaharienne-et-rail-vers-tamanrasset-djellaoui-met-la-pression\\\/\"},\"wordCount\":368,\"commentCount\":0,\"publisher\":{\"@id\":\"https:\\\/\\\/lasentinelle.dz\\\/#organization\"},\"image\":{\"@id\":\"https:\\\/\\\/lasentinelle.dz\\\/index.php\\\/2026\\\/04\\\/27\\\/route-transsaharienne-et-rail-vers-tamanrasset-djellaoui-met-la-pression\\\/#primaryimage\"},\"thumbnailUrl\":\"https:\\\/\\\/lasentinelle.dz\\\/wp-content\\\/uploads\\\/2023\\\/12\\\/transsaharienne.png\",\"articleSection\":[\"\u00c9conomie\"],\"inLanguage\":\"fr-FR\",\"potentialAction\":[{\"@type\":\"CommentAction\",\"name\":\"Comment\",\"target\":[\"https:\\\/\\\/lasentinelle.dz\\\/index.php\\\/2026\\\/04\\\/27\\\/route-transsaharienne-et-rail-vers-tamanrasset-djellaoui-met-la-pression\\\/#respond\"]}]},{\"@type\":\"WebPage\",\"@id\":\"https:\\\/\\\/lasentinelle.dz\\\/index.php\\\/2026\\\/04\\\/27\\\/route-transsaharienne-et-rail-vers-tamanrasset-djellaoui-met-la-pression\\\/\",\"url\":\"https:\\\/\\\/lasentinelle.dz\\\/index.php\\\/2026\\\/04\\\/27\\\/route-transsaharienne-et-rail-vers-tamanrasset-djellaoui-met-la-pression\\\/\",\"name\":\"Route transsaharienne et rail vers Tamanrasset\u00a0: Djellaoui met la pression - La Sentinelle\",\"isPartOf\":{\"@id\":\"https:\\\/\\\/lasentinelle.dz\\\/#website\"},\"primaryImageOfPage\":{\"@id\":\"https:\\\/\\\/lasentinelle.dz\\\/index.php\\\/2026\\\/04\\\/27\\\/route-transsaharienne-et-rail-vers-tamanrasset-djellaoui-met-la-pression\\\/#primaryimage\"},\"image\":{\"@id\":\"https:\\\/\\\/lasentinelle.dz\\\/index.php\\\/2026\\\/04\\\/27\\\/route-transsaharienne-et-rail-vers-tamanrasset-djellaoui-met-la-pression\\\/#primaryimage\"},\"thumbnailUrl\":\"https:\\\/\\\/lasentinelle.dz\\\/wp-content\\\/uploads\\\/2023\\\/12\\\/transsaharienne.png\",\"datePublished\":\"2026-04-27T19:12:27+00:00\",\"dateModified\":\"2026-04-27T19:12:29+00:00\",\"breadcrumb\":{\"@id\":\"https:\\\/\\\/lasentinelle.dz\\\/index.php\\\/2026\\\/04\\\/27\\\/route-transsaharienne-et-rail-vers-tamanrasset-djellaoui-met-la-pression\\\/#breadcrumb\"},\"inLanguage\":\"fr-FR\",\"potentialAction\":[{\"@type\":\"ReadAction\",\"target\":[\"https:\\\/\\\/lasentinelle.dz\\\/index.php\\\/2026\\\/04\\\/27\\\/route-transsaharienne-et-rail-vers-tamanrasset-djellaoui-met-la-pression\\\/\"]}]},{\"@type\":\"ImageObject\",\"inLanguage\":\"fr-FR\",\"@id\":\"https:\\\/\\\/lasentinelle.dz\\\/index.php\\\/2026\\\/04\\\/27\\\/route-transsaharienne-et-rail-vers-tamanrasset-djellaoui-met-la-pression\\\/#primaryimage\",\"url\":\"https:\\\/\\\/lasentinelle.dz\\\/wp-content\\\/uploads\\\/2023\\\/12\\\/transsaharienne.png\",\"contentUrl\":\"https:\\\/\\\/lasentinelle.dz\\\/wp-content\\\/uploads\\\/2023\\\/12\\\/transsaharienne.png\",\"width\":1297,\"height\":678},{\"@type\":\"BreadcrumbList\",\"@id\":\"https:\\\/\\\/lasentinelle.dz\\\/index.php\\\/2026\\\/04\\\/27\\\/route-transsaharienne-et-rail-vers-tamanrasset-djellaoui-met-la-pression\\\/#breadcrumb\",\"itemListElement\":[{\"@type\":\"ListItem\",\"position\":1,\"name\":\"Accueil\",\"item\":\"https:\\\/\\\/lasentinelle.dz\\\/\"},{\"@type\":\"ListItem\",\"position\":2,\"name\":\"Route transsaharienne et rail vers Tamanrasset\u00a0: Djellaoui met la pression\"}]},{\"@type\":\"WebSite\",\"@id\":\"https:\\\/\\\/lasentinelle.dz\\\/#website\",\"url\":\"https:\\\/\\\/lasentinelle.dz\\\/\",\"name\":\"La Sentinelle\",\"description\":\"Quotidien national d&#039;information\",\"publisher\":{\"@id\":\"https:\\\/\\\/lasentinelle.dz\\\/#organization\"},\"potentialAction\":[{\"@type\":\"SearchAction\",\"target\":{\"@type\":\"EntryPoint\",\"urlTemplate\":\"https:\\\/\\\/lasentinelle.dz\\\/?s={search_term_string}\"},\"query-input\":{\"@type\":\"PropertyValueSpecification\",\"valueRequired\":true,\"valueName\":\"search_term_string\"}}],\"inLanguage\":\"fr-FR\"},{\"@type\":\"Organization\",\"@id\":\"https:\\\/\\\/lasentinelle.dz\\\/#organization\",\"name\":\"Quotidien La Sentinelle\",\"url\":\"https:\\\/\\\/lasentinelle.dz\\\/\",\"logo\":{\"@type\":\"ImageObject\",\"inLanguage\":\"fr-FR\",\"@id\":\"https:\\\/\\\/lasentinelle.dz\\\/#\\\/schema\\\/logo\\\/image\\\/\",\"url\":\"https:\\\/\\\/lasentinelle.dz\\\/wp-content\\\/uploads\\\/2021\\\/09\\\/logo-sentinelleSLOGAN-1.png\",\"contentUrl\":\"https:\\\/\\\/lasentinelle.dz\\\/wp-content\\\/uploads\\\/2021\\\/09\\\/logo-sentinelleSLOGAN-1.png\",\"width\":615,\"height\":142,\"caption\":\"Quotidien La Sentinelle\"},\"image\":{\"@id\":\"https:\\\/\\\/lasentinelle.dz\\\/#\\\/schema\\\/logo\\\/image\\\/\"},\"sameAs\":[\"https:\\\/\\\/www.facebook.com\\\/La-Sentinelle-104059864394773\"]},{\"@type\":\"Person\",\"@id\":\"https:\\\/\\\/lasentinelle.dz\\\/#\\\/schema\\\/person\\\/729ee0024f24e0b8c5ec17232f8e8b41\",\"name\":\"admin\",\"image\":{\"@type\":\"ImageObject\",\"inLanguage\":\"fr-FR\",\"@id\":\"https:\\\/\\\/secure.gravatar.com\\\/avatar\\\/4c81fed838786e9b53f540bf46533e750f5d292099ae3b66cfc6fb1982e29df7?s=96&d=mm&r=g\",\"url\":\"https:\\\/\\\/secure.gravatar.com\\\/avatar\\\/4c81fed838786e9b53f540bf46533e750f5d292099ae3b66cfc6fb1982e29df7?s=96&d=mm&r=g\",\"contentUrl\":\"https:\\\/\\\/secure.gravatar.com\\\/avatar\\\/4c81fed838786e9b53f540bf46533e750f5d292099ae3b66cfc6fb1982e29df7?s=96&d=mm&r=g\",\"caption\":\"admin\"},\"description\":\"admin\",\"url\":\"https:\\\/\\\/lasentinelle.dz\\\/author\\\/admin\\\/\"}]}<\/script>\n<!-- \/ Yoast SEO plugin. -->","yoast_head_json":{"title":"Route transsaharienne et rail vers Tamanrasset\u00a0: Djellaoui met la pression - La Sentinelle","robots":{"index":"index","follow":"follow","max-snippet":"max-snippet:-1","max-image-preview":"max-image-preview:large","max-video-preview":"max-video-preview:-1"},"canonical":"https:\/\/lasentinelle.dz\/index.php\/2026\/04\/27\/route-transsaharienne-et-rail-vers-tamanrasset-djellaoui-met-la-pression\/","og_locale":"fr_FR","og_type":"article","og_title":"Route transsaharienne et rail vers Tamanrasset\u00a0: Djellaoui met la pression - La Sentinelle","og_description":"Le ministre des Travaux publics et des Infrastructures de base, Abdelkader Djellaoui, a pr\u00e9sid\u00e9 dimanche une session de travail consacr\u00e9e","og_url":"https:\/\/lasentinelle.dz\/index.php\/2026\/04\/27\/route-transsaharienne-et-rail-vers-tamanrasset-djellaoui-met-la-pression\/","og_site_name":"La Sentinelle","article_publisher":"https:\/\/www.facebook.com\/La-Sentinelle-104059864394773","article_published_time":"2026-04-27T19:12:27+00:00","article_modified_time":"2026-04-27T19:12:29+00:00","og_image":[{"width":1297,"height":678,"url":"https:\/\/lasentinelle.dz\/wp-content\/uploads\/2023\/12\/transsaharienne.png","type":"image\/png"}],"author":"admin","twitter_card":"summary_large_image","twitter_misc":{"\u00c9crit par":"admin","Dur\u00e9e de lecture estim\u00e9e":"2 minutes"},"schema":{"@context":"https:\/\/schema.org","@graph":[{"@type":"Article","@id":"https:\/\/lasentinelle.dz\/index.php\/2026\/04\/27\/route-transsaharienne-et-rail-vers-tamanrasset-djellaoui-met-la-pression\/#article","isPartOf":{"@id":"https:\/\/lasentinelle.dz\/index.php\/2026\/04\/27\/route-transsaharienne-et-rail-vers-tamanrasset-djellaoui-met-la-pression\/"},"author":{"name":"admin","@id":"https:\/\/lasentinelle.dz\/#\/schema\/person\/729ee0024f24e0b8c5ec17232f8e8b41"},"headline":"Route transsaharienne et rail vers Tamanrasset\u00a0: Djellaoui met la pression","datePublished":"2026-04-27T19:12:27+00:00","dateModified":"2026-04-27T19:12:29+00:00","mainEntityOfPage":{"@id":"https:\/\/lasentinelle.dz\/index.php\/2026\/04\/27\/route-transsaharienne-et-rail-vers-tamanrasset-djellaoui-met-la-pression\/"},"wordCount":368,"commentCount":0,"publisher":{"@id":"https:\/\/lasentinelle.dz\/#organization"},"image":{"@id":"https:\/\/lasentinelle.dz\/index.php\/2026\/04\/27\/route-transsaharienne-et-rail-vers-tamanrasset-djellaoui-met-la-pression\/#primaryimage"},"thumbnailUrl":"https:\/\/lasentinelle.dz\/wp-content\/uploads\/2023\/12\/transsaharienne.png","articleSection":["\u00c9conomie"],"inLanguage":"fr-FR","potentialAction":[{"@type":"CommentAction","name":"Comment","target":["https:\/\/lasentinelle.dz\/index.php\/2026\/04\/27\/route-transsaharienne-et-rail-vers-tamanrasset-djellaoui-met-la-pression\/#respond"]}]},{"@type":"WebPage","@id":"https:\/\/lasentinelle.dz\/index.php\/2026\/04\/27\/route-transsaharienne-et-rail-vers-tamanrasset-djellaoui-met-la-pression\/","url":"https:\/\/lasentinelle.dz\/index.php\/2026\/04\/27\/route-transsaharienne-et-rail-vers-tamanrasset-djellaoui-met-la-pression\/","name":"Route transsaharienne et rail vers Tamanrasset\u00a0: Djellaoui met la pression - La Sentinelle","isPartOf":{"@id":"https:\/\/lasentinelle.dz\/#website"},"primaryImageOfPage":{"@id":"https:\/\/lasentinelle.dz\/index.php\/2026\/04\/27\/route-transsaharienne-et-rail-vers-tamanrasset-djellaoui-met-la-pression\/#primaryimage"},"image":{"@id":"https:\/\/lasentinelle.dz\/index.php\/2026\/04\/27\/route-transsaharienne-et-rail-vers-tamanrasset-djellaoui-met-la-pression\/#primaryimage"},"thumbnailUrl":"https:\/\/lasentinelle.dz\/wp-content\/uploads\/2023\/12\/transsaharienne.png","datePublished":"2026-04-27T19:12:27+00:00","dateModified":"2026-04-27T19:12:29+00:00","breadcrumb":{"@id":"https:\/\/lasentinelle.dz\/index.php\/2026\/04\/27\/route-transsaharienne-et-rail-vers-tamanrasset-djellaoui-met-la-pression\/#breadcrumb"},"inLanguage":"fr-FR","potentialAction":[{"@type":"ReadAction","target":["https:\/\/lasentinelle.dz\/index.php\/2026\/04\/27\/route-transsaharienne-et-rail-vers-tamanrasset-djellaoui-met-la-pression\/"]}]},{"@type":"ImageObject","inLanguage":"fr-FR","@id":"https:\/\/lasentinelle.dz\/index.php\/2026\/04\/27\/route-transsaharienne-et-rail-vers-tamanrasset-djellaoui-met-la-pression\/#primaryimage","url":"https:\/\/lasentinelle.dz\/wp-content\/uploads\/2023\/12\/transsaharienne.png","contentUrl":"https:\/\/lasentinelle.dz\/wp-content\/uploads\/2023\/12\/transsaharienne.png","width":1297,"height":678},{"@type":"BreadcrumbList","@id":"https:\/\/lasentinelle.dz\/index.php\/2026\/04\/27\/route-transsaharienne-et-rail-vers-tamanrasset-djellaoui-met-la-pression\/#breadcrumb","itemListElement":[{"@type":"ListItem","position":1,"name":"Accueil","item":"https:\/\/lasentinelle.dz\/"},{"@type":"ListItem","position":2,"name":"Route transsaharienne et rail vers Tamanrasset\u00a0: Djellaoui met la pression"}]},{"@type":"WebSite","@id":"https:\/\/lasentinelle.dz\/#website","url":"https:\/\/lasentinelle.dz\/","name":"La Sentinelle","description":"Quotidien national d&#039;information","publisher":{"@id":"https:\/\/lasentinelle.dz\/#organization"},"potentialAction":[{"@type":"SearchAction","target":{"@type":"EntryPoint","urlTemplate":"https:\/\/lasentinelle.dz\/?s={search_term_string}"},"query-input":{"@type":"PropertyValueSpecification","valueRequired":true,"valueName":"search_term_string"}}],"inLanguage":"fr-FR"},{"@type":"Organization","@id":"https:\/\/lasentinelle.dz\/#organization","name":"Quotidien La Sentinelle","url":"https:\/\/lasentinelle.dz\/","logo":{"@type":"ImageObject","inLanguage":"fr-FR","@id":"https:\/\/lasentinelle.dz\/#\/schema\/logo\/image\/","url":"https:\/\/lasentinelle.dz\/wp-content\/uploads\/2021\/09\/logo-sentinelleSLOGAN-1.png","contentUrl":"https:\/\/lasentinelle.dz\/wp-content\/uploads\/2021\/09\/logo-sentinelleSLOGAN-1.png","width":615,"height":142,"caption":"Quotidien La Sentinelle"},"image":{"@id":"https:\/\/lasentinelle.dz\/#\/schema\/logo\/image\/"},"sameAs":["https:\/\/www.facebook.com\/La-Sentinelle-104059864394773"]},{"@type":"Person","@id":"https:\/\/lasentinelle.dz\/#\/schema\/person\/729ee0024f24e0b8c5ec17232f8e8b41","name":"admin","image":{"@type":"ImageObject","inLanguage":"fr-FR","@id":"https:\/\/secure.gravatar.com\/avatar\/4c81fed838786e9b53f540bf46533e750f5d292099ae3b66cfc6fb1982e29df7?s=96&d=mm&r=g","url":"https:\/\/secure.gravatar.com\/avatar\/4c81fed838786e9b53f540bf46533e750f5d292099ae3b66cfc6fb1982e29df7?s=96&d=mm&r=g","contentUrl":"https:\/\/secure.gravatar.com\/avatar\/4c81fed838786e9b53f540bf46533e750f5d292099ae3b66cfc6fb1982e29df7?s=96&d=mm&r=g","caption":"admin"},"description":"admin","url":"https:\/\/lasentinelle.dz\/author\/admin\/"}]}},"_links":{"self":[{"href":"https:\/\/lasentinelle.dz\/index.php\/wp-json\/wp\/v2\/posts\/86569","targetHints":{"allow":["GET"]}}],"collection":[{"href":"https:\/\/lasentinelle.dz\/index.php\/wp-json\/wp\/v2\/posts"}],"about":[{"href":"https:\/\/lasentinelle.dz\/index.php\/wp-json\/wp\/v2\/types\/post"}],"author":[{"embeddable":true,"href":"https:\/\/lasentinelle.dz\/index.php\/wp-json\/wp\/v2\/users\/6"}],"replies":[{"embeddable":true,"href":"https:\/\/lasentinelle.dz\/index.php\/wp-json\/wp\/v2\/comments?post=86569"}],"version-history":[{"count":1,"href":"https:\/\/lasentinelle.dz\/index.php\/wp-json\/wp\/v2\/posts\/86569\/revisions"}],"predecessor-version":[{"id":86570,"href":"https:\/\/lasentinelle.dz\/index.php\/wp-json\/wp\/v2\/posts\/86569\/revisions\/86570"}],"wp:featuredmedia":[{"embeddable":true,"href":"https:\/\/lasentinelle.dz\/index.php\/wp-json\/wp\/v2\/media\/48265"}],"wp:attachment":[{"href":"https:\/\/lasentinelle.dz\/index.php\/wp-json\/wp\/v2\/media?parent=86569"}],"wp:term":[{"taxonomy":"category","embeddable":true,"href":"https:\/\/lasentinelle.dz\/index.php\/wp-json\/wp\/v2\/categories?post=86569"},{"taxonomy":"post_tag","embeddable":true,"href":"https:\/\/lasentinelle.dz\/index.php\/wp-json\/wp\/v2\/tags?post=86569"}],"curies":[{"name":"wp","href":"https:\/\/api.w.org\/{rel}","templated":true}]}}