{"id":86571,"date":"2026-04-27T20:13:18","date_gmt":"2026-04-27T19:13:18","guid":{"rendered":"https:\/\/lasentinelle.dz\/?p=86571"},"modified":"2026-04-27T20:13:22","modified_gmt":"2026-04-27T19:13:22","slug":"tindouf-porte-ouverte-sur-lafrique","status":"publish","type":"post","link":"https:\/\/lasentinelle.dz\/index.php\/2026\/04\/27\/tindouf-porte-ouverte-sur-lafrique\/","title":{"rendered":"Tindouf, porte ouverte sur l&rsquo;Afrique\u00a0"},"content":{"rendered":"\n<p>Ils sont venus de Dakar, de Conakry, de Freetown et de Nouakchott. Lundi, en marge du Salon des services et produits alg\u00e9riens destin\u00e9s \u00e0 l&rsquo;exportation qui se tient \u00e0 Tindouf, plusieurs ambassadeurs africains accr\u00e9dit\u00e9s \u00e0 Alger ont pris la parole pour dire, chacun \u00e0 sa mani\u00e8re, la m\u00eame chose : les \u00e9changes commerciaux entre l&rsquo;Alg\u00e9rie et l&rsquo;Afrique bougent, et ils bougent vite.<\/p>\n\n\n\n<p>Pas moins de 104 entreprises alg\u00e9riennes de production et de services, 45 entreprises artisanales \u2014 le salon, organis\u00e9 sous le slogan \u00ab Tindouf, porte d&rsquo;exportation vers les pays de l&rsquo;Afrique de l&rsquo;Ouest \u00bb, offre une vitrine concr\u00e8te \u00e0 une ambition que l&rsquo;Alg\u00e9rie cultive depuis plusieurs ann\u00e9es : s&rsquo;imposer comme fournisseur incontournable sur les march\u00e9s du continent, au-del\u00e0 des hydrocarbures. C&rsquo;est l&rsquo;ambassadeur mauritanien, Sidi Mohamed Abdellah, qui a livr\u00e9 les chiffres les plus parlants. Interrog\u00e9 par l&rsquo;APS, il a indiqu\u00e9 que les \u00e9changes commerciaux entre les deux pays ont atteint \u00ab environ 500 millions de dollars \u00bb, avec des perspectives de progression li\u00e9es \u00e0 un chantier qui concentre beaucoup d&rsquo;espoirs : la route terrestre reliant Tindouf \u00e0 Zou\u00e9rate. Une fois achev\u00e9e, cette infrastructure doit d\u00e9senclaver les \u00e9changes transfrontaliers et r\u00e9duire les d\u00e9lais de livraison. Le diplomate a insist\u00e9 sur le fait que Tindouf est devenue \u00ab une porte strat\u00e9gique de l&rsquo;Alg\u00e9rie vers les march\u00e9s de l&rsquo;Afrique de l&rsquo;Ouest \u00bb \u2014 une formule qui r\u00e9sume assez bien la recomposition g\u00e9ographique du commerce alg\u00e9rien vers le sud.<\/p>\n\n\n\n<p>Ce que Sidi Mohamed Abdellah a aussi r\u00e9v\u00e9l\u00e9, c&rsquo;est l&rsquo;\u00e9tat avanc\u00e9 des discussions autour d&rsquo;un accord pr\u00e9f\u00e9rentiel bilat\u00e9ral. Les deux pays n\u00e9gocient une liste de produits qui b\u00e9n\u00e9ficieraient d&rsquo;une exon\u00e9ration des droits de douane des deux c\u00f4t\u00e9s de la fronti\u00e8re. Un accord de ce type, s&rsquo;il aboutit, donnerait un cadre formel \u00e0 des \u00e9changes qui fonctionnent encore largement de fa\u00e7on informelle. Il a rappel\u00e9 que l&rsquo;ouverture des postes frontaliers, d\u00e9cid\u00e9e par les pr\u00e9sidents des deux pays il y a environ 18 mois, \u00ab a donn\u00e9 un nouvel \u00e9lan aux \u00e9changes commerciaux \u00bb. Sur le march\u00e9 mauritanien, les produits alg\u00e9riens sont r\u00e9export\u00e9s vers les pays voisins d&rsquo;Afrique de l&rsquo;Ouest \u2014 un effet de levier qui d\u00e9cuple la port\u00e9e r\u00e9elle des exportations alg\u00e9riennes au-del\u00e0 des statistiques bilat\u00e9rales. Le salon annuel des produits alg\u00e9riens organis\u00e9 en Mauritanie avait r\u00e9uni plus de 220 entreprises lors de sa derni\u00e8re \u00e9dition ; 300 sont attendues pour la prochaine.<\/p>\n\n\n\n<p><strong>S\u00e9n\u00e9gal : la banque comme signal<\/strong><\/p>\n\n\n\n<p>L&rsquo;ambassadeur du S\u00e9n\u00e9gal, Mbaba Kora Ndiaye, a choisi un autre angle pour illustrer le resserrement des liens. Pour lui, l&rsquo;indicateur le plus r\u00e9v\u00e9lateur est l&rsquo;inauguration de la banque alg\u00e9ro-s\u00e9n\u00e9galaise, qu&rsquo;il a pr\u00e9sent\u00e9e comme \u00ab un indicateur des efforts d\u00e9ploy\u00e9s pour faciliter l&rsquo;investissement et les \u00e9changes commerciaux entre les deux pays, ainsi qu&rsquo;avec le reste de l&rsquo;Afrique \u00bb. Disposer d&rsquo;un outil bancaire commun, c&rsquo;est s&rsquo;attaquer \u00e0 l&rsquo;un des obstacles les plus concrets qui freinent le commerce intra-africain : la difficult\u00e9 \u00e0 financer et \u00e0 s\u00e9curiser les transactions dans une devise commune ou via des circuits fiables. Le diplomate s\u00e9n\u00e9galais a \u00e9galement insist\u00e9 sur la Zone de libre-\u00e9change continentale africaine (ZLECAf) comme cadre de r\u00e9f\u00e9rence pour approfondir cette coop\u00e9ration \u2014 un rappel que le bilat\u00e9ral doit s&rsquo;articuler avec une architecture continentale en construction.<\/p>\n\n\n\n<p>L&rsquo;ambassadeur de Sierra Leone, Alhaji Brima Elvis Koroma, a mis en avant un ph\u00e9nom\u00e8ne moins souvent \u00e9voqu\u00e9 : l&rsquo;utilisation de la Mauritanie comme point d&rsquo;entr\u00e9e vers l&rsquo;Afrique de l&rsquo;Ouest pour les op\u00e9rateurs \u00e9conomiques alg\u00e9riens. Ce passage mauritanien fonctionne comme un relais commercial naturel, et son d\u00e9veloppement renforce ce que le diplomate a appel\u00e9 \u00ab la dynamique d&rsquo;int\u00e9gration \u00e9conomique r\u00e9gionale \u00bb. Il a par ailleurs rendu hommage aux positions de l&rsquo;Alg\u00e9rie en faveur du continent, sans pr\u00e9ciser lesquelles \u2014 mais le sous-texte est clair : la diplomatie africaine d&rsquo;Alger ouvre des portes commerciales.<\/p>\n\n\n\n<p>Le premier secr\u00e9taire de l&rsquo;ambassade de Guin\u00e9e, Mohamed Abderrahmane, a quant \u00e0 lui plaid\u00e9 pour un renforcement du commerce intra-africain dans son ensemble, en pointant la n\u00e9cessit\u00e9 d&rsquo;exploiter les ressources du continent plut\u00f4t que de continuer \u00e0 exporter des mati\u00e8res premi\u00e8res vers l&rsquo;ext\u00e9rieur. Une invitation \u00e0 penser le partenariat alg\u00e9ro-africain non pas comme une relation fournisseur-client, mais comme une compl\u00e9mentarit\u00e9 entre \u00e9conomies qui ont int\u00e9r\u00eat \u00e0 se trouver.<\/p>\n\n\n\n<p>Au-del\u00e0 des d\u00e9clarations diplomatiques, le salon de Tindouf dit quelque chose de simple et de structurel : l&rsquo;Alg\u00e9rie parie sur sa g\u00e9ographie. Tindouf dispose d&rsquo;une position de carrefour naturel vers l&rsquo;Afrique subsaharienne. Organiser un salon d&rsquo;exportation dans cette ville n&rsquo;est pas un hasard \u2014 c&rsquo;est une affirmation de vouloir faire du Sud alg\u00e9rien une interface \u00e9conomique, et pas seulement une zone tampon s\u00e9curitaire.<\/p>\n\n\n\n<p>Les chiffres du salon \u2014 149 entreprises participantes, un acc\u00e8s \u00e0 un march\u00e9 ouest-africain de plus de 150 millions de consommateurs selon l&rsquo;ambassadeur mauritanien \u2014 donnent une mesure de l&rsquo;ambition.<\/p>\n\n\n\n<p>Samir Benisid<\/p>\n","protected":false},"excerpt":{"rendered":"<p>Ils sont venus de Dakar, de Conakry, de Freetown et de Nouakchott. Lundi, en marge du Salon des services et<\/p>\n","protected":false},"author":6,"featured_media":86572,"comment_status":"open","ping_status":"closed","sticky":false,"template":"","format":"standard","meta":{"colormag_page_container_layout":"default_layout","colormag_page_sidebar_layout":"default_layout","om_disable_all_campaigns":false,"_monsterinsights_skip_tracking":false,"_monsterinsights_sitenote_active":false,"_monsterinsights_sitenote_note":"","_monsterinsights_sitenote_category":0,"footnotes":"","_wpscppro_dont_share_socialmedia":false,"_wpscppro_custom_social_share_image":0,"_facebook_share_type":"default","_twitter_share_type":"default","_linkedin_share_type":"default","_pinterest_share_type":"default","_linkedin_share_type_page":"","_instagram_share_type":"default","_medium_share_type":"default","_threads_share_type":"default","_google_business_share_type":"default","_selected_social_profile":[],"_wpsp_enable_custom_social_template":false,"_wpsp_social_scheduling":{"enabled":false,"datetime":null,"platforms":[],"status":"template_only","dateOption":"today","timeOption":"now","customDays":"","customHours":"","customDate":"","customTime":"","schedulingType":"absolute"},"_wpsp_active_default_template":true},"categories":[52,29],"tags":[],"class_list":["post-86571","post","type-post","status-publish","format-standard","has-post-thumbnail","hentry","category-a-la-une","category-economie"],"aioseo_notices":[],"yoast_head":"<!-- This site is optimized with the Yoast SEO plugin v27.4 - https:\/\/yoast.com\/product\/yoast-seo-wordpress\/ -->\n<title>Tindouf, porte ouverte sur l&rsquo;Afrique\u00a0 - La Sentinelle<\/title>\n<meta name=\"robots\" content=\"index, follow, max-snippet:-1, max-image-preview:large, max-video-preview:-1\" \/>\n<link rel=\"canonical\" href=\"https:\/\/lasentinelle.dz\/index.php\/2026\/04\/27\/tindouf-porte-ouverte-sur-lafrique\/\" \/>\n<meta property=\"og:locale\" content=\"fr_FR\" \/>\n<meta property=\"og:type\" content=\"article\" \/>\n<meta property=\"og:title\" content=\"Tindouf, porte ouverte sur l&rsquo;Afrique\u00a0 - La Sentinelle\" \/>\n<meta property=\"og:description\" content=\"Ils sont venus de Dakar, de Conakry, de Freetown et de Nouakchott. Lundi, en marge du Salon des services et\" \/>\n<meta property=\"og:url\" content=\"https:\/\/lasentinelle.dz\/index.php\/2026\/04\/27\/tindouf-porte-ouverte-sur-lafrique\/\" \/>\n<meta property=\"og:site_name\" content=\"La Sentinelle\" \/>\n<meta property=\"article:publisher\" content=\"https:\/\/www.facebook.com\/La-Sentinelle-104059864394773\" \/>\n<meta property=\"article:published_time\" content=\"2026-04-27T19:13:18+00:00\" \/>\n<meta property=\"article:modified_time\" content=\"2026-04-27T19:13:22+00:00\" \/>\n<meta property=\"og:image\" content=\"https:\/\/lasentinelle.dz\/wp-content\/uploads\/2026\/04\/exportations.jpeg\" \/>\n\t<meta property=\"og:image:width\" content=\"1080\" \/>\n\t<meta property=\"og:image:height\" content=\"810\" \/>\n\t<meta property=\"og:image:type\" content=\"image\/jpeg\" \/>\n<meta name=\"author\" content=\"admin\" \/>\n<meta name=\"twitter:card\" content=\"summary_large_image\" \/>\n<meta name=\"twitter:label1\" content=\"\u00c9crit par\" \/>\n\t<meta name=\"twitter:data1\" content=\"admin\" \/>\n\t<meta name=\"twitter:label2\" content=\"Dur\u00e9e de lecture estim\u00e9e\" \/>\n\t<meta name=\"twitter:data2\" content=\"5 minutes\" \/>\n<script type=\"application\/ld+json\" class=\"yoast-schema-graph\">{\"@context\":\"https:\\\/\\\/schema.org\",\"@graph\":[{\"@type\":\"Article\",\"@id\":\"https:\\\/\\\/lasentinelle.dz\\\/index.php\\\/2026\\\/04\\\/27\\\/tindouf-porte-ouverte-sur-lafrique\\\/#article\",\"isPartOf\":{\"@id\":\"https:\\\/\\\/lasentinelle.dz\\\/index.php\\\/2026\\\/04\\\/27\\\/tindouf-porte-ouverte-sur-lafrique\\\/\"},\"author\":{\"name\":\"admin\",\"@id\":\"https:\\\/\\\/lasentinelle.dz\\\/#\\\/schema\\\/person\\\/729ee0024f24e0b8c5ec17232f8e8b41\"},\"headline\":\"Tindouf, porte ouverte sur l&rsquo;Afrique\u00a0\",\"datePublished\":\"2026-04-27T19:13:18+00:00\",\"dateModified\":\"2026-04-27T19:13:22+00:00\",\"mainEntityOfPage\":{\"@id\":\"https:\\\/\\\/lasentinelle.dz\\\/index.php\\\/2026\\\/04\\\/27\\\/tindouf-porte-ouverte-sur-lafrique\\\/\"},\"wordCount\":887,\"commentCount\":0,\"publisher\":{\"@id\":\"https:\\\/\\\/lasentinelle.dz\\\/#organization\"},\"image\":{\"@id\":\"https:\\\/\\\/lasentinelle.dz\\\/index.php\\\/2026\\\/04\\\/27\\\/tindouf-porte-ouverte-sur-lafrique\\\/#primaryimage\"},\"thumbnailUrl\":\"https:\\\/\\\/lasentinelle.dz\\\/wp-content\\\/uploads\\\/2026\\\/04\\\/exportations.jpeg\",\"articleSection\":[\"\u00c0 la Une\",\"\u00c9conomie\"],\"inLanguage\":\"fr-FR\",\"potentialAction\":[{\"@type\":\"CommentAction\",\"name\":\"Comment\",\"target\":[\"https:\\\/\\\/lasentinelle.dz\\\/index.php\\\/2026\\\/04\\\/27\\\/tindouf-porte-ouverte-sur-lafrique\\\/#respond\"]}]},{\"@type\":\"WebPage\",\"@id\":\"https:\\\/\\\/lasentinelle.dz\\\/index.php\\\/2026\\\/04\\\/27\\\/tindouf-porte-ouverte-sur-lafrique\\\/\",\"url\":\"https:\\\/\\\/lasentinelle.dz\\\/index.php\\\/2026\\\/04\\\/27\\\/tindouf-porte-ouverte-sur-lafrique\\\/\",\"name\":\"Tindouf, porte ouverte sur l&rsquo;Afrique\u00a0 - La Sentinelle\",\"isPartOf\":{\"@id\":\"https:\\\/\\\/lasentinelle.dz\\\/#website\"},\"primaryImageOfPage\":{\"@id\":\"https:\\\/\\\/lasentinelle.dz\\\/index.php\\\/2026\\\/04\\\/27\\\/tindouf-porte-ouverte-sur-lafrique\\\/#primaryimage\"},\"image\":{\"@id\":\"https:\\\/\\\/lasentinelle.dz\\\/index.php\\\/2026\\\/04\\\/27\\\/tindouf-porte-ouverte-sur-lafrique\\\/#primaryimage\"},\"thumbnailUrl\":\"https:\\\/\\\/lasentinelle.dz\\\/wp-content\\\/uploads\\\/2026\\\/04\\\/exportations.jpeg\",\"datePublished\":\"2026-04-27T19:13:18+00:00\",\"dateModified\":\"2026-04-27T19:13:22+00:00\",\"breadcrumb\":{\"@id\":\"https:\\\/\\\/lasentinelle.dz\\\/index.php\\\/2026\\\/04\\\/27\\\/tindouf-porte-ouverte-sur-lafrique\\\/#breadcrumb\"},\"inLanguage\":\"fr-FR\",\"potentialAction\":[{\"@type\":\"ReadAction\",\"target\":[\"https:\\\/\\\/lasentinelle.dz\\\/index.php\\\/2026\\\/04\\\/27\\\/tindouf-porte-ouverte-sur-lafrique\\\/\"]}]},{\"@type\":\"ImageObject\",\"inLanguage\":\"fr-FR\",\"@id\":\"https:\\\/\\\/lasentinelle.dz\\\/index.php\\\/2026\\\/04\\\/27\\\/tindouf-porte-ouverte-sur-lafrique\\\/#primaryimage\",\"url\":\"https:\\\/\\\/lasentinelle.dz\\\/wp-content\\\/uploads\\\/2026\\\/04\\\/exportations.jpeg\",\"contentUrl\":\"https:\\\/\\\/lasentinelle.dz\\\/wp-content\\\/uploads\\\/2026\\\/04\\\/exportations.jpeg\",\"width\":1080,\"height\":810},{\"@type\":\"BreadcrumbList\",\"@id\":\"https:\\\/\\\/lasentinelle.dz\\\/index.php\\\/2026\\\/04\\\/27\\\/tindouf-porte-ouverte-sur-lafrique\\\/#breadcrumb\",\"itemListElement\":[{\"@type\":\"ListItem\",\"position\":1,\"name\":\"Accueil\",\"item\":\"https:\\\/\\\/lasentinelle.dz\\\/\"},{\"@type\":\"ListItem\",\"position\":2,\"name\":\"Tindouf, porte ouverte sur l&rsquo;Afrique\u00a0\"}]},{\"@type\":\"WebSite\",\"@id\":\"https:\\\/\\\/lasentinelle.dz\\\/#website\",\"url\":\"https:\\\/\\\/lasentinelle.dz\\\/\",\"name\":\"La Sentinelle\",\"description\":\"Quotidien national d&#039;information\",\"publisher\":{\"@id\":\"https:\\\/\\\/lasentinelle.dz\\\/#organization\"},\"potentialAction\":[{\"@type\":\"SearchAction\",\"target\":{\"@type\":\"EntryPoint\",\"urlTemplate\":\"https:\\\/\\\/lasentinelle.dz\\\/?s={search_term_string}\"},\"query-input\":{\"@type\":\"PropertyValueSpecification\",\"valueRequired\":true,\"valueName\":\"search_term_string\"}}],\"inLanguage\":\"fr-FR\"},{\"@type\":\"Organization\",\"@id\":\"https:\\\/\\\/lasentinelle.dz\\\/#organization\",\"name\":\"Quotidien La Sentinelle\",\"url\":\"https:\\\/\\\/lasentinelle.dz\\\/\",\"logo\":{\"@type\":\"ImageObject\",\"inLanguage\":\"fr-FR\",\"@id\":\"https:\\\/\\\/lasentinelle.dz\\\/#\\\/schema\\\/logo\\\/image\\\/\",\"url\":\"https:\\\/\\\/lasentinelle.dz\\\/wp-content\\\/uploads\\\/2021\\\/09\\\/logo-sentinelleSLOGAN-1.png\",\"contentUrl\":\"https:\\\/\\\/lasentinelle.dz\\\/wp-content\\\/uploads\\\/2021\\\/09\\\/logo-sentinelleSLOGAN-1.png\",\"width\":615,\"height\":142,\"caption\":\"Quotidien La Sentinelle\"},\"image\":{\"@id\":\"https:\\\/\\\/lasentinelle.dz\\\/#\\\/schema\\\/logo\\\/image\\\/\"},\"sameAs\":[\"https:\\\/\\\/www.facebook.com\\\/La-Sentinelle-104059864394773\"]},{\"@type\":\"Person\",\"@id\":\"https:\\\/\\\/lasentinelle.dz\\\/#\\\/schema\\\/person\\\/729ee0024f24e0b8c5ec17232f8e8b41\",\"name\":\"admin\",\"image\":{\"@type\":\"ImageObject\",\"inLanguage\":\"fr-FR\",\"@id\":\"https:\\\/\\\/secure.gravatar.com\\\/avatar\\\/4c81fed838786e9b53f540bf46533e750f5d292099ae3b66cfc6fb1982e29df7?s=96&d=mm&r=g\",\"url\":\"https:\\\/\\\/secure.gravatar.com\\\/avatar\\\/4c81fed838786e9b53f540bf46533e750f5d292099ae3b66cfc6fb1982e29df7?s=96&d=mm&r=g\",\"contentUrl\":\"https:\\\/\\\/secure.gravatar.com\\\/avatar\\\/4c81fed838786e9b53f540bf46533e750f5d292099ae3b66cfc6fb1982e29df7?s=96&d=mm&r=g\",\"caption\":\"admin\"},\"description\":\"admin\",\"url\":\"https:\\\/\\\/lasentinelle.dz\\\/author\\\/admin\\\/\"}]}<\/script>\n<!-- \/ Yoast SEO plugin. -->","yoast_head_json":{"title":"Tindouf, porte ouverte sur l&rsquo;Afrique\u00a0 - La Sentinelle","robots":{"index":"index","follow":"follow","max-snippet":"max-snippet:-1","max-image-preview":"max-image-preview:large","max-video-preview":"max-video-preview:-1"},"canonical":"https:\/\/lasentinelle.dz\/index.php\/2026\/04\/27\/tindouf-porte-ouverte-sur-lafrique\/","og_locale":"fr_FR","og_type":"article","og_title":"Tindouf, porte ouverte sur l&rsquo;Afrique\u00a0 - La Sentinelle","og_description":"Ils sont venus de Dakar, de Conakry, de Freetown et de Nouakchott. Lundi, en marge du Salon des services et","og_url":"https:\/\/lasentinelle.dz\/index.php\/2026\/04\/27\/tindouf-porte-ouverte-sur-lafrique\/","og_site_name":"La Sentinelle","article_publisher":"https:\/\/www.facebook.com\/La-Sentinelle-104059864394773","article_published_time":"2026-04-27T19:13:18+00:00","article_modified_time":"2026-04-27T19:13:22+00:00","og_image":[{"width":1080,"height":810,"url":"https:\/\/lasentinelle.dz\/wp-content\/uploads\/2026\/04\/exportations.jpeg","type":"image\/jpeg"}],"author":"admin","twitter_card":"summary_large_image","twitter_misc":{"\u00c9crit par":"admin","Dur\u00e9e de lecture estim\u00e9e":"5 minutes"},"schema":{"@context":"https:\/\/schema.org","@graph":[{"@type":"Article","@id":"https:\/\/lasentinelle.dz\/index.php\/2026\/04\/27\/tindouf-porte-ouverte-sur-lafrique\/#article","isPartOf":{"@id":"https:\/\/lasentinelle.dz\/index.php\/2026\/04\/27\/tindouf-porte-ouverte-sur-lafrique\/"},"author":{"name":"admin","@id":"https:\/\/lasentinelle.dz\/#\/schema\/person\/729ee0024f24e0b8c5ec17232f8e8b41"},"headline":"Tindouf, porte ouverte sur l&rsquo;Afrique\u00a0","datePublished":"2026-04-27T19:13:18+00:00","dateModified":"2026-04-27T19:13:22+00:00","mainEntityOfPage":{"@id":"https:\/\/lasentinelle.dz\/index.php\/2026\/04\/27\/tindouf-porte-ouverte-sur-lafrique\/"},"wordCount":887,"commentCount":0,"publisher":{"@id":"https:\/\/lasentinelle.dz\/#organization"},"image":{"@id":"https:\/\/lasentinelle.dz\/index.php\/2026\/04\/27\/tindouf-porte-ouverte-sur-lafrique\/#primaryimage"},"thumbnailUrl":"https:\/\/lasentinelle.dz\/wp-content\/uploads\/2026\/04\/exportations.jpeg","articleSection":["\u00c0 la Une","\u00c9conomie"],"inLanguage":"fr-FR","potentialAction":[{"@type":"CommentAction","name":"Comment","target":["https:\/\/lasentinelle.dz\/index.php\/2026\/04\/27\/tindouf-porte-ouverte-sur-lafrique\/#respond"]}]},{"@type":"WebPage","@id":"https:\/\/lasentinelle.dz\/index.php\/2026\/04\/27\/tindouf-porte-ouverte-sur-lafrique\/","url":"https:\/\/lasentinelle.dz\/index.php\/2026\/04\/27\/tindouf-porte-ouverte-sur-lafrique\/","name":"Tindouf, porte ouverte sur l&rsquo;Afrique\u00a0 - La Sentinelle","isPartOf":{"@id":"https:\/\/lasentinelle.dz\/#website"},"primaryImageOfPage":{"@id":"https:\/\/lasentinelle.dz\/index.php\/2026\/04\/27\/tindouf-porte-ouverte-sur-lafrique\/#primaryimage"},"image":{"@id":"https:\/\/lasentinelle.dz\/index.php\/2026\/04\/27\/tindouf-porte-ouverte-sur-lafrique\/#primaryimage"},"thumbnailUrl":"https:\/\/lasentinelle.dz\/wp-content\/uploads\/2026\/04\/exportations.jpeg","datePublished":"2026-04-27T19:13:18+00:00","dateModified":"2026-04-27T19:13:22+00:00","breadcrumb":{"@id":"https:\/\/lasentinelle.dz\/index.php\/2026\/04\/27\/tindouf-porte-ouverte-sur-lafrique\/#breadcrumb"},"inLanguage":"fr-FR","potentialAction":[{"@type":"ReadAction","target":["https:\/\/lasentinelle.dz\/index.php\/2026\/04\/27\/tindouf-porte-ouverte-sur-lafrique\/"]}]},{"@type":"ImageObject","inLanguage":"fr-FR","@id":"https:\/\/lasentinelle.dz\/index.php\/2026\/04\/27\/tindouf-porte-ouverte-sur-lafrique\/#primaryimage","url":"https:\/\/lasentinelle.dz\/wp-content\/uploads\/2026\/04\/exportations.jpeg","contentUrl":"https:\/\/lasentinelle.dz\/wp-content\/uploads\/2026\/04\/exportations.jpeg","width":1080,"height":810},{"@type":"BreadcrumbList","@id":"https:\/\/lasentinelle.dz\/index.php\/2026\/04\/27\/tindouf-porte-ouverte-sur-lafrique\/#breadcrumb","itemListElement":[{"@type":"ListItem","position":1,"name":"Accueil","item":"https:\/\/lasentinelle.dz\/"},{"@type":"ListItem","position":2,"name":"Tindouf, porte ouverte sur l&rsquo;Afrique\u00a0"}]},{"@type":"WebSite","@id":"https:\/\/lasentinelle.dz\/#website","url":"https:\/\/lasentinelle.dz\/","name":"La Sentinelle","description":"Quotidien national d&#039;information","publisher":{"@id":"https:\/\/lasentinelle.dz\/#organization"},"potentialAction":[{"@type":"SearchAction","target":{"@type":"EntryPoint","urlTemplate":"https:\/\/lasentinelle.dz\/?s={search_term_string}"},"query-input":{"@type":"PropertyValueSpecification","valueRequired":true,"valueName":"search_term_string"}}],"inLanguage":"fr-FR"},{"@type":"Organization","@id":"https:\/\/lasentinelle.dz\/#organization","name":"Quotidien La Sentinelle","url":"https:\/\/lasentinelle.dz\/","logo":{"@type":"ImageObject","inLanguage":"fr-FR","@id":"https:\/\/lasentinelle.dz\/#\/schema\/logo\/image\/","url":"https:\/\/lasentinelle.dz\/wp-content\/uploads\/2021\/09\/logo-sentinelleSLOGAN-1.png","contentUrl":"https:\/\/lasentinelle.dz\/wp-content\/uploads\/2021\/09\/logo-sentinelleSLOGAN-1.png","width":615,"height":142,"caption":"Quotidien La Sentinelle"},"image":{"@id":"https:\/\/lasentinelle.dz\/#\/schema\/logo\/image\/"},"sameAs":["https:\/\/www.facebook.com\/La-Sentinelle-104059864394773"]},{"@type":"Person","@id":"https:\/\/lasentinelle.dz\/#\/schema\/person\/729ee0024f24e0b8c5ec17232f8e8b41","name":"admin","image":{"@type":"ImageObject","inLanguage":"fr-FR","@id":"https:\/\/secure.gravatar.com\/avatar\/4c81fed838786e9b53f540bf46533e750f5d292099ae3b66cfc6fb1982e29df7?s=96&d=mm&r=g","url":"https:\/\/secure.gravatar.com\/avatar\/4c81fed838786e9b53f540bf46533e750f5d292099ae3b66cfc6fb1982e29df7?s=96&d=mm&r=g","contentUrl":"https:\/\/secure.gravatar.com\/avatar\/4c81fed838786e9b53f540bf46533e750f5d292099ae3b66cfc6fb1982e29df7?s=96&d=mm&r=g","caption":"admin"},"description":"admin","url":"https:\/\/lasentinelle.dz\/author\/admin\/"}]}},"_links":{"self":[{"href":"https:\/\/lasentinelle.dz\/index.php\/wp-json\/wp\/v2\/posts\/86571","targetHints":{"allow":["GET"]}}],"collection":[{"href":"https:\/\/lasentinelle.dz\/index.php\/wp-json\/wp\/v2\/posts"}],"about":[{"href":"https:\/\/lasentinelle.dz\/index.php\/wp-json\/wp\/v2\/types\/post"}],"author":[{"embeddable":true,"href":"https:\/\/lasentinelle.dz\/index.php\/wp-json\/wp\/v2\/users\/6"}],"replies":[{"embeddable":true,"href":"https:\/\/lasentinelle.dz\/index.php\/wp-json\/wp\/v2\/comments?post=86571"}],"version-history":[{"count":2,"href":"https:\/\/lasentinelle.dz\/index.php\/wp-json\/wp\/v2\/posts\/86571\/revisions"}],"predecessor-version":[{"id":86574,"href":"https:\/\/lasentinelle.dz\/index.php\/wp-json\/wp\/v2\/posts\/86571\/revisions\/86574"}],"wp:featuredmedia":[{"embeddable":true,"href":"https:\/\/lasentinelle.dz\/index.php\/wp-json\/wp\/v2\/media\/86572"}],"wp:attachment":[{"href":"https:\/\/lasentinelle.dz\/index.php\/wp-json\/wp\/v2\/media?parent=86571"}],"wp:term":[{"taxonomy":"category","embeddable":true,"href":"https:\/\/lasentinelle.dz\/index.php\/wp-json\/wp\/v2\/categories?post=86571"},{"taxonomy":"post_tag","embeddable":true,"href":"https:\/\/lasentinelle.dz\/index.php\/wp-json\/wp\/v2\/tags?post=86571"}],"curies":[{"name":"wp","href":"https:\/\/api.w.org\/{rel}","templated":true}]}}