{"id":86575,"date":"2026-04-27T20:15:05","date_gmt":"2026-04-27T19:15:05","guid":{"rendered":"https:\/\/lasentinelle.dz\/?p=86575"},"modified":"2026-04-27T20:15:08","modified_gmt":"2026-04-27T19:15:08","slug":"332-moissonneuses-batteuses-deployees-pour-la-campagne-cerealiere-2025-2026-agrodrive-met-le-paquet","status":"publish","type":"post","link":"https:\/\/lasentinelle.dz\/index.php\/2026\/04\/27\/332-moissonneuses-batteuses-deployees-pour-la-campagne-cerealiere-2025-2026-agrodrive-met-le-paquet\/","title":{"rendered":"332 moissonneuses-batteuses d\u00e9ploy\u00e9es pour la campagne c\u00e9r\u00e9ali\u00e8re 2025-2026\u00a0: AgroDrive met le paquet"},"content":{"rendered":"\n<p>La filiale de m\u00e9canisation du groupe public Agrodiv entre dans la saison des moissons avec des moyens in\u00e9dits : 332 moissonneuses-batteuses d\u00e9ploy\u00e9es dans les wilayas du Sud, 765 camions de transport affect\u00e9s aux centres de collecte, et des \u00e9quipes techniques mobiles quadrillant le terrain. La campagne moisson-battage 2025-2026 est lanc\u00e9e, et l&rsquo;\u00c9tat entend ne laisser aucune r\u00e9colte au hasard. Le minist\u00e8re de l&rsquo;Agriculture, du D\u00e9veloppement rural et de la P\u00eache a d\u00e9taill\u00e9 lundi le dispositif mis en place par la soci\u00e9t\u00e9 AgroDrive, en application, pr\u00e9cise-t-il, des orientations du pr\u00e9sident de la R\u00e9publique Abdelmadjid Tebboune \u00abvisant \u00e0 mettre le mat\u00e9riel n\u00e9cessaire \u00e0 la disposition des agriculteurs\u00bb. L&rsquo;ampleur du d\u00e9ploiement t\u00e9moigne d&rsquo;une volont\u00e9 de rupture avec les campagnes pr\u00e9c\u00e9dentes, marqu\u00e9es par des d\u00e9ficits r\u00e9currents en mat\u00e9riel fonctionnel et des pertes de rendement \u00e9vitables. Le communiqu\u00e9 du minist\u00e8re souligne que la mobilisation des moissonneuses-batteuses publiques est \u00abappuy\u00e9e par les moyens du secteur priv\u00e9\u00bb, une formulation qui signale la compl\u00e9mentarit\u00e9 d\u00e9sormais assum\u00e9e entre les deux sph\u00e8res. Les 765 camions d\u00e9di\u00e9s au transport des r\u00e9coltes vers les centres de collecte constituent, eux, le maillon logistique souvent n\u00e9glig\u00e9 dans les bilans de campagne, mais d\u00e9cisif pour \u00e9viter les pertes post-r\u00e9colte. Cette initiative, note la m\u00eame source, \u00aba suscit\u00e9 une large satisfaction chez les professionnels\u00bb. Au-del\u00e0 du mat\u00e9riel roulant, c&rsquo;est la maintenance qui constitue la v\u00e9ritable innovation op\u00e9rationnelle de cette saison. AgroDrive a d\u00e9ploy\u00e9 des \u00e9quipes techniques mobiles \u00abpour des interventions sur le terrain afin d&rsquo;assurer l&rsquo;entretien du mat\u00e9riel et de garantir la continuit\u00e9 du travail sans interruption tout au long de la campagne de r\u00e9colte\u00bb. Le probl\u00e8me est connu : une moissonneuse en panne au pic de la r\u00e9colte, c&rsquo;est plusieurs hectares perdus. La r\u00e9ponse mobile vise pr\u00e9cis\u00e9ment \u00e0 court-circuiter ce risque.<\/p>\n\n\n\n<p>Le renforcement du parc national de mat\u00e9riel agricole proc\u00e8de \u00e9galement d&rsquo;une logique d&rsquo;investissement structurel. AgroDrive a r\u00e9cemment r\u00e9ceptionn\u00e9 331 moissonneuses-batteuses suppl\u00e9mentaires et 1.800 tracteurs, soit une injection massive dans un parc longtemps vieillissant. Le minist\u00e8re inscrit cet effort dans la dynamique impuls\u00e9e par la cr\u00e9ation du Conseil national de la m\u00e9canisation agricole, qui aura notamment pour mission \u00abde garantir la maintenance des \u00e9quipements et la disponibilit\u00e9 des pi\u00e8ces de rechange\u00bb, un point n\u00e9vralgique dans un secteur o\u00f9 la d\u00e9pendance aux importations de pi\u00e8ces a souvent paralys\u00e9 les \u00e9quipements au pire moment.<\/p>\n\n\n\n<p>La dimension formation, introduite pour la premi\u00e8re fois \u00e0 cette \u00e9chelle, m\u00e9rite une attention particuli\u00e8re. Le minist\u00e8re a organis\u00e9, en coordination avec le secteur de la Formation et de l&rsquo;Enseignement professionnels, des sessions sp\u00e9cialis\u00e9es \u00absur les bonnes pratiques de conduite et d&rsquo;entretien des moissonneuses, au profit des charg\u00e9s de la m\u00e9canisation au niveau des entreprises des secteurs public et priv\u00e9\u00bb. Ces sessions ont concern\u00e9 les conducteurs d&rsquo;engins, les agents de maintenance des Coop\u00e9ratives de c\u00e9r\u00e9ales et de l\u00e9gumes secs (CCLS), et ont \u00abconnu une grande affluence\u00bb. L&rsquo;objectif affich\u00e9 est double : \u00abune ma\u00eetrise optimale des op\u00e9rations de r\u00e9colte et la r\u00e9duction des pertes de rendement\u00bb. La fili\u00e8re c\u00e9r\u00e9ali\u00e8re reste la priorit\u00e9 affich\u00e9e de ce plan de m\u00e9canisation. L&rsquo;Alg\u00e9rie importe annuellement des centaines de milliers de tonnes de bl\u00e9, et toute progression des rendements nationaux \u2014 m\u00eame marginale \u2014 repr\u00e9sente un all\u00e9gement sensible de la facture des importations.<\/p>\n\n\n\n<p>Sabrina Aziouez<\/p>\n","protected":false},"excerpt":{"rendered":"<p>La filiale de m\u00e9canisation du groupe public Agrodiv entre dans la saison des moissons avec des moyens in\u00e9dits : 332<\/p>\n","protected":false},"author":6,"featured_media":34578,"comment_status":"open","ping_status":"closed","sticky":false,"template":"","format":"standard","meta":{"colormag_page_container_layout":"default_layout","colormag_page_sidebar_layout":"default_layout","om_disable_all_campaigns":false,"_monsterinsights_skip_tracking":false,"_monsterinsights_sitenote_active":false,"_monsterinsights_sitenote_note":"","_monsterinsights_sitenote_category":0,"footnotes":"","_wpscppro_dont_share_socialmedia":false,"_wpscppro_custom_social_share_image":0,"_facebook_share_type":"default","_twitter_share_type":"default","_linkedin_share_type":"default","_pinterest_share_type":"default","_linkedin_share_type_page":"","_instagram_share_type":"default","_medium_share_type":"default","_threads_share_type":"default","_google_business_share_type":"default","_selected_social_profile":[],"_wpsp_enable_custom_social_template":false,"_wpsp_social_scheduling":{"enabled":false,"datetime":null,"platforms":[],"status":"template_only","dateOption":"today","timeOption":"now","customDays":"","customHours":"","customDate":"","customTime":"","schedulingType":"absolute"},"_wpsp_active_default_template":true},"categories":[29],"tags":[],"class_list":["post-86575","post","type-post","status-publish","format-standard","has-post-thumbnail","hentry","category-economie"],"aioseo_notices":[],"yoast_head":"<!-- This site is optimized with the Yoast SEO plugin v27.4 - https:\/\/yoast.com\/product\/yoast-seo-wordpress\/ -->\n<title>332 moissonneuses-batteuses d\u00e9ploy\u00e9es pour la campagne c\u00e9r\u00e9ali\u00e8re 2025-2026\u00a0: AgroDrive met le paquet - La Sentinelle<\/title>\n<meta name=\"robots\" content=\"index, follow, max-snippet:-1, max-image-preview:large, max-video-preview:-1\" \/>\n<link rel=\"canonical\" href=\"https:\/\/lasentinelle.dz\/index.php\/2026\/04\/27\/332-moissonneuses-batteuses-deployees-pour-la-campagne-cerealiere-2025-2026-agrodrive-met-le-paquet\/\" \/>\n<meta property=\"og:locale\" content=\"fr_FR\" \/>\n<meta property=\"og:type\" content=\"article\" \/>\n<meta property=\"og:title\" content=\"332 moissonneuses-batteuses d\u00e9ploy\u00e9es pour la campagne c\u00e9r\u00e9ali\u00e8re 2025-2026\u00a0: AgroDrive met le paquet - La Sentinelle\" \/>\n<meta property=\"og:description\" content=\"La filiale de m\u00e9canisation du groupe public Agrodiv entre dans la saison des moissons avec des moyens in\u00e9dits : 332\" \/>\n<meta property=\"og:url\" content=\"https:\/\/lasentinelle.dz\/index.php\/2026\/04\/27\/332-moissonneuses-batteuses-deployees-pour-la-campagne-cerealiere-2025-2026-agrodrive-met-le-paquet\/\" \/>\n<meta property=\"og:site_name\" content=\"La Sentinelle\" \/>\n<meta property=\"article:publisher\" content=\"https:\/\/www.facebook.com\/La-Sentinelle-104059864394773\" \/>\n<meta property=\"article:published_time\" content=\"2026-04-27T19:15:05+00:00\" \/>\n<meta property=\"article:modified_time\" content=\"2026-04-27T19:15:08+00:00\" \/>\n<meta property=\"og:image\" content=\"https:\/\/lasentinelle.dz\/wp-content\/uploads\/2023\/01\/cereales-1.png\" \/>\n\t<meta property=\"og:image:width\" content=\"1391\" \/>\n\t<meta property=\"og:image:height\" content=\"900\" \/>\n\t<meta property=\"og:image:type\" content=\"image\/png\" \/>\n<meta name=\"author\" content=\"admin\" \/>\n<meta name=\"twitter:card\" content=\"summary_large_image\" \/>\n<meta name=\"twitter:label1\" content=\"\u00c9crit par\" \/>\n\t<meta name=\"twitter:data1\" content=\"admin\" \/>\n\t<meta name=\"twitter:label2\" content=\"Dur\u00e9e de lecture estim\u00e9e\" \/>\n\t<meta name=\"twitter:data2\" content=\"3 minutes\" \/>\n<script type=\"application\/ld+json\" class=\"yoast-schema-graph\">{\"@context\":\"https:\\\/\\\/schema.org\",\"@graph\":[{\"@type\":\"Article\",\"@id\":\"https:\\\/\\\/lasentinelle.dz\\\/index.php\\\/2026\\\/04\\\/27\\\/332-moissonneuses-batteuses-deployees-pour-la-campagne-cerealiere-2025-2026-agrodrive-met-le-paquet\\\/#article\",\"isPartOf\":{\"@id\":\"https:\\\/\\\/lasentinelle.dz\\\/index.php\\\/2026\\\/04\\\/27\\\/332-moissonneuses-batteuses-deployees-pour-la-campagne-cerealiere-2025-2026-agrodrive-met-le-paquet\\\/\"},\"author\":{\"name\":\"admin\",\"@id\":\"https:\\\/\\\/lasentinelle.dz\\\/#\\\/schema\\\/person\\\/729ee0024f24e0b8c5ec17232f8e8b41\"},\"headline\":\"332 moissonneuses-batteuses d\u00e9ploy\u00e9es pour la campagne c\u00e9r\u00e9ali\u00e8re 2025-2026\u00a0: AgroDrive met le paquet\",\"datePublished\":\"2026-04-27T19:15:05+00:00\",\"dateModified\":\"2026-04-27T19:15:08+00:00\",\"mainEntityOfPage\":{\"@id\":\"https:\\\/\\\/lasentinelle.dz\\\/index.php\\\/2026\\\/04\\\/27\\\/332-moissonneuses-batteuses-deployees-pour-la-campagne-cerealiere-2025-2026-agrodrive-met-le-paquet\\\/\"},\"wordCount\":631,\"commentCount\":0,\"publisher\":{\"@id\":\"https:\\\/\\\/lasentinelle.dz\\\/#organization\"},\"image\":{\"@id\":\"https:\\\/\\\/lasentinelle.dz\\\/index.php\\\/2026\\\/04\\\/27\\\/332-moissonneuses-batteuses-deployees-pour-la-campagne-cerealiere-2025-2026-agrodrive-met-le-paquet\\\/#primaryimage\"},\"thumbnailUrl\":\"https:\\\/\\\/lasentinelle.dz\\\/wp-content\\\/uploads\\\/2023\\\/01\\\/cereales-1.png\",\"articleSection\":[\"\u00c9conomie\"],\"inLanguage\":\"fr-FR\",\"potentialAction\":[{\"@type\":\"CommentAction\",\"name\":\"Comment\",\"target\":[\"https:\\\/\\\/lasentinelle.dz\\\/index.php\\\/2026\\\/04\\\/27\\\/332-moissonneuses-batteuses-deployees-pour-la-campagne-cerealiere-2025-2026-agrodrive-met-le-paquet\\\/#respond\"]}]},{\"@type\":\"WebPage\",\"@id\":\"https:\\\/\\\/lasentinelle.dz\\\/index.php\\\/2026\\\/04\\\/27\\\/332-moissonneuses-batteuses-deployees-pour-la-campagne-cerealiere-2025-2026-agrodrive-met-le-paquet\\\/\",\"url\":\"https:\\\/\\\/lasentinelle.dz\\\/index.php\\\/2026\\\/04\\\/27\\\/332-moissonneuses-batteuses-deployees-pour-la-campagne-cerealiere-2025-2026-agrodrive-met-le-paquet\\\/\",\"name\":\"332 moissonneuses-batteuses d\u00e9ploy\u00e9es pour la campagne c\u00e9r\u00e9ali\u00e8re 2025-2026\u00a0: AgroDrive met le paquet - La Sentinelle\",\"isPartOf\":{\"@id\":\"https:\\\/\\\/lasentinelle.dz\\\/#website\"},\"primaryImageOfPage\":{\"@id\":\"https:\\\/\\\/lasentinelle.dz\\\/index.php\\\/2026\\\/04\\\/27\\\/332-moissonneuses-batteuses-deployees-pour-la-campagne-cerealiere-2025-2026-agrodrive-met-le-paquet\\\/#primaryimage\"},\"image\":{\"@id\":\"https:\\\/\\\/lasentinelle.dz\\\/index.php\\\/2026\\\/04\\\/27\\\/332-moissonneuses-batteuses-deployees-pour-la-campagne-cerealiere-2025-2026-agrodrive-met-le-paquet\\\/#primaryimage\"},\"thumbnailUrl\":\"https:\\\/\\\/lasentinelle.dz\\\/wp-content\\\/uploads\\\/2023\\\/01\\\/cereales-1.png\",\"datePublished\":\"2026-04-27T19:15:05+00:00\",\"dateModified\":\"2026-04-27T19:15:08+00:00\",\"breadcrumb\":{\"@id\":\"https:\\\/\\\/lasentinelle.dz\\\/index.php\\\/2026\\\/04\\\/27\\\/332-moissonneuses-batteuses-deployees-pour-la-campagne-cerealiere-2025-2026-agrodrive-met-le-paquet\\\/#breadcrumb\"},\"inLanguage\":\"fr-FR\",\"potentialAction\":[{\"@type\":\"ReadAction\",\"target\":[\"https:\\\/\\\/lasentinelle.dz\\\/index.php\\\/2026\\\/04\\\/27\\\/332-moissonneuses-batteuses-deployees-pour-la-campagne-cerealiere-2025-2026-agrodrive-met-le-paquet\\\/\"]}]},{\"@type\":\"ImageObject\",\"inLanguage\":\"fr-FR\",\"@id\":\"https:\\\/\\\/lasentinelle.dz\\\/index.php\\\/2026\\\/04\\\/27\\\/332-moissonneuses-batteuses-deployees-pour-la-campagne-cerealiere-2025-2026-agrodrive-met-le-paquet\\\/#primaryimage\",\"url\":\"https:\\\/\\\/lasentinelle.dz\\\/wp-content\\\/uploads\\\/2023\\\/01\\\/cereales-1.png\",\"contentUrl\":\"https:\\\/\\\/lasentinelle.dz\\\/wp-content\\\/uploads\\\/2023\\\/01\\\/cereales-1.png\",\"width\":1391,\"height\":900},{\"@type\":\"BreadcrumbList\",\"@id\":\"https:\\\/\\\/lasentinelle.dz\\\/index.php\\\/2026\\\/04\\\/27\\\/332-moissonneuses-batteuses-deployees-pour-la-campagne-cerealiere-2025-2026-agrodrive-met-le-paquet\\\/#breadcrumb\",\"itemListElement\":[{\"@type\":\"ListItem\",\"position\":1,\"name\":\"Accueil\",\"item\":\"https:\\\/\\\/lasentinelle.dz\\\/\"},{\"@type\":\"ListItem\",\"position\":2,\"name\":\"332 moissonneuses-batteuses d\u00e9ploy\u00e9es pour la campagne c\u00e9r\u00e9ali\u00e8re 2025-2026\u00a0: AgroDrive met le paquet\"}]},{\"@type\":\"WebSite\",\"@id\":\"https:\\\/\\\/lasentinelle.dz\\\/#website\",\"url\":\"https:\\\/\\\/lasentinelle.dz\\\/\",\"name\":\"La Sentinelle\",\"description\":\"Quotidien national d&#039;information\",\"publisher\":{\"@id\":\"https:\\\/\\\/lasentinelle.dz\\\/#organization\"},\"potentialAction\":[{\"@type\":\"SearchAction\",\"target\":{\"@type\":\"EntryPoint\",\"urlTemplate\":\"https:\\\/\\\/lasentinelle.dz\\\/?s={search_term_string}\"},\"query-input\":{\"@type\":\"PropertyValueSpecification\",\"valueRequired\":true,\"valueName\":\"search_term_string\"}}],\"inLanguage\":\"fr-FR\"},{\"@type\":\"Organization\",\"@id\":\"https:\\\/\\\/lasentinelle.dz\\\/#organization\",\"name\":\"Quotidien La Sentinelle\",\"url\":\"https:\\\/\\\/lasentinelle.dz\\\/\",\"logo\":{\"@type\":\"ImageObject\",\"inLanguage\":\"fr-FR\",\"@id\":\"https:\\\/\\\/lasentinelle.dz\\\/#\\\/schema\\\/logo\\\/image\\\/\",\"url\":\"https:\\\/\\\/lasentinelle.dz\\\/wp-content\\\/uploads\\\/2021\\\/09\\\/logo-sentinelleSLOGAN-1.png\",\"contentUrl\":\"https:\\\/\\\/lasentinelle.dz\\\/wp-content\\\/uploads\\\/2021\\\/09\\\/logo-sentinelleSLOGAN-1.png\",\"width\":615,\"height\":142,\"caption\":\"Quotidien La Sentinelle\"},\"image\":{\"@id\":\"https:\\\/\\\/lasentinelle.dz\\\/#\\\/schema\\\/logo\\\/image\\\/\"},\"sameAs\":[\"https:\\\/\\\/www.facebook.com\\\/La-Sentinelle-104059864394773\"]},{\"@type\":\"Person\",\"@id\":\"https:\\\/\\\/lasentinelle.dz\\\/#\\\/schema\\\/person\\\/729ee0024f24e0b8c5ec17232f8e8b41\",\"name\":\"admin\",\"image\":{\"@type\":\"ImageObject\",\"inLanguage\":\"fr-FR\",\"@id\":\"https:\\\/\\\/secure.gravatar.com\\\/avatar\\\/4c81fed838786e9b53f540bf46533e750f5d292099ae3b66cfc6fb1982e29df7?s=96&d=mm&r=g\",\"url\":\"https:\\\/\\\/secure.gravatar.com\\\/avatar\\\/4c81fed838786e9b53f540bf46533e750f5d292099ae3b66cfc6fb1982e29df7?s=96&d=mm&r=g\",\"contentUrl\":\"https:\\\/\\\/secure.gravatar.com\\\/avatar\\\/4c81fed838786e9b53f540bf46533e750f5d292099ae3b66cfc6fb1982e29df7?s=96&d=mm&r=g\",\"caption\":\"admin\"},\"description\":\"admin\",\"url\":\"https:\\\/\\\/lasentinelle.dz\\\/author\\\/admin\\\/\"}]}<\/script>\n<!-- \/ Yoast SEO plugin. -->","yoast_head_json":{"title":"332 moissonneuses-batteuses d\u00e9ploy\u00e9es pour la campagne c\u00e9r\u00e9ali\u00e8re 2025-2026\u00a0: AgroDrive met le paquet - La Sentinelle","robots":{"index":"index","follow":"follow","max-snippet":"max-snippet:-1","max-image-preview":"max-image-preview:large","max-video-preview":"max-video-preview:-1"},"canonical":"https:\/\/lasentinelle.dz\/index.php\/2026\/04\/27\/332-moissonneuses-batteuses-deployees-pour-la-campagne-cerealiere-2025-2026-agrodrive-met-le-paquet\/","og_locale":"fr_FR","og_type":"article","og_title":"332 moissonneuses-batteuses d\u00e9ploy\u00e9es pour la campagne c\u00e9r\u00e9ali\u00e8re 2025-2026\u00a0: AgroDrive met le paquet - La Sentinelle","og_description":"La filiale de m\u00e9canisation du groupe public Agrodiv entre dans la saison des moissons avec des moyens in\u00e9dits : 332","og_url":"https:\/\/lasentinelle.dz\/index.php\/2026\/04\/27\/332-moissonneuses-batteuses-deployees-pour-la-campagne-cerealiere-2025-2026-agrodrive-met-le-paquet\/","og_site_name":"La Sentinelle","article_publisher":"https:\/\/www.facebook.com\/La-Sentinelle-104059864394773","article_published_time":"2026-04-27T19:15:05+00:00","article_modified_time":"2026-04-27T19:15:08+00:00","og_image":[{"width":1391,"height":900,"url":"https:\/\/lasentinelle.dz\/wp-content\/uploads\/2023\/01\/cereales-1.png","type":"image\/png"}],"author":"admin","twitter_card":"summary_large_image","twitter_misc":{"\u00c9crit par":"admin","Dur\u00e9e de lecture estim\u00e9e":"3 minutes"},"schema":{"@context":"https:\/\/schema.org","@graph":[{"@type":"Article","@id":"https:\/\/lasentinelle.dz\/index.php\/2026\/04\/27\/332-moissonneuses-batteuses-deployees-pour-la-campagne-cerealiere-2025-2026-agrodrive-met-le-paquet\/#article","isPartOf":{"@id":"https:\/\/lasentinelle.dz\/index.php\/2026\/04\/27\/332-moissonneuses-batteuses-deployees-pour-la-campagne-cerealiere-2025-2026-agrodrive-met-le-paquet\/"},"author":{"name":"admin","@id":"https:\/\/lasentinelle.dz\/#\/schema\/person\/729ee0024f24e0b8c5ec17232f8e8b41"},"headline":"332 moissonneuses-batteuses d\u00e9ploy\u00e9es pour la campagne c\u00e9r\u00e9ali\u00e8re 2025-2026\u00a0: AgroDrive met le paquet","datePublished":"2026-04-27T19:15:05+00:00","dateModified":"2026-04-27T19:15:08+00:00","mainEntityOfPage":{"@id":"https:\/\/lasentinelle.dz\/index.php\/2026\/04\/27\/332-moissonneuses-batteuses-deployees-pour-la-campagne-cerealiere-2025-2026-agrodrive-met-le-paquet\/"},"wordCount":631,"commentCount":0,"publisher":{"@id":"https:\/\/lasentinelle.dz\/#organization"},"image":{"@id":"https:\/\/lasentinelle.dz\/index.php\/2026\/04\/27\/332-moissonneuses-batteuses-deployees-pour-la-campagne-cerealiere-2025-2026-agrodrive-met-le-paquet\/#primaryimage"},"thumbnailUrl":"https:\/\/lasentinelle.dz\/wp-content\/uploads\/2023\/01\/cereales-1.png","articleSection":["\u00c9conomie"],"inLanguage":"fr-FR","potentialAction":[{"@type":"CommentAction","name":"Comment","target":["https:\/\/lasentinelle.dz\/index.php\/2026\/04\/27\/332-moissonneuses-batteuses-deployees-pour-la-campagne-cerealiere-2025-2026-agrodrive-met-le-paquet\/#respond"]}]},{"@type":"WebPage","@id":"https:\/\/lasentinelle.dz\/index.php\/2026\/04\/27\/332-moissonneuses-batteuses-deployees-pour-la-campagne-cerealiere-2025-2026-agrodrive-met-le-paquet\/","url":"https:\/\/lasentinelle.dz\/index.php\/2026\/04\/27\/332-moissonneuses-batteuses-deployees-pour-la-campagne-cerealiere-2025-2026-agrodrive-met-le-paquet\/","name":"332 moissonneuses-batteuses d\u00e9ploy\u00e9es pour la campagne c\u00e9r\u00e9ali\u00e8re 2025-2026\u00a0: AgroDrive met le paquet - La Sentinelle","isPartOf":{"@id":"https:\/\/lasentinelle.dz\/#website"},"primaryImageOfPage":{"@id":"https:\/\/lasentinelle.dz\/index.php\/2026\/04\/27\/332-moissonneuses-batteuses-deployees-pour-la-campagne-cerealiere-2025-2026-agrodrive-met-le-paquet\/#primaryimage"},"image":{"@id":"https:\/\/lasentinelle.dz\/index.php\/2026\/04\/27\/332-moissonneuses-batteuses-deployees-pour-la-campagne-cerealiere-2025-2026-agrodrive-met-le-paquet\/#primaryimage"},"thumbnailUrl":"https:\/\/lasentinelle.dz\/wp-content\/uploads\/2023\/01\/cereales-1.png","datePublished":"2026-04-27T19:15:05+00:00","dateModified":"2026-04-27T19:15:08+00:00","breadcrumb":{"@id":"https:\/\/lasentinelle.dz\/index.php\/2026\/04\/27\/332-moissonneuses-batteuses-deployees-pour-la-campagne-cerealiere-2025-2026-agrodrive-met-le-paquet\/#breadcrumb"},"inLanguage":"fr-FR","potentialAction":[{"@type":"ReadAction","target":["https:\/\/lasentinelle.dz\/index.php\/2026\/04\/27\/332-moissonneuses-batteuses-deployees-pour-la-campagne-cerealiere-2025-2026-agrodrive-met-le-paquet\/"]}]},{"@type":"ImageObject","inLanguage":"fr-FR","@id":"https:\/\/lasentinelle.dz\/index.php\/2026\/04\/27\/332-moissonneuses-batteuses-deployees-pour-la-campagne-cerealiere-2025-2026-agrodrive-met-le-paquet\/#primaryimage","url":"https:\/\/lasentinelle.dz\/wp-content\/uploads\/2023\/01\/cereales-1.png","contentUrl":"https:\/\/lasentinelle.dz\/wp-content\/uploads\/2023\/01\/cereales-1.png","width":1391,"height":900},{"@type":"BreadcrumbList","@id":"https:\/\/lasentinelle.dz\/index.php\/2026\/04\/27\/332-moissonneuses-batteuses-deployees-pour-la-campagne-cerealiere-2025-2026-agrodrive-met-le-paquet\/#breadcrumb","itemListElement":[{"@type":"ListItem","position":1,"name":"Accueil","item":"https:\/\/lasentinelle.dz\/"},{"@type":"ListItem","position":2,"name":"332 moissonneuses-batteuses d\u00e9ploy\u00e9es pour la campagne c\u00e9r\u00e9ali\u00e8re 2025-2026\u00a0: AgroDrive met le paquet"}]},{"@type":"WebSite","@id":"https:\/\/lasentinelle.dz\/#website","url":"https:\/\/lasentinelle.dz\/","name":"La Sentinelle","description":"Quotidien national d&#039;information","publisher":{"@id":"https:\/\/lasentinelle.dz\/#organization"},"potentialAction":[{"@type":"SearchAction","target":{"@type":"EntryPoint","urlTemplate":"https:\/\/lasentinelle.dz\/?s={search_term_string}"},"query-input":{"@type":"PropertyValueSpecification","valueRequired":true,"valueName":"search_term_string"}}],"inLanguage":"fr-FR"},{"@type":"Organization","@id":"https:\/\/lasentinelle.dz\/#organization","name":"Quotidien La Sentinelle","url":"https:\/\/lasentinelle.dz\/","logo":{"@type":"ImageObject","inLanguage":"fr-FR","@id":"https:\/\/lasentinelle.dz\/#\/schema\/logo\/image\/","url":"https:\/\/lasentinelle.dz\/wp-content\/uploads\/2021\/09\/logo-sentinelleSLOGAN-1.png","contentUrl":"https:\/\/lasentinelle.dz\/wp-content\/uploads\/2021\/09\/logo-sentinelleSLOGAN-1.png","width":615,"height":142,"caption":"Quotidien La Sentinelle"},"image":{"@id":"https:\/\/lasentinelle.dz\/#\/schema\/logo\/image\/"},"sameAs":["https:\/\/www.facebook.com\/La-Sentinelle-104059864394773"]},{"@type":"Person","@id":"https:\/\/lasentinelle.dz\/#\/schema\/person\/729ee0024f24e0b8c5ec17232f8e8b41","name":"admin","image":{"@type":"ImageObject","inLanguage":"fr-FR","@id":"https:\/\/secure.gravatar.com\/avatar\/4c81fed838786e9b53f540bf46533e750f5d292099ae3b66cfc6fb1982e29df7?s=96&d=mm&r=g","url":"https:\/\/secure.gravatar.com\/avatar\/4c81fed838786e9b53f540bf46533e750f5d292099ae3b66cfc6fb1982e29df7?s=96&d=mm&r=g","contentUrl":"https:\/\/secure.gravatar.com\/avatar\/4c81fed838786e9b53f540bf46533e750f5d292099ae3b66cfc6fb1982e29df7?s=96&d=mm&r=g","caption":"admin"},"description":"admin","url":"https:\/\/lasentinelle.dz\/author\/admin\/"}]}},"_links":{"self":[{"href":"https:\/\/lasentinelle.dz\/index.php\/wp-json\/wp\/v2\/posts\/86575","targetHints":{"allow":["GET"]}}],"collection":[{"href":"https:\/\/lasentinelle.dz\/index.php\/wp-json\/wp\/v2\/posts"}],"about":[{"href":"https:\/\/lasentinelle.dz\/index.php\/wp-json\/wp\/v2\/types\/post"}],"author":[{"embeddable":true,"href":"https:\/\/lasentinelle.dz\/index.php\/wp-json\/wp\/v2\/users\/6"}],"replies":[{"embeddable":true,"href":"https:\/\/lasentinelle.dz\/index.php\/wp-json\/wp\/v2\/comments?post=86575"}],"version-history":[{"count":1,"href":"https:\/\/lasentinelle.dz\/index.php\/wp-json\/wp\/v2\/posts\/86575\/revisions"}],"predecessor-version":[{"id":86576,"href":"https:\/\/lasentinelle.dz\/index.php\/wp-json\/wp\/v2\/posts\/86575\/revisions\/86576"}],"wp:featuredmedia":[{"embeddable":true,"href":"https:\/\/lasentinelle.dz\/index.php\/wp-json\/wp\/v2\/media\/34578"}],"wp:attachment":[{"href":"https:\/\/lasentinelle.dz\/index.php\/wp-json\/wp\/v2\/media?parent=86575"}],"wp:term":[{"taxonomy":"category","embeddable":true,"href":"https:\/\/lasentinelle.dz\/index.php\/wp-json\/wp\/v2\/categories?post=86575"},{"taxonomy":"post_tag","embeddable":true,"href":"https:\/\/lasentinelle.dz\/index.php\/wp-json\/wp\/v2\/tags?post=86575"}],"curies":[{"name":"wp","href":"https:\/\/api.w.org\/{rel}","templated":true}]}}